{"id":104416,"date":"2023-04-20T13:27:50","date_gmt":"2023-04-20T16:27:50","guid":{"rendered":"https:\/\/redenoticiaz.com.br\/litoralsp\/?p=104416"},"modified":"2023-04-20T13:27:50","modified_gmt":"2023-04-20T16:27:50","slug":"comercio-de-vicente-de-carvalho-tera-reforco-na-seguranca-com-operacao-dia-das-maes","status":"publish","type":"post","link":"https:\/\/redenoticiaz.com.br\/litoralsp\/2023\/04\/20\/comercio-de-vicente-de-carvalho-tera-reforco-na-seguranca-com-operacao-dia-das-maes","title":{"rendered":"Com\u00e9rcio de Vicente de Carvalho ter\u00e1 refor\u00e7o na seguran\u00e7a com Opera\u00e7\u00e3o Dia das M\u00e3es"},"content":{"rendered":"<p>O com\u00e9rcio pujante de Vicente de Carvalho ter\u00e1 refor\u00e7o na seguran\u00e7a em suas \u00e1reas comerciais, com a Opera\u00e7\u00e3o Dia das M\u00e3es.<\/p>\n<p>De acordo com as informa\u00e7\u00f5es, a Opera\u00e7\u00e3o Dia das M\u00e3es come\u00e7a no dia 3 de maio e prosseguir\u00e1 at\u00e9 o dia 14, das 6 \u00e0s 23 horas. O objetivo \u00e9 garantir ordenamento e tranquilidade para comerciantes e consumidores que v\u00e3o \u00e0s compras neste per\u00edodo. Coordenada pela Secretaria Municipal de Defesa e Conviv\u00eancia Social (Sedecon), a Opera\u00e7\u00e3o tem a participa\u00e7\u00e3o da Guarda Civil Municipal (GCM), das equipes de patrulha e Ronda Ostensiva Municipal (ROMU), For\u00e7a-Tarefa, fiscaliza\u00e7\u00e3o e tem ainda o apoio da Pol\u00edcia Militar.<\/p>\n<p>Ainda de acordo com as informa\u00e7\u00f5es, com isso, a Prefeitura atuar\u00e1 em locais estrat\u00e9gicos, como pontos de estacionamento, desde as esta\u00e7\u00f5es das barcas, pontos de \u00f4nibus e locais de grande fluxo. A GCM atuar\u00e1 com apoio de motos, viaturas e bikes.<\/p>\n<p>Sendo assim, os patrulhamentos ocorrer\u00e3o nos principais corredores, entre eles, as avenidas Santos Dumont, Oswaldo Cruz, Thiago Ferreira e adjac\u00eancias, Presidente Vargas e Pra\u00e7a 14 Bis.<\/p>\n<p>Um \u00f4nibus da Guarda tamb\u00e9m dever\u00e1 compor o quadro da seguran\u00e7a pelo Distrito nas pr\u00f3ximas semanas. Al\u00e9m disso, desde a \u00faltima ter\u00e7a-feira (18), a Prefeitura j\u00e1 refor\u00e7ou o patrulhamento no com\u00e9rcio do Distrito, com viatura fixa e bikes.<\/p>\n<p>Leia mais<\/p>\n<p><a href=\"https:\/\/redenoticiaz.com.br\/litoralsp\/2023\/04\/13\/projeto-para-aumentar-numero-de-vereadores-no-guaruja-e-aprovado-em-primeira-discussao\">Projeto para aumentar n\u00famero de vereadores no Guaruj\u00e1 \u00e9 aprovado em primeira discuss\u00e3o<\/a><\/p>\n","protected":false},"excerpt":{"rendered":"<p>O com\u00e9rcio pujante de Vicente de Carvalho ter\u00e1 refor\u00e7o na seguran\u00e7a em suas \u00e1reas comerciais, com a Opera\u00e7\u00e3o Dia das M\u00e3es. De acordo com as informa\u00e7\u00f5es, a Opera\u00e7\u00e3o Dia das M\u00e3es come\u00e7a no dia 3 de maio e prosseguir\u00e1 at\u00e9 o dia 14, das 6 \u00e0s 23 horas. O objetivo \u00e9 garantir ordenamento e tranquilidade &hellip;<\/p>\n","protected":false},"author":12,"featured_media":104417,"comment_status":"open","ping_status":"closed","sticky":false,"template":"","format":"standard","meta":{"footnotes":""},"categories":[187],"tags":[100,21706,11384,10878],"class_list":["post-104416","post","type-post","status-publish","format-standard","has-post-thumbnail","hentry","category-guaruja","tag-comercio","tag-dia-das-maes","tag-seguranca","tag-vicente-de-carvalho"],"yoast_head":"<!-- This site is optimized with the Yoast SEO plugin v27.5 - https:\/\/yoast.com\/product\/yoast-seo-wordpress\/ -->\n<title>Com\u00e9rcio de Vicente de Carvalho ter\u00e1 refor\u00e7o na seguran\u00e7a com Opera\u00e7\u00e3o Dia das M\u00e3es - Litoral SP<\/title>\n<meta name=\"description\" content=\"O com\u00e9rcio pujante de Vicente de Carvalho ter\u00e1 refor\u00e7o na seguran\u00e7a em suas \u00e1reas comerciais, com a Opera\u00e7\u00e3o Dia das M\u00e3es.\" \/>\n<meta name=\"robots\" content=\"index, follow, max-snippet:-1, max-image-preview:large, max-video-preview:-1\" \/>\n<link rel=\"canonical\" href=\"https:\/\/redenoticiaz.com.br\/litoralsp\/2023\/04\/20\/comercio-de-vicente-de-carvalho-tera-reforco-na-seguranca-com-operacao-dia-das-maes\" \/>\n<meta property=\"og:locale\" content=\"pt_BR\" \/>\n<meta property=\"og:type\" content=\"article\" \/>\n<meta property=\"og:title\" content=\"Com\u00e9rcio de Vicente de Carvalho ter\u00e1 refor\u00e7o na seguran\u00e7a com Opera\u00e7\u00e3o Dia das M\u00e3es - Litoral SP\" \/>\n<meta property=\"og:description\" content=\"O com\u00e9rcio pujante de Vicente de Carvalho ter\u00e1 refor\u00e7o na seguran\u00e7a em suas \u00e1reas comerciais, com a Opera\u00e7\u00e3o Dia das M\u00e3es.\" \/>\n<meta property=\"og:url\" content=\"https:\/\/redenoticiaz.com.br\/litoralsp\/2023\/04\/20\/comercio-de-vicente-de-carvalho-tera-reforco-na-seguranca-com-operacao-dia-das-maes\" \/>\n<meta property=\"og:site_name\" content=\"Litoral SP\" \/>\n<meta property=\"article:published_time\" content=\"2023-04-20T16:27:50+00:00\" \/>\n<meta property=\"og:image\" content=\"https:\/\/redenoticiaz.com.br\/litoralsp\/wp-content\/uploads\/sites\/3\/2023\/04\/52829690894_4a017b395a_k-scaled.jpg\" \/>\n\t<meta property=\"og:image:width\" content=\"1918\" \/>\n\t<meta property=\"og:image:height\" content=\"1080\" \/>\n\t<meta property=\"og:image:type\" content=\"image\/jpeg\" \/>\n<meta name=\"author\" content=\"Gustavo Silva\" \/>\n<meta name=\"twitter:card\" content=\"summary_large_image\" \/>\n<meta name=\"twitter:label1\" content=\"Escrito por\" \/>\n\t<meta name=\"twitter:data1\" content=\"Gustavo Silva\" \/>\n\t<meta name=\"twitter:label2\" content=\"Est. tempo de leitura\" \/>\n\t<meta name=\"twitter:data2\" content=\"2 minutos\" \/>\n<script type=\"application\/ld+json\" class=\"yoast-schema-graph\">{\"@context\":\"https:\\\/\\\/schema.org\",\"@graph\":[{\"@type\":\"Article\",\"@id\":\"https:\\\/\\\/redenoticiaz.com.br\\\/litoralsp\\\/2023\\\/04\\\/20\\\/comercio-de-vicente-de-carvalho-tera-reforco-na-seguranca-com-operacao-dia-das-maes#article\",\"isPartOf\":{\"@id\":\"https:\\\/\\\/redenoticiaz.com.br\\\/litoralsp\\\/2023\\\/04\\\/20\\\/comercio-de-vicente-de-carvalho-tera-reforco-na-seguranca-com-operacao-dia-das-maes\"},\"author\":{\"name\":\"Gustavo Silva\",\"@id\":\"https:\\\/\\\/redenoticiaz.com.br\\\/litoralsp\\\/#\\\/schema\\\/person\\\/16057b37a3c0ee6b096d7f887c566e2e\"},\"headline\":\"Com\u00e9rcio de Vicente de Carvalho ter\u00e1 refor\u00e7o na seguran\u00e7a com Opera\u00e7\u00e3o Dia das M\u00e3es\",\"datePublished\":\"2023-04-20T16:27:50+00:00\",\"mainEntityOfPage\":{\"@id\":\"https:\\\/\\\/redenoticiaz.com.br\\\/litoralsp\\\/2023\\\/04\\\/20\\\/comercio-de-vicente-de-carvalho-tera-reforco-na-seguranca-com-operacao-dia-das-maes\"},\"wordCount\":267,\"commentCount\":0,\"publisher\":{\"@id\":\"https:\\\/\\\/redenoticiaz.com.br\\\/litoralsp\\\/#organization\"},\"image\":{\"@id\":\"https:\\\/\\\/redenoticiaz.com.br\\\/litoralsp\\\/2023\\\/04\\\/20\\\/comercio-de-vicente-de-carvalho-tera-reforco-na-seguranca-com-operacao-dia-das-maes#primaryimage\"},\"thumbnailUrl\":\"https:\\\/\\\/redenoticiaz.com.br\\\/litoralsp\\\/wp-content\\\/uploads\\\/sites\\\/3\\\/2023\\\/04\\\/52829690894_4a017b395a_k-scaled.jpg\",\"keywords\":[\"com\u00e9rcio\",\"DIA DAS M\u00c3ES\",\"seguran\u00e7a\",\"VICENTE DE CARVALHO\"],\"articleSection\":[\"Guaruj\u00e1\"],\"inLanguage\":\"pt-BR\",\"potentialAction\":[{\"@type\":\"CommentAction\",\"name\":\"Comment\",\"target\":[\"https:\\\/\\\/redenoticiaz.com.br\\\/litoralsp\\\/2023\\\/04\\\/20\\\/comercio-de-vicente-de-carvalho-tera-reforco-na-seguranca-com-operacao-dia-das-maes#respond\"]}]},{\"@type\":\"WebPage\",\"@id\":\"https:\\\/\\\/redenoticiaz.com.br\\\/litoralsp\\\/2023\\\/04\\\/20\\\/comercio-de-vicente-de-carvalho-tera-reforco-na-seguranca-com-operacao-dia-das-maes\",\"url\":\"https:\\\/\\\/redenoticiaz.com.br\\\/litoralsp\\\/2023\\\/04\\\/20\\\/comercio-de-vicente-de-carvalho-tera-reforco-na-seguranca-com-operacao-dia-das-maes\",\"name\":\"Com\u00e9rcio de Vicente de Carvalho ter\u00e1 refor\u00e7o na seguran\u00e7a com Opera\u00e7\u00e3o Dia das M\u00e3es - Litoral SP\",\"isPartOf\":{\"@id\":\"https:\\\/\\\/redenoticiaz.com.br\\\/litoralsp\\\/#website\"},\"primaryImageOfPage\":{\"@id\":\"https:\\\/\\\/redenoticiaz.com.br\\\/litoralsp\\\/2023\\\/04\\\/20\\\/comercio-de-vicente-de-carvalho-tera-reforco-na-seguranca-com-operacao-dia-das-maes#primaryimage\"},\"image\":{\"@id\":\"https:\\\/\\\/redenoticiaz.com.br\\\/litoralsp\\\/2023\\\/04\\\/20\\\/comercio-de-vicente-de-carvalho-tera-reforco-na-seguranca-com-operacao-dia-das-maes#primaryimage\"},\"thumbnailUrl\":\"https:\\\/\\\/redenoticiaz.com.br\\\/litoralsp\\\/wp-content\\\/uploads\\\/sites\\\/3\\\/2023\\\/04\\\/52829690894_4a017b395a_k-scaled.jpg\",\"datePublished\":\"2023-04-20T16:27:50+00:00\",\"description\":\"O com\u00e9rcio pujante de Vicente de Carvalho ter\u00e1 refor\u00e7o na seguran\u00e7a em suas \u00e1reas comerciais, com a Opera\u00e7\u00e3o Dia das M\u00e3es.\",\"inLanguage\":\"pt-BR\",\"potentialAction\":[{\"@type\":\"ReadAction\",\"target\":[\"https:\\\/\\\/redenoticiaz.com.br\\\/litoralsp\\\/2023\\\/04\\\/20\\\/comercio-de-vicente-de-carvalho-tera-reforco-na-seguranca-com-operacao-dia-das-maes\"]}]},{\"@type\":\"ImageObject\",\"inLanguage\":\"pt-BR\",\"@id\":\"https:\\\/\\\/redenoticiaz.com.br\\\/litoralsp\\\/2023\\\/04\\\/20\\\/comercio-de-vicente-de-carvalho-tera-reforco-na-seguranca-com-operacao-dia-das-maes#primaryimage\",\"url\":\"https:\\\/\\\/redenoticiaz.com.br\\\/litoralsp\\\/wp-content\\\/uploads\\\/sites\\\/3\\\/2023\\\/04\\\/52829690894_4a017b395a_k-scaled.jpg\",\"contentUrl\":\"https:\\\/\\\/redenoticiaz.com.br\\\/litoralsp\\\/wp-content\\\/uploads\\\/sites\\\/3\\\/2023\\\/04\\\/52829690894_4a017b395a_k-scaled.jpg\",\"width\":1918,\"height\":1080,\"caption\":\"Com\u00e9rcio de Vicente de Carvalho ter\u00e1 refor\u00e7o na seguran\u00e7a com Opera\u00e7\u00e3o Dia das M\u00e3es\"},{\"@type\":\"WebSite\",\"@id\":\"https:\\\/\\\/redenoticiaz.com.br\\\/litoralsp\\\/#website\",\"url\":\"https:\\\/\\\/redenoticiaz.com.br\\\/litoralsp\\\/\",\"name\":\"Litoral SP\",\"description\":\"Rede NoticiaZ\",\"publisher\":{\"@id\":\"https:\\\/\\\/redenoticiaz.com.br\\\/litoralsp\\\/#organization\"},\"potentialAction\":[{\"@type\":\"SearchAction\",\"target\":{\"@type\":\"EntryPoint\",\"urlTemplate\":\"https:\\\/\\\/redenoticiaz.com.br\\\/litoralsp\\\/?s={search_term_string}\"},\"query-input\":{\"@type\":\"PropertyValueSpecification\",\"valueRequired\":true,\"valueName\":\"search_term_string\"}}],\"inLanguage\":\"pt-BR\"},{\"@type\":\"Organization\",\"@id\":\"https:\\\/\\\/redenoticiaz.com.br\\\/litoralsp\\\/#organization\",\"name\":\"Litoral SP\",\"url\":\"https:\\\/\\\/redenoticiaz.com.br\\\/litoralsp\\\/\",\"logo\":{\"@type\":\"ImageObject\",\"inLanguage\":\"pt-BR\",\"@id\":\"https:\\\/\\\/redenoticiaz.com.br\\\/litoralsp\\\/#\\\/schema\\\/logo\\\/image\\\/\",\"url\":\"https:\\\/\\\/redenoticiaz.com.br\\\/litoralsp\\\/wp-content\\\/uploads\\\/sites\\\/3\\\/2020\\\/11\\\/logo.jpg\",\"contentUrl\":\"https:\\\/\\\/redenoticiaz.com.br\\\/litoralsp\\\/wp-content\\\/uploads\\\/sites\\\/3\\\/2020\\\/11\\\/logo.jpg\",\"width\":400,\"height\":250,\"caption\":\"Litoral SP\"},\"image\":{\"@id\":\"https:\\\/\\\/redenoticiaz.com.br\\\/litoralsp\\\/#\\\/schema\\\/logo\\\/image\\\/\"}},{\"@type\":\"Person\",\"@id\":\"https:\\\/\\\/redenoticiaz.com.br\\\/litoralsp\\\/#\\\/schema\\\/person\\\/16057b37a3c0ee6b096d7f887c566e2e\",\"name\":\"Gustavo Silva\",\"image\":{\"@type\":\"ImageObject\",\"inLanguage\":\"pt-BR\",\"@id\":\"https:\\\/\\\/secure.gravatar.com\\\/avatar\\\/3ee4e82f93b26de0a7cf4ea5eb7893da637ed6bb0c9170c58065944c56e28a33?s=96&d=mm&r=g\",\"url\":\"https:\\\/\\\/secure.gravatar.com\\\/avatar\\\/3ee4e82f93b26de0a7cf4ea5eb7893da637ed6bb0c9170c58065944c56e28a33?s=96&d=mm&r=g\",\"contentUrl\":\"https:\\\/\\\/secure.gravatar.com\\\/avatar\\\/3ee4e82f93b26de0a7cf4ea5eb7893da637ed6bb0c9170c58065944c56e28a33?s=96&d=mm&r=g\",\"caption\":\"Gustavo Silva\"},\"url\":\"https:\\\/\\\/redenoticiaz.com.br\\\/litoralsp\\\/author\\\/gustavosilva\"}]}<\/script>\n<!-- \/ Yoast SEO plugin. -->","yoast_head_json":{"title":"Com\u00e9rcio de Vicente de Carvalho ter\u00e1 refor\u00e7o na seguran\u00e7a com Opera\u00e7\u00e3o Dia das M\u00e3es - Litoral SP","description":"O com\u00e9rcio pujante de Vicente de Carvalho ter\u00e1 refor\u00e7o na seguran\u00e7a em suas \u00e1reas comerciais, com a Opera\u00e7\u00e3o Dia das M\u00e3es.","robots":{"index":"index","follow":"follow","max-snippet":"max-snippet:-1","max-image-preview":"max-image-preview:large","max-video-preview":"max-video-preview:-1"},"canonical":"https:\/\/redenoticiaz.com.br\/litoralsp\/2023\/04\/20\/comercio-de-vicente-de-carvalho-tera-reforco-na-seguranca-com-operacao-dia-das-maes","og_locale":"pt_BR","og_type":"article","og_title":"Com\u00e9rcio de Vicente de Carvalho ter\u00e1 refor\u00e7o na seguran\u00e7a com Opera\u00e7\u00e3o Dia das M\u00e3es - Litoral SP","og_description":"O com\u00e9rcio pujante de Vicente de Carvalho ter\u00e1 refor\u00e7o na seguran\u00e7a em suas \u00e1reas comerciais, com a Opera\u00e7\u00e3o Dia das M\u00e3es.","og_url":"https:\/\/redenoticiaz.com.br\/litoralsp\/2023\/04\/20\/comercio-de-vicente-de-carvalho-tera-reforco-na-seguranca-com-operacao-dia-das-maes","og_site_name":"Litoral SP","article_published_time":"2023-04-20T16:27:50+00:00","og_image":[{"width":1918,"height":1080,"url":"https:\/\/redenoticiaz.com.br\/litoralsp\/wp-content\/uploads\/sites\/3\/2023\/04\/52829690894_4a017b395a_k-scaled.jpg","type":"image\/jpeg"}],"author":"Gustavo Silva","twitter_card":"summary_large_image","twitter_misc":{"Escrito por":"Gustavo Silva","Est. tempo de leitura":"2 minutos"},"schema":{"@context":"https:\/\/schema.org","@graph":[{"@type":"Article","@id":"https:\/\/redenoticiaz.com.br\/litoralsp\/2023\/04\/20\/comercio-de-vicente-de-carvalho-tera-reforco-na-seguranca-com-operacao-dia-das-maes#article","isPartOf":{"@id":"https:\/\/redenoticiaz.com.br\/litoralsp\/2023\/04\/20\/comercio-de-vicente-de-carvalho-tera-reforco-na-seguranca-com-operacao-dia-das-maes"},"author":{"name":"Gustavo Silva","@id":"https:\/\/redenoticiaz.com.br\/litoralsp\/#\/schema\/person\/16057b37a3c0ee6b096d7f887c566e2e"},"headline":"Com\u00e9rcio de Vicente de Carvalho ter\u00e1 refor\u00e7o na seguran\u00e7a com Opera\u00e7\u00e3o Dia das M\u00e3es","datePublished":"2023-04-20T16:27:50+00:00","mainEntityOfPage":{"@id":"https:\/\/redenoticiaz.com.br\/litoralsp\/2023\/04\/20\/comercio-de-vicente-de-carvalho-tera-reforco-na-seguranca-com-operacao-dia-das-maes"},"wordCount":267,"commentCount":0,"publisher":{"@id":"https:\/\/redenoticiaz.com.br\/litoralsp\/#organization"},"image":{"@id":"https:\/\/redenoticiaz.com.br\/litoralsp\/2023\/04\/20\/comercio-de-vicente-de-carvalho-tera-reforco-na-seguranca-com-operacao-dia-das-maes#primaryimage"},"thumbnailUrl":"https:\/\/redenoticiaz.com.br\/litoralsp\/wp-content\/uploads\/sites\/3\/2023\/04\/52829690894_4a017b395a_k-scaled.jpg","keywords":["com\u00e9rcio","DIA DAS M\u00c3ES","seguran\u00e7a","VICENTE DE CARVALHO"],"articleSection":["Guaruj\u00e1"],"inLanguage":"pt-BR","potentialAction":[{"@type":"CommentAction","name":"Comment","target":["https:\/\/redenoticiaz.com.br\/litoralsp\/2023\/04\/20\/comercio-de-vicente-de-carvalho-tera-reforco-na-seguranca-com-operacao-dia-das-maes#respond"]}]},{"@type":"WebPage","@id":"https:\/\/redenoticiaz.com.br\/litoralsp\/2023\/04\/20\/comercio-de-vicente-de-carvalho-tera-reforco-na-seguranca-com-operacao-dia-das-maes","url":"https:\/\/redenoticiaz.com.br\/litoralsp\/2023\/04\/20\/comercio-de-vicente-de-carvalho-tera-reforco-na-seguranca-com-operacao-dia-das-maes","name":"Com\u00e9rcio de Vicente de Carvalho ter\u00e1 refor\u00e7o na seguran\u00e7a com Opera\u00e7\u00e3o Dia das M\u00e3es - Litoral SP","isPartOf":{"@id":"https:\/\/redenoticiaz.com.br\/litoralsp\/#website"},"primaryImageOfPage":{"@id":"https:\/\/redenoticiaz.com.br\/litoralsp\/2023\/04\/20\/comercio-de-vicente-de-carvalho-tera-reforco-na-seguranca-com-operacao-dia-das-maes#primaryimage"},"image":{"@id":"https:\/\/redenoticiaz.com.br\/litoralsp\/2023\/04\/20\/comercio-de-vicente-de-carvalho-tera-reforco-na-seguranca-com-operacao-dia-das-maes#primaryimage"},"thumbnailUrl":"https:\/\/redenoticiaz.com.br\/litoralsp\/wp-content\/uploads\/sites\/3\/2023\/04\/52829690894_4a017b395a_k-scaled.jpg","datePublished":"2023-04-20T16:27:50+00:00","description":"O com\u00e9rcio pujante de Vicente de Carvalho ter\u00e1 refor\u00e7o na seguran\u00e7a em suas \u00e1reas comerciais, com a Opera\u00e7\u00e3o Dia das M\u00e3es.","inLanguage":"pt-BR","potentialAction":[{"@type":"ReadAction","target":["https:\/\/redenoticiaz.com.br\/litoralsp\/2023\/04\/20\/comercio-de-vicente-de-carvalho-tera-reforco-na-seguranca-com-operacao-dia-das-maes"]}]},{"@type":"ImageObject","inLanguage":"pt-BR","@id":"https:\/\/redenoticiaz.com.br\/litoralsp\/2023\/04\/20\/comercio-de-vicente-de-carvalho-tera-reforco-na-seguranca-com-operacao-dia-das-maes#primaryimage","url":"https:\/\/redenoticiaz.com.br\/litoralsp\/wp-content\/uploads\/sites\/3\/2023\/04\/52829690894_4a017b395a_k-scaled.jpg","contentUrl":"https:\/\/redenoticiaz.com.br\/litoralsp\/wp-content\/uploads\/sites\/3\/2023\/04\/52829690894_4a017b395a_k-scaled.jpg","width":1918,"height":1080,"caption":"Com\u00e9rcio de Vicente de Carvalho ter\u00e1 refor\u00e7o na seguran\u00e7a com Opera\u00e7\u00e3o Dia das M\u00e3es"},{"@type":"WebSite","@id":"https:\/\/redenoticiaz.com.br\/litoralsp\/#website","url":"https:\/\/redenoticiaz.com.br\/litoralsp\/","name":"Litoral SP","description":"Rede NoticiaZ","publisher":{"@id":"https:\/\/redenoticiaz.com.br\/litoralsp\/#organization"},"potentialAction":[{"@type":"SearchAction","target":{"@type":"EntryPoint","urlTemplate":"https:\/\/redenoticiaz.com.br\/litoralsp\/?s={search_term_string}"},"query-input":{"@type":"PropertyValueSpecification","valueRequired":true,"valueName":"search_term_string"}}],"inLanguage":"pt-BR"},{"@type":"Organization","@id":"https:\/\/redenoticiaz.com.br\/litoralsp\/#organization","name":"Litoral SP","url":"https:\/\/redenoticiaz.com.br\/litoralsp\/","logo":{"@type":"ImageObject","inLanguage":"pt-BR","@id":"https:\/\/redenoticiaz.com.br\/litoralsp\/#\/schema\/logo\/image\/","url":"https:\/\/redenoticiaz.com.br\/litoralsp\/wp-content\/uploads\/sites\/3\/2020\/11\/logo.jpg","contentUrl":"https:\/\/redenoticiaz.com.br\/litoralsp\/wp-content\/uploads\/sites\/3\/2020\/11\/logo.jpg","width":400,"height":250,"caption":"Litoral SP"},"image":{"@id":"https:\/\/redenoticiaz.com.br\/litoralsp\/#\/schema\/logo\/image\/"}},{"@type":"Person","@id":"https:\/\/redenoticiaz.com.br\/litoralsp\/#\/schema\/person\/16057b37a3c0ee6b096d7f887c566e2e","name":"Gustavo Silva","image":{"@type":"ImageObject","inLanguage":"pt-BR","@id":"https:\/\/secure.gravatar.com\/avatar\/3ee4e82f93b26de0a7cf4ea5eb7893da637ed6bb0c9170c58065944c56e28a33?s=96&d=mm&r=g","url":"https:\/\/secure.gravatar.com\/avatar\/3ee4e82f93b26de0a7cf4ea5eb7893da637ed6bb0c9170c58065944c56e28a33?s=96&d=mm&r=g","contentUrl":"https:\/\/secure.gravatar.com\/avatar\/3ee4e82f93b26de0a7cf4ea5eb7893da637ed6bb0c9170c58065944c56e28a33?s=96&d=mm&r=g","caption":"Gustavo Silva"},"url":"https:\/\/redenoticiaz.com.br\/litoralsp\/author\/gustavosilva"}]}},"_links":{"self":[{"href":"https:\/\/redenoticiaz.com.br\/litoralsp\/wp-json\/wp\/v2\/posts\/104416","targetHints":{"allow":["GET"]}}],"collection":[{"href":"https:\/\/redenoticiaz.com.br\/litoralsp\/wp-json\/wp\/v2\/posts"}],"about":[{"href":"https:\/\/redenoticiaz.com.br\/litoralsp\/wp-json\/wp\/v2\/types\/post"}],"author":[{"embeddable":true,"href":"https:\/\/redenoticiaz.com.br\/litoralsp\/wp-json\/wp\/v2\/users\/12"}],"replies":[{"embeddable":true,"href":"https:\/\/redenoticiaz.com.br\/litoralsp\/wp-json\/wp\/v2\/comments?post=104416"}],"version-history":[{"count":2,"href":"https:\/\/redenoticiaz.com.br\/litoralsp\/wp-json\/wp\/v2\/posts\/104416\/revisions"}],"predecessor-version":[{"id":104419,"href":"https:\/\/redenoticiaz.com.br\/litoralsp\/wp-json\/wp\/v2\/posts\/104416\/revisions\/104419"}],"wp:featuredmedia":[{"embeddable":true,"href":"https:\/\/redenoticiaz.com.br\/litoralsp\/wp-json\/wp\/v2\/media\/104417"}],"wp:attachment":[{"href":"https:\/\/redenoticiaz.com.br\/litoralsp\/wp-json\/wp\/v2\/media?parent=104416"}],"wp:term":[{"taxonomy":"category","embeddable":true,"href":"https:\/\/redenoticiaz.com.br\/litoralsp\/wp-json\/wp\/v2\/categories?post=104416"},{"taxonomy":"post_tag","embeddable":true,"href":"https:\/\/redenoticiaz.com.br\/litoralsp\/wp-json\/wp\/v2\/tags?post=104416"}],"curies":[{"name":"wp","href":"https:\/\/api.w.org\/{rel}","templated":true}]}}