{"id":104564,"date":"2023-04-23T11:59:09","date_gmt":"2023-04-23T14:59:09","guid":{"rendered":"https:\/\/redenoticiaz.com.br\/litoralsp\/?p=104564"},"modified":"2023-04-23T11:59:09","modified_gmt":"2023-04-23T14:59:09","slug":"bandido-morre-ao-tentar-assaltar-policial-no-guaruja","status":"publish","type":"post","link":"https:\/\/redenoticiaz.com.br\/litoralsp\/2023\/04\/23\/bandido-morre-ao-tentar-assaltar-policial-no-guaruja","title":{"rendered":"Bandido morre ao tentar assaltar policial no Guaruj\u00e1"},"content":{"rendered":"<p>Dois homens tentaram assaltar um policial militar da reserva e a esposa em Guaruj\u00e1. O crime foi na sexta-feira (21) e o PM reagiu, <strong>matando um dos criminosos<\/strong> e espantando um outro, que at\u00e9 o momento n\u00e3o foi identificado.<\/p>\n<p>Segundo o boletim de ocorr\u00eancia, o policial \u00e9 natural de Ribeir\u00e3o Preto e passava o feriado prolongado em Guaruj\u00e1. Ele e a esposa estavam passeando na Enseada, quando ao sa\u00edrem de carro, da garagem do pr\u00e9dio localizado na Rua dos Banc\u00e1rios, que foram surpreendidos pela dupla, que anunciou o assalto.<\/p>\n<p>O policial reagiu, deu os tiros no criminoso, que ainda correu at\u00e9 a Rua Jos\u00e9 Amieiro, onde caiu e uma equipe do Servi\u00e7o de Atendimento M\u00f3vel de Urg\u00eancia (SAMU) chegou a socorrer o ladr\u00e3o de 26 anos. Ele foi encaminhado para a Unidade de Pronto Atendimento (UPA) da Enseada, mas acabou morrendo.<\/p>\n<p>Na Delegacia Sede de Guaruj\u00e1, o policial deu depoimento e alegou que atirou como medida de defesa dele e da esposa. O delegado Fl\u00e1vio Goda Mag\u00e1rio entendeu que o turista agiu em leg\u00edtima defesa.<\/p>\n<p><strong>LEIA TAMB\u00c9M<\/strong><\/p>\n<p><a href=\"https:\/\/redenoticiaz.com.br\/litoralsp\/2023\/04\/22\/quebra-mar-de-santos-sofre-onda-de-roubos\">Quebra-Mar de Santos sofre onda de roubos<\/a><\/p>\n","protected":false},"excerpt":{"rendered":"<p>Dois homens tentaram assaltar um policial militar da reserva e a esposa em Guaruj\u00e1. O crime foi na sexta-feira (21) e o PM reagiu, matando um dos criminosos e espantando um outro, que at\u00e9 o momento n\u00e3o foi identificado. Segundo o boletim de ocorr\u00eancia, o policial \u00e9 natural de Ribeir\u00e3o Preto e passava o feriado &hellip;<\/p>\n","protected":false},"author":6,"featured_media":104565,"comment_status":"open","ping_status":"closed","sticky":false,"template":"","format":"standard","meta":{"footnotes":""},"categories":[187,10],"tags":[2803,57277,9606,6426,1766,64733],"class_list":["post-104564","post","type-post","status-publish","format-standard","has-post-thumbnail","hentry","category-guaruja","category-policia","tag-assalto","tag-bandido-morto","tag-enseada","tag-guaruja-2","tag-policia-militar","tag-policial-militar-reformado"],"yoast_head":"<!-- This site is optimized with the Yoast SEO plugin v27.5 - https:\/\/yoast.com\/product\/yoast-seo-wordpress\/ -->\n<title>Bandido morre ao tentar assaltar policial no Guaruj\u00e1 - Litoral SP<\/title>\n<meta name=\"description\" content=\"Dois homens tentaram assaltar um policial militar da reserva e a esposa em Guaruj\u00e1. O crime foi na sexta-feira (21) e o PM reagiu,\" \/>\n<meta name=\"robots\" content=\"index, follow, max-snippet:-1, max-image-preview:large, max-video-preview:-1\" \/>\n<link rel=\"canonical\" href=\"https:\/\/redenoticiaz.com.br\/litoralsp\/2023\/04\/23\/bandido-morre-ao-tentar-assaltar-policial-no-guaruja\" \/>\n<meta property=\"og:locale\" content=\"pt_BR\" \/>\n<meta property=\"og:type\" content=\"article\" \/>\n<meta property=\"og:title\" content=\"Bandido morre ao tentar assaltar policial no Guaruj\u00e1 - Litoral SP\" \/>\n<meta property=\"og:description\" content=\"Dois homens tentaram assaltar um policial militar da reserva e a esposa em Guaruj\u00e1. O crime foi na sexta-feira (21) e o PM reagiu,\" \/>\n<meta property=\"og:url\" content=\"https:\/\/redenoticiaz.com.br\/litoralsp\/2023\/04\/23\/bandido-morre-ao-tentar-assaltar-policial-no-guaruja\" \/>\n<meta property=\"og:site_name\" content=\"Litoral SP\" \/>\n<meta property=\"article:published_time\" content=\"2023-04-23T14:59:09+00:00\" \/>\n<meta property=\"og:image\" content=\"https:\/\/redenoticiaz.com.br\/litoralsp\/wp-content\/uploads\/sites\/3\/2023\/04\/UPA-ENSEANA_DEPOIS2-e1682215590318.jpeg\" \/>\n\t<meta property=\"og:image:width\" content=\"897\" \/>\n\t<meta property=\"og:image:height\" content=\"465\" \/>\n\t<meta property=\"og:image:type\" content=\"image\/jpeg\" \/>\n<meta name=\"author\" content=\"Leonardo Francisco\" \/>\n<meta name=\"twitter:card\" content=\"summary_large_image\" \/>\n<meta name=\"twitter:label1\" content=\"Escrito por\" \/>\n\t<meta name=\"twitter:data1\" content=\"Leonardo Francisco\" \/>\n\t<meta name=\"twitter:label2\" content=\"Est. tempo de leitura\" \/>\n\t<meta name=\"twitter:data2\" content=\"2 minutos\" \/>\n<script type=\"application\/ld+json\" class=\"yoast-schema-graph\">{\"@context\":\"https:\\\/\\\/schema.org\",\"@graph\":[{\"@type\":\"Article\",\"@id\":\"https:\\\/\\\/redenoticiaz.com.br\\\/litoralsp\\\/2023\\\/04\\\/23\\\/bandido-morre-ao-tentar-assaltar-policial-no-guaruja#article\",\"isPartOf\":{\"@id\":\"https:\\\/\\\/redenoticiaz.com.br\\\/litoralsp\\\/2023\\\/04\\\/23\\\/bandido-morre-ao-tentar-assaltar-policial-no-guaruja\"},\"author\":{\"name\":\"Leonardo Francisco\",\"@id\":\"https:\\\/\\\/redenoticiaz.com.br\\\/litoralsp\\\/#\\\/schema\\\/person\\\/0f0b8a5bdafefe82841e07ae8d81ecb3\"},\"headline\":\"Bandido morre ao tentar assaltar policial no Guaruj\u00e1\",\"datePublished\":\"2023-04-23T14:59:09+00:00\",\"mainEntityOfPage\":{\"@id\":\"https:\\\/\\\/redenoticiaz.com.br\\\/litoralsp\\\/2023\\\/04\\\/23\\\/bandido-morre-ao-tentar-assaltar-policial-no-guaruja\"},\"wordCount\":203,\"commentCount\":0,\"publisher\":{\"@id\":\"https:\\\/\\\/redenoticiaz.com.br\\\/litoralsp\\\/#organization\"},\"image\":{\"@id\":\"https:\\\/\\\/redenoticiaz.com.br\\\/litoralsp\\\/2023\\\/04\\\/23\\\/bandido-morre-ao-tentar-assaltar-policial-no-guaruja#primaryimage\"},\"thumbnailUrl\":\"https:\\\/\\\/redenoticiaz.com.br\\\/litoralsp\\\/wp-content\\\/uploads\\\/sites\\\/3\\\/2023\\\/04\\\/UPA-ENSEANA_DEPOIS2-e1682215590318.jpeg\",\"keywords\":[\"Assalto\",\"BANDIDO MORTO\",\"ENSEADA\",\"Guaruj\u00e1\",\"policia militar\",\"POLICIAL MILITAR REFORMADO\"],\"articleSection\":[\"Guaruj\u00e1\",\"Pol\u00edcia\"],\"inLanguage\":\"pt-BR\",\"potentialAction\":[{\"@type\":\"CommentAction\",\"name\":\"Comment\",\"target\":[\"https:\\\/\\\/redenoticiaz.com.br\\\/litoralsp\\\/2023\\\/04\\\/23\\\/bandido-morre-ao-tentar-assaltar-policial-no-guaruja#respond\"]}]},{\"@type\":\"WebPage\",\"@id\":\"https:\\\/\\\/redenoticiaz.com.br\\\/litoralsp\\\/2023\\\/04\\\/23\\\/bandido-morre-ao-tentar-assaltar-policial-no-guaruja\",\"url\":\"https:\\\/\\\/redenoticiaz.com.br\\\/litoralsp\\\/2023\\\/04\\\/23\\\/bandido-morre-ao-tentar-assaltar-policial-no-guaruja\",\"name\":\"Bandido morre ao tentar assaltar policial no Guaruj\u00e1 - Litoral SP\",\"isPartOf\":{\"@id\":\"https:\\\/\\\/redenoticiaz.com.br\\\/litoralsp\\\/#website\"},\"primaryImageOfPage\":{\"@id\":\"https:\\\/\\\/redenoticiaz.com.br\\\/litoralsp\\\/2023\\\/04\\\/23\\\/bandido-morre-ao-tentar-assaltar-policial-no-guaruja#primaryimage\"},\"image\":{\"@id\":\"https:\\\/\\\/redenoticiaz.com.br\\\/litoralsp\\\/2023\\\/04\\\/23\\\/bandido-morre-ao-tentar-assaltar-policial-no-guaruja#primaryimage\"},\"thumbnailUrl\":\"https:\\\/\\\/redenoticiaz.com.br\\\/litoralsp\\\/wp-content\\\/uploads\\\/sites\\\/3\\\/2023\\\/04\\\/UPA-ENSEANA_DEPOIS2-e1682215590318.jpeg\",\"datePublished\":\"2023-04-23T14:59:09+00:00\",\"description\":\"Dois homens tentaram assaltar um policial militar da reserva e a esposa em Guaruj\u00e1. O crime foi na sexta-feira (21) e o PM reagiu,\",\"inLanguage\":\"pt-BR\",\"potentialAction\":[{\"@type\":\"ReadAction\",\"target\":[\"https:\\\/\\\/redenoticiaz.com.br\\\/litoralsp\\\/2023\\\/04\\\/23\\\/bandido-morre-ao-tentar-assaltar-policial-no-guaruja\"]}]},{\"@type\":\"ImageObject\",\"inLanguage\":\"pt-BR\",\"@id\":\"https:\\\/\\\/redenoticiaz.com.br\\\/litoralsp\\\/2023\\\/04\\\/23\\\/bandido-morre-ao-tentar-assaltar-policial-no-guaruja#primaryimage\",\"url\":\"https:\\\/\\\/redenoticiaz.com.br\\\/litoralsp\\\/wp-content\\\/uploads\\\/sites\\\/3\\\/2023\\\/04\\\/UPA-ENSEANA_DEPOIS2-e1682215590318.jpeg\",\"contentUrl\":\"https:\\\/\\\/redenoticiaz.com.br\\\/litoralsp\\\/wp-content\\\/uploads\\\/sites\\\/3\\\/2023\\\/04\\\/UPA-ENSEANA_DEPOIS2-e1682215590318.jpeg\",\"width\":897,\"height\":465,\"caption\":\"Cr\u00e9ditos: Reprodu\u00e7\u00e3o\\\/google Street View\"},{\"@type\":\"WebSite\",\"@id\":\"https:\\\/\\\/redenoticiaz.com.br\\\/litoralsp\\\/#website\",\"url\":\"https:\\\/\\\/redenoticiaz.com.br\\\/litoralsp\\\/\",\"name\":\"Litoral SP\",\"description\":\"Rede NoticiaZ\",\"publisher\":{\"@id\":\"https:\\\/\\\/redenoticiaz.com.br\\\/litoralsp\\\/#organization\"},\"potentialAction\":[{\"@type\":\"SearchAction\",\"target\":{\"@type\":\"EntryPoint\",\"urlTemplate\":\"https:\\\/\\\/redenoticiaz.com.br\\\/litoralsp\\\/?s={search_term_string}\"},\"query-input\":{\"@type\":\"PropertyValueSpecification\",\"valueRequired\":true,\"valueName\":\"search_term_string\"}}],\"inLanguage\":\"pt-BR\"},{\"@type\":\"Organization\",\"@id\":\"https:\\\/\\\/redenoticiaz.com.br\\\/litoralsp\\\/#organization\",\"name\":\"Litoral SP\",\"url\":\"https:\\\/\\\/redenoticiaz.com.br\\\/litoralsp\\\/\",\"logo\":{\"@type\":\"ImageObject\",\"inLanguage\":\"pt-BR\",\"@id\":\"https:\\\/\\\/redenoticiaz.com.br\\\/litoralsp\\\/#\\\/schema\\\/logo\\\/image\\\/\",\"url\":\"https:\\\/\\\/redenoticiaz.com.br\\\/litoralsp\\\/wp-content\\\/uploads\\\/sites\\\/3\\\/2020\\\/11\\\/logo.jpg\",\"contentUrl\":\"https:\\\/\\\/redenoticiaz.com.br\\\/litoralsp\\\/wp-content\\\/uploads\\\/sites\\\/3\\\/2020\\\/11\\\/logo.jpg\",\"width\":400,\"height\":250,\"caption\":\"Litoral SP\"},\"image\":{\"@id\":\"https:\\\/\\\/redenoticiaz.com.br\\\/litoralsp\\\/#\\\/schema\\\/logo\\\/image\\\/\"}},{\"@type\":\"Person\",\"@id\":\"https:\\\/\\\/redenoticiaz.com.br\\\/litoralsp\\\/#\\\/schema\\\/person\\\/0f0b8a5bdafefe82841e07ae8d81ecb3\",\"name\":\"Leonardo Francisco\",\"image\":{\"@type\":\"ImageObject\",\"inLanguage\":\"pt-BR\",\"@id\":\"https:\\\/\\\/secure.gravatar.com\\\/avatar\\\/a7358cb406a99b682ec6df1e77e31ae82e63601f6784e8a3df411d72b37864da?s=96&d=mm&r=g\",\"url\":\"https:\\\/\\\/secure.gravatar.com\\\/avatar\\\/a7358cb406a99b682ec6df1e77e31ae82e63601f6784e8a3df411d72b37864da?s=96&d=mm&r=g\",\"contentUrl\":\"https:\\\/\\\/secure.gravatar.com\\\/avatar\\\/a7358cb406a99b682ec6df1e77e31ae82e63601f6784e8a3df411d72b37864da?s=96&d=mm&r=g\",\"caption\":\"Leonardo Francisco\"},\"url\":\"https:\\\/\\\/redenoticiaz.com.br\\\/litoralsp\\\/author\\\/leonardo-francisco\"}]}<\/script>\n<!-- \/ Yoast SEO plugin. -->","yoast_head_json":{"title":"Bandido morre ao tentar assaltar policial no Guaruj\u00e1 - Litoral SP","description":"Dois homens tentaram assaltar um policial militar da reserva e a esposa em Guaruj\u00e1. O crime foi na sexta-feira (21) e o PM reagiu,","robots":{"index":"index","follow":"follow","max-snippet":"max-snippet:-1","max-image-preview":"max-image-preview:large","max-video-preview":"max-video-preview:-1"},"canonical":"https:\/\/redenoticiaz.com.br\/litoralsp\/2023\/04\/23\/bandido-morre-ao-tentar-assaltar-policial-no-guaruja","og_locale":"pt_BR","og_type":"article","og_title":"Bandido morre ao tentar assaltar policial no Guaruj\u00e1 - Litoral SP","og_description":"Dois homens tentaram assaltar um policial militar da reserva e a esposa em Guaruj\u00e1. O crime foi na sexta-feira (21) e o PM reagiu,","og_url":"https:\/\/redenoticiaz.com.br\/litoralsp\/2023\/04\/23\/bandido-morre-ao-tentar-assaltar-policial-no-guaruja","og_site_name":"Litoral SP","article_published_time":"2023-04-23T14:59:09+00:00","og_image":[{"width":897,"height":465,"url":"https:\/\/redenoticiaz.com.br\/litoralsp\/wp-content\/uploads\/sites\/3\/2023\/04\/UPA-ENSEANA_DEPOIS2-e1682215590318.jpeg","type":"image\/jpeg"}],"author":"Leonardo Francisco","twitter_card":"summary_large_image","twitter_misc":{"Escrito por":"Leonardo Francisco","Est. tempo de leitura":"2 minutos"},"schema":{"@context":"https:\/\/schema.org","@graph":[{"@type":"Article","@id":"https:\/\/redenoticiaz.com.br\/litoralsp\/2023\/04\/23\/bandido-morre-ao-tentar-assaltar-policial-no-guaruja#article","isPartOf":{"@id":"https:\/\/redenoticiaz.com.br\/litoralsp\/2023\/04\/23\/bandido-morre-ao-tentar-assaltar-policial-no-guaruja"},"author":{"name":"Leonardo Francisco","@id":"https:\/\/redenoticiaz.com.br\/litoralsp\/#\/schema\/person\/0f0b8a5bdafefe82841e07ae8d81ecb3"},"headline":"Bandido morre ao tentar assaltar policial no Guaruj\u00e1","datePublished":"2023-04-23T14:59:09+00:00","mainEntityOfPage":{"@id":"https:\/\/redenoticiaz.com.br\/litoralsp\/2023\/04\/23\/bandido-morre-ao-tentar-assaltar-policial-no-guaruja"},"wordCount":203,"commentCount":0,"publisher":{"@id":"https:\/\/redenoticiaz.com.br\/litoralsp\/#organization"},"image":{"@id":"https:\/\/redenoticiaz.com.br\/litoralsp\/2023\/04\/23\/bandido-morre-ao-tentar-assaltar-policial-no-guaruja#primaryimage"},"thumbnailUrl":"https:\/\/redenoticiaz.com.br\/litoralsp\/wp-content\/uploads\/sites\/3\/2023\/04\/UPA-ENSEANA_DEPOIS2-e1682215590318.jpeg","keywords":["Assalto","BANDIDO MORTO","ENSEADA","Guaruj\u00e1","policia militar","POLICIAL MILITAR REFORMADO"],"articleSection":["Guaruj\u00e1","Pol\u00edcia"],"inLanguage":"pt-BR","potentialAction":[{"@type":"CommentAction","name":"Comment","target":["https:\/\/redenoticiaz.com.br\/litoralsp\/2023\/04\/23\/bandido-morre-ao-tentar-assaltar-policial-no-guaruja#respond"]}]},{"@type":"WebPage","@id":"https:\/\/redenoticiaz.com.br\/litoralsp\/2023\/04\/23\/bandido-morre-ao-tentar-assaltar-policial-no-guaruja","url":"https:\/\/redenoticiaz.com.br\/litoralsp\/2023\/04\/23\/bandido-morre-ao-tentar-assaltar-policial-no-guaruja","name":"Bandido morre ao tentar assaltar policial no Guaruj\u00e1 - Litoral SP","isPartOf":{"@id":"https:\/\/redenoticiaz.com.br\/litoralsp\/#website"},"primaryImageOfPage":{"@id":"https:\/\/redenoticiaz.com.br\/litoralsp\/2023\/04\/23\/bandido-morre-ao-tentar-assaltar-policial-no-guaruja#primaryimage"},"image":{"@id":"https:\/\/redenoticiaz.com.br\/litoralsp\/2023\/04\/23\/bandido-morre-ao-tentar-assaltar-policial-no-guaruja#primaryimage"},"thumbnailUrl":"https:\/\/redenoticiaz.com.br\/litoralsp\/wp-content\/uploads\/sites\/3\/2023\/04\/UPA-ENSEANA_DEPOIS2-e1682215590318.jpeg","datePublished":"2023-04-23T14:59:09+00:00","description":"Dois homens tentaram assaltar um policial militar da reserva e a esposa em Guaruj\u00e1. O crime foi na sexta-feira (21) e o PM reagiu,","inLanguage":"pt-BR","potentialAction":[{"@type":"ReadAction","target":["https:\/\/redenoticiaz.com.br\/litoralsp\/2023\/04\/23\/bandido-morre-ao-tentar-assaltar-policial-no-guaruja"]}]},{"@type":"ImageObject","inLanguage":"pt-BR","@id":"https:\/\/redenoticiaz.com.br\/litoralsp\/2023\/04\/23\/bandido-morre-ao-tentar-assaltar-policial-no-guaruja#primaryimage","url":"https:\/\/redenoticiaz.com.br\/litoralsp\/wp-content\/uploads\/sites\/3\/2023\/04\/UPA-ENSEANA_DEPOIS2-e1682215590318.jpeg","contentUrl":"https:\/\/redenoticiaz.com.br\/litoralsp\/wp-content\/uploads\/sites\/3\/2023\/04\/UPA-ENSEANA_DEPOIS2-e1682215590318.jpeg","width":897,"height":465,"caption":"Cr\u00e9ditos: Reprodu\u00e7\u00e3o\/google Street View"},{"@type":"WebSite","@id":"https:\/\/redenoticiaz.com.br\/litoralsp\/#website","url":"https:\/\/redenoticiaz.com.br\/litoralsp\/","name":"Litoral SP","description":"Rede NoticiaZ","publisher":{"@id":"https:\/\/redenoticiaz.com.br\/litoralsp\/#organization"},"potentialAction":[{"@type":"SearchAction","target":{"@type":"EntryPoint","urlTemplate":"https:\/\/redenoticiaz.com.br\/litoralsp\/?s={search_term_string}"},"query-input":{"@type":"PropertyValueSpecification","valueRequired":true,"valueName":"search_term_string"}}],"inLanguage":"pt-BR"},{"@type":"Organization","@id":"https:\/\/redenoticiaz.com.br\/litoralsp\/#organization","name":"Litoral SP","url":"https:\/\/redenoticiaz.com.br\/litoralsp\/","logo":{"@type":"ImageObject","inLanguage":"pt-BR","@id":"https:\/\/redenoticiaz.com.br\/litoralsp\/#\/schema\/logo\/image\/","url":"https:\/\/redenoticiaz.com.br\/litoralsp\/wp-content\/uploads\/sites\/3\/2020\/11\/logo.jpg","contentUrl":"https:\/\/redenoticiaz.com.br\/litoralsp\/wp-content\/uploads\/sites\/3\/2020\/11\/logo.jpg","width":400,"height":250,"caption":"Litoral SP"},"image":{"@id":"https:\/\/redenoticiaz.com.br\/litoralsp\/#\/schema\/logo\/image\/"}},{"@type":"Person","@id":"https:\/\/redenoticiaz.com.br\/litoralsp\/#\/schema\/person\/0f0b8a5bdafefe82841e07ae8d81ecb3","name":"Leonardo Francisco","image":{"@type":"ImageObject","inLanguage":"pt-BR","@id":"https:\/\/secure.gravatar.com\/avatar\/a7358cb406a99b682ec6df1e77e31ae82e63601f6784e8a3df411d72b37864da?s=96&d=mm&r=g","url":"https:\/\/secure.gravatar.com\/avatar\/a7358cb406a99b682ec6df1e77e31ae82e63601f6784e8a3df411d72b37864da?s=96&d=mm&r=g","contentUrl":"https:\/\/secure.gravatar.com\/avatar\/a7358cb406a99b682ec6df1e77e31ae82e63601f6784e8a3df411d72b37864da?s=96&d=mm&r=g","caption":"Leonardo Francisco"},"url":"https:\/\/redenoticiaz.com.br\/litoralsp\/author\/leonardo-francisco"}]}},"_links":{"self":[{"href":"https:\/\/redenoticiaz.com.br\/litoralsp\/wp-json\/wp\/v2\/posts\/104564","targetHints":{"allow":["GET"]}}],"collection":[{"href":"https:\/\/redenoticiaz.com.br\/litoralsp\/wp-json\/wp\/v2\/posts"}],"about":[{"href":"https:\/\/redenoticiaz.com.br\/litoralsp\/wp-json\/wp\/v2\/types\/post"}],"author":[{"embeddable":true,"href":"https:\/\/redenoticiaz.com.br\/litoralsp\/wp-json\/wp\/v2\/users\/6"}],"replies":[{"embeddable":true,"href":"https:\/\/redenoticiaz.com.br\/litoralsp\/wp-json\/wp\/v2\/comments?post=104564"}],"version-history":[{"count":1,"href":"https:\/\/redenoticiaz.com.br\/litoralsp\/wp-json\/wp\/v2\/posts\/104564\/revisions"}],"predecessor-version":[{"id":104566,"href":"https:\/\/redenoticiaz.com.br\/litoralsp\/wp-json\/wp\/v2\/posts\/104564\/revisions\/104566"}],"wp:featuredmedia":[{"embeddable":true,"href":"https:\/\/redenoticiaz.com.br\/litoralsp\/wp-json\/wp\/v2\/media\/104565"}],"wp:attachment":[{"href":"https:\/\/redenoticiaz.com.br\/litoralsp\/wp-json\/wp\/v2\/media?parent=104564"}],"wp:term":[{"taxonomy":"category","embeddable":true,"href":"https:\/\/redenoticiaz.com.br\/litoralsp\/wp-json\/wp\/v2\/categories?post=104564"},{"taxonomy":"post_tag","embeddable":true,"href":"https:\/\/redenoticiaz.com.br\/litoralsp\/wp-json\/wp\/v2\/tags?post=104564"}],"curies":[{"name":"wp","href":"https:\/\/api.w.org\/{rel}","templated":true}]}}