{"id":104677,"date":"2023-04-29T14:00:09","date_gmt":"2023-04-29T17:00:09","guid":{"rendered":"https:\/\/redenoticiaz.com.br\/litoralsp\/?p=104677"},"modified":"2023-04-25T12:30:01","modified_gmt":"2023-04-25T15:30:01","slug":"sete-mitos-e-verdades-sobre-menopausa-precoce","status":"publish","type":"post","link":"https:\/\/redenoticiaz.com.br\/litoralsp\/2023\/04\/29\/sete-mitos-e-verdades-sobre-menopausa-precoce","title":{"rendered":"Sete mitos e verdades sobre menopausa precoce"},"content":{"rendered":"<p>A <strong>menopausa<\/strong>, per\u00edodo de cessa\u00e7\u00e3o dos ciclos menstruais e redu\u00e7\u00e3o dos n\u00edveis de horm\u00f4nios, como estrog\u00eanio e progesterona, ocorre geralmente entre os 45 e 55 anos, segundo o Minist\u00e9rio da Sa\u00fade. J\u00e1 a menopausa precoce, tamb\u00e9m conhecida como fal\u00eancia ovariana prematura (FOP), ocorre quando os ov\u00e1rios param de funcionar antes dos 40 anos.<\/p>\n<p>Dados da Organiza\u00e7\u00e3o Mundial da Sa\u00fade (OMS) indicam que a menopausa precoce afeta 1 em 100 mulheres. Mas antes dos 30 anos, atinge 1 em 1.000 mulheres.<\/p>\n<p>&#8220;Entretanto, o n\u00famero de mulheres que entram na menopausa precoce tem crescido, devido a uma combina\u00e7\u00e3o de fatores gen\u00e9ticos, ambientais e de estilo de vida&#8221;, afirma Carlos Moraes, ginecologista e obstetra pela Santa Casa\/SP, membro da FEBRASGO, especialista em Perinatologia pelo Instituto de Ensino e Pesquisa do Hospital Albert Einstein, em Infertilidade pela FEBRASGO e m\u00e9dico nos hospitais Albert Einstein, S\u00e3o Luiz e Pro Matre.<\/p>\n<p>De acordo com uma pesquisa realizada pelo Minist\u00e9rio da Sa\u00fade, em 2017, cerca de 4,8% das brasileiras entraram na menopausa antes dos 40 anos. J\u00e1 um estudo publicado em 2020 na Revista Brasileira de Ginecologia e Obstetr\u00edcia, que analisou a frequ\u00eancia de menopausa precoce, apontou que 5,6% das mulheres haviam entrado na menopausa antes dos 40 anos de idade.<\/p>\n<p>&#8220;Quando os ov\u00e1rios d\u00e3o sinais de envelhecimento e interrup\u00e7\u00e3o de suas fun\u00e7\u00f5es precocemente, o quadro requer acompanhamento m\u00e9dico, j\u00e1 que estes \u00f3rg\u00e3os n\u00e3o respondem apenas pelo sistema reprodutor, mas tamb\u00e9m end\u00f3crino, implicando em outras altera\u00e7\u00f5es que precisam ser avaliadas&#8221;, completa Claudia Chang, p\u00f3s-doutora em Endocrinologia e Metabologia pela USP, membro da Sociedade Brasileira de Endocrinologia e Metabologia (SBEM) e coordenadora e professora da p\u00f3s-gradua\u00e7\u00e3o em Endocrinologia do Instituto Superior de Medicina (ISMD).<\/p>\n<p>Portanto, para ficar por dentro do que \u00e9 fato sobre a menopausa precoce, confira os principais mitos e verdades sobre esta fase:<\/p>\n<h5><strong>Menopausa precoce n\u00e3o tem causas exatas<\/strong><\/h5>\n<p><strong>Mito<\/strong>: Embora a menopausa precoce possa ocorrer naturalmente, diversos fatores podem contribuir com a condi\u00e7\u00e3o, como gen\u00e9tica, hereditariedade, doen\u00e7as cromoss\u00f4micas, infec\u00e7\u00f5es virais, doen\u00e7as na tireoide, remo\u00e7\u00e3o dos ov\u00e1rios, doen\u00e7as autoimunes e tratamentos contra c\u00e2ncer, como quimioterapia e radioterapia, que podem afetar o funcionamento dos ov\u00e1rios.<\/p>\n<h5><strong>Atividade f\u00edsica pode influenciar na menopausa precoce<\/strong><\/h5>\n<p><strong>Em termos<\/strong>: Alguns estudos sugerem que a atividade f\u00edsica regular pode ter um efeito protetor contra a menopausa precoce. Um estudo publicado no Human Reproduction constatou que mulheres com maior atividade f\u00edsica tinham menor probabilidade de ter menopausa precoce, j\u00e1 que o exerc\u00edcio pode estabilizar os n\u00edveis hormonais.<\/p>\n<p>Segundo Claudia Chang, a atividade f\u00edsica tamb\u00e9m evita a obesidade, prejudicial \u00e0 sa\u00fade reprodutiva, uma vez que o excesso de gordura corporal pode levar a desequil\u00edbrios hormonais e, consequentemente, \u00e0 menopausa precoce. Por outro lado, atividades f\u00edsicas extenuantes podem prejudicar a fun\u00e7\u00e3o ovariana e a sa\u00fade reprodutiva. Mulheres atletas, por exemplo, podem ter irregularidades menstruais e at\u00e9 cessa\u00e7\u00e3o da menstrua\u00e7\u00e3o (amenorreia), aumentando o risco de menopausa precoce.<\/p>\n<p>&#8220;\u00c9 importante lembrar que a atividade f\u00edsica sozinha n\u00e3o \u00e9 suficiente para prevenir a menopausa precoce. Embora possa desempenhar um papel importante, o exerc\u00edcio f\u00edsico deve estar relacionado a outras condi\u00e7\u00f5es, como dieta saud\u00e1vel, sono de qualidade, gerenciamento do estresse e regularidade nas consultas m\u00e9dicas e nos exames preventivos&#8221;, refor\u00e7a Carlos Moraes.<\/p>\n<h5><strong>Estresse cr\u00f4nico pode desencadear a menopausa precoce<\/strong><\/h5>\n<p><strong>Verdade<\/strong>: O estresse cr\u00f4nico pode aumentar a produ\u00e7\u00e3o de horm\u00f4nios do estresse, como o cortisol, causando danos oxidativos na fun\u00e7\u00e3o ovariana. Outros horm\u00f4nios que podem sofrer desequil\u00edbrios s\u00e3o o estrog\u00eanio e a progesterona, desregulando a menstrua\u00e7\u00e3o e comprometendo a fertilidade. Estas altera\u00e7\u00f5es podem aumentar o risco de menopausa precoce.<\/p>\n<h5><strong>Menopausa precoce tem os mesmos sintomas da menopausa natural<\/strong><\/h5>\n<p><strong>Em termos<\/strong>: Os sintomas da menopausa, tanto precoce quanto natural, incluem ondas de calor (fogachos), suores noturnos, secura vaginal, diminui\u00e7\u00e3o da libido, altera\u00e7\u00f5es de humor, problemas de sono, dificuldade de concentra\u00e7\u00e3o e mem\u00f3ria, metabolismo mais lento, ganho de peso, queda de cabelo, perda da elasticidade da pele e dor nas articula\u00e7\u00f5es e nos m\u00fasculos.<\/p>\n<p>No entanto, segundo Claudia Chang, na menopausa precoce, as mulheres podem enfrentar problemas adicionais.<\/p>\n<p>&#8220;Nesta condi\u00e7\u00e3o, ocorre o hipo-estrogenismo, uma queda do estrog\u00eanio muito mais intensa do que na menopausa natural, aumentando em 4 vezes o risco de desenvolver doen\u00e7as cardiovasculares, AVC e Alzheimer, e 7 vezes o risco de osteoporose (devido \u00e0 perda \u00f3ssea precoce). Tamb\u00e9m h\u00e1 maior chance de ter algum tipo de c\u00e2ncer, em especial, de ov\u00e1rio&#8221;, explica a endocrinologista.<\/p>\n<h5><strong>Fumar pode antecipar a menopausa<\/strong><\/h5>\n<p><strong>Verdade<\/strong>: De acordo com um estudo da Escola de Medicina da Universidade da Pensilv\u00e2nia, nos Estados Unidos, mulheres que fumam podem entrar na menopausa um ano antes do previsto, ou at\u00e9 dois, se o consumo for excessivo.<\/p>\n<p>Al\u00e9m disso, o cigarro intensifica os sintomas da menopausa. Segundo dados do estudo, as fumantes t\u00eam mais epis\u00f3dios de fogachos e mais dificuldade para dormir. Tamb\u00e9m h\u00e1 um risco 35% maior de fraturas e, mesmo entre quem j\u00e1 abandonou o v\u00edcio, o risco \u00e9 15% maior em compara\u00e7\u00e3o com aquelas que nunca fumaram.<\/p>\n<h5><strong>Anticoncepcionais podem causar menopausa precoce<\/strong><\/h5>\n<p><strong>Mito<\/strong>: &#8220;N\u00e3o \u00e9 comum que os anticoncepcionais causem menopausa precoce. Ao contr\u00e1rio. Alguns estudos sugerem que o uso prolongado da p\u00edlula pode atrasar a menopausa, mas ainda s\u00e3o necess\u00e1rias mais pesquisas para confirmar essa rela\u00e7\u00e3o&#8221;, esclarece Carlos Moraes.<\/p>\n<h5><strong>Toda mulher pode tratar a menopausa precoce com reposi\u00e7\u00e3o hormonal <\/strong><\/h5>\n<p><strong>Mito<\/strong>: Mesmo sendo mais nova, a mulher com menopausa precoce pode ter indica\u00e7\u00e3o da reposi\u00e7\u00e3o hormonal, j\u00e1 que o processo ocorreu muito cedo. Entretanto, h\u00e1 casos em que ela \u00e9 contraindicada.<\/p>\n<p>&#8220;Mulheres com hist\u00f3rico de c\u00e2ncer de mama, ov\u00e1rio, \u00fatero, melanomas, trombofilias (altera\u00e7\u00f5es que predisp\u00f5em \u00e0 trombose), hipertens\u00e3o, diabetes ou que possuem alguma desordem no funcionamento dos rins ou do f\u00edgado, n\u00e3o podem fazer a reposi\u00e7\u00e3o hormonal. Nestes casos, ser\u00e1 preciso optar por outras abordagens para controlar os sintomas e reduzir os riscos associados \u00e0 menopausa precoce&#8221;, finaliza Carlos Moraes.<\/p>\n<p><strong>LEIA TAMB\u00c9M<\/strong><\/p>\n<p><a href=\"https:\/\/redenoticiaz.com.br\/blog\/2023\/04\/23\/saiba-quais-serao-os-cabelos-que-ditarao-moda-no-outono\">Saiba quais ser\u00e3o os cabelos que ditar\u00e3o moda no outono<\/a><\/p>\n","protected":false},"excerpt":{"rendered":"<p>A menopausa, per\u00edodo de cessa\u00e7\u00e3o dos ciclos menstruais e redu\u00e7\u00e3o dos n\u00edveis de horm\u00f4nios, como estrog\u00eanio e progesterona, ocorre geralmente entre os 45 e 55 anos, segundo o Minist\u00e9rio da Sa\u00fade. J\u00e1 a menopausa precoce, tamb\u00e9m conhecida como fal\u00eancia ovariana prematura (FOP), ocorre quando os ov\u00e1rios param de funcionar antes dos 40 anos. Dados da &hellip;<\/p>\n","protected":false},"author":6,"featured_media":104678,"comment_status":"open","ping_status":"closed","sticky":false,"template":"","format":"standard","meta":{"footnotes":""},"categories":[51760],"tags":[64776,64777,1810,1722,58004],"class_list":["post-104677","post","type-post","status-publish","format-standard","has-post-thumbnail","hentry","category-saude-bem-estar","tag-menopausa","tag-menopausa-precoce","tag-ministerio-da-saude","tag-oms","tag-saude-da-mulher"],"yoast_head":"<!-- This site is optimized with the Yoast SEO plugin v27.5 - https:\/\/yoast.com\/product\/yoast-seo-wordpress\/ -->\n<title>Sete mitos e verdades sobre menopausa precoce - Litoral SP<\/title>\n<meta name=\"description\" content=\"A menopausa, per\u00edodo de cessa\u00e7\u00e3o dos ciclos menstruais e redu\u00e7\u00e3o dos n\u00edveis de horm\u00f4nios, como estrog\u00eanio e progesterona, ocorre\" \/>\n<meta name=\"robots\" content=\"index, follow, max-snippet:-1, max-image-preview:large, max-video-preview:-1\" \/>\n<link rel=\"canonical\" href=\"https:\/\/redenoticiaz.com.br\/litoralsp\/2023\/04\/29\/sete-mitos-e-verdades-sobre-menopausa-precoce\" \/>\n<meta property=\"og:locale\" content=\"pt_BR\" \/>\n<meta property=\"og:type\" content=\"article\" \/>\n<meta property=\"og:title\" content=\"Sete mitos e verdades sobre menopausa precoce - Litoral SP\" \/>\n<meta property=\"og:description\" content=\"A menopausa, per\u00edodo de cessa\u00e7\u00e3o dos ciclos menstruais e redu\u00e7\u00e3o dos n\u00edveis de horm\u00f4nios, como estrog\u00eanio e progesterona, ocorre\" \/>\n<meta property=\"og:url\" content=\"https:\/\/redenoticiaz.com.br\/litoralsp\/2023\/04\/29\/sete-mitos-e-verdades-sobre-menopausa-precoce\" \/>\n<meta property=\"og:site_name\" content=\"Litoral SP\" \/>\n<meta property=\"article:published_time\" content=\"2023-04-29T17:00:09+00:00\" \/>\n<meta property=\"og:image\" content=\"https:\/\/redenoticiaz.com.br\/litoralsp\/wp-content\/uploads\/sites\/3\/2023\/06\/Captura-de-tela-2023-06-26-122643.jpg\" \/>\n\t<meta property=\"og:image:width\" content=\"613\" \/>\n\t<meta property=\"og:image:height\" content=\"396\" \/>\n\t<meta property=\"og:image:type\" content=\"image\/jpeg\" \/>\n<meta name=\"author\" content=\"Leonardo Francisco\" \/>\n<meta name=\"twitter:card\" content=\"summary_large_image\" \/>\n<meta name=\"twitter:label1\" content=\"Escrito por\" \/>\n\t<meta name=\"twitter:data1\" content=\"Leonardo Francisco\" \/>\n\t<meta name=\"twitter:label2\" content=\"Est. tempo de leitura\" \/>\n\t<meta name=\"twitter:data2\" content=\"6 minutos\" \/>\n<script type=\"application\/ld+json\" class=\"yoast-schema-graph\">{\"@context\":\"https:\\\/\\\/schema.org\",\"@graph\":[{\"@type\":\"Article\",\"@id\":\"https:\\\/\\\/redenoticiaz.com.br\\\/litoralsp\\\/2023\\\/04\\\/29\\\/sete-mitos-e-verdades-sobre-menopausa-precoce#article\",\"isPartOf\":{\"@id\":\"https:\\\/\\\/redenoticiaz.com.br\\\/litoralsp\\\/2023\\\/04\\\/29\\\/sete-mitos-e-verdades-sobre-menopausa-precoce\"},\"author\":{\"name\":\"Leonardo Francisco\",\"@id\":\"https:\\\/\\\/redenoticiaz.com.br\\\/litoralsp\\\/#\\\/schema\\\/person\\\/0f0b8a5bdafefe82841e07ae8d81ecb3\"},\"headline\":\"Sete mitos e verdades sobre menopausa precoce\",\"datePublished\":\"2023-04-29T17:00:09+00:00\",\"mainEntityOfPage\":{\"@id\":\"https:\\\/\\\/redenoticiaz.com.br\\\/litoralsp\\\/2023\\\/04\\\/29\\\/sete-mitos-e-verdades-sobre-menopausa-precoce\"},\"wordCount\":1064,\"commentCount\":0,\"publisher\":{\"@id\":\"https:\\\/\\\/redenoticiaz.com.br\\\/litoralsp\\\/#organization\"},\"image\":{\"@id\":\"https:\\\/\\\/redenoticiaz.com.br\\\/litoralsp\\\/2023\\\/04\\\/29\\\/sete-mitos-e-verdades-sobre-menopausa-precoce#primaryimage\"},\"thumbnailUrl\":\"https:\\\/\\\/redenoticiaz.com.br\\\/litoralsp\\\/wp-content\\\/uploads\\\/sites\\\/3\\\/2023\\\/04\\\/MENOPAUSA.jpg?v=1682436531\",\"keywords\":[\"MENOPAUSA\",\"MENOPAUSA PRECOCE\",\"Minist\u00e9rio da Sa\u00fade\",\"OMS\",\"SAUDE DA MULHER\"],\"articleSection\":[\"Sa\u00fade &amp; Bem-Estar\"],\"inLanguage\":\"pt-BR\",\"potentialAction\":[{\"@type\":\"CommentAction\",\"name\":\"Comment\",\"target\":[\"https:\\\/\\\/redenoticiaz.com.br\\\/litoralsp\\\/2023\\\/04\\\/29\\\/sete-mitos-e-verdades-sobre-menopausa-precoce#respond\"]}]},{\"@type\":\"WebPage\",\"@id\":\"https:\\\/\\\/redenoticiaz.com.br\\\/litoralsp\\\/2023\\\/04\\\/29\\\/sete-mitos-e-verdades-sobre-menopausa-precoce\",\"url\":\"https:\\\/\\\/redenoticiaz.com.br\\\/litoralsp\\\/2023\\\/04\\\/29\\\/sete-mitos-e-verdades-sobre-menopausa-precoce\",\"name\":\"Sete mitos e verdades sobre menopausa precoce - Litoral SP\",\"isPartOf\":{\"@id\":\"https:\\\/\\\/redenoticiaz.com.br\\\/litoralsp\\\/#website\"},\"primaryImageOfPage\":{\"@id\":\"https:\\\/\\\/redenoticiaz.com.br\\\/litoralsp\\\/2023\\\/04\\\/29\\\/sete-mitos-e-verdades-sobre-menopausa-precoce#primaryimage\"},\"image\":{\"@id\":\"https:\\\/\\\/redenoticiaz.com.br\\\/litoralsp\\\/2023\\\/04\\\/29\\\/sete-mitos-e-verdades-sobre-menopausa-precoce#primaryimage\"},\"thumbnailUrl\":\"https:\\\/\\\/redenoticiaz.com.br\\\/litoralsp\\\/wp-content\\\/uploads\\\/sites\\\/3\\\/2023\\\/04\\\/MENOPAUSA.jpg?v=1682436531\",\"datePublished\":\"2023-04-29T17:00:09+00:00\",\"description\":\"A menopausa, per\u00edodo de cessa\u00e7\u00e3o dos ciclos menstruais e redu\u00e7\u00e3o dos n\u00edveis de horm\u00f4nios, como estrog\u00eanio e progesterona, ocorre\",\"inLanguage\":\"pt-BR\",\"potentialAction\":[{\"@type\":\"ReadAction\",\"target\":[\"https:\\\/\\\/redenoticiaz.com.br\\\/litoralsp\\\/2023\\\/04\\\/29\\\/sete-mitos-e-verdades-sobre-menopausa-precoce\"]}]},{\"@type\":\"ImageObject\",\"inLanguage\":\"pt-BR\",\"@id\":\"https:\\\/\\\/redenoticiaz.com.br\\\/litoralsp\\\/2023\\\/04\\\/29\\\/sete-mitos-e-verdades-sobre-menopausa-precoce#primaryimage\",\"url\":\"https:\\\/\\\/redenoticiaz.com.br\\\/litoralsp\\\/wp-content\\\/uploads\\\/sites\\\/3\\\/2023\\\/04\\\/MENOPAUSA.jpg?v=1682436531\",\"contentUrl\":\"https:\\\/\\\/redenoticiaz.com.br\\\/litoralsp\\\/wp-content\\\/uploads\\\/sites\\\/3\\\/2023\\\/04\\\/MENOPAUSA.jpg?v=1682436531\",\"width\":627,\"height\":457,\"caption\":\"Cr\u00e9ditos: Divulga\u00e7\u00e3o\"},{\"@type\":\"WebSite\",\"@id\":\"https:\\\/\\\/redenoticiaz.com.br\\\/litoralsp\\\/#website\",\"url\":\"https:\\\/\\\/redenoticiaz.com.br\\\/litoralsp\\\/\",\"name\":\"Litoral SP\",\"description\":\"Rede NoticiaZ\",\"publisher\":{\"@id\":\"https:\\\/\\\/redenoticiaz.com.br\\\/litoralsp\\\/#organization\"},\"potentialAction\":[{\"@type\":\"SearchAction\",\"target\":{\"@type\":\"EntryPoint\",\"urlTemplate\":\"https:\\\/\\\/redenoticiaz.com.br\\\/litoralsp\\\/?s={search_term_string}\"},\"query-input\":{\"@type\":\"PropertyValueSpecification\",\"valueRequired\":true,\"valueName\":\"search_term_string\"}}],\"inLanguage\":\"pt-BR\"},{\"@type\":\"Organization\",\"@id\":\"https:\\\/\\\/redenoticiaz.com.br\\\/litoralsp\\\/#organization\",\"name\":\"Litoral SP\",\"url\":\"https:\\\/\\\/redenoticiaz.com.br\\\/litoralsp\\\/\",\"logo\":{\"@type\":\"ImageObject\",\"inLanguage\":\"pt-BR\",\"@id\":\"https:\\\/\\\/redenoticiaz.com.br\\\/litoralsp\\\/#\\\/schema\\\/logo\\\/image\\\/\",\"url\":\"https:\\\/\\\/redenoticiaz.com.br\\\/litoralsp\\\/wp-content\\\/uploads\\\/sites\\\/3\\\/2020\\\/11\\\/logo.jpg\",\"contentUrl\":\"https:\\\/\\\/redenoticiaz.com.br\\\/litoralsp\\\/wp-content\\\/uploads\\\/sites\\\/3\\\/2020\\\/11\\\/logo.jpg\",\"width\":400,\"height\":250,\"caption\":\"Litoral SP\"},\"image\":{\"@id\":\"https:\\\/\\\/redenoticiaz.com.br\\\/litoralsp\\\/#\\\/schema\\\/logo\\\/image\\\/\"}},{\"@type\":\"Person\",\"@id\":\"https:\\\/\\\/redenoticiaz.com.br\\\/litoralsp\\\/#\\\/schema\\\/person\\\/0f0b8a5bdafefe82841e07ae8d81ecb3\",\"name\":\"Leonardo Francisco\",\"image\":{\"@type\":\"ImageObject\",\"inLanguage\":\"pt-BR\",\"@id\":\"https:\\\/\\\/secure.gravatar.com\\\/avatar\\\/a7358cb406a99b682ec6df1e77e31ae82e63601f6784e8a3df411d72b37864da?s=96&d=mm&r=g\",\"url\":\"https:\\\/\\\/secure.gravatar.com\\\/avatar\\\/a7358cb406a99b682ec6df1e77e31ae82e63601f6784e8a3df411d72b37864da?s=96&d=mm&r=g\",\"contentUrl\":\"https:\\\/\\\/secure.gravatar.com\\\/avatar\\\/a7358cb406a99b682ec6df1e77e31ae82e63601f6784e8a3df411d72b37864da?s=96&d=mm&r=g\",\"caption\":\"Leonardo Francisco\"},\"url\":\"https:\\\/\\\/redenoticiaz.com.br\\\/litoralsp\\\/author\\\/leonardo-francisco\"}]}<\/script>\n<!-- \/ Yoast SEO plugin. -->","yoast_head_json":{"title":"Sete mitos e verdades sobre menopausa precoce - Litoral SP","description":"A menopausa, per\u00edodo de cessa\u00e7\u00e3o dos ciclos menstruais e redu\u00e7\u00e3o dos n\u00edveis de horm\u00f4nios, como estrog\u00eanio e progesterona, ocorre","robots":{"index":"index","follow":"follow","max-snippet":"max-snippet:-1","max-image-preview":"max-image-preview:large","max-video-preview":"max-video-preview:-1"},"canonical":"https:\/\/redenoticiaz.com.br\/litoralsp\/2023\/04\/29\/sete-mitos-e-verdades-sobre-menopausa-precoce","og_locale":"pt_BR","og_type":"article","og_title":"Sete mitos e verdades sobre menopausa precoce - Litoral SP","og_description":"A menopausa, per\u00edodo de cessa\u00e7\u00e3o dos ciclos menstruais e redu\u00e7\u00e3o dos n\u00edveis de horm\u00f4nios, como estrog\u00eanio e progesterona, ocorre","og_url":"https:\/\/redenoticiaz.com.br\/litoralsp\/2023\/04\/29\/sete-mitos-e-verdades-sobre-menopausa-precoce","og_site_name":"Litoral SP","article_published_time":"2023-04-29T17:00:09+00:00","og_image":[{"width":613,"height":396,"url":"https:\/\/redenoticiaz.com.br\/litoralsp\/wp-content\/uploads\/sites\/3\/2023\/06\/Captura-de-tela-2023-06-26-122643.jpg","type":"image\/jpeg"}],"author":"Leonardo Francisco","twitter_card":"summary_large_image","twitter_misc":{"Escrito por":"Leonardo Francisco","Est. tempo de leitura":"6 minutos"},"schema":{"@context":"https:\/\/schema.org","@graph":[{"@type":"Article","@id":"https:\/\/redenoticiaz.com.br\/litoralsp\/2023\/04\/29\/sete-mitos-e-verdades-sobre-menopausa-precoce#article","isPartOf":{"@id":"https:\/\/redenoticiaz.com.br\/litoralsp\/2023\/04\/29\/sete-mitos-e-verdades-sobre-menopausa-precoce"},"author":{"name":"Leonardo Francisco","@id":"https:\/\/redenoticiaz.com.br\/litoralsp\/#\/schema\/person\/0f0b8a5bdafefe82841e07ae8d81ecb3"},"headline":"Sete mitos e verdades sobre menopausa precoce","datePublished":"2023-04-29T17:00:09+00:00","mainEntityOfPage":{"@id":"https:\/\/redenoticiaz.com.br\/litoralsp\/2023\/04\/29\/sete-mitos-e-verdades-sobre-menopausa-precoce"},"wordCount":1064,"commentCount":0,"publisher":{"@id":"https:\/\/redenoticiaz.com.br\/litoralsp\/#organization"},"image":{"@id":"https:\/\/redenoticiaz.com.br\/litoralsp\/2023\/04\/29\/sete-mitos-e-verdades-sobre-menopausa-precoce#primaryimage"},"thumbnailUrl":"https:\/\/redenoticiaz.com.br\/litoralsp\/wp-content\/uploads\/sites\/3\/2023\/04\/MENOPAUSA.jpg?v=1682436531","keywords":["MENOPAUSA","MENOPAUSA PRECOCE","Minist\u00e9rio da Sa\u00fade","OMS","SAUDE DA MULHER"],"articleSection":["Sa\u00fade &amp; Bem-Estar"],"inLanguage":"pt-BR","potentialAction":[{"@type":"CommentAction","name":"Comment","target":["https:\/\/redenoticiaz.com.br\/litoralsp\/2023\/04\/29\/sete-mitos-e-verdades-sobre-menopausa-precoce#respond"]}]},{"@type":"WebPage","@id":"https:\/\/redenoticiaz.com.br\/litoralsp\/2023\/04\/29\/sete-mitos-e-verdades-sobre-menopausa-precoce","url":"https:\/\/redenoticiaz.com.br\/litoralsp\/2023\/04\/29\/sete-mitos-e-verdades-sobre-menopausa-precoce","name":"Sete mitos e verdades sobre menopausa precoce - Litoral SP","isPartOf":{"@id":"https:\/\/redenoticiaz.com.br\/litoralsp\/#website"},"primaryImageOfPage":{"@id":"https:\/\/redenoticiaz.com.br\/litoralsp\/2023\/04\/29\/sete-mitos-e-verdades-sobre-menopausa-precoce#primaryimage"},"image":{"@id":"https:\/\/redenoticiaz.com.br\/litoralsp\/2023\/04\/29\/sete-mitos-e-verdades-sobre-menopausa-precoce#primaryimage"},"thumbnailUrl":"https:\/\/redenoticiaz.com.br\/litoralsp\/wp-content\/uploads\/sites\/3\/2023\/04\/MENOPAUSA.jpg?v=1682436531","datePublished":"2023-04-29T17:00:09+00:00","description":"A menopausa, per\u00edodo de cessa\u00e7\u00e3o dos ciclos menstruais e redu\u00e7\u00e3o dos n\u00edveis de horm\u00f4nios, como estrog\u00eanio e progesterona, ocorre","inLanguage":"pt-BR","potentialAction":[{"@type":"ReadAction","target":["https:\/\/redenoticiaz.com.br\/litoralsp\/2023\/04\/29\/sete-mitos-e-verdades-sobre-menopausa-precoce"]}]},{"@type":"ImageObject","inLanguage":"pt-BR","@id":"https:\/\/redenoticiaz.com.br\/litoralsp\/2023\/04\/29\/sete-mitos-e-verdades-sobre-menopausa-precoce#primaryimage","url":"https:\/\/redenoticiaz.com.br\/litoralsp\/wp-content\/uploads\/sites\/3\/2023\/04\/MENOPAUSA.jpg?v=1682436531","contentUrl":"https:\/\/redenoticiaz.com.br\/litoralsp\/wp-content\/uploads\/sites\/3\/2023\/04\/MENOPAUSA.jpg?v=1682436531","width":627,"height":457,"caption":"Cr\u00e9ditos: Divulga\u00e7\u00e3o"},{"@type":"WebSite","@id":"https:\/\/redenoticiaz.com.br\/litoralsp\/#website","url":"https:\/\/redenoticiaz.com.br\/litoralsp\/","name":"Litoral SP","description":"Rede NoticiaZ","publisher":{"@id":"https:\/\/redenoticiaz.com.br\/litoralsp\/#organization"},"potentialAction":[{"@type":"SearchAction","target":{"@type":"EntryPoint","urlTemplate":"https:\/\/redenoticiaz.com.br\/litoralsp\/?s={search_term_string}"},"query-input":{"@type":"PropertyValueSpecification","valueRequired":true,"valueName":"search_term_string"}}],"inLanguage":"pt-BR"},{"@type":"Organization","@id":"https:\/\/redenoticiaz.com.br\/litoralsp\/#organization","name":"Litoral SP","url":"https:\/\/redenoticiaz.com.br\/litoralsp\/","logo":{"@type":"ImageObject","inLanguage":"pt-BR","@id":"https:\/\/redenoticiaz.com.br\/litoralsp\/#\/schema\/logo\/image\/","url":"https:\/\/redenoticiaz.com.br\/litoralsp\/wp-content\/uploads\/sites\/3\/2020\/11\/logo.jpg","contentUrl":"https:\/\/redenoticiaz.com.br\/litoralsp\/wp-content\/uploads\/sites\/3\/2020\/11\/logo.jpg","width":400,"height":250,"caption":"Litoral SP"},"image":{"@id":"https:\/\/redenoticiaz.com.br\/litoralsp\/#\/schema\/logo\/image\/"}},{"@type":"Person","@id":"https:\/\/redenoticiaz.com.br\/litoralsp\/#\/schema\/person\/0f0b8a5bdafefe82841e07ae8d81ecb3","name":"Leonardo Francisco","image":{"@type":"ImageObject","inLanguage":"pt-BR","@id":"https:\/\/secure.gravatar.com\/avatar\/a7358cb406a99b682ec6df1e77e31ae82e63601f6784e8a3df411d72b37864da?s=96&d=mm&r=g","url":"https:\/\/secure.gravatar.com\/avatar\/a7358cb406a99b682ec6df1e77e31ae82e63601f6784e8a3df411d72b37864da?s=96&d=mm&r=g","contentUrl":"https:\/\/secure.gravatar.com\/avatar\/a7358cb406a99b682ec6df1e77e31ae82e63601f6784e8a3df411d72b37864da?s=96&d=mm&r=g","caption":"Leonardo Francisco"},"url":"https:\/\/redenoticiaz.com.br\/litoralsp\/author\/leonardo-francisco"}]}},"_links":{"self":[{"href":"https:\/\/redenoticiaz.com.br\/litoralsp\/wp-json\/wp\/v2\/posts\/104677","targetHints":{"allow":["GET"]}}],"collection":[{"href":"https:\/\/redenoticiaz.com.br\/litoralsp\/wp-json\/wp\/v2\/posts"}],"about":[{"href":"https:\/\/redenoticiaz.com.br\/litoralsp\/wp-json\/wp\/v2\/types\/post"}],"author":[{"embeddable":true,"href":"https:\/\/redenoticiaz.com.br\/litoralsp\/wp-json\/wp\/v2\/users\/6"}],"replies":[{"embeddable":true,"href":"https:\/\/redenoticiaz.com.br\/litoralsp\/wp-json\/wp\/v2\/comments?post=104677"}],"version-history":[{"count":0,"href":"https:\/\/redenoticiaz.com.br\/litoralsp\/wp-json\/wp\/v2\/posts\/104677\/revisions"}],"wp:featuredmedia":[{"embeddable":true,"href":"https:\/\/redenoticiaz.com.br\/litoralsp\/wp-json\/wp\/v2\/media\/104678"}],"wp:attachment":[{"href":"https:\/\/redenoticiaz.com.br\/litoralsp\/wp-json\/wp\/v2\/media?parent=104677"}],"wp:term":[{"taxonomy":"category","embeddable":true,"href":"https:\/\/redenoticiaz.com.br\/litoralsp\/wp-json\/wp\/v2\/categories?post=104677"},{"taxonomy":"post_tag","embeddable":true,"href":"https:\/\/redenoticiaz.com.br\/litoralsp\/wp-json\/wp\/v2\/tags?post=104677"}],"curies":[{"name":"wp","href":"https:\/\/api.w.org\/{rel}","templated":true}]}}