{"id":104679,"date":"2023-04-25T13:31:51","date_gmt":"2023-04-25T16:31:51","guid":{"rendered":"https:\/\/redenoticiaz.com.br\/litoralsp\/?p=104679"},"modified":"2023-04-25T13:31:51","modified_gmt":"2023-04-25T16:31:51","slug":"quatro-menores-sao-apreendidos-por-furto-e-homem-e-preso-por-trafico-em-santos","status":"publish","type":"post","link":"https:\/\/redenoticiaz.com.br\/litoralsp\/2023\/04\/25\/quatro-menores-sao-apreendidos-por-furto-e-homem-e-preso-por-trafico-em-santos","title":{"rendered":"Quatro menores s\u00e3o apreendidos por furto e homem \u00e9 preso por tr\u00e1fico em Santos"},"content":{"rendered":"<p>A Guarda Civil Municipal de Santos (GCM) apreendeu quatro adolescentes por furtos e prendeu um homem por tr\u00e1fico de drogas.<\/p>\n<p>As ocorr\u00eancias foram registradas durante patrulhamento na orla da praia entre quinta-feira (20) e domingo (23).<\/p>\n<div>\n<div class=\"col-md-offset-1 col-md-10\">\n<div class=\"field field-name-body field-type-text-with-summary field-label-hidden\">\n<div class=\"field-items\">\n<div class=\"field-item even\">\n<p>De acordo com as informa\u00e7\u00f5es, equipes de bicicleta da GCM patrulhavam perto da fonte da praia do Boqueir\u00e3o, na tarde de domingo (23), quando foram alertados por um homem tentando alcan\u00e7ar tr\u00eas menores de idade de bicicleta que haviam furtado sua corrente de ouro.<\/p>\n<p>Ainda de acordo com as informa\u00e7\u00f5es, ap\u00f3s persegui\u00e7\u00e3o, os agentes conseguiram abordar dois dos suspeitos e encontrar o objeto subtra\u00eddo. Eles foram encaminhados para a delegacia, onde foi registrado o ato infracional de furto.<\/p>\n<p>Sendo assim, no s\u00e1bado (22), \u00e0s 12h20, outra equipe de guardas municipais de bicicleta foi acionada por um mun\u00edcipe, na orla do Boqueir\u00e3o, informando\u00a0 que tr\u00eas suspeitos de bicicleta se aproximaram e um deles arrancou sua corrente de ouro, fugindo pela ciclovia sentido S\u00e3o Vicente.<\/p>\n<p>Por fim, com apoio das c\u00e2meras do Centro de Controle Operacional (CCO), foi poss\u00edvel identificar dois adolescentes, que acabaram detidos por outras equipes pr\u00f3ximo ao canal 3. O terceiro suspeito conseguiu fugir.<\/p>\n<p>Enfim, j\u00e1 com passagem por furtos e roubos, os adolescentes foram autuados por ato infracional de furto. Eles foram liberados e entregues aos pais, que assumiram o compromisso de apresent\u00e1-los em audi\u00eancia no Minist\u00e9rio P\u00fablico.<\/p>\n<h2>Tr\u00e1fico<\/h2>\n<article id=\"node-154987\" class=\"node node-noticia node-promoted clearfix\">\n<div>\n<div class=\"col-md-offset-1 col-md-10\">\n<div class=\"field field-name-body field-type-text-with-summary field-label-hidden\">\n<div class=\"field-items\">\n<div class=\"field-item even\">\n<p>Na noite de quinta-feira (20), guardas municipais prenderam um homem por tr\u00e1fico de drogas na Pompeia, que ao perceber a aproxima\u00e7\u00e3o da equipe tentou fugir. Com ele, foram encontradas seis por\u00e7\u00f5es de maconha, 25 tubos pl\u00e1sticos de coca\u00edna e R$ 20.\u00a0 Ele foi levado \u00e0 Central de Pol\u00edcia Judici\u00e1ria, onde foi registrado o tr\u00e1fico de entorpecentes.<\/p>\n<\/div>\n<\/div>\n<\/div>\n<\/div>\n<\/div>\n<\/article>\n<div><strong>Leia mais<\/strong><\/div>\n<div><a href=\"https:\/\/redenoticiaz.com.br\/litoralsp\/2023\/04\/25\/aplicativo-sobre-informacoes-do-porto-de-santos-e-lancado\">Aplicativo sobre informa\u00e7\u00f5es do Porto de Santos \u00e9 lan\u00e7ado<\/a><\/div>\n<\/div>\n<\/div>\n<\/div>\n<\/div>\n<\/div>\n","protected":false},"excerpt":{"rendered":"<p>A Guarda Civil Municipal de Santos (GCM) apreendeu quatro adolescentes por furtos e prendeu um homem por tr\u00e1fico de drogas. As ocorr\u00eancias foram registradas durante patrulhamento na orla da praia entre quinta-feira (20) e domingo (23). De acordo com as informa\u00e7\u00f5es, equipes de bicicleta da GCM patrulhavam perto da fonte da praia do Boqueir\u00e3o, na &hellip;<\/p>\n","protected":false},"author":12,"featured_media":104680,"comment_status":"open","ping_status":"closed","sticky":false,"template":"","format":"standard","meta":{"footnotes":""},"categories":[180],"tags":[43,9702,3872,986,61],"class_list":["post-104679","post","type-post","status-publish","format-standard","has-post-thumbnail","hentry","category-santos","tag-guarda-municipal","tag-jovens","tag-orla-da-praia","tag-santos","tag-trafico-de-drogas"],"yoast_head":"<!-- This site is optimized with the Yoast SEO plugin v27.5 - https:\/\/yoast.com\/product\/yoast-seo-wordpress\/ -->\n<title>Quatro menores s\u00e3o apreendidos por furto e homem \u00e9 preso por tr\u00e1fico em Santos - Litoral SP<\/title>\n<meta name=\"description\" content=\"A Guarda Civil Municipal de Santos (GCM) apreendeu quatro adolescentes por furtos e prendeu um homem por tr\u00e1fico de drogas.\" \/>\n<meta name=\"robots\" content=\"index, follow, max-snippet:-1, max-image-preview:large, max-video-preview:-1\" \/>\n<link rel=\"canonical\" href=\"https:\/\/redenoticiaz.com.br\/litoralsp\/2023\/04\/25\/quatro-menores-sao-apreendidos-por-furto-e-homem-e-preso-por-trafico-em-santos\" \/>\n<meta property=\"og:locale\" content=\"pt_BR\" \/>\n<meta property=\"og:type\" content=\"article\" \/>\n<meta property=\"og:title\" content=\"Quatro menores s\u00e3o apreendidos por furto e homem \u00e9 preso por tr\u00e1fico em Santos - Litoral SP\" \/>\n<meta property=\"og:description\" content=\"A Guarda Civil Municipal de Santos (GCM) apreendeu quatro adolescentes por furtos e prendeu um homem por tr\u00e1fico de drogas.\" \/>\n<meta property=\"og:url\" content=\"https:\/\/redenoticiaz.com.br\/litoralsp\/2023\/04\/25\/quatro-menores-sao-apreendidos-por-furto-e-homem-e-preso-por-trafico-em-santos\" \/>\n<meta property=\"og:site_name\" content=\"Litoral SP\" \/>\n<meta property=\"article:published_time\" content=\"2023-04-25T16:31:51+00:00\" \/>\n<meta property=\"og:image\" content=\"https:\/\/redenoticiaz.com.br\/litoralsp\/wp-content\/uploads\/sites\/3\/2023\/04\/whatsapp_image_2023-04-21_at_11.01.32.jpeg\" \/>\n\t<meta property=\"og:image:width\" content=\"810\" \/>\n\t<meta property=\"og:image:height\" content=\"1080\" \/>\n\t<meta property=\"og:image:type\" content=\"image\/jpeg\" \/>\n<meta name=\"author\" content=\"Gustavo Silva\" \/>\n<meta name=\"twitter:card\" content=\"summary_large_image\" \/>\n<meta name=\"twitter:label1\" content=\"Escrito por\" \/>\n\t<meta name=\"twitter:data1\" content=\"Gustavo Silva\" \/>\n\t<meta name=\"twitter:label2\" content=\"Est. tempo de leitura\" \/>\n\t<meta name=\"twitter:data2\" content=\"2 minutos\" \/>\n<script type=\"application\/ld+json\" class=\"yoast-schema-graph\">{\"@context\":\"https:\\\/\\\/schema.org\",\"@graph\":[{\"@type\":\"Article\",\"@id\":\"https:\\\/\\\/redenoticiaz.com.br\\\/litoralsp\\\/2023\\\/04\\\/25\\\/quatro-menores-sao-apreendidos-por-furto-e-homem-e-preso-por-trafico-em-santos#article\",\"isPartOf\":{\"@id\":\"https:\\\/\\\/redenoticiaz.com.br\\\/litoralsp\\\/2023\\\/04\\\/25\\\/quatro-menores-sao-apreendidos-por-furto-e-homem-e-preso-por-trafico-em-santos\"},\"author\":{\"name\":\"Gustavo Silva\",\"@id\":\"https:\\\/\\\/redenoticiaz.com.br\\\/litoralsp\\\/#\\\/schema\\\/person\\\/16057b37a3c0ee6b096d7f887c566e2e\"},\"headline\":\"Quatro menores s\u00e3o apreendidos por furto e homem \u00e9 preso por tr\u00e1fico em Santos\",\"datePublished\":\"2023-04-25T16:31:51+00:00\",\"mainEntityOfPage\":{\"@id\":\"https:\\\/\\\/redenoticiaz.com.br\\\/litoralsp\\\/2023\\\/04\\\/25\\\/quatro-menores-sao-apreendidos-por-furto-e-homem-e-preso-por-trafico-em-santos\"},\"wordCount\":332,\"commentCount\":0,\"publisher\":{\"@id\":\"https:\\\/\\\/redenoticiaz.com.br\\\/litoralsp\\\/#organization\"},\"image\":{\"@id\":\"https:\\\/\\\/redenoticiaz.com.br\\\/litoralsp\\\/2023\\\/04\\\/25\\\/quatro-menores-sao-apreendidos-por-furto-e-homem-e-preso-por-trafico-em-santos#primaryimage\"},\"thumbnailUrl\":\"https:\\\/\\\/redenoticiaz.com.br\\\/litoralsp\\\/wp-content\\\/uploads\\\/sites\\\/3\\\/2023\\\/04\\\/whatsapp_image_2023-04-21_at_11.01.32.jpeg\",\"keywords\":[\"guarda municipal\",\"JOVENS\",\"ORLA DA PRAIA\",\"Santos\",\"TR\u00c1FICO DE DROGAS\"],\"articleSection\":[\"Santos\"],\"inLanguage\":\"pt-BR\",\"potentialAction\":[{\"@type\":\"CommentAction\",\"name\":\"Comment\",\"target\":[\"https:\\\/\\\/redenoticiaz.com.br\\\/litoralsp\\\/2023\\\/04\\\/25\\\/quatro-menores-sao-apreendidos-por-furto-e-homem-e-preso-por-trafico-em-santos#respond\"]}]},{\"@type\":\"WebPage\",\"@id\":\"https:\\\/\\\/redenoticiaz.com.br\\\/litoralsp\\\/2023\\\/04\\\/25\\\/quatro-menores-sao-apreendidos-por-furto-e-homem-e-preso-por-trafico-em-santos\",\"url\":\"https:\\\/\\\/redenoticiaz.com.br\\\/litoralsp\\\/2023\\\/04\\\/25\\\/quatro-menores-sao-apreendidos-por-furto-e-homem-e-preso-por-trafico-em-santos\",\"name\":\"Quatro menores s\u00e3o apreendidos por furto e homem \u00e9 preso por tr\u00e1fico em Santos - Litoral SP\",\"isPartOf\":{\"@id\":\"https:\\\/\\\/redenoticiaz.com.br\\\/litoralsp\\\/#website\"},\"primaryImageOfPage\":{\"@id\":\"https:\\\/\\\/redenoticiaz.com.br\\\/litoralsp\\\/2023\\\/04\\\/25\\\/quatro-menores-sao-apreendidos-por-furto-e-homem-e-preso-por-trafico-em-santos#primaryimage\"},\"image\":{\"@id\":\"https:\\\/\\\/redenoticiaz.com.br\\\/litoralsp\\\/2023\\\/04\\\/25\\\/quatro-menores-sao-apreendidos-por-furto-e-homem-e-preso-por-trafico-em-santos#primaryimage\"},\"thumbnailUrl\":\"https:\\\/\\\/redenoticiaz.com.br\\\/litoralsp\\\/wp-content\\\/uploads\\\/sites\\\/3\\\/2023\\\/04\\\/whatsapp_image_2023-04-21_at_11.01.32.jpeg\",\"datePublished\":\"2023-04-25T16:31:51+00:00\",\"description\":\"A Guarda Civil Municipal de Santos (GCM) apreendeu quatro adolescentes por furtos e prendeu um homem por tr\u00e1fico de drogas.\",\"inLanguage\":\"pt-BR\",\"potentialAction\":[{\"@type\":\"ReadAction\",\"target\":[\"https:\\\/\\\/redenoticiaz.com.br\\\/litoralsp\\\/2023\\\/04\\\/25\\\/quatro-menores-sao-apreendidos-por-furto-e-homem-e-preso-por-trafico-em-santos\"]}]},{\"@type\":\"ImageObject\",\"inLanguage\":\"pt-BR\",\"@id\":\"https:\\\/\\\/redenoticiaz.com.br\\\/litoralsp\\\/2023\\\/04\\\/25\\\/quatro-menores-sao-apreendidos-por-furto-e-homem-e-preso-por-trafico-em-santos#primaryimage\",\"url\":\"https:\\\/\\\/redenoticiaz.com.br\\\/litoralsp\\\/wp-content\\\/uploads\\\/sites\\\/3\\\/2023\\\/04\\\/whatsapp_image_2023-04-21_at_11.01.32.jpeg\",\"contentUrl\":\"https:\\\/\\\/redenoticiaz.com.br\\\/litoralsp\\\/wp-content\\\/uploads\\\/sites\\\/3\\\/2023\\\/04\\\/whatsapp_image_2023-04-21_at_11.01.32.jpeg\",\"width\":810,\"height\":1080,\"caption\":\"Quatro menores s\u00e3o apreendidos por furto e homem \u00e9 preso por tr\u00e1fico em Santos\"},{\"@type\":\"WebSite\",\"@id\":\"https:\\\/\\\/redenoticiaz.com.br\\\/litoralsp\\\/#website\",\"url\":\"https:\\\/\\\/redenoticiaz.com.br\\\/litoralsp\\\/\",\"name\":\"Litoral SP\",\"description\":\"Rede NoticiaZ\",\"publisher\":{\"@id\":\"https:\\\/\\\/redenoticiaz.com.br\\\/litoralsp\\\/#organization\"},\"potentialAction\":[{\"@type\":\"SearchAction\",\"target\":{\"@type\":\"EntryPoint\",\"urlTemplate\":\"https:\\\/\\\/redenoticiaz.com.br\\\/litoralsp\\\/?s={search_term_string}\"},\"query-input\":{\"@type\":\"PropertyValueSpecification\",\"valueRequired\":true,\"valueName\":\"search_term_string\"}}],\"inLanguage\":\"pt-BR\"},{\"@type\":\"Organization\",\"@id\":\"https:\\\/\\\/redenoticiaz.com.br\\\/litoralsp\\\/#organization\",\"name\":\"Litoral SP\",\"url\":\"https:\\\/\\\/redenoticiaz.com.br\\\/litoralsp\\\/\",\"logo\":{\"@type\":\"ImageObject\",\"inLanguage\":\"pt-BR\",\"@id\":\"https:\\\/\\\/redenoticiaz.com.br\\\/litoralsp\\\/#\\\/schema\\\/logo\\\/image\\\/\",\"url\":\"https:\\\/\\\/redenoticiaz.com.br\\\/litoralsp\\\/wp-content\\\/uploads\\\/sites\\\/3\\\/2020\\\/11\\\/logo.jpg\",\"contentUrl\":\"https:\\\/\\\/redenoticiaz.com.br\\\/litoralsp\\\/wp-content\\\/uploads\\\/sites\\\/3\\\/2020\\\/11\\\/logo.jpg\",\"width\":400,\"height\":250,\"caption\":\"Litoral SP\"},\"image\":{\"@id\":\"https:\\\/\\\/redenoticiaz.com.br\\\/litoralsp\\\/#\\\/schema\\\/logo\\\/image\\\/\"}},{\"@type\":\"Person\",\"@id\":\"https:\\\/\\\/redenoticiaz.com.br\\\/litoralsp\\\/#\\\/schema\\\/person\\\/16057b37a3c0ee6b096d7f887c566e2e\",\"name\":\"Gustavo Silva\",\"image\":{\"@type\":\"ImageObject\",\"inLanguage\":\"pt-BR\",\"@id\":\"https:\\\/\\\/secure.gravatar.com\\\/avatar\\\/3ee4e82f93b26de0a7cf4ea5eb7893da637ed6bb0c9170c58065944c56e28a33?s=96&d=mm&r=g\",\"url\":\"https:\\\/\\\/secure.gravatar.com\\\/avatar\\\/3ee4e82f93b26de0a7cf4ea5eb7893da637ed6bb0c9170c58065944c56e28a33?s=96&d=mm&r=g\",\"contentUrl\":\"https:\\\/\\\/secure.gravatar.com\\\/avatar\\\/3ee4e82f93b26de0a7cf4ea5eb7893da637ed6bb0c9170c58065944c56e28a33?s=96&d=mm&r=g\",\"caption\":\"Gustavo Silva\"},\"url\":\"https:\\\/\\\/redenoticiaz.com.br\\\/litoralsp\\\/author\\\/gustavosilva\"}]}<\/script>\n<!-- \/ Yoast SEO plugin. -->","yoast_head_json":{"title":"Quatro menores s\u00e3o apreendidos por furto e homem \u00e9 preso por tr\u00e1fico em Santos - Litoral SP","description":"A Guarda Civil Municipal de Santos (GCM) apreendeu quatro adolescentes por furtos e prendeu um homem por tr\u00e1fico de drogas.","robots":{"index":"index","follow":"follow","max-snippet":"max-snippet:-1","max-image-preview":"max-image-preview:large","max-video-preview":"max-video-preview:-1"},"canonical":"https:\/\/redenoticiaz.com.br\/litoralsp\/2023\/04\/25\/quatro-menores-sao-apreendidos-por-furto-e-homem-e-preso-por-trafico-em-santos","og_locale":"pt_BR","og_type":"article","og_title":"Quatro menores s\u00e3o apreendidos por furto e homem \u00e9 preso por tr\u00e1fico em Santos - Litoral SP","og_description":"A Guarda Civil Municipal de Santos (GCM) apreendeu quatro adolescentes por furtos e prendeu um homem por tr\u00e1fico de drogas.","og_url":"https:\/\/redenoticiaz.com.br\/litoralsp\/2023\/04\/25\/quatro-menores-sao-apreendidos-por-furto-e-homem-e-preso-por-trafico-em-santos","og_site_name":"Litoral SP","article_published_time":"2023-04-25T16:31:51+00:00","og_image":[{"width":810,"height":1080,"url":"https:\/\/redenoticiaz.com.br\/litoralsp\/wp-content\/uploads\/sites\/3\/2023\/04\/whatsapp_image_2023-04-21_at_11.01.32.jpeg","type":"image\/jpeg"}],"author":"Gustavo Silva","twitter_card":"summary_large_image","twitter_misc":{"Escrito por":"Gustavo Silva","Est. tempo de leitura":"2 minutos"},"schema":{"@context":"https:\/\/schema.org","@graph":[{"@type":"Article","@id":"https:\/\/redenoticiaz.com.br\/litoralsp\/2023\/04\/25\/quatro-menores-sao-apreendidos-por-furto-e-homem-e-preso-por-trafico-em-santos#article","isPartOf":{"@id":"https:\/\/redenoticiaz.com.br\/litoralsp\/2023\/04\/25\/quatro-menores-sao-apreendidos-por-furto-e-homem-e-preso-por-trafico-em-santos"},"author":{"name":"Gustavo Silva","@id":"https:\/\/redenoticiaz.com.br\/litoralsp\/#\/schema\/person\/16057b37a3c0ee6b096d7f887c566e2e"},"headline":"Quatro menores s\u00e3o apreendidos por furto e homem \u00e9 preso por tr\u00e1fico em Santos","datePublished":"2023-04-25T16:31:51+00:00","mainEntityOfPage":{"@id":"https:\/\/redenoticiaz.com.br\/litoralsp\/2023\/04\/25\/quatro-menores-sao-apreendidos-por-furto-e-homem-e-preso-por-trafico-em-santos"},"wordCount":332,"commentCount":0,"publisher":{"@id":"https:\/\/redenoticiaz.com.br\/litoralsp\/#organization"},"image":{"@id":"https:\/\/redenoticiaz.com.br\/litoralsp\/2023\/04\/25\/quatro-menores-sao-apreendidos-por-furto-e-homem-e-preso-por-trafico-em-santos#primaryimage"},"thumbnailUrl":"https:\/\/redenoticiaz.com.br\/litoralsp\/wp-content\/uploads\/sites\/3\/2023\/04\/whatsapp_image_2023-04-21_at_11.01.32.jpeg","keywords":["guarda municipal","JOVENS","ORLA DA PRAIA","Santos","TR\u00c1FICO DE DROGAS"],"articleSection":["Santos"],"inLanguage":"pt-BR","potentialAction":[{"@type":"CommentAction","name":"Comment","target":["https:\/\/redenoticiaz.com.br\/litoralsp\/2023\/04\/25\/quatro-menores-sao-apreendidos-por-furto-e-homem-e-preso-por-trafico-em-santos#respond"]}]},{"@type":"WebPage","@id":"https:\/\/redenoticiaz.com.br\/litoralsp\/2023\/04\/25\/quatro-menores-sao-apreendidos-por-furto-e-homem-e-preso-por-trafico-em-santos","url":"https:\/\/redenoticiaz.com.br\/litoralsp\/2023\/04\/25\/quatro-menores-sao-apreendidos-por-furto-e-homem-e-preso-por-trafico-em-santos","name":"Quatro menores s\u00e3o apreendidos por furto e homem \u00e9 preso por tr\u00e1fico em Santos - Litoral SP","isPartOf":{"@id":"https:\/\/redenoticiaz.com.br\/litoralsp\/#website"},"primaryImageOfPage":{"@id":"https:\/\/redenoticiaz.com.br\/litoralsp\/2023\/04\/25\/quatro-menores-sao-apreendidos-por-furto-e-homem-e-preso-por-trafico-em-santos#primaryimage"},"image":{"@id":"https:\/\/redenoticiaz.com.br\/litoralsp\/2023\/04\/25\/quatro-menores-sao-apreendidos-por-furto-e-homem-e-preso-por-trafico-em-santos#primaryimage"},"thumbnailUrl":"https:\/\/redenoticiaz.com.br\/litoralsp\/wp-content\/uploads\/sites\/3\/2023\/04\/whatsapp_image_2023-04-21_at_11.01.32.jpeg","datePublished":"2023-04-25T16:31:51+00:00","description":"A Guarda Civil Municipal de Santos (GCM) apreendeu quatro adolescentes por furtos e prendeu um homem por tr\u00e1fico de drogas.","inLanguage":"pt-BR","potentialAction":[{"@type":"ReadAction","target":["https:\/\/redenoticiaz.com.br\/litoralsp\/2023\/04\/25\/quatro-menores-sao-apreendidos-por-furto-e-homem-e-preso-por-trafico-em-santos"]}]},{"@type":"ImageObject","inLanguage":"pt-BR","@id":"https:\/\/redenoticiaz.com.br\/litoralsp\/2023\/04\/25\/quatro-menores-sao-apreendidos-por-furto-e-homem-e-preso-por-trafico-em-santos#primaryimage","url":"https:\/\/redenoticiaz.com.br\/litoralsp\/wp-content\/uploads\/sites\/3\/2023\/04\/whatsapp_image_2023-04-21_at_11.01.32.jpeg","contentUrl":"https:\/\/redenoticiaz.com.br\/litoralsp\/wp-content\/uploads\/sites\/3\/2023\/04\/whatsapp_image_2023-04-21_at_11.01.32.jpeg","width":810,"height":1080,"caption":"Quatro menores s\u00e3o apreendidos por furto e homem \u00e9 preso por tr\u00e1fico em Santos"},{"@type":"WebSite","@id":"https:\/\/redenoticiaz.com.br\/litoralsp\/#website","url":"https:\/\/redenoticiaz.com.br\/litoralsp\/","name":"Litoral SP","description":"Rede NoticiaZ","publisher":{"@id":"https:\/\/redenoticiaz.com.br\/litoralsp\/#organization"},"potentialAction":[{"@type":"SearchAction","target":{"@type":"EntryPoint","urlTemplate":"https:\/\/redenoticiaz.com.br\/litoralsp\/?s={search_term_string}"},"query-input":{"@type":"PropertyValueSpecification","valueRequired":true,"valueName":"search_term_string"}}],"inLanguage":"pt-BR"},{"@type":"Organization","@id":"https:\/\/redenoticiaz.com.br\/litoralsp\/#organization","name":"Litoral SP","url":"https:\/\/redenoticiaz.com.br\/litoralsp\/","logo":{"@type":"ImageObject","inLanguage":"pt-BR","@id":"https:\/\/redenoticiaz.com.br\/litoralsp\/#\/schema\/logo\/image\/","url":"https:\/\/redenoticiaz.com.br\/litoralsp\/wp-content\/uploads\/sites\/3\/2020\/11\/logo.jpg","contentUrl":"https:\/\/redenoticiaz.com.br\/litoralsp\/wp-content\/uploads\/sites\/3\/2020\/11\/logo.jpg","width":400,"height":250,"caption":"Litoral SP"},"image":{"@id":"https:\/\/redenoticiaz.com.br\/litoralsp\/#\/schema\/logo\/image\/"}},{"@type":"Person","@id":"https:\/\/redenoticiaz.com.br\/litoralsp\/#\/schema\/person\/16057b37a3c0ee6b096d7f887c566e2e","name":"Gustavo Silva","image":{"@type":"ImageObject","inLanguage":"pt-BR","@id":"https:\/\/secure.gravatar.com\/avatar\/3ee4e82f93b26de0a7cf4ea5eb7893da637ed6bb0c9170c58065944c56e28a33?s=96&d=mm&r=g","url":"https:\/\/secure.gravatar.com\/avatar\/3ee4e82f93b26de0a7cf4ea5eb7893da637ed6bb0c9170c58065944c56e28a33?s=96&d=mm&r=g","contentUrl":"https:\/\/secure.gravatar.com\/avatar\/3ee4e82f93b26de0a7cf4ea5eb7893da637ed6bb0c9170c58065944c56e28a33?s=96&d=mm&r=g","caption":"Gustavo Silva"},"url":"https:\/\/redenoticiaz.com.br\/litoralsp\/author\/gustavosilva"}]}},"_links":{"self":[{"href":"https:\/\/redenoticiaz.com.br\/litoralsp\/wp-json\/wp\/v2\/posts\/104679","targetHints":{"allow":["GET"]}}],"collection":[{"href":"https:\/\/redenoticiaz.com.br\/litoralsp\/wp-json\/wp\/v2\/posts"}],"about":[{"href":"https:\/\/redenoticiaz.com.br\/litoralsp\/wp-json\/wp\/v2\/types\/post"}],"author":[{"embeddable":true,"href":"https:\/\/redenoticiaz.com.br\/litoralsp\/wp-json\/wp\/v2\/users\/12"}],"replies":[{"embeddable":true,"href":"https:\/\/redenoticiaz.com.br\/litoralsp\/wp-json\/wp\/v2\/comments?post=104679"}],"version-history":[{"count":1,"href":"https:\/\/redenoticiaz.com.br\/litoralsp\/wp-json\/wp\/v2\/posts\/104679\/revisions"}],"predecessor-version":[{"id":104681,"href":"https:\/\/redenoticiaz.com.br\/litoralsp\/wp-json\/wp\/v2\/posts\/104679\/revisions\/104681"}],"wp:featuredmedia":[{"embeddable":true,"href":"https:\/\/redenoticiaz.com.br\/litoralsp\/wp-json\/wp\/v2\/media\/104680"}],"wp:attachment":[{"href":"https:\/\/redenoticiaz.com.br\/litoralsp\/wp-json\/wp\/v2\/media?parent=104679"}],"wp:term":[{"taxonomy":"category","embeddable":true,"href":"https:\/\/redenoticiaz.com.br\/litoralsp\/wp-json\/wp\/v2\/categories?post=104679"},{"taxonomy":"post_tag","embeddable":true,"href":"https:\/\/redenoticiaz.com.br\/litoralsp\/wp-json\/wp\/v2\/tags?post=104679"}],"curies":[{"name":"wp","href":"https:\/\/api.w.org\/{rel}","templated":true}]}}