{"id":104795,"date":"2023-04-27T13:57:20","date_gmt":"2023-04-27T16:57:20","guid":{"rendered":"https:\/\/redenoticiaz.com.br\/litoralsp\/?p=104795"},"modified":"2023-04-27T13:57:20","modified_gmt":"2023-04-27T16:57:20","slug":"video-policia-ambiental-flagra-pesca-proibida-na-costa-de-santos","status":"publish","type":"post","link":"https:\/\/redenoticiaz.com.br\/litoralsp\/2023\/04\/27\/video-policia-ambiental-flagra-pesca-proibida-na-costa-de-santos","title":{"rendered":"V\u00cdDEO &#8211; Pol\u00edcia Ambiental flagra pesca proibida na costa de Santos"},"content":{"rendered":"<div>A Pol\u00edcia Ambiental flagrou pesca proibida na costa de Santos na tarde desta ter\u00e7a-feira (27) durante patrulhamento mar\u00edtimo na Opera\u00e7\u00e3o Impacto.<\/div>\n<div><\/div>\n<div>De acordo com as informa\u00e7\u00f5es, as equipes se aproximavam\u00a0do Parque Estadual marinho Laje de Santos quando observaram uma lancha pr\u00f3xima ao rochedo conhecido como Calhaus.<\/div>\n<div><\/div>\n<div>Ainda de acordo com as informa\u00e7\u00f5es, ao perceber a lancha-patrulha da Pol\u00edcia Militar Ambiental, o condutor da embarca\u00e7\u00e3o iniciou deslocamento para fora do parque.<\/div>\n<div>\n<div class=\"wp-playlist wp-video-playlist wp-playlist-light\">\n\t\t<video controls=\"controls\" preload=\"none\" width=\"640\"\n\t\t height=\"352\"\t><\/video>\n\t<div class=\"wp-playlist-next\"><\/div>\n\t<div class=\"wp-playlist-prev\"><\/div>\n\t<noscript>\n\t<ol>\n\t\t<li><a href='https:\/\/redenoticiaz.com.br\/litoralsp\/wp-content\/uploads\/sites\/3\/2023\/04\/WhatsApp-Video-2023-04-27-at-12.04.40.mp4'>V\u00cdDEO - Pol\u00edcia Ambiental flagra pesca proibida na costa de Santos<\/a><\/li>\t<\/ol>\n\t<\/noscript>\n\t<script type=\"application\/json\" class=\"wp-playlist-script\">{\"type\":\"video\",\"tracklist\":true,\"tracknumbers\":true,\"images\":true,\"artists\":true,\"tracks\":[{\"src\":\"https:\/\/redenoticiaz.com.br\/litoralsp\/wp-content\/uploads\/sites\/3\/2023\/04\/WhatsApp-Video-2023-04-27-at-12.04.40.mp4\",\"type\":\"video\/mp4\",\"title\":\"V\\u00cdDEO - Pol\\u00edcia Ambiental flagra pesca proibida na costa de Santos\",\"caption\":\"V\\u00cdDEO - Pol\\u00edcia Ambiental flagra pesca proibida na costa de Santos\",\"description\":\"V\\u00cdDEO - Pol\\u00edcia Ambiental flagra pesca proibida na costa de Santos\",\"meta\":{\"length_formatted\":\"0:30\"},\"dimensions\":{\"original\":{\"width\":640,\"height\":352},\"resized\":{\"width\":640,\"height\":352}},\"image\":{\"src\":\"https:\/\/redenoticiaz.com.br\/litoralsp\/wp-includes\/images\/media\/video.svg\",\"width\":48,\"height\":64},\"thumb\":{\"src\":\"https:\/\/redenoticiaz.com.br\/litoralsp\/wp-includes\/images\/media\/video.svg\",\"width\":48,\"height\":64}}]}<\/script>\n<\/div>\n\t\n<\/div>\n<div><\/div>\n<div>Sendo assim, a pol\u00edcia autuou quatro homens pelo crime ambiental de \u201cPescar em local no qual a pesca seja proib\u00edda\u201d.<\/div>\n<div><\/div>\n<div>Por fim, as multas de R$ 2.080,00 cada, somam R$ 8.320,00 em multas, e os acusados responder\u00e3o em liberdade e comparecer\u00e3o em atendimento ambiental na Secretaria de Meio Ambiente de SP para prestar explica\u00e7\u00f5es.<\/div>\n<div><\/div>\n<div>Leia mais<\/div>\n<div><a href=\"https:\/\/redenoticiaz.com.br\/litoralsp\/2023\/04\/27\/operacao-conjunta-no-porto-de-santos-resulta-na-apreensao-de-199-kg-de-cocaina\">Sertaneja Yasmin Santos sofre assalto na porta de casa<\/a><\/div>\n","protected":false},"excerpt":{"rendered":"<p>A Pol\u00edcia Ambiental flagrou pesca proibida na costa de Santos na tarde desta ter\u00e7a-feira (27) durante patrulhamento mar\u00edtimo na Opera\u00e7\u00e3o Impacto. De acordo com as informa\u00e7\u00f5es, as equipes se aproximavam\u00a0do Parque Estadual marinho Laje de Santos quando observaram uma lancha pr\u00f3xima ao rochedo conhecido como Calhaus. Ainda de acordo com as informa\u00e7\u00f5es, ao perceber a &hellip;<\/p>\n","protected":false},"author":12,"featured_media":104797,"comment_status":"open","ping_status":"closed","sticky":false,"template":"","format":"standard","meta":{"footnotes":""},"categories":[180],"tags":[14600,12780,23143,64823,986],"class_list":["post-104795","post","type-post","status-publish","format-standard","has-post-thumbnail","hentry","category-santos","tag-ambiental","tag-pesca","tag-policia-2","tag-policia-amniental","tag-santos"],"yoast_head":"<!-- This site is optimized with the Yoast SEO plugin v27.5 - https:\/\/yoast.com\/product\/yoast-seo-wordpress\/ -->\n<title>V\u00cdDEO &#8211; Pol\u00edcia Ambiental flagra pesca proibida na costa de Santos - Litoral SP<\/title>\n<meta name=\"description\" content=\"A Pol\u00edcia Ambiental flagrou pesca proibida na costa de Santos na tarde desta ter\u00e7a-feira (27) durante patrulhamento mar\u00edtimo na Opera\u00e7\u00e3o Impacto.\" \/>\n<meta name=\"robots\" content=\"index, follow, max-snippet:-1, max-image-preview:large, max-video-preview:-1\" \/>\n<link rel=\"canonical\" href=\"https:\/\/redenoticiaz.com.br\/litoralsp\/2023\/04\/27\/video-policia-ambiental-flagra-pesca-proibida-na-costa-de-santos\" \/>\n<meta property=\"og:locale\" content=\"pt_BR\" \/>\n<meta property=\"og:type\" content=\"article\" \/>\n<meta property=\"og:title\" content=\"V\u00cdDEO &#8211; Pol\u00edcia Ambiental flagra pesca proibida na costa de Santos - Litoral SP\" \/>\n<meta property=\"og:description\" content=\"A Pol\u00edcia Ambiental flagrou pesca proibida na costa de Santos na tarde desta ter\u00e7a-feira (27) durante patrulhamento mar\u00edtimo na Opera\u00e7\u00e3o Impacto.\" \/>\n<meta property=\"og:url\" content=\"https:\/\/redenoticiaz.com.br\/litoralsp\/2023\/04\/27\/video-policia-ambiental-flagra-pesca-proibida-na-costa-de-santos\" \/>\n<meta property=\"og:site_name\" content=\"Litoral SP\" \/>\n<meta property=\"article:published_time\" content=\"2023-04-27T16:57:20+00:00\" \/>\n<meta property=\"og:image\" content=\"https:\/\/redenoticiaz.com.br\/litoralsp\/wp-content\/uploads\/sites\/3\/2023\/04\/WhatsApp-Image-2023-04-27-at-12.04.42.jpeg\" \/>\n\t<meta property=\"og:image:width\" content=\"1280\" \/>\n\t<meta property=\"og:image:height\" content=\"746\" \/>\n\t<meta property=\"og:image:type\" content=\"image\/jpeg\" \/>\n<meta name=\"author\" content=\"Gustavo Silva\" \/>\n<meta name=\"twitter:card\" content=\"summary_large_image\" \/>\n<meta name=\"twitter:label1\" content=\"Escrito por\" \/>\n\t<meta name=\"twitter:data1\" content=\"Gustavo Silva\" \/>\n\t<meta name=\"twitter:label2\" content=\"Est. tempo de leitura\" \/>\n\t<meta name=\"twitter:data2\" content=\"1 minuto\" \/>\n<script type=\"application\/ld+json\" class=\"yoast-schema-graph\">{\"@context\":\"https:\\\/\\\/schema.org\",\"@graph\":[{\"@type\":\"Article\",\"@id\":\"https:\\\/\\\/redenoticiaz.com.br\\\/litoralsp\\\/2023\\\/04\\\/27\\\/video-policia-ambiental-flagra-pesca-proibida-na-costa-de-santos#article\",\"isPartOf\":{\"@id\":\"https:\\\/\\\/redenoticiaz.com.br\\\/litoralsp\\\/2023\\\/04\\\/27\\\/video-policia-ambiental-flagra-pesca-proibida-na-costa-de-santos\"},\"author\":{\"name\":\"Gustavo Silva\",\"@id\":\"https:\\\/\\\/redenoticiaz.com.br\\\/litoralsp\\\/#\\\/schema\\\/person\\\/16057b37a3c0ee6b096d7f887c566e2e\"},\"headline\":\"V\u00cdDEO &#8211; Pol\u00edcia Ambiental flagra pesca proibida na costa de Santos\",\"datePublished\":\"2023-04-27T16:57:20+00:00\",\"mainEntityOfPage\":{\"@id\":\"https:\\\/\\\/redenoticiaz.com.br\\\/litoralsp\\\/2023\\\/04\\\/27\\\/video-policia-ambiental-flagra-pesca-proibida-na-costa-de-santos\"},\"wordCount\":163,\"commentCount\":0,\"publisher\":{\"@id\":\"https:\\\/\\\/redenoticiaz.com.br\\\/litoralsp\\\/#organization\"},\"image\":{\"@id\":\"https:\\\/\\\/redenoticiaz.com.br\\\/litoralsp\\\/2023\\\/04\\\/27\\\/video-policia-ambiental-flagra-pesca-proibida-na-costa-de-santos#primaryimage\"},\"thumbnailUrl\":\"https:\\\/\\\/redenoticiaz.com.br\\\/litoralsp\\\/wp-content\\\/uploads\\\/sites\\\/3\\\/2023\\\/04\\\/WhatsApp-Image-2023-04-27-at-12.04.42.jpeg\",\"keywords\":[\"AMBIENTAL\",\"PESCA\",\"POL\u00cdCIA\",\"pol\u00edcia amniental\",\"Santos\"],\"articleSection\":[\"Santos\"],\"inLanguage\":\"pt-BR\",\"potentialAction\":[{\"@type\":\"CommentAction\",\"name\":\"Comment\",\"target\":[\"https:\\\/\\\/redenoticiaz.com.br\\\/litoralsp\\\/2023\\\/04\\\/27\\\/video-policia-ambiental-flagra-pesca-proibida-na-costa-de-santos#respond\"]}]},{\"@type\":\"WebPage\",\"@id\":\"https:\\\/\\\/redenoticiaz.com.br\\\/litoralsp\\\/2023\\\/04\\\/27\\\/video-policia-ambiental-flagra-pesca-proibida-na-costa-de-santos\",\"url\":\"https:\\\/\\\/redenoticiaz.com.br\\\/litoralsp\\\/2023\\\/04\\\/27\\\/video-policia-ambiental-flagra-pesca-proibida-na-costa-de-santos\",\"name\":\"V\u00cdDEO &#8211; Pol\u00edcia Ambiental flagra pesca proibida na costa de Santos - Litoral SP\",\"isPartOf\":{\"@id\":\"https:\\\/\\\/redenoticiaz.com.br\\\/litoralsp\\\/#website\"},\"primaryImageOfPage\":{\"@id\":\"https:\\\/\\\/redenoticiaz.com.br\\\/litoralsp\\\/2023\\\/04\\\/27\\\/video-policia-ambiental-flagra-pesca-proibida-na-costa-de-santos#primaryimage\"},\"image\":{\"@id\":\"https:\\\/\\\/redenoticiaz.com.br\\\/litoralsp\\\/2023\\\/04\\\/27\\\/video-policia-ambiental-flagra-pesca-proibida-na-costa-de-santos#primaryimage\"},\"thumbnailUrl\":\"https:\\\/\\\/redenoticiaz.com.br\\\/litoralsp\\\/wp-content\\\/uploads\\\/sites\\\/3\\\/2023\\\/04\\\/WhatsApp-Image-2023-04-27-at-12.04.42.jpeg\",\"datePublished\":\"2023-04-27T16:57:20+00:00\",\"description\":\"A Pol\u00edcia Ambiental flagrou pesca proibida na costa de Santos na tarde desta ter\u00e7a-feira (27) durante patrulhamento mar\u00edtimo na Opera\u00e7\u00e3o Impacto.\",\"inLanguage\":\"pt-BR\",\"potentialAction\":[{\"@type\":\"ReadAction\",\"target\":[\"https:\\\/\\\/redenoticiaz.com.br\\\/litoralsp\\\/2023\\\/04\\\/27\\\/video-policia-ambiental-flagra-pesca-proibida-na-costa-de-santos\"]}]},{\"@type\":\"ImageObject\",\"inLanguage\":\"pt-BR\",\"@id\":\"https:\\\/\\\/redenoticiaz.com.br\\\/litoralsp\\\/2023\\\/04\\\/27\\\/video-policia-ambiental-flagra-pesca-proibida-na-costa-de-santos#primaryimage\",\"url\":\"https:\\\/\\\/redenoticiaz.com.br\\\/litoralsp\\\/wp-content\\\/uploads\\\/sites\\\/3\\\/2023\\\/04\\\/WhatsApp-Image-2023-04-27-at-12.04.42.jpeg\",\"contentUrl\":\"https:\\\/\\\/redenoticiaz.com.br\\\/litoralsp\\\/wp-content\\\/uploads\\\/sites\\\/3\\\/2023\\\/04\\\/WhatsApp-Image-2023-04-27-at-12.04.42.jpeg\",\"width\":1280,\"height\":746,\"caption\":\"V\u00cdDEO - Pol\u00edcia Ambiental flagra pesca proibida na costa de Santos\"},{\"@type\":\"WebSite\",\"@id\":\"https:\\\/\\\/redenoticiaz.com.br\\\/litoralsp\\\/#website\",\"url\":\"https:\\\/\\\/redenoticiaz.com.br\\\/litoralsp\\\/\",\"name\":\"Litoral SP\",\"description\":\"Rede NoticiaZ\",\"publisher\":{\"@id\":\"https:\\\/\\\/redenoticiaz.com.br\\\/litoralsp\\\/#organization\"},\"potentialAction\":[{\"@type\":\"SearchAction\",\"target\":{\"@type\":\"EntryPoint\",\"urlTemplate\":\"https:\\\/\\\/redenoticiaz.com.br\\\/litoralsp\\\/?s={search_term_string}\"},\"query-input\":{\"@type\":\"PropertyValueSpecification\",\"valueRequired\":true,\"valueName\":\"search_term_string\"}}],\"inLanguage\":\"pt-BR\"},{\"@type\":\"Organization\",\"@id\":\"https:\\\/\\\/redenoticiaz.com.br\\\/litoralsp\\\/#organization\",\"name\":\"Litoral SP\",\"url\":\"https:\\\/\\\/redenoticiaz.com.br\\\/litoralsp\\\/\",\"logo\":{\"@type\":\"ImageObject\",\"inLanguage\":\"pt-BR\",\"@id\":\"https:\\\/\\\/redenoticiaz.com.br\\\/litoralsp\\\/#\\\/schema\\\/logo\\\/image\\\/\",\"url\":\"https:\\\/\\\/redenoticiaz.com.br\\\/litoralsp\\\/wp-content\\\/uploads\\\/sites\\\/3\\\/2020\\\/11\\\/logo.jpg\",\"contentUrl\":\"https:\\\/\\\/redenoticiaz.com.br\\\/litoralsp\\\/wp-content\\\/uploads\\\/sites\\\/3\\\/2020\\\/11\\\/logo.jpg\",\"width\":400,\"height\":250,\"caption\":\"Litoral SP\"},\"image\":{\"@id\":\"https:\\\/\\\/redenoticiaz.com.br\\\/litoralsp\\\/#\\\/schema\\\/logo\\\/image\\\/\"}},{\"@type\":\"Person\",\"@id\":\"https:\\\/\\\/redenoticiaz.com.br\\\/litoralsp\\\/#\\\/schema\\\/person\\\/16057b37a3c0ee6b096d7f887c566e2e\",\"name\":\"Gustavo Silva\",\"image\":{\"@type\":\"ImageObject\",\"inLanguage\":\"pt-BR\",\"@id\":\"https:\\\/\\\/secure.gravatar.com\\\/avatar\\\/3ee4e82f93b26de0a7cf4ea5eb7893da637ed6bb0c9170c58065944c56e28a33?s=96&d=mm&r=g\",\"url\":\"https:\\\/\\\/secure.gravatar.com\\\/avatar\\\/3ee4e82f93b26de0a7cf4ea5eb7893da637ed6bb0c9170c58065944c56e28a33?s=96&d=mm&r=g\",\"contentUrl\":\"https:\\\/\\\/secure.gravatar.com\\\/avatar\\\/3ee4e82f93b26de0a7cf4ea5eb7893da637ed6bb0c9170c58065944c56e28a33?s=96&d=mm&r=g\",\"caption\":\"Gustavo Silva\"},\"url\":\"https:\\\/\\\/redenoticiaz.com.br\\\/litoralsp\\\/author\\\/gustavosilva\"}]}<\/script>\n<!-- \/ Yoast SEO plugin. -->","yoast_head_json":{"title":"V\u00cdDEO &#8211; Pol\u00edcia Ambiental flagra pesca proibida na costa de Santos - Litoral SP","description":"A Pol\u00edcia Ambiental flagrou pesca proibida na costa de Santos na tarde desta ter\u00e7a-feira (27) durante patrulhamento mar\u00edtimo na Opera\u00e7\u00e3o Impacto.","robots":{"index":"index","follow":"follow","max-snippet":"max-snippet:-1","max-image-preview":"max-image-preview:large","max-video-preview":"max-video-preview:-1"},"canonical":"https:\/\/redenoticiaz.com.br\/litoralsp\/2023\/04\/27\/video-policia-ambiental-flagra-pesca-proibida-na-costa-de-santos","og_locale":"pt_BR","og_type":"article","og_title":"V\u00cdDEO &#8211; Pol\u00edcia Ambiental flagra pesca proibida na costa de Santos - Litoral SP","og_description":"A Pol\u00edcia Ambiental flagrou pesca proibida na costa de Santos na tarde desta ter\u00e7a-feira (27) durante patrulhamento mar\u00edtimo na Opera\u00e7\u00e3o Impacto.","og_url":"https:\/\/redenoticiaz.com.br\/litoralsp\/2023\/04\/27\/video-policia-ambiental-flagra-pesca-proibida-na-costa-de-santos","og_site_name":"Litoral SP","article_published_time":"2023-04-27T16:57:20+00:00","og_image":[{"width":1280,"height":746,"url":"https:\/\/redenoticiaz.com.br\/litoralsp\/wp-content\/uploads\/sites\/3\/2023\/04\/WhatsApp-Image-2023-04-27-at-12.04.42.jpeg","type":"image\/jpeg"}],"author":"Gustavo Silva","twitter_card":"summary_large_image","twitter_misc":{"Escrito por":"Gustavo Silva","Est. tempo de leitura":"1 minuto"},"schema":{"@context":"https:\/\/schema.org","@graph":[{"@type":"Article","@id":"https:\/\/redenoticiaz.com.br\/litoralsp\/2023\/04\/27\/video-policia-ambiental-flagra-pesca-proibida-na-costa-de-santos#article","isPartOf":{"@id":"https:\/\/redenoticiaz.com.br\/litoralsp\/2023\/04\/27\/video-policia-ambiental-flagra-pesca-proibida-na-costa-de-santos"},"author":{"name":"Gustavo Silva","@id":"https:\/\/redenoticiaz.com.br\/litoralsp\/#\/schema\/person\/16057b37a3c0ee6b096d7f887c566e2e"},"headline":"V\u00cdDEO &#8211; Pol\u00edcia Ambiental flagra pesca proibida na costa de Santos","datePublished":"2023-04-27T16:57:20+00:00","mainEntityOfPage":{"@id":"https:\/\/redenoticiaz.com.br\/litoralsp\/2023\/04\/27\/video-policia-ambiental-flagra-pesca-proibida-na-costa-de-santos"},"wordCount":163,"commentCount":0,"publisher":{"@id":"https:\/\/redenoticiaz.com.br\/litoralsp\/#organization"},"image":{"@id":"https:\/\/redenoticiaz.com.br\/litoralsp\/2023\/04\/27\/video-policia-ambiental-flagra-pesca-proibida-na-costa-de-santos#primaryimage"},"thumbnailUrl":"https:\/\/redenoticiaz.com.br\/litoralsp\/wp-content\/uploads\/sites\/3\/2023\/04\/WhatsApp-Image-2023-04-27-at-12.04.42.jpeg","keywords":["AMBIENTAL","PESCA","POL\u00cdCIA","pol\u00edcia amniental","Santos"],"articleSection":["Santos"],"inLanguage":"pt-BR","potentialAction":[{"@type":"CommentAction","name":"Comment","target":["https:\/\/redenoticiaz.com.br\/litoralsp\/2023\/04\/27\/video-policia-ambiental-flagra-pesca-proibida-na-costa-de-santos#respond"]}]},{"@type":"WebPage","@id":"https:\/\/redenoticiaz.com.br\/litoralsp\/2023\/04\/27\/video-policia-ambiental-flagra-pesca-proibida-na-costa-de-santos","url":"https:\/\/redenoticiaz.com.br\/litoralsp\/2023\/04\/27\/video-policia-ambiental-flagra-pesca-proibida-na-costa-de-santos","name":"V\u00cdDEO &#8211; Pol\u00edcia Ambiental flagra pesca proibida na costa de Santos - Litoral SP","isPartOf":{"@id":"https:\/\/redenoticiaz.com.br\/litoralsp\/#website"},"primaryImageOfPage":{"@id":"https:\/\/redenoticiaz.com.br\/litoralsp\/2023\/04\/27\/video-policia-ambiental-flagra-pesca-proibida-na-costa-de-santos#primaryimage"},"image":{"@id":"https:\/\/redenoticiaz.com.br\/litoralsp\/2023\/04\/27\/video-policia-ambiental-flagra-pesca-proibida-na-costa-de-santos#primaryimage"},"thumbnailUrl":"https:\/\/redenoticiaz.com.br\/litoralsp\/wp-content\/uploads\/sites\/3\/2023\/04\/WhatsApp-Image-2023-04-27-at-12.04.42.jpeg","datePublished":"2023-04-27T16:57:20+00:00","description":"A Pol\u00edcia Ambiental flagrou pesca proibida na costa de Santos na tarde desta ter\u00e7a-feira (27) durante patrulhamento mar\u00edtimo na Opera\u00e7\u00e3o Impacto.","inLanguage":"pt-BR","potentialAction":[{"@type":"ReadAction","target":["https:\/\/redenoticiaz.com.br\/litoralsp\/2023\/04\/27\/video-policia-ambiental-flagra-pesca-proibida-na-costa-de-santos"]}]},{"@type":"ImageObject","inLanguage":"pt-BR","@id":"https:\/\/redenoticiaz.com.br\/litoralsp\/2023\/04\/27\/video-policia-ambiental-flagra-pesca-proibida-na-costa-de-santos#primaryimage","url":"https:\/\/redenoticiaz.com.br\/litoralsp\/wp-content\/uploads\/sites\/3\/2023\/04\/WhatsApp-Image-2023-04-27-at-12.04.42.jpeg","contentUrl":"https:\/\/redenoticiaz.com.br\/litoralsp\/wp-content\/uploads\/sites\/3\/2023\/04\/WhatsApp-Image-2023-04-27-at-12.04.42.jpeg","width":1280,"height":746,"caption":"V\u00cdDEO - Pol\u00edcia Ambiental flagra pesca proibida na costa de Santos"},{"@type":"WebSite","@id":"https:\/\/redenoticiaz.com.br\/litoralsp\/#website","url":"https:\/\/redenoticiaz.com.br\/litoralsp\/","name":"Litoral SP","description":"Rede NoticiaZ","publisher":{"@id":"https:\/\/redenoticiaz.com.br\/litoralsp\/#organization"},"potentialAction":[{"@type":"SearchAction","target":{"@type":"EntryPoint","urlTemplate":"https:\/\/redenoticiaz.com.br\/litoralsp\/?s={search_term_string}"},"query-input":{"@type":"PropertyValueSpecification","valueRequired":true,"valueName":"search_term_string"}}],"inLanguage":"pt-BR"},{"@type":"Organization","@id":"https:\/\/redenoticiaz.com.br\/litoralsp\/#organization","name":"Litoral SP","url":"https:\/\/redenoticiaz.com.br\/litoralsp\/","logo":{"@type":"ImageObject","inLanguage":"pt-BR","@id":"https:\/\/redenoticiaz.com.br\/litoralsp\/#\/schema\/logo\/image\/","url":"https:\/\/redenoticiaz.com.br\/litoralsp\/wp-content\/uploads\/sites\/3\/2020\/11\/logo.jpg","contentUrl":"https:\/\/redenoticiaz.com.br\/litoralsp\/wp-content\/uploads\/sites\/3\/2020\/11\/logo.jpg","width":400,"height":250,"caption":"Litoral SP"},"image":{"@id":"https:\/\/redenoticiaz.com.br\/litoralsp\/#\/schema\/logo\/image\/"}},{"@type":"Person","@id":"https:\/\/redenoticiaz.com.br\/litoralsp\/#\/schema\/person\/16057b37a3c0ee6b096d7f887c566e2e","name":"Gustavo Silva","image":{"@type":"ImageObject","inLanguage":"pt-BR","@id":"https:\/\/secure.gravatar.com\/avatar\/3ee4e82f93b26de0a7cf4ea5eb7893da637ed6bb0c9170c58065944c56e28a33?s=96&d=mm&r=g","url":"https:\/\/secure.gravatar.com\/avatar\/3ee4e82f93b26de0a7cf4ea5eb7893da637ed6bb0c9170c58065944c56e28a33?s=96&d=mm&r=g","contentUrl":"https:\/\/secure.gravatar.com\/avatar\/3ee4e82f93b26de0a7cf4ea5eb7893da637ed6bb0c9170c58065944c56e28a33?s=96&d=mm&r=g","caption":"Gustavo Silva"},"url":"https:\/\/redenoticiaz.com.br\/litoralsp\/author\/gustavosilva"}]}},"_links":{"self":[{"href":"https:\/\/redenoticiaz.com.br\/litoralsp\/wp-json\/wp\/v2\/posts\/104795","targetHints":{"allow":["GET"]}}],"collection":[{"href":"https:\/\/redenoticiaz.com.br\/litoralsp\/wp-json\/wp\/v2\/posts"}],"about":[{"href":"https:\/\/redenoticiaz.com.br\/litoralsp\/wp-json\/wp\/v2\/types\/post"}],"author":[{"embeddable":true,"href":"https:\/\/redenoticiaz.com.br\/litoralsp\/wp-json\/wp\/v2\/users\/12"}],"replies":[{"embeddable":true,"href":"https:\/\/redenoticiaz.com.br\/litoralsp\/wp-json\/wp\/v2\/comments?post=104795"}],"version-history":[{"count":1,"href":"https:\/\/redenoticiaz.com.br\/litoralsp\/wp-json\/wp\/v2\/posts\/104795\/revisions"}],"predecessor-version":[{"id":104798,"href":"https:\/\/redenoticiaz.com.br\/litoralsp\/wp-json\/wp\/v2\/posts\/104795\/revisions\/104798"}],"wp:featuredmedia":[{"embeddable":true,"href":"https:\/\/redenoticiaz.com.br\/litoralsp\/wp-json\/wp\/v2\/media\/104797"}],"wp:attachment":[{"href":"https:\/\/redenoticiaz.com.br\/litoralsp\/wp-json\/wp\/v2\/media?parent=104795"}],"wp:term":[{"taxonomy":"category","embeddable":true,"href":"https:\/\/redenoticiaz.com.br\/litoralsp\/wp-json\/wp\/v2\/categories?post=104795"},{"taxonomy":"post_tag","embeddable":true,"href":"https:\/\/redenoticiaz.com.br\/litoralsp\/wp-json\/wp\/v2\/tags?post=104795"}],"curies":[{"name":"wp","href":"https:\/\/api.w.org\/{rel}","templated":true}]}}