{"id":104836,"date":"2023-04-28T11:05:30","date_gmt":"2023-04-28T14:05:30","guid":{"rendered":"https:\/\/redenoticiaz.com.br\/litoralsp\/?p=104836"},"modified":"2023-04-28T11:05:30","modified_gmt":"2023-04-28T14:05:30","slug":"mais-de-240-mil-veiculos-sao-esperados-para-virem-a-baixada-no-feriado-do-dia-do-trabalhador","status":"publish","type":"post","link":"https:\/\/redenoticiaz.com.br\/litoralsp\/2023\/04\/28\/mais-de-240-mil-veiculos-sao-esperados-para-virem-a-baixada-no-feriado-do-dia-do-trabalhador","title":{"rendered":"Mais de 240 mil ve\u00edculos s\u00e3o esperados para virem \u00e0 Baixada no feriado do Dia do Trabalhador"},"content":{"rendered":"<div id=\"chunk-c3h40\">\n<div class=\"mc-column content-text active-extra-styles \" data-block-type=\"unstyled\" data-block-weight=\"40\" data-block-id=\"3\">\n<p class=\"content-text__container \" data-track-category=\"Link no Texto\" data-track-links=\"\">Mais um feriado est\u00e1 chegando, agora o Dia do Trabalhador, que ocorre na segunda-feira (1\u00ba) e mais uma vez a Baixada Santista deve receber um grande n\u00famero de turistas. Segundo a Ecovias, concession\u00e1ria que administra o Sistema Anchieta-Imigrantes (SAI), a estimativa \u00e9 que at\u00e9 <strong>240 mil ve\u00edculos<\/strong> passem pelas vias em dire\u00e7\u00e3o \u00e0 Regi\u00e3o.<\/p>\n<\/div>\n<\/div>\n<div class=\"wall protected-content\">\n<div id=\"chunk-btrjb\">\n<div class=\"mc-column content-text active-extra-styles \" data-block-type=\"unstyled\" data-block-weight=\"27\" data-block-id=\"4\">\n<p class=\"content-text__container \" data-track-category=\"Link no Texto\" data-track-links=\"\">De acordo com a concession\u00e1ria, um elevado n\u00famero de ve\u00edculos deve descer \u00e0 Serra do Mar. A tend\u00eancia \u00e9 que entre 155 mil e 240 mil, des\u00e7am a serra entre sexta-feira (28) e segunda-feira (1\u00b0) para o feriado.<\/p>\n<\/div>\n<\/div>\n<div id=\"chunk-fgabe\">\n<div class=\"mc-column content-text active-extra-styles \" data-block-type=\"unstyled\" data-block-weight=\"51\" data-block-id=\"5\">\n<p class=\"content-text__container \" data-track-category=\"Link no Texto\" data-track-links=\"\">A concession\u00e1ria prev\u00ea que a Opera\u00e7\u00e3o Descida ser\u00e1 implantada no s\u00e1bado (29), das 9h \u00e0s 18h, quando o fluxo de ve\u00edculos sentido litoral deve aumentar. J\u00e1 a Opera\u00e7\u00e3o Subida pode ser montada na segunda-feira (1\u00b0), do meio-dia \u00e0 meia-noite, quando o fluxo de retorno \u00e0 capital paulista tende a se intensificar.<\/p>\n<p data-track-category=\"Link no Texto\" data-track-links=\"\"><strong>LEIA TAMB\u00c9M<\/strong><\/p>\n<p data-track-category=\"Link no Texto\" data-track-links=\"\"><a href=\"https:\/\/redenoticiaz.com.br\/litoralsp\/2023\/04\/28\/gabriel-medina-vence-em-margaret-river-pelo-mundial-de-surf\">Gabriel Medina vence em Margaret River pelo Mundial de Surf<\/a><\/p>\n<\/div>\n<\/div>\n<\/div>\n","protected":false},"excerpt":{"rendered":"<p>Mais um feriado est\u00e1 chegando, agora o Dia do Trabalhador, que ocorre na segunda-feira (1\u00ba) e mais uma vez a Baixada Santista deve receber um grande n\u00famero de turistas. Segundo a Ecovias, concession\u00e1ria que administra o Sistema Anchieta-Imigrantes (SAI), a estimativa \u00e9 que at\u00e9 240 mil ve\u00edculos passem pelas vias em dire\u00e7\u00e3o \u00e0 Regi\u00e3o. De &hellip;<\/p>\n","protected":false},"author":6,"featured_media":104837,"comment_status":"open","ping_status":"closed","sticky":false,"template":"","format":"standard","meta":{"footnotes":""},"categories":[186,5,775],"tags":[1148,64835,1480,3541,2629,9938],"class_list":["post-104836","post","type-post","status-publish","format-standard","has-post-thumbnail","hentry","category-cubatao","category-transito","category-turismo","tag-baixada-santista","tag-dia-do-trabalhador","tag-ecovias","tag-feriado","tag-sistema-anchieta-imigrantes","tag-veiculos"],"yoast_head":"<!-- This site is optimized with the Yoast SEO plugin v27.4 - https:\/\/yoast.com\/product\/yoast-seo-wordpress\/ -->\n<title>Mais de 240 mil ve\u00edculos s\u00e3o esperados para virem \u00e0 Baixada no feriado do Dia do Trabalhador - Litoral SP<\/title>\n<meta name=\"description\" content=\"Mais um feriado est\u00e1 chegando, agora o Dia do Trabalhador, que ocorre na segunda-feira (1\u00ba) e mais uma vez a Baixada Santista deve receber u\" \/>\n<meta name=\"robots\" content=\"index, follow, max-snippet:-1, max-image-preview:large, max-video-preview:-1\" \/>\n<link rel=\"canonical\" href=\"https:\/\/redenoticiaz.com.br\/litoralsp\/2023\/04\/28\/mais-de-240-mil-veiculos-sao-esperados-para-virem-a-baixada-no-feriado-do-dia-do-trabalhador\" \/>\n<meta property=\"og:locale\" content=\"pt_BR\" \/>\n<meta property=\"og:type\" content=\"article\" \/>\n<meta property=\"og:title\" content=\"Mais de 240 mil ve\u00edculos s\u00e3o esperados para virem \u00e0 Baixada no feriado do Dia do Trabalhador - Litoral SP\" \/>\n<meta property=\"og:description\" content=\"Mais um feriado est\u00e1 chegando, agora o Dia do Trabalhador, que ocorre na segunda-feira (1\u00ba) e mais uma vez a Baixada Santista deve receber u\" \/>\n<meta property=\"og:url\" content=\"https:\/\/redenoticiaz.com.br\/litoralsp\/2023\/04\/28\/mais-de-240-mil-veiculos-sao-esperados-para-virem-a-baixada-no-feriado-do-dia-do-trabalhador\" \/>\n<meta property=\"og:site_name\" content=\"Litoral SP\" \/>\n<meta property=\"article:published_time\" content=\"2023-04-28T14:05:30+00:00\" \/>\n<meta property=\"og:image\" content=\"https:\/\/redenoticiaz.com.br\/litoralsp\/wp-content\/uploads\/sites\/3\/2023\/04\/SAI-DT.jpg\" \/>\n\t<meta property=\"og:image:width\" content=\"560\" \/>\n\t<meta property=\"og:image:height\" content=\"366\" \/>\n\t<meta property=\"og:image:type\" content=\"image\/jpeg\" \/>\n<meta name=\"author\" content=\"Leonardo Francisco\" \/>\n<meta name=\"twitter:card\" content=\"summary_large_image\" \/>\n<meta name=\"twitter:label1\" content=\"Escrito por\" \/>\n\t<meta name=\"twitter:data1\" content=\"Leonardo Francisco\" \/>\n\t<meta name=\"twitter:label2\" content=\"Est. tempo de leitura\" \/>\n\t<meta name=\"twitter:data2\" content=\"1 minuto\" \/>\n<script type=\"application\/ld+json\" class=\"yoast-schema-graph\">{\"@context\":\"https:\\\/\\\/schema.org\",\"@graph\":[{\"@type\":\"Article\",\"@id\":\"https:\\\/\\\/redenoticiaz.com.br\\\/litoralsp\\\/2023\\\/04\\\/28\\\/mais-de-240-mil-veiculos-sao-esperados-para-virem-a-baixada-no-feriado-do-dia-do-trabalhador#article\",\"isPartOf\":{\"@id\":\"https:\\\/\\\/redenoticiaz.com.br\\\/litoralsp\\\/2023\\\/04\\\/28\\\/mais-de-240-mil-veiculos-sao-esperados-para-virem-a-baixada-no-feriado-do-dia-do-trabalhador\"},\"author\":{\"name\":\"Leonardo Francisco\",\"@id\":\"https:\\\/\\\/redenoticiaz.com.br\\\/litoralsp\\\/#\\\/schema\\\/person\\\/0f0b8a5bdafefe82841e07ae8d81ecb3\"},\"headline\":\"Mais de 240 mil ve\u00edculos s\u00e3o esperados para virem \u00e0 Baixada no feriado do Dia do Trabalhador\",\"datePublished\":\"2023-04-28T14:05:30+00:00\",\"mainEntityOfPage\":{\"@id\":\"https:\\\/\\\/redenoticiaz.com.br\\\/litoralsp\\\/2023\\\/04\\\/28\\\/mais-de-240-mil-veiculos-sao-esperados-para-virem-a-baixada-no-feriado-do-dia-do-trabalhador\"},\"wordCount\":174,\"commentCount\":0,\"publisher\":{\"@id\":\"https:\\\/\\\/redenoticiaz.com.br\\\/litoralsp\\\/#organization\"},\"image\":{\"@id\":\"https:\\\/\\\/redenoticiaz.com.br\\\/litoralsp\\\/2023\\\/04\\\/28\\\/mais-de-240-mil-veiculos-sao-esperados-para-virem-a-baixada-no-feriado-do-dia-do-trabalhador#primaryimage\"},\"thumbnailUrl\":\"https:\\\/\\\/redenoticiaz.com.br\\\/litoralsp\\\/wp-content\\\/uploads\\\/sites\\\/3\\\/2023\\\/04\\\/SAI-DT.jpg\",\"keywords\":[\"BAIXADA SANTISTA\",\"DIA DO TRABALHADOR\",\"ECOVIAS\",\"feriado\",\"SISTEMA ANCHIETA-IMIGRANTES\",\"VE\u00cdCULOS\"],\"articleSection\":[\"Cubat\u00e3o\",\"Tr\u00e2nsito\",\"Turismo\"],\"inLanguage\":\"pt-BR\",\"potentialAction\":[{\"@type\":\"CommentAction\",\"name\":\"Comment\",\"target\":[\"https:\\\/\\\/redenoticiaz.com.br\\\/litoralsp\\\/2023\\\/04\\\/28\\\/mais-de-240-mil-veiculos-sao-esperados-para-virem-a-baixada-no-feriado-do-dia-do-trabalhador#respond\"]}]},{\"@type\":\"WebPage\",\"@id\":\"https:\\\/\\\/redenoticiaz.com.br\\\/litoralsp\\\/2023\\\/04\\\/28\\\/mais-de-240-mil-veiculos-sao-esperados-para-virem-a-baixada-no-feriado-do-dia-do-trabalhador\",\"url\":\"https:\\\/\\\/redenoticiaz.com.br\\\/litoralsp\\\/2023\\\/04\\\/28\\\/mais-de-240-mil-veiculos-sao-esperados-para-virem-a-baixada-no-feriado-do-dia-do-trabalhador\",\"name\":\"Mais de 240 mil ve\u00edculos s\u00e3o esperados para virem \u00e0 Baixada no feriado do Dia do Trabalhador - Litoral SP\",\"isPartOf\":{\"@id\":\"https:\\\/\\\/redenoticiaz.com.br\\\/litoralsp\\\/#website\"},\"primaryImageOfPage\":{\"@id\":\"https:\\\/\\\/redenoticiaz.com.br\\\/litoralsp\\\/2023\\\/04\\\/28\\\/mais-de-240-mil-veiculos-sao-esperados-para-virem-a-baixada-no-feriado-do-dia-do-trabalhador#primaryimage\"},\"image\":{\"@id\":\"https:\\\/\\\/redenoticiaz.com.br\\\/litoralsp\\\/2023\\\/04\\\/28\\\/mais-de-240-mil-veiculos-sao-esperados-para-virem-a-baixada-no-feriado-do-dia-do-trabalhador#primaryimage\"},\"thumbnailUrl\":\"https:\\\/\\\/redenoticiaz.com.br\\\/litoralsp\\\/wp-content\\\/uploads\\\/sites\\\/3\\\/2023\\\/04\\\/SAI-DT.jpg\",\"datePublished\":\"2023-04-28T14:05:30+00:00\",\"description\":\"Mais um feriado est\u00e1 chegando, agora o Dia do Trabalhador, que ocorre na segunda-feira (1\u00ba) e mais uma vez a Baixada Santista deve receber u\",\"inLanguage\":\"pt-BR\",\"potentialAction\":[{\"@type\":\"ReadAction\",\"target\":[\"https:\\\/\\\/redenoticiaz.com.br\\\/litoralsp\\\/2023\\\/04\\\/28\\\/mais-de-240-mil-veiculos-sao-esperados-para-virem-a-baixada-no-feriado-do-dia-do-trabalhador\"]}]},{\"@type\":\"ImageObject\",\"inLanguage\":\"pt-BR\",\"@id\":\"https:\\\/\\\/redenoticiaz.com.br\\\/litoralsp\\\/2023\\\/04\\\/28\\\/mais-de-240-mil-veiculos-sao-esperados-para-virem-a-baixada-no-feriado-do-dia-do-trabalhador#primaryimage\",\"url\":\"https:\\\/\\\/redenoticiaz.com.br\\\/litoralsp\\\/wp-content\\\/uploads\\\/sites\\\/3\\\/2023\\\/04\\\/SAI-DT.jpg\",\"contentUrl\":\"https:\\\/\\\/redenoticiaz.com.br\\\/litoralsp\\\/wp-content\\\/uploads\\\/sites\\\/3\\\/2023\\\/04\\\/SAI-DT.jpg\",\"width\":560,\"height\":366,\"caption\":\"Cr\u00e9ditos: Divulga\u00e7\u00e3o\\\/Ecovias\"},{\"@type\":\"WebSite\",\"@id\":\"https:\\\/\\\/redenoticiaz.com.br\\\/litoralsp\\\/#website\",\"url\":\"https:\\\/\\\/redenoticiaz.com.br\\\/litoralsp\\\/\",\"name\":\"Litoral SP\",\"description\":\"Rede NoticiaZ\",\"publisher\":{\"@id\":\"https:\\\/\\\/redenoticiaz.com.br\\\/litoralsp\\\/#organization\"},\"potentialAction\":[{\"@type\":\"SearchAction\",\"target\":{\"@type\":\"EntryPoint\",\"urlTemplate\":\"https:\\\/\\\/redenoticiaz.com.br\\\/litoralsp\\\/?s={search_term_string}\"},\"query-input\":{\"@type\":\"PropertyValueSpecification\",\"valueRequired\":true,\"valueName\":\"search_term_string\"}}],\"inLanguage\":\"pt-BR\"},{\"@type\":\"Organization\",\"@id\":\"https:\\\/\\\/redenoticiaz.com.br\\\/litoralsp\\\/#organization\",\"name\":\"Litoral SP\",\"url\":\"https:\\\/\\\/redenoticiaz.com.br\\\/litoralsp\\\/\",\"logo\":{\"@type\":\"ImageObject\",\"inLanguage\":\"pt-BR\",\"@id\":\"https:\\\/\\\/redenoticiaz.com.br\\\/litoralsp\\\/#\\\/schema\\\/logo\\\/image\\\/\",\"url\":\"https:\\\/\\\/redenoticiaz.com.br\\\/litoralsp\\\/wp-content\\\/uploads\\\/sites\\\/3\\\/2020\\\/11\\\/logo.jpg\",\"contentUrl\":\"https:\\\/\\\/redenoticiaz.com.br\\\/litoralsp\\\/wp-content\\\/uploads\\\/sites\\\/3\\\/2020\\\/11\\\/logo.jpg\",\"width\":400,\"height\":250,\"caption\":\"Litoral SP\"},\"image\":{\"@id\":\"https:\\\/\\\/redenoticiaz.com.br\\\/litoralsp\\\/#\\\/schema\\\/logo\\\/image\\\/\"}},{\"@type\":\"Person\",\"@id\":\"https:\\\/\\\/redenoticiaz.com.br\\\/litoralsp\\\/#\\\/schema\\\/person\\\/0f0b8a5bdafefe82841e07ae8d81ecb3\",\"name\":\"Leonardo Francisco\",\"image\":{\"@type\":\"ImageObject\",\"inLanguage\":\"pt-BR\",\"@id\":\"https:\\\/\\\/secure.gravatar.com\\\/avatar\\\/a7358cb406a99b682ec6df1e77e31ae82e63601f6784e8a3df411d72b37864da?s=96&d=mm&r=g\",\"url\":\"https:\\\/\\\/secure.gravatar.com\\\/avatar\\\/a7358cb406a99b682ec6df1e77e31ae82e63601f6784e8a3df411d72b37864da?s=96&d=mm&r=g\",\"contentUrl\":\"https:\\\/\\\/secure.gravatar.com\\\/avatar\\\/a7358cb406a99b682ec6df1e77e31ae82e63601f6784e8a3df411d72b37864da?s=96&d=mm&r=g\",\"caption\":\"Leonardo Francisco\"},\"url\":\"https:\\\/\\\/redenoticiaz.com.br\\\/litoralsp\\\/author\\\/leonardo-francisco\"}]}<\/script>\n<!-- \/ Yoast SEO plugin. -->","yoast_head_json":{"title":"Mais de 240 mil ve\u00edculos s\u00e3o esperados para virem \u00e0 Baixada no feriado do Dia do Trabalhador - Litoral SP","description":"Mais um feriado est\u00e1 chegando, agora o Dia do Trabalhador, que ocorre na segunda-feira (1\u00ba) e mais uma vez a Baixada Santista deve receber u","robots":{"index":"index","follow":"follow","max-snippet":"max-snippet:-1","max-image-preview":"max-image-preview:large","max-video-preview":"max-video-preview:-1"},"canonical":"https:\/\/redenoticiaz.com.br\/litoralsp\/2023\/04\/28\/mais-de-240-mil-veiculos-sao-esperados-para-virem-a-baixada-no-feriado-do-dia-do-trabalhador","og_locale":"pt_BR","og_type":"article","og_title":"Mais de 240 mil ve\u00edculos s\u00e3o esperados para virem \u00e0 Baixada no feriado do Dia do Trabalhador - Litoral SP","og_description":"Mais um feriado est\u00e1 chegando, agora o Dia do Trabalhador, que ocorre na segunda-feira (1\u00ba) e mais uma vez a Baixada Santista deve receber u","og_url":"https:\/\/redenoticiaz.com.br\/litoralsp\/2023\/04\/28\/mais-de-240-mil-veiculos-sao-esperados-para-virem-a-baixada-no-feriado-do-dia-do-trabalhador","og_site_name":"Litoral SP","article_published_time":"2023-04-28T14:05:30+00:00","og_image":[{"width":560,"height":366,"url":"https:\/\/redenoticiaz.com.br\/litoralsp\/wp-content\/uploads\/sites\/3\/2023\/04\/SAI-DT.jpg","type":"image\/jpeg"}],"author":"Leonardo Francisco","twitter_card":"summary_large_image","twitter_misc":{"Escrito por":"Leonardo Francisco","Est. tempo de leitura":"1 minuto"},"schema":{"@context":"https:\/\/schema.org","@graph":[{"@type":"Article","@id":"https:\/\/redenoticiaz.com.br\/litoralsp\/2023\/04\/28\/mais-de-240-mil-veiculos-sao-esperados-para-virem-a-baixada-no-feriado-do-dia-do-trabalhador#article","isPartOf":{"@id":"https:\/\/redenoticiaz.com.br\/litoralsp\/2023\/04\/28\/mais-de-240-mil-veiculos-sao-esperados-para-virem-a-baixada-no-feriado-do-dia-do-trabalhador"},"author":{"name":"Leonardo Francisco","@id":"https:\/\/redenoticiaz.com.br\/litoralsp\/#\/schema\/person\/0f0b8a5bdafefe82841e07ae8d81ecb3"},"headline":"Mais de 240 mil ve\u00edculos s\u00e3o esperados para virem \u00e0 Baixada no feriado do Dia do Trabalhador","datePublished":"2023-04-28T14:05:30+00:00","mainEntityOfPage":{"@id":"https:\/\/redenoticiaz.com.br\/litoralsp\/2023\/04\/28\/mais-de-240-mil-veiculos-sao-esperados-para-virem-a-baixada-no-feriado-do-dia-do-trabalhador"},"wordCount":174,"commentCount":0,"publisher":{"@id":"https:\/\/redenoticiaz.com.br\/litoralsp\/#organization"},"image":{"@id":"https:\/\/redenoticiaz.com.br\/litoralsp\/2023\/04\/28\/mais-de-240-mil-veiculos-sao-esperados-para-virem-a-baixada-no-feriado-do-dia-do-trabalhador#primaryimage"},"thumbnailUrl":"https:\/\/redenoticiaz.com.br\/litoralsp\/wp-content\/uploads\/sites\/3\/2023\/04\/SAI-DT.jpg","keywords":["BAIXADA SANTISTA","DIA DO TRABALHADOR","ECOVIAS","feriado","SISTEMA ANCHIETA-IMIGRANTES","VE\u00cdCULOS"],"articleSection":["Cubat\u00e3o","Tr\u00e2nsito","Turismo"],"inLanguage":"pt-BR","potentialAction":[{"@type":"CommentAction","name":"Comment","target":["https:\/\/redenoticiaz.com.br\/litoralsp\/2023\/04\/28\/mais-de-240-mil-veiculos-sao-esperados-para-virem-a-baixada-no-feriado-do-dia-do-trabalhador#respond"]}]},{"@type":"WebPage","@id":"https:\/\/redenoticiaz.com.br\/litoralsp\/2023\/04\/28\/mais-de-240-mil-veiculos-sao-esperados-para-virem-a-baixada-no-feriado-do-dia-do-trabalhador","url":"https:\/\/redenoticiaz.com.br\/litoralsp\/2023\/04\/28\/mais-de-240-mil-veiculos-sao-esperados-para-virem-a-baixada-no-feriado-do-dia-do-trabalhador","name":"Mais de 240 mil ve\u00edculos s\u00e3o esperados para virem \u00e0 Baixada no feriado do Dia do Trabalhador - Litoral SP","isPartOf":{"@id":"https:\/\/redenoticiaz.com.br\/litoralsp\/#website"},"primaryImageOfPage":{"@id":"https:\/\/redenoticiaz.com.br\/litoralsp\/2023\/04\/28\/mais-de-240-mil-veiculos-sao-esperados-para-virem-a-baixada-no-feriado-do-dia-do-trabalhador#primaryimage"},"image":{"@id":"https:\/\/redenoticiaz.com.br\/litoralsp\/2023\/04\/28\/mais-de-240-mil-veiculos-sao-esperados-para-virem-a-baixada-no-feriado-do-dia-do-trabalhador#primaryimage"},"thumbnailUrl":"https:\/\/redenoticiaz.com.br\/litoralsp\/wp-content\/uploads\/sites\/3\/2023\/04\/SAI-DT.jpg","datePublished":"2023-04-28T14:05:30+00:00","description":"Mais um feriado est\u00e1 chegando, agora o Dia do Trabalhador, que ocorre na segunda-feira (1\u00ba) e mais uma vez a Baixada Santista deve receber u","inLanguage":"pt-BR","potentialAction":[{"@type":"ReadAction","target":["https:\/\/redenoticiaz.com.br\/litoralsp\/2023\/04\/28\/mais-de-240-mil-veiculos-sao-esperados-para-virem-a-baixada-no-feriado-do-dia-do-trabalhador"]}]},{"@type":"ImageObject","inLanguage":"pt-BR","@id":"https:\/\/redenoticiaz.com.br\/litoralsp\/2023\/04\/28\/mais-de-240-mil-veiculos-sao-esperados-para-virem-a-baixada-no-feriado-do-dia-do-trabalhador#primaryimage","url":"https:\/\/redenoticiaz.com.br\/litoralsp\/wp-content\/uploads\/sites\/3\/2023\/04\/SAI-DT.jpg","contentUrl":"https:\/\/redenoticiaz.com.br\/litoralsp\/wp-content\/uploads\/sites\/3\/2023\/04\/SAI-DT.jpg","width":560,"height":366,"caption":"Cr\u00e9ditos: Divulga\u00e7\u00e3o\/Ecovias"},{"@type":"WebSite","@id":"https:\/\/redenoticiaz.com.br\/litoralsp\/#website","url":"https:\/\/redenoticiaz.com.br\/litoralsp\/","name":"Litoral SP","description":"Rede NoticiaZ","publisher":{"@id":"https:\/\/redenoticiaz.com.br\/litoralsp\/#organization"},"potentialAction":[{"@type":"SearchAction","target":{"@type":"EntryPoint","urlTemplate":"https:\/\/redenoticiaz.com.br\/litoralsp\/?s={search_term_string}"},"query-input":{"@type":"PropertyValueSpecification","valueRequired":true,"valueName":"search_term_string"}}],"inLanguage":"pt-BR"},{"@type":"Organization","@id":"https:\/\/redenoticiaz.com.br\/litoralsp\/#organization","name":"Litoral SP","url":"https:\/\/redenoticiaz.com.br\/litoralsp\/","logo":{"@type":"ImageObject","inLanguage":"pt-BR","@id":"https:\/\/redenoticiaz.com.br\/litoralsp\/#\/schema\/logo\/image\/","url":"https:\/\/redenoticiaz.com.br\/litoralsp\/wp-content\/uploads\/sites\/3\/2020\/11\/logo.jpg","contentUrl":"https:\/\/redenoticiaz.com.br\/litoralsp\/wp-content\/uploads\/sites\/3\/2020\/11\/logo.jpg","width":400,"height":250,"caption":"Litoral SP"},"image":{"@id":"https:\/\/redenoticiaz.com.br\/litoralsp\/#\/schema\/logo\/image\/"}},{"@type":"Person","@id":"https:\/\/redenoticiaz.com.br\/litoralsp\/#\/schema\/person\/0f0b8a5bdafefe82841e07ae8d81ecb3","name":"Leonardo Francisco","image":{"@type":"ImageObject","inLanguage":"pt-BR","@id":"https:\/\/secure.gravatar.com\/avatar\/a7358cb406a99b682ec6df1e77e31ae82e63601f6784e8a3df411d72b37864da?s=96&d=mm&r=g","url":"https:\/\/secure.gravatar.com\/avatar\/a7358cb406a99b682ec6df1e77e31ae82e63601f6784e8a3df411d72b37864da?s=96&d=mm&r=g","contentUrl":"https:\/\/secure.gravatar.com\/avatar\/a7358cb406a99b682ec6df1e77e31ae82e63601f6784e8a3df411d72b37864da?s=96&d=mm&r=g","caption":"Leonardo Francisco"},"url":"https:\/\/redenoticiaz.com.br\/litoralsp\/author\/leonardo-francisco"}]}},"_links":{"self":[{"href":"https:\/\/redenoticiaz.com.br\/litoralsp\/wp-json\/wp\/v2\/posts\/104836","targetHints":{"allow":["GET"]}}],"collection":[{"href":"https:\/\/redenoticiaz.com.br\/litoralsp\/wp-json\/wp\/v2\/posts"}],"about":[{"href":"https:\/\/redenoticiaz.com.br\/litoralsp\/wp-json\/wp\/v2\/types\/post"}],"author":[{"embeddable":true,"href":"https:\/\/redenoticiaz.com.br\/litoralsp\/wp-json\/wp\/v2\/users\/6"}],"replies":[{"embeddable":true,"href":"https:\/\/redenoticiaz.com.br\/litoralsp\/wp-json\/wp\/v2\/comments?post=104836"}],"version-history":[{"count":2,"href":"https:\/\/redenoticiaz.com.br\/litoralsp\/wp-json\/wp\/v2\/posts\/104836\/revisions"}],"predecessor-version":[{"id":104839,"href":"https:\/\/redenoticiaz.com.br\/litoralsp\/wp-json\/wp\/v2\/posts\/104836\/revisions\/104839"}],"wp:featuredmedia":[{"embeddable":true,"href":"https:\/\/redenoticiaz.com.br\/litoralsp\/wp-json\/wp\/v2\/media\/104837"}],"wp:attachment":[{"href":"https:\/\/redenoticiaz.com.br\/litoralsp\/wp-json\/wp\/v2\/media?parent=104836"}],"wp:term":[{"taxonomy":"category","embeddable":true,"href":"https:\/\/redenoticiaz.com.br\/litoralsp\/wp-json\/wp\/v2\/categories?post=104836"},{"taxonomy":"post_tag","embeddable":true,"href":"https:\/\/redenoticiaz.com.br\/litoralsp\/wp-json\/wp\/v2\/tags?post=104836"}],"curies":[{"name":"wp","href":"https:\/\/api.w.org\/{rel}","templated":true}]}}