{"id":104897,"date":"2023-04-29T21:32:46","date_gmt":"2023-04-30T00:32:46","guid":{"rendered":"https:\/\/redenoticiaz.com.br\/litoralsp\/2023\/04\/29\/em-casa-palmeiras-vence-classico-contra-o-corinthians"},"modified":"2023-04-29T21:32:46","modified_gmt":"2023-04-30T00:32:46","slug":"em-casa-palmeiras-vence-classico-contra-o-corinthians","status":"publish","type":"post","link":"https:\/\/redenoticiaz.com.br\/litoralsp\/2023\/04\/29\/em-casa-palmeiras-vence-classico-contra-o-corinthians","title":{"rendered":"Em casa, Palmeiras vence cl\u00e1ssico contra o Corinthians"},"content":{"rendered":"<p>Palmeiras e Corinthians entraram em campo neste s\u00e1bado (29), no Allianz Parque, em S\u00e3o Paulo, em cl\u00e1ssico v\u00e1lido pela terceira rodada do Campeonato Brasileiro. O Palmeiras venceu por 2 a 1, com gols marcados por Raphael Veiga e Murilo, para o Verd\u00e3o, e Piquerez, contra, fez o do Tim\u00e3o.<\/p>\n<p>Primeiro tempo o Palmeiras mais intenso e dominou a posse de bola. J\u00e1 o Corinthians se fecha, tenta sair em contra-ataques. Aos 15min o Verd\u00e3o abre o placar.<\/p>\n<p>Escanteio cobrado no primeiro poste. Murillo sobe muito alto, ganha dos defensores do Corinthians e cabeceia firme. A bola vai no \u00e2ngulo, sem chance de defesa para C\u00e1ssio.<\/p>\n<p>O segundo, sai aos 35 min, em contra-ataque, Artur recebe pela direita, avan\u00e7a e vira o jogo para Dudu, dentro da \u00e1rea. Ele desvia para Raphael Veiga, que chuta em cima da marca\u00e7\u00e3o. No rebote, o meia chuta novamente, dessa vez no gol, sem chance de defesa para C\u00e1ssio. O Verd\u00e3o marca no D\u00e9rbi!<\/p>\n<h3>Segundo tempo<\/h3>\n<p>O Palmeiras diminui o ritmo e fica menos com a posse. Ainda assim, aos 15 min, assusta o advers\u00e1rio, ap\u00f3s cobran\u00e7a de escanteio, a bola fica na \u00e1rea para Artur. Ele faz novo cruzamento, na cabe\u00e7a de Navarro, que quase marca. A bola explode no travess\u00e3o!<\/p>\n<p>Aos 29 min o placar diminui para Tim\u00e3o, R\u00f3ger Guedes cobra escanteio pela esquerda e pega mal na bola, que sai baixa. Piquerez tenta chutar para frente, mas acaba furando e manda para tr\u00e1s. A bola encobre Weverton e vai morrer no fundo do gol.<\/p>\n<article class=\"sc-gGLyOc hJRmUj\">\n<header class=\"sc-ckTRkR clbWXR\">\n<div class=\"sc-fbIXFq eNbGSV\">\n<p>Para finalizar, o Palmeiras quase faz o terceiro. Navarro d\u00e1 um belo passe para Dudu dentro da \u00e1rea. Ele toca para Jhon Jhon, que chuta forte e alto. C\u00e1ssio se estica e faz uma grande defesa, evitando mais um gol.<\/p>\n<p>Agora, o Palmeiras segue de olho na Copa Libertadores contra o Barcelona, nesta quarta-feira. O Corinthians, por sua vez, enfrenta Independiente del Valle, na ter\u00e7a-feira (02).<\/p>\n<div class=\"mtr-atomic mtr-atomic-backstage-video backstage-video-wrapper\"><\/div>\n<\/div>\n<div>VEJA TAMB\u00c9M:\u00a0<a href=\"https:\/\/redenoticiaz.com.br\/blog\/2023\/04\/29\/thiago-brennand-chega-ao-brasil-escoltado-pela-policia-federal\">Thiago Brennand chega ao Brasil escoltado pela Pol\u00edcia Federal<\/a><\/div>\n<div><\/div>\n<div><\/div>\n<\/header>\n<\/article>\n<div class=\"mtr-atomic mtr-atomic-backstage-video backstage-video-wrapper\"><\/div>\n<article class=\"sc-gGLyOc hJRmUj\">\n<header class=\"sc-ckTRkR clbWXR\">\n<div class=\"sc-fbIXFq eNbGSV\">\n<article class=\"sc-gGLyOc hJRmUj\">\n<header class=\"sc-ckTRkR clbWXR\">\n<div class=\"sc-fbIXFq eNbGSV\"><\/div>\n<\/header>\n<\/article>\n<\/div>\n<\/header>\n<\/article>\n<article class=\"sc-gGLyOc hJRmUj\">\n<header class=\"sc-ckTRkR clbWXR\">\n<div class=\"sc-fbIXFq eNbGSV\"><\/div>\n<\/header>\n<\/article>\n<p>&nbsp;<\/p>\n<article class=\"sc-gGLyOc hJRmUj\">\n<header class=\"sc-ckTRkR clbWXR\">\n<div class=\"sc-fbIXFq eNbGSV\"><\/div>\n<\/header>\n<\/article>\n<div class=\"mtr-atomic mtr-atomic-backstage-video backstage-video-wrapper\"><\/div>\n<div class=\"mtr-atomic mtr-atomic-backstage-video backstage-video-wrapper\"><\/div>\n<p>&nbsp;<\/p>\n","protected":false},"excerpt":{"rendered":"<p>Palmeiras e Corinthians entraram em campo neste s\u00e1bado (29), no Allianz Parque, em S\u00e3o Paulo, em cl\u00e1ssico v\u00e1lido pela terceira rodada do Campeonato Brasileiro. O Palmeiras venceu por 2 a 1, com gols marcados por Raphael Veiga e Murilo, para o Verd\u00e3o, e Piquerez, contra, fez o do Tim\u00e3o. Primeiro tempo o Palmeiras mais intenso &hellip;<\/p>\n","protected":false},"author":30,"featured_media":104898,"comment_status":"open","ping_status":"closed","sticky":false,"template":"","format":"standard","meta":{"footnotes":""},"categories":[35],"tags":[3088,3454,1416,64857,59771],"class_list":["post-104897","post","type-post","status-publish","format-standard","has-post-thumbnail","hentry","category-esporte","tag-campeonato-brasileiro","tag-corinthians","tag-palmeiras","tag-veiga","tag-vence"],"yoast_head":"<!-- This site is optimized with the Yoast SEO plugin v27.4 - https:\/\/yoast.com\/product\/yoast-seo-wordpress\/ -->\n<title>Em casa, Palmeiras vence cl\u00e1ssico contra o Corinthians - Litoral SP<\/title>\n<meta name=\"description\" content=\"Palmeiras e Corinthians entraram em campo, no Allianz Parque, em S\u00e3o Paulo, em cl\u00e1ssico v\u00e1lido pela terceira rodada do Campeonato Brasileiro.\" \/>\n<meta name=\"robots\" content=\"index, follow, max-snippet:-1, max-image-preview:large, max-video-preview:-1\" \/>\n<link rel=\"canonical\" href=\"https:\/\/redenoticiaz.com.br\/litoralsp\/2023\/04\/29\/em-casa-palmeiras-vence-classico-contra-o-corinthians\" \/>\n<meta property=\"og:locale\" content=\"pt_BR\" \/>\n<meta property=\"og:type\" content=\"article\" \/>\n<meta property=\"og:title\" content=\"Em casa, Palmeiras vence cl\u00e1ssico contra o Corinthians - Litoral SP\" \/>\n<meta property=\"og:description\" content=\"Palmeiras e Corinthians entraram em campo, no Allianz Parque, em S\u00e3o Paulo, em cl\u00e1ssico v\u00e1lido pela terceira rodada do Campeonato Brasileiro.\" \/>\n<meta property=\"og:url\" content=\"https:\/\/redenoticiaz.com.br\/litoralsp\/2023\/04\/29\/em-casa-palmeiras-vence-classico-contra-o-corinthians\" \/>\n<meta property=\"og:site_name\" content=\"Litoral SP\" \/>\n<meta property=\"article:published_time\" content=\"2023-04-30T00:32:46+00:00\" \/>\n<meta property=\"og:image\" content=\"https:\/\/redenoticiaz.com.br\/litoralsp\/wp-content\/uploads\/sites\/3\/2023\/04\/palmeiras.jpg?v=1682814473\" \/>\n\t<meta property=\"og:image:width\" content=\"1200\" \/>\n\t<meta property=\"og:image:height\" content=\"628\" \/>\n\t<meta property=\"og:image:type\" content=\"image\/jpeg\" \/>\n<meta name=\"author\" content=\"Carina Reifonas\" \/>\n<meta name=\"twitter:card\" content=\"summary_large_image\" \/>\n<meta name=\"twitter:label1\" content=\"Escrito por\" \/>\n\t<meta name=\"twitter:data1\" content=\"Carina Reifonas\" \/>\n\t<meta name=\"twitter:label2\" content=\"Est. tempo de leitura\" \/>\n\t<meta name=\"twitter:data2\" content=\"2 minutos\" \/>\n<script type=\"application\/ld+json\" class=\"yoast-schema-graph\">{\"@context\":\"https:\\\/\\\/schema.org\",\"@graph\":[{\"@type\":\"Article\",\"@id\":\"https:\\\/\\\/redenoticiaz.com.br\\\/litoralsp\\\/2023\\\/04\\\/29\\\/em-casa-palmeiras-vence-classico-contra-o-corinthians#article\",\"isPartOf\":{\"@id\":\"https:\\\/\\\/redenoticiaz.com.br\\\/litoralsp\\\/2023\\\/04\\\/29\\\/em-casa-palmeiras-vence-classico-contra-o-corinthians\"},\"author\":{\"name\":\"Carina Reifonas\",\"@id\":\"https:\\\/\\\/redenoticiaz.com.br\\\/litoralsp\\\/#\\\/schema\\\/person\\\/1f84d6e94e6a62d2d81199d7503e9e90\"},\"headline\":\"Em casa, Palmeiras vence cl\u00e1ssico contra o Corinthians\",\"datePublished\":\"2023-04-30T00:32:46+00:00\",\"mainEntityOfPage\":{\"@id\":\"https:\\\/\\\/redenoticiaz.com.br\\\/litoralsp\\\/2023\\\/04\\\/29\\\/em-casa-palmeiras-vence-classico-contra-o-corinthians\"},\"wordCount\":358,\"commentCount\":0,\"publisher\":{\"@id\":\"https:\\\/\\\/redenoticiaz.com.br\\\/litoralsp\\\/#organization\"},\"image\":{\"@id\":\"https:\\\/\\\/redenoticiaz.com.br\\\/litoralsp\\\/2023\\\/04\\\/29\\\/em-casa-palmeiras-vence-classico-contra-o-corinthians#primaryimage\"},\"thumbnailUrl\":\"https:\\\/\\\/redenoticiaz.com.br\\\/litoralsp\\\/wp-content\\\/uploads\\\/sites\\\/3\\\/2023\\\/04\\\/palmeiras.jpg?v=1682814473\",\"keywords\":[\"CAMPEONATO BRASILEIRO\",\"Corinthians\",\"Palmeiras\",\"Veiga\",\"VENCE\"],\"articleSection\":[\"Esporte\"],\"inLanguage\":\"pt-BR\",\"potentialAction\":[{\"@type\":\"CommentAction\",\"name\":\"Comment\",\"target\":[\"https:\\\/\\\/redenoticiaz.com.br\\\/litoralsp\\\/2023\\\/04\\\/29\\\/em-casa-palmeiras-vence-classico-contra-o-corinthians#respond\"]}]},{\"@type\":\"WebPage\",\"@id\":\"https:\\\/\\\/redenoticiaz.com.br\\\/litoralsp\\\/2023\\\/04\\\/29\\\/em-casa-palmeiras-vence-classico-contra-o-corinthians\",\"url\":\"https:\\\/\\\/redenoticiaz.com.br\\\/litoralsp\\\/2023\\\/04\\\/29\\\/em-casa-palmeiras-vence-classico-contra-o-corinthians\",\"name\":\"Em casa, Palmeiras vence cl\u00e1ssico contra o Corinthians - Litoral SP\",\"isPartOf\":{\"@id\":\"https:\\\/\\\/redenoticiaz.com.br\\\/litoralsp\\\/#website\"},\"primaryImageOfPage\":{\"@id\":\"https:\\\/\\\/redenoticiaz.com.br\\\/litoralsp\\\/2023\\\/04\\\/29\\\/em-casa-palmeiras-vence-classico-contra-o-corinthians#primaryimage\"},\"image\":{\"@id\":\"https:\\\/\\\/redenoticiaz.com.br\\\/litoralsp\\\/2023\\\/04\\\/29\\\/em-casa-palmeiras-vence-classico-contra-o-corinthians#primaryimage\"},\"thumbnailUrl\":\"https:\\\/\\\/redenoticiaz.com.br\\\/litoralsp\\\/wp-content\\\/uploads\\\/sites\\\/3\\\/2023\\\/04\\\/palmeiras.jpg?v=1682814473\",\"datePublished\":\"2023-04-30T00:32:46+00:00\",\"description\":\"Palmeiras e Corinthians entraram em campo, no Allianz Parque, em S\u00e3o Paulo, em cl\u00e1ssico v\u00e1lido pela terceira rodada do Campeonato Brasileiro.\",\"inLanguage\":\"pt-BR\",\"potentialAction\":[{\"@type\":\"ReadAction\",\"target\":[\"https:\\\/\\\/redenoticiaz.com.br\\\/litoralsp\\\/2023\\\/04\\\/29\\\/em-casa-palmeiras-vence-classico-contra-o-corinthians\"]}]},{\"@type\":\"ImageObject\",\"inLanguage\":\"pt-BR\",\"@id\":\"https:\\\/\\\/redenoticiaz.com.br\\\/litoralsp\\\/2023\\\/04\\\/29\\\/em-casa-palmeiras-vence-classico-contra-o-corinthians#primaryimage\",\"url\":\"https:\\\/\\\/redenoticiaz.com.br\\\/litoralsp\\\/wp-content\\\/uploads\\\/sites\\\/3\\\/2023\\\/04\\\/palmeiras.jpg?v=1682814473\",\"contentUrl\":\"https:\\\/\\\/redenoticiaz.com.br\\\/litoralsp\\\/wp-content\\\/uploads\\\/sites\\\/3\\\/2023\\\/04\\\/palmeiras.jpg?v=1682814473\",\"width\":1200,\"height\":628,\"caption\":\"Palmeira vence d\u00e9rbi. Cr\u00e9dito: Reprodu\u00e7\u00e3o\"},{\"@type\":\"WebSite\",\"@id\":\"https:\\\/\\\/redenoticiaz.com.br\\\/litoralsp\\\/#website\",\"url\":\"https:\\\/\\\/redenoticiaz.com.br\\\/litoralsp\\\/\",\"name\":\"Litoral SP\",\"description\":\"Rede NoticiaZ\",\"publisher\":{\"@id\":\"https:\\\/\\\/redenoticiaz.com.br\\\/litoralsp\\\/#organization\"},\"potentialAction\":[{\"@type\":\"SearchAction\",\"target\":{\"@type\":\"EntryPoint\",\"urlTemplate\":\"https:\\\/\\\/redenoticiaz.com.br\\\/litoralsp\\\/?s={search_term_string}\"},\"query-input\":{\"@type\":\"PropertyValueSpecification\",\"valueRequired\":true,\"valueName\":\"search_term_string\"}}],\"inLanguage\":\"pt-BR\"},{\"@type\":\"Organization\",\"@id\":\"https:\\\/\\\/redenoticiaz.com.br\\\/litoralsp\\\/#organization\",\"name\":\"Litoral SP\",\"url\":\"https:\\\/\\\/redenoticiaz.com.br\\\/litoralsp\\\/\",\"logo\":{\"@type\":\"ImageObject\",\"inLanguage\":\"pt-BR\",\"@id\":\"https:\\\/\\\/redenoticiaz.com.br\\\/litoralsp\\\/#\\\/schema\\\/logo\\\/image\\\/\",\"url\":\"https:\\\/\\\/redenoticiaz.com.br\\\/litoralsp\\\/wp-content\\\/uploads\\\/sites\\\/3\\\/2020\\\/11\\\/logo.jpg\",\"contentUrl\":\"https:\\\/\\\/redenoticiaz.com.br\\\/litoralsp\\\/wp-content\\\/uploads\\\/sites\\\/3\\\/2020\\\/11\\\/logo.jpg\",\"width\":400,\"height\":250,\"caption\":\"Litoral SP\"},\"image\":{\"@id\":\"https:\\\/\\\/redenoticiaz.com.br\\\/litoralsp\\\/#\\\/schema\\\/logo\\\/image\\\/\"}},{\"@type\":\"Person\",\"@id\":\"https:\\\/\\\/redenoticiaz.com.br\\\/litoralsp\\\/#\\\/schema\\\/person\\\/1f84d6e94e6a62d2d81199d7503e9e90\",\"name\":\"Carina Reifonas\",\"image\":{\"@type\":\"ImageObject\",\"inLanguage\":\"pt-BR\",\"@id\":\"https:\\\/\\\/secure.gravatar.com\\\/avatar\\\/04c59859b23696cf867715880f81d5c037e60109730bdb4e6670ec2a2245bc97?s=96&d=mm&r=g\",\"url\":\"https:\\\/\\\/secure.gravatar.com\\\/avatar\\\/04c59859b23696cf867715880f81d5c037e60109730bdb4e6670ec2a2245bc97?s=96&d=mm&r=g\",\"contentUrl\":\"https:\\\/\\\/secure.gravatar.com\\\/avatar\\\/04c59859b23696cf867715880f81d5c037e60109730bdb4e6670ec2a2245bc97?s=96&d=mm&r=g\",\"caption\":\"Carina Reifonas\"},\"url\":\"https:\\\/\\\/redenoticiaz.com.br\\\/litoralsp\\\/author\\\/carinareifonas\"}]}<\/script>\n<!-- \/ Yoast SEO plugin. -->","yoast_head_json":{"title":"Em casa, Palmeiras vence cl\u00e1ssico contra o Corinthians - Litoral SP","description":"Palmeiras e Corinthians entraram em campo, no Allianz Parque, em S\u00e3o Paulo, em cl\u00e1ssico v\u00e1lido pela terceira rodada do Campeonato Brasileiro.","robots":{"index":"index","follow":"follow","max-snippet":"max-snippet:-1","max-image-preview":"max-image-preview:large","max-video-preview":"max-video-preview:-1"},"canonical":"https:\/\/redenoticiaz.com.br\/litoralsp\/2023\/04\/29\/em-casa-palmeiras-vence-classico-contra-o-corinthians","og_locale":"pt_BR","og_type":"article","og_title":"Em casa, Palmeiras vence cl\u00e1ssico contra o Corinthians - Litoral SP","og_description":"Palmeiras e Corinthians entraram em campo, no Allianz Parque, em S\u00e3o Paulo, em cl\u00e1ssico v\u00e1lido pela terceira rodada do Campeonato Brasileiro.","og_url":"https:\/\/redenoticiaz.com.br\/litoralsp\/2023\/04\/29\/em-casa-palmeiras-vence-classico-contra-o-corinthians","og_site_name":"Litoral SP","article_published_time":"2023-04-30T00:32:46+00:00","og_image":[{"width":1200,"height":628,"url":"https:\/\/redenoticiaz.com.br\/litoralsp\/wp-content\/uploads\/sites\/3\/2023\/04\/palmeiras.jpg?v=1682814473","type":"image\/jpeg"}],"author":"Carina Reifonas","twitter_card":"summary_large_image","twitter_misc":{"Escrito por":"Carina Reifonas","Est. tempo de leitura":"2 minutos"},"schema":{"@context":"https:\/\/schema.org","@graph":[{"@type":"Article","@id":"https:\/\/redenoticiaz.com.br\/litoralsp\/2023\/04\/29\/em-casa-palmeiras-vence-classico-contra-o-corinthians#article","isPartOf":{"@id":"https:\/\/redenoticiaz.com.br\/litoralsp\/2023\/04\/29\/em-casa-palmeiras-vence-classico-contra-o-corinthians"},"author":{"name":"Carina Reifonas","@id":"https:\/\/redenoticiaz.com.br\/litoralsp\/#\/schema\/person\/1f84d6e94e6a62d2d81199d7503e9e90"},"headline":"Em casa, Palmeiras vence cl\u00e1ssico contra o Corinthians","datePublished":"2023-04-30T00:32:46+00:00","mainEntityOfPage":{"@id":"https:\/\/redenoticiaz.com.br\/litoralsp\/2023\/04\/29\/em-casa-palmeiras-vence-classico-contra-o-corinthians"},"wordCount":358,"commentCount":0,"publisher":{"@id":"https:\/\/redenoticiaz.com.br\/litoralsp\/#organization"},"image":{"@id":"https:\/\/redenoticiaz.com.br\/litoralsp\/2023\/04\/29\/em-casa-palmeiras-vence-classico-contra-o-corinthians#primaryimage"},"thumbnailUrl":"https:\/\/redenoticiaz.com.br\/litoralsp\/wp-content\/uploads\/sites\/3\/2023\/04\/palmeiras.jpg?v=1682814473","keywords":["CAMPEONATO BRASILEIRO","Corinthians","Palmeiras","Veiga","VENCE"],"articleSection":["Esporte"],"inLanguage":"pt-BR","potentialAction":[{"@type":"CommentAction","name":"Comment","target":["https:\/\/redenoticiaz.com.br\/litoralsp\/2023\/04\/29\/em-casa-palmeiras-vence-classico-contra-o-corinthians#respond"]}]},{"@type":"WebPage","@id":"https:\/\/redenoticiaz.com.br\/litoralsp\/2023\/04\/29\/em-casa-palmeiras-vence-classico-contra-o-corinthians","url":"https:\/\/redenoticiaz.com.br\/litoralsp\/2023\/04\/29\/em-casa-palmeiras-vence-classico-contra-o-corinthians","name":"Em casa, Palmeiras vence cl\u00e1ssico contra o Corinthians - Litoral SP","isPartOf":{"@id":"https:\/\/redenoticiaz.com.br\/litoralsp\/#website"},"primaryImageOfPage":{"@id":"https:\/\/redenoticiaz.com.br\/litoralsp\/2023\/04\/29\/em-casa-palmeiras-vence-classico-contra-o-corinthians#primaryimage"},"image":{"@id":"https:\/\/redenoticiaz.com.br\/litoralsp\/2023\/04\/29\/em-casa-palmeiras-vence-classico-contra-o-corinthians#primaryimage"},"thumbnailUrl":"https:\/\/redenoticiaz.com.br\/litoralsp\/wp-content\/uploads\/sites\/3\/2023\/04\/palmeiras.jpg?v=1682814473","datePublished":"2023-04-30T00:32:46+00:00","description":"Palmeiras e Corinthians entraram em campo, no Allianz Parque, em S\u00e3o Paulo, em cl\u00e1ssico v\u00e1lido pela terceira rodada do Campeonato Brasileiro.","inLanguage":"pt-BR","potentialAction":[{"@type":"ReadAction","target":["https:\/\/redenoticiaz.com.br\/litoralsp\/2023\/04\/29\/em-casa-palmeiras-vence-classico-contra-o-corinthians"]}]},{"@type":"ImageObject","inLanguage":"pt-BR","@id":"https:\/\/redenoticiaz.com.br\/litoralsp\/2023\/04\/29\/em-casa-palmeiras-vence-classico-contra-o-corinthians#primaryimage","url":"https:\/\/redenoticiaz.com.br\/litoralsp\/wp-content\/uploads\/sites\/3\/2023\/04\/palmeiras.jpg?v=1682814473","contentUrl":"https:\/\/redenoticiaz.com.br\/litoralsp\/wp-content\/uploads\/sites\/3\/2023\/04\/palmeiras.jpg?v=1682814473","width":1200,"height":628,"caption":"Palmeira vence d\u00e9rbi. Cr\u00e9dito: Reprodu\u00e7\u00e3o"},{"@type":"WebSite","@id":"https:\/\/redenoticiaz.com.br\/litoralsp\/#website","url":"https:\/\/redenoticiaz.com.br\/litoralsp\/","name":"Litoral SP","description":"Rede NoticiaZ","publisher":{"@id":"https:\/\/redenoticiaz.com.br\/litoralsp\/#organization"},"potentialAction":[{"@type":"SearchAction","target":{"@type":"EntryPoint","urlTemplate":"https:\/\/redenoticiaz.com.br\/litoralsp\/?s={search_term_string}"},"query-input":{"@type":"PropertyValueSpecification","valueRequired":true,"valueName":"search_term_string"}}],"inLanguage":"pt-BR"},{"@type":"Organization","@id":"https:\/\/redenoticiaz.com.br\/litoralsp\/#organization","name":"Litoral SP","url":"https:\/\/redenoticiaz.com.br\/litoralsp\/","logo":{"@type":"ImageObject","inLanguage":"pt-BR","@id":"https:\/\/redenoticiaz.com.br\/litoralsp\/#\/schema\/logo\/image\/","url":"https:\/\/redenoticiaz.com.br\/litoralsp\/wp-content\/uploads\/sites\/3\/2020\/11\/logo.jpg","contentUrl":"https:\/\/redenoticiaz.com.br\/litoralsp\/wp-content\/uploads\/sites\/3\/2020\/11\/logo.jpg","width":400,"height":250,"caption":"Litoral SP"},"image":{"@id":"https:\/\/redenoticiaz.com.br\/litoralsp\/#\/schema\/logo\/image\/"}},{"@type":"Person","@id":"https:\/\/redenoticiaz.com.br\/litoralsp\/#\/schema\/person\/1f84d6e94e6a62d2d81199d7503e9e90","name":"Carina Reifonas","image":{"@type":"ImageObject","inLanguage":"pt-BR","@id":"https:\/\/secure.gravatar.com\/avatar\/04c59859b23696cf867715880f81d5c037e60109730bdb4e6670ec2a2245bc97?s=96&d=mm&r=g","url":"https:\/\/secure.gravatar.com\/avatar\/04c59859b23696cf867715880f81d5c037e60109730bdb4e6670ec2a2245bc97?s=96&d=mm&r=g","contentUrl":"https:\/\/secure.gravatar.com\/avatar\/04c59859b23696cf867715880f81d5c037e60109730bdb4e6670ec2a2245bc97?s=96&d=mm&r=g","caption":"Carina Reifonas"},"url":"https:\/\/redenoticiaz.com.br\/litoralsp\/author\/carinareifonas"}]}},"_links":{"self":[{"href":"https:\/\/redenoticiaz.com.br\/litoralsp\/wp-json\/wp\/v2\/posts\/104897","targetHints":{"allow":["GET"]}}],"collection":[{"href":"https:\/\/redenoticiaz.com.br\/litoralsp\/wp-json\/wp\/v2\/posts"}],"about":[{"href":"https:\/\/redenoticiaz.com.br\/litoralsp\/wp-json\/wp\/v2\/types\/post"}],"author":[{"embeddable":true,"href":"https:\/\/redenoticiaz.com.br\/litoralsp\/wp-json\/wp\/v2\/users\/30"}],"replies":[{"embeddable":true,"href":"https:\/\/redenoticiaz.com.br\/litoralsp\/wp-json\/wp\/v2\/comments?post=104897"}],"version-history":[{"count":0,"href":"https:\/\/redenoticiaz.com.br\/litoralsp\/wp-json\/wp\/v2\/posts\/104897\/revisions"}],"wp:featuredmedia":[{"embeddable":true,"href":"https:\/\/redenoticiaz.com.br\/litoralsp\/wp-json\/wp\/v2\/media\/104898"}],"wp:attachment":[{"href":"https:\/\/redenoticiaz.com.br\/litoralsp\/wp-json\/wp\/v2\/media?parent=104897"}],"wp:term":[{"taxonomy":"category","embeddable":true,"href":"https:\/\/redenoticiaz.com.br\/litoralsp\/wp-json\/wp\/v2\/categories?post=104897"},{"taxonomy":"post_tag","embeddable":true,"href":"https:\/\/redenoticiaz.com.br\/litoralsp\/wp-json\/wp\/v2\/tags?post=104897"}],"curies":[{"name":"wp","href":"https:\/\/api.w.org\/{rel}","templated":true}]}}