{"id":104996,"date":"2023-05-02T09:26:48","date_gmt":"2023-05-02T12:26:48","guid":{"rendered":"https:\/\/redenoticiaz.com.br\/litoralsp\/?p=104996"},"modified":"2023-05-02T09:26:48","modified_gmt":"2023-05-02T12:26:48","slug":"criminoso-rouba-aliancas-de-turistas-em-santos-e-as-engole","status":"publish","type":"post","link":"https:\/\/redenoticiaz.com.br\/litoralsp\/2023\/05\/02\/criminoso-rouba-aliancas-de-turistas-em-santos-e-as-engole","title":{"rendered":"Criminoso rouba alian\u00e7as de turistas em Santos e as engole"},"content":{"rendered":"<p>Dois homens foram presos acusados de roubarem celulares e alian\u00e7as de um casal de turistas na orla de Santos. A a\u00e7\u00e3o foi da Guarda Municipal, que ainda descobriu que um dos criminosos <strong>engoliu as joias<\/strong> no momento da fuga. Elas foram descobertas em um exame de raio-X.<\/p>\n<p>Segundo a corpora\u00e7\u00e3o, os turistas estavam sentados em um banco da praia, pr\u00f3ximo do Canal 5. De repente, a dupla chegou de bicicleta, armada e anunciando o assalto no final da tarde de segunda-feira (1). Os turistas de Cuiab\u00e1 (MT) n\u00e3o reagiram, mas, mesmo depois de entregar os bens, ouviram que seriam baleados caso chamassem a pol\u00edcia.<\/p>\n<div id=\"chunk-5cl21\">\n<div class=\"mc-column content-text active-extra-styles \" data-block-type=\"unstyled\" data-block-weight=\"46\" data-block-id=\"7\">\n<p class=\"content-text__container \" data-track-category=\"Link no Texto\" data-track-links=\"\">Assim que os criminosos deram as costas, em fuga em dire\u00e7\u00e3o \u00e0 vizinha S\u00e3o Vicente, o casal abordou GCMs que estavam em bicicletas. Os guardas comunicaram o ocorrido ao Centro de Controle Operacional (CCO) de Santos &#8211; que conta com a presen\u00e7a da Pol\u00edcia Militar.<\/p>\n<\/div>\n<\/div>\n<div id=\"chunk-e2a19\">\n<div class=\"mc-column content-text active-extra-styles \" data-block-type=\"unstyled\" data-block-weight=\"38\" data-block-id=\"8\">\n<p class=\"content-text__container \" data-track-category=\"Link no Texto\" data-track-links=\"\">As equipes no CCO come\u00e7aram a acompanhar os bandidos com o aux\u00edlio das c\u00e2meras de monitoramento espalhadas pela cidade. No mesmo instante, profissionais em viaturas e motocicletas da GCM e PM foram mobilizados para ajudar na ocorr\u00eancia.<\/p>\n<div class=\"mc-column content-text active-extra-styles\" data-block-type=\"raw\" data-block-weight=\"1\" data-block-id=\"10\">\n<div class=\"content-intertitle\">\n<h3>Dupla presa<\/h3>\n<\/div>\n<\/div>\n<div id=\"chunk-fr5p2\">\n<div class=\"mc-column content-text active-extra-styles \" data-block-type=\"unstyled\" data-block-weight=\"27\" data-block-id=\"11\">\n<p class=\"content-text__container \" data-track-category=\"Link no Texto\" data-track-links=\"\">A equipe da guarda em motos (Rotam) conseguiu abordar um dos criminosos perto do monumento ao surfista, na altura do Canal 2, na Pompeia.<\/p>\n<\/div>\n<\/div>\n<div id=\"chunk-8jagu\">\n<div class=\"mc-column content-text active-extra-styles \" data-block-type=\"unstyled\" data-block-weight=\"38\" data-block-id=\"13\">\n<p class=\"content-text__container \" data-track-category=\"Link no Texto\" data-track-links=\"\">Antes de ser capturado, o homem arremessou a arma e uma mochila, com um dos celulares das v\u00edtimas, na faixa de areia. Contudo, os objetos foram recolhidos, sendo o rev\u00f3lver apreendido e o aparelho devolvido ao dono.<\/p>\n<\/div>\n<\/div>\n<div id=\"chunk-euqgb\">\n<div class=\"mc-column content-text active-extra-styles \" data-block-type=\"unstyled\" data-block-weight=\"32\" data-block-id=\"14\">\n<p class=\"content-text__container \" data-track-category=\"Link no Texto\" data-track-links=\"\">O comparsa escapou em dire\u00e7\u00e3o ao bairro Pompeia, mas acabou detido ap\u00f3s as equipes da guarda, com o apoio da PM, terem cercado o local.<\/p>\n<p data-track-category=\"Link no Texto\" data-track-links=\"\"><strong>LEIA TAMB\u00c9M<\/strong><\/p>\n<p data-track-category=\"Link no Texto\" data-track-links=\"\"><a href=\"https:\/\/redenoticiaz.com.br\/litoralsp\/2023\/05\/01\/duas-pessoas-sao-presas-na-orla-da-praia-de-santos\">Duas pessoas s\u00e3o presas na orla da praia de Santos<\/a><\/p>\n<\/div>\n<\/div>\n<\/div>\n<\/div>\n","protected":false},"excerpt":{"rendered":"<p>Dois homens foram presos acusados de roubarem celulares e alian\u00e7as de um casal de turistas na orla de Santos. A a\u00e7\u00e3o foi da Guarda Municipal, que ainda descobriu que um dos criminosos engoliu as joias no momento da fuga. Elas foram descobertas em um exame de raio-X. Segundo a corpora\u00e7\u00e3o, os turistas estavam sentados em &hellip;<\/p>\n","protected":false},"author":6,"featured_media":104997,"comment_status":"open","ping_status":"closed","sticky":false,"template":"","format":"standard","meta":{"footnotes":""},"categories":[10,180],"tags":[64897,2803,22104,13672,3872,986],"class_list":["post-104996","post","type-post","status-publish","format-standard","has-post-thumbnail","hentry","category-policia","category-santos","tag-aliancas-engolidas","tag-assalto","tag-dupla-presa","tag-guarda-municipal-de-santos","tag-orla-da-praia","tag-santos"],"yoast_head":"<!-- This site is optimized with the Yoast SEO plugin v27.4 - https:\/\/yoast.com\/product\/yoast-seo-wordpress\/ -->\n<title>Criminoso rouba alian\u00e7as de turistas em Santos e as engole - Litoral SP<\/title>\n<meta name=\"description\" content=\"Dois homens foram presos acusados de roubarem celulares e alian\u00e7as de um casal de turistas na orla de Santos. A a\u00e7\u00e3o foi da Guarda\" \/>\n<meta name=\"robots\" content=\"index, follow, max-snippet:-1, max-image-preview:large, max-video-preview:-1\" \/>\n<link rel=\"canonical\" href=\"https:\/\/redenoticiaz.com.br\/litoralsp\/2023\/05\/02\/criminoso-rouba-aliancas-de-turistas-em-santos-e-as-engole\" \/>\n<meta property=\"og:locale\" content=\"pt_BR\" \/>\n<meta property=\"og:type\" content=\"article\" \/>\n<meta property=\"og:title\" content=\"Criminoso rouba alian\u00e7as de turistas em Santos e as engole - Litoral SP\" \/>\n<meta property=\"og:description\" content=\"Dois homens foram presos acusados de roubarem celulares e alian\u00e7as de um casal de turistas na orla de Santos. A a\u00e7\u00e3o foi da Guarda\" \/>\n<meta property=\"og:url\" content=\"https:\/\/redenoticiaz.com.br\/litoralsp\/2023\/05\/02\/criminoso-rouba-aliancas-de-turistas-em-santos-e-as-engole\" \/>\n<meta property=\"og:site_name\" content=\"Litoral SP\" \/>\n<meta property=\"article:published_time\" content=\"2023-05-02T12:26:48+00:00\" \/>\n<meta property=\"og:image\" content=\"https:\/\/redenoticiaz.com.br\/litoralsp\/wp-content\/uploads\/sites\/3\/2023\/05\/ALIANCAS-ENGOLIDAS.jpg\" \/>\n\t<meta property=\"og:image:width\" content=\"558\" \/>\n\t<meta property=\"og:image:height\" content=\"373\" \/>\n\t<meta property=\"og:image:type\" content=\"image\/jpeg\" \/>\n<meta name=\"author\" content=\"Leonardo Francisco\" \/>\n<meta name=\"twitter:card\" content=\"summary_large_image\" \/>\n<meta name=\"twitter:label1\" content=\"Escrito por\" \/>\n\t<meta name=\"twitter:data1\" content=\"Leonardo Francisco\" \/>\n\t<meta name=\"twitter:label2\" content=\"Est. tempo de leitura\" \/>\n\t<meta name=\"twitter:data2\" content=\"2 minutos\" \/>\n<script type=\"application\/ld+json\" class=\"yoast-schema-graph\">{\"@context\":\"https:\\\/\\\/schema.org\",\"@graph\":[{\"@type\":\"Article\",\"@id\":\"https:\\\/\\\/redenoticiaz.com.br\\\/litoralsp\\\/2023\\\/05\\\/02\\\/criminoso-rouba-aliancas-de-turistas-em-santos-e-as-engole#article\",\"isPartOf\":{\"@id\":\"https:\\\/\\\/redenoticiaz.com.br\\\/litoralsp\\\/2023\\\/05\\\/02\\\/criminoso-rouba-aliancas-de-turistas-em-santos-e-as-engole\"},\"author\":{\"name\":\"Leonardo Francisco\",\"@id\":\"https:\\\/\\\/redenoticiaz.com.br\\\/litoralsp\\\/#\\\/schema\\\/person\\\/0f0b8a5bdafefe82841e07ae8d81ecb3\"},\"headline\":\"Criminoso rouba alian\u00e7as de turistas em Santos e as engole\",\"datePublished\":\"2023-05-02T12:26:48+00:00\",\"mainEntityOfPage\":{\"@id\":\"https:\\\/\\\/redenoticiaz.com.br\\\/litoralsp\\\/2023\\\/05\\\/02\\\/criminoso-rouba-aliancas-de-turistas-em-santos-e-as-engole\"},\"wordCount\":313,\"commentCount\":0,\"publisher\":{\"@id\":\"https:\\\/\\\/redenoticiaz.com.br\\\/litoralsp\\\/#organization\"},\"image\":{\"@id\":\"https:\\\/\\\/redenoticiaz.com.br\\\/litoralsp\\\/2023\\\/05\\\/02\\\/criminoso-rouba-aliancas-de-turistas-em-santos-e-as-engole#primaryimage\"},\"thumbnailUrl\":\"https:\\\/\\\/redenoticiaz.com.br\\\/litoralsp\\\/wp-content\\\/uploads\\\/sites\\\/3\\\/2023\\\/05\\\/ALIANCAS-ENGOLIDAS.jpg\",\"keywords\":[\"ALIAN\u00c7AS ENGOLIDAS\",\"Assalto\",\"DUPLA PRESA\",\"GUARDA MUNICIPAL DE SANTOS\",\"ORLA DA PRAIA\",\"Santos\"],\"articleSection\":[\"Pol\u00edcia\",\"Santos\"],\"inLanguage\":\"pt-BR\",\"potentialAction\":[{\"@type\":\"CommentAction\",\"name\":\"Comment\",\"target\":[\"https:\\\/\\\/redenoticiaz.com.br\\\/litoralsp\\\/2023\\\/05\\\/02\\\/criminoso-rouba-aliancas-de-turistas-em-santos-e-as-engole#respond\"]}]},{\"@type\":\"WebPage\",\"@id\":\"https:\\\/\\\/redenoticiaz.com.br\\\/litoralsp\\\/2023\\\/05\\\/02\\\/criminoso-rouba-aliancas-de-turistas-em-santos-e-as-engole\",\"url\":\"https:\\\/\\\/redenoticiaz.com.br\\\/litoralsp\\\/2023\\\/05\\\/02\\\/criminoso-rouba-aliancas-de-turistas-em-santos-e-as-engole\",\"name\":\"Criminoso rouba alian\u00e7as de turistas em Santos e as engole - Litoral SP\",\"isPartOf\":{\"@id\":\"https:\\\/\\\/redenoticiaz.com.br\\\/litoralsp\\\/#website\"},\"primaryImageOfPage\":{\"@id\":\"https:\\\/\\\/redenoticiaz.com.br\\\/litoralsp\\\/2023\\\/05\\\/02\\\/criminoso-rouba-aliancas-de-turistas-em-santos-e-as-engole#primaryimage\"},\"image\":{\"@id\":\"https:\\\/\\\/redenoticiaz.com.br\\\/litoralsp\\\/2023\\\/05\\\/02\\\/criminoso-rouba-aliancas-de-turistas-em-santos-e-as-engole#primaryimage\"},\"thumbnailUrl\":\"https:\\\/\\\/redenoticiaz.com.br\\\/litoralsp\\\/wp-content\\\/uploads\\\/sites\\\/3\\\/2023\\\/05\\\/ALIANCAS-ENGOLIDAS.jpg\",\"datePublished\":\"2023-05-02T12:26:48+00:00\",\"description\":\"Dois homens foram presos acusados de roubarem celulares e alian\u00e7as de um casal de turistas na orla de Santos. A a\u00e7\u00e3o foi da Guarda\",\"inLanguage\":\"pt-BR\",\"potentialAction\":[{\"@type\":\"ReadAction\",\"target\":[\"https:\\\/\\\/redenoticiaz.com.br\\\/litoralsp\\\/2023\\\/05\\\/02\\\/criminoso-rouba-aliancas-de-turistas-em-santos-e-as-engole\"]}]},{\"@type\":\"ImageObject\",\"inLanguage\":\"pt-BR\",\"@id\":\"https:\\\/\\\/redenoticiaz.com.br\\\/litoralsp\\\/2023\\\/05\\\/02\\\/criminoso-rouba-aliancas-de-turistas-em-santos-e-as-engole#primaryimage\",\"url\":\"https:\\\/\\\/redenoticiaz.com.br\\\/litoralsp\\\/wp-content\\\/uploads\\\/sites\\\/3\\\/2023\\\/05\\\/ALIANCAS-ENGOLIDAS.jpg\",\"contentUrl\":\"https:\\\/\\\/redenoticiaz.com.br\\\/litoralsp\\\/wp-content\\\/uploads\\\/sites\\\/3\\\/2023\\\/05\\\/ALIANCAS-ENGOLIDAS.jpg\",\"width\":558,\"height\":373,\"caption\":\"Cr\u00e9ditos: Reprodu\u00e7\u00e3o\"},{\"@type\":\"WebSite\",\"@id\":\"https:\\\/\\\/redenoticiaz.com.br\\\/litoralsp\\\/#website\",\"url\":\"https:\\\/\\\/redenoticiaz.com.br\\\/litoralsp\\\/\",\"name\":\"Litoral SP\",\"description\":\"Rede NoticiaZ\",\"publisher\":{\"@id\":\"https:\\\/\\\/redenoticiaz.com.br\\\/litoralsp\\\/#organization\"},\"potentialAction\":[{\"@type\":\"SearchAction\",\"target\":{\"@type\":\"EntryPoint\",\"urlTemplate\":\"https:\\\/\\\/redenoticiaz.com.br\\\/litoralsp\\\/?s={search_term_string}\"},\"query-input\":{\"@type\":\"PropertyValueSpecification\",\"valueRequired\":true,\"valueName\":\"search_term_string\"}}],\"inLanguage\":\"pt-BR\"},{\"@type\":\"Organization\",\"@id\":\"https:\\\/\\\/redenoticiaz.com.br\\\/litoralsp\\\/#organization\",\"name\":\"Litoral SP\",\"url\":\"https:\\\/\\\/redenoticiaz.com.br\\\/litoralsp\\\/\",\"logo\":{\"@type\":\"ImageObject\",\"inLanguage\":\"pt-BR\",\"@id\":\"https:\\\/\\\/redenoticiaz.com.br\\\/litoralsp\\\/#\\\/schema\\\/logo\\\/image\\\/\",\"url\":\"https:\\\/\\\/redenoticiaz.com.br\\\/litoralsp\\\/wp-content\\\/uploads\\\/sites\\\/3\\\/2020\\\/11\\\/logo.jpg\",\"contentUrl\":\"https:\\\/\\\/redenoticiaz.com.br\\\/litoralsp\\\/wp-content\\\/uploads\\\/sites\\\/3\\\/2020\\\/11\\\/logo.jpg\",\"width\":400,\"height\":250,\"caption\":\"Litoral SP\"},\"image\":{\"@id\":\"https:\\\/\\\/redenoticiaz.com.br\\\/litoralsp\\\/#\\\/schema\\\/logo\\\/image\\\/\"}},{\"@type\":\"Person\",\"@id\":\"https:\\\/\\\/redenoticiaz.com.br\\\/litoralsp\\\/#\\\/schema\\\/person\\\/0f0b8a5bdafefe82841e07ae8d81ecb3\",\"name\":\"Leonardo Francisco\",\"image\":{\"@type\":\"ImageObject\",\"inLanguage\":\"pt-BR\",\"@id\":\"https:\\\/\\\/secure.gravatar.com\\\/avatar\\\/a7358cb406a99b682ec6df1e77e31ae82e63601f6784e8a3df411d72b37864da?s=96&d=mm&r=g\",\"url\":\"https:\\\/\\\/secure.gravatar.com\\\/avatar\\\/a7358cb406a99b682ec6df1e77e31ae82e63601f6784e8a3df411d72b37864da?s=96&d=mm&r=g\",\"contentUrl\":\"https:\\\/\\\/secure.gravatar.com\\\/avatar\\\/a7358cb406a99b682ec6df1e77e31ae82e63601f6784e8a3df411d72b37864da?s=96&d=mm&r=g\",\"caption\":\"Leonardo Francisco\"},\"url\":\"https:\\\/\\\/redenoticiaz.com.br\\\/litoralsp\\\/author\\\/leonardo-francisco\"}]}<\/script>\n<!-- \/ Yoast SEO plugin. -->","yoast_head_json":{"title":"Criminoso rouba alian\u00e7as de turistas em Santos e as engole - Litoral SP","description":"Dois homens foram presos acusados de roubarem celulares e alian\u00e7as de um casal de turistas na orla de Santos. A a\u00e7\u00e3o foi da Guarda","robots":{"index":"index","follow":"follow","max-snippet":"max-snippet:-1","max-image-preview":"max-image-preview:large","max-video-preview":"max-video-preview:-1"},"canonical":"https:\/\/redenoticiaz.com.br\/litoralsp\/2023\/05\/02\/criminoso-rouba-aliancas-de-turistas-em-santos-e-as-engole","og_locale":"pt_BR","og_type":"article","og_title":"Criminoso rouba alian\u00e7as de turistas em Santos e as engole - Litoral SP","og_description":"Dois homens foram presos acusados de roubarem celulares e alian\u00e7as de um casal de turistas na orla de Santos. A a\u00e7\u00e3o foi da Guarda","og_url":"https:\/\/redenoticiaz.com.br\/litoralsp\/2023\/05\/02\/criminoso-rouba-aliancas-de-turistas-em-santos-e-as-engole","og_site_name":"Litoral SP","article_published_time":"2023-05-02T12:26:48+00:00","og_image":[{"width":558,"height":373,"url":"https:\/\/redenoticiaz.com.br\/litoralsp\/wp-content\/uploads\/sites\/3\/2023\/05\/ALIANCAS-ENGOLIDAS.jpg","type":"image\/jpeg"}],"author":"Leonardo Francisco","twitter_card":"summary_large_image","twitter_misc":{"Escrito por":"Leonardo Francisco","Est. tempo de leitura":"2 minutos"},"schema":{"@context":"https:\/\/schema.org","@graph":[{"@type":"Article","@id":"https:\/\/redenoticiaz.com.br\/litoralsp\/2023\/05\/02\/criminoso-rouba-aliancas-de-turistas-em-santos-e-as-engole#article","isPartOf":{"@id":"https:\/\/redenoticiaz.com.br\/litoralsp\/2023\/05\/02\/criminoso-rouba-aliancas-de-turistas-em-santos-e-as-engole"},"author":{"name":"Leonardo Francisco","@id":"https:\/\/redenoticiaz.com.br\/litoralsp\/#\/schema\/person\/0f0b8a5bdafefe82841e07ae8d81ecb3"},"headline":"Criminoso rouba alian\u00e7as de turistas em Santos e as engole","datePublished":"2023-05-02T12:26:48+00:00","mainEntityOfPage":{"@id":"https:\/\/redenoticiaz.com.br\/litoralsp\/2023\/05\/02\/criminoso-rouba-aliancas-de-turistas-em-santos-e-as-engole"},"wordCount":313,"commentCount":0,"publisher":{"@id":"https:\/\/redenoticiaz.com.br\/litoralsp\/#organization"},"image":{"@id":"https:\/\/redenoticiaz.com.br\/litoralsp\/2023\/05\/02\/criminoso-rouba-aliancas-de-turistas-em-santos-e-as-engole#primaryimage"},"thumbnailUrl":"https:\/\/redenoticiaz.com.br\/litoralsp\/wp-content\/uploads\/sites\/3\/2023\/05\/ALIANCAS-ENGOLIDAS.jpg","keywords":["ALIAN\u00c7AS ENGOLIDAS","Assalto","DUPLA PRESA","GUARDA MUNICIPAL DE SANTOS","ORLA DA PRAIA","Santos"],"articleSection":["Pol\u00edcia","Santos"],"inLanguage":"pt-BR","potentialAction":[{"@type":"CommentAction","name":"Comment","target":["https:\/\/redenoticiaz.com.br\/litoralsp\/2023\/05\/02\/criminoso-rouba-aliancas-de-turistas-em-santos-e-as-engole#respond"]}]},{"@type":"WebPage","@id":"https:\/\/redenoticiaz.com.br\/litoralsp\/2023\/05\/02\/criminoso-rouba-aliancas-de-turistas-em-santos-e-as-engole","url":"https:\/\/redenoticiaz.com.br\/litoralsp\/2023\/05\/02\/criminoso-rouba-aliancas-de-turistas-em-santos-e-as-engole","name":"Criminoso rouba alian\u00e7as de turistas em Santos e as engole - Litoral SP","isPartOf":{"@id":"https:\/\/redenoticiaz.com.br\/litoralsp\/#website"},"primaryImageOfPage":{"@id":"https:\/\/redenoticiaz.com.br\/litoralsp\/2023\/05\/02\/criminoso-rouba-aliancas-de-turistas-em-santos-e-as-engole#primaryimage"},"image":{"@id":"https:\/\/redenoticiaz.com.br\/litoralsp\/2023\/05\/02\/criminoso-rouba-aliancas-de-turistas-em-santos-e-as-engole#primaryimage"},"thumbnailUrl":"https:\/\/redenoticiaz.com.br\/litoralsp\/wp-content\/uploads\/sites\/3\/2023\/05\/ALIANCAS-ENGOLIDAS.jpg","datePublished":"2023-05-02T12:26:48+00:00","description":"Dois homens foram presos acusados de roubarem celulares e alian\u00e7as de um casal de turistas na orla de Santos. A a\u00e7\u00e3o foi da Guarda","inLanguage":"pt-BR","potentialAction":[{"@type":"ReadAction","target":["https:\/\/redenoticiaz.com.br\/litoralsp\/2023\/05\/02\/criminoso-rouba-aliancas-de-turistas-em-santos-e-as-engole"]}]},{"@type":"ImageObject","inLanguage":"pt-BR","@id":"https:\/\/redenoticiaz.com.br\/litoralsp\/2023\/05\/02\/criminoso-rouba-aliancas-de-turistas-em-santos-e-as-engole#primaryimage","url":"https:\/\/redenoticiaz.com.br\/litoralsp\/wp-content\/uploads\/sites\/3\/2023\/05\/ALIANCAS-ENGOLIDAS.jpg","contentUrl":"https:\/\/redenoticiaz.com.br\/litoralsp\/wp-content\/uploads\/sites\/3\/2023\/05\/ALIANCAS-ENGOLIDAS.jpg","width":558,"height":373,"caption":"Cr\u00e9ditos: Reprodu\u00e7\u00e3o"},{"@type":"WebSite","@id":"https:\/\/redenoticiaz.com.br\/litoralsp\/#website","url":"https:\/\/redenoticiaz.com.br\/litoralsp\/","name":"Litoral SP","description":"Rede NoticiaZ","publisher":{"@id":"https:\/\/redenoticiaz.com.br\/litoralsp\/#organization"},"potentialAction":[{"@type":"SearchAction","target":{"@type":"EntryPoint","urlTemplate":"https:\/\/redenoticiaz.com.br\/litoralsp\/?s={search_term_string}"},"query-input":{"@type":"PropertyValueSpecification","valueRequired":true,"valueName":"search_term_string"}}],"inLanguage":"pt-BR"},{"@type":"Organization","@id":"https:\/\/redenoticiaz.com.br\/litoralsp\/#organization","name":"Litoral SP","url":"https:\/\/redenoticiaz.com.br\/litoralsp\/","logo":{"@type":"ImageObject","inLanguage":"pt-BR","@id":"https:\/\/redenoticiaz.com.br\/litoralsp\/#\/schema\/logo\/image\/","url":"https:\/\/redenoticiaz.com.br\/litoralsp\/wp-content\/uploads\/sites\/3\/2020\/11\/logo.jpg","contentUrl":"https:\/\/redenoticiaz.com.br\/litoralsp\/wp-content\/uploads\/sites\/3\/2020\/11\/logo.jpg","width":400,"height":250,"caption":"Litoral SP"},"image":{"@id":"https:\/\/redenoticiaz.com.br\/litoralsp\/#\/schema\/logo\/image\/"}},{"@type":"Person","@id":"https:\/\/redenoticiaz.com.br\/litoralsp\/#\/schema\/person\/0f0b8a5bdafefe82841e07ae8d81ecb3","name":"Leonardo Francisco","image":{"@type":"ImageObject","inLanguage":"pt-BR","@id":"https:\/\/secure.gravatar.com\/avatar\/a7358cb406a99b682ec6df1e77e31ae82e63601f6784e8a3df411d72b37864da?s=96&d=mm&r=g","url":"https:\/\/secure.gravatar.com\/avatar\/a7358cb406a99b682ec6df1e77e31ae82e63601f6784e8a3df411d72b37864da?s=96&d=mm&r=g","contentUrl":"https:\/\/secure.gravatar.com\/avatar\/a7358cb406a99b682ec6df1e77e31ae82e63601f6784e8a3df411d72b37864da?s=96&d=mm&r=g","caption":"Leonardo Francisco"},"url":"https:\/\/redenoticiaz.com.br\/litoralsp\/author\/leonardo-francisco"}]}},"_links":{"self":[{"href":"https:\/\/redenoticiaz.com.br\/litoralsp\/wp-json\/wp\/v2\/posts\/104996","targetHints":{"allow":["GET"]}}],"collection":[{"href":"https:\/\/redenoticiaz.com.br\/litoralsp\/wp-json\/wp\/v2\/posts"}],"about":[{"href":"https:\/\/redenoticiaz.com.br\/litoralsp\/wp-json\/wp\/v2\/types\/post"}],"author":[{"embeddable":true,"href":"https:\/\/redenoticiaz.com.br\/litoralsp\/wp-json\/wp\/v2\/users\/6"}],"replies":[{"embeddable":true,"href":"https:\/\/redenoticiaz.com.br\/litoralsp\/wp-json\/wp\/v2\/comments?post=104996"}],"version-history":[{"count":1,"href":"https:\/\/redenoticiaz.com.br\/litoralsp\/wp-json\/wp\/v2\/posts\/104996\/revisions"}],"predecessor-version":[{"id":104998,"href":"https:\/\/redenoticiaz.com.br\/litoralsp\/wp-json\/wp\/v2\/posts\/104996\/revisions\/104998"}],"wp:featuredmedia":[{"embeddable":true,"href":"https:\/\/redenoticiaz.com.br\/litoralsp\/wp-json\/wp\/v2\/media\/104997"}],"wp:attachment":[{"href":"https:\/\/redenoticiaz.com.br\/litoralsp\/wp-json\/wp\/v2\/media?parent=104996"}],"wp:term":[{"taxonomy":"category","embeddable":true,"href":"https:\/\/redenoticiaz.com.br\/litoralsp\/wp-json\/wp\/v2\/categories?post=104996"},{"taxonomy":"post_tag","embeddable":true,"href":"https:\/\/redenoticiaz.com.br\/litoralsp\/wp-json\/wp\/v2\/tags?post=104996"}],"curies":[{"name":"wp","href":"https:\/\/api.w.org\/{rel}","templated":true}]}}