{"id":105004,"date":"2023-05-02T11:26:56","date_gmt":"2023-05-02T14:26:56","guid":{"rendered":"https:\/\/redenoticiaz.com.br\/litoralsp\/?p=105004"},"modified":"2023-05-02T11:26:56","modified_gmt":"2023-05-02T14:26:56","slug":"policial-acusado-de-matar-ex-namorada-tinha-historico-de-violencia-e-descumpriu-decisao-judicial","status":"publish","type":"post","link":"https:\/\/redenoticiaz.com.br\/litoralsp\/2023\/05\/02\/policial-acusado-de-matar-ex-namorada-tinha-historico-de-violencia-e-descumpriu-decisao-judicial","title":{"rendered":"Policial acusado de matar ex-namorada tinha hist\u00f3rico de viol\u00eancia e descumpriu decis\u00e3o judicial"},"content":{"rendered":"<p><span class=\"highlight highlighted\">Seguem as investiga\u00e7\u00f5es do caso da mulher de 28 anos, morta pelo <\/span><span class=\"highlight highlighted\">ex-marido e policial militar rodovi\u00e1rio<\/span><span class=\"highlight highlighted\"> com um tiro na cabe\u00e7a <\/span>em Praia Grande. O acusado, que cometeu suic\u00eddio, <span class=\"highlight highlighted\">tinha uma <strong>medida protetiva<\/strong> de urg\u00eancia contra ele, j\u00e1 que a v\u00edtima tinha sido v\u00edtima de viol\u00eancia dom\u00e9stica<\/span>.<\/p>\n<p>A Pol\u00edcia Civil informou que ap\u00f3s o pedido feito na \u00e9poca, a Justi\u00e7a garantiu a prote\u00e7\u00e3o a J\u00e9ssica Almeida Ramos Wehinger em fevereiro deste ano.<\/p>\n<p>Tudo come\u00e7ou quando a v\u00edtima come\u00e7ou a namorar h\u00e1 aproximadamente um m\u00eas um outro homem. Ela estava passando pelo processo de div\u00f3rcio com <span class=\"highlight highlighted\">Roberto Belchior Wehinger, de 33 anos<\/span>. Al\u00e9m disso, ele inclusive <span class=\"highlight highlighted\">deveria manter uma dist\u00e2ncia de 300 metros da ex<\/span>, conforme documento expedido pelo juiz Vinicius de Toledo Piza Peluso, da 1\u00aa Vara Criminal de Praia Grande.<\/p>\n<div id=\"chunk-f24uv\">\n<div class=\"mc-column content-text active-extra-styles \" data-block-type=\"unstyled\" data-block-weight=\"43\" data-block-id=\"7\">\n<p class=\"content-text__container \" data-track-category=\"Link no Texto\" data-track-links=\"\">S\u00f3 que antes que o prazo de 90 dias da medida terminasse, R<span class=\"highlight highlighted\">oberto foi ao encontro da ex-mulher, com quem tinha um filho de tr\u00eas anos<\/span>. Ele <span class=\"highlight highlighted\">cometeu o feminic\u00eddio e se matou em seguida<\/span> na noite de s\u00e1bado (29), no bairro Ocian.<\/p>\n<h3 data-track-category=\"Link no Texto\">O assassinato<\/h3>\n<\/div>\n<\/div>\n<div id=\"chunk-20vem\">\n<div class=\"mc-column content-text active-extra-styles \" data-block-type=\"unstyled\" data-block-weight=\"40\" data-block-id=\"8\">\n<p class=\"content-text__container \" data-track-category=\"Link no Texto\" data-track-links=\"\">De acordo com o boletim de ocorr\u00eancias, o policial foi at\u00e9 o endere\u00e7o do atual namorado de J\u00e9ssica e, assim que o casal deixou o im\u00f3vel, parou o carro ao lado do namorado e come\u00e7ou a soc\u00e1-lo no rosto.<\/p>\n<\/div>\n<\/div>\n<div id=\"chunk-76m1e\">\n<div class=\"mc-column content-text active-extra-styles \" data-block-type=\"unstyled\" data-block-weight=\"40\" data-block-id=\"9\">\n<p class=\"content-text__container \" data-track-category=\"Link no Texto\" data-track-links=\"\">A v\u00edtima conseguiu imobilizar Roberto e percebeu que ele estava armado, momento em que tentou pegar a arma. Enquanto a briga se desenvolvia, testemunhas em um bar pr\u00f3ximo interromperam a confus\u00e3o e levaram o namorado para dentro do estabelecimento.<\/p>\n<div id=\"chunk-8d05p\">\n<div class=\"mc-column content-text active-extra-styles \" data-block-type=\"unstyled\" data-block-weight=\"34\" data-block-id=\"11\">\n<p class=\"content-text__container \" data-track-category=\"Link no Texto\" data-track-links=\"\">Assim que entrou no bar o atual de J\u00e9ssica e as demais testemunhas ouviram um disparo e, na sequ\u00eancia, o corpo da mulher no ch\u00e3o. Em seguida, Roberto atirou contra a pr\u00f3pria cabe\u00e7a.<\/p>\n<\/div>\n<\/div>\n<div id=\"chunk-9cmh7\">\n<div class=\"mc-column content-text active-extra-styles \" data-block-type=\"unstyled\" data-block-weight=\"52\" data-block-id=\"12\">\n<p class=\"content-text__container \" data-track-category=\"Link no Texto\" data-track-links=\"\">O Servi\u00e7o de Atendimento M\u00f3vel de Urg\u00eancia (SAMU) foi acionado e constatou a morte da mulher no local. O policial, no entanto, ainda estava com vida e foi levado ao Hospital Irm\u00e3 Dulce, mas n\u00e3o resistiu e morreu na unidade de sa\u00fade. O caso foi registrado no DP Sede de Praia Grande.<\/p>\n<p data-track-category=\"Link no Texto\" data-track-links=\"\"><strong>LEIA TAMB\u00c9M<\/strong><\/p>\n<p data-track-category=\"Link no Texto\" data-track-links=\"\"><a href=\"https:\/\/redenoticiaz.com.br\/litoralsp\/2023\/05\/01\/policial-mata-a-ex-mulher-e-tira-a-propria-vida-em-praia-grande\">Policial mata a ex-mulher e tira a pr\u00f3pria vida em Praia Grande<\/a><\/p>\n<\/div>\n<\/div>\n<\/div>\n<\/div>\n","protected":false},"excerpt":{"rendered":"<p>Seguem as investiga\u00e7\u00f5es do caso da mulher de 28 anos, morta pelo ex-marido e policial militar rodovi\u00e1rio com um tiro na cabe\u00e7a em Praia Grande. O acusado, que cometeu suic\u00eddio, tinha uma medida protetiva de urg\u00eancia contra ele, j\u00e1 que a v\u00edtima tinha sido v\u00edtima de viol\u00eancia dom\u00e9stica. A Pol\u00edcia Civil informou que ap\u00f3s o &hellip;<\/p>\n","protected":false},"author":6,"featured_media":105005,"comment_status":"open","ping_status":"closed","sticky":false,"template":"","format":"standard","meta":{"footnotes":""},"categories":[10,182],"tags":[28204,24043,48625,4773,1345,1101],"class_list":["post-105004","post","type-post","status-publish","format-standard","has-post-thumbnail","hentry","category-policia","category-praia-grande","tag-feminicidio","tag-medida-protetiva","tag-morte-de-policial","tag-policia-civil-2","tag-policial-militar-rodoviario","tag-praia-grande"],"yoast_head":"<!-- This site is optimized with the Yoast SEO plugin v27.5 - https:\/\/yoast.com\/product\/yoast-seo-wordpress\/ -->\n<title>Policial acusado de matar ex-namorada tinha hist\u00f3rico de viol\u00eancia e descumpriu decis\u00e3o judicial - Litoral SP<\/title>\n<meta name=\"description\" content=\"acusado, que cometeu suic\u00eddio, tinha uma medida protetiva de urg\u00eancia contra ele, j\u00e1 que a v\u00edtima tinha sido v\u00edtima de viol\u00eancia dom\u00e9stica.\" \/>\n<meta name=\"robots\" content=\"index, follow, max-snippet:-1, max-image-preview:large, max-video-preview:-1\" \/>\n<link rel=\"canonical\" href=\"https:\/\/redenoticiaz.com.br\/litoralsp\/2023\/05\/02\/policial-acusado-de-matar-ex-namorada-tinha-historico-de-violencia-e-descumpriu-decisao-judicial\" \/>\n<meta property=\"og:locale\" content=\"pt_BR\" \/>\n<meta property=\"og:type\" content=\"article\" \/>\n<meta property=\"og:title\" content=\"Policial acusado de matar ex-namorada tinha hist\u00f3rico de viol\u00eancia e descumpriu decis\u00e3o judicial - Litoral SP\" \/>\n<meta property=\"og:description\" content=\"acusado, que cometeu suic\u00eddio, tinha uma medida protetiva de urg\u00eancia contra ele, j\u00e1 que a v\u00edtima tinha sido v\u00edtima de viol\u00eancia dom\u00e9stica.\" \/>\n<meta property=\"og:url\" content=\"https:\/\/redenoticiaz.com.br\/litoralsp\/2023\/05\/02\/policial-acusado-de-matar-ex-namorada-tinha-historico-de-violencia-e-descumpriu-decisao-judicial\" \/>\n<meta property=\"og:site_name\" content=\"Litoral SP\" \/>\n<meta property=\"article:published_time\" content=\"2023-05-02T14:26:56+00:00\" \/>\n<meta property=\"og:image\" content=\"https:\/\/redenoticiaz.com.br\/litoralsp\/wp-content\/uploads\/sites\/3\/2023\/05\/FEMINICIDIO-POL-RODO.jpg\" \/>\n\t<meta property=\"og:image:width\" content=\"553\" \/>\n\t<meta property=\"og:image:height\" content=\"454\" \/>\n\t<meta property=\"og:image:type\" content=\"image\/jpeg\" \/>\n<meta name=\"author\" content=\"Leonardo Francisco\" \/>\n<meta name=\"twitter:card\" content=\"summary_large_image\" \/>\n<meta name=\"twitter:label1\" content=\"Escrito por\" \/>\n\t<meta name=\"twitter:data1\" content=\"Leonardo Francisco\" \/>\n\t<meta name=\"twitter:label2\" content=\"Est. tempo de leitura\" \/>\n\t<meta name=\"twitter:data2\" content=\"2 minutos\" \/>\n<script type=\"application\/ld+json\" class=\"yoast-schema-graph\">{\"@context\":\"https:\\\/\\\/schema.org\",\"@graph\":[{\"@type\":\"Article\",\"@id\":\"https:\\\/\\\/redenoticiaz.com.br\\\/litoralsp\\\/2023\\\/05\\\/02\\\/policial-acusado-de-matar-ex-namorada-tinha-historico-de-violencia-e-descumpriu-decisao-judicial#article\",\"isPartOf\":{\"@id\":\"https:\\\/\\\/redenoticiaz.com.br\\\/litoralsp\\\/2023\\\/05\\\/02\\\/policial-acusado-de-matar-ex-namorada-tinha-historico-de-violencia-e-descumpriu-decisao-judicial\"},\"author\":{\"name\":\"Leonardo Francisco\",\"@id\":\"https:\\\/\\\/redenoticiaz.com.br\\\/litoralsp\\\/#\\\/schema\\\/person\\\/0f0b8a5bdafefe82841e07ae8d81ecb3\"},\"headline\":\"Policial acusado de matar ex-namorada tinha hist\u00f3rico de viol\u00eancia e descumpriu decis\u00e3o judicial\",\"datePublished\":\"2023-05-02T14:26:56+00:00\",\"mainEntityOfPage\":{\"@id\":\"https:\\\/\\\/redenoticiaz.com.br\\\/litoralsp\\\/2023\\\/05\\\/02\\\/policial-acusado-de-matar-ex-namorada-tinha-historico-de-violencia-e-descumpriu-decisao-judicial\"},\"wordCount\":409,\"commentCount\":0,\"publisher\":{\"@id\":\"https:\\\/\\\/redenoticiaz.com.br\\\/litoralsp\\\/#organization\"},\"image\":{\"@id\":\"https:\\\/\\\/redenoticiaz.com.br\\\/litoralsp\\\/2023\\\/05\\\/02\\\/policial-acusado-de-matar-ex-namorada-tinha-historico-de-violencia-e-descumpriu-decisao-judicial#primaryimage\"},\"thumbnailUrl\":\"https:\\\/\\\/redenoticiaz.com.br\\\/litoralsp\\\/wp-content\\\/uploads\\\/sites\\\/3\\\/2023\\\/05\\\/FEMINICIDIO-POL-RODO.jpg\",\"keywords\":[\"FEMINIC\u00cdDIO\",\"MEDIDA PROTETIVA\",\"MORTE DE POLICIAL\",\"POL\u00cdCIA CIVIL\",\"POLICIAL MILITAR RODOVI\u00c1RIO\",\"PRAIA GRANDE\"],\"articleSection\":[\"Pol\u00edcia\",\"Praia Grande\"],\"inLanguage\":\"pt-BR\",\"potentialAction\":[{\"@type\":\"CommentAction\",\"name\":\"Comment\",\"target\":[\"https:\\\/\\\/redenoticiaz.com.br\\\/litoralsp\\\/2023\\\/05\\\/02\\\/policial-acusado-de-matar-ex-namorada-tinha-historico-de-violencia-e-descumpriu-decisao-judicial#respond\"]}]},{\"@type\":\"WebPage\",\"@id\":\"https:\\\/\\\/redenoticiaz.com.br\\\/litoralsp\\\/2023\\\/05\\\/02\\\/policial-acusado-de-matar-ex-namorada-tinha-historico-de-violencia-e-descumpriu-decisao-judicial\",\"url\":\"https:\\\/\\\/redenoticiaz.com.br\\\/litoralsp\\\/2023\\\/05\\\/02\\\/policial-acusado-de-matar-ex-namorada-tinha-historico-de-violencia-e-descumpriu-decisao-judicial\",\"name\":\"Policial acusado de matar ex-namorada tinha hist\u00f3rico de viol\u00eancia e descumpriu decis\u00e3o judicial - Litoral SP\",\"isPartOf\":{\"@id\":\"https:\\\/\\\/redenoticiaz.com.br\\\/litoralsp\\\/#website\"},\"primaryImageOfPage\":{\"@id\":\"https:\\\/\\\/redenoticiaz.com.br\\\/litoralsp\\\/2023\\\/05\\\/02\\\/policial-acusado-de-matar-ex-namorada-tinha-historico-de-violencia-e-descumpriu-decisao-judicial#primaryimage\"},\"image\":{\"@id\":\"https:\\\/\\\/redenoticiaz.com.br\\\/litoralsp\\\/2023\\\/05\\\/02\\\/policial-acusado-de-matar-ex-namorada-tinha-historico-de-violencia-e-descumpriu-decisao-judicial#primaryimage\"},\"thumbnailUrl\":\"https:\\\/\\\/redenoticiaz.com.br\\\/litoralsp\\\/wp-content\\\/uploads\\\/sites\\\/3\\\/2023\\\/05\\\/FEMINICIDIO-POL-RODO.jpg\",\"datePublished\":\"2023-05-02T14:26:56+00:00\",\"description\":\"acusado, que cometeu suic\u00eddio, tinha uma medida protetiva de urg\u00eancia contra ele, j\u00e1 que a v\u00edtima tinha sido v\u00edtima de viol\u00eancia dom\u00e9stica.\",\"inLanguage\":\"pt-BR\",\"potentialAction\":[{\"@type\":\"ReadAction\",\"target\":[\"https:\\\/\\\/redenoticiaz.com.br\\\/litoralsp\\\/2023\\\/05\\\/02\\\/policial-acusado-de-matar-ex-namorada-tinha-historico-de-violencia-e-descumpriu-decisao-judicial\"]}]},{\"@type\":\"ImageObject\",\"inLanguage\":\"pt-BR\",\"@id\":\"https:\\\/\\\/redenoticiaz.com.br\\\/litoralsp\\\/2023\\\/05\\\/02\\\/policial-acusado-de-matar-ex-namorada-tinha-historico-de-violencia-e-descumpriu-decisao-judicial#primaryimage\",\"url\":\"https:\\\/\\\/redenoticiaz.com.br\\\/litoralsp\\\/wp-content\\\/uploads\\\/sites\\\/3\\\/2023\\\/05\\\/FEMINICIDIO-POL-RODO.jpg\",\"contentUrl\":\"https:\\\/\\\/redenoticiaz.com.br\\\/litoralsp\\\/wp-content\\\/uploads\\\/sites\\\/3\\\/2023\\\/05\\\/FEMINICIDIO-POL-RODO.jpg\",\"width\":553,\"height\":454,\"caption\":\"Cr\u00e9ditos: Reprodu\u00e7\u00e3o\"},{\"@type\":\"WebSite\",\"@id\":\"https:\\\/\\\/redenoticiaz.com.br\\\/litoralsp\\\/#website\",\"url\":\"https:\\\/\\\/redenoticiaz.com.br\\\/litoralsp\\\/\",\"name\":\"Litoral SP\",\"description\":\"Rede NoticiaZ\",\"publisher\":{\"@id\":\"https:\\\/\\\/redenoticiaz.com.br\\\/litoralsp\\\/#organization\"},\"potentialAction\":[{\"@type\":\"SearchAction\",\"target\":{\"@type\":\"EntryPoint\",\"urlTemplate\":\"https:\\\/\\\/redenoticiaz.com.br\\\/litoralsp\\\/?s={search_term_string}\"},\"query-input\":{\"@type\":\"PropertyValueSpecification\",\"valueRequired\":true,\"valueName\":\"search_term_string\"}}],\"inLanguage\":\"pt-BR\"},{\"@type\":\"Organization\",\"@id\":\"https:\\\/\\\/redenoticiaz.com.br\\\/litoralsp\\\/#organization\",\"name\":\"Litoral SP\",\"url\":\"https:\\\/\\\/redenoticiaz.com.br\\\/litoralsp\\\/\",\"logo\":{\"@type\":\"ImageObject\",\"inLanguage\":\"pt-BR\",\"@id\":\"https:\\\/\\\/redenoticiaz.com.br\\\/litoralsp\\\/#\\\/schema\\\/logo\\\/image\\\/\",\"url\":\"https:\\\/\\\/redenoticiaz.com.br\\\/litoralsp\\\/wp-content\\\/uploads\\\/sites\\\/3\\\/2020\\\/11\\\/logo.jpg\",\"contentUrl\":\"https:\\\/\\\/redenoticiaz.com.br\\\/litoralsp\\\/wp-content\\\/uploads\\\/sites\\\/3\\\/2020\\\/11\\\/logo.jpg\",\"width\":400,\"height\":250,\"caption\":\"Litoral SP\"},\"image\":{\"@id\":\"https:\\\/\\\/redenoticiaz.com.br\\\/litoralsp\\\/#\\\/schema\\\/logo\\\/image\\\/\"}},{\"@type\":\"Person\",\"@id\":\"https:\\\/\\\/redenoticiaz.com.br\\\/litoralsp\\\/#\\\/schema\\\/person\\\/0f0b8a5bdafefe82841e07ae8d81ecb3\",\"name\":\"Leonardo Francisco\",\"image\":{\"@type\":\"ImageObject\",\"inLanguage\":\"pt-BR\",\"@id\":\"https:\\\/\\\/secure.gravatar.com\\\/avatar\\\/a7358cb406a99b682ec6df1e77e31ae82e63601f6784e8a3df411d72b37864da?s=96&d=mm&r=g\",\"url\":\"https:\\\/\\\/secure.gravatar.com\\\/avatar\\\/a7358cb406a99b682ec6df1e77e31ae82e63601f6784e8a3df411d72b37864da?s=96&d=mm&r=g\",\"contentUrl\":\"https:\\\/\\\/secure.gravatar.com\\\/avatar\\\/a7358cb406a99b682ec6df1e77e31ae82e63601f6784e8a3df411d72b37864da?s=96&d=mm&r=g\",\"caption\":\"Leonardo Francisco\"},\"url\":\"https:\\\/\\\/redenoticiaz.com.br\\\/litoralsp\\\/author\\\/leonardo-francisco\"}]}<\/script>\n<!-- \/ Yoast SEO plugin. -->","yoast_head_json":{"title":"Policial acusado de matar ex-namorada tinha hist\u00f3rico de viol\u00eancia e descumpriu decis\u00e3o judicial - Litoral SP","description":"acusado, que cometeu suic\u00eddio, tinha uma medida protetiva de urg\u00eancia contra ele, j\u00e1 que a v\u00edtima tinha sido v\u00edtima de viol\u00eancia dom\u00e9stica.","robots":{"index":"index","follow":"follow","max-snippet":"max-snippet:-1","max-image-preview":"max-image-preview:large","max-video-preview":"max-video-preview:-1"},"canonical":"https:\/\/redenoticiaz.com.br\/litoralsp\/2023\/05\/02\/policial-acusado-de-matar-ex-namorada-tinha-historico-de-violencia-e-descumpriu-decisao-judicial","og_locale":"pt_BR","og_type":"article","og_title":"Policial acusado de matar ex-namorada tinha hist\u00f3rico de viol\u00eancia e descumpriu decis\u00e3o judicial - Litoral SP","og_description":"acusado, que cometeu suic\u00eddio, tinha uma medida protetiva de urg\u00eancia contra ele, j\u00e1 que a v\u00edtima tinha sido v\u00edtima de viol\u00eancia dom\u00e9stica.","og_url":"https:\/\/redenoticiaz.com.br\/litoralsp\/2023\/05\/02\/policial-acusado-de-matar-ex-namorada-tinha-historico-de-violencia-e-descumpriu-decisao-judicial","og_site_name":"Litoral SP","article_published_time":"2023-05-02T14:26:56+00:00","og_image":[{"width":553,"height":454,"url":"https:\/\/redenoticiaz.com.br\/litoralsp\/wp-content\/uploads\/sites\/3\/2023\/05\/FEMINICIDIO-POL-RODO.jpg","type":"image\/jpeg"}],"author":"Leonardo Francisco","twitter_card":"summary_large_image","twitter_misc":{"Escrito por":"Leonardo Francisco","Est. tempo de leitura":"2 minutos"},"schema":{"@context":"https:\/\/schema.org","@graph":[{"@type":"Article","@id":"https:\/\/redenoticiaz.com.br\/litoralsp\/2023\/05\/02\/policial-acusado-de-matar-ex-namorada-tinha-historico-de-violencia-e-descumpriu-decisao-judicial#article","isPartOf":{"@id":"https:\/\/redenoticiaz.com.br\/litoralsp\/2023\/05\/02\/policial-acusado-de-matar-ex-namorada-tinha-historico-de-violencia-e-descumpriu-decisao-judicial"},"author":{"name":"Leonardo Francisco","@id":"https:\/\/redenoticiaz.com.br\/litoralsp\/#\/schema\/person\/0f0b8a5bdafefe82841e07ae8d81ecb3"},"headline":"Policial acusado de matar ex-namorada tinha hist\u00f3rico de viol\u00eancia e descumpriu decis\u00e3o judicial","datePublished":"2023-05-02T14:26:56+00:00","mainEntityOfPage":{"@id":"https:\/\/redenoticiaz.com.br\/litoralsp\/2023\/05\/02\/policial-acusado-de-matar-ex-namorada-tinha-historico-de-violencia-e-descumpriu-decisao-judicial"},"wordCount":409,"commentCount":0,"publisher":{"@id":"https:\/\/redenoticiaz.com.br\/litoralsp\/#organization"},"image":{"@id":"https:\/\/redenoticiaz.com.br\/litoralsp\/2023\/05\/02\/policial-acusado-de-matar-ex-namorada-tinha-historico-de-violencia-e-descumpriu-decisao-judicial#primaryimage"},"thumbnailUrl":"https:\/\/redenoticiaz.com.br\/litoralsp\/wp-content\/uploads\/sites\/3\/2023\/05\/FEMINICIDIO-POL-RODO.jpg","keywords":["FEMINIC\u00cdDIO","MEDIDA PROTETIVA","MORTE DE POLICIAL","POL\u00cdCIA CIVIL","POLICIAL MILITAR RODOVI\u00c1RIO","PRAIA GRANDE"],"articleSection":["Pol\u00edcia","Praia Grande"],"inLanguage":"pt-BR","potentialAction":[{"@type":"CommentAction","name":"Comment","target":["https:\/\/redenoticiaz.com.br\/litoralsp\/2023\/05\/02\/policial-acusado-de-matar-ex-namorada-tinha-historico-de-violencia-e-descumpriu-decisao-judicial#respond"]}]},{"@type":"WebPage","@id":"https:\/\/redenoticiaz.com.br\/litoralsp\/2023\/05\/02\/policial-acusado-de-matar-ex-namorada-tinha-historico-de-violencia-e-descumpriu-decisao-judicial","url":"https:\/\/redenoticiaz.com.br\/litoralsp\/2023\/05\/02\/policial-acusado-de-matar-ex-namorada-tinha-historico-de-violencia-e-descumpriu-decisao-judicial","name":"Policial acusado de matar ex-namorada tinha hist\u00f3rico de viol\u00eancia e descumpriu decis\u00e3o judicial - Litoral SP","isPartOf":{"@id":"https:\/\/redenoticiaz.com.br\/litoralsp\/#website"},"primaryImageOfPage":{"@id":"https:\/\/redenoticiaz.com.br\/litoralsp\/2023\/05\/02\/policial-acusado-de-matar-ex-namorada-tinha-historico-de-violencia-e-descumpriu-decisao-judicial#primaryimage"},"image":{"@id":"https:\/\/redenoticiaz.com.br\/litoralsp\/2023\/05\/02\/policial-acusado-de-matar-ex-namorada-tinha-historico-de-violencia-e-descumpriu-decisao-judicial#primaryimage"},"thumbnailUrl":"https:\/\/redenoticiaz.com.br\/litoralsp\/wp-content\/uploads\/sites\/3\/2023\/05\/FEMINICIDIO-POL-RODO.jpg","datePublished":"2023-05-02T14:26:56+00:00","description":"acusado, que cometeu suic\u00eddio, tinha uma medida protetiva de urg\u00eancia contra ele, j\u00e1 que a v\u00edtima tinha sido v\u00edtima de viol\u00eancia dom\u00e9stica.","inLanguage":"pt-BR","potentialAction":[{"@type":"ReadAction","target":["https:\/\/redenoticiaz.com.br\/litoralsp\/2023\/05\/02\/policial-acusado-de-matar-ex-namorada-tinha-historico-de-violencia-e-descumpriu-decisao-judicial"]}]},{"@type":"ImageObject","inLanguage":"pt-BR","@id":"https:\/\/redenoticiaz.com.br\/litoralsp\/2023\/05\/02\/policial-acusado-de-matar-ex-namorada-tinha-historico-de-violencia-e-descumpriu-decisao-judicial#primaryimage","url":"https:\/\/redenoticiaz.com.br\/litoralsp\/wp-content\/uploads\/sites\/3\/2023\/05\/FEMINICIDIO-POL-RODO.jpg","contentUrl":"https:\/\/redenoticiaz.com.br\/litoralsp\/wp-content\/uploads\/sites\/3\/2023\/05\/FEMINICIDIO-POL-RODO.jpg","width":553,"height":454,"caption":"Cr\u00e9ditos: Reprodu\u00e7\u00e3o"},{"@type":"WebSite","@id":"https:\/\/redenoticiaz.com.br\/litoralsp\/#website","url":"https:\/\/redenoticiaz.com.br\/litoralsp\/","name":"Litoral SP","description":"Rede NoticiaZ","publisher":{"@id":"https:\/\/redenoticiaz.com.br\/litoralsp\/#organization"},"potentialAction":[{"@type":"SearchAction","target":{"@type":"EntryPoint","urlTemplate":"https:\/\/redenoticiaz.com.br\/litoralsp\/?s={search_term_string}"},"query-input":{"@type":"PropertyValueSpecification","valueRequired":true,"valueName":"search_term_string"}}],"inLanguage":"pt-BR"},{"@type":"Organization","@id":"https:\/\/redenoticiaz.com.br\/litoralsp\/#organization","name":"Litoral SP","url":"https:\/\/redenoticiaz.com.br\/litoralsp\/","logo":{"@type":"ImageObject","inLanguage":"pt-BR","@id":"https:\/\/redenoticiaz.com.br\/litoralsp\/#\/schema\/logo\/image\/","url":"https:\/\/redenoticiaz.com.br\/litoralsp\/wp-content\/uploads\/sites\/3\/2020\/11\/logo.jpg","contentUrl":"https:\/\/redenoticiaz.com.br\/litoralsp\/wp-content\/uploads\/sites\/3\/2020\/11\/logo.jpg","width":400,"height":250,"caption":"Litoral SP"},"image":{"@id":"https:\/\/redenoticiaz.com.br\/litoralsp\/#\/schema\/logo\/image\/"}},{"@type":"Person","@id":"https:\/\/redenoticiaz.com.br\/litoralsp\/#\/schema\/person\/0f0b8a5bdafefe82841e07ae8d81ecb3","name":"Leonardo Francisco","image":{"@type":"ImageObject","inLanguage":"pt-BR","@id":"https:\/\/secure.gravatar.com\/avatar\/a7358cb406a99b682ec6df1e77e31ae82e63601f6784e8a3df411d72b37864da?s=96&d=mm&r=g","url":"https:\/\/secure.gravatar.com\/avatar\/a7358cb406a99b682ec6df1e77e31ae82e63601f6784e8a3df411d72b37864da?s=96&d=mm&r=g","contentUrl":"https:\/\/secure.gravatar.com\/avatar\/a7358cb406a99b682ec6df1e77e31ae82e63601f6784e8a3df411d72b37864da?s=96&d=mm&r=g","caption":"Leonardo Francisco"},"url":"https:\/\/redenoticiaz.com.br\/litoralsp\/author\/leonardo-francisco"}]}},"_links":{"self":[{"href":"https:\/\/redenoticiaz.com.br\/litoralsp\/wp-json\/wp\/v2\/posts\/105004","targetHints":{"allow":["GET"]}}],"collection":[{"href":"https:\/\/redenoticiaz.com.br\/litoralsp\/wp-json\/wp\/v2\/posts"}],"about":[{"href":"https:\/\/redenoticiaz.com.br\/litoralsp\/wp-json\/wp\/v2\/types\/post"}],"author":[{"embeddable":true,"href":"https:\/\/redenoticiaz.com.br\/litoralsp\/wp-json\/wp\/v2\/users\/6"}],"replies":[{"embeddable":true,"href":"https:\/\/redenoticiaz.com.br\/litoralsp\/wp-json\/wp\/v2\/comments?post=105004"}],"version-history":[{"count":1,"href":"https:\/\/redenoticiaz.com.br\/litoralsp\/wp-json\/wp\/v2\/posts\/105004\/revisions"}],"predecessor-version":[{"id":105006,"href":"https:\/\/redenoticiaz.com.br\/litoralsp\/wp-json\/wp\/v2\/posts\/105004\/revisions\/105006"}],"wp:featuredmedia":[{"embeddable":true,"href":"https:\/\/redenoticiaz.com.br\/litoralsp\/wp-json\/wp\/v2\/media\/105005"}],"wp:attachment":[{"href":"https:\/\/redenoticiaz.com.br\/litoralsp\/wp-json\/wp\/v2\/media?parent=105004"}],"wp:term":[{"taxonomy":"category","embeddable":true,"href":"https:\/\/redenoticiaz.com.br\/litoralsp\/wp-json\/wp\/v2\/categories?post=105004"},{"taxonomy":"post_tag","embeddable":true,"href":"https:\/\/redenoticiaz.com.br\/litoralsp\/wp-json\/wp\/v2\/tags?post=105004"}],"curies":[{"name":"wp","href":"https:\/\/api.w.org\/{rel}","templated":true}]}}