{"id":105028,"date":"2023-05-02T15:48:21","date_gmt":"2023-05-02T18:48:21","guid":{"rendered":"https:\/\/redenoticiaz.com.br\/litoralsp\/2023\/05\/02\/com-direito-a-fla-flu-copa-do-brasil-tem-oitavas-de-final-definidas"},"modified":"2023-05-02T15:48:21","modified_gmt":"2023-05-02T18:48:21","slug":"com-direito-a-fla-flu-copa-do-brasil-tem-oitavas-de-final-definidas","status":"publish","type":"post","link":"https:\/\/redenoticiaz.com.br\/litoralsp\/2023\/05\/02\/com-direito-a-fla-flu-copa-do-brasil-tem-oitavas-de-final-definidas","title":{"rendered":"Com direito a Fla-Flu, Copa do Brasil tem oitavas de final definidas"},"content":{"rendered":"<p>A CBF realizou nesta ter\u00e7a-feira o sorteio dos confrontos das oitavas de final da Copa do Brasil 2023. Os jogos ser\u00e3o disputados nas semanas de 17 e 31 de maio. Dos 16 times que continuam na competi\u00e7\u00e3o, apenas o Sport disputa a S\u00e9rie B deste ano. Os demais s\u00e3o todos da S\u00e9rie A.<\/p>\n<p>Os times classificados para as quartas de final receber\u00e3o uma premia\u00e7\u00e3o de R$ 4,3 milh\u00f5es.<\/p>\n<div class=\"mc-column content-text active-extra-styles\" data-block-type=\"raw\" data-block-weight=\"3\" data-block-id=\"6\">\n<div class=\"content-intertitle\">\n<h2>Confira os confrontos:<\/h2>\n<\/div>\n<p>Am\u00e9rica-MG x Internacional<\/p>\n<\/div>\n<div class=\"mc-column content-text active-extra-styles\" data-block-type=\"raw\" data-block-weight=\"33\" data-block-id=\"7\">\n<p>Sport x S\u00e3o Paulo<\/p>\n<p>Athletico-PR x Botafogo<\/p>\n<p>Fluminense x Flamengo<\/p>\n<p>Santos x Bahia<\/p>\n<p>Palmeiras x Fortaleza<\/p>\n<p>Atl\u00e9tico-MG x Corinthians<\/p>\n<p>Gr\u00eamio x Cruzeiro<\/p>\n<p>VEJA TAMB\u00c9M:\u00a0<a href=\"https:\/\/redenoticiaz.com.br\/barretos-regiao\/sp\/2023\/05\/01\/vanderlei-luxemburgo-e-o-escolhido-para-comandar-o-corinthians-pela-terceira-vez\">Vanderlei Luxemburgo \u00e9 o escolhido para comandar o Corinthians pela terceira vez<\/a><\/p>\n<\/div>\n","protected":false},"excerpt":{"rendered":"<p>A CBF realizou nesta ter\u00e7a-feira o sorteio dos confrontos das oitavas de final da Copa do Brasil 2023. Os jogos ser\u00e3o disputados nas semanas de 17 e 31 de maio. Dos 16 times que continuam na competi\u00e7\u00e3o, apenas o Sport disputa a S\u00e9rie B deste ano. Os demais s\u00e3o todos da S\u00e9rie A. Os times &hellip;<\/p>\n","protected":false},"author":30,"featured_media":105029,"comment_status":"open","ping_status":"closed","sticky":false,"template":"","format":"standard","meta":{"footnotes":""},"categories":[35],"tags":[41101,1413,3454,64903,14630,3714],"class_list":["post-105028","post","type-post","status-publish","format-standard","has-post-thumbnail","hentry","category-esporte","tag-atletico","tag-copa-do-brasil","tag-corinthians","tag-fla-flu","tag-jogos","tag-sorteio"],"yoast_head":"<!-- This site is optimized with the Yoast SEO plugin v27.4 - https:\/\/yoast.com\/product\/yoast-seo-wordpress\/ -->\n<title>Com direito a Fla-Flu, Copa do Brasil tem oitavas de final definidas - Litoral SP<\/title>\n<meta name=\"description\" content=\"A CBF realizou nesta ter\u00e7a-feira o sorteio dos confrontos das oitavas de final da Copa do Brasil 2023. Os jogos ser\u00e3o disputados em maio.\" \/>\n<meta name=\"robots\" content=\"index, follow, max-snippet:-1, max-image-preview:large, max-video-preview:-1\" \/>\n<link rel=\"canonical\" href=\"https:\/\/redenoticiaz.com.br\/litoralsp\/2023\/05\/02\/com-direito-a-fla-flu-copa-do-brasil-tem-oitavas-de-final-definidas\" \/>\n<meta property=\"og:locale\" content=\"pt_BR\" \/>\n<meta property=\"og:type\" content=\"article\" \/>\n<meta property=\"og:title\" content=\"Com direito a Fla-Flu, Copa do Brasil tem oitavas de final definidas - Litoral SP\" \/>\n<meta property=\"og:description\" content=\"A CBF realizou nesta ter\u00e7a-feira o sorteio dos confrontos das oitavas de final da Copa do Brasil 2023. Os jogos ser\u00e3o disputados em maio.\" \/>\n<meta property=\"og:url\" content=\"https:\/\/redenoticiaz.com.br\/litoralsp\/2023\/05\/02\/com-direito-a-fla-flu-copa-do-brasil-tem-oitavas-de-final-definidas\" \/>\n<meta property=\"og:site_name\" content=\"Litoral SP\" \/>\n<meta property=\"article:published_time\" content=\"2023-05-02T18:48:21+00:00\" \/>\n<meta property=\"og:image\" content=\"https:\/\/redenoticiaz.com.br\/litoralsp\/wp-content\/uploads\/sites\/3\/2023\/05\/sorteio.png\" \/>\n\t<meta property=\"og:image:width\" content=\"1200\" \/>\n\t<meta property=\"og:image:height\" content=\"628\" \/>\n\t<meta property=\"og:image:type\" content=\"image\/png\" \/>\n<meta name=\"author\" content=\"Carina Reifonas\" \/>\n<meta name=\"twitter:card\" content=\"summary_large_image\" \/>\n<meta name=\"twitter:label1\" content=\"Escrito por\" \/>\n\t<meta name=\"twitter:data1\" content=\"Carina Reifonas\" \/>\n\t<meta name=\"twitter:label2\" content=\"Est. tempo de leitura\" \/>\n\t<meta name=\"twitter:data2\" content=\"1 minuto\" \/>\n<script type=\"application\/ld+json\" class=\"yoast-schema-graph\">{\"@context\":\"https:\\\/\\\/schema.org\",\"@graph\":[{\"@type\":\"Article\",\"@id\":\"https:\\\/\\\/redenoticiaz.com.br\\\/litoralsp\\\/2023\\\/05\\\/02\\\/com-direito-a-fla-flu-copa-do-brasil-tem-oitavas-de-final-definidas#article\",\"isPartOf\":{\"@id\":\"https:\\\/\\\/redenoticiaz.com.br\\\/litoralsp\\\/2023\\\/05\\\/02\\\/com-direito-a-fla-flu-copa-do-brasil-tem-oitavas-de-final-definidas\"},\"author\":{\"name\":\"Carina Reifonas\",\"@id\":\"https:\\\/\\\/redenoticiaz.com.br\\\/litoralsp\\\/#\\\/schema\\\/person\\\/1f84d6e94e6a62d2d81199d7503e9e90\"},\"headline\":\"Com direito a Fla-Flu, Copa do Brasil tem oitavas de final definidas\",\"datePublished\":\"2023-05-02T18:48:21+00:00\",\"mainEntityOfPage\":{\"@id\":\"https:\\\/\\\/redenoticiaz.com.br\\\/litoralsp\\\/2023\\\/05\\\/02\\\/com-direito-a-fla-flu-copa-do-brasil-tem-oitavas-de-final-definidas\"},\"wordCount\":130,\"commentCount\":0,\"publisher\":{\"@id\":\"https:\\\/\\\/redenoticiaz.com.br\\\/litoralsp\\\/#organization\"},\"image\":{\"@id\":\"https:\\\/\\\/redenoticiaz.com.br\\\/litoralsp\\\/2023\\\/05\\\/02\\\/com-direito-a-fla-flu-copa-do-brasil-tem-oitavas-de-final-definidas#primaryimage\"},\"thumbnailUrl\":\"https:\\\/\\\/redenoticiaz.com.br\\\/litoralsp\\\/wp-content\\\/uploads\\\/sites\\\/3\\\/2023\\\/05\\\/sorteio.png\",\"keywords\":[\"ATL\u00c9TICO\",\"COPA DO BRASIL\",\"Corinthians\",\"Fla-Flu\",\"JOGOS\",\"sorteio\"],\"articleSection\":[\"Esporte\"],\"inLanguage\":\"pt-BR\",\"potentialAction\":[{\"@type\":\"CommentAction\",\"name\":\"Comment\",\"target\":[\"https:\\\/\\\/redenoticiaz.com.br\\\/litoralsp\\\/2023\\\/05\\\/02\\\/com-direito-a-fla-flu-copa-do-brasil-tem-oitavas-de-final-definidas#respond\"]}]},{\"@type\":\"WebPage\",\"@id\":\"https:\\\/\\\/redenoticiaz.com.br\\\/litoralsp\\\/2023\\\/05\\\/02\\\/com-direito-a-fla-flu-copa-do-brasil-tem-oitavas-de-final-definidas\",\"url\":\"https:\\\/\\\/redenoticiaz.com.br\\\/litoralsp\\\/2023\\\/05\\\/02\\\/com-direito-a-fla-flu-copa-do-brasil-tem-oitavas-de-final-definidas\",\"name\":\"Com direito a Fla-Flu, Copa do Brasil tem oitavas de final definidas - Litoral SP\",\"isPartOf\":{\"@id\":\"https:\\\/\\\/redenoticiaz.com.br\\\/litoralsp\\\/#website\"},\"primaryImageOfPage\":{\"@id\":\"https:\\\/\\\/redenoticiaz.com.br\\\/litoralsp\\\/2023\\\/05\\\/02\\\/com-direito-a-fla-flu-copa-do-brasil-tem-oitavas-de-final-definidas#primaryimage\"},\"image\":{\"@id\":\"https:\\\/\\\/redenoticiaz.com.br\\\/litoralsp\\\/2023\\\/05\\\/02\\\/com-direito-a-fla-flu-copa-do-brasil-tem-oitavas-de-final-definidas#primaryimage\"},\"thumbnailUrl\":\"https:\\\/\\\/redenoticiaz.com.br\\\/litoralsp\\\/wp-content\\\/uploads\\\/sites\\\/3\\\/2023\\\/05\\\/sorteio.png\",\"datePublished\":\"2023-05-02T18:48:21+00:00\",\"description\":\"A CBF realizou nesta ter\u00e7a-feira o sorteio dos confrontos das oitavas de final da Copa do Brasil 2023. Os jogos ser\u00e3o disputados em maio.\",\"inLanguage\":\"pt-BR\",\"potentialAction\":[{\"@type\":\"ReadAction\",\"target\":[\"https:\\\/\\\/redenoticiaz.com.br\\\/litoralsp\\\/2023\\\/05\\\/02\\\/com-direito-a-fla-flu-copa-do-brasil-tem-oitavas-de-final-definidas\"]}]},{\"@type\":\"ImageObject\",\"inLanguage\":\"pt-BR\",\"@id\":\"https:\\\/\\\/redenoticiaz.com.br\\\/litoralsp\\\/2023\\\/05\\\/02\\\/com-direito-a-fla-flu-copa-do-brasil-tem-oitavas-de-final-definidas#primaryimage\",\"url\":\"https:\\\/\\\/redenoticiaz.com.br\\\/litoralsp\\\/wp-content\\\/uploads\\\/sites\\\/3\\\/2023\\\/05\\\/sorteio.png\",\"contentUrl\":\"https:\\\/\\\/redenoticiaz.com.br\\\/litoralsp\\\/wp-content\\\/uploads\\\/sites\\\/3\\\/2023\\\/05\\\/sorteio.png\",\"width\":1200,\"height\":628,\"caption\":\"Cr\u00e9dito: Reprodu\u00e7\u00e3o\"},{\"@type\":\"WebSite\",\"@id\":\"https:\\\/\\\/redenoticiaz.com.br\\\/litoralsp\\\/#website\",\"url\":\"https:\\\/\\\/redenoticiaz.com.br\\\/litoralsp\\\/\",\"name\":\"Litoral SP\",\"description\":\"Rede NoticiaZ\",\"publisher\":{\"@id\":\"https:\\\/\\\/redenoticiaz.com.br\\\/litoralsp\\\/#organization\"},\"potentialAction\":[{\"@type\":\"SearchAction\",\"target\":{\"@type\":\"EntryPoint\",\"urlTemplate\":\"https:\\\/\\\/redenoticiaz.com.br\\\/litoralsp\\\/?s={search_term_string}\"},\"query-input\":{\"@type\":\"PropertyValueSpecification\",\"valueRequired\":true,\"valueName\":\"search_term_string\"}}],\"inLanguage\":\"pt-BR\"},{\"@type\":\"Organization\",\"@id\":\"https:\\\/\\\/redenoticiaz.com.br\\\/litoralsp\\\/#organization\",\"name\":\"Litoral SP\",\"url\":\"https:\\\/\\\/redenoticiaz.com.br\\\/litoralsp\\\/\",\"logo\":{\"@type\":\"ImageObject\",\"inLanguage\":\"pt-BR\",\"@id\":\"https:\\\/\\\/redenoticiaz.com.br\\\/litoralsp\\\/#\\\/schema\\\/logo\\\/image\\\/\",\"url\":\"https:\\\/\\\/redenoticiaz.com.br\\\/litoralsp\\\/wp-content\\\/uploads\\\/sites\\\/3\\\/2020\\\/11\\\/logo.jpg\",\"contentUrl\":\"https:\\\/\\\/redenoticiaz.com.br\\\/litoralsp\\\/wp-content\\\/uploads\\\/sites\\\/3\\\/2020\\\/11\\\/logo.jpg\",\"width\":400,\"height\":250,\"caption\":\"Litoral SP\"},\"image\":{\"@id\":\"https:\\\/\\\/redenoticiaz.com.br\\\/litoralsp\\\/#\\\/schema\\\/logo\\\/image\\\/\"}},{\"@type\":\"Person\",\"@id\":\"https:\\\/\\\/redenoticiaz.com.br\\\/litoralsp\\\/#\\\/schema\\\/person\\\/1f84d6e94e6a62d2d81199d7503e9e90\",\"name\":\"Carina Reifonas\",\"image\":{\"@type\":\"ImageObject\",\"inLanguage\":\"pt-BR\",\"@id\":\"https:\\\/\\\/secure.gravatar.com\\\/avatar\\\/04c59859b23696cf867715880f81d5c037e60109730bdb4e6670ec2a2245bc97?s=96&d=mm&r=g\",\"url\":\"https:\\\/\\\/secure.gravatar.com\\\/avatar\\\/04c59859b23696cf867715880f81d5c037e60109730bdb4e6670ec2a2245bc97?s=96&d=mm&r=g\",\"contentUrl\":\"https:\\\/\\\/secure.gravatar.com\\\/avatar\\\/04c59859b23696cf867715880f81d5c037e60109730bdb4e6670ec2a2245bc97?s=96&d=mm&r=g\",\"caption\":\"Carina Reifonas\"},\"url\":\"https:\\\/\\\/redenoticiaz.com.br\\\/litoralsp\\\/author\\\/carinareifonas\"}]}<\/script>\n<!-- \/ Yoast SEO plugin. -->","yoast_head_json":{"title":"Com direito a Fla-Flu, Copa do Brasil tem oitavas de final definidas - Litoral SP","description":"A CBF realizou nesta ter\u00e7a-feira o sorteio dos confrontos das oitavas de final da Copa do Brasil 2023. Os jogos ser\u00e3o disputados em maio.","robots":{"index":"index","follow":"follow","max-snippet":"max-snippet:-1","max-image-preview":"max-image-preview:large","max-video-preview":"max-video-preview:-1"},"canonical":"https:\/\/redenoticiaz.com.br\/litoralsp\/2023\/05\/02\/com-direito-a-fla-flu-copa-do-brasil-tem-oitavas-de-final-definidas","og_locale":"pt_BR","og_type":"article","og_title":"Com direito a Fla-Flu, Copa do Brasil tem oitavas de final definidas - Litoral SP","og_description":"A CBF realizou nesta ter\u00e7a-feira o sorteio dos confrontos das oitavas de final da Copa do Brasil 2023. Os jogos ser\u00e3o disputados em maio.","og_url":"https:\/\/redenoticiaz.com.br\/litoralsp\/2023\/05\/02\/com-direito-a-fla-flu-copa-do-brasil-tem-oitavas-de-final-definidas","og_site_name":"Litoral SP","article_published_time":"2023-05-02T18:48:21+00:00","og_image":[{"width":1200,"height":628,"url":"https:\/\/redenoticiaz.com.br\/litoralsp\/wp-content\/uploads\/sites\/3\/2023\/05\/sorteio.png","type":"image\/png"}],"author":"Carina Reifonas","twitter_card":"summary_large_image","twitter_misc":{"Escrito por":"Carina Reifonas","Est. tempo de leitura":"1 minuto"},"schema":{"@context":"https:\/\/schema.org","@graph":[{"@type":"Article","@id":"https:\/\/redenoticiaz.com.br\/litoralsp\/2023\/05\/02\/com-direito-a-fla-flu-copa-do-brasil-tem-oitavas-de-final-definidas#article","isPartOf":{"@id":"https:\/\/redenoticiaz.com.br\/litoralsp\/2023\/05\/02\/com-direito-a-fla-flu-copa-do-brasil-tem-oitavas-de-final-definidas"},"author":{"name":"Carina Reifonas","@id":"https:\/\/redenoticiaz.com.br\/litoralsp\/#\/schema\/person\/1f84d6e94e6a62d2d81199d7503e9e90"},"headline":"Com direito a Fla-Flu, Copa do Brasil tem oitavas de final definidas","datePublished":"2023-05-02T18:48:21+00:00","mainEntityOfPage":{"@id":"https:\/\/redenoticiaz.com.br\/litoralsp\/2023\/05\/02\/com-direito-a-fla-flu-copa-do-brasil-tem-oitavas-de-final-definidas"},"wordCount":130,"commentCount":0,"publisher":{"@id":"https:\/\/redenoticiaz.com.br\/litoralsp\/#organization"},"image":{"@id":"https:\/\/redenoticiaz.com.br\/litoralsp\/2023\/05\/02\/com-direito-a-fla-flu-copa-do-brasil-tem-oitavas-de-final-definidas#primaryimage"},"thumbnailUrl":"https:\/\/redenoticiaz.com.br\/litoralsp\/wp-content\/uploads\/sites\/3\/2023\/05\/sorteio.png","keywords":["ATL\u00c9TICO","COPA DO BRASIL","Corinthians","Fla-Flu","JOGOS","sorteio"],"articleSection":["Esporte"],"inLanguage":"pt-BR","potentialAction":[{"@type":"CommentAction","name":"Comment","target":["https:\/\/redenoticiaz.com.br\/litoralsp\/2023\/05\/02\/com-direito-a-fla-flu-copa-do-brasil-tem-oitavas-de-final-definidas#respond"]}]},{"@type":"WebPage","@id":"https:\/\/redenoticiaz.com.br\/litoralsp\/2023\/05\/02\/com-direito-a-fla-flu-copa-do-brasil-tem-oitavas-de-final-definidas","url":"https:\/\/redenoticiaz.com.br\/litoralsp\/2023\/05\/02\/com-direito-a-fla-flu-copa-do-brasil-tem-oitavas-de-final-definidas","name":"Com direito a Fla-Flu, Copa do Brasil tem oitavas de final definidas - Litoral SP","isPartOf":{"@id":"https:\/\/redenoticiaz.com.br\/litoralsp\/#website"},"primaryImageOfPage":{"@id":"https:\/\/redenoticiaz.com.br\/litoralsp\/2023\/05\/02\/com-direito-a-fla-flu-copa-do-brasil-tem-oitavas-de-final-definidas#primaryimage"},"image":{"@id":"https:\/\/redenoticiaz.com.br\/litoralsp\/2023\/05\/02\/com-direito-a-fla-flu-copa-do-brasil-tem-oitavas-de-final-definidas#primaryimage"},"thumbnailUrl":"https:\/\/redenoticiaz.com.br\/litoralsp\/wp-content\/uploads\/sites\/3\/2023\/05\/sorteio.png","datePublished":"2023-05-02T18:48:21+00:00","description":"A CBF realizou nesta ter\u00e7a-feira o sorteio dos confrontos das oitavas de final da Copa do Brasil 2023. Os jogos ser\u00e3o disputados em maio.","inLanguage":"pt-BR","potentialAction":[{"@type":"ReadAction","target":["https:\/\/redenoticiaz.com.br\/litoralsp\/2023\/05\/02\/com-direito-a-fla-flu-copa-do-brasil-tem-oitavas-de-final-definidas"]}]},{"@type":"ImageObject","inLanguage":"pt-BR","@id":"https:\/\/redenoticiaz.com.br\/litoralsp\/2023\/05\/02\/com-direito-a-fla-flu-copa-do-brasil-tem-oitavas-de-final-definidas#primaryimage","url":"https:\/\/redenoticiaz.com.br\/litoralsp\/wp-content\/uploads\/sites\/3\/2023\/05\/sorteio.png","contentUrl":"https:\/\/redenoticiaz.com.br\/litoralsp\/wp-content\/uploads\/sites\/3\/2023\/05\/sorteio.png","width":1200,"height":628,"caption":"Cr\u00e9dito: Reprodu\u00e7\u00e3o"},{"@type":"WebSite","@id":"https:\/\/redenoticiaz.com.br\/litoralsp\/#website","url":"https:\/\/redenoticiaz.com.br\/litoralsp\/","name":"Litoral SP","description":"Rede NoticiaZ","publisher":{"@id":"https:\/\/redenoticiaz.com.br\/litoralsp\/#organization"},"potentialAction":[{"@type":"SearchAction","target":{"@type":"EntryPoint","urlTemplate":"https:\/\/redenoticiaz.com.br\/litoralsp\/?s={search_term_string}"},"query-input":{"@type":"PropertyValueSpecification","valueRequired":true,"valueName":"search_term_string"}}],"inLanguage":"pt-BR"},{"@type":"Organization","@id":"https:\/\/redenoticiaz.com.br\/litoralsp\/#organization","name":"Litoral SP","url":"https:\/\/redenoticiaz.com.br\/litoralsp\/","logo":{"@type":"ImageObject","inLanguage":"pt-BR","@id":"https:\/\/redenoticiaz.com.br\/litoralsp\/#\/schema\/logo\/image\/","url":"https:\/\/redenoticiaz.com.br\/litoralsp\/wp-content\/uploads\/sites\/3\/2020\/11\/logo.jpg","contentUrl":"https:\/\/redenoticiaz.com.br\/litoralsp\/wp-content\/uploads\/sites\/3\/2020\/11\/logo.jpg","width":400,"height":250,"caption":"Litoral SP"},"image":{"@id":"https:\/\/redenoticiaz.com.br\/litoralsp\/#\/schema\/logo\/image\/"}},{"@type":"Person","@id":"https:\/\/redenoticiaz.com.br\/litoralsp\/#\/schema\/person\/1f84d6e94e6a62d2d81199d7503e9e90","name":"Carina Reifonas","image":{"@type":"ImageObject","inLanguage":"pt-BR","@id":"https:\/\/secure.gravatar.com\/avatar\/04c59859b23696cf867715880f81d5c037e60109730bdb4e6670ec2a2245bc97?s=96&d=mm&r=g","url":"https:\/\/secure.gravatar.com\/avatar\/04c59859b23696cf867715880f81d5c037e60109730bdb4e6670ec2a2245bc97?s=96&d=mm&r=g","contentUrl":"https:\/\/secure.gravatar.com\/avatar\/04c59859b23696cf867715880f81d5c037e60109730bdb4e6670ec2a2245bc97?s=96&d=mm&r=g","caption":"Carina Reifonas"},"url":"https:\/\/redenoticiaz.com.br\/litoralsp\/author\/carinareifonas"}]}},"_links":{"self":[{"href":"https:\/\/redenoticiaz.com.br\/litoralsp\/wp-json\/wp\/v2\/posts\/105028","targetHints":{"allow":["GET"]}}],"collection":[{"href":"https:\/\/redenoticiaz.com.br\/litoralsp\/wp-json\/wp\/v2\/posts"}],"about":[{"href":"https:\/\/redenoticiaz.com.br\/litoralsp\/wp-json\/wp\/v2\/types\/post"}],"author":[{"embeddable":true,"href":"https:\/\/redenoticiaz.com.br\/litoralsp\/wp-json\/wp\/v2\/users\/30"}],"replies":[{"embeddable":true,"href":"https:\/\/redenoticiaz.com.br\/litoralsp\/wp-json\/wp\/v2\/comments?post=105028"}],"version-history":[{"count":0,"href":"https:\/\/redenoticiaz.com.br\/litoralsp\/wp-json\/wp\/v2\/posts\/105028\/revisions"}],"wp:featuredmedia":[{"embeddable":true,"href":"https:\/\/redenoticiaz.com.br\/litoralsp\/wp-json\/wp\/v2\/media\/105029"}],"wp:attachment":[{"href":"https:\/\/redenoticiaz.com.br\/litoralsp\/wp-json\/wp\/v2\/media?parent=105028"}],"wp:term":[{"taxonomy":"category","embeddable":true,"href":"https:\/\/redenoticiaz.com.br\/litoralsp\/wp-json\/wp\/v2\/categories?post=105028"},{"taxonomy":"post_tag","embeddable":true,"href":"https:\/\/redenoticiaz.com.br\/litoralsp\/wp-json\/wp\/v2\/tags?post=105028"}],"curies":[{"name":"wp","href":"https:\/\/api.w.org\/{rel}","templated":true}]}}