{"id":105064,"date":"2023-05-03T10:37:47","date_gmt":"2023-05-03T13:37:47","guid":{"rendered":"https:\/\/redenoticiaz.com.br\/litoralsp\/?p=105064"},"modified":"2023-05-03T10:37:47","modified_gmt":"2023-05-03T13:37:47","slug":"bolsonaro-nega-adulteracao-no-cartao-da-vacina-e-diz-nao-ter-tomado-a-vacina","status":"publish","type":"post","link":"https:\/\/redenoticiaz.com.br\/litoralsp\/2023\/05\/03\/bolsonaro-nega-adulteracao-no-cartao-da-vacina-e-diz-nao-ter-tomado-a-vacina","title":{"rendered":"Bolsonaro nega adultera\u00e7\u00e3o no cart\u00e3o da vacina e diz &#8220;n\u00e3o ter tomado a vacina&#8221;"},"content":{"rendered":"<div id=\"chunk-2mu5\">\n<div class=\"mc-column content-text active-extra-styles \" data-block-type=\"unstyled\" data-block-weight=\"37\" data-block-id=\"3\">\n<p class=\"content-text__container \" data-track-category=\"Link no Texto\" data-track-links=\"\">O ex-presidente Jair Bolsonaro (PL) foi prestar o depoimento ap\u00f3s a casa dele ter sido alvo de buscas e apreens\u00f5es da Pol\u00edcia Federal. Ele foi acusado de adulterar os cart\u00f5es de vacina\u00e7\u00e3o da fam\u00edlia, junto com a filha Laura, de 12 anos. Para a imprensa, Bolsonaro <strong>negou as acusa\u00e7\u00f5es<\/strong> e alegou que nem ele e nem a filha tomaram a vacina.<\/p>\n<\/div>\n<\/div>\n<div class=\"wall protected-content\">\n<div id=\"chunk-98oks\">\n<div class=\"mc-column content-text active-extra-styles \" data-block-type=\"unstyled\" data-block-weight=\"44\" data-block-id=\"4\">\n<p class=\"content-text__container \" data-track-category=\"Link no Texto\" data-track-links=\"\">O ex-presidente foi alvo de mandados de busca e apreens\u00e3o nesta quarta (3). A Pol\u00edcia Federal investiga se Bolsonaro, familiares e auxiliares inseriram informa\u00e7\u00f5es falsas no sistema do Minist\u00e9rio da Sa\u00fade para obter um cart\u00e3o de vacina\u00e7\u00e3o com doses que, na verdade, n\u00e3o foram aplicadas.<\/p>\n<\/div>\n<\/div>\n<div id=\"chunk-dqt7m\">\n<div class=\"mc-column content-text active-extra-styles \" data-block-type=\"unstyled\" data-block-weight=\"27\" data-block-id=\"5\">\n<p class=\"content-text__container \" data-track-category=\"Link no Texto\" data-track-links=\"\">Em entrevista ap\u00f3s a opera\u00e7\u00e3o da PF na casa em que mora, Bolsonaro disse que nunca pediram a ele cart\u00e3o de vacina para &#8220;entrar em lugar nenhum&#8221;.<\/p>\n<\/div>\n<\/div>\n<div class=\"mc-column content-text active-extra-styles\" data-block-type=\"raw\" data-block-weight=\"27\" data-block-id=\"7\">\n<p class=\"content-text__container\">\n<blockquote class=\"content-blockquote theme-border-color-primary-before\"><p>&#8220;Nunca me foi pedido cart\u00e3o de vacina em lugar nenhum, n\u00e3o existe adultera\u00e7\u00e3o da minha parte. eu n\u00e3o tomei a vacina, ponto final, nunca neguei isso&#8221;, disse.<\/p><\/blockquote>\n<p>&nbsp;<\/p>\n<\/div>\n<div id=\"chunk-94lpj\">\n<div class=\"mc-column content-text active-extra-styles \" data-block-type=\"unstyled\" data-block-weight=\"60\" data-block-id=\"8\">\n<p class=\"content-text__container \" data-track-category=\"Link no Texto\" data-track-links=\"\">&#8220;O que eu tenho a dizer a voc\u00eas? Eu n\u00e3o tomei a vacina. Uma decis\u00e3o pessoal minha [&#8230;]. O cart\u00e3o de vacina da minha esposa tamb\u00e9m foi fotografado, ela tomou a vacina nos Estados Unidos, da Janssen. E a outra, minha filha, Laura, de 12 anos, n\u00e3o tomou a vacina tamb\u00e9m, tem laudo m\u00e9dico no tocante isso&#8221;, acrescentou o ex-presidente.<\/p>\n<\/div>\n<\/div>\n<div id=\"chunk-bruun\">\n<div class=\"mc-column content-text active-extra-styles \" data-block-type=\"unstyled\" data-block-weight=\"13\" data-block-id=\"9\">\n<p class=\"content-text__container \" data-track-category=\"Link no Texto\" data-track-links=\"\">Bolsonaro tamb\u00e9m disse ter ficado &#8220;surpreso&#8221; com a realiza\u00e7\u00e3o da opera\u00e7\u00e3o contra ele. &#8220;No resto, eu realmente fico surpreso com a busca e apreens\u00e3o por esse motivo. Eu n\u00e3o tenho mais nada a falar&#8221;, prosseguiu.<\/p>\n<p data-track-category=\"Link no Texto\" data-track-links=\"\"><strong>LEIA TAMB\u00c9M<\/strong><\/p>\n<p data-track-category=\"Link no Texto\" data-track-links=\"\"><a href=\"https:\/\/redenoticiaz.com.br\/litoralsp\/2023\/05\/03\/ex-ajudante-de-bolsonaro-e-preso-em-operacao-da-pf\">Ex-ajudante de Bolsonaro \u00e9 preso em opera\u00e7\u00e3o da PF<\/a><\/p>\n<\/div>\n<\/div>\n<\/div>\n","protected":false},"excerpt":{"rendered":"<p>O ex-presidente Jair Bolsonaro (PL) foi prestar o depoimento ap\u00f3s a casa dele ter sido alvo de buscas e apreens\u00f5es da Pol\u00edcia Federal. Ele foi acusado de adulterar os cart\u00f5es de vacina\u00e7\u00e3o da fam\u00edlia, junto com a filha Laura, de 12 anos. Para a imprensa, Bolsonaro negou as acusa\u00e7\u00f5es e alegou que nem ele e &hellip;<\/p>\n","protected":false},"author":6,"featured_media":105065,"comment_status":"open","ping_status":"closed","sticky":false,"template":"","format":"standard","meta":{"footnotes":""},"categories":[10,15],"tags":[15434,64918,62547,14,64919],"class_list":["post-105064","post","type-post","status-publish","format-standard","has-post-thumbnail","hentry","category-policia","category-politica","tag-brasilia","tag-cartao-de-vacinacao","tag-ex-presidente-jair-bolsonaro","tag-policia-federal","tag-suspeita-de-adulteracao"],"yoast_head":"<!-- This site is optimized with the Yoast SEO plugin v27.5 - https:\/\/yoast.com\/product\/yoast-seo-wordpress\/ -->\n<title>Bolsonaro nega adultera\u00e7\u00e3o no cart\u00e3o da vacina e diz &#8220;n\u00e3o ter tomado a vacina&#8221; - Litoral SP<\/title>\n<meta name=\"description\" content=\"O ex-presidente Jair Bolsonaro (PL) foi prestar o depoimento ap\u00f3s a casa dele ter sido alvo de buscas e apreens\u00f5es da Pol\u00edcia Federal.\" \/>\n<meta name=\"robots\" content=\"index, follow, max-snippet:-1, max-image-preview:large, max-video-preview:-1\" \/>\n<link rel=\"canonical\" href=\"https:\/\/redenoticiaz.com.br\/litoralsp\/2023\/05\/03\/bolsonaro-nega-adulteracao-no-cartao-da-vacina-e-diz-nao-ter-tomado-a-vacina\" \/>\n<meta property=\"og:locale\" content=\"pt_BR\" \/>\n<meta property=\"og:type\" content=\"article\" \/>\n<meta property=\"og:title\" content=\"Bolsonaro nega adultera\u00e7\u00e3o no cart\u00e3o da vacina e diz &#8220;n\u00e3o ter tomado a vacina&#8221; - Litoral SP\" \/>\n<meta property=\"og:description\" content=\"O ex-presidente Jair Bolsonaro (PL) foi prestar o depoimento ap\u00f3s a casa dele ter sido alvo de buscas e apreens\u00f5es da Pol\u00edcia Federal.\" \/>\n<meta property=\"og:url\" content=\"https:\/\/redenoticiaz.com.br\/litoralsp\/2023\/05\/03\/bolsonaro-nega-adulteracao-no-cartao-da-vacina-e-diz-nao-ter-tomado-a-vacina\" \/>\n<meta property=\"og:site_name\" content=\"Litoral SP\" \/>\n<meta property=\"article:published_time\" content=\"2023-05-03T13:37:47+00:00\" \/>\n<meta property=\"og:image\" content=\"https:\/\/redenoticiaz.com.br\/litoralsp\/wp-content\/uploads\/sites\/3\/2023\/05\/BOLSONARO-DEPOIMENTO.jpg\" \/>\n\t<meta property=\"og:image:width\" content=\"545\" \/>\n\t<meta property=\"og:image:height\" content=\"369\" \/>\n\t<meta property=\"og:image:type\" content=\"image\/jpeg\" \/>\n<meta name=\"author\" content=\"Leonardo Francisco\" \/>\n<meta name=\"twitter:card\" content=\"summary_large_image\" \/>\n<meta name=\"twitter:label1\" content=\"Escrito por\" \/>\n\t<meta name=\"twitter:data1\" content=\"Leonardo Francisco\" \/>\n\t<meta name=\"twitter:label2\" content=\"Est. tempo de leitura\" \/>\n\t<meta name=\"twitter:data2\" content=\"2 minutos\" \/>\n<script type=\"application\/ld+json\" class=\"yoast-schema-graph\">{\"@context\":\"https:\\\/\\\/schema.org\",\"@graph\":[{\"@type\":\"Article\",\"@id\":\"https:\\\/\\\/redenoticiaz.com.br\\\/litoralsp\\\/2023\\\/05\\\/03\\\/bolsonaro-nega-adulteracao-no-cartao-da-vacina-e-diz-nao-ter-tomado-a-vacina#article\",\"isPartOf\":{\"@id\":\"https:\\\/\\\/redenoticiaz.com.br\\\/litoralsp\\\/2023\\\/05\\\/03\\\/bolsonaro-nega-adulteracao-no-cartao-da-vacina-e-diz-nao-ter-tomado-a-vacina\"},\"author\":{\"name\":\"Leonardo Francisco\",\"@id\":\"https:\\\/\\\/redenoticiaz.com.br\\\/litoralsp\\\/#\\\/schema\\\/person\\\/0f0b8a5bdafefe82841e07ae8d81ecb3\"},\"headline\":\"Bolsonaro nega adultera\u00e7\u00e3o no cart\u00e3o da vacina e diz &#8220;n\u00e3o ter tomado a vacina&#8221;\",\"datePublished\":\"2023-05-03T13:37:47+00:00\",\"mainEntityOfPage\":{\"@id\":\"https:\\\/\\\/redenoticiaz.com.br\\\/litoralsp\\\/2023\\\/05\\\/03\\\/bolsonaro-nega-adulteracao-no-cartao-da-vacina-e-diz-nao-ter-tomado-a-vacina\"},\"wordCount\":316,\"commentCount\":0,\"publisher\":{\"@id\":\"https:\\\/\\\/redenoticiaz.com.br\\\/litoralsp\\\/#organization\"},\"image\":{\"@id\":\"https:\\\/\\\/redenoticiaz.com.br\\\/litoralsp\\\/2023\\\/05\\\/03\\\/bolsonaro-nega-adulteracao-no-cartao-da-vacina-e-diz-nao-ter-tomado-a-vacina#primaryimage\"},\"thumbnailUrl\":\"https:\\\/\\\/redenoticiaz.com.br\\\/litoralsp\\\/wp-content\\\/uploads\\\/sites\\\/3\\\/2023\\\/05\\\/BOLSONARO-DEPOIMENTO.jpg\",\"keywords\":[\"BRAS\u00cdLIA\",\"CART\u00c3O DE VACINA\u00c7\u00c3O\",\"EX-PRESIDENTE JAIR BOLSONARO\",\"policia federal\",\"SUSPEITA DE ADULTERA\u00c7\u00c3O\"],\"articleSection\":[\"Pol\u00edcia\",\"Pol\u00edtica\"],\"inLanguage\":\"pt-BR\",\"potentialAction\":[{\"@type\":\"CommentAction\",\"name\":\"Comment\",\"target\":[\"https:\\\/\\\/redenoticiaz.com.br\\\/litoralsp\\\/2023\\\/05\\\/03\\\/bolsonaro-nega-adulteracao-no-cartao-da-vacina-e-diz-nao-ter-tomado-a-vacina#respond\"]}]},{\"@type\":\"WebPage\",\"@id\":\"https:\\\/\\\/redenoticiaz.com.br\\\/litoralsp\\\/2023\\\/05\\\/03\\\/bolsonaro-nega-adulteracao-no-cartao-da-vacina-e-diz-nao-ter-tomado-a-vacina\",\"url\":\"https:\\\/\\\/redenoticiaz.com.br\\\/litoralsp\\\/2023\\\/05\\\/03\\\/bolsonaro-nega-adulteracao-no-cartao-da-vacina-e-diz-nao-ter-tomado-a-vacina\",\"name\":\"Bolsonaro nega adultera\u00e7\u00e3o no cart\u00e3o da vacina e diz &#8220;n\u00e3o ter tomado a vacina&#8221; - Litoral SP\",\"isPartOf\":{\"@id\":\"https:\\\/\\\/redenoticiaz.com.br\\\/litoralsp\\\/#website\"},\"primaryImageOfPage\":{\"@id\":\"https:\\\/\\\/redenoticiaz.com.br\\\/litoralsp\\\/2023\\\/05\\\/03\\\/bolsonaro-nega-adulteracao-no-cartao-da-vacina-e-diz-nao-ter-tomado-a-vacina#primaryimage\"},\"image\":{\"@id\":\"https:\\\/\\\/redenoticiaz.com.br\\\/litoralsp\\\/2023\\\/05\\\/03\\\/bolsonaro-nega-adulteracao-no-cartao-da-vacina-e-diz-nao-ter-tomado-a-vacina#primaryimage\"},\"thumbnailUrl\":\"https:\\\/\\\/redenoticiaz.com.br\\\/litoralsp\\\/wp-content\\\/uploads\\\/sites\\\/3\\\/2023\\\/05\\\/BOLSONARO-DEPOIMENTO.jpg\",\"datePublished\":\"2023-05-03T13:37:47+00:00\",\"description\":\"O ex-presidente Jair Bolsonaro (PL) foi prestar o depoimento ap\u00f3s a casa dele ter sido alvo de buscas e apreens\u00f5es da Pol\u00edcia Federal.\",\"inLanguage\":\"pt-BR\",\"potentialAction\":[{\"@type\":\"ReadAction\",\"target\":[\"https:\\\/\\\/redenoticiaz.com.br\\\/litoralsp\\\/2023\\\/05\\\/03\\\/bolsonaro-nega-adulteracao-no-cartao-da-vacina-e-diz-nao-ter-tomado-a-vacina\"]}]},{\"@type\":\"ImageObject\",\"inLanguage\":\"pt-BR\",\"@id\":\"https:\\\/\\\/redenoticiaz.com.br\\\/litoralsp\\\/2023\\\/05\\\/03\\\/bolsonaro-nega-adulteracao-no-cartao-da-vacina-e-diz-nao-ter-tomado-a-vacina#primaryimage\",\"url\":\"https:\\\/\\\/redenoticiaz.com.br\\\/litoralsp\\\/wp-content\\\/uploads\\\/sites\\\/3\\\/2023\\\/05\\\/BOLSONARO-DEPOIMENTO.jpg\",\"contentUrl\":\"https:\\\/\\\/redenoticiaz.com.br\\\/litoralsp\\\/wp-content\\\/uploads\\\/sites\\\/3\\\/2023\\\/05\\\/BOLSONARO-DEPOIMENTO.jpg\",\"width\":545,\"height\":369,\"caption\":\"Cr\u00e9ditos: Reprodu\u00e7\u00e3o\\\/Reuters\"},{\"@type\":\"WebSite\",\"@id\":\"https:\\\/\\\/redenoticiaz.com.br\\\/litoralsp\\\/#website\",\"url\":\"https:\\\/\\\/redenoticiaz.com.br\\\/litoralsp\\\/\",\"name\":\"Litoral SP\",\"description\":\"Rede NoticiaZ\",\"publisher\":{\"@id\":\"https:\\\/\\\/redenoticiaz.com.br\\\/litoralsp\\\/#organization\"},\"potentialAction\":[{\"@type\":\"SearchAction\",\"target\":{\"@type\":\"EntryPoint\",\"urlTemplate\":\"https:\\\/\\\/redenoticiaz.com.br\\\/litoralsp\\\/?s={search_term_string}\"},\"query-input\":{\"@type\":\"PropertyValueSpecification\",\"valueRequired\":true,\"valueName\":\"search_term_string\"}}],\"inLanguage\":\"pt-BR\"},{\"@type\":\"Organization\",\"@id\":\"https:\\\/\\\/redenoticiaz.com.br\\\/litoralsp\\\/#organization\",\"name\":\"Litoral SP\",\"url\":\"https:\\\/\\\/redenoticiaz.com.br\\\/litoralsp\\\/\",\"logo\":{\"@type\":\"ImageObject\",\"inLanguage\":\"pt-BR\",\"@id\":\"https:\\\/\\\/redenoticiaz.com.br\\\/litoralsp\\\/#\\\/schema\\\/logo\\\/image\\\/\",\"url\":\"https:\\\/\\\/redenoticiaz.com.br\\\/litoralsp\\\/wp-content\\\/uploads\\\/sites\\\/3\\\/2020\\\/11\\\/logo.jpg\",\"contentUrl\":\"https:\\\/\\\/redenoticiaz.com.br\\\/litoralsp\\\/wp-content\\\/uploads\\\/sites\\\/3\\\/2020\\\/11\\\/logo.jpg\",\"width\":400,\"height\":250,\"caption\":\"Litoral SP\"},\"image\":{\"@id\":\"https:\\\/\\\/redenoticiaz.com.br\\\/litoralsp\\\/#\\\/schema\\\/logo\\\/image\\\/\"}},{\"@type\":\"Person\",\"@id\":\"https:\\\/\\\/redenoticiaz.com.br\\\/litoralsp\\\/#\\\/schema\\\/person\\\/0f0b8a5bdafefe82841e07ae8d81ecb3\",\"name\":\"Leonardo Francisco\",\"image\":{\"@type\":\"ImageObject\",\"inLanguage\":\"pt-BR\",\"@id\":\"https:\\\/\\\/secure.gravatar.com\\\/avatar\\\/a7358cb406a99b682ec6df1e77e31ae82e63601f6784e8a3df411d72b37864da?s=96&d=mm&r=g\",\"url\":\"https:\\\/\\\/secure.gravatar.com\\\/avatar\\\/a7358cb406a99b682ec6df1e77e31ae82e63601f6784e8a3df411d72b37864da?s=96&d=mm&r=g\",\"contentUrl\":\"https:\\\/\\\/secure.gravatar.com\\\/avatar\\\/a7358cb406a99b682ec6df1e77e31ae82e63601f6784e8a3df411d72b37864da?s=96&d=mm&r=g\",\"caption\":\"Leonardo Francisco\"},\"url\":\"https:\\\/\\\/redenoticiaz.com.br\\\/litoralsp\\\/author\\\/leonardo-francisco\"}]}<\/script>\n<!-- \/ Yoast SEO plugin. -->","yoast_head_json":{"title":"Bolsonaro nega adultera\u00e7\u00e3o no cart\u00e3o da vacina e diz &#8220;n\u00e3o ter tomado a vacina&#8221; - Litoral SP","description":"O ex-presidente Jair Bolsonaro (PL) foi prestar o depoimento ap\u00f3s a casa dele ter sido alvo de buscas e apreens\u00f5es da Pol\u00edcia Federal.","robots":{"index":"index","follow":"follow","max-snippet":"max-snippet:-1","max-image-preview":"max-image-preview:large","max-video-preview":"max-video-preview:-1"},"canonical":"https:\/\/redenoticiaz.com.br\/litoralsp\/2023\/05\/03\/bolsonaro-nega-adulteracao-no-cartao-da-vacina-e-diz-nao-ter-tomado-a-vacina","og_locale":"pt_BR","og_type":"article","og_title":"Bolsonaro nega adultera\u00e7\u00e3o no cart\u00e3o da vacina e diz &#8220;n\u00e3o ter tomado a vacina&#8221; - Litoral SP","og_description":"O ex-presidente Jair Bolsonaro (PL) foi prestar o depoimento ap\u00f3s a casa dele ter sido alvo de buscas e apreens\u00f5es da Pol\u00edcia Federal.","og_url":"https:\/\/redenoticiaz.com.br\/litoralsp\/2023\/05\/03\/bolsonaro-nega-adulteracao-no-cartao-da-vacina-e-diz-nao-ter-tomado-a-vacina","og_site_name":"Litoral SP","article_published_time":"2023-05-03T13:37:47+00:00","og_image":[{"width":545,"height":369,"url":"https:\/\/redenoticiaz.com.br\/litoralsp\/wp-content\/uploads\/sites\/3\/2023\/05\/BOLSONARO-DEPOIMENTO.jpg","type":"image\/jpeg"}],"author":"Leonardo Francisco","twitter_card":"summary_large_image","twitter_misc":{"Escrito por":"Leonardo Francisco","Est. tempo de leitura":"2 minutos"},"schema":{"@context":"https:\/\/schema.org","@graph":[{"@type":"Article","@id":"https:\/\/redenoticiaz.com.br\/litoralsp\/2023\/05\/03\/bolsonaro-nega-adulteracao-no-cartao-da-vacina-e-diz-nao-ter-tomado-a-vacina#article","isPartOf":{"@id":"https:\/\/redenoticiaz.com.br\/litoralsp\/2023\/05\/03\/bolsonaro-nega-adulteracao-no-cartao-da-vacina-e-diz-nao-ter-tomado-a-vacina"},"author":{"name":"Leonardo Francisco","@id":"https:\/\/redenoticiaz.com.br\/litoralsp\/#\/schema\/person\/0f0b8a5bdafefe82841e07ae8d81ecb3"},"headline":"Bolsonaro nega adultera\u00e7\u00e3o no cart\u00e3o da vacina e diz &#8220;n\u00e3o ter tomado a vacina&#8221;","datePublished":"2023-05-03T13:37:47+00:00","mainEntityOfPage":{"@id":"https:\/\/redenoticiaz.com.br\/litoralsp\/2023\/05\/03\/bolsonaro-nega-adulteracao-no-cartao-da-vacina-e-diz-nao-ter-tomado-a-vacina"},"wordCount":316,"commentCount":0,"publisher":{"@id":"https:\/\/redenoticiaz.com.br\/litoralsp\/#organization"},"image":{"@id":"https:\/\/redenoticiaz.com.br\/litoralsp\/2023\/05\/03\/bolsonaro-nega-adulteracao-no-cartao-da-vacina-e-diz-nao-ter-tomado-a-vacina#primaryimage"},"thumbnailUrl":"https:\/\/redenoticiaz.com.br\/litoralsp\/wp-content\/uploads\/sites\/3\/2023\/05\/BOLSONARO-DEPOIMENTO.jpg","keywords":["BRAS\u00cdLIA","CART\u00c3O DE VACINA\u00c7\u00c3O","EX-PRESIDENTE JAIR BOLSONARO","policia federal","SUSPEITA DE ADULTERA\u00c7\u00c3O"],"articleSection":["Pol\u00edcia","Pol\u00edtica"],"inLanguage":"pt-BR","potentialAction":[{"@type":"CommentAction","name":"Comment","target":["https:\/\/redenoticiaz.com.br\/litoralsp\/2023\/05\/03\/bolsonaro-nega-adulteracao-no-cartao-da-vacina-e-diz-nao-ter-tomado-a-vacina#respond"]}]},{"@type":"WebPage","@id":"https:\/\/redenoticiaz.com.br\/litoralsp\/2023\/05\/03\/bolsonaro-nega-adulteracao-no-cartao-da-vacina-e-diz-nao-ter-tomado-a-vacina","url":"https:\/\/redenoticiaz.com.br\/litoralsp\/2023\/05\/03\/bolsonaro-nega-adulteracao-no-cartao-da-vacina-e-diz-nao-ter-tomado-a-vacina","name":"Bolsonaro nega adultera\u00e7\u00e3o no cart\u00e3o da vacina e diz &#8220;n\u00e3o ter tomado a vacina&#8221; - Litoral SP","isPartOf":{"@id":"https:\/\/redenoticiaz.com.br\/litoralsp\/#website"},"primaryImageOfPage":{"@id":"https:\/\/redenoticiaz.com.br\/litoralsp\/2023\/05\/03\/bolsonaro-nega-adulteracao-no-cartao-da-vacina-e-diz-nao-ter-tomado-a-vacina#primaryimage"},"image":{"@id":"https:\/\/redenoticiaz.com.br\/litoralsp\/2023\/05\/03\/bolsonaro-nega-adulteracao-no-cartao-da-vacina-e-diz-nao-ter-tomado-a-vacina#primaryimage"},"thumbnailUrl":"https:\/\/redenoticiaz.com.br\/litoralsp\/wp-content\/uploads\/sites\/3\/2023\/05\/BOLSONARO-DEPOIMENTO.jpg","datePublished":"2023-05-03T13:37:47+00:00","description":"O ex-presidente Jair Bolsonaro (PL) foi prestar o depoimento ap\u00f3s a casa dele ter sido alvo de buscas e apreens\u00f5es da Pol\u00edcia Federal.","inLanguage":"pt-BR","potentialAction":[{"@type":"ReadAction","target":["https:\/\/redenoticiaz.com.br\/litoralsp\/2023\/05\/03\/bolsonaro-nega-adulteracao-no-cartao-da-vacina-e-diz-nao-ter-tomado-a-vacina"]}]},{"@type":"ImageObject","inLanguage":"pt-BR","@id":"https:\/\/redenoticiaz.com.br\/litoralsp\/2023\/05\/03\/bolsonaro-nega-adulteracao-no-cartao-da-vacina-e-diz-nao-ter-tomado-a-vacina#primaryimage","url":"https:\/\/redenoticiaz.com.br\/litoralsp\/wp-content\/uploads\/sites\/3\/2023\/05\/BOLSONARO-DEPOIMENTO.jpg","contentUrl":"https:\/\/redenoticiaz.com.br\/litoralsp\/wp-content\/uploads\/sites\/3\/2023\/05\/BOLSONARO-DEPOIMENTO.jpg","width":545,"height":369,"caption":"Cr\u00e9ditos: Reprodu\u00e7\u00e3o\/Reuters"},{"@type":"WebSite","@id":"https:\/\/redenoticiaz.com.br\/litoralsp\/#website","url":"https:\/\/redenoticiaz.com.br\/litoralsp\/","name":"Litoral SP","description":"Rede NoticiaZ","publisher":{"@id":"https:\/\/redenoticiaz.com.br\/litoralsp\/#organization"},"potentialAction":[{"@type":"SearchAction","target":{"@type":"EntryPoint","urlTemplate":"https:\/\/redenoticiaz.com.br\/litoralsp\/?s={search_term_string}"},"query-input":{"@type":"PropertyValueSpecification","valueRequired":true,"valueName":"search_term_string"}}],"inLanguage":"pt-BR"},{"@type":"Organization","@id":"https:\/\/redenoticiaz.com.br\/litoralsp\/#organization","name":"Litoral SP","url":"https:\/\/redenoticiaz.com.br\/litoralsp\/","logo":{"@type":"ImageObject","inLanguage":"pt-BR","@id":"https:\/\/redenoticiaz.com.br\/litoralsp\/#\/schema\/logo\/image\/","url":"https:\/\/redenoticiaz.com.br\/litoralsp\/wp-content\/uploads\/sites\/3\/2020\/11\/logo.jpg","contentUrl":"https:\/\/redenoticiaz.com.br\/litoralsp\/wp-content\/uploads\/sites\/3\/2020\/11\/logo.jpg","width":400,"height":250,"caption":"Litoral SP"},"image":{"@id":"https:\/\/redenoticiaz.com.br\/litoralsp\/#\/schema\/logo\/image\/"}},{"@type":"Person","@id":"https:\/\/redenoticiaz.com.br\/litoralsp\/#\/schema\/person\/0f0b8a5bdafefe82841e07ae8d81ecb3","name":"Leonardo Francisco","image":{"@type":"ImageObject","inLanguage":"pt-BR","@id":"https:\/\/secure.gravatar.com\/avatar\/a7358cb406a99b682ec6df1e77e31ae82e63601f6784e8a3df411d72b37864da?s=96&d=mm&r=g","url":"https:\/\/secure.gravatar.com\/avatar\/a7358cb406a99b682ec6df1e77e31ae82e63601f6784e8a3df411d72b37864da?s=96&d=mm&r=g","contentUrl":"https:\/\/secure.gravatar.com\/avatar\/a7358cb406a99b682ec6df1e77e31ae82e63601f6784e8a3df411d72b37864da?s=96&d=mm&r=g","caption":"Leonardo Francisco"},"url":"https:\/\/redenoticiaz.com.br\/litoralsp\/author\/leonardo-francisco"}]}},"_links":{"self":[{"href":"https:\/\/redenoticiaz.com.br\/litoralsp\/wp-json\/wp\/v2\/posts\/105064","targetHints":{"allow":["GET"]}}],"collection":[{"href":"https:\/\/redenoticiaz.com.br\/litoralsp\/wp-json\/wp\/v2\/posts"}],"about":[{"href":"https:\/\/redenoticiaz.com.br\/litoralsp\/wp-json\/wp\/v2\/types\/post"}],"author":[{"embeddable":true,"href":"https:\/\/redenoticiaz.com.br\/litoralsp\/wp-json\/wp\/v2\/users\/6"}],"replies":[{"embeddable":true,"href":"https:\/\/redenoticiaz.com.br\/litoralsp\/wp-json\/wp\/v2\/comments?post=105064"}],"version-history":[{"count":1,"href":"https:\/\/redenoticiaz.com.br\/litoralsp\/wp-json\/wp\/v2\/posts\/105064\/revisions"}],"predecessor-version":[{"id":105066,"href":"https:\/\/redenoticiaz.com.br\/litoralsp\/wp-json\/wp\/v2\/posts\/105064\/revisions\/105066"}],"wp:featuredmedia":[{"embeddable":true,"href":"https:\/\/redenoticiaz.com.br\/litoralsp\/wp-json\/wp\/v2\/media\/105065"}],"wp:attachment":[{"href":"https:\/\/redenoticiaz.com.br\/litoralsp\/wp-json\/wp\/v2\/media?parent=105064"}],"wp:term":[{"taxonomy":"category","embeddable":true,"href":"https:\/\/redenoticiaz.com.br\/litoralsp\/wp-json\/wp\/v2\/categories?post=105064"},{"taxonomy":"post_tag","embeddable":true,"href":"https:\/\/redenoticiaz.com.br\/litoralsp\/wp-json\/wp\/v2\/tags?post=105064"}],"curies":[{"name":"wp","href":"https:\/\/api.w.org\/{rel}","templated":true}]}}