{"id":105088,"date":"2023-05-06T17:00:50","date_gmt":"2023-05-06T20:00:50","guid":{"rendered":"https:\/\/redenoticiaz.com.br\/litoralsp\/?p=105088"},"modified":"2023-05-03T18:11:39","modified_gmt":"2023-05-03T21:11:39","slug":"vacina-qdenga-e-aprovada-no-brasil-para-uso-independentemente-de-exposicao-previa-a-dengue","status":"publish","type":"post","link":"https:\/\/redenoticiaz.com.br\/litoralsp\/2023\/05\/06\/vacina-qdenga-e-aprovada-no-brasil-para-uso-independentemente-de-exposicao-previa-a-dengue","title":{"rendered":"Vacina QDENGA \u00e9 aprovada no Brasil para uso independentemente de exposi\u00e7\u00e3o pr\u00e9via \u00e0 dengue"},"content":{"rendered":"<p>A vacina contra a dengue da Takeda, QDENGA\u00ae, foi aprovada pela Ag\u00eancia Nacional de Vigil\u00e2ncia Sanit\u00e1ria (ANVISA) do Brasil para uso em indiv\u00edduos de quatro a 60 anos de idade. Essa \u00e9 a primeira aprova\u00e7\u00e3o da QDENGA\u00ae na Am\u00e9rica Latina.<\/p>\n<p>A vacina mostrou efic\u00e1cia e seguran\u00e7a sustentadas em dados cl\u00ednicos coletados ao longo de quatro anos e meio, incluindo um estudo de acompanhamento com mais de 28.000 crian\u00e7as e adultos. A QDENGA\u00ae \u00e9 a \u00fanica vacina contra a dengue aprovada no Brasil para uso em pessoas sem exposi\u00e7\u00e3o pr\u00e9via \u00e0 dengue ou a necessidade de um teste pr\u00e9-vacina\u00e7\u00e3o.<\/p>\n<p>A dengue \u00e9 uma doen\u00e7a viral transmitida por mosquitos, com implica\u00e7\u00f5es significativas para a sa\u00fade p\u00fablica em mais de 125 pa\u00edses, incluindo muitos na Am\u00e9rica Latina. A febre hemorr\u00e1gica da dengue tornou-se a principal causa de hospitaliza\u00e7\u00e3o e morte em alguns pa\u00edses da regi\u00e3o.<\/p>\n<p>Em 2022, o Brasil registrou mais de 1,4 milh\u00e3o de casos de febre do dengue e mais de 1.000 mortes. A aprova\u00e7\u00e3o da QDENGA\u00ae \u00e9 esperada para se tornar um pilar importante do Programa Nacional de Controle da Dengue do Brasil.<\/p>\n<p>VEJA TAMB\u00c9M:\u00a0<a href=\"https:\/\/redenoticiaz.com.br\/barretos-regiao\/sp\/2022\/04\/03\/casos-de-dengue-crescem-no-brasil-veja-as-regioes-com-maiores-indices-de-surto\">Casos de dengue crescem no Brasil. Veja as regi\u00f5es com maiores \u00edndices de surto<\/a><\/p>\n","protected":false},"excerpt":{"rendered":"<p>A vacina contra a dengue da Takeda, QDENGA\u00ae, foi aprovada pela Ag\u00eancia Nacional de Vigil\u00e2ncia Sanit\u00e1ria (ANVISA) do Brasil para uso em indiv\u00edduos de quatro a 60 anos de idade. Essa \u00e9 a primeira aprova\u00e7\u00e3o da QDENGA\u00ae na Am\u00e9rica Latina. A vacina mostrou efic\u00e1cia e seguran\u00e7a sustentadas em dados cl\u00ednicos coletados ao longo de quatro &hellip;<\/p>\n","protected":false},"author":30,"featured_media":740,"comment_status":"open","ping_status":"closed","sticky":false,"template":"","format":"standard","meta":{"footnotes":""},"categories":[23],"tags":[24,64926,10720,64927,64781,87,5686],"class_list":["post-105088","post","type-post","status-publish","format-standard","has-post-thumbnail","hentry","category-saude","tag-anvisa","tag-aprovada","tag-dengue","tag-qdenga","tag-takeda","tag-vacina","tag-vigilancia-sanitaria"],"yoast_head":"<!-- This site is optimized with the Yoast SEO plugin v27.5 - https:\/\/yoast.com\/product\/yoast-seo-wordpress\/ -->\n<title>Vacina QDENGA \u00e9 aprovada no Brasil para uso independentemente de exposi\u00e7\u00e3o pr\u00e9via \u00e0 dengue - Litoral SP<\/title>\n<meta name=\"description\" content=\"A vacina contra a dengue da Takeda, QDENGA\u00ae, foi aprovada pela (ANVISA) do Brasil para uso em indiv\u00edduos de quatro a 60 anos de idade.\" \/>\n<meta name=\"robots\" content=\"index, follow, max-snippet:-1, max-image-preview:large, max-video-preview:-1\" \/>\n<link rel=\"canonical\" href=\"https:\/\/redenoticiaz.com.br\/litoralsp\/2023\/05\/06\/vacina-qdenga-e-aprovada-no-brasil-para-uso-independentemente-de-exposicao-previa-a-dengue\" \/>\n<meta property=\"og:locale\" content=\"pt_BR\" \/>\n<meta property=\"og:type\" content=\"article\" \/>\n<meta property=\"og:title\" content=\"Vacina QDENGA \u00e9 aprovada no Brasil para uso independentemente de exposi\u00e7\u00e3o pr\u00e9via \u00e0 dengue - Litoral SP\" \/>\n<meta property=\"og:description\" content=\"A vacina contra a dengue da Takeda, QDENGA\u00ae, foi aprovada pela (ANVISA) do Brasil para uso em indiv\u00edduos de quatro a 60 anos de idade.\" \/>\n<meta property=\"og:url\" content=\"https:\/\/redenoticiaz.com.br\/litoralsp\/2023\/05\/06\/vacina-qdenga-e-aprovada-no-brasil-para-uso-independentemente-de-exposicao-previa-a-dengue\" \/>\n<meta property=\"og:site_name\" content=\"Litoral SP\" \/>\n<meta property=\"article:published_time\" content=\"2023-05-06T20:00:50+00:00\" \/>\n<meta property=\"og:image\" content=\"https:\/\/redenoticiaz.com.br\/litoralsp\/wp-content\/uploads\/sites\/3\/2020\/12\/vacina.jpg\" \/>\n\t<meta property=\"og:image:width\" content=\"1170\" \/>\n\t<meta property=\"og:image:height\" content=\"700\" \/>\n\t<meta property=\"og:image:type\" content=\"image\/jpeg\" \/>\n<meta name=\"author\" content=\"Carina Reifonas\" \/>\n<meta name=\"twitter:card\" content=\"summary_large_image\" \/>\n<meta name=\"twitter:label1\" content=\"Escrito por\" \/>\n\t<meta name=\"twitter:data1\" content=\"Carina Reifonas\" \/>\n\t<meta name=\"twitter:label2\" content=\"Est. tempo de leitura\" \/>\n\t<meta name=\"twitter:data2\" content=\"2 minutos\" \/>\n<script type=\"application\/ld+json\" class=\"yoast-schema-graph\">{\"@context\":\"https:\\\/\\\/schema.org\",\"@graph\":[{\"@type\":\"Article\",\"@id\":\"https:\\\/\\\/redenoticiaz.com.br\\\/litoralsp\\\/2023\\\/05\\\/06\\\/vacina-qdenga-e-aprovada-no-brasil-para-uso-independentemente-de-exposicao-previa-a-dengue#article\",\"isPartOf\":{\"@id\":\"https:\\\/\\\/redenoticiaz.com.br\\\/litoralsp\\\/2023\\\/05\\\/06\\\/vacina-qdenga-e-aprovada-no-brasil-para-uso-independentemente-de-exposicao-previa-a-dengue\"},\"author\":{\"name\":\"Carina Reifonas\",\"@id\":\"https:\\\/\\\/redenoticiaz.com.br\\\/litoralsp\\\/#\\\/schema\\\/person\\\/1f84d6e94e6a62d2d81199d7503e9e90\"},\"headline\":\"Vacina QDENGA \u00e9 aprovada no Brasil para uso independentemente de exposi\u00e7\u00e3o pr\u00e9via \u00e0 dengue\",\"datePublished\":\"2023-05-06T20:00:50+00:00\",\"mainEntityOfPage\":{\"@id\":\"https:\\\/\\\/redenoticiaz.com.br\\\/litoralsp\\\/2023\\\/05\\\/06\\\/vacina-qdenga-e-aprovada-no-brasil-para-uso-independentemente-de-exposicao-previa-a-dengue\"},\"wordCount\":230,\"commentCount\":0,\"publisher\":{\"@id\":\"https:\\\/\\\/redenoticiaz.com.br\\\/litoralsp\\\/#organization\"},\"image\":{\"@id\":\"https:\\\/\\\/redenoticiaz.com.br\\\/litoralsp\\\/2023\\\/05\\\/06\\\/vacina-qdenga-e-aprovada-no-brasil-para-uso-independentemente-de-exposicao-previa-a-dengue#primaryimage\"},\"thumbnailUrl\":\"https:\\\/\\\/redenoticiaz.com.br\\\/litoralsp\\\/wp-content\\\/uploads\\\/sites\\\/3\\\/2020\\\/12\\\/vacina.jpg\",\"keywords\":[\"Anvisa\",\"aprovada\",\"DENGUE\",\"Qdenga\",\"TAKEDA\",\"vacina\",\"VIGIL\u00c2NCIA SANIT\u00c1RIA\"],\"articleSection\":[\"Sa\u00fade\"],\"inLanguage\":\"pt-BR\",\"potentialAction\":[{\"@type\":\"CommentAction\",\"name\":\"Comment\",\"target\":[\"https:\\\/\\\/redenoticiaz.com.br\\\/litoralsp\\\/2023\\\/05\\\/06\\\/vacina-qdenga-e-aprovada-no-brasil-para-uso-independentemente-de-exposicao-previa-a-dengue#respond\"]}]},{\"@type\":\"WebPage\",\"@id\":\"https:\\\/\\\/redenoticiaz.com.br\\\/litoralsp\\\/2023\\\/05\\\/06\\\/vacina-qdenga-e-aprovada-no-brasil-para-uso-independentemente-de-exposicao-previa-a-dengue\",\"url\":\"https:\\\/\\\/redenoticiaz.com.br\\\/litoralsp\\\/2023\\\/05\\\/06\\\/vacina-qdenga-e-aprovada-no-brasil-para-uso-independentemente-de-exposicao-previa-a-dengue\",\"name\":\"Vacina QDENGA \u00e9 aprovada no Brasil para uso independentemente de exposi\u00e7\u00e3o pr\u00e9via \u00e0 dengue - Litoral SP\",\"isPartOf\":{\"@id\":\"https:\\\/\\\/redenoticiaz.com.br\\\/litoralsp\\\/#website\"},\"primaryImageOfPage\":{\"@id\":\"https:\\\/\\\/redenoticiaz.com.br\\\/litoralsp\\\/2023\\\/05\\\/06\\\/vacina-qdenga-e-aprovada-no-brasil-para-uso-independentemente-de-exposicao-previa-a-dengue#primaryimage\"},\"image\":{\"@id\":\"https:\\\/\\\/redenoticiaz.com.br\\\/litoralsp\\\/2023\\\/05\\\/06\\\/vacina-qdenga-e-aprovada-no-brasil-para-uso-independentemente-de-exposicao-previa-a-dengue#primaryimage\"},\"thumbnailUrl\":\"https:\\\/\\\/redenoticiaz.com.br\\\/litoralsp\\\/wp-content\\\/uploads\\\/sites\\\/3\\\/2020\\\/12\\\/vacina.jpg\",\"datePublished\":\"2023-05-06T20:00:50+00:00\",\"description\":\"A vacina contra a dengue da Takeda, QDENGA\u00ae, foi aprovada pela (ANVISA) do Brasil para uso em indiv\u00edduos de quatro a 60 anos de idade.\",\"inLanguage\":\"pt-BR\",\"potentialAction\":[{\"@type\":\"ReadAction\",\"target\":[\"https:\\\/\\\/redenoticiaz.com.br\\\/litoralsp\\\/2023\\\/05\\\/06\\\/vacina-qdenga-e-aprovada-no-brasil-para-uso-independentemente-de-exposicao-previa-a-dengue\"]}]},{\"@type\":\"ImageObject\",\"inLanguage\":\"pt-BR\",\"@id\":\"https:\\\/\\\/redenoticiaz.com.br\\\/litoralsp\\\/2023\\\/05\\\/06\\\/vacina-qdenga-e-aprovada-no-brasil-para-uso-independentemente-de-exposicao-previa-a-dengue#primaryimage\",\"url\":\"https:\\\/\\\/redenoticiaz.com.br\\\/litoralsp\\\/wp-content\\\/uploads\\\/sites\\\/3\\\/2020\\\/12\\\/vacina.jpg\",\"contentUrl\":\"https:\\\/\\\/redenoticiaz.com.br\\\/litoralsp\\\/wp-content\\\/uploads\\\/sites\\\/3\\\/2020\\\/12\\\/vacina.jpg\",\"width\":1170,\"height\":700,\"caption\":\"Mulher segura frasco rotulado como de vacina para Covid-19 em foto de ilustra\u00e7\u00e3o 10\\\/04\\\/2020 REUTERS\\\/Dado Ruvic\"},{\"@type\":\"WebSite\",\"@id\":\"https:\\\/\\\/redenoticiaz.com.br\\\/litoralsp\\\/#website\",\"url\":\"https:\\\/\\\/redenoticiaz.com.br\\\/litoralsp\\\/\",\"name\":\"Litoral SP\",\"description\":\"Rede NoticiaZ\",\"publisher\":{\"@id\":\"https:\\\/\\\/redenoticiaz.com.br\\\/litoralsp\\\/#organization\"},\"potentialAction\":[{\"@type\":\"SearchAction\",\"target\":{\"@type\":\"EntryPoint\",\"urlTemplate\":\"https:\\\/\\\/redenoticiaz.com.br\\\/litoralsp\\\/?s={search_term_string}\"},\"query-input\":{\"@type\":\"PropertyValueSpecification\",\"valueRequired\":true,\"valueName\":\"search_term_string\"}}],\"inLanguage\":\"pt-BR\"},{\"@type\":\"Organization\",\"@id\":\"https:\\\/\\\/redenoticiaz.com.br\\\/litoralsp\\\/#organization\",\"name\":\"Litoral SP\",\"url\":\"https:\\\/\\\/redenoticiaz.com.br\\\/litoralsp\\\/\",\"logo\":{\"@type\":\"ImageObject\",\"inLanguage\":\"pt-BR\",\"@id\":\"https:\\\/\\\/redenoticiaz.com.br\\\/litoralsp\\\/#\\\/schema\\\/logo\\\/image\\\/\",\"url\":\"https:\\\/\\\/redenoticiaz.com.br\\\/litoralsp\\\/wp-content\\\/uploads\\\/sites\\\/3\\\/2020\\\/11\\\/logo.jpg\",\"contentUrl\":\"https:\\\/\\\/redenoticiaz.com.br\\\/litoralsp\\\/wp-content\\\/uploads\\\/sites\\\/3\\\/2020\\\/11\\\/logo.jpg\",\"width\":400,\"height\":250,\"caption\":\"Litoral SP\"},\"image\":{\"@id\":\"https:\\\/\\\/redenoticiaz.com.br\\\/litoralsp\\\/#\\\/schema\\\/logo\\\/image\\\/\"}},{\"@type\":\"Person\",\"@id\":\"https:\\\/\\\/redenoticiaz.com.br\\\/litoralsp\\\/#\\\/schema\\\/person\\\/1f84d6e94e6a62d2d81199d7503e9e90\",\"name\":\"Carina Reifonas\",\"image\":{\"@type\":\"ImageObject\",\"inLanguage\":\"pt-BR\",\"@id\":\"https:\\\/\\\/secure.gravatar.com\\\/avatar\\\/04c59859b23696cf867715880f81d5c037e60109730bdb4e6670ec2a2245bc97?s=96&d=mm&r=g\",\"url\":\"https:\\\/\\\/secure.gravatar.com\\\/avatar\\\/04c59859b23696cf867715880f81d5c037e60109730bdb4e6670ec2a2245bc97?s=96&d=mm&r=g\",\"contentUrl\":\"https:\\\/\\\/secure.gravatar.com\\\/avatar\\\/04c59859b23696cf867715880f81d5c037e60109730bdb4e6670ec2a2245bc97?s=96&d=mm&r=g\",\"caption\":\"Carina Reifonas\"},\"url\":\"https:\\\/\\\/redenoticiaz.com.br\\\/litoralsp\\\/author\\\/carinareifonas\"}]}<\/script>\n<!-- \/ Yoast SEO plugin. -->","yoast_head_json":{"title":"Vacina QDENGA \u00e9 aprovada no Brasil para uso independentemente de exposi\u00e7\u00e3o pr\u00e9via \u00e0 dengue - Litoral SP","description":"A vacina contra a dengue da Takeda, QDENGA\u00ae, foi aprovada pela (ANVISA) do Brasil para uso em indiv\u00edduos de quatro a 60 anos de idade.","robots":{"index":"index","follow":"follow","max-snippet":"max-snippet:-1","max-image-preview":"max-image-preview:large","max-video-preview":"max-video-preview:-1"},"canonical":"https:\/\/redenoticiaz.com.br\/litoralsp\/2023\/05\/06\/vacina-qdenga-e-aprovada-no-brasil-para-uso-independentemente-de-exposicao-previa-a-dengue","og_locale":"pt_BR","og_type":"article","og_title":"Vacina QDENGA \u00e9 aprovada no Brasil para uso independentemente de exposi\u00e7\u00e3o pr\u00e9via \u00e0 dengue - Litoral SP","og_description":"A vacina contra a dengue da Takeda, QDENGA\u00ae, foi aprovada pela (ANVISA) do Brasil para uso em indiv\u00edduos de quatro a 60 anos de idade.","og_url":"https:\/\/redenoticiaz.com.br\/litoralsp\/2023\/05\/06\/vacina-qdenga-e-aprovada-no-brasil-para-uso-independentemente-de-exposicao-previa-a-dengue","og_site_name":"Litoral SP","article_published_time":"2023-05-06T20:00:50+00:00","og_image":[{"width":1170,"height":700,"url":"https:\/\/redenoticiaz.com.br\/litoralsp\/wp-content\/uploads\/sites\/3\/2020\/12\/vacina.jpg","type":"image\/jpeg"}],"author":"Carina Reifonas","twitter_card":"summary_large_image","twitter_misc":{"Escrito por":"Carina Reifonas","Est. tempo de leitura":"2 minutos"},"schema":{"@context":"https:\/\/schema.org","@graph":[{"@type":"Article","@id":"https:\/\/redenoticiaz.com.br\/litoralsp\/2023\/05\/06\/vacina-qdenga-e-aprovada-no-brasil-para-uso-independentemente-de-exposicao-previa-a-dengue#article","isPartOf":{"@id":"https:\/\/redenoticiaz.com.br\/litoralsp\/2023\/05\/06\/vacina-qdenga-e-aprovada-no-brasil-para-uso-independentemente-de-exposicao-previa-a-dengue"},"author":{"name":"Carina Reifonas","@id":"https:\/\/redenoticiaz.com.br\/litoralsp\/#\/schema\/person\/1f84d6e94e6a62d2d81199d7503e9e90"},"headline":"Vacina QDENGA \u00e9 aprovada no Brasil para uso independentemente de exposi\u00e7\u00e3o pr\u00e9via \u00e0 dengue","datePublished":"2023-05-06T20:00:50+00:00","mainEntityOfPage":{"@id":"https:\/\/redenoticiaz.com.br\/litoralsp\/2023\/05\/06\/vacina-qdenga-e-aprovada-no-brasil-para-uso-independentemente-de-exposicao-previa-a-dengue"},"wordCount":230,"commentCount":0,"publisher":{"@id":"https:\/\/redenoticiaz.com.br\/litoralsp\/#organization"},"image":{"@id":"https:\/\/redenoticiaz.com.br\/litoralsp\/2023\/05\/06\/vacina-qdenga-e-aprovada-no-brasil-para-uso-independentemente-de-exposicao-previa-a-dengue#primaryimage"},"thumbnailUrl":"https:\/\/redenoticiaz.com.br\/litoralsp\/wp-content\/uploads\/sites\/3\/2020\/12\/vacina.jpg","keywords":["Anvisa","aprovada","DENGUE","Qdenga","TAKEDA","vacina","VIGIL\u00c2NCIA SANIT\u00c1RIA"],"articleSection":["Sa\u00fade"],"inLanguage":"pt-BR","potentialAction":[{"@type":"CommentAction","name":"Comment","target":["https:\/\/redenoticiaz.com.br\/litoralsp\/2023\/05\/06\/vacina-qdenga-e-aprovada-no-brasil-para-uso-independentemente-de-exposicao-previa-a-dengue#respond"]}]},{"@type":"WebPage","@id":"https:\/\/redenoticiaz.com.br\/litoralsp\/2023\/05\/06\/vacina-qdenga-e-aprovada-no-brasil-para-uso-independentemente-de-exposicao-previa-a-dengue","url":"https:\/\/redenoticiaz.com.br\/litoralsp\/2023\/05\/06\/vacina-qdenga-e-aprovada-no-brasil-para-uso-independentemente-de-exposicao-previa-a-dengue","name":"Vacina QDENGA \u00e9 aprovada no Brasil para uso independentemente de exposi\u00e7\u00e3o pr\u00e9via \u00e0 dengue - Litoral SP","isPartOf":{"@id":"https:\/\/redenoticiaz.com.br\/litoralsp\/#website"},"primaryImageOfPage":{"@id":"https:\/\/redenoticiaz.com.br\/litoralsp\/2023\/05\/06\/vacina-qdenga-e-aprovada-no-brasil-para-uso-independentemente-de-exposicao-previa-a-dengue#primaryimage"},"image":{"@id":"https:\/\/redenoticiaz.com.br\/litoralsp\/2023\/05\/06\/vacina-qdenga-e-aprovada-no-brasil-para-uso-independentemente-de-exposicao-previa-a-dengue#primaryimage"},"thumbnailUrl":"https:\/\/redenoticiaz.com.br\/litoralsp\/wp-content\/uploads\/sites\/3\/2020\/12\/vacina.jpg","datePublished":"2023-05-06T20:00:50+00:00","description":"A vacina contra a dengue da Takeda, QDENGA\u00ae, foi aprovada pela (ANVISA) do Brasil para uso em indiv\u00edduos de quatro a 60 anos de idade.","inLanguage":"pt-BR","potentialAction":[{"@type":"ReadAction","target":["https:\/\/redenoticiaz.com.br\/litoralsp\/2023\/05\/06\/vacina-qdenga-e-aprovada-no-brasil-para-uso-independentemente-de-exposicao-previa-a-dengue"]}]},{"@type":"ImageObject","inLanguage":"pt-BR","@id":"https:\/\/redenoticiaz.com.br\/litoralsp\/2023\/05\/06\/vacina-qdenga-e-aprovada-no-brasil-para-uso-independentemente-de-exposicao-previa-a-dengue#primaryimage","url":"https:\/\/redenoticiaz.com.br\/litoralsp\/wp-content\/uploads\/sites\/3\/2020\/12\/vacina.jpg","contentUrl":"https:\/\/redenoticiaz.com.br\/litoralsp\/wp-content\/uploads\/sites\/3\/2020\/12\/vacina.jpg","width":1170,"height":700,"caption":"Mulher segura frasco rotulado como de vacina para Covid-19 em foto de ilustra\u00e7\u00e3o 10\/04\/2020 REUTERS\/Dado Ruvic"},{"@type":"WebSite","@id":"https:\/\/redenoticiaz.com.br\/litoralsp\/#website","url":"https:\/\/redenoticiaz.com.br\/litoralsp\/","name":"Litoral SP","description":"Rede NoticiaZ","publisher":{"@id":"https:\/\/redenoticiaz.com.br\/litoralsp\/#organization"},"potentialAction":[{"@type":"SearchAction","target":{"@type":"EntryPoint","urlTemplate":"https:\/\/redenoticiaz.com.br\/litoralsp\/?s={search_term_string}"},"query-input":{"@type":"PropertyValueSpecification","valueRequired":true,"valueName":"search_term_string"}}],"inLanguage":"pt-BR"},{"@type":"Organization","@id":"https:\/\/redenoticiaz.com.br\/litoralsp\/#organization","name":"Litoral SP","url":"https:\/\/redenoticiaz.com.br\/litoralsp\/","logo":{"@type":"ImageObject","inLanguage":"pt-BR","@id":"https:\/\/redenoticiaz.com.br\/litoralsp\/#\/schema\/logo\/image\/","url":"https:\/\/redenoticiaz.com.br\/litoralsp\/wp-content\/uploads\/sites\/3\/2020\/11\/logo.jpg","contentUrl":"https:\/\/redenoticiaz.com.br\/litoralsp\/wp-content\/uploads\/sites\/3\/2020\/11\/logo.jpg","width":400,"height":250,"caption":"Litoral SP"},"image":{"@id":"https:\/\/redenoticiaz.com.br\/litoralsp\/#\/schema\/logo\/image\/"}},{"@type":"Person","@id":"https:\/\/redenoticiaz.com.br\/litoralsp\/#\/schema\/person\/1f84d6e94e6a62d2d81199d7503e9e90","name":"Carina Reifonas","image":{"@type":"ImageObject","inLanguage":"pt-BR","@id":"https:\/\/secure.gravatar.com\/avatar\/04c59859b23696cf867715880f81d5c037e60109730bdb4e6670ec2a2245bc97?s=96&d=mm&r=g","url":"https:\/\/secure.gravatar.com\/avatar\/04c59859b23696cf867715880f81d5c037e60109730bdb4e6670ec2a2245bc97?s=96&d=mm&r=g","contentUrl":"https:\/\/secure.gravatar.com\/avatar\/04c59859b23696cf867715880f81d5c037e60109730bdb4e6670ec2a2245bc97?s=96&d=mm&r=g","caption":"Carina Reifonas"},"url":"https:\/\/redenoticiaz.com.br\/litoralsp\/author\/carinareifonas"}]}},"_links":{"self":[{"href":"https:\/\/redenoticiaz.com.br\/litoralsp\/wp-json\/wp\/v2\/posts\/105088","targetHints":{"allow":["GET"]}}],"collection":[{"href":"https:\/\/redenoticiaz.com.br\/litoralsp\/wp-json\/wp\/v2\/posts"}],"about":[{"href":"https:\/\/redenoticiaz.com.br\/litoralsp\/wp-json\/wp\/v2\/types\/post"}],"author":[{"embeddable":true,"href":"https:\/\/redenoticiaz.com.br\/litoralsp\/wp-json\/wp\/v2\/users\/30"}],"replies":[{"embeddable":true,"href":"https:\/\/redenoticiaz.com.br\/litoralsp\/wp-json\/wp\/v2\/comments?post=105088"}],"version-history":[{"count":0,"href":"https:\/\/redenoticiaz.com.br\/litoralsp\/wp-json\/wp\/v2\/posts\/105088\/revisions"}],"wp:featuredmedia":[{"embeddable":true,"href":"https:\/\/redenoticiaz.com.br\/litoralsp\/wp-json\/wp\/v2\/media\/740"}],"wp:attachment":[{"href":"https:\/\/redenoticiaz.com.br\/litoralsp\/wp-json\/wp\/v2\/media?parent=105088"}],"wp:term":[{"taxonomy":"category","embeddable":true,"href":"https:\/\/redenoticiaz.com.br\/litoralsp\/wp-json\/wp\/v2\/categories?post=105088"},{"taxonomy":"post_tag","embeddable":true,"href":"https:\/\/redenoticiaz.com.br\/litoralsp\/wp-json\/wp\/v2\/tags?post=105088"}],"curies":[{"name":"wp","href":"https:\/\/api.w.org\/{rel}","templated":true}]}}