{"id":105089,"date":"2023-05-06T16:00:02","date_gmt":"2023-05-06T19:00:02","guid":{"rendered":"https:\/\/redenoticiaz.com.br\/litoralsp\/?p=105089"},"modified":"2023-05-03T18:24:27","modified_gmt":"2023-05-03T21:24:27","slug":"nova-serie-planners-chega-ao-streamings-em-maio-com-estrela-do-elenco-argentino","status":"publish","type":"post","link":"https:\/\/redenoticiaz.com.br\/litoralsp\/2023\/05\/06\/nova-serie-planners-chega-ao-streamings-em-maio-com-estrela-do-elenco-argentino","title":{"rendered":"Nova s\u00e9rie Planners chega ao streamings em maio com estrelas do elenco argentino"},"content":{"rendered":"<p>A nova s\u00e9rie de com\u00e9dia dram\u00e1tica, &#8220;Planners&#8221;, chegar\u00e1 ao Star+ na Am\u00e9rica Latina e aos streamings da Disney em todo o mundo, no dia 5 de maio. Estrelada por Celeste Cid e dirigida por Daniel Barone, a s\u00e9rie conta com a produ\u00e7\u00e3o executiva da renomada event planner argentina B\u00e1rbara Diez e tem nove epis\u00f3dios de 45 minutos cada.<\/p>\n<p>A hist\u00f3ria segue a protagonista Malena Carregal (Cid), que depois de se divorciar de Marcos Guti\u00e9rrez (Valenzuela), decide abrir sua pr\u00f3pria ag\u00eancia de organiza\u00e7\u00e3o de eventos sociais. Com a ajuda de Cali (Siciliani), uma amiga energ\u00e9tica, e um famoso designer de interiores (Pfening) na equipe, Malena enfrenta desafios e conflitos ao organizar uma festa inesquec\u00edvel. A s\u00e9rie combina com\u00e9dia, drama e romance, celebrando novos projetos e a for\u00e7a do trabalho em equipe na constru\u00e7\u00e3o da festa perfeita.<\/p>\n<p>Saiba mais sobre a s\u00e9rie com trailer liberado pelo streamings:<\/p>\n<p><iframe loading=\"lazy\" title=\"Planners | Trailer Oficial Legendado | Star+\" width=\"500\" height=\"281\" src=\"https:\/\/www.youtube.com\/embed\/LEtSArUdeQk?feature=oembed\" frameborder=\"0\" allow=\"accelerometer; autoplay; clipboard-write; encrypted-media; gyroscope; picture-in-picture; web-share\" referrerpolicy=\"strict-origin-when-cross-origin\" allowfullscreen><\/iframe><\/p>\n<p>VEJA TAMB\u00c9M:\u00a0<a href=\"https:\/\/redenoticiaz.com.br\/barretos-regiao\/sp\/2023\/04\/30\/a-cratera-confira-o-trailer-da-nova-aventura-de-ficcao-cientifica-do-disney\">A Cratera: confira o trailer da nova aventura de fic\u00e7\u00e3o cient\u00edfica do Disney<\/a><\/p>\n","protected":false},"excerpt":{"rendered":"<p>A nova s\u00e9rie de com\u00e9dia dram\u00e1tica, &#8220;Planners&#8221;, chegar\u00e1 ao Star+ na Am\u00e9rica Latina e aos streamings da Disney em todo o mundo, no dia 5 de maio. Estrelada por Celeste Cid e dirigida por Daniel Barone, a s\u00e9rie conta com a produ\u00e7\u00e3o executiva da renomada event planner argentina B\u00e1rbara Diez e tem nove epis\u00f3dios de &hellip;<\/p>\n","protected":false},"author":30,"featured_media":105090,"comment_status":"open","ping_status":"closed","sticky":false,"template":"","format":"standard","meta":{"footnotes":""},"categories":[62064,169,170],"tags":[2171,54578,64928,4756,53805],"class_list":["post-105089","post","type-post","status-publish","format-standard","has-post-thumbnail","hentry","category-cameraz","category-cultura","category-entretenimento","tag-argentina","tag-comedia","tag-planners","tag-serie","tag-trailer"],"yoast_head":"<!-- This site is optimized with the Yoast SEO plugin v27.4 - https:\/\/yoast.com\/product\/yoast-seo-wordpress\/ -->\n<title>Nova s\u00e9rie Planners chega ao streamings em maio com estrelas do elenco argentino - Litoral SP<\/title>\n<meta name=\"description\" content=\"A nova s\u00e9rie de com\u00e9dia dram\u00e1tica, &quot;Planners&quot;, chegar\u00e1 ao Star+ na Am\u00e9rica Latina e aos streamings da Disney em todo o mundo\" \/>\n<meta name=\"robots\" content=\"index, follow, max-snippet:-1, max-image-preview:large, max-video-preview:-1\" \/>\n<link rel=\"canonical\" href=\"https:\/\/redenoticiaz.com.br\/litoralsp\/2023\/05\/06\/nova-serie-planners-chega-ao-streamings-em-maio-com-estrela-do-elenco-argentino\" \/>\n<meta property=\"og:locale\" content=\"pt_BR\" \/>\n<meta property=\"og:type\" content=\"article\" \/>\n<meta property=\"og:title\" content=\"Nova s\u00e9rie Planners chega ao streamings em maio com estrelas do elenco argentino - Litoral SP\" \/>\n<meta property=\"og:description\" content=\"A nova s\u00e9rie de com\u00e9dia dram\u00e1tica, &quot;Planners&quot;, chegar\u00e1 ao Star+ na Am\u00e9rica Latina e aos streamings da Disney em todo o mundo\" \/>\n<meta property=\"og:url\" content=\"https:\/\/redenoticiaz.com.br\/litoralsp\/2023\/05\/06\/nova-serie-planners-chega-ao-streamings-em-maio-com-estrela-do-elenco-argentino\" \/>\n<meta property=\"og:site_name\" content=\"Litoral SP\" \/>\n<meta property=\"article:published_time\" content=\"2023-05-06T19:00:02+00:00\" \/>\n<meta property=\"og:image\" content=\"https:\/\/redenoticiaz.com.br\/litoralsp\/wp-content\/uploads\/sites\/3\/2023\/05\/planner.jpg\" \/>\n\t<meta property=\"og:image:width\" content=\"640\" \/>\n\t<meta property=\"og:image:height\" content=\"577\" \/>\n\t<meta property=\"og:image:type\" content=\"image\/jpeg\" \/>\n<meta name=\"author\" content=\"Carina Reifonas\" \/>\n<meta name=\"twitter:card\" content=\"summary_large_image\" \/>\n<meta name=\"twitter:label1\" content=\"Escrito por\" \/>\n\t<meta name=\"twitter:data1\" content=\"Carina Reifonas\" \/>\n\t<meta name=\"twitter:label2\" content=\"Est. tempo de leitura\" \/>\n\t<meta name=\"twitter:data2\" content=\"1 minuto\" \/>\n<script type=\"application\/ld+json\" class=\"yoast-schema-graph\">{\"@context\":\"https:\\\/\\\/schema.org\",\"@graph\":[{\"@type\":\"Article\",\"@id\":\"https:\\\/\\\/redenoticiaz.com.br\\\/litoralsp\\\/2023\\\/05\\\/06\\\/nova-serie-planners-chega-ao-streamings-em-maio-com-estrela-do-elenco-argentino#article\",\"isPartOf\":{\"@id\":\"https:\\\/\\\/redenoticiaz.com.br\\\/litoralsp\\\/2023\\\/05\\\/06\\\/nova-serie-planners-chega-ao-streamings-em-maio-com-estrela-do-elenco-argentino\"},\"author\":{\"name\":\"Carina Reifonas\",\"@id\":\"https:\\\/\\\/redenoticiaz.com.br\\\/litoralsp\\\/#\\\/schema\\\/person\\\/1f84d6e94e6a62d2d81199d7503e9e90\"},\"headline\":\"Nova s\u00e9rie Planners chega ao streamings em maio com estrelas do elenco argentino\",\"datePublished\":\"2023-05-06T19:00:02+00:00\",\"mainEntityOfPage\":{\"@id\":\"https:\\\/\\\/redenoticiaz.com.br\\\/litoralsp\\\/2023\\\/05\\\/06\\\/nova-serie-planners-chega-ao-streamings-em-maio-com-estrela-do-elenco-argentino\"},\"wordCount\":206,\"commentCount\":0,\"publisher\":{\"@id\":\"https:\\\/\\\/redenoticiaz.com.br\\\/litoralsp\\\/#organization\"},\"image\":{\"@id\":\"https:\\\/\\\/redenoticiaz.com.br\\\/litoralsp\\\/2023\\\/05\\\/06\\\/nova-serie-planners-chega-ao-streamings-em-maio-com-estrela-do-elenco-argentino#primaryimage\"},\"thumbnailUrl\":\"https:\\\/\\\/redenoticiaz.com.br\\\/litoralsp\\\/wp-content\\\/uploads\\\/sites\\\/3\\\/2023\\\/05\\\/planner.jpg\",\"keywords\":[\"Argentina\",\"COM\u00c9DIA\",\"Planners\",\"S\u00c9RIE\",\"TRAILER\"],\"articleSection\":[\"C\u00e2mera Z\",\"Cultura\",\"Entretenimento\"],\"inLanguage\":\"pt-BR\",\"potentialAction\":[{\"@type\":\"CommentAction\",\"name\":\"Comment\",\"target\":[\"https:\\\/\\\/redenoticiaz.com.br\\\/litoralsp\\\/2023\\\/05\\\/06\\\/nova-serie-planners-chega-ao-streamings-em-maio-com-estrela-do-elenco-argentino#respond\"]}]},{\"@type\":\"WebPage\",\"@id\":\"https:\\\/\\\/redenoticiaz.com.br\\\/litoralsp\\\/2023\\\/05\\\/06\\\/nova-serie-planners-chega-ao-streamings-em-maio-com-estrela-do-elenco-argentino\",\"url\":\"https:\\\/\\\/redenoticiaz.com.br\\\/litoralsp\\\/2023\\\/05\\\/06\\\/nova-serie-planners-chega-ao-streamings-em-maio-com-estrela-do-elenco-argentino\",\"name\":\"Nova s\u00e9rie Planners chega ao streamings em maio com estrelas do elenco argentino - Litoral SP\",\"isPartOf\":{\"@id\":\"https:\\\/\\\/redenoticiaz.com.br\\\/litoralsp\\\/#website\"},\"primaryImageOfPage\":{\"@id\":\"https:\\\/\\\/redenoticiaz.com.br\\\/litoralsp\\\/2023\\\/05\\\/06\\\/nova-serie-planners-chega-ao-streamings-em-maio-com-estrela-do-elenco-argentino#primaryimage\"},\"image\":{\"@id\":\"https:\\\/\\\/redenoticiaz.com.br\\\/litoralsp\\\/2023\\\/05\\\/06\\\/nova-serie-planners-chega-ao-streamings-em-maio-com-estrela-do-elenco-argentino#primaryimage\"},\"thumbnailUrl\":\"https:\\\/\\\/redenoticiaz.com.br\\\/litoralsp\\\/wp-content\\\/uploads\\\/sites\\\/3\\\/2023\\\/05\\\/planner.jpg\",\"datePublished\":\"2023-05-06T19:00:02+00:00\",\"description\":\"A nova s\u00e9rie de com\u00e9dia dram\u00e1tica, \\\"Planners\\\", chegar\u00e1 ao Star+ na Am\u00e9rica Latina e aos streamings da Disney em todo o mundo\",\"inLanguage\":\"pt-BR\",\"potentialAction\":[{\"@type\":\"ReadAction\",\"target\":[\"https:\\\/\\\/redenoticiaz.com.br\\\/litoralsp\\\/2023\\\/05\\\/06\\\/nova-serie-planners-chega-ao-streamings-em-maio-com-estrela-do-elenco-argentino\"]}]},{\"@type\":\"ImageObject\",\"inLanguage\":\"pt-BR\",\"@id\":\"https:\\\/\\\/redenoticiaz.com.br\\\/litoralsp\\\/2023\\\/05\\\/06\\\/nova-serie-planners-chega-ao-streamings-em-maio-com-estrela-do-elenco-argentino#primaryimage\",\"url\":\"https:\\\/\\\/redenoticiaz.com.br\\\/litoralsp\\\/wp-content\\\/uploads\\\/sites\\\/3\\\/2023\\\/05\\\/planner.jpg\",\"contentUrl\":\"https:\\\/\\\/redenoticiaz.com.br\\\/litoralsp\\\/wp-content\\\/uploads\\\/sites\\\/3\\\/2023\\\/05\\\/planner.jpg\",\"width\":640,\"height\":577,\"caption\":\"Nova s\u00e9rie Planners chega ao streamings em maio. Cr\u00e9dito: Divulga\u00e7\u00e3o\\\/ Star+\"},{\"@type\":\"WebSite\",\"@id\":\"https:\\\/\\\/redenoticiaz.com.br\\\/litoralsp\\\/#website\",\"url\":\"https:\\\/\\\/redenoticiaz.com.br\\\/litoralsp\\\/\",\"name\":\"Litoral SP\",\"description\":\"Rede NoticiaZ\",\"publisher\":{\"@id\":\"https:\\\/\\\/redenoticiaz.com.br\\\/litoralsp\\\/#organization\"},\"potentialAction\":[{\"@type\":\"SearchAction\",\"target\":{\"@type\":\"EntryPoint\",\"urlTemplate\":\"https:\\\/\\\/redenoticiaz.com.br\\\/litoralsp\\\/?s={search_term_string}\"},\"query-input\":{\"@type\":\"PropertyValueSpecification\",\"valueRequired\":true,\"valueName\":\"search_term_string\"}}],\"inLanguage\":\"pt-BR\"},{\"@type\":\"Organization\",\"@id\":\"https:\\\/\\\/redenoticiaz.com.br\\\/litoralsp\\\/#organization\",\"name\":\"Litoral SP\",\"url\":\"https:\\\/\\\/redenoticiaz.com.br\\\/litoralsp\\\/\",\"logo\":{\"@type\":\"ImageObject\",\"inLanguage\":\"pt-BR\",\"@id\":\"https:\\\/\\\/redenoticiaz.com.br\\\/litoralsp\\\/#\\\/schema\\\/logo\\\/image\\\/\",\"url\":\"https:\\\/\\\/redenoticiaz.com.br\\\/litoralsp\\\/wp-content\\\/uploads\\\/sites\\\/3\\\/2020\\\/11\\\/logo.jpg\",\"contentUrl\":\"https:\\\/\\\/redenoticiaz.com.br\\\/litoralsp\\\/wp-content\\\/uploads\\\/sites\\\/3\\\/2020\\\/11\\\/logo.jpg\",\"width\":400,\"height\":250,\"caption\":\"Litoral SP\"},\"image\":{\"@id\":\"https:\\\/\\\/redenoticiaz.com.br\\\/litoralsp\\\/#\\\/schema\\\/logo\\\/image\\\/\"}},{\"@type\":\"Person\",\"@id\":\"https:\\\/\\\/redenoticiaz.com.br\\\/litoralsp\\\/#\\\/schema\\\/person\\\/1f84d6e94e6a62d2d81199d7503e9e90\",\"name\":\"Carina Reifonas\",\"image\":{\"@type\":\"ImageObject\",\"inLanguage\":\"pt-BR\",\"@id\":\"https:\\\/\\\/secure.gravatar.com\\\/avatar\\\/04c59859b23696cf867715880f81d5c037e60109730bdb4e6670ec2a2245bc97?s=96&d=mm&r=g\",\"url\":\"https:\\\/\\\/secure.gravatar.com\\\/avatar\\\/04c59859b23696cf867715880f81d5c037e60109730bdb4e6670ec2a2245bc97?s=96&d=mm&r=g\",\"contentUrl\":\"https:\\\/\\\/secure.gravatar.com\\\/avatar\\\/04c59859b23696cf867715880f81d5c037e60109730bdb4e6670ec2a2245bc97?s=96&d=mm&r=g\",\"caption\":\"Carina Reifonas\"},\"url\":\"https:\\\/\\\/redenoticiaz.com.br\\\/litoralsp\\\/author\\\/carinareifonas\"}]}<\/script>\n<!-- \/ Yoast SEO plugin. -->","yoast_head_json":{"title":"Nova s\u00e9rie Planners chega ao streamings em maio com estrelas do elenco argentino - Litoral SP","description":"A nova s\u00e9rie de com\u00e9dia dram\u00e1tica, \"Planners\", chegar\u00e1 ao Star+ na Am\u00e9rica Latina e aos streamings da Disney em todo o mundo","robots":{"index":"index","follow":"follow","max-snippet":"max-snippet:-1","max-image-preview":"max-image-preview:large","max-video-preview":"max-video-preview:-1"},"canonical":"https:\/\/redenoticiaz.com.br\/litoralsp\/2023\/05\/06\/nova-serie-planners-chega-ao-streamings-em-maio-com-estrela-do-elenco-argentino","og_locale":"pt_BR","og_type":"article","og_title":"Nova s\u00e9rie Planners chega ao streamings em maio com estrelas do elenco argentino - Litoral SP","og_description":"A nova s\u00e9rie de com\u00e9dia dram\u00e1tica, \"Planners\", chegar\u00e1 ao Star+ na Am\u00e9rica Latina e aos streamings da Disney em todo o mundo","og_url":"https:\/\/redenoticiaz.com.br\/litoralsp\/2023\/05\/06\/nova-serie-planners-chega-ao-streamings-em-maio-com-estrela-do-elenco-argentino","og_site_name":"Litoral SP","article_published_time":"2023-05-06T19:00:02+00:00","og_image":[{"width":640,"height":577,"url":"https:\/\/redenoticiaz.com.br\/litoralsp\/wp-content\/uploads\/sites\/3\/2023\/05\/planner.jpg","type":"image\/jpeg"}],"author":"Carina Reifonas","twitter_card":"summary_large_image","twitter_misc":{"Escrito por":"Carina Reifonas","Est. tempo de leitura":"1 minuto"},"schema":{"@context":"https:\/\/schema.org","@graph":[{"@type":"Article","@id":"https:\/\/redenoticiaz.com.br\/litoralsp\/2023\/05\/06\/nova-serie-planners-chega-ao-streamings-em-maio-com-estrela-do-elenco-argentino#article","isPartOf":{"@id":"https:\/\/redenoticiaz.com.br\/litoralsp\/2023\/05\/06\/nova-serie-planners-chega-ao-streamings-em-maio-com-estrela-do-elenco-argentino"},"author":{"name":"Carina Reifonas","@id":"https:\/\/redenoticiaz.com.br\/litoralsp\/#\/schema\/person\/1f84d6e94e6a62d2d81199d7503e9e90"},"headline":"Nova s\u00e9rie Planners chega ao streamings em maio com estrelas do elenco argentino","datePublished":"2023-05-06T19:00:02+00:00","mainEntityOfPage":{"@id":"https:\/\/redenoticiaz.com.br\/litoralsp\/2023\/05\/06\/nova-serie-planners-chega-ao-streamings-em-maio-com-estrela-do-elenco-argentino"},"wordCount":206,"commentCount":0,"publisher":{"@id":"https:\/\/redenoticiaz.com.br\/litoralsp\/#organization"},"image":{"@id":"https:\/\/redenoticiaz.com.br\/litoralsp\/2023\/05\/06\/nova-serie-planners-chega-ao-streamings-em-maio-com-estrela-do-elenco-argentino#primaryimage"},"thumbnailUrl":"https:\/\/redenoticiaz.com.br\/litoralsp\/wp-content\/uploads\/sites\/3\/2023\/05\/planner.jpg","keywords":["Argentina","COM\u00c9DIA","Planners","S\u00c9RIE","TRAILER"],"articleSection":["C\u00e2mera Z","Cultura","Entretenimento"],"inLanguage":"pt-BR","potentialAction":[{"@type":"CommentAction","name":"Comment","target":["https:\/\/redenoticiaz.com.br\/litoralsp\/2023\/05\/06\/nova-serie-planners-chega-ao-streamings-em-maio-com-estrela-do-elenco-argentino#respond"]}]},{"@type":"WebPage","@id":"https:\/\/redenoticiaz.com.br\/litoralsp\/2023\/05\/06\/nova-serie-planners-chega-ao-streamings-em-maio-com-estrela-do-elenco-argentino","url":"https:\/\/redenoticiaz.com.br\/litoralsp\/2023\/05\/06\/nova-serie-planners-chega-ao-streamings-em-maio-com-estrela-do-elenco-argentino","name":"Nova s\u00e9rie Planners chega ao streamings em maio com estrelas do elenco argentino - Litoral SP","isPartOf":{"@id":"https:\/\/redenoticiaz.com.br\/litoralsp\/#website"},"primaryImageOfPage":{"@id":"https:\/\/redenoticiaz.com.br\/litoralsp\/2023\/05\/06\/nova-serie-planners-chega-ao-streamings-em-maio-com-estrela-do-elenco-argentino#primaryimage"},"image":{"@id":"https:\/\/redenoticiaz.com.br\/litoralsp\/2023\/05\/06\/nova-serie-planners-chega-ao-streamings-em-maio-com-estrela-do-elenco-argentino#primaryimage"},"thumbnailUrl":"https:\/\/redenoticiaz.com.br\/litoralsp\/wp-content\/uploads\/sites\/3\/2023\/05\/planner.jpg","datePublished":"2023-05-06T19:00:02+00:00","description":"A nova s\u00e9rie de com\u00e9dia dram\u00e1tica, \"Planners\", chegar\u00e1 ao Star+ na Am\u00e9rica Latina e aos streamings da Disney em todo o mundo","inLanguage":"pt-BR","potentialAction":[{"@type":"ReadAction","target":["https:\/\/redenoticiaz.com.br\/litoralsp\/2023\/05\/06\/nova-serie-planners-chega-ao-streamings-em-maio-com-estrela-do-elenco-argentino"]}]},{"@type":"ImageObject","inLanguage":"pt-BR","@id":"https:\/\/redenoticiaz.com.br\/litoralsp\/2023\/05\/06\/nova-serie-planners-chega-ao-streamings-em-maio-com-estrela-do-elenco-argentino#primaryimage","url":"https:\/\/redenoticiaz.com.br\/litoralsp\/wp-content\/uploads\/sites\/3\/2023\/05\/planner.jpg","contentUrl":"https:\/\/redenoticiaz.com.br\/litoralsp\/wp-content\/uploads\/sites\/3\/2023\/05\/planner.jpg","width":640,"height":577,"caption":"Nova s\u00e9rie Planners chega ao streamings em maio. Cr\u00e9dito: Divulga\u00e7\u00e3o\/ Star+"},{"@type":"WebSite","@id":"https:\/\/redenoticiaz.com.br\/litoralsp\/#website","url":"https:\/\/redenoticiaz.com.br\/litoralsp\/","name":"Litoral SP","description":"Rede NoticiaZ","publisher":{"@id":"https:\/\/redenoticiaz.com.br\/litoralsp\/#organization"},"potentialAction":[{"@type":"SearchAction","target":{"@type":"EntryPoint","urlTemplate":"https:\/\/redenoticiaz.com.br\/litoralsp\/?s={search_term_string}"},"query-input":{"@type":"PropertyValueSpecification","valueRequired":true,"valueName":"search_term_string"}}],"inLanguage":"pt-BR"},{"@type":"Organization","@id":"https:\/\/redenoticiaz.com.br\/litoralsp\/#organization","name":"Litoral SP","url":"https:\/\/redenoticiaz.com.br\/litoralsp\/","logo":{"@type":"ImageObject","inLanguage":"pt-BR","@id":"https:\/\/redenoticiaz.com.br\/litoralsp\/#\/schema\/logo\/image\/","url":"https:\/\/redenoticiaz.com.br\/litoralsp\/wp-content\/uploads\/sites\/3\/2020\/11\/logo.jpg","contentUrl":"https:\/\/redenoticiaz.com.br\/litoralsp\/wp-content\/uploads\/sites\/3\/2020\/11\/logo.jpg","width":400,"height":250,"caption":"Litoral SP"},"image":{"@id":"https:\/\/redenoticiaz.com.br\/litoralsp\/#\/schema\/logo\/image\/"}},{"@type":"Person","@id":"https:\/\/redenoticiaz.com.br\/litoralsp\/#\/schema\/person\/1f84d6e94e6a62d2d81199d7503e9e90","name":"Carina Reifonas","image":{"@type":"ImageObject","inLanguage":"pt-BR","@id":"https:\/\/secure.gravatar.com\/avatar\/04c59859b23696cf867715880f81d5c037e60109730bdb4e6670ec2a2245bc97?s=96&d=mm&r=g","url":"https:\/\/secure.gravatar.com\/avatar\/04c59859b23696cf867715880f81d5c037e60109730bdb4e6670ec2a2245bc97?s=96&d=mm&r=g","contentUrl":"https:\/\/secure.gravatar.com\/avatar\/04c59859b23696cf867715880f81d5c037e60109730bdb4e6670ec2a2245bc97?s=96&d=mm&r=g","caption":"Carina Reifonas"},"url":"https:\/\/redenoticiaz.com.br\/litoralsp\/author\/carinareifonas"}]}},"_links":{"self":[{"href":"https:\/\/redenoticiaz.com.br\/litoralsp\/wp-json\/wp\/v2\/posts\/105089","targetHints":{"allow":["GET"]}}],"collection":[{"href":"https:\/\/redenoticiaz.com.br\/litoralsp\/wp-json\/wp\/v2\/posts"}],"about":[{"href":"https:\/\/redenoticiaz.com.br\/litoralsp\/wp-json\/wp\/v2\/types\/post"}],"author":[{"embeddable":true,"href":"https:\/\/redenoticiaz.com.br\/litoralsp\/wp-json\/wp\/v2\/users\/30"}],"replies":[{"embeddable":true,"href":"https:\/\/redenoticiaz.com.br\/litoralsp\/wp-json\/wp\/v2\/comments?post=105089"}],"version-history":[{"count":0,"href":"https:\/\/redenoticiaz.com.br\/litoralsp\/wp-json\/wp\/v2\/posts\/105089\/revisions"}],"wp:featuredmedia":[{"embeddable":true,"href":"https:\/\/redenoticiaz.com.br\/litoralsp\/wp-json\/wp\/v2\/media\/105090"}],"wp:attachment":[{"href":"https:\/\/redenoticiaz.com.br\/litoralsp\/wp-json\/wp\/v2\/media?parent=105089"}],"wp:term":[{"taxonomy":"category","embeddable":true,"href":"https:\/\/redenoticiaz.com.br\/litoralsp\/wp-json\/wp\/v2\/categories?post=105089"},{"taxonomy":"post_tag","embeddable":true,"href":"https:\/\/redenoticiaz.com.br\/litoralsp\/wp-json\/wp\/v2\/tags?post=105089"}],"curies":[{"name":"wp","href":"https:\/\/api.w.org\/{rel}","templated":true}]}}