{"id":105121,"date":"2023-05-04T11:55:58","date_gmt":"2023-05-04T14:55:58","guid":{"rendered":"https:\/\/redenoticiaz.com.br\/litoralsp\/?p=105121"},"modified":"2023-05-04T11:55:58","modified_gmt":"2023-05-04T14:55:58","slug":"navio-que-esteve-envolvido-no-derramamento-de-200-litros-de-combustivel-no-porto-de-santos-e-liberado","status":"publish","type":"post","link":"https:\/\/redenoticiaz.com.br\/litoralsp\/2023\/05\/04\/navio-que-esteve-envolvido-no-derramamento-de-200-litros-de-combustivel-no-porto-de-santos-e-liberado","title":{"rendered":"Navio que esteve envolvido no derramamento de 200 litros de combust\u00edvel no Porto de Santos \u00e9 liberado"},"content":{"rendered":"<div id=\"chunk-6i433\">\n<div class=\"mc-column content-text active-extra-styles \" data-block-type=\"unstyled\" data-block-weight=\"41\" data-block-id=\"3\">\n<p class=\"content-text__container \" data-track-category=\"Link no Texto\" data-track-links=\"\">O navio que se envolveu no <strong>derramamento de 200 litros de \u00f3leo<\/strong> durante abastecimento no Porto de Santos, foi liberado pelas autoridades. A embarca\u00e7\u00e3o estava carregada de a\u00e7\u00facar a granel e foi liberado na quarta-feira (3).<\/p>\n<\/div>\n<\/div>\n<div class=\"wall protected-content\">\n<div id=\"chunk-6kbic\">\n<div class=\"mc-column content-text active-extra-styles \" data-block-type=\"unstyled\" data-block-weight=\"42\" data-block-id=\"4\">\n<p class=\"content-text__container \" data-track-category=\"Link no Texto\" data-track-links=\"\">A Autoridade Portu\u00e1ria de Santos (APS) informou que a libera\u00e7\u00e3o foi aprovada ap\u00f3s uma vistoria conjunta com o Instituto Brasileiro do Meio Ambiente e dos Recursos Naturais Renov\u00e1veis (Ibama) e Companhia Ambiental do Estado de S\u00e3o Paulo (Cetesb).<\/p>\n<\/div>\n<\/div>\n<div id=\"chunk-5q5pv\">\n<div class=\"mc-column content-text active-extra-styles \" data-block-type=\"unstyled\" data-block-weight=\"44\" data-block-id=\"5\">\n<p class=\"content-text__container \" data-track-category=\"Link no Texto\" data-track-links=\"\">Ainda segundo a APS, a empresa respons\u00e1vel pelo navio foi obrigada a realizar a limpeza da murada e das defensas [instaladas no cais e absorvem o impacto no contato das embarca\u00e7\u00f5es] ap\u00f3s a desatraca\u00e7\u00e3o. O trabalho precisou ser realizado antes que outra embarca\u00e7\u00e3o atracasse.<\/p>\n<\/div>\n<\/div>\n<div id=\"chunk-a6530\">\n<div class=\"content-ads content-ads--reveal\" data-block-type=\"ads\" data-block-id=\"6\">\n<div id=\"banner_materia2\" class=\"tag-manager-publicidade-container mc-has-reveal mc-has-ad-lazyload tag-manager-publicidade-banner_materia2 tag-manager-publicidade-container--carregado tag-manager-publicidade-container--visivel\" data-id=\"banner_materia2\" data-google-query-id=\"CLHEnav02_4CFV-zlQId_wYBDg\">\n<div id=\"google_ads_iframe_\/95377733\/tvg_G1\/Sua_Regiao&gt;Sudeste&gt;Sao_Paulo_(Santos)\/Internas_3__container__\"><\/div>\n<\/div>\n<\/div>\n<\/div>\n<div class=\"mc-column content-text active-extra-styles\" data-block-type=\"raw\" data-block-weight=\"2\" data-block-id=\"7\">\n<div class=\"content-intertitle\">\n<h3>Trabalho interrompido<\/h3>\n<\/div>\n<\/div>\n<div id=\"chunk-4pr9h\">\n<div class=\"mc-column content-text active-extra-styles \" data-block-type=\"unstyled\" data-block-weight=\"18\" data-block-id=\"8\">\n<p class=\"content-text__container \" data-track-category=\"Link no Texto\" data-track-links=\"\">O navio teve o carregamento de a\u00e7\u00facar a granel suspenso na segunda-feira (1), quando o derramamento aconteceu.<\/p>\n<\/div>\n<\/div>\n<div id=\"chunk-4t9tc\">\n<div class=\"mc-column content-text active-extra-styles \" data-block-type=\"unstyled\" data-block-weight=\"54\" data-block-id=\"9\">\n<p class=\"content-text__container \" data-track-category=\"Link no Texto\" data-track-links=\"\">De acordo com a Cetesb, a empresa respons\u00e1vel pelo abastecimento isolou a \u00e1rea do navio com boias, que, ao mesmo tempo que absorveram o \u00f3leo, impediram que o combust\u00edvel se espalhasse. O caso aconteceu entre os armaz\u00e9ns 20 e 21, na margem direita, que fica do lado de Santos, pr\u00f3ximo ao bairro do Paquet\u00e1.<\/p>\n<\/div>\n<\/div>\n<div id=\"chunk-be8d8\">\n<div class=\"mc-column content-text active-extra-styles \" data-block-type=\"unstyled\" data-block-weight=\"22\" data-block-id=\"10\">\n<p class=\"content-text__container \" data-track-category=\"Link no Texto\" data-track-links=\"\">A Marinha do Brasil informou que abrir\u00e1 um inqu\u00e9rito administrativo para entender as causas do acidente e identificar os respons\u00e1veis pela ocorr\u00eancia.<\/p>\n<p data-track-category=\"Link no Texto\" data-track-links=\"\"><strong>LEIA TAMB\u00c9M<\/strong><\/p>\n<p data-track-category=\"Link no Texto\" data-track-links=\"\"><a href=\"https:\/\/redenoticiaz.com.br\/litoralsp\/2023\/05\/02\/falha-em-abastecimento-de-navio-resulta-em-200-litros-de-combustivel-derramado-no-mar\">Falha em abastecimento de Navio resulta em 200 litros de combust\u00edvel derramado no mar<\/a><\/p>\n<\/div>\n<\/div>\n<\/div>\n","protected":false},"excerpt":{"rendered":"<p>O navio que se envolveu no derramamento de 200 litros de \u00f3leo durante abastecimento no Porto de Santos, foi liberado pelas autoridades. A embarca\u00e7\u00e3o estava carregada de a\u00e7\u00facar a granel e foi liberado na quarta-feira (3). A Autoridade Portu\u00e1ria de Santos (APS) informou que a libera\u00e7\u00e3o foi aprovada ap\u00f3s uma vistoria conjunta com o Instituto &hellip;<\/p>\n","protected":false},"author":6,"featured_media":105122,"comment_status":"open","ping_status":"closed","sticky":false,"template":"","format":"standard","meta":{"footnotes":""},"categories":[18537,180],"tags":[64944,8783,64943,11496,17543,74,986],"class_list":["post-105121","post","type-post","status-publish","format-standard","has-post-thumbnail","hentry","category-porto","category-santos","tag-autoridade-portuaria-de-santos","tag-cetesb","tag-derramamento-de-oleo","tag-ibama","tag-navio","tag-porto-de-santos","tag-santos"],"yoast_head":"<!-- This site is optimized with the Yoast SEO plugin v27.4 - https:\/\/yoast.com\/product\/yoast-seo-wordpress\/ -->\n<title>Navio que esteve envolvido no derramamento de 200 litros de combust\u00edvel no Porto de Santos \u00e9 liberado - Litoral SP<\/title>\n<meta name=\"description\" content=\"O navio que se envolveu no derramamento de 200 litros de \u00f3leo durante abastecimento no Porto de Santos, foi liberado pelas\" \/>\n<meta name=\"robots\" content=\"index, follow, max-snippet:-1, max-image-preview:large, max-video-preview:-1\" \/>\n<link rel=\"canonical\" href=\"https:\/\/redenoticiaz.com.br\/litoralsp\/2023\/05\/04\/navio-que-esteve-envolvido-no-derramamento-de-200-litros-de-combustivel-no-porto-de-santos-e-liberado\" \/>\n<meta property=\"og:locale\" content=\"pt_BR\" \/>\n<meta property=\"og:type\" content=\"article\" \/>\n<meta property=\"og:title\" content=\"Navio que esteve envolvido no derramamento de 200 litros de combust\u00edvel no Porto de Santos \u00e9 liberado - Litoral SP\" \/>\n<meta property=\"og:description\" content=\"O navio que se envolveu no derramamento de 200 litros de \u00f3leo durante abastecimento no Porto de Santos, foi liberado pelas\" \/>\n<meta property=\"og:url\" content=\"https:\/\/redenoticiaz.com.br\/litoralsp\/2023\/05\/04\/navio-que-esteve-envolvido-no-derramamento-de-200-litros-de-combustivel-no-porto-de-santos-e-liberado\" \/>\n<meta property=\"og:site_name\" content=\"Litoral SP\" \/>\n<meta property=\"article:published_time\" content=\"2023-05-04T14:55:58+00:00\" \/>\n<meta property=\"og:image\" content=\"https:\/\/redenoticiaz.com.br\/litoralsp\/wp-content\/uploads\/sites\/3\/2023\/05\/NAVIO.jpg\" \/>\n\t<meta property=\"og:image:width\" content=\"553\" \/>\n\t<meta property=\"og:image:height\" content=\"379\" \/>\n\t<meta property=\"og:image:type\" content=\"image\/jpeg\" \/>\n<meta name=\"author\" content=\"Leonardo Francisco\" \/>\n<meta name=\"twitter:card\" content=\"summary_large_image\" \/>\n<meta name=\"twitter:label1\" content=\"Escrito por\" \/>\n\t<meta name=\"twitter:data1\" content=\"Leonardo Francisco\" \/>\n\t<meta name=\"twitter:label2\" content=\"Est. tempo de leitura\" \/>\n\t<meta name=\"twitter:data2\" content=\"2 minutos\" \/>\n<script type=\"application\/ld+json\" class=\"yoast-schema-graph\">{\"@context\":\"https:\\\/\\\/schema.org\",\"@graph\":[{\"@type\":\"Article\",\"@id\":\"https:\\\/\\\/redenoticiaz.com.br\\\/litoralsp\\\/2023\\\/05\\\/04\\\/navio-que-esteve-envolvido-no-derramamento-de-200-litros-de-combustivel-no-porto-de-santos-e-liberado#article\",\"isPartOf\":{\"@id\":\"https:\\\/\\\/redenoticiaz.com.br\\\/litoralsp\\\/2023\\\/05\\\/04\\\/navio-que-esteve-envolvido-no-derramamento-de-200-litros-de-combustivel-no-porto-de-santos-e-liberado\"},\"author\":{\"name\":\"Leonardo Francisco\",\"@id\":\"https:\\\/\\\/redenoticiaz.com.br\\\/litoralsp\\\/#\\\/schema\\\/person\\\/0f0b8a5bdafefe82841e07ae8d81ecb3\"},\"headline\":\"Navio que esteve envolvido no derramamento de 200 litros de combust\u00edvel no Porto de Santos \u00e9 liberado\",\"datePublished\":\"2023-05-04T14:55:58+00:00\",\"mainEntityOfPage\":{\"@id\":\"https:\\\/\\\/redenoticiaz.com.br\\\/litoralsp\\\/2023\\\/05\\\/04\\\/navio-que-esteve-envolvido-no-derramamento-de-200-litros-de-combustivel-no-porto-de-santos-e-liberado\"},\"wordCount\":261,\"commentCount\":0,\"publisher\":{\"@id\":\"https:\\\/\\\/redenoticiaz.com.br\\\/litoralsp\\\/#organization\"},\"image\":{\"@id\":\"https:\\\/\\\/redenoticiaz.com.br\\\/litoralsp\\\/2023\\\/05\\\/04\\\/navio-que-esteve-envolvido-no-derramamento-de-200-litros-de-combustivel-no-porto-de-santos-e-liberado#primaryimage\"},\"thumbnailUrl\":\"https:\\\/\\\/redenoticiaz.com.br\\\/litoralsp\\\/wp-content\\\/uploads\\\/sites\\\/3\\\/2023\\\/05\\\/NAVIO.jpg\",\"keywords\":[\"AUTORIDADE PORTU\u00c1RIA DE SANTOS\",\"CETESB\",\"DERRAMAMENTO DE \u00d3LEO\",\"IBAMA\",\"NAVIO\",\"porto de santos\",\"Santos\"],\"articleSection\":[\"Porto\",\"Santos\"],\"inLanguage\":\"pt-BR\",\"potentialAction\":[{\"@type\":\"CommentAction\",\"name\":\"Comment\",\"target\":[\"https:\\\/\\\/redenoticiaz.com.br\\\/litoralsp\\\/2023\\\/05\\\/04\\\/navio-que-esteve-envolvido-no-derramamento-de-200-litros-de-combustivel-no-porto-de-santos-e-liberado#respond\"]}]},{\"@type\":\"WebPage\",\"@id\":\"https:\\\/\\\/redenoticiaz.com.br\\\/litoralsp\\\/2023\\\/05\\\/04\\\/navio-que-esteve-envolvido-no-derramamento-de-200-litros-de-combustivel-no-porto-de-santos-e-liberado\",\"url\":\"https:\\\/\\\/redenoticiaz.com.br\\\/litoralsp\\\/2023\\\/05\\\/04\\\/navio-que-esteve-envolvido-no-derramamento-de-200-litros-de-combustivel-no-porto-de-santos-e-liberado\",\"name\":\"Navio que esteve envolvido no derramamento de 200 litros de combust\u00edvel no Porto de Santos \u00e9 liberado - Litoral SP\",\"isPartOf\":{\"@id\":\"https:\\\/\\\/redenoticiaz.com.br\\\/litoralsp\\\/#website\"},\"primaryImageOfPage\":{\"@id\":\"https:\\\/\\\/redenoticiaz.com.br\\\/litoralsp\\\/2023\\\/05\\\/04\\\/navio-que-esteve-envolvido-no-derramamento-de-200-litros-de-combustivel-no-porto-de-santos-e-liberado#primaryimage\"},\"image\":{\"@id\":\"https:\\\/\\\/redenoticiaz.com.br\\\/litoralsp\\\/2023\\\/05\\\/04\\\/navio-que-esteve-envolvido-no-derramamento-de-200-litros-de-combustivel-no-porto-de-santos-e-liberado#primaryimage\"},\"thumbnailUrl\":\"https:\\\/\\\/redenoticiaz.com.br\\\/litoralsp\\\/wp-content\\\/uploads\\\/sites\\\/3\\\/2023\\\/05\\\/NAVIO.jpg\",\"datePublished\":\"2023-05-04T14:55:58+00:00\",\"description\":\"O navio que se envolveu no derramamento de 200 litros de \u00f3leo durante abastecimento no Porto de Santos, foi liberado pelas\",\"inLanguage\":\"pt-BR\",\"potentialAction\":[{\"@type\":\"ReadAction\",\"target\":[\"https:\\\/\\\/redenoticiaz.com.br\\\/litoralsp\\\/2023\\\/05\\\/04\\\/navio-que-esteve-envolvido-no-derramamento-de-200-litros-de-combustivel-no-porto-de-santos-e-liberado\"]}]},{\"@type\":\"ImageObject\",\"inLanguage\":\"pt-BR\",\"@id\":\"https:\\\/\\\/redenoticiaz.com.br\\\/litoralsp\\\/2023\\\/05\\\/04\\\/navio-que-esteve-envolvido-no-derramamento-de-200-litros-de-combustivel-no-porto-de-santos-e-liberado#primaryimage\",\"url\":\"https:\\\/\\\/redenoticiaz.com.br\\\/litoralsp\\\/wp-content\\\/uploads\\\/sites\\\/3\\\/2023\\\/05\\\/NAVIO.jpg\",\"contentUrl\":\"https:\\\/\\\/redenoticiaz.com.br\\\/litoralsp\\\/wp-content\\\/uploads\\\/sites\\\/3\\\/2023\\\/05\\\/NAVIO.jpg\",\"width\":553,\"height\":379,\"caption\":\"Cr\u00e9ditos: Reprodu\u00e7\u00e3o\"},{\"@type\":\"WebSite\",\"@id\":\"https:\\\/\\\/redenoticiaz.com.br\\\/litoralsp\\\/#website\",\"url\":\"https:\\\/\\\/redenoticiaz.com.br\\\/litoralsp\\\/\",\"name\":\"Litoral SP\",\"description\":\"Rede NoticiaZ\",\"publisher\":{\"@id\":\"https:\\\/\\\/redenoticiaz.com.br\\\/litoralsp\\\/#organization\"},\"potentialAction\":[{\"@type\":\"SearchAction\",\"target\":{\"@type\":\"EntryPoint\",\"urlTemplate\":\"https:\\\/\\\/redenoticiaz.com.br\\\/litoralsp\\\/?s={search_term_string}\"},\"query-input\":{\"@type\":\"PropertyValueSpecification\",\"valueRequired\":true,\"valueName\":\"search_term_string\"}}],\"inLanguage\":\"pt-BR\"},{\"@type\":\"Organization\",\"@id\":\"https:\\\/\\\/redenoticiaz.com.br\\\/litoralsp\\\/#organization\",\"name\":\"Litoral SP\",\"url\":\"https:\\\/\\\/redenoticiaz.com.br\\\/litoralsp\\\/\",\"logo\":{\"@type\":\"ImageObject\",\"inLanguage\":\"pt-BR\",\"@id\":\"https:\\\/\\\/redenoticiaz.com.br\\\/litoralsp\\\/#\\\/schema\\\/logo\\\/image\\\/\",\"url\":\"https:\\\/\\\/redenoticiaz.com.br\\\/litoralsp\\\/wp-content\\\/uploads\\\/sites\\\/3\\\/2020\\\/11\\\/logo.jpg\",\"contentUrl\":\"https:\\\/\\\/redenoticiaz.com.br\\\/litoralsp\\\/wp-content\\\/uploads\\\/sites\\\/3\\\/2020\\\/11\\\/logo.jpg\",\"width\":400,\"height\":250,\"caption\":\"Litoral SP\"},\"image\":{\"@id\":\"https:\\\/\\\/redenoticiaz.com.br\\\/litoralsp\\\/#\\\/schema\\\/logo\\\/image\\\/\"}},{\"@type\":\"Person\",\"@id\":\"https:\\\/\\\/redenoticiaz.com.br\\\/litoralsp\\\/#\\\/schema\\\/person\\\/0f0b8a5bdafefe82841e07ae8d81ecb3\",\"name\":\"Leonardo Francisco\",\"image\":{\"@type\":\"ImageObject\",\"inLanguage\":\"pt-BR\",\"@id\":\"https:\\\/\\\/secure.gravatar.com\\\/avatar\\\/a7358cb406a99b682ec6df1e77e31ae82e63601f6784e8a3df411d72b37864da?s=96&d=mm&r=g\",\"url\":\"https:\\\/\\\/secure.gravatar.com\\\/avatar\\\/a7358cb406a99b682ec6df1e77e31ae82e63601f6784e8a3df411d72b37864da?s=96&d=mm&r=g\",\"contentUrl\":\"https:\\\/\\\/secure.gravatar.com\\\/avatar\\\/a7358cb406a99b682ec6df1e77e31ae82e63601f6784e8a3df411d72b37864da?s=96&d=mm&r=g\",\"caption\":\"Leonardo Francisco\"},\"url\":\"https:\\\/\\\/redenoticiaz.com.br\\\/litoralsp\\\/author\\\/leonardo-francisco\"}]}<\/script>\n<!-- \/ Yoast SEO plugin. -->","yoast_head_json":{"title":"Navio que esteve envolvido no derramamento de 200 litros de combust\u00edvel no Porto de Santos \u00e9 liberado - Litoral SP","description":"O navio que se envolveu no derramamento de 200 litros de \u00f3leo durante abastecimento no Porto de Santos, foi liberado pelas","robots":{"index":"index","follow":"follow","max-snippet":"max-snippet:-1","max-image-preview":"max-image-preview:large","max-video-preview":"max-video-preview:-1"},"canonical":"https:\/\/redenoticiaz.com.br\/litoralsp\/2023\/05\/04\/navio-que-esteve-envolvido-no-derramamento-de-200-litros-de-combustivel-no-porto-de-santos-e-liberado","og_locale":"pt_BR","og_type":"article","og_title":"Navio que esteve envolvido no derramamento de 200 litros de combust\u00edvel no Porto de Santos \u00e9 liberado - Litoral SP","og_description":"O navio que se envolveu no derramamento de 200 litros de \u00f3leo durante abastecimento no Porto de Santos, foi liberado pelas","og_url":"https:\/\/redenoticiaz.com.br\/litoralsp\/2023\/05\/04\/navio-que-esteve-envolvido-no-derramamento-de-200-litros-de-combustivel-no-porto-de-santos-e-liberado","og_site_name":"Litoral SP","article_published_time":"2023-05-04T14:55:58+00:00","og_image":[{"width":553,"height":379,"url":"https:\/\/redenoticiaz.com.br\/litoralsp\/wp-content\/uploads\/sites\/3\/2023\/05\/NAVIO.jpg","type":"image\/jpeg"}],"author":"Leonardo Francisco","twitter_card":"summary_large_image","twitter_misc":{"Escrito por":"Leonardo Francisco","Est. tempo de leitura":"2 minutos"},"schema":{"@context":"https:\/\/schema.org","@graph":[{"@type":"Article","@id":"https:\/\/redenoticiaz.com.br\/litoralsp\/2023\/05\/04\/navio-que-esteve-envolvido-no-derramamento-de-200-litros-de-combustivel-no-porto-de-santos-e-liberado#article","isPartOf":{"@id":"https:\/\/redenoticiaz.com.br\/litoralsp\/2023\/05\/04\/navio-que-esteve-envolvido-no-derramamento-de-200-litros-de-combustivel-no-porto-de-santos-e-liberado"},"author":{"name":"Leonardo Francisco","@id":"https:\/\/redenoticiaz.com.br\/litoralsp\/#\/schema\/person\/0f0b8a5bdafefe82841e07ae8d81ecb3"},"headline":"Navio que esteve envolvido no derramamento de 200 litros de combust\u00edvel no Porto de Santos \u00e9 liberado","datePublished":"2023-05-04T14:55:58+00:00","mainEntityOfPage":{"@id":"https:\/\/redenoticiaz.com.br\/litoralsp\/2023\/05\/04\/navio-que-esteve-envolvido-no-derramamento-de-200-litros-de-combustivel-no-porto-de-santos-e-liberado"},"wordCount":261,"commentCount":0,"publisher":{"@id":"https:\/\/redenoticiaz.com.br\/litoralsp\/#organization"},"image":{"@id":"https:\/\/redenoticiaz.com.br\/litoralsp\/2023\/05\/04\/navio-que-esteve-envolvido-no-derramamento-de-200-litros-de-combustivel-no-porto-de-santos-e-liberado#primaryimage"},"thumbnailUrl":"https:\/\/redenoticiaz.com.br\/litoralsp\/wp-content\/uploads\/sites\/3\/2023\/05\/NAVIO.jpg","keywords":["AUTORIDADE PORTU\u00c1RIA DE SANTOS","CETESB","DERRAMAMENTO DE \u00d3LEO","IBAMA","NAVIO","porto de santos","Santos"],"articleSection":["Porto","Santos"],"inLanguage":"pt-BR","potentialAction":[{"@type":"CommentAction","name":"Comment","target":["https:\/\/redenoticiaz.com.br\/litoralsp\/2023\/05\/04\/navio-que-esteve-envolvido-no-derramamento-de-200-litros-de-combustivel-no-porto-de-santos-e-liberado#respond"]}]},{"@type":"WebPage","@id":"https:\/\/redenoticiaz.com.br\/litoralsp\/2023\/05\/04\/navio-que-esteve-envolvido-no-derramamento-de-200-litros-de-combustivel-no-porto-de-santos-e-liberado","url":"https:\/\/redenoticiaz.com.br\/litoralsp\/2023\/05\/04\/navio-que-esteve-envolvido-no-derramamento-de-200-litros-de-combustivel-no-porto-de-santos-e-liberado","name":"Navio que esteve envolvido no derramamento de 200 litros de combust\u00edvel no Porto de Santos \u00e9 liberado - Litoral SP","isPartOf":{"@id":"https:\/\/redenoticiaz.com.br\/litoralsp\/#website"},"primaryImageOfPage":{"@id":"https:\/\/redenoticiaz.com.br\/litoralsp\/2023\/05\/04\/navio-que-esteve-envolvido-no-derramamento-de-200-litros-de-combustivel-no-porto-de-santos-e-liberado#primaryimage"},"image":{"@id":"https:\/\/redenoticiaz.com.br\/litoralsp\/2023\/05\/04\/navio-que-esteve-envolvido-no-derramamento-de-200-litros-de-combustivel-no-porto-de-santos-e-liberado#primaryimage"},"thumbnailUrl":"https:\/\/redenoticiaz.com.br\/litoralsp\/wp-content\/uploads\/sites\/3\/2023\/05\/NAVIO.jpg","datePublished":"2023-05-04T14:55:58+00:00","description":"O navio que se envolveu no derramamento de 200 litros de \u00f3leo durante abastecimento no Porto de Santos, foi liberado pelas","inLanguage":"pt-BR","potentialAction":[{"@type":"ReadAction","target":["https:\/\/redenoticiaz.com.br\/litoralsp\/2023\/05\/04\/navio-que-esteve-envolvido-no-derramamento-de-200-litros-de-combustivel-no-porto-de-santos-e-liberado"]}]},{"@type":"ImageObject","inLanguage":"pt-BR","@id":"https:\/\/redenoticiaz.com.br\/litoralsp\/2023\/05\/04\/navio-que-esteve-envolvido-no-derramamento-de-200-litros-de-combustivel-no-porto-de-santos-e-liberado#primaryimage","url":"https:\/\/redenoticiaz.com.br\/litoralsp\/wp-content\/uploads\/sites\/3\/2023\/05\/NAVIO.jpg","contentUrl":"https:\/\/redenoticiaz.com.br\/litoralsp\/wp-content\/uploads\/sites\/3\/2023\/05\/NAVIO.jpg","width":553,"height":379,"caption":"Cr\u00e9ditos: Reprodu\u00e7\u00e3o"},{"@type":"WebSite","@id":"https:\/\/redenoticiaz.com.br\/litoralsp\/#website","url":"https:\/\/redenoticiaz.com.br\/litoralsp\/","name":"Litoral SP","description":"Rede NoticiaZ","publisher":{"@id":"https:\/\/redenoticiaz.com.br\/litoralsp\/#organization"},"potentialAction":[{"@type":"SearchAction","target":{"@type":"EntryPoint","urlTemplate":"https:\/\/redenoticiaz.com.br\/litoralsp\/?s={search_term_string}"},"query-input":{"@type":"PropertyValueSpecification","valueRequired":true,"valueName":"search_term_string"}}],"inLanguage":"pt-BR"},{"@type":"Organization","@id":"https:\/\/redenoticiaz.com.br\/litoralsp\/#organization","name":"Litoral SP","url":"https:\/\/redenoticiaz.com.br\/litoralsp\/","logo":{"@type":"ImageObject","inLanguage":"pt-BR","@id":"https:\/\/redenoticiaz.com.br\/litoralsp\/#\/schema\/logo\/image\/","url":"https:\/\/redenoticiaz.com.br\/litoralsp\/wp-content\/uploads\/sites\/3\/2020\/11\/logo.jpg","contentUrl":"https:\/\/redenoticiaz.com.br\/litoralsp\/wp-content\/uploads\/sites\/3\/2020\/11\/logo.jpg","width":400,"height":250,"caption":"Litoral SP"},"image":{"@id":"https:\/\/redenoticiaz.com.br\/litoralsp\/#\/schema\/logo\/image\/"}},{"@type":"Person","@id":"https:\/\/redenoticiaz.com.br\/litoralsp\/#\/schema\/person\/0f0b8a5bdafefe82841e07ae8d81ecb3","name":"Leonardo Francisco","image":{"@type":"ImageObject","inLanguage":"pt-BR","@id":"https:\/\/secure.gravatar.com\/avatar\/a7358cb406a99b682ec6df1e77e31ae82e63601f6784e8a3df411d72b37864da?s=96&d=mm&r=g","url":"https:\/\/secure.gravatar.com\/avatar\/a7358cb406a99b682ec6df1e77e31ae82e63601f6784e8a3df411d72b37864da?s=96&d=mm&r=g","contentUrl":"https:\/\/secure.gravatar.com\/avatar\/a7358cb406a99b682ec6df1e77e31ae82e63601f6784e8a3df411d72b37864da?s=96&d=mm&r=g","caption":"Leonardo Francisco"},"url":"https:\/\/redenoticiaz.com.br\/litoralsp\/author\/leonardo-francisco"}]}},"_links":{"self":[{"href":"https:\/\/redenoticiaz.com.br\/litoralsp\/wp-json\/wp\/v2\/posts\/105121","targetHints":{"allow":["GET"]}}],"collection":[{"href":"https:\/\/redenoticiaz.com.br\/litoralsp\/wp-json\/wp\/v2\/posts"}],"about":[{"href":"https:\/\/redenoticiaz.com.br\/litoralsp\/wp-json\/wp\/v2\/types\/post"}],"author":[{"embeddable":true,"href":"https:\/\/redenoticiaz.com.br\/litoralsp\/wp-json\/wp\/v2\/users\/6"}],"replies":[{"embeddable":true,"href":"https:\/\/redenoticiaz.com.br\/litoralsp\/wp-json\/wp\/v2\/comments?post=105121"}],"version-history":[{"count":1,"href":"https:\/\/redenoticiaz.com.br\/litoralsp\/wp-json\/wp\/v2\/posts\/105121\/revisions"}],"predecessor-version":[{"id":105123,"href":"https:\/\/redenoticiaz.com.br\/litoralsp\/wp-json\/wp\/v2\/posts\/105121\/revisions\/105123"}],"wp:featuredmedia":[{"embeddable":true,"href":"https:\/\/redenoticiaz.com.br\/litoralsp\/wp-json\/wp\/v2\/media\/105122"}],"wp:attachment":[{"href":"https:\/\/redenoticiaz.com.br\/litoralsp\/wp-json\/wp\/v2\/media?parent=105121"}],"wp:term":[{"taxonomy":"category","embeddable":true,"href":"https:\/\/redenoticiaz.com.br\/litoralsp\/wp-json\/wp\/v2\/categories?post=105121"},{"taxonomy":"post_tag","embeddable":true,"href":"https:\/\/redenoticiaz.com.br\/litoralsp\/wp-json\/wp\/v2\/tags?post=105121"}],"curies":[{"name":"wp","href":"https:\/\/api.w.org\/{rel}","templated":true}]}}