{"id":105135,"date":"2023-05-04T16:47:27","date_gmt":"2023-05-04T19:47:27","guid":{"rendered":"https:\/\/redenoticiaz.com.br\/litoralsp\/?p=105135"},"modified":"2023-05-04T16:47:27","modified_gmt":"2023-05-04T19:47:27","slug":"projeto-de-novo-complexo-publico-educacional-e-apresentado-em-santos","status":"publish","type":"post","link":"https:\/\/redenoticiaz.com.br\/litoralsp\/2023\/05\/04\/projeto-de-novo-complexo-publico-educacional-e-apresentado-em-santos","title":{"rendered":"Projeto de novo complexo p\u00fablico educacional \u00e9 apresentado em Santos"},"content":{"rendered":"<p>Projeto de um novo complexo p\u00fablico educacional foi apresentado em Santos na manh\u00e3 desta quinta-feira (4).<\/p>\n<p>O projeto ser\u00e1 realizada na \u00e1rea onde funciona a Unidade Municipal de Educa\u00e7\u00e3o (UME) Edm\u00e9a Ladevig e o antigo Col\u00e9gio Marza, no Gonzaga.<\/p>\n<p>Ainda de acordo com as informa\u00e7\u00f5es, ser\u00e3o 4.800m\u00b2 de \u00e1rea constru\u00edda para atender estudantes que v\u00e3o receber aulas e desenvolver atividades educacionais em tempo integral.<\/p>\n<p>O edital para definir a empresa que far\u00e1 a obra deve ser lan\u00e7ado em julho, com in\u00edcio das obras previsto para 2024.<\/p>\n<p>A \u00e1rea foi comprada pelo Munic\u00edpio em dezembro do ano passado com a meta do Governo Municipal em aumentar o n\u00famero de alunos em tempo integral.<\/p>\n<p>Com o projeto arquitet\u00f4nico pronto, come\u00e7a a elabora\u00e7\u00e3o da planilha de custos que serve de base para preparar o edital de licita\u00e7\u00e3o.<\/p>\n<h4 id=\"menu5\">Reestrutura\u00e7\u00e3o<\/h4>\n<p>O Col\u00e9gio Marza foi fundado no come\u00e7o da d\u00e9cada de 70 e estava fechado h\u00e1 cerca de dez anos e transformar o espa\u00e7o exige uma ampla reestrutura\u00e7\u00e3o.<\/p>\n<p><strong>Leia mais<\/strong><\/p>\n<p><a href=\"https:\/\/redenoticiaz.com.br\/litoralsp\/2023\/05\/04\/navio-que-esteve-envolvido-no-derramamento-de-200-litros-de-combustivel-no-porto-de-santos-e-liberado\">Navio que esteve envolvido no derramamento de 200 litros de combust\u00edvel no Porto de Santos \u00e9 liberado<\/a><\/p>\n","protected":false},"excerpt":{"rendered":"<p>Projeto de um novo complexo p\u00fablico educacional foi apresentado em Santos na manh\u00e3 desta quinta-feira (4). O projeto ser\u00e1 realizada na \u00e1rea onde funciona a Unidade Municipal de Educa\u00e7\u00e3o (UME) Edm\u00e9a Ladevig e o antigo Col\u00e9gio Marza, no Gonzaga. Ainda de acordo com as informa\u00e7\u00f5es, ser\u00e3o 4.800m\u00b2 de \u00e1rea constru\u00edda para atender estudantes que v\u00e3o &hellip;<\/p>\n","protected":false},"author":12,"featured_media":105136,"comment_status":"open","ping_status":"closed","sticky":false,"template":"","format":"standard","meta":{"footnotes":""},"categories":[180],"tags":[64951,18888,64438,986],"class_list":["post-105135","post","type-post","status-publish","format-standard","has-post-thumbnail","hentry","category-santos","tag-colegio-marza","tag-projeto","tag-reestruturacao","tag-santos"],"yoast_head":"<!-- This site is optimized with the Yoast SEO plugin v27.4 - https:\/\/yoast.com\/product\/yoast-seo-wordpress\/ -->\n<title>Projeto de novo complexo p\u00fablico educacional \u00e9 apresentado em Santos - Litoral SP<\/title>\n<meta name=\"description\" content=\"Projeto de um novo complexo p\u00fablico educacional foi apresentado em Santos na manh\u00e3 desta quinta-feira (4).\" \/>\n<meta name=\"robots\" content=\"index, follow, max-snippet:-1, max-image-preview:large, max-video-preview:-1\" \/>\n<link rel=\"canonical\" href=\"https:\/\/redenoticiaz.com.br\/litoralsp\/2023\/05\/04\/projeto-de-novo-complexo-publico-educacional-e-apresentado-em-santos\" \/>\n<meta property=\"og:locale\" content=\"pt_BR\" \/>\n<meta property=\"og:type\" content=\"article\" \/>\n<meta property=\"og:title\" content=\"Projeto de novo complexo p\u00fablico educacional \u00e9 apresentado em Santos - Litoral SP\" \/>\n<meta property=\"og:description\" content=\"Projeto de um novo complexo p\u00fablico educacional foi apresentado em Santos na manh\u00e3 desta quinta-feira (4).\" \/>\n<meta property=\"og:url\" content=\"https:\/\/redenoticiaz.com.br\/litoralsp\/2023\/05\/04\/projeto-de-novo-complexo-publico-educacional-e-apresentado-em-santos\" \/>\n<meta property=\"og:site_name\" content=\"Litoral SP\" \/>\n<meta property=\"article:published_time\" content=\"2023-05-04T19:47:27+00:00\" \/>\n<meta property=\"og:image\" content=\"https:\/\/redenoticiaz.com.br\/litoralsp\/wp-content\/uploads\/sites\/3\/2023\/05\/whatsapp_image_2023-04-20_at_18.36.09_2.jpeg\" \/>\n\t<meta property=\"og:image:width\" content=\"1200\" \/>\n\t<meta property=\"og:image:height\" content=\"675\" \/>\n\t<meta property=\"og:image:type\" content=\"image\/jpeg\" \/>\n<meta name=\"author\" content=\"Gustavo Silva\" \/>\n<meta name=\"twitter:card\" content=\"summary_large_image\" \/>\n<meta name=\"twitter:label1\" content=\"Escrito por\" \/>\n\t<meta name=\"twitter:data1\" content=\"Gustavo Silva\" \/>\n\t<meta name=\"twitter:label2\" content=\"Est. tempo de leitura\" \/>\n\t<meta name=\"twitter:data2\" content=\"1 minuto\" \/>\n<script type=\"application\/ld+json\" class=\"yoast-schema-graph\">{\"@context\":\"https:\\\/\\\/schema.org\",\"@graph\":[{\"@type\":\"Article\",\"@id\":\"https:\\\/\\\/redenoticiaz.com.br\\\/litoralsp\\\/2023\\\/05\\\/04\\\/projeto-de-novo-complexo-publico-educacional-e-apresentado-em-santos#article\",\"isPartOf\":{\"@id\":\"https:\\\/\\\/redenoticiaz.com.br\\\/litoralsp\\\/2023\\\/05\\\/04\\\/projeto-de-novo-complexo-publico-educacional-e-apresentado-em-santos\"},\"author\":{\"name\":\"Gustavo Silva\",\"@id\":\"https:\\\/\\\/redenoticiaz.com.br\\\/litoralsp\\\/#\\\/schema\\\/person\\\/16057b37a3c0ee6b096d7f887c566e2e\"},\"headline\":\"Projeto de novo complexo p\u00fablico educacional \u00e9 apresentado em Santos\",\"datePublished\":\"2023-05-04T19:47:27+00:00\",\"mainEntityOfPage\":{\"@id\":\"https:\\\/\\\/redenoticiaz.com.br\\\/litoralsp\\\/2023\\\/05\\\/04\\\/projeto-de-novo-complexo-publico-educacional-e-apresentado-em-santos\"},\"wordCount\":209,\"commentCount\":0,\"publisher\":{\"@id\":\"https:\\\/\\\/redenoticiaz.com.br\\\/litoralsp\\\/#organization\"},\"image\":{\"@id\":\"https:\\\/\\\/redenoticiaz.com.br\\\/litoralsp\\\/2023\\\/05\\\/04\\\/projeto-de-novo-complexo-publico-educacional-e-apresentado-em-santos#primaryimage\"},\"thumbnailUrl\":\"https:\\\/\\\/redenoticiaz.com.br\\\/litoralsp\\\/wp-content\\\/uploads\\\/sites\\\/3\\\/2023\\\/05\\\/whatsapp_image_2023-04-20_at_18.36.09_2.jpeg\",\"keywords\":[\"col\u00e9gio marza\",\"PROJETO\",\"reestrutura\u00e7\u00e3o\",\"Santos\"],\"articleSection\":[\"Santos\"],\"inLanguage\":\"pt-BR\",\"potentialAction\":[{\"@type\":\"CommentAction\",\"name\":\"Comment\",\"target\":[\"https:\\\/\\\/redenoticiaz.com.br\\\/litoralsp\\\/2023\\\/05\\\/04\\\/projeto-de-novo-complexo-publico-educacional-e-apresentado-em-santos#respond\"]}]},{\"@type\":\"WebPage\",\"@id\":\"https:\\\/\\\/redenoticiaz.com.br\\\/litoralsp\\\/2023\\\/05\\\/04\\\/projeto-de-novo-complexo-publico-educacional-e-apresentado-em-santos\",\"url\":\"https:\\\/\\\/redenoticiaz.com.br\\\/litoralsp\\\/2023\\\/05\\\/04\\\/projeto-de-novo-complexo-publico-educacional-e-apresentado-em-santos\",\"name\":\"Projeto de novo complexo p\u00fablico educacional \u00e9 apresentado em Santos - Litoral SP\",\"isPartOf\":{\"@id\":\"https:\\\/\\\/redenoticiaz.com.br\\\/litoralsp\\\/#website\"},\"primaryImageOfPage\":{\"@id\":\"https:\\\/\\\/redenoticiaz.com.br\\\/litoralsp\\\/2023\\\/05\\\/04\\\/projeto-de-novo-complexo-publico-educacional-e-apresentado-em-santos#primaryimage\"},\"image\":{\"@id\":\"https:\\\/\\\/redenoticiaz.com.br\\\/litoralsp\\\/2023\\\/05\\\/04\\\/projeto-de-novo-complexo-publico-educacional-e-apresentado-em-santos#primaryimage\"},\"thumbnailUrl\":\"https:\\\/\\\/redenoticiaz.com.br\\\/litoralsp\\\/wp-content\\\/uploads\\\/sites\\\/3\\\/2023\\\/05\\\/whatsapp_image_2023-04-20_at_18.36.09_2.jpeg\",\"datePublished\":\"2023-05-04T19:47:27+00:00\",\"description\":\"Projeto de um novo complexo p\u00fablico educacional foi apresentado em Santos na manh\u00e3 desta quinta-feira (4).\",\"inLanguage\":\"pt-BR\",\"potentialAction\":[{\"@type\":\"ReadAction\",\"target\":[\"https:\\\/\\\/redenoticiaz.com.br\\\/litoralsp\\\/2023\\\/05\\\/04\\\/projeto-de-novo-complexo-publico-educacional-e-apresentado-em-santos\"]}]},{\"@type\":\"ImageObject\",\"inLanguage\":\"pt-BR\",\"@id\":\"https:\\\/\\\/redenoticiaz.com.br\\\/litoralsp\\\/2023\\\/05\\\/04\\\/projeto-de-novo-complexo-publico-educacional-e-apresentado-em-santos#primaryimage\",\"url\":\"https:\\\/\\\/redenoticiaz.com.br\\\/litoralsp\\\/wp-content\\\/uploads\\\/sites\\\/3\\\/2023\\\/05\\\/whatsapp_image_2023-04-20_at_18.36.09_2.jpeg\",\"contentUrl\":\"https:\\\/\\\/redenoticiaz.com.br\\\/litoralsp\\\/wp-content\\\/uploads\\\/sites\\\/3\\\/2023\\\/05\\\/whatsapp_image_2023-04-20_at_18.36.09_2.jpeg\",\"width\":1200,\"height\":675,\"caption\":\"Projeto de novo complexo p\u00fablico educacional \u00e9 apresentado em Santos\"},{\"@type\":\"WebSite\",\"@id\":\"https:\\\/\\\/redenoticiaz.com.br\\\/litoralsp\\\/#website\",\"url\":\"https:\\\/\\\/redenoticiaz.com.br\\\/litoralsp\\\/\",\"name\":\"Litoral SP\",\"description\":\"Rede NoticiaZ\",\"publisher\":{\"@id\":\"https:\\\/\\\/redenoticiaz.com.br\\\/litoralsp\\\/#organization\"},\"potentialAction\":[{\"@type\":\"SearchAction\",\"target\":{\"@type\":\"EntryPoint\",\"urlTemplate\":\"https:\\\/\\\/redenoticiaz.com.br\\\/litoralsp\\\/?s={search_term_string}\"},\"query-input\":{\"@type\":\"PropertyValueSpecification\",\"valueRequired\":true,\"valueName\":\"search_term_string\"}}],\"inLanguage\":\"pt-BR\"},{\"@type\":\"Organization\",\"@id\":\"https:\\\/\\\/redenoticiaz.com.br\\\/litoralsp\\\/#organization\",\"name\":\"Litoral SP\",\"url\":\"https:\\\/\\\/redenoticiaz.com.br\\\/litoralsp\\\/\",\"logo\":{\"@type\":\"ImageObject\",\"inLanguage\":\"pt-BR\",\"@id\":\"https:\\\/\\\/redenoticiaz.com.br\\\/litoralsp\\\/#\\\/schema\\\/logo\\\/image\\\/\",\"url\":\"https:\\\/\\\/redenoticiaz.com.br\\\/litoralsp\\\/wp-content\\\/uploads\\\/sites\\\/3\\\/2020\\\/11\\\/logo.jpg\",\"contentUrl\":\"https:\\\/\\\/redenoticiaz.com.br\\\/litoralsp\\\/wp-content\\\/uploads\\\/sites\\\/3\\\/2020\\\/11\\\/logo.jpg\",\"width\":400,\"height\":250,\"caption\":\"Litoral SP\"},\"image\":{\"@id\":\"https:\\\/\\\/redenoticiaz.com.br\\\/litoralsp\\\/#\\\/schema\\\/logo\\\/image\\\/\"}},{\"@type\":\"Person\",\"@id\":\"https:\\\/\\\/redenoticiaz.com.br\\\/litoralsp\\\/#\\\/schema\\\/person\\\/16057b37a3c0ee6b096d7f887c566e2e\",\"name\":\"Gustavo Silva\",\"image\":{\"@type\":\"ImageObject\",\"inLanguage\":\"pt-BR\",\"@id\":\"https:\\\/\\\/secure.gravatar.com\\\/avatar\\\/3ee4e82f93b26de0a7cf4ea5eb7893da637ed6bb0c9170c58065944c56e28a33?s=96&d=mm&r=g\",\"url\":\"https:\\\/\\\/secure.gravatar.com\\\/avatar\\\/3ee4e82f93b26de0a7cf4ea5eb7893da637ed6bb0c9170c58065944c56e28a33?s=96&d=mm&r=g\",\"contentUrl\":\"https:\\\/\\\/secure.gravatar.com\\\/avatar\\\/3ee4e82f93b26de0a7cf4ea5eb7893da637ed6bb0c9170c58065944c56e28a33?s=96&d=mm&r=g\",\"caption\":\"Gustavo Silva\"},\"url\":\"https:\\\/\\\/redenoticiaz.com.br\\\/litoralsp\\\/author\\\/gustavosilva\"}]}<\/script>\n<!-- \/ Yoast SEO plugin. -->","yoast_head_json":{"title":"Projeto de novo complexo p\u00fablico educacional \u00e9 apresentado em Santos - Litoral SP","description":"Projeto de um novo complexo p\u00fablico educacional foi apresentado em Santos na manh\u00e3 desta quinta-feira (4).","robots":{"index":"index","follow":"follow","max-snippet":"max-snippet:-1","max-image-preview":"max-image-preview:large","max-video-preview":"max-video-preview:-1"},"canonical":"https:\/\/redenoticiaz.com.br\/litoralsp\/2023\/05\/04\/projeto-de-novo-complexo-publico-educacional-e-apresentado-em-santos","og_locale":"pt_BR","og_type":"article","og_title":"Projeto de novo complexo p\u00fablico educacional \u00e9 apresentado em Santos - Litoral SP","og_description":"Projeto de um novo complexo p\u00fablico educacional foi apresentado em Santos na manh\u00e3 desta quinta-feira (4).","og_url":"https:\/\/redenoticiaz.com.br\/litoralsp\/2023\/05\/04\/projeto-de-novo-complexo-publico-educacional-e-apresentado-em-santos","og_site_name":"Litoral SP","article_published_time":"2023-05-04T19:47:27+00:00","og_image":[{"width":1200,"height":675,"url":"https:\/\/redenoticiaz.com.br\/litoralsp\/wp-content\/uploads\/sites\/3\/2023\/05\/whatsapp_image_2023-04-20_at_18.36.09_2.jpeg","type":"image\/jpeg"}],"author":"Gustavo Silva","twitter_card":"summary_large_image","twitter_misc":{"Escrito por":"Gustavo Silva","Est. tempo de leitura":"1 minuto"},"schema":{"@context":"https:\/\/schema.org","@graph":[{"@type":"Article","@id":"https:\/\/redenoticiaz.com.br\/litoralsp\/2023\/05\/04\/projeto-de-novo-complexo-publico-educacional-e-apresentado-em-santos#article","isPartOf":{"@id":"https:\/\/redenoticiaz.com.br\/litoralsp\/2023\/05\/04\/projeto-de-novo-complexo-publico-educacional-e-apresentado-em-santos"},"author":{"name":"Gustavo Silva","@id":"https:\/\/redenoticiaz.com.br\/litoralsp\/#\/schema\/person\/16057b37a3c0ee6b096d7f887c566e2e"},"headline":"Projeto de novo complexo p\u00fablico educacional \u00e9 apresentado em Santos","datePublished":"2023-05-04T19:47:27+00:00","mainEntityOfPage":{"@id":"https:\/\/redenoticiaz.com.br\/litoralsp\/2023\/05\/04\/projeto-de-novo-complexo-publico-educacional-e-apresentado-em-santos"},"wordCount":209,"commentCount":0,"publisher":{"@id":"https:\/\/redenoticiaz.com.br\/litoralsp\/#organization"},"image":{"@id":"https:\/\/redenoticiaz.com.br\/litoralsp\/2023\/05\/04\/projeto-de-novo-complexo-publico-educacional-e-apresentado-em-santos#primaryimage"},"thumbnailUrl":"https:\/\/redenoticiaz.com.br\/litoralsp\/wp-content\/uploads\/sites\/3\/2023\/05\/whatsapp_image_2023-04-20_at_18.36.09_2.jpeg","keywords":["col\u00e9gio marza","PROJETO","reestrutura\u00e7\u00e3o","Santos"],"articleSection":["Santos"],"inLanguage":"pt-BR","potentialAction":[{"@type":"CommentAction","name":"Comment","target":["https:\/\/redenoticiaz.com.br\/litoralsp\/2023\/05\/04\/projeto-de-novo-complexo-publico-educacional-e-apresentado-em-santos#respond"]}]},{"@type":"WebPage","@id":"https:\/\/redenoticiaz.com.br\/litoralsp\/2023\/05\/04\/projeto-de-novo-complexo-publico-educacional-e-apresentado-em-santos","url":"https:\/\/redenoticiaz.com.br\/litoralsp\/2023\/05\/04\/projeto-de-novo-complexo-publico-educacional-e-apresentado-em-santos","name":"Projeto de novo complexo p\u00fablico educacional \u00e9 apresentado em Santos - Litoral SP","isPartOf":{"@id":"https:\/\/redenoticiaz.com.br\/litoralsp\/#website"},"primaryImageOfPage":{"@id":"https:\/\/redenoticiaz.com.br\/litoralsp\/2023\/05\/04\/projeto-de-novo-complexo-publico-educacional-e-apresentado-em-santos#primaryimage"},"image":{"@id":"https:\/\/redenoticiaz.com.br\/litoralsp\/2023\/05\/04\/projeto-de-novo-complexo-publico-educacional-e-apresentado-em-santos#primaryimage"},"thumbnailUrl":"https:\/\/redenoticiaz.com.br\/litoralsp\/wp-content\/uploads\/sites\/3\/2023\/05\/whatsapp_image_2023-04-20_at_18.36.09_2.jpeg","datePublished":"2023-05-04T19:47:27+00:00","description":"Projeto de um novo complexo p\u00fablico educacional foi apresentado em Santos na manh\u00e3 desta quinta-feira (4).","inLanguage":"pt-BR","potentialAction":[{"@type":"ReadAction","target":["https:\/\/redenoticiaz.com.br\/litoralsp\/2023\/05\/04\/projeto-de-novo-complexo-publico-educacional-e-apresentado-em-santos"]}]},{"@type":"ImageObject","inLanguage":"pt-BR","@id":"https:\/\/redenoticiaz.com.br\/litoralsp\/2023\/05\/04\/projeto-de-novo-complexo-publico-educacional-e-apresentado-em-santos#primaryimage","url":"https:\/\/redenoticiaz.com.br\/litoralsp\/wp-content\/uploads\/sites\/3\/2023\/05\/whatsapp_image_2023-04-20_at_18.36.09_2.jpeg","contentUrl":"https:\/\/redenoticiaz.com.br\/litoralsp\/wp-content\/uploads\/sites\/3\/2023\/05\/whatsapp_image_2023-04-20_at_18.36.09_2.jpeg","width":1200,"height":675,"caption":"Projeto de novo complexo p\u00fablico educacional \u00e9 apresentado em Santos"},{"@type":"WebSite","@id":"https:\/\/redenoticiaz.com.br\/litoralsp\/#website","url":"https:\/\/redenoticiaz.com.br\/litoralsp\/","name":"Litoral SP","description":"Rede NoticiaZ","publisher":{"@id":"https:\/\/redenoticiaz.com.br\/litoralsp\/#organization"},"potentialAction":[{"@type":"SearchAction","target":{"@type":"EntryPoint","urlTemplate":"https:\/\/redenoticiaz.com.br\/litoralsp\/?s={search_term_string}"},"query-input":{"@type":"PropertyValueSpecification","valueRequired":true,"valueName":"search_term_string"}}],"inLanguage":"pt-BR"},{"@type":"Organization","@id":"https:\/\/redenoticiaz.com.br\/litoralsp\/#organization","name":"Litoral SP","url":"https:\/\/redenoticiaz.com.br\/litoralsp\/","logo":{"@type":"ImageObject","inLanguage":"pt-BR","@id":"https:\/\/redenoticiaz.com.br\/litoralsp\/#\/schema\/logo\/image\/","url":"https:\/\/redenoticiaz.com.br\/litoralsp\/wp-content\/uploads\/sites\/3\/2020\/11\/logo.jpg","contentUrl":"https:\/\/redenoticiaz.com.br\/litoralsp\/wp-content\/uploads\/sites\/3\/2020\/11\/logo.jpg","width":400,"height":250,"caption":"Litoral SP"},"image":{"@id":"https:\/\/redenoticiaz.com.br\/litoralsp\/#\/schema\/logo\/image\/"}},{"@type":"Person","@id":"https:\/\/redenoticiaz.com.br\/litoralsp\/#\/schema\/person\/16057b37a3c0ee6b096d7f887c566e2e","name":"Gustavo Silva","image":{"@type":"ImageObject","inLanguage":"pt-BR","@id":"https:\/\/secure.gravatar.com\/avatar\/3ee4e82f93b26de0a7cf4ea5eb7893da637ed6bb0c9170c58065944c56e28a33?s=96&d=mm&r=g","url":"https:\/\/secure.gravatar.com\/avatar\/3ee4e82f93b26de0a7cf4ea5eb7893da637ed6bb0c9170c58065944c56e28a33?s=96&d=mm&r=g","contentUrl":"https:\/\/secure.gravatar.com\/avatar\/3ee4e82f93b26de0a7cf4ea5eb7893da637ed6bb0c9170c58065944c56e28a33?s=96&d=mm&r=g","caption":"Gustavo Silva"},"url":"https:\/\/redenoticiaz.com.br\/litoralsp\/author\/gustavosilva"}]}},"_links":{"self":[{"href":"https:\/\/redenoticiaz.com.br\/litoralsp\/wp-json\/wp\/v2\/posts\/105135","targetHints":{"allow":["GET"]}}],"collection":[{"href":"https:\/\/redenoticiaz.com.br\/litoralsp\/wp-json\/wp\/v2\/posts"}],"about":[{"href":"https:\/\/redenoticiaz.com.br\/litoralsp\/wp-json\/wp\/v2\/types\/post"}],"author":[{"embeddable":true,"href":"https:\/\/redenoticiaz.com.br\/litoralsp\/wp-json\/wp\/v2\/users\/12"}],"replies":[{"embeddable":true,"href":"https:\/\/redenoticiaz.com.br\/litoralsp\/wp-json\/wp\/v2\/comments?post=105135"}],"version-history":[{"count":1,"href":"https:\/\/redenoticiaz.com.br\/litoralsp\/wp-json\/wp\/v2\/posts\/105135\/revisions"}],"predecessor-version":[{"id":105137,"href":"https:\/\/redenoticiaz.com.br\/litoralsp\/wp-json\/wp\/v2\/posts\/105135\/revisions\/105137"}],"wp:featuredmedia":[{"embeddable":true,"href":"https:\/\/redenoticiaz.com.br\/litoralsp\/wp-json\/wp\/v2\/media\/105136"}],"wp:attachment":[{"href":"https:\/\/redenoticiaz.com.br\/litoralsp\/wp-json\/wp\/v2\/media?parent=105135"}],"wp:term":[{"taxonomy":"category","embeddable":true,"href":"https:\/\/redenoticiaz.com.br\/litoralsp\/wp-json\/wp\/v2\/categories?post=105135"},{"taxonomy":"post_tag","embeddable":true,"href":"https:\/\/redenoticiaz.com.br\/litoralsp\/wp-json\/wp\/v2\/tags?post=105135"}],"curies":[{"name":"wp","href":"https:\/\/api.w.org\/{rel}","templated":true}]}}