{"id":105151,"date":"2023-05-07T13:00:09","date_gmt":"2023-05-07T16:00:09","guid":{"rendered":"https:\/\/redenoticiaz.com.br\/litoralsp\/?p=105151"},"modified":"2023-05-04T22:47:24","modified_gmt":"2023-05-05T01:47:24","slug":"combate-as-noticias-falsas-e-desafio-para-proxima-pandemia","status":"publish","type":"post","link":"https:\/\/redenoticiaz.com.br\/litoralsp\/2023\/05\/07\/combate-as-noticias-falsas-e-desafio-para-proxima-pandemia","title":{"rendered":"Combate \u00e0s not\u00edcias falsas \u00e9 desafio para pr\u00f3xima pandemia"},"content":{"rendered":"<p>A diretora adjunta da Ag\u00eancia Nacional de Vigil\u00e2ncia Sanit\u00e1ria (Anvisa), Patricia Oliveira Pereira Tagliari, afirmou que o combate \u00e0s not\u00edcias falsas \u00e9 um desafio que ter\u00e1 de ser enfrentado pela sociedade para que, em outros surtos sanit\u00e1rios, n\u00e3o haja circula\u00e7\u00e3o de informa\u00e7\u00f5es falsas que alarmem a popula\u00e7\u00e3o.<\/p>\n<p>\u201cTivemos que lidar com muitas not\u00edcias falsas nesse per\u00edodo que ainda s\u00e3o muito consumidas. At\u00e9 hoje, a gente dedica 20% do nosso tempo em tentar explicar e garantir para as pessoas que as vacinas [de covid-19] n\u00e3o s\u00e3o experimentais. A gente precisa ter uma estrutura legal que esteja preparada para uma pr\u00f3xima pandemia para lidar com o descr\u00e9dito [da vacina]\u201d, disse Patricia,\u00a0durante\u00a0o 7\u00ba Simp\u00f3sio Internacional em Imunobiol\u00f3gicos,\u00a0promovido pelo Instituto Bio-Manguinhos\/Fiocruz, no Rio de Janeiro.<\/p>\n<p>Para a especialista, \u00e9 necess\u00e1rio um esfor\u00e7o para garantir que a mensagem correta seja entregue \u00e0 popula\u00e7\u00e3o da forma mais transparente poss\u00edvel. Ela tamb\u00e9m defendeu uma educa\u00e7\u00e3o interdisciplinar para que todos os profissionais da sa\u00fade entendam qu\u00e3o seguros os f\u00e1rmacos e a vacinas s\u00e3o.<\/p>\n<p>O professor da Universidade do Estado do Colorado\u00a0Alonso Aguirre\u00a0afirmou que, surpreendentemente, muitos profissionais de sa\u00fade ajudaram na difus\u00e3o de informa\u00e7\u00f5es falsas sobre a vacina de covid-19 pelo fato de ela ter sido desenvolvida em menos de um ano.<\/p>\n<p>J\u00e1 a diretora-presidente do Instituto Todos pela Sa\u00fade, Mari\u00e2ngela Sim\u00e3o, destacou a necessidade de melhorar a enorme desigualdade na distribui\u00e7\u00e3o de vacinas e f\u00e1rmacos para os pa\u00edses mais pobres para o combate \u00e0s epidemias. \u201cCompartilhamento de tecnologia \u00e9 um grande problema. Temos que fazer melhor para estarmos preparados para uma pr\u00f3xima pandemia\u201d.<\/p>\n<p>Leia mais<\/p>\n<p><a href=\"https:\/\/redenoticiaz.com.br\/blog\/2023\/03\/29\/tres-anos-de-pandemia-da-covid-no-brasil-e-700-mil-vidas-perdidas\">Tr\u00eas anos de pandemia da Covid no Brasil e 700 mil vidas perdidas<\/a><\/p>\n","protected":false},"excerpt":{"rendered":"<p>A diretora adjunta da Ag\u00eancia Nacional de Vigil\u00e2ncia Sanit\u00e1ria (Anvisa), Patricia Oliveira Pereira Tagliari, afirmou que o combate \u00e0s not\u00edcias falsas \u00e9 um desafio que ter\u00e1 de ser enfrentado pela sociedade para que, em outros surtos sanit\u00e1rios, n\u00e3o haja circula\u00e7\u00e3o de informa\u00e7\u00f5es falsas que alarmem a popula\u00e7\u00e3o. \u201cTivemos que lidar com muitas not\u00edcias falsas nesse &hellip;<\/p>\n","protected":false},"author":12,"featured_media":25779,"comment_status":"open","ping_status":"closed","sticky":false,"template":"","format":"standard","meta":{"footnotes":""},"categories":[23],"tags":[64959,31510,5661,96],"class_list":["post-105151","post","type-post","status-publish","format-standard","has-post-thumbnail","hentry","category-saude","tag-bio-manguinhos-fiocruz","tag-noticias-falsas","tag-rio-de-janeiro","tag-saude"],"yoast_head":"<!-- This site is optimized with the Yoast SEO plugin v27.5 - https:\/\/yoast.com\/product\/yoast-seo-wordpress\/ -->\n<title>Combate \u00e0s not\u00edcias falsas \u00e9 desafio para pr\u00f3xima pandemia - Litoral SP<\/title>\n<meta name=\"description\" content=\"Combate \u00e0s not\u00edcias falsas \u00e9 um desafio que ter\u00e1 de ser enfrentado pela sociedade para que, em outros surtos sanit\u00e1rios, n\u00e3o haja circula\u00e7\u00e3o de informa\u00e7\u00f5es falsas que alarmem a popula\u00e7\u00e3o.\u00a0\" \/>\n<meta name=\"robots\" content=\"index, follow, max-snippet:-1, max-image-preview:large, max-video-preview:-1\" \/>\n<link rel=\"canonical\" href=\"https:\/\/redenoticiaz.com.br\/litoralsp\/2023\/05\/07\/combate-as-noticias-falsas-e-desafio-para-proxima-pandemia\" \/>\n<meta property=\"og:locale\" content=\"pt_BR\" \/>\n<meta property=\"og:type\" content=\"article\" \/>\n<meta property=\"og:title\" content=\"Combate \u00e0s not\u00edcias falsas \u00e9 desafio para pr\u00f3xima pandemia - Litoral SP\" \/>\n<meta property=\"og:description\" content=\"Combate \u00e0s not\u00edcias falsas \u00e9 um desafio que ter\u00e1 de ser enfrentado pela sociedade para que, em outros surtos sanit\u00e1rios, n\u00e3o haja circula\u00e7\u00e3o de informa\u00e7\u00f5es falsas que alarmem a popula\u00e7\u00e3o.\u00a0\" \/>\n<meta property=\"og:url\" content=\"https:\/\/redenoticiaz.com.br\/litoralsp\/2023\/05\/07\/combate-as-noticias-falsas-e-desafio-para-proxima-pandemia\" \/>\n<meta property=\"og:site_name\" content=\"Litoral SP\" \/>\n<meta property=\"article:published_time\" content=\"2023-05-07T16:00:09+00:00\" \/>\n<meta property=\"og:image\" content=\"https:\/\/redenoticiaz.com.br\/litoralsp\/wp-content\/uploads\/sites\/3\/2022\/03\/pandemia.jpg?v=1648653807\" \/>\n\t<meta property=\"og:image:width\" content=\"1200\" \/>\n\t<meta property=\"og:image:height\" content=\"754\" \/>\n\t<meta property=\"og:image:type\" content=\"image\/jpeg\" \/>\n<meta name=\"author\" content=\"Gustavo Silva\" \/>\n<meta name=\"twitter:card\" content=\"summary_large_image\" \/>\n<meta name=\"twitter:label1\" content=\"Escrito por\" \/>\n\t<meta name=\"twitter:data1\" content=\"Gustavo Silva\" \/>\n\t<meta name=\"twitter:label2\" content=\"Est. tempo de leitura\" \/>\n\t<meta name=\"twitter:data2\" content=\"2 minutos\" \/>\n<script type=\"application\/ld+json\" class=\"yoast-schema-graph\">{\"@context\":\"https:\\\/\\\/schema.org\",\"@graph\":[{\"@type\":\"Article\",\"@id\":\"https:\\\/\\\/redenoticiaz.com.br\\\/litoralsp\\\/2023\\\/05\\\/07\\\/combate-as-noticias-falsas-e-desafio-para-proxima-pandemia#article\",\"isPartOf\":{\"@id\":\"https:\\\/\\\/redenoticiaz.com.br\\\/litoralsp\\\/2023\\\/05\\\/07\\\/combate-as-noticias-falsas-e-desafio-para-proxima-pandemia\"},\"author\":{\"name\":\"Gustavo Silva\",\"@id\":\"https:\\\/\\\/redenoticiaz.com.br\\\/litoralsp\\\/#\\\/schema\\\/person\\\/16057b37a3c0ee6b096d7f887c566e2e\"},\"headline\":\"Combate \u00e0s not\u00edcias falsas \u00e9 desafio para pr\u00f3xima pandemia\",\"datePublished\":\"2023-05-07T16:00:09+00:00\",\"mainEntityOfPage\":{\"@id\":\"https:\\\/\\\/redenoticiaz.com.br\\\/litoralsp\\\/2023\\\/05\\\/07\\\/combate-as-noticias-falsas-e-desafio-para-proxima-pandemia\"},\"wordCount\":318,\"commentCount\":0,\"publisher\":{\"@id\":\"https:\\\/\\\/redenoticiaz.com.br\\\/litoralsp\\\/#organization\"},\"image\":{\"@id\":\"https:\\\/\\\/redenoticiaz.com.br\\\/litoralsp\\\/2023\\\/05\\\/07\\\/combate-as-noticias-falsas-e-desafio-para-proxima-pandemia#primaryimage\"},\"thumbnailUrl\":\"https:\\\/\\\/redenoticiaz.com.br\\\/litoralsp\\\/wp-content\\\/uploads\\\/sites\\\/3\\\/2022\\\/03\\\/pandemia.jpg?v=1648653807\",\"keywords\":[\"Bio-Manguinhos\\\/Fiocruz\",\"NOT\u00cdCIAS FALSAS\",\"Rio de Janeiro\",\"saude\"],\"articleSection\":[\"Sa\u00fade\"],\"inLanguage\":\"pt-BR\",\"potentialAction\":[{\"@type\":\"CommentAction\",\"name\":\"Comment\",\"target\":[\"https:\\\/\\\/redenoticiaz.com.br\\\/litoralsp\\\/2023\\\/05\\\/07\\\/combate-as-noticias-falsas-e-desafio-para-proxima-pandemia#respond\"]}]},{\"@type\":\"WebPage\",\"@id\":\"https:\\\/\\\/redenoticiaz.com.br\\\/litoralsp\\\/2023\\\/05\\\/07\\\/combate-as-noticias-falsas-e-desafio-para-proxima-pandemia\",\"url\":\"https:\\\/\\\/redenoticiaz.com.br\\\/litoralsp\\\/2023\\\/05\\\/07\\\/combate-as-noticias-falsas-e-desafio-para-proxima-pandemia\",\"name\":\"Combate \u00e0s not\u00edcias falsas \u00e9 desafio para pr\u00f3xima pandemia - Litoral SP\",\"isPartOf\":{\"@id\":\"https:\\\/\\\/redenoticiaz.com.br\\\/litoralsp\\\/#website\"},\"primaryImageOfPage\":{\"@id\":\"https:\\\/\\\/redenoticiaz.com.br\\\/litoralsp\\\/2023\\\/05\\\/07\\\/combate-as-noticias-falsas-e-desafio-para-proxima-pandemia#primaryimage\"},\"image\":{\"@id\":\"https:\\\/\\\/redenoticiaz.com.br\\\/litoralsp\\\/2023\\\/05\\\/07\\\/combate-as-noticias-falsas-e-desafio-para-proxima-pandemia#primaryimage\"},\"thumbnailUrl\":\"https:\\\/\\\/redenoticiaz.com.br\\\/litoralsp\\\/wp-content\\\/uploads\\\/sites\\\/3\\\/2022\\\/03\\\/pandemia.jpg?v=1648653807\",\"datePublished\":\"2023-05-07T16:00:09+00:00\",\"description\":\"Combate \u00e0s not\u00edcias falsas \u00e9 um desafio que ter\u00e1 de ser enfrentado pela sociedade para que, em outros surtos sanit\u00e1rios, n\u00e3o haja circula\u00e7\u00e3o de informa\u00e7\u00f5es falsas que alarmem a popula\u00e7\u00e3o.\u00a0\",\"inLanguage\":\"pt-BR\",\"potentialAction\":[{\"@type\":\"ReadAction\",\"target\":[\"https:\\\/\\\/redenoticiaz.com.br\\\/litoralsp\\\/2023\\\/05\\\/07\\\/combate-as-noticias-falsas-e-desafio-para-proxima-pandemia\"]}]},{\"@type\":\"ImageObject\",\"inLanguage\":\"pt-BR\",\"@id\":\"https:\\\/\\\/redenoticiaz.com.br\\\/litoralsp\\\/2023\\\/05\\\/07\\\/combate-as-noticias-falsas-e-desafio-para-proxima-pandemia#primaryimage\",\"url\":\"https:\\\/\\\/redenoticiaz.com.br\\\/litoralsp\\\/wp-content\\\/uploads\\\/sites\\\/3\\\/2022\\\/03\\\/pandemia.jpg?v=1648653807\",\"contentUrl\":\"https:\\\/\\\/redenoticiaz.com.br\\\/litoralsp\\\/wp-content\\\/uploads\\\/sites\\\/3\\\/2022\\\/03\\\/pandemia.jpg?v=1648653807\",\"width\":1200,\"height\":754,\"caption\":\"Cr\u00e9ditos: Reprodu\u00e7\u00e3o\"},{\"@type\":\"WebSite\",\"@id\":\"https:\\\/\\\/redenoticiaz.com.br\\\/litoralsp\\\/#website\",\"url\":\"https:\\\/\\\/redenoticiaz.com.br\\\/litoralsp\\\/\",\"name\":\"Litoral SP\",\"description\":\"Rede NoticiaZ\",\"publisher\":{\"@id\":\"https:\\\/\\\/redenoticiaz.com.br\\\/litoralsp\\\/#organization\"},\"potentialAction\":[{\"@type\":\"SearchAction\",\"target\":{\"@type\":\"EntryPoint\",\"urlTemplate\":\"https:\\\/\\\/redenoticiaz.com.br\\\/litoralsp\\\/?s={search_term_string}\"},\"query-input\":{\"@type\":\"PropertyValueSpecification\",\"valueRequired\":true,\"valueName\":\"search_term_string\"}}],\"inLanguage\":\"pt-BR\"},{\"@type\":\"Organization\",\"@id\":\"https:\\\/\\\/redenoticiaz.com.br\\\/litoralsp\\\/#organization\",\"name\":\"Litoral SP\",\"url\":\"https:\\\/\\\/redenoticiaz.com.br\\\/litoralsp\\\/\",\"logo\":{\"@type\":\"ImageObject\",\"inLanguage\":\"pt-BR\",\"@id\":\"https:\\\/\\\/redenoticiaz.com.br\\\/litoralsp\\\/#\\\/schema\\\/logo\\\/image\\\/\",\"url\":\"https:\\\/\\\/redenoticiaz.com.br\\\/litoralsp\\\/wp-content\\\/uploads\\\/sites\\\/3\\\/2020\\\/11\\\/logo.jpg\",\"contentUrl\":\"https:\\\/\\\/redenoticiaz.com.br\\\/litoralsp\\\/wp-content\\\/uploads\\\/sites\\\/3\\\/2020\\\/11\\\/logo.jpg\",\"width\":400,\"height\":250,\"caption\":\"Litoral SP\"},\"image\":{\"@id\":\"https:\\\/\\\/redenoticiaz.com.br\\\/litoralsp\\\/#\\\/schema\\\/logo\\\/image\\\/\"}},{\"@type\":\"Person\",\"@id\":\"https:\\\/\\\/redenoticiaz.com.br\\\/litoralsp\\\/#\\\/schema\\\/person\\\/16057b37a3c0ee6b096d7f887c566e2e\",\"name\":\"Gustavo Silva\",\"image\":{\"@type\":\"ImageObject\",\"inLanguage\":\"pt-BR\",\"@id\":\"https:\\\/\\\/secure.gravatar.com\\\/avatar\\\/3ee4e82f93b26de0a7cf4ea5eb7893da637ed6bb0c9170c58065944c56e28a33?s=96&d=mm&r=g\",\"url\":\"https:\\\/\\\/secure.gravatar.com\\\/avatar\\\/3ee4e82f93b26de0a7cf4ea5eb7893da637ed6bb0c9170c58065944c56e28a33?s=96&d=mm&r=g\",\"contentUrl\":\"https:\\\/\\\/secure.gravatar.com\\\/avatar\\\/3ee4e82f93b26de0a7cf4ea5eb7893da637ed6bb0c9170c58065944c56e28a33?s=96&d=mm&r=g\",\"caption\":\"Gustavo Silva\"},\"url\":\"https:\\\/\\\/redenoticiaz.com.br\\\/litoralsp\\\/author\\\/gustavosilva\"}]}<\/script>\n<!-- \/ Yoast SEO plugin. -->","yoast_head_json":{"title":"Combate \u00e0s not\u00edcias falsas \u00e9 desafio para pr\u00f3xima pandemia - Litoral SP","description":"Combate \u00e0s not\u00edcias falsas \u00e9 um desafio que ter\u00e1 de ser enfrentado pela sociedade para que, em outros surtos sanit\u00e1rios, n\u00e3o haja circula\u00e7\u00e3o de informa\u00e7\u00f5es falsas que alarmem a popula\u00e7\u00e3o.\u00a0","robots":{"index":"index","follow":"follow","max-snippet":"max-snippet:-1","max-image-preview":"max-image-preview:large","max-video-preview":"max-video-preview:-1"},"canonical":"https:\/\/redenoticiaz.com.br\/litoralsp\/2023\/05\/07\/combate-as-noticias-falsas-e-desafio-para-proxima-pandemia","og_locale":"pt_BR","og_type":"article","og_title":"Combate \u00e0s not\u00edcias falsas \u00e9 desafio para pr\u00f3xima pandemia - Litoral SP","og_description":"Combate \u00e0s not\u00edcias falsas \u00e9 um desafio que ter\u00e1 de ser enfrentado pela sociedade para que, em outros surtos sanit\u00e1rios, n\u00e3o haja circula\u00e7\u00e3o de informa\u00e7\u00f5es falsas que alarmem a popula\u00e7\u00e3o.\u00a0","og_url":"https:\/\/redenoticiaz.com.br\/litoralsp\/2023\/05\/07\/combate-as-noticias-falsas-e-desafio-para-proxima-pandemia","og_site_name":"Litoral SP","article_published_time":"2023-05-07T16:00:09+00:00","og_image":[{"width":1200,"height":754,"url":"https:\/\/redenoticiaz.com.br\/litoralsp\/wp-content\/uploads\/sites\/3\/2022\/03\/pandemia.jpg?v=1648653807","type":"image\/jpeg"}],"author":"Gustavo Silva","twitter_card":"summary_large_image","twitter_misc":{"Escrito por":"Gustavo Silva","Est. tempo de leitura":"2 minutos"},"schema":{"@context":"https:\/\/schema.org","@graph":[{"@type":"Article","@id":"https:\/\/redenoticiaz.com.br\/litoralsp\/2023\/05\/07\/combate-as-noticias-falsas-e-desafio-para-proxima-pandemia#article","isPartOf":{"@id":"https:\/\/redenoticiaz.com.br\/litoralsp\/2023\/05\/07\/combate-as-noticias-falsas-e-desafio-para-proxima-pandemia"},"author":{"name":"Gustavo Silva","@id":"https:\/\/redenoticiaz.com.br\/litoralsp\/#\/schema\/person\/16057b37a3c0ee6b096d7f887c566e2e"},"headline":"Combate \u00e0s not\u00edcias falsas \u00e9 desafio para pr\u00f3xima pandemia","datePublished":"2023-05-07T16:00:09+00:00","mainEntityOfPage":{"@id":"https:\/\/redenoticiaz.com.br\/litoralsp\/2023\/05\/07\/combate-as-noticias-falsas-e-desafio-para-proxima-pandemia"},"wordCount":318,"commentCount":0,"publisher":{"@id":"https:\/\/redenoticiaz.com.br\/litoralsp\/#organization"},"image":{"@id":"https:\/\/redenoticiaz.com.br\/litoralsp\/2023\/05\/07\/combate-as-noticias-falsas-e-desafio-para-proxima-pandemia#primaryimage"},"thumbnailUrl":"https:\/\/redenoticiaz.com.br\/litoralsp\/wp-content\/uploads\/sites\/3\/2022\/03\/pandemia.jpg?v=1648653807","keywords":["Bio-Manguinhos\/Fiocruz","NOT\u00cdCIAS FALSAS","Rio de Janeiro","saude"],"articleSection":["Sa\u00fade"],"inLanguage":"pt-BR","potentialAction":[{"@type":"CommentAction","name":"Comment","target":["https:\/\/redenoticiaz.com.br\/litoralsp\/2023\/05\/07\/combate-as-noticias-falsas-e-desafio-para-proxima-pandemia#respond"]}]},{"@type":"WebPage","@id":"https:\/\/redenoticiaz.com.br\/litoralsp\/2023\/05\/07\/combate-as-noticias-falsas-e-desafio-para-proxima-pandemia","url":"https:\/\/redenoticiaz.com.br\/litoralsp\/2023\/05\/07\/combate-as-noticias-falsas-e-desafio-para-proxima-pandemia","name":"Combate \u00e0s not\u00edcias falsas \u00e9 desafio para pr\u00f3xima pandemia - Litoral SP","isPartOf":{"@id":"https:\/\/redenoticiaz.com.br\/litoralsp\/#website"},"primaryImageOfPage":{"@id":"https:\/\/redenoticiaz.com.br\/litoralsp\/2023\/05\/07\/combate-as-noticias-falsas-e-desafio-para-proxima-pandemia#primaryimage"},"image":{"@id":"https:\/\/redenoticiaz.com.br\/litoralsp\/2023\/05\/07\/combate-as-noticias-falsas-e-desafio-para-proxima-pandemia#primaryimage"},"thumbnailUrl":"https:\/\/redenoticiaz.com.br\/litoralsp\/wp-content\/uploads\/sites\/3\/2022\/03\/pandemia.jpg?v=1648653807","datePublished":"2023-05-07T16:00:09+00:00","description":"Combate \u00e0s not\u00edcias falsas \u00e9 um desafio que ter\u00e1 de ser enfrentado pela sociedade para que, em outros surtos sanit\u00e1rios, n\u00e3o haja circula\u00e7\u00e3o de informa\u00e7\u00f5es falsas que alarmem a popula\u00e7\u00e3o.\u00a0","inLanguage":"pt-BR","potentialAction":[{"@type":"ReadAction","target":["https:\/\/redenoticiaz.com.br\/litoralsp\/2023\/05\/07\/combate-as-noticias-falsas-e-desafio-para-proxima-pandemia"]}]},{"@type":"ImageObject","inLanguage":"pt-BR","@id":"https:\/\/redenoticiaz.com.br\/litoralsp\/2023\/05\/07\/combate-as-noticias-falsas-e-desafio-para-proxima-pandemia#primaryimage","url":"https:\/\/redenoticiaz.com.br\/litoralsp\/wp-content\/uploads\/sites\/3\/2022\/03\/pandemia.jpg?v=1648653807","contentUrl":"https:\/\/redenoticiaz.com.br\/litoralsp\/wp-content\/uploads\/sites\/3\/2022\/03\/pandemia.jpg?v=1648653807","width":1200,"height":754,"caption":"Cr\u00e9ditos: Reprodu\u00e7\u00e3o"},{"@type":"WebSite","@id":"https:\/\/redenoticiaz.com.br\/litoralsp\/#website","url":"https:\/\/redenoticiaz.com.br\/litoralsp\/","name":"Litoral SP","description":"Rede NoticiaZ","publisher":{"@id":"https:\/\/redenoticiaz.com.br\/litoralsp\/#organization"},"potentialAction":[{"@type":"SearchAction","target":{"@type":"EntryPoint","urlTemplate":"https:\/\/redenoticiaz.com.br\/litoralsp\/?s={search_term_string}"},"query-input":{"@type":"PropertyValueSpecification","valueRequired":true,"valueName":"search_term_string"}}],"inLanguage":"pt-BR"},{"@type":"Organization","@id":"https:\/\/redenoticiaz.com.br\/litoralsp\/#organization","name":"Litoral SP","url":"https:\/\/redenoticiaz.com.br\/litoralsp\/","logo":{"@type":"ImageObject","inLanguage":"pt-BR","@id":"https:\/\/redenoticiaz.com.br\/litoralsp\/#\/schema\/logo\/image\/","url":"https:\/\/redenoticiaz.com.br\/litoralsp\/wp-content\/uploads\/sites\/3\/2020\/11\/logo.jpg","contentUrl":"https:\/\/redenoticiaz.com.br\/litoralsp\/wp-content\/uploads\/sites\/3\/2020\/11\/logo.jpg","width":400,"height":250,"caption":"Litoral SP"},"image":{"@id":"https:\/\/redenoticiaz.com.br\/litoralsp\/#\/schema\/logo\/image\/"}},{"@type":"Person","@id":"https:\/\/redenoticiaz.com.br\/litoralsp\/#\/schema\/person\/16057b37a3c0ee6b096d7f887c566e2e","name":"Gustavo Silva","image":{"@type":"ImageObject","inLanguage":"pt-BR","@id":"https:\/\/secure.gravatar.com\/avatar\/3ee4e82f93b26de0a7cf4ea5eb7893da637ed6bb0c9170c58065944c56e28a33?s=96&d=mm&r=g","url":"https:\/\/secure.gravatar.com\/avatar\/3ee4e82f93b26de0a7cf4ea5eb7893da637ed6bb0c9170c58065944c56e28a33?s=96&d=mm&r=g","contentUrl":"https:\/\/secure.gravatar.com\/avatar\/3ee4e82f93b26de0a7cf4ea5eb7893da637ed6bb0c9170c58065944c56e28a33?s=96&d=mm&r=g","caption":"Gustavo Silva"},"url":"https:\/\/redenoticiaz.com.br\/litoralsp\/author\/gustavosilva"}]}},"_links":{"self":[{"href":"https:\/\/redenoticiaz.com.br\/litoralsp\/wp-json\/wp\/v2\/posts\/105151","targetHints":{"allow":["GET"]}}],"collection":[{"href":"https:\/\/redenoticiaz.com.br\/litoralsp\/wp-json\/wp\/v2\/posts"}],"about":[{"href":"https:\/\/redenoticiaz.com.br\/litoralsp\/wp-json\/wp\/v2\/types\/post"}],"author":[{"embeddable":true,"href":"https:\/\/redenoticiaz.com.br\/litoralsp\/wp-json\/wp\/v2\/users\/12"}],"replies":[{"embeddable":true,"href":"https:\/\/redenoticiaz.com.br\/litoralsp\/wp-json\/wp\/v2\/comments?post=105151"}],"version-history":[{"count":0,"href":"https:\/\/redenoticiaz.com.br\/litoralsp\/wp-json\/wp\/v2\/posts\/105151\/revisions"}],"wp:featuredmedia":[{"embeddable":true,"href":"https:\/\/redenoticiaz.com.br\/litoralsp\/wp-json\/wp\/v2\/media\/25779"}],"wp:attachment":[{"href":"https:\/\/redenoticiaz.com.br\/litoralsp\/wp-json\/wp\/v2\/media?parent=105151"}],"wp:term":[{"taxonomy":"category","embeddable":true,"href":"https:\/\/redenoticiaz.com.br\/litoralsp\/wp-json\/wp\/v2\/categories?post=105151"},{"taxonomy":"post_tag","embeddable":true,"href":"https:\/\/redenoticiaz.com.br\/litoralsp\/wp-json\/wp\/v2\/tags?post=105151"}],"curies":[{"name":"wp","href":"https:\/\/api.w.org\/{rel}","templated":true}]}}