{"id":105163,"date":"2023-05-05T10:45:16","date_gmt":"2023-05-05T13:45:16","guid":{"rendered":"https:\/\/redenoticiaz.com.br\/litoralsp\/?p=105163"},"modified":"2023-05-05T10:45:16","modified_gmt":"2023-05-05T13:45:16","slug":"homem-e-preso-por-compartilhar-video-intimo-de-ex-namorada","status":"publish","type":"post","link":"https:\/\/redenoticiaz.com.br\/litoralsp\/2023\/05\/05\/homem-e-preso-por-compartilhar-video-intimo-de-ex-namorada","title":{"rendered":"Homem \u00e9 preso por compartilhar v\u00eddeo \u00edntimo de ex-namorada"},"content":{"rendered":"<p>Um jovem de 18 anos foi preso nessa quinta-feira (04), acusado de compartilhar<strong> imagens e v\u00eddeo \u00edntimo<\/strong> de uma adolescente de 17 anos. O caso aconteceu em Juqui\u00e1 e ele vai responder pelos crimes constatados nos artigos 240 e 241A do Estatuto da Crian\u00e7a e do Adolescente.<\/p>\n<p>De acordo com a Pol\u00edcia Civil, a Delegacia de Defesa da Mulher (DDM) de Registro recebeu a den\u00fancia da adolescente, onde segundo ela, no \u00faltimo dia 10 de abril, ap\u00f3s o t\u00e9rmino do relacionamento, o ex-companheiro compartilhou com amigos, via aplicativo de mensagem, um v\u00eddeo \u00edntimo da v\u00edtima.<\/p>\n<p>Os policiais receberam o mandado de busca e apreens\u00e3o na casa do homem e ao chegarem na Rua Ant\u00f4nio Leal das Neves, no munic\u00edpio de Juqui\u00e1. Ele acabou sendo preso e o celular foi apreendido e encaminhado \u00e0 per\u00edcia criminal.<\/p>\n<p>Ainda segundo a Pol\u00edcia Civil, ser\u00e1 feito um laudo t\u00e9cnico para continuidade das investiga\u00e7\u00f5es e responsabiliza\u00e7\u00e3o do autor da pr\u00e1tica criminosa.<\/p>\n<p><strong>LEIA TAMB\u00c9M<\/strong><\/p>\n<p><a href=\"https:\/\/redenoticiaz.com.br\/litoralsp\/2023\/05\/04\/homem-e-espancado-apos-ser-acusado-de-roubo-de-motocicleta\">Homem \u00e9 espancado ap\u00f3s ser acusado de roubo de motocicleta<\/a><\/p>\n","protected":false},"excerpt":{"rendered":"<p>Um jovem de 18 anos foi preso nessa quinta-feira (04), acusado de compartilhar imagens e v\u00eddeo \u00edntimo de uma adolescente de 17 anos. O caso aconteceu em Juqui\u00e1 e ele vai responder pelos crimes constatados nos artigos 240 e 241A do Estatuto da Crian\u00e7a e do Adolescente. De acordo com a Pol\u00edcia Civil, a Delegacia &hellip;<\/p>\n","protected":false},"author":6,"featured_media":105164,"comment_status":"open","ping_status":"closed","sticky":false,"template":"","format":"standard","meta":{"footnotes":""},"categories":[10,41091],"tags":[5702,17704,33188,6733,48084],"class_list":["post-105163","post","type-post","status-publish","format-standard","has-post-thumbnail","hentry","category-policia","category-registro","tag-delegacia-de-defesa-da-mulher","tag-jovem-preso","tag-juquia","tag-registro","tag-video-intimo"],"yoast_head":"<!-- This site is optimized with the Yoast SEO plugin v27.4 - https:\/\/yoast.com\/product\/yoast-seo-wordpress\/ -->\n<title>Homem \u00e9 preso por compartilhar v\u00eddeo \u00edntimo de ex-namorada - Litoral SP<\/title>\n<meta name=\"description\" content=\"Um jovem de 18 anos foi preso nessa quinta-feira (04), acusado de compartilhar imagens e v\u00eddeo \u00edntimo de uma adolescente de 17 anos.\" \/>\n<meta name=\"robots\" content=\"index, follow, max-snippet:-1, max-image-preview:large, max-video-preview:-1\" \/>\n<link rel=\"canonical\" href=\"https:\/\/redenoticiaz.com.br\/litoralsp\/2023\/05\/05\/homem-e-preso-por-compartilhar-video-intimo-de-ex-namorada\" \/>\n<meta property=\"og:locale\" content=\"pt_BR\" \/>\n<meta property=\"og:type\" content=\"article\" \/>\n<meta property=\"og:title\" content=\"Homem \u00e9 preso por compartilhar v\u00eddeo \u00edntimo de ex-namorada - Litoral SP\" \/>\n<meta property=\"og:description\" content=\"Um jovem de 18 anos foi preso nessa quinta-feira (04), acusado de compartilhar imagens e v\u00eddeo \u00edntimo de uma adolescente de 17 anos.\" \/>\n<meta property=\"og:url\" content=\"https:\/\/redenoticiaz.com.br\/litoralsp\/2023\/05\/05\/homem-e-preso-por-compartilhar-video-intimo-de-ex-namorada\" \/>\n<meta property=\"og:site_name\" content=\"Litoral SP\" \/>\n<meta property=\"article:published_time\" content=\"2023-05-05T13:45:16+00:00\" \/>\n<meta property=\"og:image\" content=\"https:\/\/redenoticiaz.com.br\/litoralsp\/wp-content\/uploads\/sites\/3\/2023\/05\/WhatsApp-Image-2023-05-04-at-19.04.521.jpeg\" \/>\n\t<meta property=\"og:image:width\" content=\"1600\" \/>\n\t<meta property=\"og:image:height\" content=\"900\" \/>\n\t<meta property=\"og:image:type\" content=\"image\/jpeg\" \/>\n<meta name=\"author\" content=\"Leonardo Francisco\" \/>\n<meta name=\"twitter:card\" content=\"summary_large_image\" \/>\n<meta name=\"twitter:label1\" content=\"Escrito por\" \/>\n\t<meta name=\"twitter:data1\" content=\"Leonardo Francisco\" \/>\n\t<meta name=\"twitter:label2\" content=\"Est. tempo de leitura\" \/>\n\t<meta name=\"twitter:data2\" content=\"1 minuto\" \/>\n<script type=\"application\/ld+json\" class=\"yoast-schema-graph\">{\"@context\":\"https:\\\/\\\/schema.org\",\"@graph\":[{\"@type\":\"Article\",\"@id\":\"https:\\\/\\\/redenoticiaz.com.br\\\/litoralsp\\\/2023\\\/05\\\/05\\\/homem-e-preso-por-compartilhar-video-intimo-de-ex-namorada#article\",\"isPartOf\":{\"@id\":\"https:\\\/\\\/redenoticiaz.com.br\\\/litoralsp\\\/2023\\\/05\\\/05\\\/homem-e-preso-por-compartilhar-video-intimo-de-ex-namorada\"},\"author\":{\"name\":\"Leonardo Francisco\",\"@id\":\"https:\\\/\\\/redenoticiaz.com.br\\\/litoralsp\\\/#\\\/schema\\\/person\\\/0f0b8a5bdafefe82841e07ae8d81ecb3\"},\"headline\":\"Homem \u00e9 preso por compartilhar v\u00eddeo \u00edntimo de ex-namorada\",\"datePublished\":\"2023-05-05T13:45:16+00:00\",\"mainEntityOfPage\":{\"@id\":\"https:\\\/\\\/redenoticiaz.com.br\\\/litoralsp\\\/2023\\\/05\\\/05\\\/homem-e-preso-por-compartilhar-video-intimo-de-ex-namorada\"},\"wordCount\":189,\"commentCount\":0,\"publisher\":{\"@id\":\"https:\\\/\\\/redenoticiaz.com.br\\\/litoralsp\\\/#organization\"},\"image\":{\"@id\":\"https:\\\/\\\/redenoticiaz.com.br\\\/litoralsp\\\/2023\\\/05\\\/05\\\/homem-e-preso-por-compartilhar-video-intimo-de-ex-namorada#primaryimage\"},\"thumbnailUrl\":\"https:\\\/\\\/redenoticiaz.com.br\\\/litoralsp\\\/wp-content\\\/uploads\\\/sites\\\/3\\\/2023\\\/05\\\/WhatsApp-Image-2023-05-04-at-19.04.521.jpeg\",\"keywords\":[\"DELEGACIA DE DEFESA DA MULHER\",\"JOVEM PRESO\",\"JUQUI\u00c1\",\"REGISTRO\",\"V\u00cdDEO \u00cdNTIMO\"],\"articleSection\":[\"Pol\u00edcia\",\"Registro\"],\"inLanguage\":\"pt-BR\",\"potentialAction\":[{\"@type\":\"CommentAction\",\"name\":\"Comment\",\"target\":[\"https:\\\/\\\/redenoticiaz.com.br\\\/litoralsp\\\/2023\\\/05\\\/05\\\/homem-e-preso-por-compartilhar-video-intimo-de-ex-namorada#respond\"]}]},{\"@type\":\"WebPage\",\"@id\":\"https:\\\/\\\/redenoticiaz.com.br\\\/litoralsp\\\/2023\\\/05\\\/05\\\/homem-e-preso-por-compartilhar-video-intimo-de-ex-namorada\",\"url\":\"https:\\\/\\\/redenoticiaz.com.br\\\/litoralsp\\\/2023\\\/05\\\/05\\\/homem-e-preso-por-compartilhar-video-intimo-de-ex-namorada\",\"name\":\"Homem \u00e9 preso por compartilhar v\u00eddeo \u00edntimo de ex-namorada - Litoral SP\",\"isPartOf\":{\"@id\":\"https:\\\/\\\/redenoticiaz.com.br\\\/litoralsp\\\/#website\"},\"primaryImageOfPage\":{\"@id\":\"https:\\\/\\\/redenoticiaz.com.br\\\/litoralsp\\\/2023\\\/05\\\/05\\\/homem-e-preso-por-compartilhar-video-intimo-de-ex-namorada#primaryimage\"},\"image\":{\"@id\":\"https:\\\/\\\/redenoticiaz.com.br\\\/litoralsp\\\/2023\\\/05\\\/05\\\/homem-e-preso-por-compartilhar-video-intimo-de-ex-namorada#primaryimage\"},\"thumbnailUrl\":\"https:\\\/\\\/redenoticiaz.com.br\\\/litoralsp\\\/wp-content\\\/uploads\\\/sites\\\/3\\\/2023\\\/05\\\/WhatsApp-Image-2023-05-04-at-19.04.521.jpeg\",\"datePublished\":\"2023-05-05T13:45:16+00:00\",\"description\":\"Um jovem de 18 anos foi preso nessa quinta-feira (04), acusado de compartilhar imagens e v\u00eddeo \u00edntimo de uma adolescente de 17 anos.\",\"inLanguage\":\"pt-BR\",\"potentialAction\":[{\"@type\":\"ReadAction\",\"target\":[\"https:\\\/\\\/redenoticiaz.com.br\\\/litoralsp\\\/2023\\\/05\\\/05\\\/homem-e-preso-por-compartilhar-video-intimo-de-ex-namorada\"]}]},{\"@type\":\"ImageObject\",\"inLanguage\":\"pt-BR\",\"@id\":\"https:\\\/\\\/redenoticiaz.com.br\\\/litoralsp\\\/2023\\\/05\\\/05\\\/homem-e-preso-por-compartilhar-video-intimo-de-ex-namorada#primaryimage\",\"url\":\"https:\\\/\\\/redenoticiaz.com.br\\\/litoralsp\\\/wp-content\\\/uploads\\\/sites\\\/3\\\/2023\\\/05\\\/WhatsApp-Image-2023-05-04-at-19.04.521.jpeg\",\"contentUrl\":\"https:\\\/\\\/redenoticiaz.com.br\\\/litoralsp\\\/wp-content\\\/uploads\\\/sites\\\/3\\\/2023\\\/05\\\/WhatsApp-Image-2023-05-04-at-19.04.521.jpeg\",\"width\":1600,\"height\":900,\"caption\":\"Cr\u00e9ditos: Divulga\u00e7\u00e3o\\\/Pol\u00edcia Civil\"},{\"@type\":\"WebSite\",\"@id\":\"https:\\\/\\\/redenoticiaz.com.br\\\/litoralsp\\\/#website\",\"url\":\"https:\\\/\\\/redenoticiaz.com.br\\\/litoralsp\\\/\",\"name\":\"Litoral SP\",\"description\":\"Rede NoticiaZ\",\"publisher\":{\"@id\":\"https:\\\/\\\/redenoticiaz.com.br\\\/litoralsp\\\/#organization\"},\"potentialAction\":[{\"@type\":\"SearchAction\",\"target\":{\"@type\":\"EntryPoint\",\"urlTemplate\":\"https:\\\/\\\/redenoticiaz.com.br\\\/litoralsp\\\/?s={search_term_string}\"},\"query-input\":{\"@type\":\"PropertyValueSpecification\",\"valueRequired\":true,\"valueName\":\"search_term_string\"}}],\"inLanguage\":\"pt-BR\"},{\"@type\":\"Organization\",\"@id\":\"https:\\\/\\\/redenoticiaz.com.br\\\/litoralsp\\\/#organization\",\"name\":\"Litoral SP\",\"url\":\"https:\\\/\\\/redenoticiaz.com.br\\\/litoralsp\\\/\",\"logo\":{\"@type\":\"ImageObject\",\"inLanguage\":\"pt-BR\",\"@id\":\"https:\\\/\\\/redenoticiaz.com.br\\\/litoralsp\\\/#\\\/schema\\\/logo\\\/image\\\/\",\"url\":\"https:\\\/\\\/redenoticiaz.com.br\\\/litoralsp\\\/wp-content\\\/uploads\\\/sites\\\/3\\\/2020\\\/11\\\/logo.jpg\",\"contentUrl\":\"https:\\\/\\\/redenoticiaz.com.br\\\/litoralsp\\\/wp-content\\\/uploads\\\/sites\\\/3\\\/2020\\\/11\\\/logo.jpg\",\"width\":400,\"height\":250,\"caption\":\"Litoral SP\"},\"image\":{\"@id\":\"https:\\\/\\\/redenoticiaz.com.br\\\/litoralsp\\\/#\\\/schema\\\/logo\\\/image\\\/\"}},{\"@type\":\"Person\",\"@id\":\"https:\\\/\\\/redenoticiaz.com.br\\\/litoralsp\\\/#\\\/schema\\\/person\\\/0f0b8a5bdafefe82841e07ae8d81ecb3\",\"name\":\"Leonardo Francisco\",\"image\":{\"@type\":\"ImageObject\",\"inLanguage\":\"pt-BR\",\"@id\":\"https:\\\/\\\/secure.gravatar.com\\\/avatar\\\/a7358cb406a99b682ec6df1e77e31ae82e63601f6784e8a3df411d72b37864da?s=96&d=mm&r=g\",\"url\":\"https:\\\/\\\/secure.gravatar.com\\\/avatar\\\/a7358cb406a99b682ec6df1e77e31ae82e63601f6784e8a3df411d72b37864da?s=96&d=mm&r=g\",\"contentUrl\":\"https:\\\/\\\/secure.gravatar.com\\\/avatar\\\/a7358cb406a99b682ec6df1e77e31ae82e63601f6784e8a3df411d72b37864da?s=96&d=mm&r=g\",\"caption\":\"Leonardo Francisco\"},\"url\":\"https:\\\/\\\/redenoticiaz.com.br\\\/litoralsp\\\/author\\\/leonardo-francisco\"}]}<\/script>\n<!-- \/ Yoast SEO plugin. -->","yoast_head_json":{"title":"Homem \u00e9 preso por compartilhar v\u00eddeo \u00edntimo de ex-namorada - Litoral SP","description":"Um jovem de 18 anos foi preso nessa quinta-feira (04), acusado de compartilhar imagens e v\u00eddeo \u00edntimo de uma adolescente de 17 anos.","robots":{"index":"index","follow":"follow","max-snippet":"max-snippet:-1","max-image-preview":"max-image-preview:large","max-video-preview":"max-video-preview:-1"},"canonical":"https:\/\/redenoticiaz.com.br\/litoralsp\/2023\/05\/05\/homem-e-preso-por-compartilhar-video-intimo-de-ex-namorada","og_locale":"pt_BR","og_type":"article","og_title":"Homem \u00e9 preso por compartilhar v\u00eddeo \u00edntimo de ex-namorada - Litoral SP","og_description":"Um jovem de 18 anos foi preso nessa quinta-feira (04), acusado de compartilhar imagens e v\u00eddeo \u00edntimo de uma adolescente de 17 anos.","og_url":"https:\/\/redenoticiaz.com.br\/litoralsp\/2023\/05\/05\/homem-e-preso-por-compartilhar-video-intimo-de-ex-namorada","og_site_name":"Litoral SP","article_published_time":"2023-05-05T13:45:16+00:00","og_image":[{"width":1600,"height":900,"url":"https:\/\/redenoticiaz.com.br\/litoralsp\/wp-content\/uploads\/sites\/3\/2023\/05\/WhatsApp-Image-2023-05-04-at-19.04.521.jpeg","type":"image\/jpeg"}],"author":"Leonardo Francisco","twitter_card":"summary_large_image","twitter_misc":{"Escrito por":"Leonardo Francisco","Est. tempo de leitura":"1 minuto"},"schema":{"@context":"https:\/\/schema.org","@graph":[{"@type":"Article","@id":"https:\/\/redenoticiaz.com.br\/litoralsp\/2023\/05\/05\/homem-e-preso-por-compartilhar-video-intimo-de-ex-namorada#article","isPartOf":{"@id":"https:\/\/redenoticiaz.com.br\/litoralsp\/2023\/05\/05\/homem-e-preso-por-compartilhar-video-intimo-de-ex-namorada"},"author":{"name":"Leonardo Francisco","@id":"https:\/\/redenoticiaz.com.br\/litoralsp\/#\/schema\/person\/0f0b8a5bdafefe82841e07ae8d81ecb3"},"headline":"Homem \u00e9 preso por compartilhar v\u00eddeo \u00edntimo de ex-namorada","datePublished":"2023-05-05T13:45:16+00:00","mainEntityOfPage":{"@id":"https:\/\/redenoticiaz.com.br\/litoralsp\/2023\/05\/05\/homem-e-preso-por-compartilhar-video-intimo-de-ex-namorada"},"wordCount":189,"commentCount":0,"publisher":{"@id":"https:\/\/redenoticiaz.com.br\/litoralsp\/#organization"},"image":{"@id":"https:\/\/redenoticiaz.com.br\/litoralsp\/2023\/05\/05\/homem-e-preso-por-compartilhar-video-intimo-de-ex-namorada#primaryimage"},"thumbnailUrl":"https:\/\/redenoticiaz.com.br\/litoralsp\/wp-content\/uploads\/sites\/3\/2023\/05\/WhatsApp-Image-2023-05-04-at-19.04.521.jpeg","keywords":["DELEGACIA DE DEFESA DA MULHER","JOVEM PRESO","JUQUI\u00c1","REGISTRO","V\u00cdDEO \u00cdNTIMO"],"articleSection":["Pol\u00edcia","Registro"],"inLanguage":"pt-BR","potentialAction":[{"@type":"CommentAction","name":"Comment","target":["https:\/\/redenoticiaz.com.br\/litoralsp\/2023\/05\/05\/homem-e-preso-por-compartilhar-video-intimo-de-ex-namorada#respond"]}]},{"@type":"WebPage","@id":"https:\/\/redenoticiaz.com.br\/litoralsp\/2023\/05\/05\/homem-e-preso-por-compartilhar-video-intimo-de-ex-namorada","url":"https:\/\/redenoticiaz.com.br\/litoralsp\/2023\/05\/05\/homem-e-preso-por-compartilhar-video-intimo-de-ex-namorada","name":"Homem \u00e9 preso por compartilhar v\u00eddeo \u00edntimo de ex-namorada - Litoral SP","isPartOf":{"@id":"https:\/\/redenoticiaz.com.br\/litoralsp\/#website"},"primaryImageOfPage":{"@id":"https:\/\/redenoticiaz.com.br\/litoralsp\/2023\/05\/05\/homem-e-preso-por-compartilhar-video-intimo-de-ex-namorada#primaryimage"},"image":{"@id":"https:\/\/redenoticiaz.com.br\/litoralsp\/2023\/05\/05\/homem-e-preso-por-compartilhar-video-intimo-de-ex-namorada#primaryimage"},"thumbnailUrl":"https:\/\/redenoticiaz.com.br\/litoralsp\/wp-content\/uploads\/sites\/3\/2023\/05\/WhatsApp-Image-2023-05-04-at-19.04.521.jpeg","datePublished":"2023-05-05T13:45:16+00:00","description":"Um jovem de 18 anos foi preso nessa quinta-feira (04), acusado de compartilhar imagens e v\u00eddeo \u00edntimo de uma adolescente de 17 anos.","inLanguage":"pt-BR","potentialAction":[{"@type":"ReadAction","target":["https:\/\/redenoticiaz.com.br\/litoralsp\/2023\/05\/05\/homem-e-preso-por-compartilhar-video-intimo-de-ex-namorada"]}]},{"@type":"ImageObject","inLanguage":"pt-BR","@id":"https:\/\/redenoticiaz.com.br\/litoralsp\/2023\/05\/05\/homem-e-preso-por-compartilhar-video-intimo-de-ex-namorada#primaryimage","url":"https:\/\/redenoticiaz.com.br\/litoralsp\/wp-content\/uploads\/sites\/3\/2023\/05\/WhatsApp-Image-2023-05-04-at-19.04.521.jpeg","contentUrl":"https:\/\/redenoticiaz.com.br\/litoralsp\/wp-content\/uploads\/sites\/3\/2023\/05\/WhatsApp-Image-2023-05-04-at-19.04.521.jpeg","width":1600,"height":900,"caption":"Cr\u00e9ditos: Divulga\u00e7\u00e3o\/Pol\u00edcia Civil"},{"@type":"WebSite","@id":"https:\/\/redenoticiaz.com.br\/litoralsp\/#website","url":"https:\/\/redenoticiaz.com.br\/litoralsp\/","name":"Litoral SP","description":"Rede NoticiaZ","publisher":{"@id":"https:\/\/redenoticiaz.com.br\/litoralsp\/#organization"},"potentialAction":[{"@type":"SearchAction","target":{"@type":"EntryPoint","urlTemplate":"https:\/\/redenoticiaz.com.br\/litoralsp\/?s={search_term_string}"},"query-input":{"@type":"PropertyValueSpecification","valueRequired":true,"valueName":"search_term_string"}}],"inLanguage":"pt-BR"},{"@type":"Organization","@id":"https:\/\/redenoticiaz.com.br\/litoralsp\/#organization","name":"Litoral SP","url":"https:\/\/redenoticiaz.com.br\/litoralsp\/","logo":{"@type":"ImageObject","inLanguage":"pt-BR","@id":"https:\/\/redenoticiaz.com.br\/litoralsp\/#\/schema\/logo\/image\/","url":"https:\/\/redenoticiaz.com.br\/litoralsp\/wp-content\/uploads\/sites\/3\/2020\/11\/logo.jpg","contentUrl":"https:\/\/redenoticiaz.com.br\/litoralsp\/wp-content\/uploads\/sites\/3\/2020\/11\/logo.jpg","width":400,"height":250,"caption":"Litoral SP"},"image":{"@id":"https:\/\/redenoticiaz.com.br\/litoralsp\/#\/schema\/logo\/image\/"}},{"@type":"Person","@id":"https:\/\/redenoticiaz.com.br\/litoralsp\/#\/schema\/person\/0f0b8a5bdafefe82841e07ae8d81ecb3","name":"Leonardo Francisco","image":{"@type":"ImageObject","inLanguage":"pt-BR","@id":"https:\/\/secure.gravatar.com\/avatar\/a7358cb406a99b682ec6df1e77e31ae82e63601f6784e8a3df411d72b37864da?s=96&d=mm&r=g","url":"https:\/\/secure.gravatar.com\/avatar\/a7358cb406a99b682ec6df1e77e31ae82e63601f6784e8a3df411d72b37864da?s=96&d=mm&r=g","contentUrl":"https:\/\/secure.gravatar.com\/avatar\/a7358cb406a99b682ec6df1e77e31ae82e63601f6784e8a3df411d72b37864da?s=96&d=mm&r=g","caption":"Leonardo Francisco"},"url":"https:\/\/redenoticiaz.com.br\/litoralsp\/author\/leonardo-francisco"}]}},"_links":{"self":[{"href":"https:\/\/redenoticiaz.com.br\/litoralsp\/wp-json\/wp\/v2\/posts\/105163","targetHints":{"allow":["GET"]}}],"collection":[{"href":"https:\/\/redenoticiaz.com.br\/litoralsp\/wp-json\/wp\/v2\/posts"}],"about":[{"href":"https:\/\/redenoticiaz.com.br\/litoralsp\/wp-json\/wp\/v2\/types\/post"}],"author":[{"embeddable":true,"href":"https:\/\/redenoticiaz.com.br\/litoralsp\/wp-json\/wp\/v2\/users\/6"}],"replies":[{"embeddable":true,"href":"https:\/\/redenoticiaz.com.br\/litoralsp\/wp-json\/wp\/v2\/comments?post=105163"}],"version-history":[{"count":2,"href":"https:\/\/redenoticiaz.com.br\/litoralsp\/wp-json\/wp\/v2\/posts\/105163\/revisions"}],"predecessor-version":[{"id":105166,"href":"https:\/\/redenoticiaz.com.br\/litoralsp\/wp-json\/wp\/v2\/posts\/105163\/revisions\/105166"}],"wp:featuredmedia":[{"embeddable":true,"href":"https:\/\/redenoticiaz.com.br\/litoralsp\/wp-json\/wp\/v2\/media\/105164"}],"wp:attachment":[{"href":"https:\/\/redenoticiaz.com.br\/litoralsp\/wp-json\/wp\/v2\/media?parent=105163"}],"wp:term":[{"taxonomy":"category","embeddable":true,"href":"https:\/\/redenoticiaz.com.br\/litoralsp\/wp-json\/wp\/v2\/categories?post=105163"},{"taxonomy":"post_tag","embeddable":true,"href":"https:\/\/redenoticiaz.com.br\/litoralsp\/wp-json\/wp\/v2\/tags?post=105163"}],"curies":[{"name":"wp","href":"https:\/\/api.w.org\/{rel}","templated":true}]}}