{"id":105238,"date":"2023-05-06T16:24:40","date_gmt":"2023-05-06T19:24:40","guid":{"rendered":"https:\/\/redenoticiaz.com.br\/litoralsp\/?p=105238"},"modified":"2023-05-06T16:24:40","modified_gmt":"2023-05-06T19:24:40","slug":"moveis-avaliados-em-r-20-mil-sao-recuperados-e-adolescente-e-apreendido","status":"publish","type":"post","link":"https:\/\/redenoticiaz.com.br\/litoralsp\/2023\/05\/06\/moveis-avaliados-em-r-20-mil-sao-recuperados-e-adolescente-e-apreendido","title":{"rendered":"M\u00f3veis avaliados em R$ 20 mil s\u00e3o recuperados e adolescente \u00e9 apreendido"},"content":{"rendered":"<p>Uma carga de <strong>m\u00f3veis planejados avaliada em R$ 20 mil<\/strong> foi recuperada, ap\u00f3s ter sido roubada no Guaruj\u00e1 na quinta-feira (4). Dois homens e um adolescente de 17 estiveram envolvidos no crime e o menor foi apreendido na a\u00e7\u00e3o. Os demais foram identificados, mas seguem foragidos.<\/p>\n<p>De acordo com a Pol\u00edcia Civil, a equipe da Delegacia Sede do Guaruj\u00e1 foi informada que uma dupla rendeu o\u00a0 motorista da transportadora enquanto ele descarregava parte da mercadoria em uma resid\u00eancia situada no Bairro Jardim Monteiro da Cruz. No boletim de ocorr\u00eancia, a v\u00edtima explicou que foi obrigado a dirigir at\u00e9 a entrada de uma comunidade situada no Jardim Boa Esperan\u00e7a e l\u00e1 teve a mercadoria subtra\u00edda por outros suspeitos que j\u00e1 aguardavam.<\/p>\n<p>Nas investiga\u00e7\u00f5es, os policiais descobriram a localiza\u00e7\u00e3o da casa onde esses im\u00f3veis foram armazenados, sendo deslocadas equipes para proceder a apura\u00e7\u00e3o das informa\u00e7\u00f5es. Ao chegar, os policiais civis conseguiram visualizar as caixas empilhadas dentro do im\u00f3vel e, por isso, ingressaram na resid\u00eancia.<\/p>\n<figure id=\"attachment_105239\" aria-describedby=\"caption-attachment-105239\" style=\"width: 225px\" class=\"wp-caption alignleft\"><img loading=\"lazy\" decoding=\"async\" class=\"size-medium wp-image-105239\" src=\"https:\/\/redenoticiaz.com.br\/litoralsp\/wp-content\/uploads\/sites\/3\/2023\/05\/WhatsApp-Image-2023-05-06-at-14.35.39-225x300.jpeg\" alt=\"\" width=\"225\" height=\"300\" srcset=\"https:\/\/redenoticiaz.com.br\/litoralsp\/wp-content\/uploads\/sites\/3\/2023\/05\/WhatsApp-Image-2023-05-06-at-14.35.39-225x300.jpeg 225w, https:\/\/redenoticiaz.com.br\/litoralsp\/wp-content\/uploads\/sites\/3\/2023\/05\/WhatsApp-Image-2023-05-06-at-14.35.39.jpeg 768w\" sizes=\"auto, (max-width: 225px) 100vw, 225px\" \/><figcaption id=\"caption-attachment-105239\" class=\"wp-caption-text\">Cr\u00e9ditos: Divulga\u00e7\u00e3o\/Pol\u00edcia Civil<\/figcaption><\/figure>\n<p>O adolescente estava na casa, foi abordado e confessou armazenar drogas nos fundos do im\u00f3vel. Ap\u00f3s proceder com a revista no local, os investigadores apreenderam: 394 pedras de crack, 44 por\u00e7\u00f5es de maconha, 50 por\u00e7\u00f5es de skunk e 39 frascos de lan\u00e7a-perfume. Al\u00e9m das drogas, foram recolhidas duas motocicletas sem placas, quatro bicicletas novas e as 76 caixas dos m\u00f3veis, devolvidas \u00e0 v\u00edtima do crime.<\/p>\n<p>Um jovem de 23 anos foi identificado e ser\u00e1 investigado pela participa\u00e7\u00e3o no roubo. O menor foi conduzido \u00e0 Delegacia de Pol\u00edcia e, ap\u00f3s ado\u00e7\u00e3o dos procedimentos legais previstos no Estatuto da Crian\u00e7a e do Adolescente, foi levado \u00e0 Funda\u00e7\u00e3o Casa.<\/p>\n<p><strong>LEIA TAMB\u00c9M<\/strong><\/p>\n<p><a href=\"https:\/\/redenoticiaz.com.br\/litoralsp\/2023\/05\/05\/casal-de-santos-leva-prejuizo-de-r-550-mil-apos-furtos\">Casal de Santos leva preju\u00edzo de R$ 550 mil ap\u00f3s furtos<\/a><\/p>\n","protected":false},"excerpt":{"rendered":"<p>Uma carga de m\u00f3veis planejados avaliada em R$ 20 mil foi recuperada, ap\u00f3s ter sido roubada no Guaruj\u00e1 na quinta-feira (4). Dois homens e um adolescente de 17 estiveram envolvidos no crime e o menor foi apreendido na a\u00e7\u00e3o. Os demais foram identificados, mas seguem foragidos. De acordo com a Pol\u00edcia Civil, a equipe da &hellip;<\/p>\n","protected":false},"author":6,"featured_media":105240,"comment_status":"open","ping_status":"closed","sticky":false,"template":"","format":"standard","meta":{"footnotes":""},"categories":[187,10],"tags":[2803,6426,26974,64983,64984],"class_list":["post-105238","post","type-post","status-publish","format-standard","has-post-thumbnail","hentry","category-guaruja","category-policia","tag-assalto","tag-guaruja-2","tag-jardim-boa-esperanca","tag-jardim-monteiro-da-cruz","tag-moveis-planejados"],"yoast_head":"<!-- This site is optimized with the Yoast SEO plugin v27.5 - https:\/\/yoast.com\/product\/yoast-seo-wordpress\/ -->\n<title>M\u00f3veis avaliados em R$ 20 mil s\u00e3o recuperados e adolescente \u00e9 apreendido - Litoral SP<\/title>\n<meta name=\"description\" content=\"Uma carga de m\u00f3veis planejados avaliada em R$ 20 mil foi recuperada, ap\u00f3s ter sido roubada no Guaruj\u00e1 na quinta-feira (4). Dois homens\" \/>\n<meta name=\"robots\" content=\"index, follow, max-snippet:-1, max-image-preview:large, max-video-preview:-1\" \/>\n<link rel=\"canonical\" href=\"https:\/\/redenoticiaz.com.br\/litoralsp\/2023\/05\/06\/moveis-avaliados-em-r-20-mil-sao-recuperados-e-adolescente-e-apreendido\" \/>\n<meta property=\"og:locale\" content=\"pt_BR\" \/>\n<meta property=\"og:type\" content=\"article\" \/>\n<meta property=\"og:title\" content=\"M\u00f3veis avaliados em R$ 20 mil s\u00e3o recuperados e adolescente \u00e9 apreendido - Litoral SP\" \/>\n<meta property=\"og:description\" content=\"Uma carga de m\u00f3veis planejados avaliada em R$ 20 mil foi recuperada, ap\u00f3s ter sido roubada no Guaruj\u00e1 na quinta-feira (4). Dois homens\" \/>\n<meta property=\"og:url\" content=\"https:\/\/redenoticiaz.com.br\/litoralsp\/2023\/05\/06\/moveis-avaliados-em-r-20-mil-sao-recuperados-e-adolescente-e-apreendido\" \/>\n<meta property=\"og:site_name\" content=\"Litoral SP\" \/>\n<meta property=\"article:published_time\" content=\"2023-05-06T19:24:40+00:00\" \/>\n<meta property=\"og:image\" content=\"https:\/\/redenoticiaz.com.br\/litoralsp\/wp-content\/uploads\/sites\/3\/2023\/05\/WhatsApp-Image-2023-05-06-at-14.35.36.jpeg\" \/>\n\t<meta property=\"og:image:width\" content=\"1024\" \/>\n\t<meta property=\"og:image:height\" content=\"461\" \/>\n\t<meta property=\"og:image:type\" content=\"image\/jpeg\" \/>\n<meta name=\"author\" content=\"Leonardo Francisco\" \/>\n<meta name=\"twitter:card\" content=\"summary_large_image\" \/>\n<meta name=\"twitter:label1\" content=\"Escrito por\" \/>\n\t<meta name=\"twitter:data1\" content=\"Leonardo Francisco\" \/>\n\t<meta name=\"twitter:label2\" content=\"Est. tempo de leitura\" \/>\n\t<meta name=\"twitter:data2\" content=\"2 minutos\" \/>\n<script type=\"application\/ld+json\" class=\"yoast-schema-graph\">{\"@context\":\"https:\\\/\\\/schema.org\",\"@graph\":[{\"@type\":\"Article\",\"@id\":\"https:\\\/\\\/redenoticiaz.com.br\\\/litoralsp\\\/2023\\\/05\\\/06\\\/moveis-avaliados-em-r-20-mil-sao-recuperados-e-adolescente-e-apreendido#article\",\"isPartOf\":{\"@id\":\"https:\\\/\\\/redenoticiaz.com.br\\\/litoralsp\\\/2023\\\/05\\\/06\\\/moveis-avaliados-em-r-20-mil-sao-recuperados-e-adolescente-e-apreendido\"},\"author\":{\"name\":\"Leonardo Francisco\",\"@id\":\"https:\\\/\\\/redenoticiaz.com.br\\\/litoralsp\\\/#\\\/schema\\\/person\\\/0f0b8a5bdafefe82841e07ae8d81ecb3\"},\"headline\":\"M\u00f3veis avaliados em R$ 20 mil s\u00e3o recuperados e adolescente \u00e9 apreendido\",\"datePublished\":\"2023-05-06T19:24:40+00:00\",\"mainEntityOfPage\":{\"@id\":\"https:\\\/\\\/redenoticiaz.com.br\\\/litoralsp\\\/2023\\\/05\\\/06\\\/moveis-avaliados-em-r-20-mil-sao-recuperados-e-adolescente-e-apreendido\"},\"wordCount\":327,\"commentCount\":0,\"publisher\":{\"@id\":\"https:\\\/\\\/redenoticiaz.com.br\\\/litoralsp\\\/#organization\"},\"image\":{\"@id\":\"https:\\\/\\\/redenoticiaz.com.br\\\/litoralsp\\\/2023\\\/05\\\/06\\\/moveis-avaliados-em-r-20-mil-sao-recuperados-e-adolescente-e-apreendido#primaryimage\"},\"thumbnailUrl\":\"https:\\\/\\\/redenoticiaz.com.br\\\/litoralsp\\\/wp-content\\\/uploads\\\/sites\\\/3\\\/2023\\\/05\\\/WhatsApp-Image-2023-05-06-at-14.35.36.jpeg\",\"keywords\":[\"Assalto\",\"Guaruj\u00e1\",\"JARDIM BOA ESPERAN\u00c7A\",\"JARDIM MONTEIRO DA CRUZ\",\"M\u00d3VEIS PLANEJADOS\"],\"articleSection\":[\"Guaruj\u00e1\",\"Pol\u00edcia\"],\"inLanguage\":\"pt-BR\",\"potentialAction\":[{\"@type\":\"CommentAction\",\"name\":\"Comment\",\"target\":[\"https:\\\/\\\/redenoticiaz.com.br\\\/litoralsp\\\/2023\\\/05\\\/06\\\/moveis-avaliados-em-r-20-mil-sao-recuperados-e-adolescente-e-apreendido#respond\"]}]},{\"@type\":\"WebPage\",\"@id\":\"https:\\\/\\\/redenoticiaz.com.br\\\/litoralsp\\\/2023\\\/05\\\/06\\\/moveis-avaliados-em-r-20-mil-sao-recuperados-e-adolescente-e-apreendido\",\"url\":\"https:\\\/\\\/redenoticiaz.com.br\\\/litoralsp\\\/2023\\\/05\\\/06\\\/moveis-avaliados-em-r-20-mil-sao-recuperados-e-adolescente-e-apreendido\",\"name\":\"M\u00f3veis avaliados em R$ 20 mil s\u00e3o recuperados e adolescente \u00e9 apreendido - Litoral SP\",\"isPartOf\":{\"@id\":\"https:\\\/\\\/redenoticiaz.com.br\\\/litoralsp\\\/#website\"},\"primaryImageOfPage\":{\"@id\":\"https:\\\/\\\/redenoticiaz.com.br\\\/litoralsp\\\/2023\\\/05\\\/06\\\/moveis-avaliados-em-r-20-mil-sao-recuperados-e-adolescente-e-apreendido#primaryimage\"},\"image\":{\"@id\":\"https:\\\/\\\/redenoticiaz.com.br\\\/litoralsp\\\/2023\\\/05\\\/06\\\/moveis-avaliados-em-r-20-mil-sao-recuperados-e-adolescente-e-apreendido#primaryimage\"},\"thumbnailUrl\":\"https:\\\/\\\/redenoticiaz.com.br\\\/litoralsp\\\/wp-content\\\/uploads\\\/sites\\\/3\\\/2023\\\/05\\\/WhatsApp-Image-2023-05-06-at-14.35.36.jpeg\",\"datePublished\":\"2023-05-06T19:24:40+00:00\",\"description\":\"Uma carga de m\u00f3veis planejados avaliada em R$ 20 mil foi recuperada, ap\u00f3s ter sido roubada no Guaruj\u00e1 na quinta-feira (4). Dois homens\",\"inLanguage\":\"pt-BR\",\"potentialAction\":[{\"@type\":\"ReadAction\",\"target\":[\"https:\\\/\\\/redenoticiaz.com.br\\\/litoralsp\\\/2023\\\/05\\\/06\\\/moveis-avaliados-em-r-20-mil-sao-recuperados-e-adolescente-e-apreendido\"]}]},{\"@type\":\"ImageObject\",\"inLanguage\":\"pt-BR\",\"@id\":\"https:\\\/\\\/redenoticiaz.com.br\\\/litoralsp\\\/2023\\\/05\\\/06\\\/moveis-avaliados-em-r-20-mil-sao-recuperados-e-adolescente-e-apreendido#primaryimage\",\"url\":\"https:\\\/\\\/redenoticiaz.com.br\\\/litoralsp\\\/wp-content\\\/uploads\\\/sites\\\/3\\\/2023\\\/05\\\/WhatsApp-Image-2023-05-06-at-14.35.36.jpeg\",\"contentUrl\":\"https:\\\/\\\/redenoticiaz.com.br\\\/litoralsp\\\/wp-content\\\/uploads\\\/sites\\\/3\\\/2023\\\/05\\\/WhatsApp-Image-2023-05-06-at-14.35.36.jpeg\",\"width\":1024,\"height\":461,\"caption\":\"Cr\u00e9ditos: Divulga\u00e7\u00e3o\\\/Pol\u00edcia Civil\"},{\"@type\":\"WebSite\",\"@id\":\"https:\\\/\\\/redenoticiaz.com.br\\\/litoralsp\\\/#website\",\"url\":\"https:\\\/\\\/redenoticiaz.com.br\\\/litoralsp\\\/\",\"name\":\"Litoral SP\",\"description\":\"Rede NoticiaZ\",\"publisher\":{\"@id\":\"https:\\\/\\\/redenoticiaz.com.br\\\/litoralsp\\\/#organization\"},\"potentialAction\":[{\"@type\":\"SearchAction\",\"target\":{\"@type\":\"EntryPoint\",\"urlTemplate\":\"https:\\\/\\\/redenoticiaz.com.br\\\/litoralsp\\\/?s={search_term_string}\"},\"query-input\":{\"@type\":\"PropertyValueSpecification\",\"valueRequired\":true,\"valueName\":\"search_term_string\"}}],\"inLanguage\":\"pt-BR\"},{\"@type\":\"Organization\",\"@id\":\"https:\\\/\\\/redenoticiaz.com.br\\\/litoralsp\\\/#organization\",\"name\":\"Litoral SP\",\"url\":\"https:\\\/\\\/redenoticiaz.com.br\\\/litoralsp\\\/\",\"logo\":{\"@type\":\"ImageObject\",\"inLanguage\":\"pt-BR\",\"@id\":\"https:\\\/\\\/redenoticiaz.com.br\\\/litoralsp\\\/#\\\/schema\\\/logo\\\/image\\\/\",\"url\":\"https:\\\/\\\/redenoticiaz.com.br\\\/litoralsp\\\/wp-content\\\/uploads\\\/sites\\\/3\\\/2020\\\/11\\\/logo.jpg\",\"contentUrl\":\"https:\\\/\\\/redenoticiaz.com.br\\\/litoralsp\\\/wp-content\\\/uploads\\\/sites\\\/3\\\/2020\\\/11\\\/logo.jpg\",\"width\":400,\"height\":250,\"caption\":\"Litoral SP\"},\"image\":{\"@id\":\"https:\\\/\\\/redenoticiaz.com.br\\\/litoralsp\\\/#\\\/schema\\\/logo\\\/image\\\/\"}},{\"@type\":\"Person\",\"@id\":\"https:\\\/\\\/redenoticiaz.com.br\\\/litoralsp\\\/#\\\/schema\\\/person\\\/0f0b8a5bdafefe82841e07ae8d81ecb3\",\"name\":\"Leonardo Francisco\",\"image\":{\"@type\":\"ImageObject\",\"inLanguage\":\"pt-BR\",\"@id\":\"https:\\\/\\\/secure.gravatar.com\\\/avatar\\\/a7358cb406a99b682ec6df1e77e31ae82e63601f6784e8a3df411d72b37864da?s=96&d=mm&r=g\",\"url\":\"https:\\\/\\\/secure.gravatar.com\\\/avatar\\\/a7358cb406a99b682ec6df1e77e31ae82e63601f6784e8a3df411d72b37864da?s=96&d=mm&r=g\",\"contentUrl\":\"https:\\\/\\\/secure.gravatar.com\\\/avatar\\\/a7358cb406a99b682ec6df1e77e31ae82e63601f6784e8a3df411d72b37864da?s=96&d=mm&r=g\",\"caption\":\"Leonardo Francisco\"},\"url\":\"https:\\\/\\\/redenoticiaz.com.br\\\/litoralsp\\\/author\\\/leonardo-francisco\"}]}<\/script>\n<!-- \/ Yoast SEO plugin. -->","yoast_head_json":{"title":"M\u00f3veis avaliados em R$ 20 mil s\u00e3o recuperados e adolescente \u00e9 apreendido - Litoral SP","description":"Uma carga de m\u00f3veis planejados avaliada em R$ 20 mil foi recuperada, ap\u00f3s ter sido roubada no Guaruj\u00e1 na quinta-feira (4). Dois homens","robots":{"index":"index","follow":"follow","max-snippet":"max-snippet:-1","max-image-preview":"max-image-preview:large","max-video-preview":"max-video-preview:-1"},"canonical":"https:\/\/redenoticiaz.com.br\/litoralsp\/2023\/05\/06\/moveis-avaliados-em-r-20-mil-sao-recuperados-e-adolescente-e-apreendido","og_locale":"pt_BR","og_type":"article","og_title":"M\u00f3veis avaliados em R$ 20 mil s\u00e3o recuperados e adolescente \u00e9 apreendido - Litoral SP","og_description":"Uma carga de m\u00f3veis planejados avaliada em R$ 20 mil foi recuperada, ap\u00f3s ter sido roubada no Guaruj\u00e1 na quinta-feira (4). Dois homens","og_url":"https:\/\/redenoticiaz.com.br\/litoralsp\/2023\/05\/06\/moveis-avaliados-em-r-20-mil-sao-recuperados-e-adolescente-e-apreendido","og_site_name":"Litoral SP","article_published_time":"2023-05-06T19:24:40+00:00","og_image":[{"width":1024,"height":461,"url":"https:\/\/redenoticiaz.com.br\/litoralsp\/wp-content\/uploads\/sites\/3\/2023\/05\/WhatsApp-Image-2023-05-06-at-14.35.36.jpeg","type":"image\/jpeg"}],"author":"Leonardo Francisco","twitter_card":"summary_large_image","twitter_misc":{"Escrito por":"Leonardo Francisco","Est. tempo de leitura":"2 minutos"},"schema":{"@context":"https:\/\/schema.org","@graph":[{"@type":"Article","@id":"https:\/\/redenoticiaz.com.br\/litoralsp\/2023\/05\/06\/moveis-avaliados-em-r-20-mil-sao-recuperados-e-adolescente-e-apreendido#article","isPartOf":{"@id":"https:\/\/redenoticiaz.com.br\/litoralsp\/2023\/05\/06\/moveis-avaliados-em-r-20-mil-sao-recuperados-e-adolescente-e-apreendido"},"author":{"name":"Leonardo Francisco","@id":"https:\/\/redenoticiaz.com.br\/litoralsp\/#\/schema\/person\/0f0b8a5bdafefe82841e07ae8d81ecb3"},"headline":"M\u00f3veis avaliados em R$ 20 mil s\u00e3o recuperados e adolescente \u00e9 apreendido","datePublished":"2023-05-06T19:24:40+00:00","mainEntityOfPage":{"@id":"https:\/\/redenoticiaz.com.br\/litoralsp\/2023\/05\/06\/moveis-avaliados-em-r-20-mil-sao-recuperados-e-adolescente-e-apreendido"},"wordCount":327,"commentCount":0,"publisher":{"@id":"https:\/\/redenoticiaz.com.br\/litoralsp\/#organization"},"image":{"@id":"https:\/\/redenoticiaz.com.br\/litoralsp\/2023\/05\/06\/moveis-avaliados-em-r-20-mil-sao-recuperados-e-adolescente-e-apreendido#primaryimage"},"thumbnailUrl":"https:\/\/redenoticiaz.com.br\/litoralsp\/wp-content\/uploads\/sites\/3\/2023\/05\/WhatsApp-Image-2023-05-06-at-14.35.36.jpeg","keywords":["Assalto","Guaruj\u00e1","JARDIM BOA ESPERAN\u00c7A","JARDIM MONTEIRO DA CRUZ","M\u00d3VEIS PLANEJADOS"],"articleSection":["Guaruj\u00e1","Pol\u00edcia"],"inLanguage":"pt-BR","potentialAction":[{"@type":"CommentAction","name":"Comment","target":["https:\/\/redenoticiaz.com.br\/litoralsp\/2023\/05\/06\/moveis-avaliados-em-r-20-mil-sao-recuperados-e-adolescente-e-apreendido#respond"]}]},{"@type":"WebPage","@id":"https:\/\/redenoticiaz.com.br\/litoralsp\/2023\/05\/06\/moveis-avaliados-em-r-20-mil-sao-recuperados-e-adolescente-e-apreendido","url":"https:\/\/redenoticiaz.com.br\/litoralsp\/2023\/05\/06\/moveis-avaliados-em-r-20-mil-sao-recuperados-e-adolescente-e-apreendido","name":"M\u00f3veis avaliados em R$ 20 mil s\u00e3o recuperados e adolescente \u00e9 apreendido - Litoral SP","isPartOf":{"@id":"https:\/\/redenoticiaz.com.br\/litoralsp\/#website"},"primaryImageOfPage":{"@id":"https:\/\/redenoticiaz.com.br\/litoralsp\/2023\/05\/06\/moveis-avaliados-em-r-20-mil-sao-recuperados-e-adolescente-e-apreendido#primaryimage"},"image":{"@id":"https:\/\/redenoticiaz.com.br\/litoralsp\/2023\/05\/06\/moveis-avaliados-em-r-20-mil-sao-recuperados-e-adolescente-e-apreendido#primaryimage"},"thumbnailUrl":"https:\/\/redenoticiaz.com.br\/litoralsp\/wp-content\/uploads\/sites\/3\/2023\/05\/WhatsApp-Image-2023-05-06-at-14.35.36.jpeg","datePublished":"2023-05-06T19:24:40+00:00","description":"Uma carga de m\u00f3veis planejados avaliada em R$ 20 mil foi recuperada, ap\u00f3s ter sido roubada no Guaruj\u00e1 na quinta-feira (4). Dois homens","inLanguage":"pt-BR","potentialAction":[{"@type":"ReadAction","target":["https:\/\/redenoticiaz.com.br\/litoralsp\/2023\/05\/06\/moveis-avaliados-em-r-20-mil-sao-recuperados-e-adolescente-e-apreendido"]}]},{"@type":"ImageObject","inLanguage":"pt-BR","@id":"https:\/\/redenoticiaz.com.br\/litoralsp\/2023\/05\/06\/moveis-avaliados-em-r-20-mil-sao-recuperados-e-adolescente-e-apreendido#primaryimage","url":"https:\/\/redenoticiaz.com.br\/litoralsp\/wp-content\/uploads\/sites\/3\/2023\/05\/WhatsApp-Image-2023-05-06-at-14.35.36.jpeg","contentUrl":"https:\/\/redenoticiaz.com.br\/litoralsp\/wp-content\/uploads\/sites\/3\/2023\/05\/WhatsApp-Image-2023-05-06-at-14.35.36.jpeg","width":1024,"height":461,"caption":"Cr\u00e9ditos: Divulga\u00e7\u00e3o\/Pol\u00edcia Civil"},{"@type":"WebSite","@id":"https:\/\/redenoticiaz.com.br\/litoralsp\/#website","url":"https:\/\/redenoticiaz.com.br\/litoralsp\/","name":"Litoral SP","description":"Rede NoticiaZ","publisher":{"@id":"https:\/\/redenoticiaz.com.br\/litoralsp\/#organization"},"potentialAction":[{"@type":"SearchAction","target":{"@type":"EntryPoint","urlTemplate":"https:\/\/redenoticiaz.com.br\/litoralsp\/?s={search_term_string}"},"query-input":{"@type":"PropertyValueSpecification","valueRequired":true,"valueName":"search_term_string"}}],"inLanguage":"pt-BR"},{"@type":"Organization","@id":"https:\/\/redenoticiaz.com.br\/litoralsp\/#organization","name":"Litoral SP","url":"https:\/\/redenoticiaz.com.br\/litoralsp\/","logo":{"@type":"ImageObject","inLanguage":"pt-BR","@id":"https:\/\/redenoticiaz.com.br\/litoralsp\/#\/schema\/logo\/image\/","url":"https:\/\/redenoticiaz.com.br\/litoralsp\/wp-content\/uploads\/sites\/3\/2020\/11\/logo.jpg","contentUrl":"https:\/\/redenoticiaz.com.br\/litoralsp\/wp-content\/uploads\/sites\/3\/2020\/11\/logo.jpg","width":400,"height":250,"caption":"Litoral SP"},"image":{"@id":"https:\/\/redenoticiaz.com.br\/litoralsp\/#\/schema\/logo\/image\/"}},{"@type":"Person","@id":"https:\/\/redenoticiaz.com.br\/litoralsp\/#\/schema\/person\/0f0b8a5bdafefe82841e07ae8d81ecb3","name":"Leonardo Francisco","image":{"@type":"ImageObject","inLanguage":"pt-BR","@id":"https:\/\/secure.gravatar.com\/avatar\/a7358cb406a99b682ec6df1e77e31ae82e63601f6784e8a3df411d72b37864da?s=96&d=mm&r=g","url":"https:\/\/secure.gravatar.com\/avatar\/a7358cb406a99b682ec6df1e77e31ae82e63601f6784e8a3df411d72b37864da?s=96&d=mm&r=g","contentUrl":"https:\/\/secure.gravatar.com\/avatar\/a7358cb406a99b682ec6df1e77e31ae82e63601f6784e8a3df411d72b37864da?s=96&d=mm&r=g","caption":"Leonardo Francisco"},"url":"https:\/\/redenoticiaz.com.br\/litoralsp\/author\/leonardo-francisco"}]}},"_links":{"self":[{"href":"https:\/\/redenoticiaz.com.br\/litoralsp\/wp-json\/wp\/v2\/posts\/105238","targetHints":{"allow":["GET"]}}],"collection":[{"href":"https:\/\/redenoticiaz.com.br\/litoralsp\/wp-json\/wp\/v2\/posts"}],"about":[{"href":"https:\/\/redenoticiaz.com.br\/litoralsp\/wp-json\/wp\/v2\/types\/post"}],"author":[{"embeddable":true,"href":"https:\/\/redenoticiaz.com.br\/litoralsp\/wp-json\/wp\/v2\/users\/6"}],"replies":[{"embeddable":true,"href":"https:\/\/redenoticiaz.com.br\/litoralsp\/wp-json\/wp\/v2\/comments?post=105238"}],"version-history":[{"count":2,"href":"https:\/\/redenoticiaz.com.br\/litoralsp\/wp-json\/wp\/v2\/posts\/105238\/revisions"}],"predecessor-version":[{"id":105242,"href":"https:\/\/redenoticiaz.com.br\/litoralsp\/wp-json\/wp\/v2\/posts\/105238\/revisions\/105242"}],"wp:featuredmedia":[{"embeddable":true,"href":"https:\/\/redenoticiaz.com.br\/litoralsp\/wp-json\/wp\/v2\/media\/105240"}],"wp:attachment":[{"href":"https:\/\/redenoticiaz.com.br\/litoralsp\/wp-json\/wp\/v2\/media?parent=105238"}],"wp:term":[{"taxonomy":"category","embeddable":true,"href":"https:\/\/redenoticiaz.com.br\/litoralsp\/wp-json\/wp\/v2\/categories?post=105238"},{"taxonomy":"post_tag","embeddable":true,"href":"https:\/\/redenoticiaz.com.br\/litoralsp\/wp-json\/wp\/v2\/tags?post=105238"}],"curies":[{"name":"wp","href":"https:\/\/api.w.org\/{rel}","templated":true}]}}