{"id":105259,"date":"2023-05-06T18:41:11","date_gmt":"2023-05-06T21:41:11","guid":{"rendered":"https:\/\/redenoticiaz.com.br\/litoralsp\/2023\/05\/06\/santos-perde-para-o-cruzeiro-e-liga-o-sinal-amarelo-no-brasileirao"},"modified":"2023-05-06T18:41:11","modified_gmt":"2023-05-06T21:41:11","slug":"santos-perde-para-o-cruzeiro-e-liga-o-sinal-amarelo-no-brasileirao","status":"publish","type":"post","link":"https:\/\/redenoticiaz.com.br\/litoralsp\/2023\/05\/06\/santos-perde-para-o-cruzeiro-e-liga-o-sinal-amarelo-no-brasileirao","title":{"rendered":"Santos perde para o Cruzeiro e liga o sinal amarelo no Brasileir\u00e3o"},"content":{"rendered":"<p>No est\u00e1dio Independ\u00eancia, em Minas Gerais, Cruzeiro e Santos abriram a quarta rodada do Campeonato Brasileiro neste s\u00e1bado (4). E embora o Peixe tenha atuado de maneira equilibrada, acumulou <strong>mais uma derrota<\/strong> na competi\u00e7\u00e3o e j\u00e1 est\u00e1 com o sinal amarelo ligado com a zona do rebaixamento. J\u00e1 a Raposa assumiu a lideran\u00e7a provis\u00f3ria da competi\u00e7\u00e3o.<\/p>\n<p><span class=\"sc-dvXXZy epvZtk\">O primeiro tempo foi de um Cruzeiro come\u00e7ando melhor e teve a primeira chance de abrir o placar. Rafael Bilu cabeceou para fora ap\u00f3s bola ajeitada por Ramiro dentro da \u00e1rea. At\u00e9 ent\u00e3o o destaque da Raposa no jogo, Bilu acabou deixando campo aos oito minutos ap\u00f3s sentir les\u00e3o na panturrilha. Wesley entrou no lugar do atacante com a miss\u00e3o de manter a Raposa com o volume ofensivo. <\/span><\/p>\n<p><span class=\"sc-dvXXZy epvZtk\">No entanto, o Santos ganhou espa\u00e7o e passou a ter mais posse de bola. Apesar disso, n\u00e3o conseguiu criar chance clara de gol. Aos 20 minutos, Mateus Vital e Ramiro trabalharam bem a bola at\u00e9 Wesley aproveitar passe do camisa 17 e abrir o placar para o Cruzeiro. Ap\u00f3s o gol, a Raposa retomou o controle da partida e ficou mais perto de marcar o segundo. O Santos, em raras chegadas ao ataque, assustou com chute cruzado de Mendoza na entrada da \u00e1rea, que parou em boa defesa de Rafael Cabral.<\/span><\/p>\n<h3>Segundo tempo<\/h3>\n<p><span class=\"sc-dvXXZy epvZtk\">J\u00e1 na etapa final, o jogo ficou mais acelerado e com os dois times buscando o gol. Mas foi o Santos que levou a melhor. Aos 12 minutos, \u00c2ngelo tabelou com Marcos Leonardo e recebeu lindo passe em profundidade para tocar na sa\u00edda do goleiro Rafael Cabral. <\/span><\/p>\n<p><span class=\"sc-dvXXZy epvZtk\">Contudo a alegria santista durou pouco tempo. Porque aos 16, em contra-ataque muito bem articulado, o Cruzeiro fez o segundo. Ap\u00f3s cruzamento, Jo\u00e3o Paulo tentou tirar e deu a bola nos p\u00e9s de Wesley: 2 a 1. Em busca da rea\u00e7\u00e3o, o Santos quase empatou com Marcos Leonardo, aos 31. O atacante desviou de cabe\u00e7a e mandou rente ao travess\u00e3o de Rafael Cabral. A equipe de Odair Hellmann tentou o empate at\u00e9 o fim, mas o Cruzeiro se segurou.<\/span><\/p>\n<p><span class=\"sc-dvXXZy epvZtk\">Com esse resultado, o Cruzeiro vai a nove pontos e salta para a lideran\u00e7a, mesmo que provis\u00f3ria, j\u00e1 que isso pode mudar com o complemento da rodada. O Santos, por sua vez, estaciona nos quatro pontos, na 11\u00aa coloca\u00e7\u00e3o, mas pode ficar bem pr\u00f3ximo da zona do rebaixamento, caso os rivais ven\u00e7am.<\/span><\/p>\n<p><span class=\"sc-dvXXZy epvZtk\">Cruzeiro e Santos voltam a campo pelo Brasileir\u00e3o na pr\u00f3xima quarta-feira. \u00c0s 19h, o Peixe recebe o Bahia, na Vila Belmiro. J\u00e1 a Raposa, \u00e0s 21h30, enfrenta o Fluminense, \u00e0s 21h30, no Mineir\u00e3o, em Belo Horizonte.<\/span><\/p>\n<p><strong>LEIA TAMB\u00c9M<\/strong><\/p>\n<p><a href=\"https:\/\/redenoticiaz.com.br\/blog\/2023\/05\/06\/senna-idolo-brasileiro-legado\">O legado deixado pelo, \u00eddolo, Ayrton Senna.<\/a><\/p>\n","protected":false},"excerpt":{"rendered":"<p>No est\u00e1dio Independ\u00eancia, em Minas Gerais, Cruzeiro e Santos abriram a quarta rodada do Campeonato Brasileiro neste s\u00e1bado (4). E embora o Peixe tenha atuado de maneira equilibrada, acumulou mais uma derrota na competi\u00e7\u00e3o e j\u00e1 est\u00e1 com o sinal amarelo ligado com a zona do rebaixamento. J\u00e1 a Raposa assumiu a lideran\u00e7a provis\u00f3ria da &hellip;<\/p>\n","protected":false},"author":6,"featured_media":105260,"comment_status":"open","ping_status":"closed","sticky":false,"template":"","format":"standard","meta":{"footnotes":""},"categories":[35],"tags":[64623,3088,40288,31003,39],"class_list":["post-105259","post","type-post","status-publish","format-standard","has-post-thumbnail","hentry","category-esporte","tag-brasileirao-2023","tag-campeonato-brasileiro","tag-cruzeiro","tag-estadio-independencia","tag-santos-fc"],"yoast_head":"<!-- This site is optimized with the Yoast SEO plugin v27.5 - https:\/\/yoast.com\/product\/yoast-seo-wordpress\/ -->\n<title>Santos perde para o Cruzeiro e liga o sinal amarelo no Brasileir\u00e3o - Litoral SP<\/title>\n<meta name=\"description\" content=\"No est\u00e1dio Independ\u00eancia, em Minas Gerais, Cruzeiro e Santos abriram a quarta rodada do Campeonato Brasileiro neste s\u00e1bado (4). E\" \/>\n<meta name=\"robots\" content=\"index, follow, max-snippet:-1, max-image-preview:large, max-video-preview:-1\" \/>\n<link rel=\"canonical\" href=\"https:\/\/redenoticiaz.com.br\/litoralsp\/2023\/05\/06\/santos-perde-para-o-cruzeiro-e-liga-o-sinal-amarelo-no-brasileirao\" \/>\n<meta property=\"og:locale\" content=\"pt_BR\" \/>\n<meta property=\"og:type\" content=\"article\" \/>\n<meta property=\"og:title\" content=\"Santos perde para o Cruzeiro e liga o sinal amarelo no Brasileir\u00e3o - Litoral SP\" \/>\n<meta property=\"og:description\" content=\"No est\u00e1dio Independ\u00eancia, em Minas Gerais, Cruzeiro e Santos abriram a quarta rodada do Campeonato Brasileiro neste s\u00e1bado (4). E\" \/>\n<meta property=\"og:url\" content=\"https:\/\/redenoticiaz.com.br\/litoralsp\/2023\/05\/06\/santos-perde-para-o-cruzeiro-e-liga-o-sinal-amarelo-no-brasileirao\" \/>\n<meta property=\"og:site_name\" content=\"Litoral SP\" \/>\n<meta property=\"article:published_time\" content=\"2023-05-06T21:41:11+00:00\" \/>\n<meta name=\"author\" content=\"Leonardo Francisco\" \/>\n<meta name=\"twitter:card\" content=\"summary_large_image\" \/>\n<meta name=\"twitter:image\" content=\"https:\/\/redenoticiaz.com.br\/litoralsp\/wp-content\/uploads\/sites\/3\/2023\/05\/CRUXSAN.jpg?v=1683409219\" \/>\n<meta name=\"twitter:label1\" content=\"Escrito por\" \/>\n\t<meta name=\"twitter:data1\" content=\"Leonardo Francisco\" \/>\n\t<meta name=\"twitter:label2\" content=\"Est. tempo de leitura\" \/>\n\t<meta name=\"twitter:data2\" content=\"3 minutos\" \/>\n<script type=\"application\/ld+json\" class=\"yoast-schema-graph\">{\"@context\":\"https:\\\/\\\/schema.org\",\"@graph\":[{\"@type\":\"Article\",\"@id\":\"https:\\\/\\\/redenoticiaz.com.br\\\/litoralsp\\\/2023\\\/05\\\/06\\\/santos-perde-para-o-cruzeiro-e-liga-o-sinal-amarelo-no-brasileirao#article\",\"isPartOf\":{\"@id\":\"https:\\\/\\\/redenoticiaz.com.br\\\/litoralsp\\\/2023\\\/05\\\/06\\\/santos-perde-para-o-cruzeiro-e-liga-o-sinal-amarelo-no-brasileirao\"},\"author\":{\"name\":\"Leonardo Francisco\",\"@id\":\"https:\\\/\\\/redenoticiaz.com.br\\\/litoralsp\\\/#\\\/schema\\\/person\\\/0f0b8a5bdafefe82841e07ae8d81ecb3\"},\"headline\":\"Santos perde para o Cruzeiro e liga o sinal amarelo no Brasileir\u00e3o\",\"datePublished\":\"2023-05-06T21:41:11+00:00\",\"mainEntityOfPage\":{\"@id\":\"https:\\\/\\\/redenoticiaz.com.br\\\/litoralsp\\\/2023\\\/05\\\/06\\\/santos-perde-para-o-cruzeiro-e-liga-o-sinal-amarelo-no-brasileirao\"},\"wordCount\":476,\"commentCount\":0,\"publisher\":{\"@id\":\"https:\\\/\\\/redenoticiaz.com.br\\\/litoralsp\\\/#organization\"},\"image\":{\"@id\":\"https:\\\/\\\/redenoticiaz.com.br\\\/litoralsp\\\/2023\\\/05\\\/06\\\/santos-perde-para-o-cruzeiro-e-liga-o-sinal-amarelo-no-brasileirao#primaryimage\"},\"thumbnailUrl\":\"https:\\\/\\\/redenoticiaz.com.br\\\/litoralsp\\\/wp-content\\\/uploads\\\/sites\\\/3\\\/2023\\\/05\\\/CRUXSAN.jpg?v=1683409219\",\"keywords\":[\"BRASILEIR\u00c3O 2023\",\"CAMPEONATO BRASILEIRO\",\"CRUZEIRO\",\"EST\u00c1DIO INDEPEND\u00caNCIA\",\"Santos FC\"],\"articleSection\":[\"Esporte\"],\"inLanguage\":\"pt-BR\",\"potentialAction\":[{\"@type\":\"CommentAction\",\"name\":\"Comment\",\"target\":[\"https:\\\/\\\/redenoticiaz.com.br\\\/litoralsp\\\/2023\\\/05\\\/06\\\/santos-perde-para-o-cruzeiro-e-liga-o-sinal-amarelo-no-brasileirao#respond\"]}]},{\"@type\":\"WebPage\",\"@id\":\"https:\\\/\\\/redenoticiaz.com.br\\\/litoralsp\\\/2023\\\/05\\\/06\\\/santos-perde-para-o-cruzeiro-e-liga-o-sinal-amarelo-no-brasileirao\",\"url\":\"https:\\\/\\\/redenoticiaz.com.br\\\/litoralsp\\\/2023\\\/05\\\/06\\\/santos-perde-para-o-cruzeiro-e-liga-o-sinal-amarelo-no-brasileirao\",\"name\":\"Santos perde para o Cruzeiro e liga o sinal amarelo no Brasileir\u00e3o - Litoral SP\",\"isPartOf\":{\"@id\":\"https:\\\/\\\/redenoticiaz.com.br\\\/litoralsp\\\/#website\"},\"primaryImageOfPage\":{\"@id\":\"https:\\\/\\\/redenoticiaz.com.br\\\/litoralsp\\\/2023\\\/05\\\/06\\\/santos-perde-para-o-cruzeiro-e-liga-o-sinal-amarelo-no-brasileirao#primaryimage\"},\"image\":{\"@id\":\"https:\\\/\\\/redenoticiaz.com.br\\\/litoralsp\\\/2023\\\/05\\\/06\\\/santos-perde-para-o-cruzeiro-e-liga-o-sinal-amarelo-no-brasileirao#primaryimage\"},\"thumbnailUrl\":\"https:\\\/\\\/redenoticiaz.com.br\\\/litoralsp\\\/wp-content\\\/uploads\\\/sites\\\/3\\\/2023\\\/05\\\/CRUXSAN.jpg?v=1683409219\",\"datePublished\":\"2023-05-06T21:41:11+00:00\",\"description\":\"No est\u00e1dio Independ\u00eancia, em Minas Gerais, Cruzeiro e Santos abriram a quarta rodada do Campeonato Brasileiro neste s\u00e1bado (4). E\",\"inLanguage\":\"pt-BR\",\"potentialAction\":[{\"@type\":\"ReadAction\",\"target\":[\"https:\\\/\\\/redenoticiaz.com.br\\\/litoralsp\\\/2023\\\/05\\\/06\\\/santos-perde-para-o-cruzeiro-e-liga-o-sinal-amarelo-no-brasileirao\"]}]},{\"@type\":\"ImageObject\",\"inLanguage\":\"pt-BR\",\"@id\":\"https:\\\/\\\/redenoticiaz.com.br\\\/litoralsp\\\/2023\\\/05\\\/06\\\/santos-perde-para-o-cruzeiro-e-liga-o-sinal-amarelo-no-brasileirao#primaryimage\",\"url\":\"https:\\\/\\\/redenoticiaz.com.br\\\/litoralsp\\\/wp-content\\\/uploads\\\/sites\\\/3\\\/2023\\\/05\\\/CRUXSAN.jpg?v=1683409219\",\"contentUrl\":\"https:\\\/\\\/redenoticiaz.com.br\\\/litoralsp\\\/wp-content\\\/uploads\\\/sites\\\/3\\\/2023\\\/05\\\/CRUXSAN.jpg?v=1683409219\",\"width\":567,\"height\":323,\"caption\":\"Cr\u00e9ditos: Divulga\u00e7\u00e3o\\\/AGIF\"},{\"@type\":\"WebSite\",\"@id\":\"https:\\\/\\\/redenoticiaz.com.br\\\/litoralsp\\\/#website\",\"url\":\"https:\\\/\\\/redenoticiaz.com.br\\\/litoralsp\\\/\",\"name\":\"Litoral SP\",\"description\":\"Rede NoticiaZ\",\"publisher\":{\"@id\":\"https:\\\/\\\/redenoticiaz.com.br\\\/litoralsp\\\/#organization\"},\"potentialAction\":[{\"@type\":\"SearchAction\",\"target\":{\"@type\":\"EntryPoint\",\"urlTemplate\":\"https:\\\/\\\/redenoticiaz.com.br\\\/litoralsp\\\/?s={search_term_string}\"},\"query-input\":{\"@type\":\"PropertyValueSpecification\",\"valueRequired\":true,\"valueName\":\"search_term_string\"}}],\"inLanguage\":\"pt-BR\"},{\"@type\":\"Organization\",\"@id\":\"https:\\\/\\\/redenoticiaz.com.br\\\/litoralsp\\\/#organization\",\"name\":\"Litoral SP\",\"url\":\"https:\\\/\\\/redenoticiaz.com.br\\\/litoralsp\\\/\",\"logo\":{\"@type\":\"ImageObject\",\"inLanguage\":\"pt-BR\",\"@id\":\"https:\\\/\\\/redenoticiaz.com.br\\\/litoralsp\\\/#\\\/schema\\\/logo\\\/image\\\/\",\"url\":\"https:\\\/\\\/redenoticiaz.com.br\\\/litoralsp\\\/wp-content\\\/uploads\\\/sites\\\/3\\\/2020\\\/11\\\/logo.jpg\",\"contentUrl\":\"https:\\\/\\\/redenoticiaz.com.br\\\/litoralsp\\\/wp-content\\\/uploads\\\/sites\\\/3\\\/2020\\\/11\\\/logo.jpg\",\"width\":400,\"height\":250,\"caption\":\"Litoral SP\"},\"image\":{\"@id\":\"https:\\\/\\\/redenoticiaz.com.br\\\/litoralsp\\\/#\\\/schema\\\/logo\\\/image\\\/\"}},{\"@type\":\"Person\",\"@id\":\"https:\\\/\\\/redenoticiaz.com.br\\\/litoralsp\\\/#\\\/schema\\\/person\\\/0f0b8a5bdafefe82841e07ae8d81ecb3\",\"name\":\"Leonardo Francisco\",\"image\":{\"@type\":\"ImageObject\",\"inLanguage\":\"pt-BR\",\"@id\":\"https:\\\/\\\/secure.gravatar.com\\\/avatar\\\/a7358cb406a99b682ec6df1e77e31ae82e63601f6784e8a3df411d72b37864da?s=96&d=mm&r=g\",\"url\":\"https:\\\/\\\/secure.gravatar.com\\\/avatar\\\/a7358cb406a99b682ec6df1e77e31ae82e63601f6784e8a3df411d72b37864da?s=96&d=mm&r=g\",\"contentUrl\":\"https:\\\/\\\/secure.gravatar.com\\\/avatar\\\/a7358cb406a99b682ec6df1e77e31ae82e63601f6784e8a3df411d72b37864da?s=96&d=mm&r=g\",\"caption\":\"Leonardo Francisco\"},\"url\":\"https:\\\/\\\/redenoticiaz.com.br\\\/litoralsp\\\/author\\\/leonardo-francisco\"}]}<\/script>\n<!-- \/ Yoast SEO plugin. -->","yoast_head_json":{"title":"Santos perde para o Cruzeiro e liga o sinal amarelo no Brasileir\u00e3o - Litoral SP","description":"No est\u00e1dio Independ\u00eancia, em Minas Gerais, Cruzeiro e Santos abriram a quarta rodada do Campeonato Brasileiro neste s\u00e1bado (4). E","robots":{"index":"index","follow":"follow","max-snippet":"max-snippet:-1","max-image-preview":"max-image-preview:large","max-video-preview":"max-video-preview:-1"},"canonical":"https:\/\/redenoticiaz.com.br\/litoralsp\/2023\/05\/06\/santos-perde-para-o-cruzeiro-e-liga-o-sinal-amarelo-no-brasileirao","og_locale":"pt_BR","og_type":"article","og_title":"Santos perde para o Cruzeiro e liga o sinal amarelo no Brasileir\u00e3o - Litoral SP","og_description":"No est\u00e1dio Independ\u00eancia, em Minas Gerais, Cruzeiro e Santos abriram a quarta rodada do Campeonato Brasileiro neste s\u00e1bado (4). E","og_url":"https:\/\/redenoticiaz.com.br\/litoralsp\/2023\/05\/06\/santos-perde-para-o-cruzeiro-e-liga-o-sinal-amarelo-no-brasileirao","og_site_name":"Litoral SP","article_published_time":"2023-05-06T21:41:11+00:00","author":"Leonardo Francisco","twitter_card":"summary_large_image","twitter_image":"https:\/\/redenoticiaz.com.br\/litoralsp\/wp-content\/uploads\/sites\/3\/2023\/05\/CRUXSAN.jpg?v=1683409219","twitter_misc":{"Escrito por":"Leonardo Francisco","Est. tempo de leitura":"3 minutos"},"schema":{"@context":"https:\/\/schema.org","@graph":[{"@type":"Article","@id":"https:\/\/redenoticiaz.com.br\/litoralsp\/2023\/05\/06\/santos-perde-para-o-cruzeiro-e-liga-o-sinal-amarelo-no-brasileirao#article","isPartOf":{"@id":"https:\/\/redenoticiaz.com.br\/litoralsp\/2023\/05\/06\/santos-perde-para-o-cruzeiro-e-liga-o-sinal-amarelo-no-brasileirao"},"author":{"name":"Leonardo Francisco","@id":"https:\/\/redenoticiaz.com.br\/litoralsp\/#\/schema\/person\/0f0b8a5bdafefe82841e07ae8d81ecb3"},"headline":"Santos perde para o Cruzeiro e liga o sinal amarelo no Brasileir\u00e3o","datePublished":"2023-05-06T21:41:11+00:00","mainEntityOfPage":{"@id":"https:\/\/redenoticiaz.com.br\/litoralsp\/2023\/05\/06\/santos-perde-para-o-cruzeiro-e-liga-o-sinal-amarelo-no-brasileirao"},"wordCount":476,"commentCount":0,"publisher":{"@id":"https:\/\/redenoticiaz.com.br\/litoralsp\/#organization"},"image":{"@id":"https:\/\/redenoticiaz.com.br\/litoralsp\/2023\/05\/06\/santos-perde-para-o-cruzeiro-e-liga-o-sinal-amarelo-no-brasileirao#primaryimage"},"thumbnailUrl":"https:\/\/redenoticiaz.com.br\/litoralsp\/wp-content\/uploads\/sites\/3\/2023\/05\/CRUXSAN.jpg?v=1683409219","keywords":["BRASILEIR\u00c3O 2023","CAMPEONATO BRASILEIRO","CRUZEIRO","EST\u00c1DIO INDEPEND\u00caNCIA","Santos FC"],"articleSection":["Esporte"],"inLanguage":"pt-BR","potentialAction":[{"@type":"CommentAction","name":"Comment","target":["https:\/\/redenoticiaz.com.br\/litoralsp\/2023\/05\/06\/santos-perde-para-o-cruzeiro-e-liga-o-sinal-amarelo-no-brasileirao#respond"]}]},{"@type":"WebPage","@id":"https:\/\/redenoticiaz.com.br\/litoralsp\/2023\/05\/06\/santos-perde-para-o-cruzeiro-e-liga-o-sinal-amarelo-no-brasileirao","url":"https:\/\/redenoticiaz.com.br\/litoralsp\/2023\/05\/06\/santos-perde-para-o-cruzeiro-e-liga-o-sinal-amarelo-no-brasileirao","name":"Santos perde para o Cruzeiro e liga o sinal amarelo no Brasileir\u00e3o - Litoral SP","isPartOf":{"@id":"https:\/\/redenoticiaz.com.br\/litoralsp\/#website"},"primaryImageOfPage":{"@id":"https:\/\/redenoticiaz.com.br\/litoralsp\/2023\/05\/06\/santos-perde-para-o-cruzeiro-e-liga-o-sinal-amarelo-no-brasileirao#primaryimage"},"image":{"@id":"https:\/\/redenoticiaz.com.br\/litoralsp\/2023\/05\/06\/santos-perde-para-o-cruzeiro-e-liga-o-sinal-amarelo-no-brasileirao#primaryimage"},"thumbnailUrl":"https:\/\/redenoticiaz.com.br\/litoralsp\/wp-content\/uploads\/sites\/3\/2023\/05\/CRUXSAN.jpg?v=1683409219","datePublished":"2023-05-06T21:41:11+00:00","description":"No est\u00e1dio Independ\u00eancia, em Minas Gerais, Cruzeiro e Santos abriram a quarta rodada do Campeonato Brasileiro neste s\u00e1bado (4). E","inLanguage":"pt-BR","potentialAction":[{"@type":"ReadAction","target":["https:\/\/redenoticiaz.com.br\/litoralsp\/2023\/05\/06\/santos-perde-para-o-cruzeiro-e-liga-o-sinal-amarelo-no-brasileirao"]}]},{"@type":"ImageObject","inLanguage":"pt-BR","@id":"https:\/\/redenoticiaz.com.br\/litoralsp\/2023\/05\/06\/santos-perde-para-o-cruzeiro-e-liga-o-sinal-amarelo-no-brasileirao#primaryimage","url":"https:\/\/redenoticiaz.com.br\/litoralsp\/wp-content\/uploads\/sites\/3\/2023\/05\/CRUXSAN.jpg?v=1683409219","contentUrl":"https:\/\/redenoticiaz.com.br\/litoralsp\/wp-content\/uploads\/sites\/3\/2023\/05\/CRUXSAN.jpg?v=1683409219","width":567,"height":323,"caption":"Cr\u00e9ditos: Divulga\u00e7\u00e3o\/AGIF"},{"@type":"WebSite","@id":"https:\/\/redenoticiaz.com.br\/litoralsp\/#website","url":"https:\/\/redenoticiaz.com.br\/litoralsp\/","name":"Litoral SP","description":"Rede NoticiaZ","publisher":{"@id":"https:\/\/redenoticiaz.com.br\/litoralsp\/#organization"},"potentialAction":[{"@type":"SearchAction","target":{"@type":"EntryPoint","urlTemplate":"https:\/\/redenoticiaz.com.br\/litoralsp\/?s={search_term_string}"},"query-input":{"@type":"PropertyValueSpecification","valueRequired":true,"valueName":"search_term_string"}}],"inLanguage":"pt-BR"},{"@type":"Organization","@id":"https:\/\/redenoticiaz.com.br\/litoralsp\/#organization","name":"Litoral SP","url":"https:\/\/redenoticiaz.com.br\/litoralsp\/","logo":{"@type":"ImageObject","inLanguage":"pt-BR","@id":"https:\/\/redenoticiaz.com.br\/litoralsp\/#\/schema\/logo\/image\/","url":"https:\/\/redenoticiaz.com.br\/litoralsp\/wp-content\/uploads\/sites\/3\/2020\/11\/logo.jpg","contentUrl":"https:\/\/redenoticiaz.com.br\/litoralsp\/wp-content\/uploads\/sites\/3\/2020\/11\/logo.jpg","width":400,"height":250,"caption":"Litoral SP"},"image":{"@id":"https:\/\/redenoticiaz.com.br\/litoralsp\/#\/schema\/logo\/image\/"}},{"@type":"Person","@id":"https:\/\/redenoticiaz.com.br\/litoralsp\/#\/schema\/person\/0f0b8a5bdafefe82841e07ae8d81ecb3","name":"Leonardo Francisco","image":{"@type":"ImageObject","inLanguage":"pt-BR","@id":"https:\/\/secure.gravatar.com\/avatar\/a7358cb406a99b682ec6df1e77e31ae82e63601f6784e8a3df411d72b37864da?s=96&d=mm&r=g","url":"https:\/\/secure.gravatar.com\/avatar\/a7358cb406a99b682ec6df1e77e31ae82e63601f6784e8a3df411d72b37864da?s=96&d=mm&r=g","contentUrl":"https:\/\/secure.gravatar.com\/avatar\/a7358cb406a99b682ec6df1e77e31ae82e63601f6784e8a3df411d72b37864da?s=96&d=mm&r=g","caption":"Leonardo Francisco"},"url":"https:\/\/redenoticiaz.com.br\/litoralsp\/author\/leonardo-francisco"}]}},"_links":{"self":[{"href":"https:\/\/redenoticiaz.com.br\/litoralsp\/wp-json\/wp\/v2\/posts\/105259","targetHints":{"allow":["GET"]}}],"collection":[{"href":"https:\/\/redenoticiaz.com.br\/litoralsp\/wp-json\/wp\/v2\/posts"}],"about":[{"href":"https:\/\/redenoticiaz.com.br\/litoralsp\/wp-json\/wp\/v2\/types\/post"}],"author":[{"embeddable":true,"href":"https:\/\/redenoticiaz.com.br\/litoralsp\/wp-json\/wp\/v2\/users\/6"}],"replies":[{"embeddable":true,"href":"https:\/\/redenoticiaz.com.br\/litoralsp\/wp-json\/wp\/v2\/comments?post=105259"}],"version-history":[{"count":1,"href":"https:\/\/redenoticiaz.com.br\/litoralsp\/wp-json\/wp\/v2\/posts\/105259\/revisions"}],"predecessor-version":[{"id":105261,"href":"https:\/\/redenoticiaz.com.br\/litoralsp\/wp-json\/wp\/v2\/posts\/105259\/revisions\/105261"}],"wp:featuredmedia":[{"embeddable":true,"href":"https:\/\/redenoticiaz.com.br\/litoralsp\/wp-json\/wp\/v2\/media\/105260"}],"wp:attachment":[{"href":"https:\/\/redenoticiaz.com.br\/litoralsp\/wp-json\/wp\/v2\/media?parent=105259"}],"wp:term":[{"taxonomy":"category","embeddable":true,"href":"https:\/\/redenoticiaz.com.br\/litoralsp\/wp-json\/wp\/v2\/categories?post=105259"},{"taxonomy":"post_tag","embeddable":true,"href":"https:\/\/redenoticiaz.com.br\/litoralsp\/wp-json\/wp\/v2\/tags?post=105259"}],"curies":[{"name":"wp","href":"https:\/\/api.w.org\/{rel}","templated":true}]}}