{"id":105271,"date":"2023-05-07T11:35:45","date_gmt":"2023-05-07T14:35:45","guid":{"rendered":"https:\/\/redenoticiaz.com.br\/litoralsp\/?p=105271"},"modified":"2023-05-07T11:35:45","modified_gmt":"2023-05-07T14:35:45","slug":"mais-de-300-kg-de-residuos-sao-removidos-de-manguezais-em-santos","status":"publish","type":"post","link":"https:\/\/redenoticiaz.com.br\/litoralsp\/2023\/05\/07\/mais-de-300-kg-de-residuos-sao-removidos-de-manguezais-em-santos","title":{"rendered":"Mais de 300 Kg de res\u00edduos s\u00e3o removidos de manguezais em Santos"},"content":{"rendered":"<p>Alguns pontos da Zona Noroeste de Santos sofrem com o despejo irregular de lixo e uma das consequ\u00eancias s\u00e3o as cr\u00f4nicas enchentes. Para diminuir este transtorno, aconteceu o <strong>2\u00b0 Mutir\u00e3o de Limpeza Sprite Ecofaxina<\/strong> em alguns pontos da regi\u00e3o. Junto com a Secretaria de Meio Ambiente de Santos (Semam), a a\u00e7\u00e3o contou com 30 volunt\u00e1rios e resultou na coleta de 313 quilos de material nos manguezais da cidade.<\/p>\n<p>A limpeza se concentrou especialmente entre os rios S\u00e3o Jorge e Casqueiro, no bairro S\u00e3o Manoel. Do total coletado, destaque para a retirada de 62 quilos de pl\u00e1stico, 39,5 quilos de isopor e 27,5 quilos de borracha. Todos que participaram ressaltaram a import\u00e2ncia de participar da limpeza pelo bem do meio ambiente, dos animais e para evitar novos transtornos.<\/p>\n<figure id=\"attachment_105272\" aria-describedby=\"caption-attachment-105272\" style=\"width: 300px\" class=\"wp-caption alignleft\"><img loading=\"lazy\" decoding=\"async\" class=\"size-medium wp-image-105272\" src=\"https:\/\/redenoticiaz.com.br\/litoralsp\/wp-content\/uploads\/sites\/3\/2023\/05\/FRANCISCO-ARRAIS_9147-300x200.jpg\" alt=\"\" width=\"300\" height=\"200\" srcset=\"https:\/\/redenoticiaz.com.br\/litoralsp\/wp-content\/uploads\/sites\/3\/2023\/05\/FRANCISCO-ARRAIS_9147-300x200.jpg 300w, https:\/\/redenoticiaz.com.br\/litoralsp\/wp-content\/uploads\/sites\/3\/2023\/05\/FRANCISCO-ARRAIS_9147-1024x683.jpg 1024w, https:\/\/redenoticiaz.com.br\/litoralsp\/wp-content\/uploads\/sites\/3\/2023\/05\/FRANCISCO-ARRAIS_9147-768x512.jpg 768w, https:\/\/redenoticiaz.com.br\/litoralsp\/wp-content\/uploads\/sites\/3\/2023\/05\/FRANCISCO-ARRAIS_9147-1536x1024.jpg 1536w, https:\/\/redenoticiaz.com.br\/litoralsp\/wp-content\/uploads\/sites\/3\/2023\/05\/FRANCISCO-ARRAIS_9147-2048x1365.jpg 2048w, https:\/\/redenoticiaz.com.br\/litoralsp\/wp-content\/uploads\/sites\/3\/2023\/05\/FRANCISCO-ARRAIS_9147-scaled.jpg 1620w\" sizes=\"auto, (max-width: 300px) 100vw, 300px\" \/><figcaption id=\"caption-attachment-105272\" class=\"wp-caption-text\">Cr\u00e9ditos: Divulga\u00e7\u00e3o\/Prefeitura de Santos<\/figcaption><\/figure>\n<p>Antes dos volunt\u00e1rios afundarem as botas &#8211; o Instituto Ecofaxina se encarrega de emprestar todos equipamentos de prote\u00e7\u00e3o individual (EPIs) &#8211; o bi\u00f3logo F\u00e1bio Alexandre Nunes explicou a import\u00e2ncia do manguezal. &#8220;Cerca de 90% das esp\u00e9cies marinhas se reproduzem no manguezal&#8221;.<\/p>\n<p>Ele tamb\u00e9m pediu aten\u00e7\u00e3o especial para o recolhimento de micropl\u00e1sticos, que facilmente s\u00e3o ingeridos pelos peixes. &#8220;De repente, quem est\u00e1 comendo um peixe, na Capital, pode estar ingerindo peixe que comeu nanopart\u00edculas de pl\u00e1stico&#8221;.<\/p>\n<p>Diretor de Educa\u00e7\u00e3o Ambiental do Instituto Ecofaxina, F\u00e1bio Nunes destacou que a sociedade moderna n\u00e3o precisa &#8220;endemonizar&#8221; o pl\u00e1stico, mas apenas repensar o seu uso. &#8220;Devemos pensar na log\u00edstica reversa, evitando que ele caia na cadeia alimentar&#8221;.<\/p>\n<p>Presidente do Ecofaxina, William Schepis ressaltou que a a\u00e7\u00e3o deste s\u00e1bado tamb\u00e9m \u00e9 ligada \u00e0 coordena\u00e7\u00e3o nacional do projeto Blue Kippers, iniciativa do Pacto Global da ONU em apoio a projetos de combate \u00e0 polui\u00e7\u00e3o marinha.<\/p>\n<p><strong>LEIA TAMB\u00c9M<\/strong><\/p>\n<p><a href=\"https:\/\/redenoticiaz.com.br\/litoralsp\/2023\/05\/06\/mutirao-contra-a-dengue-em-santos-elimina-65-focos-de-transmissao\">Mutir\u00e3o contra a dengue em Santos elimina 65 focos de transmiss\u00e3o<\/a><\/p>\n","protected":false},"excerpt":{"rendered":"<p>Alguns pontos da Zona Noroeste de Santos sofrem com o despejo irregular de lixo e uma das consequ\u00eancias s\u00e3o as cr\u00f4nicas enchentes. Para diminuir este transtorno, aconteceu o 2\u00b0 Mutir\u00e3o de Limpeza Sprite Ecofaxina em alguns pontos da regi\u00e3o. Junto com a Secretaria de Meio Ambiente de Santos (Semam), a a\u00e7\u00e3o contou com 30 volunt\u00e1rios &hellip;<\/p>\n","protected":false},"author":6,"featured_media":105273,"comment_status":"open","ping_status":"closed","sticky":false,"template":"","format":"standard","meta":{"footnotes":""},"categories":[1487,180],"tags":[64994,21277,33390,986,31832],"class_list":["post-105271","post","type-post","status-publish","format-standard","has-post-thumbnail","hentry","category-meio-ambiente","category-santos","tag-jardim-sao-manoel","tag-limpeza","tag-residuos","tag-santos","tag-zona-noroeste-de-santos"],"yoast_head":"<!-- This site is optimized with the Yoast SEO plugin v27.5 - https:\/\/yoast.com\/product\/yoast-seo-wordpress\/ -->\n<title>Mais de 300 Kg de res\u00edduos s\u00e3o removidos de manguezais em Santos - Litoral SP<\/title>\n<meta name=\"description\" content=\"Secretaria de Meio Ambiente de Santos (Semam), a a\u00e7\u00e3o contou com 30 volunt\u00e1rios e resultou na coleta de 313 quilos de material nos manguezais da cidade.\" \/>\n<meta name=\"robots\" content=\"index, follow, max-snippet:-1, max-image-preview:large, max-video-preview:-1\" \/>\n<link rel=\"canonical\" href=\"https:\/\/redenoticiaz.com.br\/litoralsp\/2023\/05\/07\/mais-de-300-kg-de-residuos-sao-removidos-de-manguezais-em-santos\" \/>\n<meta property=\"og:locale\" content=\"pt_BR\" \/>\n<meta property=\"og:type\" content=\"article\" \/>\n<meta property=\"og:title\" content=\"Mais de 300 Kg de res\u00edduos s\u00e3o removidos de manguezais em Santos - Litoral SP\" \/>\n<meta property=\"og:description\" content=\"Secretaria de Meio Ambiente de Santos (Semam), a a\u00e7\u00e3o contou com 30 volunt\u00e1rios e resultou na coleta de 313 quilos de material nos manguezais da cidade.\" \/>\n<meta property=\"og:url\" content=\"https:\/\/redenoticiaz.com.br\/litoralsp\/2023\/05\/07\/mais-de-300-kg-de-residuos-sao-removidos-de-manguezais-em-santos\" \/>\n<meta property=\"og:site_name\" content=\"Litoral SP\" \/>\n<meta property=\"article:published_time\" content=\"2023-05-07T14:35:45+00:00\" \/>\n<meta property=\"og:image\" content=\"https:\/\/redenoticiaz.com.br\/litoralsp\/wp-content\/uploads\/sites\/3\/2023\/05\/FRANCISCO-ARRAIS_9040-scaled.jpg\" \/>\n\t<meta property=\"og:image:width\" content=\"1620\" \/>\n\t<meta property=\"og:image:height\" content=\"1080\" \/>\n\t<meta property=\"og:image:type\" content=\"image\/jpeg\" \/>\n<meta name=\"author\" content=\"Leonardo Francisco\" \/>\n<meta name=\"twitter:card\" content=\"summary_large_image\" \/>\n<meta name=\"twitter:label1\" content=\"Escrito por\" \/>\n\t<meta name=\"twitter:data1\" content=\"Leonardo Francisco\" \/>\n\t<meta name=\"twitter:label2\" content=\"Est. tempo de leitura\" \/>\n\t<meta name=\"twitter:data2\" content=\"2 minutos\" \/>\n<script type=\"application\/ld+json\" class=\"yoast-schema-graph\">{\"@context\":\"https:\\\/\\\/schema.org\",\"@graph\":[{\"@type\":\"Article\",\"@id\":\"https:\\\/\\\/redenoticiaz.com.br\\\/litoralsp\\\/2023\\\/05\\\/07\\\/mais-de-300-kg-de-residuos-sao-removidos-de-manguezais-em-santos#article\",\"isPartOf\":{\"@id\":\"https:\\\/\\\/redenoticiaz.com.br\\\/litoralsp\\\/2023\\\/05\\\/07\\\/mais-de-300-kg-de-residuos-sao-removidos-de-manguezais-em-santos\"},\"author\":{\"name\":\"Leonardo Francisco\",\"@id\":\"https:\\\/\\\/redenoticiaz.com.br\\\/litoralsp\\\/#\\\/schema\\\/person\\\/0f0b8a5bdafefe82841e07ae8d81ecb3\"},\"headline\":\"Mais de 300 Kg de res\u00edduos s\u00e3o removidos de manguezais em Santos\",\"datePublished\":\"2023-05-07T14:35:45+00:00\",\"mainEntityOfPage\":{\"@id\":\"https:\\\/\\\/redenoticiaz.com.br\\\/litoralsp\\\/2023\\\/05\\\/07\\\/mais-de-300-kg-de-residuos-sao-removidos-de-manguezais-em-santos\"},\"wordCount\":340,\"commentCount\":0,\"publisher\":{\"@id\":\"https:\\\/\\\/redenoticiaz.com.br\\\/litoralsp\\\/#organization\"},\"image\":{\"@id\":\"https:\\\/\\\/redenoticiaz.com.br\\\/litoralsp\\\/2023\\\/05\\\/07\\\/mais-de-300-kg-de-residuos-sao-removidos-de-manguezais-em-santos#primaryimage\"},\"thumbnailUrl\":\"https:\\\/\\\/redenoticiaz.com.br\\\/litoralsp\\\/wp-content\\\/uploads\\\/sites\\\/3\\\/2023\\\/05\\\/FRANCISCO-ARRAIS_9040-scaled.jpg\",\"keywords\":[\"JARDIM S\u00c3O MANOEL\",\"LIMPEZA\",\"RES\u00cdDUOS\",\"Santos\",\"ZONA NOROESTE DE SANTOS\"],\"articleSection\":[\"Meio Ambiente\",\"Santos\"],\"inLanguage\":\"pt-BR\",\"potentialAction\":[{\"@type\":\"CommentAction\",\"name\":\"Comment\",\"target\":[\"https:\\\/\\\/redenoticiaz.com.br\\\/litoralsp\\\/2023\\\/05\\\/07\\\/mais-de-300-kg-de-residuos-sao-removidos-de-manguezais-em-santos#respond\"]}]},{\"@type\":\"WebPage\",\"@id\":\"https:\\\/\\\/redenoticiaz.com.br\\\/litoralsp\\\/2023\\\/05\\\/07\\\/mais-de-300-kg-de-residuos-sao-removidos-de-manguezais-em-santos\",\"url\":\"https:\\\/\\\/redenoticiaz.com.br\\\/litoralsp\\\/2023\\\/05\\\/07\\\/mais-de-300-kg-de-residuos-sao-removidos-de-manguezais-em-santos\",\"name\":\"Mais de 300 Kg de res\u00edduos s\u00e3o removidos de manguezais em Santos - Litoral SP\",\"isPartOf\":{\"@id\":\"https:\\\/\\\/redenoticiaz.com.br\\\/litoralsp\\\/#website\"},\"primaryImageOfPage\":{\"@id\":\"https:\\\/\\\/redenoticiaz.com.br\\\/litoralsp\\\/2023\\\/05\\\/07\\\/mais-de-300-kg-de-residuos-sao-removidos-de-manguezais-em-santos#primaryimage\"},\"image\":{\"@id\":\"https:\\\/\\\/redenoticiaz.com.br\\\/litoralsp\\\/2023\\\/05\\\/07\\\/mais-de-300-kg-de-residuos-sao-removidos-de-manguezais-em-santos#primaryimage\"},\"thumbnailUrl\":\"https:\\\/\\\/redenoticiaz.com.br\\\/litoralsp\\\/wp-content\\\/uploads\\\/sites\\\/3\\\/2023\\\/05\\\/FRANCISCO-ARRAIS_9040-scaled.jpg\",\"datePublished\":\"2023-05-07T14:35:45+00:00\",\"description\":\"Secretaria de Meio Ambiente de Santos (Semam), a a\u00e7\u00e3o contou com 30 volunt\u00e1rios e resultou na coleta de 313 quilos de material nos manguezais da cidade.\",\"inLanguage\":\"pt-BR\",\"potentialAction\":[{\"@type\":\"ReadAction\",\"target\":[\"https:\\\/\\\/redenoticiaz.com.br\\\/litoralsp\\\/2023\\\/05\\\/07\\\/mais-de-300-kg-de-residuos-sao-removidos-de-manguezais-em-santos\"]}]},{\"@type\":\"ImageObject\",\"inLanguage\":\"pt-BR\",\"@id\":\"https:\\\/\\\/redenoticiaz.com.br\\\/litoralsp\\\/2023\\\/05\\\/07\\\/mais-de-300-kg-de-residuos-sao-removidos-de-manguezais-em-santos#primaryimage\",\"url\":\"https:\\\/\\\/redenoticiaz.com.br\\\/litoralsp\\\/wp-content\\\/uploads\\\/sites\\\/3\\\/2023\\\/05\\\/FRANCISCO-ARRAIS_9040-scaled.jpg\",\"contentUrl\":\"https:\\\/\\\/redenoticiaz.com.br\\\/litoralsp\\\/wp-content\\\/uploads\\\/sites\\\/3\\\/2023\\\/05\\\/FRANCISCO-ARRAIS_9040-scaled.jpg\",\"width\":1620,\"height\":1080,\"caption\":\"Cr\u00e9ditos: Divulga\u00e7\u00e3o\\\/Prefeitura de Santos\"},{\"@type\":\"WebSite\",\"@id\":\"https:\\\/\\\/redenoticiaz.com.br\\\/litoralsp\\\/#website\",\"url\":\"https:\\\/\\\/redenoticiaz.com.br\\\/litoralsp\\\/\",\"name\":\"Litoral SP\",\"description\":\"Rede NoticiaZ\",\"publisher\":{\"@id\":\"https:\\\/\\\/redenoticiaz.com.br\\\/litoralsp\\\/#organization\"},\"potentialAction\":[{\"@type\":\"SearchAction\",\"target\":{\"@type\":\"EntryPoint\",\"urlTemplate\":\"https:\\\/\\\/redenoticiaz.com.br\\\/litoralsp\\\/?s={search_term_string}\"},\"query-input\":{\"@type\":\"PropertyValueSpecification\",\"valueRequired\":true,\"valueName\":\"search_term_string\"}}],\"inLanguage\":\"pt-BR\"},{\"@type\":\"Organization\",\"@id\":\"https:\\\/\\\/redenoticiaz.com.br\\\/litoralsp\\\/#organization\",\"name\":\"Litoral SP\",\"url\":\"https:\\\/\\\/redenoticiaz.com.br\\\/litoralsp\\\/\",\"logo\":{\"@type\":\"ImageObject\",\"inLanguage\":\"pt-BR\",\"@id\":\"https:\\\/\\\/redenoticiaz.com.br\\\/litoralsp\\\/#\\\/schema\\\/logo\\\/image\\\/\",\"url\":\"https:\\\/\\\/redenoticiaz.com.br\\\/litoralsp\\\/wp-content\\\/uploads\\\/sites\\\/3\\\/2020\\\/11\\\/logo.jpg\",\"contentUrl\":\"https:\\\/\\\/redenoticiaz.com.br\\\/litoralsp\\\/wp-content\\\/uploads\\\/sites\\\/3\\\/2020\\\/11\\\/logo.jpg\",\"width\":400,\"height\":250,\"caption\":\"Litoral SP\"},\"image\":{\"@id\":\"https:\\\/\\\/redenoticiaz.com.br\\\/litoralsp\\\/#\\\/schema\\\/logo\\\/image\\\/\"}},{\"@type\":\"Person\",\"@id\":\"https:\\\/\\\/redenoticiaz.com.br\\\/litoralsp\\\/#\\\/schema\\\/person\\\/0f0b8a5bdafefe82841e07ae8d81ecb3\",\"name\":\"Leonardo Francisco\",\"image\":{\"@type\":\"ImageObject\",\"inLanguage\":\"pt-BR\",\"@id\":\"https:\\\/\\\/secure.gravatar.com\\\/avatar\\\/a7358cb406a99b682ec6df1e77e31ae82e63601f6784e8a3df411d72b37864da?s=96&d=mm&r=g\",\"url\":\"https:\\\/\\\/secure.gravatar.com\\\/avatar\\\/a7358cb406a99b682ec6df1e77e31ae82e63601f6784e8a3df411d72b37864da?s=96&d=mm&r=g\",\"contentUrl\":\"https:\\\/\\\/secure.gravatar.com\\\/avatar\\\/a7358cb406a99b682ec6df1e77e31ae82e63601f6784e8a3df411d72b37864da?s=96&d=mm&r=g\",\"caption\":\"Leonardo Francisco\"},\"url\":\"https:\\\/\\\/redenoticiaz.com.br\\\/litoralsp\\\/author\\\/leonardo-francisco\"}]}<\/script>\n<!-- \/ Yoast SEO plugin. -->","yoast_head_json":{"title":"Mais de 300 Kg de res\u00edduos s\u00e3o removidos de manguezais em Santos - Litoral SP","description":"Secretaria de Meio Ambiente de Santos (Semam), a a\u00e7\u00e3o contou com 30 volunt\u00e1rios e resultou na coleta de 313 quilos de material nos manguezais da cidade.","robots":{"index":"index","follow":"follow","max-snippet":"max-snippet:-1","max-image-preview":"max-image-preview:large","max-video-preview":"max-video-preview:-1"},"canonical":"https:\/\/redenoticiaz.com.br\/litoralsp\/2023\/05\/07\/mais-de-300-kg-de-residuos-sao-removidos-de-manguezais-em-santos","og_locale":"pt_BR","og_type":"article","og_title":"Mais de 300 Kg de res\u00edduos s\u00e3o removidos de manguezais em Santos - Litoral SP","og_description":"Secretaria de Meio Ambiente de Santos (Semam), a a\u00e7\u00e3o contou com 30 volunt\u00e1rios e resultou na coleta de 313 quilos de material nos manguezais da cidade.","og_url":"https:\/\/redenoticiaz.com.br\/litoralsp\/2023\/05\/07\/mais-de-300-kg-de-residuos-sao-removidos-de-manguezais-em-santos","og_site_name":"Litoral SP","article_published_time":"2023-05-07T14:35:45+00:00","og_image":[{"width":1620,"height":1080,"url":"https:\/\/redenoticiaz.com.br\/litoralsp\/wp-content\/uploads\/sites\/3\/2023\/05\/FRANCISCO-ARRAIS_9040-scaled.jpg","type":"image\/jpeg"}],"author":"Leonardo Francisco","twitter_card":"summary_large_image","twitter_misc":{"Escrito por":"Leonardo Francisco","Est. tempo de leitura":"2 minutos"},"schema":{"@context":"https:\/\/schema.org","@graph":[{"@type":"Article","@id":"https:\/\/redenoticiaz.com.br\/litoralsp\/2023\/05\/07\/mais-de-300-kg-de-residuos-sao-removidos-de-manguezais-em-santos#article","isPartOf":{"@id":"https:\/\/redenoticiaz.com.br\/litoralsp\/2023\/05\/07\/mais-de-300-kg-de-residuos-sao-removidos-de-manguezais-em-santos"},"author":{"name":"Leonardo Francisco","@id":"https:\/\/redenoticiaz.com.br\/litoralsp\/#\/schema\/person\/0f0b8a5bdafefe82841e07ae8d81ecb3"},"headline":"Mais de 300 Kg de res\u00edduos s\u00e3o removidos de manguezais em Santos","datePublished":"2023-05-07T14:35:45+00:00","mainEntityOfPage":{"@id":"https:\/\/redenoticiaz.com.br\/litoralsp\/2023\/05\/07\/mais-de-300-kg-de-residuos-sao-removidos-de-manguezais-em-santos"},"wordCount":340,"commentCount":0,"publisher":{"@id":"https:\/\/redenoticiaz.com.br\/litoralsp\/#organization"},"image":{"@id":"https:\/\/redenoticiaz.com.br\/litoralsp\/2023\/05\/07\/mais-de-300-kg-de-residuos-sao-removidos-de-manguezais-em-santos#primaryimage"},"thumbnailUrl":"https:\/\/redenoticiaz.com.br\/litoralsp\/wp-content\/uploads\/sites\/3\/2023\/05\/FRANCISCO-ARRAIS_9040-scaled.jpg","keywords":["JARDIM S\u00c3O MANOEL","LIMPEZA","RES\u00cdDUOS","Santos","ZONA NOROESTE DE SANTOS"],"articleSection":["Meio Ambiente","Santos"],"inLanguage":"pt-BR","potentialAction":[{"@type":"CommentAction","name":"Comment","target":["https:\/\/redenoticiaz.com.br\/litoralsp\/2023\/05\/07\/mais-de-300-kg-de-residuos-sao-removidos-de-manguezais-em-santos#respond"]}]},{"@type":"WebPage","@id":"https:\/\/redenoticiaz.com.br\/litoralsp\/2023\/05\/07\/mais-de-300-kg-de-residuos-sao-removidos-de-manguezais-em-santos","url":"https:\/\/redenoticiaz.com.br\/litoralsp\/2023\/05\/07\/mais-de-300-kg-de-residuos-sao-removidos-de-manguezais-em-santos","name":"Mais de 300 Kg de res\u00edduos s\u00e3o removidos de manguezais em Santos - Litoral SP","isPartOf":{"@id":"https:\/\/redenoticiaz.com.br\/litoralsp\/#website"},"primaryImageOfPage":{"@id":"https:\/\/redenoticiaz.com.br\/litoralsp\/2023\/05\/07\/mais-de-300-kg-de-residuos-sao-removidos-de-manguezais-em-santos#primaryimage"},"image":{"@id":"https:\/\/redenoticiaz.com.br\/litoralsp\/2023\/05\/07\/mais-de-300-kg-de-residuos-sao-removidos-de-manguezais-em-santos#primaryimage"},"thumbnailUrl":"https:\/\/redenoticiaz.com.br\/litoralsp\/wp-content\/uploads\/sites\/3\/2023\/05\/FRANCISCO-ARRAIS_9040-scaled.jpg","datePublished":"2023-05-07T14:35:45+00:00","description":"Secretaria de Meio Ambiente de Santos (Semam), a a\u00e7\u00e3o contou com 30 volunt\u00e1rios e resultou na coleta de 313 quilos de material nos manguezais da cidade.","inLanguage":"pt-BR","potentialAction":[{"@type":"ReadAction","target":["https:\/\/redenoticiaz.com.br\/litoralsp\/2023\/05\/07\/mais-de-300-kg-de-residuos-sao-removidos-de-manguezais-em-santos"]}]},{"@type":"ImageObject","inLanguage":"pt-BR","@id":"https:\/\/redenoticiaz.com.br\/litoralsp\/2023\/05\/07\/mais-de-300-kg-de-residuos-sao-removidos-de-manguezais-em-santos#primaryimage","url":"https:\/\/redenoticiaz.com.br\/litoralsp\/wp-content\/uploads\/sites\/3\/2023\/05\/FRANCISCO-ARRAIS_9040-scaled.jpg","contentUrl":"https:\/\/redenoticiaz.com.br\/litoralsp\/wp-content\/uploads\/sites\/3\/2023\/05\/FRANCISCO-ARRAIS_9040-scaled.jpg","width":1620,"height":1080,"caption":"Cr\u00e9ditos: Divulga\u00e7\u00e3o\/Prefeitura de Santos"},{"@type":"WebSite","@id":"https:\/\/redenoticiaz.com.br\/litoralsp\/#website","url":"https:\/\/redenoticiaz.com.br\/litoralsp\/","name":"Litoral SP","description":"Rede NoticiaZ","publisher":{"@id":"https:\/\/redenoticiaz.com.br\/litoralsp\/#organization"},"potentialAction":[{"@type":"SearchAction","target":{"@type":"EntryPoint","urlTemplate":"https:\/\/redenoticiaz.com.br\/litoralsp\/?s={search_term_string}"},"query-input":{"@type":"PropertyValueSpecification","valueRequired":true,"valueName":"search_term_string"}}],"inLanguage":"pt-BR"},{"@type":"Organization","@id":"https:\/\/redenoticiaz.com.br\/litoralsp\/#organization","name":"Litoral SP","url":"https:\/\/redenoticiaz.com.br\/litoralsp\/","logo":{"@type":"ImageObject","inLanguage":"pt-BR","@id":"https:\/\/redenoticiaz.com.br\/litoralsp\/#\/schema\/logo\/image\/","url":"https:\/\/redenoticiaz.com.br\/litoralsp\/wp-content\/uploads\/sites\/3\/2020\/11\/logo.jpg","contentUrl":"https:\/\/redenoticiaz.com.br\/litoralsp\/wp-content\/uploads\/sites\/3\/2020\/11\/logo.jpg","width":400,"height":250,"caption":"Litoral SP"},"image":{"@id":"https:\/\/redenoticiaz.com.br\/litoralsp\/#\/schema\/logo\/image\/"}},{"@type":"Person","@id":"https:\/\/redenoticiaz.com.br\/litoralsp\/#\/schema\/person\/0f0b8a5bdafefe82841e07ae8d81ecb3","name":"Leonardo Francisco","image":{"@type":"ImageObject","inLanguage":"pt-BR","@id":"https:\/\/secure.gravatar.com\/avatar\/a7358cb406a99b682ec6df1e77e31ae82e63601f6784e8a3df411d72b37864da?s=96&d=mm&r=g","url":"https:\/\/secure.gravatar.com\/avatar\/a7358cb406a99b682ec6df1e77e31ae82e63601f6784e8a3df411d72b37864da?s=96&d=mm&r=g","contentUrl":"https:\/\/secure.gravatar.com\/avatar\/a7358cb406a99b682ec6df1e77e31ae82e63601f6784e8a3df411d72b37864da?s=96&d=mm&r=g","caption":"Leonardo Francisco"},"url":"https:\/\/redenoticiaz.com.br\/litoralsp\/author\/leonardo-francisco"}]}},"_links":{"self":[{"href":"https:\/\/redenoticiaz.com.br\/litoralsp\/wp-json\/wp\/v2\/posts\/105271","targetHints":{"allow":["GET"]}}],"collection":[{"href":"https:\/\/redenoticiaz.com.br\/litoralsp\/wp-json\/wp\/v2\/posts"}],"about":[{"href":"https:\/\/redenoticiaz.com.br\/litoralsp\/wp-json\/wp\/v2\/types\/post"}],"author":[{"embeddable":true,"href":"https:\/\/redenoticiaz.com.br\/litoralsp\/wp-json\/wp\/v2\/users\/6"}],"replies":[{"embeddable":true,"href":"https:\/\/redenoticiaz.com.br\/litoralsp\/wp-json\/wp\/v2\/comments?post=105271"}],"version-history":[{"count":1,"href":"https:\/\/redenoticiaz.com.br\/litoralsp\/wp-json\/wp\/v2\/posts\/105271\/revisions"}],"predecessor-version":[{"id":105274,"href":"https:\/\/redenoticiaz.com.br\/litoralsp\/wp-json\/wp\/v2\/posts\/105271\/revisions\/105274"}],"wp:featuredmedia":[{"embeddable":true,"href":"https:\/\/redenoticiaz.com.br\/litoralsp\/wp-json\/wp\/v2\/media\/105273"}],"wp:attachment":[{"href":"https:\/\/redenoticiaz.com.br\/litoralsp\/wp-json\/wp\/v2\/media?parent=105271"}],"wp:term":[{"taxonomy":"category","embeddable":true,"href":"https:\/\/redenoticiaz.com.br\/litoralsp\/wp-json\/wp\/v2\/categories?post=105271"},{"taxonomy":"post_tag","embeddable":true,"href":"https:\/\/redenoticiaz.com.br\/litoralsp\/wp-json\/wp\/v2\/tags?post=105271"}],"curies":[{"name":"wp","href":"https:\/\/api.w.org\/{rel}","templated":true}]}}