{"id":105333,"date":"2023-05-08T08:19:44","date_gmt":"2023-05-08T11:19:44","guid":{"rendered":"https:\/\/redenoticiaz.com.br\/litoralsp\/?p=105333"},"modified":"2023-05-08T08:19:44","modified_gmt":"2023-05-08T11:19:44","slug":"homem-e-preso-em-flagrante-no-litoral-sul-apos-dar-facadas-no-vizinho","status":"publish","type":"post","link":"https:\/\/redenoticiaz.com.br\/litoralsp\/2023\/05\/08\/homem-e-preso-em-flagrante-no-litoral-sul-apos-dar-facadas-no-vizinho","title":{"rendered":"Homem \u00e9 preso em flagrante no Litoral Sul ap\u00f3s dar facadas no vizinho"},"content":{"rendered":"<div id=\"chunk-d9not\">\n<div class=\"mc-column content-text active-extra-styles \" data-block-type=\"unstyled\" data-block-weight=\"51\" data-block-id=\"3\">\n<p class=\"content-text__container \" data-track-category=\"Link no Texto\" data-track-links=\"\">A Pol\u00edcia Militar prendeu em flagrante, um homem ap\u00f3s <strong>esfaquear o pr\u00f3prio vizinho<\/strong> em Iguape. Ap\u00f3s dar as facadas, o suspeito fugiu do local do crime, que n\u00e3o foi divulgado, mas acabou detido pela PM. A Pol\u00edcia Civil investiga qual foi a motiva\u00e7\u00e3o do crime ocorrido na quinta-feira (4).<\/p>\n<p class=\"content-text__container \" data-track-category=\"Link no Texto\" data-track-links=\"\">Segundo a PM, a equipe foi acionada por mun\u00edcipes que denunciaram a confus\u00e3o entre os vizinhos. Segundo a corpora\u00e7\u00e3o, a v\u00edtima foi socorrida com vida. Informa\u00e7\u00f5es sobre o estado de sa\u00fade dela e a motiva\u00e7\u00e3o da briga n\u00e3o foram divulgadas.<\/p>\n<\/div>\n<\/div>\n<div class=\"wall protected-content\">\n<div id=\"chunk-73ach\">\n<div class=\"mc-column content-text active-extra-styles \" data-block-type=\"unstyled\" data-block-weight=\"23\" data-block-id=\"5\">\n<p class=\"content-text__container \" data-track-category=\"Link no Texto\" data-track-links=\"\">Ainda de acordo com a Pol\u00edcia Militar, o criminoso foi encaminhado \u00e0 Delegacia de Pol\u00edcia de Iguape, onde permaneceu \u00e0 disposi\u00e7\u00e3o da Justi\u00e7a.<\/p>\n<p data-track-category=\"Link no Texto\" data-track-links=\"\"><strong>LEIA TAMB\u00c9M<\/strong><\/p>\n<p data-track-category=\"Link no Texto\" data-track-links=\"\"><a href=\"https:\/\/redenoticiaz.com.br\/litoralsp\/2023\/05\/07\/morte-de-vitima-de-fake-news-no-litoral-e-confirmada-pelo-hospital\">Morte de v\u00edtima de fake news no Litoral \u00e9 confirmada pelo hospital<\/a><\/p>\n<\/div>\n<\/div>\n<\/div>\n","protected":false},"excerpt":{"rendered":"<p>A Pol\u00edcia Militar prendeu em flagrante, um homem ap\u00f3s esfaquear o pr\u00f3prio vizinho em Iguape. Ap\u00f3s dar as facadas, o suspeito fugiu do local do crime, que n\u00e3o foi divulgado, mas acabou detido pela PM. A Pol\u00edcia Civil investiga qual foi a motiva\u00e7\u00e3o do crime ocorrido na quinta-feira (4). Segundo a PM, a equipe foi &hellip;<\/p>\n","protected":false},"author":6,"featured_media":105334,"comment_status":"open","ping_status":"closed","sticky":false,"template":"","format":"standard","meta":{"footnotes":""},"categories":[12778,10],"tags":[32615,2832,4773,1766,9701],"class_list":["post-105333","post","type-post","status-publish","format-standard","has-post-thumbnail","hentry","category-iguape","category-policia","tag-homem-esfaqueado","tag-iguape","tag-policia-civil-2","tag-policia-militar","tag-prisao-em-flagrante"],"yoast_head":"<!-- This site is optimized with the Yoast SEO plugin v27.5 - https:\/\/yoast.com\/product\/yoast-seo-wordpress\/ -->\n<title>Homem \u00e9 preso em flagrante no Litoral Sul ap\u00f3s dar facadas no vizinho - Litoral SP<\/title>\n<meta name=\"description\" content=\"A Pol\u00edcia Militar prendeu em flagrante, um homem ap\u00f3s esfaquear o pr\u00f3prio vizinho em Iguape. Ap\u00f3s dar as facadas, o suspeito\" \/>\n<meta name=\"robots\" content=\"index, follow, max-snippet:-1, max-image-preview:large, max-video-preview:-1\" \/>\n<link rel=\"canonical\" href=\"https:\/\/redenoticiaz.com.br\/litoralsp\/2023\/05\/08\/homem-e-preso-em-flagrante-no-litoral-sul-apos-dar-facadas-no-vizinho\" \/>\n<meta property=\"og:locale\" content=\"pt_BR\" \/>\n<meta property=\"og:type\" content=\"article\" \/>\n<meta property=\"og:title\" content=\"Homem \u00e9 preso em flagrante no Litoral Sul ap\u00f3s dar facadas no vizinho - Litoral SP\" \/>\n<meta property=\"og:description\" content=\"A Pol\u00edcia Militar prendeu em flagrante, um homem ap\u00f3s esfaquear o pr\u00f3prio vizinho em Iguape. Ap\u00f3s dar as facadas, o suspeito\" \/>\n<meta property=\"og:url\" content=\"https:\/\/redenoticiaz.com.br\/litoralsp\/2023\/05\/08\/homem-e-preso-em-flagrante-no-litoral-sul-apos-dar-facadas-no-vizinho\" \/>\n<meta property=\"og:site_name\" content=\"Litoral SP\" \/>\n<meta property=\"article:published_time\" content=\"2023-05-08T11:19:44+00:00\" \/>\n<meta property=\"og:image\" content=\"https:\/\/redenoticiaz.com.br\/litoralsp\/wp-content\/uploads\/sites\/3\/2023\/05\/PM-IGUAPE.jpg\" \/>\n\t<meta property=\"og:image:width\" content=\"531\" \/>\n\t<meta property=\"og:image:height\" content=\"414\" \/>\n\t<meta property=\"og:image:type\" content=\"image\/jpeg\" \/>\n<meta name=\"author\" content=\"Leonardo Francisco\" \/>\n<meta name=\"twitter:card\" content=\"summary_large_image\" \/>\n<meta name=\"twitter:label1\" content=\"Escrito por\" \/>\n\t<meta name=\"twitter:data1\" content=\"Leonardo Francisco\" \/>\n\t<meta name=\"twitter:label2\" content=\"Est. tempo de leitura\" \/>\n\t<meta name=\"twitter:data2\" content=\"1 minuto\" \/>\n<script type=\"application\/ld+json\" class=\"yoast-schema-graph\">{\"@context\":\"https:\\\/\\\/schema.org\",\"@graph\":[{\"@type\":\"Article\",\"@id\":\"https:\\\/\\\/redenoticiaz.com.br\\\/litoralsp\\\/2023\\\/05\\\/08\\\/homem-e-preso-em-flagrante-no-litoral-sul-apos-dar-facadas-no-vizinho#article\",\"isPartOf\":{\"@id\":\"https:\\\/\\\/redenoticiaz.com.br\\\/litoralsp\\\/2023\\\/05\\\/08\\\/homem-e-preso-em-flagrante-no-litoral-sul-apos-dar-facadas-no-vizinho\"},\"author\":{\"name\":\"Leonardo Francisco\",\"@id\":\"https:\\\/\\\/redenoticiaz.com.br\\\/litoralsp\\\/#\\\/schema\\\/person\\\/0f0b8a5bdafefe82841e07ae8d81ecb3\"},\"headline\":\"Homem \u00e9 preso em flagrante no Litoral Sul ap\u00f3s dar facadas no vizinho\",\"datePublished\":\"2023-05-08T11:19:44+00:00\",\"mainEntityOfPage\":{\"@id\":\"https:\\\/\\\/redenoticiaz.com.br\\\/litoralsp\\\/2023\\\/05\\\/08\\\/homem-e-preso-em-flagrante-no-litoral-sul-apos-dar-facadas-no-vizinho\"},\"wordCount\":156,\"commentCount\":0,\"publisher\":{\"@id\":\"https:\\\/\\\/redenoticiaz.com.br\\\/litoralsp\\\/#organization\"},\"image\":{\"@id\":\"https:\\\/\\\/redenoticiaz.com.br\\\/litoralsp\\\/2023\\\/05\\\/08\\\/homem-e-preso-em-flagrante-no-litoral-sul-apos-dar-facadas-no-vizinho#primaryimage\"},\"thumbnailUrl\":\"https:\\\/\\\/redenoticiaz.com.br\\\/litoralsp\\\/wp-content\\\/uploads\\\/sites\\\/3\\\/2023\\\/05\\\/PM-IGUAPE.jpg\",\"keywords\":[\"HOMEM ESFAQUEADO\",\"IGUAPE\",\"POL\u00cdCIA CIVIL\",\"policia militar\",\"PRIS\u00c3O EM FLAGRANTE\"],\"articleSection\":[\"Iguape\",\"Pol\u00edcia\"],\"inLanguage\":\"pt-BR\",\"potentialAction\":[{\"@type\":\"CommentAction\",\"name\":\"Comment\",\"target\":[\"https:\\\/\\\/redenoticiaz.com.br\\\/litoralsp\\\/2023\\\/05\\\/08\\\/homem-e-preso-em-flagrante-no-litoral-sul-apos-dar-facadas-no-vizinho#respond\"]}]},{\"@type\":\"WebPage\",\"@id\":\"https:\\\/\\\/redenoticiaz.com.br\\\/litoralsp\\\/2023\\\/05\\\/08\\\/homem-e-preso-em-flagrante-no-litoral-sul-apos-dar-facadas-no-vizinho\",\"url\":\"https:\\\/\\\/redenoticiaz.com.br\\\/litoralsp\\\/2023\\\/05\\\/08\\\/homem-e-preso-em-flagrante-no-litoral-sul-apos-dar-facadas-no-vizinho\",\"name\":\"Homem \u00e9 preso em flagrante no Litoral Sul ap\u00f3s dar facadas no vizinho - Litoral SP\",\"isPartOf\":{\"@id\":\"https:\\\/\\\/redenoticiaz.com.br\\\/litoralsp\\\/#website\"},\"primaryImageOfPage\":{\"@id\":\"https:\\\/\\\/redenoticiaz.com.br\\\/litoralsp\\\/2023\\\/05\\\/08\\\/homem-e-preso-em-flagrante-no-litoral-sul-apos-dar-facadas-no-vizinho#primaryimage\"},\"image\":{\"@id\":\"https:\\\/\\\/redenoticiaz.com.br\\\/litoralsp\\\/2023\\\/05\\\/08\\\/homem-e-preso-em-flagrante-no-litoral-sul-apos-dar-facadas-no-vizinho#primaryimage\"},\"thumbnailUrl\":\"https:\\\/\\\/redenoticiaz.com.br\\\/litoralsp\\\/wp-content\\\/uploads\\\/sites\\\/3\\\/2023\\\/05\\\/PM-IGUAPE.jpg\",\"datePublished\":\"2023-05-08T11:19:44+00:00\",\"description\":\"A Pol\u00edcia Militar prendeu em flagrante, um homem ap\u00f3s esfaquear o pr\u00f3prio vizinho em Iguape. Ap\u00f3s dar as facadas, o suspeito\",\"inLanguage\":\"pt-BR\",\"potentialAction\":[{\"@type\":\"ReadAction\",\"target\":[\"https:\\\/\\\/redenoticiaz.com.br\\\/litoralsp\\\/2023\\\/05\\\/08\\\/homem-e-preso-em-flagrante-no-litoral-sul-apos-dar-facadas-no-vizinho\"]}]},{\"@type\":\"ImageObject\",\"inLanguage\":\"pt-BR\",\"@id\":\"https:\\\/\\\/redenoticiaz.com.br\\\/litoralsp\\\/2023\\\/05\\\/08\\\/homem-e-preso-em-flagrante-no-litoral-sul-apos-dar-facadas-no-vizinho#primaryimage\",\"url\":\"https:\\\/\\\/redenoticiaz.com.br\\\/litoralsp\\\/wp-content\\\/uploads\\\/sites\\\/3\\\/2023\\\/05\\\/PM-IGUAPE.jpg\",\"contentUrl\":\"https:\\\/\\\/redenoticiaz.com.br\\\/litoralsp\\\/wp-content\\\/uploads\\\/sites\\\/3\\\/2023\\\/05\\\/PM-IGUAPE.jpg\",\"width\":531,\"height\":414,\"caption\":\"Cr\u00e9ditos: Divulga\u00e7\u00e3o\\\/Pol\u00edcia Militar\"},{\"@type\":\"WebSite\",\"@id\":\"https:\\\/\\\/redenoticiaz.com.br\\\/litoralsp\\\/#website\",\"url\":\"https:\\\/\\\/redenoticiaz.com.br\\\/litoralsp\\\/\",\"name\":\"Litoral SP\",\"description\":\"Rede NoticiaZ\",\"publisher\":{\"@id\":\"https:\\\/\\\/redenoticiaz.com.br\\\/litoralsp\\\/#organization\"},\"potentialAction\":[{\"@type\":\"SearchAction\",\"target\":{\"@type\":\"EntryPoint\",\"urlTemplate\":\"https:\\\/\\\/redenoticiaz.com.br\\\/litoralsp\\\/?s={search_term_string}\"},\"query-input\":{\"@type\":\"PropertyValueSpecification\",\"valueRequired\":true,\"valueName\":\"search_term_string\"}}],\"inLanguage\":\"pt-BR\"},{\"@type\":\"Organization\",\"@id\":\"https:\\\/\\\/redenoticiaz.com.br\\\/litoralsp\\\/#organization\",\"name\":\"Litoral SP\",\"url\":\"https:\\\/\\\/redenoticiaz.com.br\\\/litoralsp\\\/\",\"logo\":{\"@type\":\"ImageObject\",\"inLanguage\":\"pt-BR\",\"@id\":\"https:\\\/\\\/redenoticiaz.com.br\\\/litoralsp\\\/#\\\/schema\\\/logo\\\/image\\\/\",\"url\":\"https:\\\/\\\/redenoticiaz.com.br\\\/litoralsp\\\/wp-content\\\/uploads\\\/sites\\\/3\\\/2020\\\/11\\\/logo.jpg\",\"contentUrl\":\"https:\\\/\\\/redenoticiaz.com.br\\\/litoralsp\\\/wp-content\\\/uploads\\\/sites\\\/3\\\/2020\\\/11\\\/logo.jpg\",\"width\":400,\"height\":250,\"caption\":\"Litoral SP\"},\"image\":{\"@id\":\"https:\\\/\\\/redenoticiaz.com.br\\\/litoralsp\\\/#\\\/schema\\\/logo\\\/image\\\/\"}},{\"@type\":\"Person\",\"@id\":\"https:\\\/\\\/redenoticiaz.com.br\\\/litoralsp\\\/#\\\/schema\\\/person\\\/0f0b8a5bdafefe82841e07ae8d81ecb3\",\"name\":\"Leonardo Francisco\",\"image\":{\"@type\":\"ImageObject\",\"inLanguage\":\"pt-BR\",\"@id\":\"https:\\\/\\\/secure.gravatar.com\\\/avatar\\\/a7358cb406a99b682ec6df1e77e31ae82e63601f6784e8a3df411d72b37864da?s=96&d=mm&r=g\",\"url\":\"https:\\\/\\\/secure.gravatar.com\\\/avatar\\\/a7358cb406a99b682ec6df1e77e31ae82e63601f6784e8a3df411d72b37864da?s=96&d=mm&r=g\",\"contentUrl\":\"https:\\\/\\\/secure.gravatar.com\\\/avatar\\\/a7358cb406a99b682ec6df1e77e31ae82e63601f6784e8a3df411d72b37864da?s=96&d=mm&r=g\",\"caption\":\"Leonardo Francisco\"},\"url\":\"https:\\\/\\\/redenoticiaz.com.br\\\/litoralsp\\\/author\\\/leonardo-francisco\"}]}<\/script>\n<!-- \/ Yoast SEO plugin. -->","yoast_head_json":{"title":"Homem \u00e9 preso em flagrante no Litoral Sul ap\u00f3s dar facadas no vizinho - Litoral SP","description":"A Pol\u00edcia Militar prendeu em flagrante, um homem ap\u00f3s esfaquear o pr\u00f3prio vizinho em Iguape. Ap\u00f3s dar as facadas, o suspeito","robots":{"index":"index","follow":"follow","max-snippet":"max-snippet:-1","max-image-preview":"max-image-preview:large","max-video-preview":"max-video-preview:-1"},"canonical":"https:\/\/redenoticiaz.com.br\/litoralsp\/2023\/05\/08\/homem-e-preso-em-flagrante-no-litoral-sul-apos-dar-facadas-no-vizinho","og_locale":"pt_BR","og_type":"article","og_title":"Homem \u00e9 preso em flagrante no Litoral Sul ap\u00f3s dar facadas no vizinho - Litoral SP","og_description":"A Pol\u00edcia Militar prendeu em flagrante, um homem ap\u00f3s esfaquear o pr\u00f3prio vizinho em Iguape. Ap\u00f3s dar as facadas, o suspeito","og_url":"https:\/\/redenoticiaz.com.br\/litoralsp\/2023\/05\/08\/homem-e-preso-em-flagrante-no-litoral-sul-apos-dar-facadas-no-vizinho","og_site_name":"Litoral SP","article_published_time":"2023-05-08T11:19:44+00:00","og_image":[{"width":531,"height":414,"url":"https:\/\/redenoticiaz.com.br\/litoralsp\/wp-content\/uploads\/sites\/3\/2023\/05\/PM-IGUAPE.jpg","type":"image\/jpeg"}],"author":"Leonardo Francisco","twitter_card":"summary_large_image","twitter_misc":{"Escrito por":"Leonardo Francisco","Est. tempo de leitura":"1 minuto"},"schema":{"@context":"https:\/\/schema.org","@graph":[{"@type":"Article","@id":"https:\/\/redenoticiaz.com.br\/litoralsp\/2023\/05\/08\/homem-e-preso-em-flagrante-no-litoral-sul-apos-dar-facadas-no-vizinho#article","isPartOf":{"@id":"https:\/\/redenoticiaz.com.br\/litoralsp\/2023\/05\/08\/homem-e-preso-em-flagrante-no-litoral-sul-apos-dar-facadas-no-vizinho"},"author":{"name":"Leonardo Francisco","@id":"https:\/\/redenoticiaz.com.br\/litoralsp\/#\/schema\/person\/0f0b8a5bdafefe82841e07ae8d81ecb3"},"headline":"Homem \u00e9 preso em flagrante no Litoral Sul ap\u00f3s dar facadas no vizinho","datePublished":"2023-05-08T11:19:44+00:00","mainEntityOfPage":{"@id":"https:\/\/redenoticiaz.com.br\/litoralsp\/2023\/05\/08\/homem-e-preso-em-flagrante-no-litoral-sul-apos-dar-facadas-no-vizinho"},"wordCount":156,"commentCount":0,"publisher":{"@id":"https:\/\/redenoticiaz.com.br\/litoralsp\/#organization"},"image":{"@id":"https:\/\/redenoticiaz.com.br\/litoralsp\/2023\/05\/08\/homem-e-preso-em-flagrante-no-litoral-sul-apos-dar-facadas-no-vizinho#primaryimage"},"thumbnailUrl":"https:\/\/redenoticiaz.com.br\/litoralsp\/wp-content\/uploads\/sites\/3\/2023\/05\/PM-IGUAPE.jpg","keywords":["HOMEM ESFAQUEADO","IGUAPE","POL\u00cdCIA CIVIL","policia militar","PRIS\u00c3O EM FLAGRANTE"],"articleSection":["Iguape","Pol\u00edcia"],"inLanguage":"pt-BR","potentialAction":[{"@type":"CommentAction","name":"Comment","target":["https:\/\/redenoticiaz.com.br\/litoralsp\/2023\/05\/08\/homem-e-preso-em-flagrante-no-litoral-sul-apos-dar-facadas-no-vizinho#respond"]}]},{"@type":"WebPage","@id":"https:\/\/redenoticiaz.com.br\/litoralsp\/2023\/05\/08\/homem-e-preso-em-flagrante-no-litoral-sul-apos-dar-facadas-no-vizinho","url":"https:\/\/redenoticiaz.com.br\/litoralsp\/2023\/05\/08\/homem-e-preso-em-flagrante-no-litoral-sul-apos-dar-facadas-no-vizinho","name":"Homem \u00e9 preso em flagrante no Litoral Sul ap\u00f3s dar facadas no vizinho - Litoral SP","isPartOf":{"@id":"https:\/\/redenoticiaz.com.br\/litoralsp\/#website"},"primaryImageOfPage":{"@id":"https:\/\/redenoticiaz.com.br\/litoralsp\/2023\/05\/08\/homem-e-preso-em-flagrante-no-litoral-sul-apos-dar-facadas-no-vizinho#primaryimage"},"image":{"@id":"https:\/\/redenoticiaz.com.br\/litoralsp\/2023\/05\/08\/homem-e-preso-em-flagrante-no-litoral-sul-apos-dar-facadas-no-vizinho#primaryimage"},"thumbnailUrl":"https:\/\/redenoticiaz.com.br\/litoralsp\/wp-content\/uploads\/sites\/3\/2023\/05\/PM-IGUAPE.jpg","datePublished":"2023-05-08T11:19:44+00:00","description":"A Pol\u00edcia Militar prendeu em flagrante, um homem ap\u00f3s esfaquear o pr\u00f3prio vizinho em Iguape. Ap\u00f3s dar as facadas, o suspeito","inLanguage":"pt-BR","potentialAction":[{"@type":"ReadAction","target":["https:\/\/redenoticiaz.com.br\/litoralsp\/2023\/05\/08\/homem-e-preso-em-flagrante-no-litoral-sul-apos-dar-facadas-no-vizinho"]}]},{"@type":"ImageObject","inLanguage":"pt-BR","@id":"https:\/\/redenoticiaz.com.br\/litoralsp\/2023\/05\/08\/homem-e-preso-em-flagrante-no-litoral-sul-apos-dar-facadas-no-vizinho#primaryimage","url":"https:\/\/redenoticiaz.com.br\/litoralsp\/wp-content\/uploads\/sites\/3\/2023\/05\/PM-IGUAPE.jpg","contentUrl":"https:\/\/redenoticiaz.com.br\/litoralsp\/wp-content\/uploads\/sites\/3\/2023\/05\/PM-IGUAPE.jpg","width":531,"height":414,"caption":"Cr\u00e9ditos: Divulga\u00e7\u00e3o\/Pol\u00edcia Militar"},{"@type":"WebSite","@id":"https:\/\/redenoticiaz.com.br\/litoralsp\/#website","url":"https:\/\/redenoticiaz.com.br\/litoralsp\/","name":"Litoral SP","description":"Rede NoticiaZ","publisher":{"@id":"https:\/\/redenoticiaz.com.br\/litoralsp\/#organization"},"potentialAction":[{"@type":"SearchAction","target":{"@type":"EntryPoint","urlTemplate":"https:\/\/redenoticiaz.com.br\/litoralsp\/?s={search_term_string}"},"query-input":{"@type":"PropertyValueSpecification","valueRequired":true,"valueName":"search_term_string"}}],"inLanguage":"pt-BR"},{"@type":"Organization","@id":"https:\/\/redenoticiaz.com.br\/litoralsp\/#organization","name":"Litoral SP","url":"https:\/\/redenoticiaz.com.br\/litoralsp\/","logo":{"@type":"ImageObject","inLanguage":"pt-BR","@id":"https:\/\/redenoticiaz.com.br\/litoralsp\/#\/schema\/logo\/image\/","url":"https:\/\/redenoticiaz.com.br\/litoralsp\/wp-content\/uploads\/sites\/3\/2020\/11\/logo.jpg","contentUrl":"https:\/\/redenoticiaz.com.br\/litoralsp\/wp-content\/uploads\/sites\/3\/2020\/11\/logo.jpg","width":400,"height":250,"caption":"Litoral SP"},"image":{"@id":"https:\/\/redenoticiaz.com.br\/litoralsp\/#\/schema\/logo\/image\/"}},{"@type":"Person","@id":"https:\/\/redenoticiaz.com.br\/litoralsp\/#\/schema\/person\/0f0b8a5bdafefe82841e07ae8d81ecb3","name":"Leonardo Francisco","image":{"@type":"ImageObject","inLanguage":"pt-BR","@id":"https:\/\/secure.gravatar.com\/avatar\/a7358cb406a99b682ec6df1e77e31ae82e63601f6784e8a3df411d72b37864da?s=96&d=mm&r=g","url":"https:\/\/secure.gravatar.com\/avatar\/a7358cb406a99b682ec6df1e77e31ae82e63601f6784e8a3df411d72b37864da?s=96&d=mm&r=g","contentUrl":"https:\/\/secure.gravatar.com\/avatar\/a7358cb406a99b682ec6df1e77e31ae82e63601f6784e8a3df411d72b37864da?s=96&d=mm&r=g","caption":"Leonardo Francisco"},"url":"https:\/\/redenoticiaz.com.br\/litoralsp\/author\/leonardo-francisco"}]}},"_links":{"self":[{"href":"https:\/\/redenoticiaz.com.br\/litoralsp\/wp-json\/wp\/v2\/posts\/105333","targetHints":{"allow":["GET"]}}],"collection":[{"href":"https:\/\/redenoticiaz.com.br\/litoralsp\/wp-json\/wp\/v2\/posts"}],"about":[{"href":"https:\/\/redenoticiaz.com.br\/litoralsp\/wp-json\/wp\/v2\/types\/post"}],"author":[{"embeddable":true,"href":"https:\/\/redenoticiaz.com.br\/litoralsp\/wp-json\/wp\/v2\/users\/6"}],"replies":[{"embeddable":true,"href":"https:\/\/redenoticiaz.com.br\/litoralsp\/wp-json\/wp\/v2\/comments?post=105333"}],"version-history":[{"count":2,"href":"https:\/\/redenoticiaz.com.br\/litoralsp\/wp-json\/wp\/v2\/posts\/105333\/revisions"}],"predecessor-version":[{"id":105336,"href":"https:\/\/redenoticiaz.com.br\/litoralsp\/wp-json\/wp\/v2\/posts\/105333\/revisions\/105336"}],"wp:featuredmedia":[{"embeddable":true,"href":"https:\/\/redenoticiaz.com.br\/litoralsp\/wp-json\/wp\/v2\/media\/105334"}],"wp:attachment":[{"href":"https:\/\/redenoticiaz.com.br\/litoralsp\/wp-json\/wp\/v2\/media?parent=105333"}],"wp:term":[{"taxonomy":"category","embeddable":true,"href":"https:\/\/redenoticiaz.com.br\/litoralsp\/wp-json\/wp\/v2\/categories?post=105333"},{"taxonomy":"post_tag","embeddable":true,"href":"https:\/\/redenoticiaz.com.br\/litoralsp\/wp-json\/wp\/v2\/tags?post=105333"}],"curies":[{"name":"wp","href":"https:\/\/api.w.org\/{rel}","templated":true}]}}