{"id":105365,"date":"2023-05-08T17:11:19","date_gmt":"2023-05-08T20:11:19","guid":{"rendered":"https:\/\/redenoticiaz.com.br\/litoralsp\/?p=105365"},"modified":"2023-05-08T17:11:19","modified_gmt":"2023-05-08T20:11:19","slug":"dois-suspeitos-sao-presos-por-tentar-furtar-escola-de-santos","status":"publish","type":"post","link":"https:\/\/redenoticiaz.com.br\/litoralsp\/2023\/05\/08\/dois-suspeitos-sao-presos-por-tentar-furtar-escola-de-santos","title":{"rendered":"Dois suspeitos s\u00e3o presos por tentar furtar escola de Santos"},"content":{"rendered":"<p>Mais uma tentativa de furto de fia\u00e7\u00e3o el\u00e9trica na antiga escola Cle\u00f3bulo Amazonas Duarte (Encruzilhada) foi frustrada pela Guarda Civil Municipal (GCM) de Santos. Desta vez, a guarni\u00e7\u00e3o deteve dois suspeitos por invas\u00e3o \u00e0 unidade de educa\u00e7\u00e3o.<\/p>\n<p>Onze pessoas j\u00e1 foram detidas em menos de um m\u00eas por tr\u00eas crimes ocorridos no local.<\/p>\n<p>O caso mais recente ocorreu na manh\u00e3 de s\u00e1bado (6), quando mun\u00edcipes avistaram dois homens invadindo o local e acionaram os guardas municipais em patrulhamento na regi\u00e3o, que foram averiguar a den\u00fancia.<\/p>\n<p>Os agentes conseguiram abordar os suspeitos, sendo que um deles portava uma sacola com diversos fios e outros materiais. Em interrogat\u00f3rio, eles admitiram ter entrado na unidade para subtrair materiais e sustentar seus v\u00edcios em drogas.<\/p>\n<p>A dupla foi conduzida ao 7\u00b0 Distrito Policial, onde foi feito um boletim de ocorr\u00eancia de apreens\u00e3o de objetos. Como nada foi constatado em pesquisa criminal, os suspeitos foram liberados.<\/p>\n<p><strong>Leia mais<\/strong><\/p>\n<p><a href=\"https:\/\/redenoticiaz.com.br\/litoralsp\/2023\/05\/08\/caminhao-tomba-na-rio-santos-e-mata-motorista\">Caminh\u00e3o tomba na Rio-Santos e mata motorista<\/a><\/p>\n","protected":false},"excerpt":{"rendered":"<p>Mais uma tentativa de furto de fia\u00e7\u00e3o el\u00e9trica na antiga escola Cle\u00f3bulo Amazonas Duarte (Encruzilhada) foi frustrada pela Guarda Civil Municipal (GCM) de Santos. Desta vez, a guarni\u00e7\u00e3o deteve dois suspeitos por invas\u00e3o \u00e0 unidade de educa\u00e7\u00e3o. Onze pessoas j\u00e1 foram detidas em menos de um m\u00eas por tr\u00eas crimes ocorridos no local. O caso &hellip;<\/p>\n","protected":false},"author":12,"featured_media":105366,"comment_status":"open","ping_status":"closed","sticky":false,"template":"","format":"standard","meta":{"footnotes":""},"categories":[180],"tags":[36309,34073,3892,43,14529],"class_list":["post-105365","post","type-post","status-publish","format-standard","has-post-thumbnail","hentry","category-santos","tag-escola","tag-escola-de-santos","tag-furto","tag-guarda-municipal","tag-presos"],"yoast_head":"<!-- This site is optimized with the Yoast SEO plugin v27.5 - https:\/\/yoast.com\/product\/yoast-seo-wordpress\/ -->\n<title>Dois suspeitos s\u00e3o presos por tentar furtar escola de Santos - Litoral SP<\/title>\n<meta name=\"description\" content=\"Onze pessoas j\u00e1 foram detidas em menos de um m\u00eas por tr\u00eas crimes ocorridos no local.\" \/>\n<meta name=\"robots\" content=\"index, follow, max-snippet:-1, max-image-preview:large, max-video-preview:-1\" \/>\n<link rel=\"canonical\" href=\"https:\/\/redenoticiaz.com.br\/litoralsp\/2023\/05\/08\/dois-suspeitos-sao-presos-por-tentar-furtar-escola-de-santos\" \/>\n<meta property=\"og:locale\" content=\"pt_BR\" \/>\n<meta property=\"og:type\" content=\"article\" \/>\n<meta property=\"og:title\" content=\"Dois suspeitos s\u00e3o presos por tentar furtar escola de Santos - Litoral SP\" \/>\n<meta property=\"og:description\" content=\"Onze pessoas j\u00e1 foram detidas em menos de um m\u00eas por tr\u00eas crimes ocorridos no local.\" \/>\n<meta property=\"og:url\" content=\"https:\/\/redenoticiaz.com.br\/litoralsp\/2023\/05\/08\/dois-suspeitos-sao-presos-por-tentar-furtar-escola-de-santos\" \/>\n<meta property=\"og:site_name\" content=\"Litoral SP\" \/>\n<meta property=\"article:published_time\" content=\"2023-05-08T20:11:19+00:00\" \/>\n<meta property=\"og:image\" content=\"https:\/\/redenoticiaz.com.br\/litoralsp\/wp-content\/uploads\/sites\/3\/2023\/05\/GCM-prende-mais-dois-por-crimes-ligados-a-furtos-de-bicicletas-na-orla-2.jpg\" \/>\n\t<meta property=\"og:image:width\" content=\"875\" \/>\n\t<meta property=\"og:image:height\" content=\"1080\" \/>\n\t<meta property=\"og:image:type\" content=\"image\/jpeg\" \/>\n<meta name=\"author\" content=\"Gustavo Silva\" \/>\n<meta name=\"twitter:card\" content=\"summary_large_image\" \/>\n<meta name=\"twitter:label1\" content=\"Escrito por\" \/>\n\t<meta name=\"twitter:data1\" content=\"Gustavo Silva\" \/>\n\t<meta name=\"twitter:label2\" content=\"Est. tempo de leitura\" \/>\n\t<meta name=\"twitter:data2\" content=\"1 minuto\" \/>\n<script type=\"application\/ld+json\" class=\"yoast-schema-graph\">{\"@context\":\"https:\\\/\\\/schema.org\",\"@graph\":[{\"@type\":\"Article\",\"@id\":\"https:\\\/\\\/redenoticiaz.com.br\\\/litoralsp\\\/2023\\\/05\\\/08\\\/dois-suspeitos-sao-presos-por-tentar-furtar-escola-de-santos#article\",\"isPartOf\":{\"@id\":\"https:\\\/\\\/redenoticiaz.com.br\\\/litoralsp\\\/2023\\\/05\\\/08\\\/dois-suspeitos-sao-presos-por-tentar-furtar-escola-de-santos\"},\"author\":{\"name\":\"Gustavo Silva\",\"@id\":\"https:\\\/\\\/redenoticiaz.com.br\\\/litoralsp\\\/#\\\/schema\\\/person\\\/16057b37a3c0ee6b096d7f887c566e2e\"},\"headline\":\"Dois suspeitos s\u00e3o presos por tentar furtar escola de Santos\",\"datePublished\":\"2023-05-08T20:11:19+00:00\",\"mainEntityOfPage\":{\"@id\":\"https:\\\/\\\/redenoticiaz.com.br\\\/litoralsp\\\/2023\\\/05\\\/08\\\/dois-suspeitos-sao-presos-por-tentar-furtar-escola-de-santos\"},\"wordCount\":185,\"commentCount\":0,\"publisher\":{\"@id\":\"https:\\\/\\\/redenoticiaz.com.br\\\/litoralsp\\\/#organization\"},\"image\":{\"@id\":\"https:\\\/\\\/redenoticiaz.com.br\\\/litoralsp\\\/2023\\\/05\\\/08\\\/dois-suspeitos-sao-presos-por-tentar-furtar-escola-de-santos#primaryimage\"},\"thumbnailUrl\":\"https:\\\/\\\/redenoticiaz.com.br\\\/litoralsp\\\/wp-content\\\/uploads\\\/sites\\\/3\\\/2023\\\/05\\\/GCM-prende-mais-dois-por-crimes-ligados-a-furtos-de-bicicletas-na-orla-2.jpg\",\"keywords\":[\"ESCOLA\",\"ESCOLA DE SANTOS\",\"furto\",\"guarda municipal\",\"PRESOS\"],\"articleSection\":[\"Santos\"],\"inLanguage\":\"pt-BR\",\"potentialAction\":[{\"@type\":\"CommentAction\",\"name\":\"Comment\",\"target\":[\"https:\\\/\\\/redenoticiaz.com.br\\\/litoralsp\\\/2023\\\/05\\\/08\\\/dois-suspeitos-sao-presos-por-tentar-furtar-escola-de-santos#respond\"]}]},{\"@type\":\"WebPage\",\"@id\":\"https:\\\/\\\/redenoticiaz.com.br\\\/litoralsp\\\/2023\\\/05\\\/08\\\/dois-suspeitos-sao-presos-por-tentar-furtar-escola-de-santos\",\"url\":\"https:\\\/\\\/redenoticiaz.com.br\\\/litoralsp\\\/2023\\\/05\\\/08\\\/dois-suspeitos-sao-presos-por-tentar-furtar-escola-de-santos\",\"name\":\"Dois suspeitos s\u00e3o presos por tentar furtar escola de Santos - Litoral SP\",\"isPartOf\":{\"@id\":\"https:\\\/\\\/redenoticiaz.com.br\\\/litoralsp\\\/#website\"},\"primaryImageOfPage\":{\"@id\":\"https:\\\/\\\/redenoticiaz.com.br\\\/litoralsp\\\/2023\\\/05\\\/08\\\/dois-suspeitos-sao-presos-por-tentar-furtar-escola-de-santos#primaryimage\"},\"image\":{\"@id\":\"https:\\\/\\\/redenoticiaz.com.br\\\/litoralsp\\\/2023\\\/05\\\/08\\\/dois-suspeitos-sao-presos-por-tentar-furtar-escola-de-santos#primaryimage\"},\"thumbnailUrl\":\"https:\\\/\\\/redenoticiaz.com.br\\\/litoralsp\\\/wp-content\\\/uploads\\\/sites\\\/3\\\/2023\\\/05\\\/GCM-prende-mais-dois-por-crimes-ligados-a-furtos-de-bicicletas-na-orla-2.jpg\",\"datePublished\":\"2023-05-08T20:11:19+00:00\",\"description\":\"Onze pessoas j\u00e1 foram detidas em menos de um m\u00eas por tr\u00eas crimes ocorridos no local.\",\"inLanguage\":\"pt-BR\",\"potentialAction\":[{\"@type\":\"ReadAction\",\"target\":[\"https:\\\/\\\/redenoticiaz.com.br\\\/litoralsp\\\/2023\\\/05\\\/08\\\/dois-suspeitos-sao-presos-por-tentar-furtar-escola-de-santos\"]}]},{\"@type\":\"ImageObject\",\"inLanguage\":\"pt-BR\",\"@id\":\"https:\\\/\\\/redenoticiaz.com.br\\\/litoralsp\\\/2023\\\/05\\\/08\\\/dois-suspeitos-sao-presos-por-tentar-furtar-escola-de-santos#primaryimage\",\"url\":\"https:\\\/\\\/redenoticiaz.com.br\\\/litoralsp\\\/wp-content\\\/uploads\\\/sites\\\/3\\\/2023\\\/05\\\/GCM-prende-mais-dois-por-crimes-ligados-a-furtos-de-bicicletas-na-orla-2.jpg\",\"contentUrl\":\"https:\\\/\\\/redenoticiaz.com.br\\\/litoralsp\\\/wp-content\\\/uploads\\\/sites\\\/3\\\/2023\\\/05\\\/GCM-prende-mais-dois-por-crimes-ligados-a-furtos-de-bicicletas-na-orla-2.jpg\",\"width\":875,\"height\":1080,\"caption\":\"Dois suspeitos s\u00e3o presos por tentar furtar escola de Santos\"},{\"@type\":\"WebSite\",\"@id\":\"https:\\\/\\\/redenoticiaz.com.br\\\/litoralsp\\\/#website\",\"url\":\"https:\\\/\\\/redenoticiaz.com.br\\\/litoralsp\\\/\",\"name\":\"Litoral SP\",\"description\":\"Rede NoticiaZ\",\"publisher\":{\"@id\":\"https:\\\/\\\/redenoticiaz.com.br\\\/litoralsp\\\/#organization\"},\"potentialAction\":[{\"@type\":\"SearchAction\",\"target\":{\"@type\":\"EntryPoint\",\"urlTemplate\":\"https:\\\/\\\/redenoticiaz.com.br\\\/litoralsp\\\/?s={search_term_string}\"},\"query-input\":{\"@type\":\"PropertyValueSpecification\",\"valueRequired\":true,\"valueName\":\"search_term_string\"}}],\"inLanguage\":\"pt-BR\"},{\"@type\":\"Organization\",\"@id\":\"https:\\\/\\\/redenoticiaz.com.br\\\/litoralsp\\\/#organization\",\"name\":\"Litoral SP\",\"url\":\"https:\\\/\\\/redenoticiaz.com.br\\\/litoralsp\\\/\",\"logo\":{\"@type\":\"ImageObject\",\"inLanguage\":\"pt-BR\",\"@id\":\"https:\\\/\\\/redenoticiaz.com.br\\\/litoralsp\\\/#\\\/schema\\\/logo\\\/image\\\/\",\"url\":\"https:\\\/\\\/redenoticiaz.com.br\\\/litoralsp\\\/wp-content\\\/uploads\\\/sites\\\/3\\\/2020\\\/11\\\/logo.jpg\",\"contentUrl\":\"https:\\\/\\\/redenoticiaz.com.br\\\/litoralsp\\\/wp-content\\\/uploads\\\/sites\\\/3\\\/2020\\\/11\\\/logo.jpg\",\"width\":400,\"height\":250,\"caption\":\"Litoral SP\"},\"image\":{\"@id\":\"https:\\\/\\\/redenoticiaz.com.br\\\/litoralsp\\\/#\\\/schema\\\/logo\\\/image\\\/\"}},{\"@type\":\"Person\",\"@id\":\"https:\\\/\\\/redenoticiaz.com.br\\\/litoralsp\\\/#\\\/schema\\\/person\\\/16057b37a3c0ee6b096d7f887c566e2e\",\"name\":\"Gustavo Silva\",\"image\":{\"@type\":\"ImageObject\",\"inLanguage\":\"pt-BR\",\"@id\":\"https:\\\/\\\/secure.gravatar.com\\\/avatar\\\/3ee4e82f93b26de0a7cf4ea5eb7893da637ed6bb0c9170c58065944c56e28a33?s=96&d=mm&r=g\",\"url\":\"https:\\\/\\\/secure.gravatar.com\\\/avatar\\\/3ee4e82f93b26de0a7cf4ea5eb7893da637ed6bb0c9170c58065944c56e28a33?s=96&d=mm&r=g\",\"contentUrl\":\"https:\\\/\\\/secure.gravatar.com\\\/avatar\\\/3ee4e82f93b26de0a7cf4ea5eb7893da637ed6bb0c9170c58065944c56e28a33?s=96&d=mm&r=g\",\"caption\":\"Gustavo Silva\"},\"url\":\"https:\\\/\\\/redenoticiaz.com.br\\\/litoralsp\\\/author\\\/gustavosilva\"}]}<\/script>\n<!-- \/ Yoast SEO plugin. -->","yoast_head_json":{"title":"Dois suspeitos s\u00e3o presos por tentar furtar escola de Santos - Litoral SP","description":"Onze pessoas j\u00e1 foram detidas em menos de um m\u00eas por tr\u00eas crimes ocorridos no local.","robots":{"index":"index","follow":"follow","max-snippet":"max-snippet:-1","max-image-preview":"max-image-preview:large","max-video-preview":"max-video-preview:-1"},"canonical":"https:\/\/redenoticiaz.com.br\/litoralsp\/2023\/05\/08\/dois-suspeitos-sao-presos-por-tentar-furtar-escola-de-santos","og_locale":"pt_BR","og_type":"article","og_title":"Dois suspeitos s\u00e3o presos por tentar furtar escola de Santos - Litoral SP","og_description":"Onze pessoas j\u00e1 foram detidas em menos de um m\u00eas por tr\u00eas crimes ocorridos no local.","og_url":"https:\/\/redenoticiaz.com.br\/litoralsp\/2023\/05\/08\/dois-suspeitos-sao-presos-por-tentar-furtar-escola-de-santos","og_site_name":"Litoral SP","article_published_time":"2023-05-08T20:11:19+00:00","og_image":[{"width":875,"height":1080,"url":"https:\/\/redenoticiaz.com.br\/litoralsp\/wp-content\/uploads\/sites\/3\/2023\/05\/GCM-prende-mais-dois-por-crimes-ligados-a-furtos-de-bicicletas-na-orla-2.jpg","type":"image\/jpeg"}],"author":"Gustavo Silva","twitter_card":"summary_large_image","twitter_misc":{"Escrito por":"Gustavo Silva","Est. tempo de leitura":"1 minuto"},"schema":{"@context":"https:\/\/schema.org","@graph":[{"@type":"Article","@id":"https:\/\/redenoticiaz.com.br\/litoralsp\/2023\/05\/08\/dois-suspeitos-sao-presos-por-tentar-furtar-escola-de-santos#article","isPartOf":{"@id":"https:\/\/redenoticiaz.com.br\/litoralsp\/2023\/05\/08\/dois-suspeitos-sao-presos-por-tentar-furtar-escola-de-santos"},"author":{"name":"Gustavo Silva","@id":"https:\/\/redenoticiaz.com.br\/litoralsp\/#\/schema\/person\/16057b37a3c0ee6b096d7f887c566e2e"},"headline":"Dois suspeitos s\u00e3o presos por tentar furtar escola de Santos","datePublished":"2023-05-08T20:11:19+00:00","mainEntityOfPage":{"@id":"https:\/\/redenoticiaz.com.br\/litoralsp\/2023\/05\/08\/dois-suspeitos-sao-presos-por-tentar-furtar-escola-de-santos"},"wordCount":185,"commentCount":0,"publisher":{"@id":"https:\/\/redenoticiaz.com.br\/litoralsp\/#organization"},"image":{"@id":"https:\/\/redenoticiaz.com.br\/litoralsp\/2023\/05\/08\/dois-suspeitos-sao-presos-por-tentar-furtar-escola-de-santos#primaryimage"},"thumbnailUrl":"https:\/\/redenoticiaz.com.br\/litoralsp\/wp-content\/uploads\/sites\/3\/2023\/05\/GCM-prende-mais-dois-por-crimes-ligados-a-furtos-de-bicicletas-na-orla-2.jpg","keywords":["ESCOLA","ESCOLA DE SANTOS","furto","guarda municipal","PRESOS"],"articleSection":["Santos"],"inLanguage":"pt-BR","potentialAction":[{"@type":"CommentAction","name":"Comment","target":["https:\/\/redenoticiaz.com.br\/litoralsp\/2023\/05\/08\/dois-suspeitos-sao-presos-por-tentar-furtar-escola-de-santos#respond"]}]},{"@type":"WebPage","@id":"https:\/\/redenoticiaz.com.br\/litoralsp\/2023\/05\/08\/dois-suspeitos-sao-presos-por-tentar-furtar-escola-de-santos","url":"https:\/\/redenoticiaz.com.br\/litoralsp\/2023\/05\/08\/dois-suspeitos-sao-presos-por-tentar-furtar-escola-de-santos","name":"Dois suspeitos s\u00e3o presos por tentar furtar escola de Santos - Litoral SP","isPartOf":{"@id":"https:\/\/redenoticiaz.com.br\/litoralsp\/#website"},"primaryImageOfPage":{"@id":"https:\/\/redenoticiaz.com.br\/litoralsp\/2023\/05\/08\/dois-suspeitos-sao-presos-por-tentar-furtar-escola-de-santos#primaryimage"},"image":{"@id":"https:\/\/redenoticiaz.com.br\/litoralsp\/2023\/05\/08\/dois-suspeitos-sao-presos-por-tentar-furtar-escola-de-santos#primaryimage"},"thumbnailUrl":"https:\/\/redenoticiaz.com.br\/litoralsp\/wp-content\/uploads\/sites\/3\/2023\/05\/GCM-prende-mais-dois-por-crimes-ligados-a-furtos-de-bicicletas-na-orla-2.jpg","datePublished":"2023-05-08T20:11:19+00:00","description":"Onze pessoas j\u00e1 foram detidas em menos de um m\u00eas por tr\u00eas crimes ocorridos no local.","inLanguage":"pt-BR","potentialAction":[{"@type":"ReadAction","target":["https:\/\/redenoticiaz.com.br\/litoralsp\/2023\/05\/08\/dois-suspeitos-sao-presos-por-tentar-furtar-escola-de-santos"]}]},{"@type":"ImageObject","inLanguage":"pt-BR","@id":"https:\/\/redenoticiaz.com.br\/litoralsp\/2023\/05\/08\/dois-suspeitos-sao-presos-por-tentar-furtar-escola-de-santos#primaryimage","url":"https:\/\/redenoticiaz.com.br\/litoralsp\/wp-content\/uploads\/sites\/3\/2023\/05\/GCM-prende-mais-dois-por-crimes-ligados-a-furtos-de-bicicletas-na-orla-2.jpg","contentUrl":"https:\/\/redenoticiaz.com.br\/litoralsp\/wp-content\/uploads\/sites\/3\/2023\/05\/GCM-prende-mais-dois-por-crimes-ligados-a-furtos-de-bicicletas-na-orla-2.jpg","width":875,"height":1080,"caption":"Dois suspeitos s\u00e3o presos por tentar furtar escola de Santos"},{"@type":"WebSite","@id":"https:\/\/redenoticiaz.com.br\/litoralsp\/#website","url":"https:\/\/redenoticiaz.com.br\/litoralsp\/","name":"Litoral SP","description":"Rede NoticiaZ","publisher":{"@id":"https:\/\/redenoticiaz.com.br\/litoralsp\/#organization"},"potentialAction":[{"@type":"SearchAction","target":{"@type":"EntryPoint","urlTemplate":"https:\/\/redenoticiaz.com.br\/litoralsp\/?s={search_term_string}"},"query-input":{"@type":"PropertyValueSpecification","valueRequired":true,"valueName":"search_term_string"}}],"inLanguage":"pt-BR"},{"@type":"Organization","@id":"https:\/\/redenoticiaz.com.br\/litoralsp\/#organization","name":"Litoral SP","url":"https:\/\/redenoticiaz.com.br\/litoralsp\/","logo":{"@type":"ImageObject","inLanguage":"pt-BR","@id":"https:\/\/redenoticiaz.com.br\/litoralsp\/#\/schema\/logo\/image\/","url":"https:\/\/redenoticiaz.com.br\/litoralsp\/wp-content\/uploads\/sites\/3\/2020\/11\/logo.jpg","contentUrl":"https:\/\/redenoticiaz.com.br\/litoralsp\/wp-content\/uploads\/sites\/3\/2020\/11\/logo.jpg","width":400,"height":250,"caption":"Litoral SP"},"image":{"@id":"https:\/\/redenoticiaz.com.br\/litoralsp\/#\/schema\/logo\/image\/"}},{"@type":"Person","@id":"https:\/\/redenoticiaz.com.br\/litoralsp\/#\/schema\/person\/16057b37a3c0ee6b096d7f887c566e2e","name":"Gustavo Silva","image":{"@type":"ImageObject","inLanguage":"pt-BR","@id":"https:\/\/secure.gravatar.com\/avatar\/3ee4e82f93b26de0a7cf4ea5eb7893da637ed6bb0c9170c58065944c56e28a33?s=96&d=mm&r=g","url":"https:\/\/secure.gravatar.com\/avatar\/3ee4e82f93b26de0a7cf4ea5eb7893da637ed6bb0c9170c58065944c56e28a33?s=96&d=mm&r=g","contentUrl":"https:\/\/secure.gravatar.com\/avatar\/3ee4e82f93b26de0a7cf4ea5eb7893da637ed6bb0c9170c58065944c56e28a33?s=96&d=mm&r=g","caption":"Gustavo Silva"},"url":"https:\/\/redenoticiaz.com.br\/litoralsp\/author\/gustavosilva"}]}},"_links":{"self":[{"href":"https:\/\/redenoticiaz.com.br\/litoralsp\/wp-json\/wp\/v2\/posts\/105365","targetHints":{"allow":["GET"]}}],"collection":[{"href":"https:\/\/redenoticiaz.com.br\/litoralsp\/wp-json\/wp\/v2\/posts"}],"about":[{"href":"https:\/\/redenoticiaz.com.br\/litoralsp\/wp-json\/wp\/v2\/types\/post"}],"author":[{"embeddable":true,"href":"https:\/\/redenoticiaz.com.br\/litoralsp\/wp-json\/wp\/v2\/users\/12"}],"replies":[{"embeddable":true,"href":"https:\/\/redenoticiaz.com.br\/litoralsp\/wp-json\/wp\/v2\/comments?post=105365"}],"version-history":[{"count":2,"href":"https:\/\/redenoticiaz.com.br\/litoralsp\/wp-json\/wp\/v2\/posts\/105365\/revisions"}],"predecessor-version":[{"id":105376,"href":"https:\/\/redenoticiaz.com.br\/litoralsp\/wp-json\/wp\/v2\/posts\/105365\/revisions\/105376"}],"wp:featuredmedia":[{"embeddable":true,"href":"https:\/\/redenoticiaz.com.br\/litoralsp\/wp-json\/wp\/v2\/media\/105366"}],"wp:attachment":[{"href":"https:\/\/redenoticiaz.com.br\/litoralsp\/wp-json\/wp\/v2\/media?parent=105365"}],"wp:term":[{"taxonomy":"category","embeddable":true,"href":"https:\/\/redenoticiaz.com.br\/litoralsp\/wp-json\/wp\/v2\/categories?post=105365"},{"taxonomy":"post_tag","embeddable":true,"href":"https:\/\/redenoticiaz.com.br\/litoralsp\/wp-json\/wp\/v2\/tags?post=105365"}],"curies":[{"name":"wp","href":"https:\/\/api.w.org\/{rel}","templated":true}]}}