{"id":105435,"date":"2023-05-09T19:35:34","date_gmt":"2023-05-09T22:35:34","guid":{"rendered":"https:\/\/redenoticiaz.com.br\/litoralsp\/?p=105435"},"modified":"2023-05-09T19:35:34","modified_gmt":"2023-05-09T22:35:34","slug":"video-primeira-apreensao-de-maconha-sintetica-e-realizada-na-baixada-santista","status":"publish","type":"post","link":"https:\/\/redenoticiaz.com.br\/litoralsp\/2023\/05\/09\/video-primeira-apreensao-de-maconha-sintetica-e-realizada-na-baixada-santista","title":{"rendered":"V\u00cdDEO &#8211; Primeira apreens\u00e3o de maconha sint\u00e9tica \u00e9 realizada na Baixada Santista"},"content":{"rendered":"<p>Um Jardim de Drogas foi descoberto pela Pol\u00edcia em Guaruj\u00e1 depois de uma opera\u00e7\u00e3o da DISE de Santos. O objetivo da opera\u00e7\u00e3o \u00e9 de combater o abastecimento de drogas na regi\u00e3o.<\/p>\n<p>De acordo com as informa\u00e7\u00f5es, as autoridades chegaram at\u00e9 o local, nas proximidades do bairro Enseada, depois de obter informa\u00e7\u00f5es onde era produzido Skank.<\/p>\n<p>Ainda de acordo com as informa\u00e7\u00f5es, o suspeito tamb\u00e9m estaria levando drogas para a capital paulista.<\/p>\n<p>Sendo assim, o mandado de busca e apreens\u00e3o foi solicitado e assim que deferido, a pol\u00edcia foi at\u00e9 o local, onde o suspeito estaria.<\/p>\n<div class=\"wp-playlist wp-video-playlist wp-playlist-light\">\n\t\t<video controls=\"controls\" preload=\"none\" width=\"640\"\n\t\t height=\"352\"\t><\/video>\n\t<div class=\"wp-playlist-next\"><\/div>\n\t<div class=\"wp-playlist-prev\"><\/div>\n\t<noscript>\n\t<ol>\n\t\t<li><a href='https:\/\/redenoticiaz.com.br\/litoralsp\/wp-content\/uploads\/sites\/3\/2023\/05\/WhatsApp-Video-2023-05-09-at-18.06.03.mp4'>V\u00cdDEO - Primeira apreens\u00e3o de maconha sint\u00e9tica \u00e9 realizada na Baixada Santista<\/a><\/li><li><a href='https:\/\/redenoticiaz.com.br\/litoralsp\/wp-content\/uploads\/sites\/3\/2023\/05\/WhatsApp-Video-2023-05-09-at-18.05.53.mp4'>V\u00cdDEO - Primeira apreens\u00e3o de maconha sint\u00e9tica \u00e9 realizada na Baixada Santista<\/a><\/li>\t<\/ol>\n\t<\/noscript>\n\t<script type=\"application\/json\" class=\"wp-playlist-script\">{\"type\":\"video\",\"tracklist\":true,\"tracknumbers\":true,\"images\":true,\"artists\":true,\"tracks\":[{\"src\":\"https:\/\/redenoticiaz.com.br\/litoralsp\/wp-content\/uploads\/sites\/3\/2023\/05\/WhatsApp-Video-2023-05-09-at-18.06.03.mp4\",\"type\":\"video\/mp4\",\"title\":\"V\\u00cdDEO - Primeira apreens\\u00e3o de maconha sint\\u00e9tica \\u00e9 realizada na Baixada Santista\",\"caption\":\"V\\u00cdDEO - Primeira apreens\\u00e3o de maconha sint\\u00e9tica \\u00e9 realizada na Baixada Santista\",\"description\":\"V\\u00cdDEO - Primeira apreens\\u00e3o de maconha sint\\u00e9tica \\u00e9 realizada na Baixada Santista\",\"meta\":{\"length_formatted\":\"0:19\"},\"dimensions\":{\"original\":{\"width\":640,\"height\":352},\"resized\":{\"width\":640,\"height\":352}},\"image\":{\"src\":\"https:\/\/redenoticiaz.com.br\/litoralsp\/wp-includes\/images\/media\/video.svg\",\"width\":48,\"height\":64},\"thumb\":{\"src\":\"https:\/\/redenoticiaz.com.br\/litoralsp\/wp-includes\/images\/media\/video.svg\",\"width\":48,\"height\":64}},{\"src\":\"https:\/\/redenoticiaz.com.br\/litoralsp\/wp-content\/uploads\/sites\/3\/2023\/05\/WhatsApp-Video-2023-05-09-at-18.05.53.mp4\",\"type\":\"video\/mp4\",\"title\":\"V\\u00cdDEO - Primeira apreens\\u00e3o de maconha sint\\u00e9tica \\u00e9 realizada na Baixada Santista\",\"caption\":\"V\\u00cdDEO - Primeira apreens\\u00e3o de maconha sint\\u00e9tica \\u00e9 realizada na Baixada Santista\",\"description\":\"V\\u00cdDEO - Primeira apreens\\u00e3o de maconha sint\\u00e9tica \\u00e9 realizada na Baixada Santista\",\"meta\":{\"length_formatted\":\"0:17\"},\"dimensions\":{\"original\":{\"width\":640,\"height\":352},\"resized\":{\"width\":640,\"height\":352}},\"image\":{\"src\":\"https:\/\/redenoticiaz.com.br\/litoralsp\/wp-includes\/images\/media\/video.svg\",\"width\":48,\"height\":64},\"thumb\":{\"src\":\"https:\/\/redenoticiaz.com.br\/litoralsp\/wp-includes\/images\/media\/video.svg\",\"width\":48,\"height\":64}}]}<\/script>\n<\/div>\n\t\n<p>Por fim, foram visitados dois locais, uma escola de skate onde o suspeito dava aula para crian\u00e7as e na segunda resid\u00eancia foi encontrado o laborat\u00f3rio de drogas.<\/p>\n<p>No local foram encontrados diversos p\u00e9s de maconha, nos c\u00f4modos da resid\u00eancia foram feitas estufas com ilumina\u00e7\u00e3o artificial e dividido por fases de crescimento das plantas.<\/p>\n<p>Enfim, foram apreendidos diversos produtos qu\u00edmicos e anota\u00e7\u00f5es da produ\u00e7\u00e3o de drogas do tipo K2, K4, K9, que s\u00e3o popularmente conhecidos como &#8216;maconhas potencializadas ou sint\u00e9tica&#8217;.<\/p>\n<p>O Delegado do Deinter-6, Dr. Fabiano Fonseca Barbeiro afirmou que esta \u00e9 a primeira apreens\u00e3o de drogas deste tipo na baixada santista.<\/p>\n<blockquote><p>&#8220;Acreditamos que as drogas K ainda n\u00e3o entraram na Baixada Santista, e n\u00e3o temos not\u00edcias de usu\u00e1rios deste tipo de maconha.&#8221;<\/p><\/blockquote>\n<p>O principal preso, morou por 20 anos nos Estados Unidos, na Calif\u00f3rnia\u00a0 onde trabalhou em uma empresa de produ\u00e7\u00e3o de maconha, trazendo a sua expertise para o Brasil.\u00a0O segundo preso era o caseiro que cuidava do local.<\/p>\n<p>Mais opera\u00e7\u00f5es ser\u00e3o realizadas para desarticular o tr\u00e1fico na regi\u00e3o e evitar que as drogas sint\u00e9ticas cheguem a Baixada Santista para o consumo.<\/p>\n<p><strong>Leia mais<\/strong><\/p>\n<p><a href=\"https:\/\/redenoticiaz.com.br\/litoralsp\/2023\/05\/09\/ex-namorada-de-homem-espancado-em-guaruja-afirmou-que-vitima-estava-transtornada\">Ex-namorada de homem espancado em Guaruj\u00e1 afirmou que v\u00edtima estava transtornada<\/a><\/p>\n<p>&nbsp;<\/p>\n","protected":false},"excerpt":{"rendered":"<p>Um Jardim de Drogas foi descoberto pela Pol\u00edcia em Guaruj\u00e1 depois de uma opera\u00e7\u00e3o da DISE de Santos. O objetivo da opera\u00e7\u00e3o \u00e9 de combater o abastecimento de drogas na regi\u00e3o. De acordo com as informa\u00e7\u00f5es, as autoridades chegaram at\u00e9 o local, nas proximidades do bairro Enseada, depois de obter informa\u00e7\u00f5es onde era produzido Skank. &hellip;<\/p>\n","protected":false},"author":12,"featured_media":105438,"comment_status":"open","ping_status":"closed","sticky":false,"template":"","format":"standard","meta":{"footnotes":""},"categories":[187,10],"tags":[],"class_list":["post-105435","post","type-post","status-publish","format-standard","has-post-thumbnail","hentry","category-guaruja","category-policia"],"yoast_head":"<!-- This site is optimized with the Yoast SEO plugin v27.5 - https:\/\/yoast.com\/product\/yoast-seo-wordpress\/ -->\n<title>V\u00cdDEO &#8211; Primeira apreens\u00e3o de maconha sint\u00e9tica \u00e9 realizada na Baixada Santista - Litoral SP<\/title>\n<meta name=\"description\" content=\"Um Jardim de Drogas foi descoberto pela Pol\u00edcia em Guaruj\u00e1 depois de uma opera\u00e7\u00e3o da DISE de Santos que tinha objetivo combater o abastecimento de drogas na regi\u00e3o.\" \/>\n<meta name=\"robots\" content=\"index, follow, max-snippet:-1, max-image-preview:large, max-video-preview:-1\" \/>\n<link rel=\"canonical\" href=\"https:\/\/redenoticiaz.com.br\/litoralsp\/2023\/05\/09\/video-primeira-apreensao-de-maconha-sintetica-e-realizada-na-baixada-santista\" \/>\n<meta property=\"og:locale\" content=\"pt_BR\" \/>\n<meta property=\"og:type\" content=\"article\" \/>\n<meta property=\"og:title\" content=\"V\u00cdDEO &#8211; Primeira apreens\u00e3o de maconha sint\u00e9tica \u00e9 realizada na Baixada Santista - Litoral SP\" \/>\n<meta property=\"og:description\" content=\"Um Jardim de Drogas foi descoberto pela Pol\u00edcia em Guaruj\u00e1 depois de uma opera\u00e7\u00e3o da DISE de Santos que tinha objetivo combater o abastecimento de drogas na regi\u00e3o.\" \/>\n<meta property=\"og:url\" content=\"https:\/\/redenoticiaz.com.br\/litoralsp\/2023\/05\/09\/video-primeira-apreensao-de-maconha-sintetica-e-realizada-na-baixada-santista\" \/>\n<meta property=\"og:site_name\" content=\"Litoral SP\" \/>\n<meta property=\"article:published_time\" content=\"2023-05-09T22:35:34+00:00\" \/>\n<meta property=\"og:image\" content=\"https:\/\/redenoticiaz.com.br\/litoralsp\/wp-content\/uploads\/sites\/3\/2023\/05\/WhatsApp-Image-2023-05-09-at-18.05.37.jpeg\" \/>\n\t<meta property=\"og:image:width\" content=\"1280\" \/>\n\t<meta property=\"og:image:height\" content=\"960\" \/>\n\t<meta property=\"og:image:type\" content=\"image\/jpeg\" \/>\n<meta name=\"author\" content=\"Gustavo Silva\" \/>\n<meta name=\"twitter:card\" content=\"summary_large_image\" \/>\n<meta name=\"twitter:label1\" content=\"Escrito por\" \/>\n\t<meta name=\"twitter:data1\" content=\"Gustavo Silva\" \/>\n\t<meta name=\"twitter:label2\" content=\"Est. tempo de leitura\" \/>\n\t<meta name=\"twitter:data2\" content=\"2 minutos\" \/>\n<script type=\"application\/ld+json\" class=\"yoast-schema-graph\">{\"@context\":\"https:\\\/\\\/schema.org\",\"@graph\":[{\"@type\":\"Article\",\"@id\":\"https:\\\/\\\/redenoticiaz.com.br\\\/litoralsp\\\/2023\\\/05\\\/09\\\/video-primeira-apreensao-de-maconha-sintetica-e-realizada-na-baixada-santista#article\",\"isPartOf\":{\"@id\":\"https:\\\/\\\/redenoticiaz.com.br\\\/litoralsp\\\/2023\\\/05\\\/09\\\/video-primeira-apreensao-de-maconha-sintetica-e-realizada-na-baixada-santista\"},\"author\":{\"name\":\"Gustavo Silva\",\"@id\":\"https:\\\/\\\/redenoticiaz.com.br\\\/litoralsp\\\/#\\\/schema\\\/person\\\/16057b37a3c0ee6b096d7f887c566e2e\"},\"headline\":\"V\u00cdDEO &#8211; Primeira apreens\u00e3o de maconha sint\u00e9tica \u00e9 realizada na Baixada Santista\",\"datePublished\":\"2023-05-09T22:35:34+00:00\",\"mainEntityOfPage\":{\"@id\":\"https:\\\/\\\/redenoticiaz.com.br\\\/litoralsp\\\/2023\\\/05\\\/09\\\/video-primeira-apreensao-de-maconha-sintetica-e-realizada-na-baixada-santista\"},\"wordCount\":341,\"commentCount\":0,\"publisher\":{\"@id\":\"https:\\\/\\\/redenoticiaz.com.br\\\/litoralsp\\\/#organization\"},\"image\":{\"@id\":\"https:\\\/\\\/redenoticiaz.com.br\\\/litoralsp\\\/2023\\\/05\\\/09\\\/video-primeira-apreensao-de-maconha-sintetica-e-realizada-na-baixada-santista#primaryimage\"},\"thumbnailUrl\":\"https:\\\/\\\/redenoticiaz.com.br\\\/litoralsp\\\/wp-content\\\/uploads\\\/sites\\\/3\\\/2023\\\/05\\\/WhatsApp-Image-2023-05-09-at-18.05.37.jpeg\",\"articleSection\":[\"Guaruj\u00e1\",\"Pol\u00edcia\"],\"inLanguage\":\"pt-BR\",\"potentialAction\":[{\"@type\":\"CommentAction\",\"name\":\"Comment\",\"target\":[\"https:\\\/\\\/redenoticiaz.com.br\\\/litoralsp\\\/2023\\\/05\\\/09\\\/video-primeira-apreensao-de-maconha-sintetica-e-realizada-na-baixada-santista#respond\"]}]},{\"@type\":\"WebPage\",\"@id\":\"https:\\\/\\\/redenoticiaz.com.br\\\/litoralsp\\\/2023\\\/05\\\/09\\\/video-primeira-apreensao-de-maconha-sintetica-e-realizada-na-baixada-santista\",\"url\":\"https:\\\/\\\/redenoticiaz.com.br\\\/litoralsp\\\/2023\\\/05\\\/09\\\/video-primeira-apreensao-de-maconha-sintetica-e-realizada-na-baixada-santista\",\"name\":\"V\u00cdDEO &#8211; Primeira apreens\u00e3o de maconha sint\u00e9tica \u00e9 realizada na Baixada Santista - Litoral SP\",\"isPartOf\":{\"@id\":\"https:\\\/\\\/redenoticiaz.com.br\\\/litoralsp\\\/#website\"},\"primaryImageOfPage\":{\"@id\":\"https:\\\/\\\/redenoticiaz.com.br\\\/litoralsp\\\/2023\\\/05\\\/09\\\/video-primeira-apreensao-de-maconha-sintetica-e-realizada-na-baixada-santista#primaryimage\"},\"image\":{\"@id\":\"https:\\\/\\\/redenoticiaz.com.br\\\/litoralsp\\\/2023\\\/05\\\/09\\\/video-primeira-apreensao-de-maconha-sintetica-e-realizada-na-baixada-santista#primaryimage\"},\"thumbnailUrl\":\"https:\\\/\\\/redenoticiaz.com.br\\\/litoralsp\\\/wp-content\\\/uploads\\\/sites\\\/3\\\/2023\\\/05\\\/WhatsApp-Image-2023-05-09-at-18.05.37.jpeg\",\"datePublished\":\"2023-05-09T22:35:34+00:00\",\"description\":\"Um Jardim de Drogas foi descoberto pela Pol\u00edcia em Guaruj\u00e1 depois de uma opera\u00e7\u00e3o da DISE de Santos que tinha objetivo combater o abastecimento de drogas na regi\u00e3o.\",\"inLanguage\":\"pt-BR\",\"potentialAction\":[{\"@type\":\"ReadAction\",\"target\":[\"https:\\\/\\\/redenoticiaz.com.br\\\/litoralsp\\\/2023\\\/05\\\/09\\\/video-primeira-apreensao-de-maconha-sintetica-e-realizada-na-baixada-santista\"]}]},{\"@type\":\"ImageObject\",\"inLanguage\":\"pt-BR\",\"@id\":\"https:\\\/\\\/redenoticiaz.com.br\\\/litoralsp\\\/2023\\\/05\\\/09\\\/video-primeira-apreensao-de-maconha-sintetica-e-realizada-na-baixada-santista#primaryimage\",\"url\":\"https:\\\/\\\/redenoticiaz.com.br\\\/litoralsp\\\/wp-content\\\/uploads\\\/sites\\\/3\\\/2023\\\/05\\\/WhatsApp-Image-2023-05-09-at-18.05.37.jpeg\",\"contentUrl\":\"https:\\\/\\\/redenoticiaz.com.br\\\/litoralsp\\\/wp-content\\\/uploads\\\/sites\\\/3\\\/2023\\\/05\\\/WhatsApp-Image-2023-05-09-at-18.05.37.jpeg\",\"width\":1280,\"height\":960,\"caption\":\"V\u00cdDEO - Primeira apreens\u00e3o de maconha sint\u00e9tica \u00e9 realizada na Baixada Santista\"},{\"@type\":\"WebSite\",\"@id\":\"https:\\\/\\\/redenoticiaz.com.br\\\/litoralsp\\\/#website\",\"url\":\"https:\\\/\\\/redenoticiaz.com.br\\\/litoralsp\\\/\",\"name\":\"Litoral SP\",\"description\":\"Rede NoticiaZ\",\"publisher\":{\"@id\":\"https:\\\/\\\/redenoticiaz.com.br\\\/litoralsp\\\/#organization\"},\"potentialAction\":[{\"@type\":\"SearchAction\",\"target\":{\"@type\":\"EntryPoint\",\"urlTemplate\":\"https:\\\/\\\/redenoticiaz.com.br\\\/litoralsp\\\/?s={search_term_string}\"},\"query-input\":{\"@type\":\"PropertyValueSpecification\",\"valueRequired\":true,\"valueName\":\"search_term_string\"}}],\"inLanguage\":\"pt-BR\"},{\"@type\":\"Organization\",\"@id\":\"https:\\\/\\\/redenoticiaz.com.br\\\/litoralsp\\\/#organization\",\"name\":\"Litoral SP\",\"url\":\"https:\\\/\\\/redenoticiaz.com.br\\\/litoralsp\\\/\",\"logo\":{\"@type\":\"ImageObject\",\"inLanguage\":\"pt-BR\",\"@id\":\"https:\\\/\\\/redenoticiaz.com.br\\\/litoralsp\\\/#\\\/schema\\\/logo\\\/image\\\/\",\"url\":\"https:\\\/\\\/redenoticiaz.com.br\\\/litoralsp\\\/wp-content\\\/uploads\\\/sites\\\/3\\\/2020\\\/11\\\/logo.jpg\",\"contentUrl\":\"https:\\\/\\\/redenoticiaz.com.br\\\/litoralsp\\\/wp-content\\\/uploads\\\/sites\\\/3\\\/2020\\\/11\\\/logo.jpg\",\"width\":400,\"height\":250,\"caption\":\"Litoral SP\"},\"image\":{\"@id\":\"https:\\\/\\\/redenoticiaz.com.br\\\/litoralsp\\\/#\\\/schema\\\/logo\\\/image\\\/\"}},{\"@type\":\"Person\",\"@id\":\"https:\\\/\\\/redenoticiaz.com.br\\\/litoralsp\\\/#\\\/schema\\\/person\\\/16057b37a3c0ee6b096d7f887c566e2e\",\"name\":\"Gustavo Silva\",\"image\":{\"@type\":\"ImageObject\",\"inLanguage\":\"pt-BR\",\"@id\":\"https:\\\/\\\/secure.gravatar.com\\\/avatar\\\/3ee4e82f93b26de0a7cf4ea5eb7893da637ed6bb0c9170c58065944c56e28a33?s=96&d=mm&r=g\",\"url\":\"https:\\\/\\\/secure.gravatar.com\\\/avatar\\\/3ee4e82f93b26de0a7cf4ea5eb7893da637ed6bb0c9170c58065944c56e28a33?s=96&d=mm&r=g\",\"contentUrl\":\"https:\\\/\\\/secure.gravatar.com\\\/avatar\\\/3ee4e82f93b26de0a7cf4ea5eb7893da637ed6bb0c9170c58065944c56e28a33?s=96&d=mm&r=g\",\"caption\":\"Gustavo Silva\"},\"url\":\"https:\\\/\\\/redenoticiaz.com.br\\\/litoralsp\\\/author\\\/gustavosilva\"}]}<\/script>\n<!-- \/ Yoast SEO plugin. -->","yoast_head_json":{"title":"V\u00cdDEO &#8211; Primeira apreens\u00e3o de maconha sint\u00e9tica \u00e9 realizada na Baixada Santista - Litoral SP","description":"Um Jardim de Drogas foi descoberto pela Pol\u00edcia em Guaruj\u00e1 depois de uma opera\u00e7\u00e3o da DISE de Santos que tinha objetivo combater o abastecimento de drogas na regi\u00e3o.","robots":{"index":"index","follow":"follow","max-snippet":"max-snippet:-1","max-image-preview":"max-image-preview:large","max-video-preview":"max-video-preview:-1"},"canonical":"https:\/\/redenoticiaz.com.br\/litoralsp\/2023\/05\/09\/video-primeira-apreensao-de-maconha-sintetica-e-realizada-na-baixada-santista","og_locale":"pt_BR","og_type":"article","og_title":"V\u00cdDEO &#8211; Primeira apreens\u00e3o de maconha sint\u00e9tica \u00e9 realizada na Baixada Santista - Litoral SP","og_description":"Um Jardim de Drogas foi descoberto pela Pol\u00edcia em Guaruj\u00e1 depois de uma opera\u00e7\u00e3o da DISE de Santos que tinha objetivo combater o abastecimento de drogas na regi\u00e3o.","og_url":"https:\/\/redenoticiaz.com.br\/litoralsp\/2023\/05\/09\/video-primeira-apreensao-de-maconha-sintetica-e-realizada-na-baixada-santista","og_site_name":"Litoral SP","article_published_time":"2023-05-09T22:35:34+00:00","og_image":[{"width":1280,"height":960,"url":"https:\/\/redenoticiaz.com.br\/litoralsp\/wp-content\/uploads\/sites\/3\/2023\/05\/WhatsApp-Image-2023-05-09-at-18.05.37.jpeg","type":"image\/jpeg"}],"author":"Gustavo Silva","twitter_card":"summary_large_image","twitter_misc":{"Escrito por":"Gustavo Silva","Est. tempo de leitura":"2 minutos"},"schema":{"@context":"https:\/\/schema.org","@graph":[{"@type":"Article","@id":"https:\/\/redenoticiaz.com.br\/litoralsp\/2023\/05\/09\/video-primeira-apreensao-de-maconha-sintetica-e-realizada-na-baixada-santista#article","isPartOf":{"@id":"https:\/\/redenoticiaz.com.br\/litoralsp\/2023\/05\/09\/video-primeira-apreensao-de-maconha-sintetica-e-realizada-na-baixada-santista"},"author":{"name":"Gustavo Silva","@id":"https:\/\/redenoticiaz.com.br\/litoralsp\/#\/schema\/person\/16057b37a3c0ee6b096d7f887c566e2e"},"headline":"V\u00cdDEO &#8211; Primeira apreens\u00e3o de maconha sint\u00e9tica \u00e9 realizada na Baixada Santista","datePublished":"2023-05-09T22:35:34+00:00","mainEntityOfPage":{"@id":"https:\/\/redenoticiaz.com.br\/litoralsp\/2023\/05\/09\/video-primeira-apreensao-de-maconha-sintetica-e-realizada-na-baixada-santista"},"wordCount":341,"commentCount":0,"publisher":{"@id":"https:\/\/redenoticiaz.com.br\/litoralsp\/#organization"},"image":{"@id":"https:\/\/redenoticiaz.com.br\/litoralsp\/2023\/05\/09\/video-primeira-apreensao-de-maconha-sintetica-e-realizada-na-baixada-santista#primaryimage"},"thumbnailUrl":"https:\/\/redenoticiaz.com.br\/litoralsp\/wp-content\/uploads\/sites\/3\/2023\/05\/WhatsApp-Image-2023-05-09-at-18.05.37.jpeg","articleSection":["Guaruj\u00e1","Pol\u00edcia"],"inLanguage":"pt-BR","potentialAction":[{"@type":"CommentAction","name":"Comment","target":["https:\/\/redenoticiaz.com.br\/litoralsp\/2023\/05\/09\/video-primeira-apreensao-de-maconha-sintetica-e-realizada-na-baixada-santista#respond"]}]},{"@type":"WebPage","@id":"https:\/\/redenoticiaz.com.br\/litoralsp\/2023\/05\/09\/video-primeira-apreensao-de-maconha-sintetica-e-realizada-na-baixada-santista","url":"https:\/\/redenoticiaz.com.br\/litoralsp\/2023\/05\/09\/video-primeira-apreensao-de-maconha-sintetica-e-realizada-na-baixada-santista","name":"V\u00cdDEO &#8211; Primeira apreens\u00e3o de maconha sint\u00e9tica \u00e9 realizada na Baixada Santista - Litoral SP","isPartOf":{"@id":"https:\/\/redenoticiaz.com.br\/litoralsp\/#website"},"primaryImageOfPage":{"@id":"https:\/\/redenoticiaz.com.br\/litoralsp\/2023\/05\/09\/video-primeira-apreensao-de-maconha-sintetica-e-realizada-na-baixada-santista#primaryimage"},"image":{"@id":"https:\/\/redenoticiaz.com.br\/litoralsp\/2023\/05\/09\/video-primeira-apreensao-de-maconha-sintetica-e-realizada-na-baixada-santista#primaryimage"},"thumbnailUrl":"https:\/\/redenoticiaz.com.br\/litoralsp\/wp-content\/uploads\/sites\/3\/2023\/05\/WhatsApp-Image-2023-05-09-at-18.05.37.jpeg","datePublished":"2023-05-09T22:35:34+00:00","description":"Um Jardim de Drogas foi descoberto pela Pol\u00edcia em Guaruj\u00e1 depois de uma opera\u00e7\u00e3o da DISE de Santos que tinha objetivo combater o abastecimento de drogas na regi\u00e3o.","inLanguage":"pt-BR","potentialAction":[{"@type":"ReadAction","target":["https:\/\/redenoticiaz.com.br\/litoralsp\/2023\/05\/09\/video-primeira-apreensao-de-maconha-sintetica-e-realizada-na-baixada-santista"]}]},{"@type":"ImageObject","inLanguage":"pt-BR","@id":"https:\/\/redenoticiaz.com.br\/litoralsp\/2023\/05\/09\/video-primeira-apreensao-de-maconha-sintetica-e-realizada-na-baixada-santista#primaryimage","url":"https:\/\/redenoticiaz.com.br\/litoralsp\/wp-content\/uploads\/sites\/3\/2023\/05\/WhatsApp-Image-2023-05-09-at-18.05.37.jpeg","contentUrl":"https:\/\/redenoticiaz.com.br\/litoralsp\/wp-content\/uploads\/sites\/3\/2023\/05\/WhatsApp-Image-2023-05-09-at-18.05.37.jpeg","width":1280,"height":960,"caption":"V\u00cdDEO - Primeira apreens\u00e3o de maconha sint\u00e9tica \u00e9 realizada na Baixada Santista"},{"@type":"WebSite","@id":"https:\/\/redenoticiaz.com.br\/litoralsp\/#website","url":"https:\/\/redenoticiaz.com.br\/litoralsp\/","name":"Litoral SP","description":"Rede NoticiaZ","publisher":{"@id":"https:\/\/redenoticiaz.com.br\/litoralsp\/#organization"},"potentialAction":[{"@type":"SearchAction","target":{"@type":"EntryPoint","urlTemplate":"https:\/\/redenoticiaz.com.br\/litoralsp\/?s={search_term_string}"},"query-input":{"@type":"PropertyValueSpecification","valueRequired":true,"valueName":"search_term_string"}}],"inLanguage":"pt-BR"},{"@type":"Organization","@id":"https:\/\/redenoticiaz.com.br\/litoralsp\/#organization","name":"Litoral SP","url":"https:\/\/redenoticiaz.com.br\/litoralsp\/","logo":{"@type":"ImageObject","inLanguage":"pt-BR","@id":"https:\/\/redenoticiaz.com.br\/litoralsp\/#\/schema\/logo\/image\/","url":"https:\/\/redenoticiaz.com.br\/litoralsp\/wp-content\/uploads\/sites\/3\/2020\/11\/logo.jpg","contentUrl":"https:\/\/redenoticiaz.com.br\/litoralsp\/wp-content\/uploads\/sites\/3\/2020\/11\/logo.jpg","width":400,"height":250,"caption":"Litoral SP"},"image":{"@id":"https:\/\/redenoticiaz.com.br\/litoralsp\/#\/schema\/logo\/image\/"}},{"@type":"Person","@id":"https:\/\/redenoticiaz.com.br\/litoralsp\/#\/schema\/person\/16057b37a3c0ee6b096d7f887c566e2e","name":"Gustavo Silva","image":{"@type":"ImageObject","inLanguage":"pt-BR","@id":"https:\/\/secure.gravatar.com\/avatar\/3ee4e82f93b26de0a7cf4ea5eb7893da637ed6bb0c9170c58065944c56e28a33?s=96&d=mm&r=g","url":"https:\/\/secure.gravatar.com\/avatar\/3ee4e82f93b26de0a7cf4ea5eb7893da637ed6bb0c9170c58065944c56e28a33?s=96&d=mm&r=g","contentUrl":"https:\/\/secure.gravatar.com\/avatar\/3ee4e82f93b26de0a7cf4ea5eb7893da637ed6bb0c9170c58065944c56e28a33?s=96&d=mm&r=g","caption":"Gustavo Silva"},"url":"https:\/\/redenoticiaz.com.br\/litoralsp\/author\/gustavosilva"}]}},"_links":{"self":[{"href":"https:\/\/redenoticiaz.com.br\/litoralsp\/wp-json\/wp\/v2\/posts\/105435","targetHints":{"allow":["GET"]}}],"collection":[{"href":"https:\/\/redenoticiaz.com.br\/litoralsp\/wp-json\/wp\/v2\/posts"}],"about":[{"href":"https:\/\/redenoticiaz.com.br\/litoralsp\/wp-json\/wp\/v2\/types\/post"}],"author":[{"embeddable":true,"href":"https:\/\/redenoticiaz.com.br\/litoralsp\/wp-json\/wp\/v2\/users\/12"}],"replies":[{"embeddable":true,"href":"https:\/\/redenoticiaz.com.br\/litoralsp\/wp-json\/wp\/v2\/comments?post=105435"}],"version-history":[{"count":1,"href":"https:\/\/redenoticiaz.com.br\/litoralsp\/wp-json\/wp\/v2\/posts\/105435\/revisions"}],"predecessor-version":[{"id":105439,"href":"https:\/\/redenoticiaz.com.br\/litoralsp\/wp-json\/wp\/v2\/posts\/105435\/revisions\/105439"}],"wp:featuredmedia":[{"embeddable":true,"href":"https:\/\/redenoticiaz.com.br\/litoralsp\/wp-json\/wp\/v2\/media\/105438"}],"wp:attachment":[{"href":"https:\/\/redenoticiaz.com.br\/litoralsp\/wp-json\/wp\/v2\/media?parent=105435"}],"wp:term":[{"taxonomy":"category","embeddable":true,"href":"https:\/\/redenoticiaz.com.br\/litoralsp\/wp-json\/wp\/v2\/categories?post=105435"},{"taxonomy":"post_tag","embeddable":true,"href":"https:\/\/redenoticiaz.com.br\/litoralsp\/wp-json\/wp\/v2\/tags?post=105435"}],"curies":[{"name":"wp","href":"https:\/\/api.w.org\/{rel}","templated":true}]}}