{"id":105456,"date":"2023-05-10T08:49:36","date_gmt":"2023-05-10T11:49:36","guid":{"rendered":"https:\/\/redenoticiaz.com.br\/litoralsp\/?p=105456"},"modified":"2023-05-10T08:49:36","modified_gmt":"2023-05-10T11:49:36","slug":"posto-de-combustiveis-de-registro-e-lacrado-apos-vender-combustivel-adulterado","status":"publish","type":"post","link":"https:\/\/redenoticiaz.com.br\/litoralsp\/2023\/05\/10\/posto-de-combustiveis-de-registro-e-lacrado-apos-vender-combustivel-adulterado","title":{"rendered":"Posto de combust\u00edveis de Registro \u00e9 lacrado ap\u00f3s vender combust\u00edvel adulterado"},"content":{"rendered":"<div id=\"chunk-iht1\">\n<div class=\"mc-column content-text active-extra-styles \" data-block-type=\"unstyled\" data-block-weight=\"44\" data-block-id=\"3\">\n<p class=\"content-text__container \" data-track-category=\"Link no Texto\" data-track-links=\"\">Policiais da Delegacia de Investiga\u00e7\u00f5es Gerais (DIG) de Registro prenderam nessa ter\u00e7a-feira (9) o gerente de um posto de combust\u00edveis da cidade. O estabelecimento foi <strong>lacrado e fechado em raz\u00e3o de venda de combust\u00edvel adulterado<\/strong>. A a\u00e7\u00e3o foi em conjunto com a Ag\u00eancia Nacional do Petr\u00f3leo, G\u00e1s Natural e Biocombust\u00edveis do Brasil (ANP), que fez uma fiscaliza\u00e7\u00e3o.<\/p>\n<figure id=\"attachment_105458\" aria-describedby=\"caption-attachment-105458\" style=\"width: 273px\" class=\"wp-caption alignleft\"><img loading=\"lazy\" decoding=\"async\" class=\"size-medium wp-image-105458\" src=\"https:\/\/redenoticiaz.com.br\/litoralsp\/wp-content\/uploads\/sites\/3\/2023\/05\/WhatsApp-Image-2023-05-09-at-17.12.26-e1683719107809-273x300.jpeg\" alt=\"\" width=\"273\" height=\"300\" srcset=\"https:\/\/redenoticiaz.com.br\/litoralsp\/wp-content\/uploads\/sites\/3\/2023\/05\/WhatsApp-Image-2023-05-09-at-17.12.26-e1683719107809-273x300.jpeg 273w, https:\/\/redenoticiaz.com.br\/litoralsp\/wp-content\/uploads\/sites\/3\/2023\/05\/WhatsApp-Image-2023-05-09-at-17.12.26-e1683719107809.jpeg 607w\" sizes=\"auto, (max-width: 273px) 100vw, 273px\" \/><figcaption id=\"caption-attachment-105458\" class=\"wp-caption-text\">Cr\u00e9ditos: Divulga\u00e7\u00e3o\/Pol\u00edcia Civil<\/figcaption><\/figure>\n<\/div>\n<\/div>\n<div class=\"wall protected-content\">\n<div id=\"chunk-714tk\">\n<div class=\"mc-column content-text active-extra-styles \" data-block-type=\"unstyled\" data-block-weight=\"40\" data-block-id=\"4\">\n<p class=\"content-text__container \" data-track-category=\"Link no Texto\" data-track-links=\"\">Segundo a Pol\u00edcia Civil, o com\u00e9rcio havia sido interditado em 19 janeiro deste ano por vender combust\u00edvel adulterado. S\u00f3 que na ter\u00e7a-feira, os agentes identificaram que os lacres das bombas interditadas tinham sido rompidos e que a pr\u00e1tica criminosa voltou a ser realizada.<\/p>\n<\/div>\n<\/div>\n<div id=\"chunk-7k0ts\">\n<div class=\"mc-column content-text active-extra-styles \" data-block-type=\"unstyled\" data-block-weight=\"35\" data-block-id=\"5\">\n<p class=\"content-text__container \" data-track-category=\"Link no Texto\" data-track-links=\"\">O posto fica na Avenida Issamu Sasaki, na Vila Ribeir\u00f3polis. Segundo a Pol\u00edcia Civil, no come\u00e7o do ano gasolina tipo C era vendida pelo posto com \u00edndices de etanol anidro [considerado puro] acima do permitido.<\/p>\n<div id=\"chunk-b26di\">\n<div class=\"mc-column content-text active-extra-styles \" data-block-type=\"unstyled\" data-block-weight=\"42\" data-block-id=\"7\">\n<p class=\"content-text__container \" data-track-category=\"Link no Texto\" data-track-links=\"\">Em um dos tanques de gasolina do local, havia 32% do composto e o outro 43%. O volume aceito pela ANP \u00e9 de 27% de etanol anidro. Por isso, os tanques com gasolina adulterada foram interditados e lacrados.<\/p>\n<\/div>\n<\/div>\n<div id=\"chunk-61jid\">\n<div class=\"mc-column content-text active-extra-styles \" data-block-type=\"unstyled\" data-block-weight=\"20\" data-block-id=\"8\">\n<p class=\"content-text__container \" data-track-category=\"Link no Texto\" data-track-links=\"\">Os policiais prenderam o gerente do posto em flagrante. Ele foi encaminhado \u00e0 delegacia e segue \u00e0 disposi\u00e7\u00e3o da Justi\u00e7a.<\/p>\n<p data-track-category=\"Link no Texto\" data-track-links=\"\"><strong>LEIA TAMB\u00c9M<\/strong><\/p>\n<p data-track-category=\"Link no Texto\" data-track-links=\"\"><a href=\"https:\/\/redenoticiaz.com.br\/litoralsp\/2023\/05\/09\/video-primeira-apreensao-de-maconha-sintetica-e-realizada-na-baixada-santista\">V\u00cdDEO \u2013 Primeira apreens\u00e3o de maconha sint\u00e9tica \u00e9 realizada na Baixada Santista<\/a><\/p>\n<\/div>\n<\/div>\n<\/div>\n<\/div>\n<\/div>\n","protected":false},"excerpt":{"rendered":"<p>Policiais da Delegacia de Investiga\u00e7\u00f5es Gerais (DIG) de Registro prenderam nessa ter\u00e7a-feira (9) o gerente de um posto de combust\u00edveis da cidade. O estabelecimento foi lacrado e fechado em raz\u00e3o de venda de combust\u00edvel adulterado. A a\u00e7\u00e3o foi em conjunto com a Ag\u00eancia Nacional do Petr\u00f3leo, G\u00e1s Natural e Biocombust\u00edveis do Brasil (ANP), que fez &hellip;<\/p>\n","protected":false},"author":6,"featured_media":105457,"comment_status":"open","ping_status":"closed","sticky":false,"template":"","format":"standard","meta":{"footnotes":""},"categories":[10,41091],"tags":[49012,12419,11722,14455,46470,65071,11369,6733],"class_list":["post-105456","post","type-post","status-publish","format-standard","has-post-thumbnail","hentry","category-policia","category-registro","tag-agencia-nacional-de-petroleo","tag-anp","tag-combustivel-adulterado","tag-delegacia-de-investigacoes-gerais","tag-dig-de-registro","tag-gerente-preso","tag-posto-de-combustiveis","tag-registro"],"yoast_head":"<!-- This site is optimized with the Yoast SEO plugin v27.4 - https:\/\/yoast.com\/product\/yoast-seo-wordpress\/ -->\n<title>Posto de combust\u00edveis de Registro \u00e9 lacrado ap\u00f3s vender combust\u00edvel adulterado - Litoral SP<\/title>\n<meta name=\"description\" content=\"Policiais da Delegacia de Investiga\u00e7\u00f5es Gerais (DIG) de Registro prenderam nessa ter\u00e7a-feira (9) o gerente de um posto de combust\u00edveis\" \/>\n<meta name=\"robots\" content=\"index, follow, max-snippet:-1, max-image-preview:large, max-video-preview:-1\" \/>\n<link rel=\"canonical\" href=\"https:\/\/redenoticiaz.com.br\/litoralsp\/2023\/05\/10\/posto-de-combustiveis-de-registro-e-lacrado-apos-vender-combustivel-adulterado\" \/>\n<meta property=\"og:locale\" content=\"pt_BR\" \/>\n<meta property=\"og:type\" content=\"article\" \/>\n<meta property=\"og:title\" content=\"Posto de combust\u00edveis de Registro \u00e9 lacrado ap\u00f3s vender combust\u00edvel adulterado - Litoral SP\" \/>\n<meta property=\"og:description\" content=\"Policiais da Delegacia de Investiga\u00e7\u00f5es Gerais (DIG) de Registro prenderam nessa ter\u00e7a-feira (9) o gerente de um posto de combust\u00edveis\" \/>\n<meta property=\"og:url\" content=\"https:\/\/redenoticiaz.com.br\/litoralsp\/2023\/05\/10\/posto-de-combustiveis-de-registro-e-lacrado-apos-vender-combustivel-adulterado\" \/>\n<meta property=\"og:site_name\" content=\"Litoral SP\" \/>\n<meta property=\"article:published_time\" content=\"2023-05-10T11:49:36+00:00\" \/>\n<meta property=\"og:image\" content=\"https:\/\/redenoticiaz.com.br\/litoralsp\/wp-content\/uploads\/sites\/3\/2023\/05\/WhatsApp-Image-2023-05-09-at-17.11.49-e1683719310549.jpeg\" \/>\n\t<meta property=\"og:image:width\" content=\"607\" \/>\n\t<meta property=\"og:image:height\" content=\"596\" \/>\n\t<meta property=\"og:image:type\" content=\"image\/jpeg\" \/>\n<meta name=\"author\" content=\"Leonardo Francisco\" \/>\n<meta name=\"twitter:card\" content=\"summary_large_image\" \/>\n<meta name=\"twitter:label1\" content=\"Escrito por\" \/>\n\t<meta name=\"twitter:data1\" content=\"Leonardo Francisco\" \/>\n\t<meta name=\"twitter:label2\" content=\"Est. tempo de leitura\" \/>\n\t<meta name=\"twitter:data2\" content=\"2 minutos\" \/>\n<script type=\"application\/ld+json\" class=\"yoast-schema-graph\">{\"@context\":\"https:\\\/\\\/schema.org\",\"@graph\":[{\"@type\":\"Article\",\"@id\":\"https:\\\/\\\/redenoticiaz.com.br\\\/litoralsp\\\/2023\\\/05\\\/10\\\/posto-de-combustiveis-de-registro-e-lacrado-apos-vender-combustivel-adulterado#article\",\"isPartOf\":{\"@id\":\"https:\\\/\\\/redenoticiaz.com.br\\\/litoralsp\\\/2023\\\/05\\\/10\\\/posto-de-combustiveis-de-registro-e-lacrado-apos-vender-combustivel-adulterado\"},\"author\":{\"name\":\"Leonardo Francisco\",\"@id\":\"https:\\\/\\\/redenoticiaz.com.br\\\/litoralsp\\\/#\\\/schema\\\/person\\\/0f0b8a5bdafefe82841e07ae8d81ecb3\"},\"headline\":\"Posto de combust\u00edveis de Registro \u00e9 lacrado ap\u00f3s vender combust\u00edvel adulterado\",\"datePublished\":\"2023-05-10T11:49:36+00:00\",\"mainEntityOfPage\":{\"@id\":\"https:\\\/\\\/redenoticiaz.com.br\\\/litoralsp\\\/2023\\\/05\\\/10\\\/posto-de-combustiveis-de-registro-e-lacrado-apos-vender-combustivel-adulterado\"},\"wordCount\":249,\"commentCount\":0,\"publisher\":{\"@id\":\"https:\\\/\\\/redenoticiaz.com.br\\\/litoralsp\\\/#organization\"},\"image\":{\"@id\":\"https:\\\/\\\/redenoticiaz.com.br\\\/litoralsp\\\/2023\\\/05\\\/10\\\/posto-de-combustiveis-de-registro-e-lacrado-apos-vender-combustivel-adulterado#primaryimage\"},\"thumbnailUrl\":\"https:\\\/\\\/redenoticiaz.com.br\\\/litoralsp\\\/wp-content\\\/uploads\\\/sites\\\/3\\\/2023\\\/05\\\/WhatsApp-Image-2023-05-09-at-17.11.49-e1683719310549.jpeg\",\"keywords\":[\"AG\u00caNCIA NACIONAL DE PETR\u00d3LEO\",\"ANP\",\"COMBUST\u00cdVEL ADULTERADO\",\"DELEGACIA DE INVESTIGA\u00c7\u00d5ES GERAIS\",\"DIG DE REGISTRO\",\"GERENTE PRESO\",\"POSTO DE COMBUST\u00cdVEIS\",\"REGISTRO\"],\"articleSection\":[\"Pol\u00edcia\",\"Registro\"],\"inLanguage\":\"pt-BR\",\"potentialAction\":[{\"@type\":\"CommentAction\",\"name\":\"Comment\",\"target\":[\"https:\\\/\\\/redenoticiaz.com.br\\\/litoralsp\\\/2023\\\/05\\\/10\\\/posto-de-combustiveis-de-registro-e-lacrado-apos-vender-combustivel-adulterado#respond\"]}]},{\"@type\":\"WebPage\",\"@id\":\"https:\\\/\\\/redenoticiaz.com.br\\\/litoralsp\\\/2023\\\/05\\\/10\\\/posto-de-combustiveis-de-registro-e-lacrado-apos-vender-combustivel-adulterado\",\"url\":\"https:\\\/\\\/redenoticiaz.com.br\\\/litoralsp\\\/2023\\\/05\\\/10\\\/posto-de-combustiveis-de-registro-e-lacrado-apos-vender-combustivel-adulterado\",\"name\":\"Posto de combust\u00edveis de Registro \u00e9 lacrado ap\u00f3s vender combust\u00edvel adulterado - Litoral SP\",\"isPartOf\":{\"@id\":\"https:\\\/\\\/redenoticiaz.com.br\\\/litoralsp\\\/#website\"},\"primaryImageOfPage\":{\"@id\":\"https:\\\/\\\/redenoticiaz.com.br\\\/litoralsp\\\/2023\\\/05\\\/10\\\/posto-de-combustiveis-de-registro-e-lacrado-apos-vender-combustivel-adulterado#primaryimage\"},\"image\":{\"@id\":\"https:\\\/\\\/redenoticiaz.com.br\\\/litoralsp\\\/2023\\\/05\\\/10\\\/posto-de-combustiveis-de-registro-e-lacrado-apos-vender-combustivel-adulterado#primaryimage\"},\"thumbnailUrl\":\"https:\\\/\\\/redenoticiaz.com.br\\\/litoralsp\\\/wp-content\\\/uploads\\\/sites\\\/3\\\/2023\\\/05\\\/WhatsApp-Image-2023-05-09-at-17.11.49-e1683719310549.jpeg\",\"datePublished\":\"2023-05-10T11:49:36+00:00\",\"description\":\"Policiais da Delegacia de Investiga\u00e7\u00f5es Gerais (DIG) de Registro prenderam nessa ter\u00e7a-feira (9) o gerente de um posto de combust\u00edveis\",\"inLanguage\":\"pt-BR\",\"potentialAction\":[{\"@type\":\"ReadAction\",\"target\":[\"https:\\\/\\\/redenoticiaz.com.br\\\/litoralsp\\\/2023\\\/05\\\/10\\\/posto-de-combustiveis-de-registro-e-lacrado-apos-vender-combustivel-adulterado\"]}]},{\"@type\":\"ImageObject\",\"inLanguage\":\"pt-BR\",\"@id\":\"https:\\\/\\\/redenoticiaz.com.br\\\/litoralsp\\\/2023\\\/05\\\/10\\\/posto-de-combustiveis-de-registro-e-lacrado-apos-vender-combustivel-adulterado#primaryimage\",\"url\":\"https:\\\/\\\/redenoticiaz.com.br\\\/litoralsp\\\/wp-content\\\/uploads\\\/sites\\\/3\\\/2023\\\/05\\\/WhatsApp-Image-2023-05-09-at-17.11.49-e1683719310549.jpeg\",\"contentUrl\":\"https:\\\/\\\/redenoticiaz.com.br\\\/litoralsp\\\/wp-content\\\/uploads\\\/sites\\\/3\\\/2023\\\/05\\\/WhatsApp-Image-2023-05-09-at-17.11.49-e1683719310549.jpeg\",\"width\":607,\"height\":596,\"caption\":\"Local \u00e9 reincidente de irregularidades. Cr\u00e9ditos: divulga\u00e7\u00e3o\\\/Pol\u00edcia Civil\"},{\"@type\":\"WebSite\",\"@id\":\"https:\\\/\\\/redenoticiaz.com.br\\\/litoralsp\\\/#website\",\"url\":\"https:\\\/\\\/redenoticiaz.com.br\\\/litoralsp\\\/\",\"name\":\"Litoral SP\",\"description\":\"Rede NoticiaZ\",\"publisher\":{\"@id\":\"https:\\\/\\\/redenoticiaz.com.br\\\/litoralsp\\\/#organization\"},\"potentialAction\":[{\"@type\":\"SearchAction\",\"target\":{\"@type\":\"EntryPoint\",\"urlTemplate\":\"https:\\\/\\\/redenoticiaz.com.br\\\/litoralsp\\\/?s={search_term_string}\"},\"query-input\":{\"@type\":\"PropertyValueSpecification\",\"valueRequired\":true,\"valueName\":\"search_term_string\"}}],\"inLanguage\":\"pt-BR\"},{\"@type\":\"Organization\",\"@id\":\"https:\\\/\\\/redenoticiaz.com.br\\\/litoralsp\\\/#organization\",\"name\":\"Litoral SP\",\"url\":\"https:\\\/\\\/redenoticiaz.com.br\\\/litoralsp\\\/\",\"logo\":{\"@type\":\"ImageObject\",\"inLanguage\":\"pt-BR\",\"@id\":\"https:\\\/\\\/redenoticiaz.com.br\\\/litoralsp\\\/#\\\/schema\\\/logo\\\/image\\\/\",\"url\":\"https:\\\/\\\/redenoticiaz.com.br\\\/litoralsp\\\/wp-content\\\/uploads\\\/sites\\\/3\\\/2020\\\/11\\\/logo.jpg\",\"contentUrl\":\"https:\\\/\\\/redenoticiaz.com.br\\\/litoralsp\\\/wp-content\\\/uploads\\\/sites\\\/3\\\/2020\\\/11\\\/logo.jpg\",\"width\":400,\"height\":250,\"caption\":\"Litoral SP\"},\"image\":{\"@id\":\"https:\\\/\\\/redenoticiaz.com.br\\\/litoralsp\\\/#\\\/schema\\\/logo\\\/image\\\/\"}},{\"@type\":\"Person\",\"@id\":\"https:\\\/\\\/redenoticiaz.com.br\\\/litoralsp\\\/#\\\/schema\\\/person\\\/0f0b8a5bdafefe82841e07ae8d81ecb3\",\"name\":\"Leonardo Francisco\",\"image\":{\"@type\":\"ImageObject\",\"inLanguage\":\"pt-BR\",\"@id\":\"https:\\\/\\\/secure.gravatar.com\\\/avatar\\\/a7358cb406a99b682ec6df1e77e31ae82e63601f6784e8a3df411d72b37864da?s=96&d=mm&r=g\",\"url\":\"https:\\\/\\\/secure.gravatar.com\\\/avatar\\\/a7358cb406a99b682ec6df1e77e31ae82e63601f6784e8a3df411d72b37864da?s=96&d=mm&r=g\",\"contentUrl\":\"https:\\\/\\\/secure.gravatar.com\\\/avatar\\\/a7358cb406a99b682ec6df1e77e31ae82e63601f6784e8a3df411d72b37864da?s=96&d=mm&r=g\",\"caption\":\"Leonardo Francisco\"},\"url\":\"https:\\\/\\\/redenoticiaz.com.br\\\/litoralsp\\\/author\\\/leonardo-francisco\"}]}<\/script>\n<!-- \/ Yoast SEO plugin. -->","yoast_head_json":{"title":"Posto de combust\u00edveis de Registro \u00e9 lacrado ap\u00f3s vender combust\u00edvel adulterado - Litoral SP","description":"Policiais da Delegacia de Investiga\u00e7\u00f5es Gerais (DIG) de Registro prenderam nessa ter\u00e7a-feira (9) o gerente de um posto de combust\u00edveis","robots":{"index":"index","follow":"follow","max-snippet":"max-snippet:-1","max-image-preview":"max-image-preview:large","max-video-preview":"max-video-preview:-1"},"canonical":"https:\/\/redenoticiaz.com.br\/litoralsp\/2023\/05\/10\/posto-de-combustiveis-de-registro-e-lacrado-apos-vender-combustivel-adulterado","og_locale":"pt_BR","og_type":"article","og_title":"Posto de combust\u00edveis de Registro \u00e9 lacrado ap\u00f3s vender combust\u00edvel adulterado - Litoral SP","og_description":"Policiais da Delegacia de Investiga\u00e7\u00f5es Gerais (DIG) de Registro prenderam nessa ter\u00e7a-feira (9) o gerente de um posto de combust\u00edveis","og_url":"https:\/\/redenoticiaz.com.br\/litoralsp\/2023\/05\/10\/posto-de-combustiveis-de-registro-e-lacrado-apos-vender-combustivel-adulterado","og_site_name":"Litoral SP","article_published_time":"2023-05-10T11:49:36+00:00","og_image":[{"width":607,"height":596,"url":"https:\/\/redenoticiaz.com.br\/litoralsp\/wp-content\/uploads\/sites\/3\/2023\/05\/WhatsApp-Image-2023-05-09-at-17.11.49-e1683719310549.jpeg","type":"image\/jpeg"}],"author":"Leonardo Francisco","twitter_card":"summary_large_image","twitter_misc":{"Escrito por":"Leonardo Francisco","Est. tempo de leitura":"2 minutos"},"schema":{"@context":"https:\/\/schema.org","@graph":[{"@type":"Article","@id":"https:\/\/redenoticiaz.com.br\/litoralsp\/2023\/05\/10\/posto-de-combustiveis-de-registro-e-lacrado-apos-vender-combustivel-adulterado#article","isPartOf":{"@id":"https:\/\/redenoticiaz.com.br\/litoralsp\/2023\/05\/10\/posto-de-combustiveis-de-registro-e-lacrado-apos-vender-combustivel-adulterado"},"author":{"name":"Leonardo Francisco","@id":"https:\/\/redenoticiaz.com.br\/litoralsp\/#\/schema\/person\/0f0b8a5bdafefe82841e07ae8d81ecb3"},"headline":"Posto de combust\u00edveis de Registro \u00e9 lacrado ap\u00f3s vender combust\u00edvel adulterado","datePublished":"2023-05-10T11:49:36+00:00","mainEntityOfPage":{"@id":"https:\/\/redenoticiaz.com.br\/litoralsp\/2023\/05\/10\/posto-de-combustiveis-de-registro-e-lacrado-apos-vender-combustivel-adulterado"},"wordCount":249,"commentCount":0,"publisher":{"@id":"https:\/\/redenoticiaz.com.br\/litoralsp\/#organization"},"image":{"@id":"https:\/\/redenoticiaz.com.br\/litoralsp\/2023\/05\/10\/posto-de-combustiveis-de-registro-e-lacrado-apos-vender-combustivel-adulterado#primaryimage"},"thumbnailUrl":"https:\/\/redenoticiaz.com.br\/litoralsp\/wp-content\/uploads\/sites\/3\/2023\/05\/WhatsApp-Image-2023-05-09-at-17.11.49-e1683719310549.jpeg","keywords":["AG\u00caNCIA NACIONAL DE PETR\u00d3LEO","ANP","COMBUST\u00cdVEL ADULTERADO","DELEGACIA DE INVESTIGA\u00c7\u00d5ES GERAIS","DIG DE REGISTRO","GERENTE PRESO","POSTO DE COMBUST\u00cdVEIS","REGISTRO"],"articleSection":["Pol\u00edcia","Registro"],"inLanguage":"pt-BR","potentialAction":[{"@type":"CommentAction","name":"Comment","target":["https:\/\/redenoticiaz.com.br\/litoralsp\/2023\/05\/10\/posto-de-combustiveis-de-registro-e-lacrado-apos-vender-combustivel-adulterado#respond"]}]},{"@type":"WebPage","@id":"https:\/\/redenoticiaz.com.br\/litoralsp\/2023\/05\/10\/posto-de-combustiveis-de-registro-e-lacrado-apos-vender-combustivel-adulterado","url":"https:\/\/redenoticiaz.com.br\/litoralsp\/2023\/05\/10\/posto-de-combustiveis-de-registro-e-lacrado-apos-vender-combustivel-adulterado","name":"Posto de combust\u00edveis de Registro \u00e9 lacrado ap\u00f3s vender combust\u00edvel adulterado - Litoral SP","isPartOf":{"@id":"https:\/\/redenoticiaz.com.br\/litoralsp\/#website"},"primaryImageOfPage":{"@id":"https:\/\/redenoticiaz.com.br\/litoralsp\/2023\/05\/10\/posto-de-combustiveis-de-registro-e-lacrado-apos-vender-combustivel-adulterado#primaryimage"},"image":{"@id":"https:\/\/redenoticiaz.com.br\/litoralsp\/2023\/05\/10\/posto-de-combustiveis-de-registro-e-lacrado-apos-vender-combustivel-adulterado#primaryimage"},"thumbnailUrl":"https:\/\/redenoticiaz.com.br\/litoralsp\/wp-content\/uploads\/sites\/3\/2023\/05\/WhatsApp-Image-2023-05-09-at-17.11.49-e1683719310549.jpeg","datePublished":"2023-05-10T11:49:36+00:00","description":"Policiais da Delegacia de Investiga\u00e7\u00f5es Gerais (DIG) de Registro prenderam nessa ter\u00e7a-feira (9) o gerente de um posto de combust\u00edveis","inLanguage":"pt-BR","potentialAction":[{"@type":"ReadAction","target":["https:\/\/redenoticiaz.com.br\/litoralsp\/2023\/05\/10\/posto-de-combustiveis-de-registro-e-lacrado-apos-vender-combustivel-adulterado"]}]},{"@type":"ImageObject","inLanguage":"pt-BR","@id":"https:\/\/redenoticiaz.com.br\/litoralsp\/2023\/05\/10\/posto-de-combustiveis-de-registro-e-lacrado-apos-vender-combustivel-adulterado#primaryimage","url":"https:\/\/redenoticiaz.com.br\/litoralsp\/wp-content\/uploads\/sites\/3\/2023\/05\/WhatsApp-Image-2023-05-09-at-17.11.49-e1683719310549.jpeg","contentUrl":"https:\/\/redenoticiaz.com.br\/litoralsp\/wp-content\/uploads\/sites\/3\/2023\/05\/WhatsApp-Image-2023-05-09-at-17.11.49-e1683719310549.jpeg","width":607,"height":596,"caption":"Local \u00e9 reincidente de irregularidades. Cr\u00e9ditos: divulga\u00e7\u00e3o\/Pol\u00edcia Civil"},{"@type":"WebSite","@id":"https:\/\/redenoticiaz.com.br\/litoralsp\/#website","url":"https:\/\/redenoticiaz.com.br\/litoralsp\/","name":"Litoral SP","description":"Rede NoticiaZ","publisher":{"@id":"https:\/\/redenoticiaz.com.br\/litoralsp\/#organization"},"potentialAction":[{"@type":"SearchAction","target":{"@type":"EntryPoint","urlTemplate":"https:\/\/redenoticiaz.com.br\/litoralsp\/?s={search_term_string}"},"query-input":{"@type":"PropertyValueSpecification","valueRequired":true,"valueName":"search_term_string"}}],"inLanguage":"pt-BR"},{"@type":"Organization","@id":"https:\/\/redenoticiaz.com.br\/litoralsp\/#organization","name":"Litoral SP","url":"https:\/\/redenoticiaz.com.br\/litoralsp\/","logo":{"@type":"ImageObject","inLanguage":"pt-BR","@id":"https:\/\/redenoticiaz.com.br\/litoralsp\/#\/schema\/logo\/image\/","url":"https:\/\/redenoticiaz.com.br\/litoralsp\/wp-content\/uploads\/sites\/3\/2020\/11\/logo.jpg","contentUrl":"https:\/\/redenoticiaz.com.br\/litoralsp\/wp-content\/uploads\/sites\/3\/2020\/11\/logo.jpg","width":400,"height":250,"caption":"Litoral SP"},"image":{"@id":"https:\/\/redenoticiaz.com.br\/litoralsp\/#\/schema\/logo\/image\/"}},{"@type":"Person","@id":"https:\/\/redenoticiaz.com.br\/litoralsp\/#\/schema\/person\/0f0b8a5bdafefe82841e07ae8d81ecb3","name":"Leonardo Francisco","image":{"@type":"ImageObject","inLanguage":"pt-BR","@id":"https:\/\/secure.gravatar.com\/avatar\/a7358cb406a99b682ec6df1e77e31ae82e63601f6784e8a3df411d72b37864da?s=96&d=mm&r=g","url":"https:\/\/secure.gravatar.com\/avatar\/a7358cb406a99b682ec6df1e77e31ae82e63601f6784e8a3df411d72b37864da?s=96&d=mm&r=g","contentUrl":"https:\/\/secure.gravatar.com\/avatar\/a7358cb406a99b682ec6df1e77e31ae82e63601f6784e8a3df411d72b37864da?s=96&d=mm&r=g","caption":"Leonardo Francisco"},"url":"https:\/\/redenoticiaz.com.br\/litoralsp\/author\/leonardo-francisco"}]}},"_links":{"self":[{"href":"https:\/\/redenoticiaz.com.br\/litoralsp\/wp-json\/wp\/v2\/posts\/105456","targetHints":{"allow":["GET"]}}],"collection":[{"href":"https:\/\/redenoticiaz.com.br\/litoralsp\/wp-json\/wp\/v2\/posts"}],"about":[{"href":"https:\/\/redenoticiaz.com.br\/litoralsp\/wp-json\/wp\/v2\/types\/post"}],"author":[{"embeddable":true,"href":"https:\/\/redenoticiaz.com.br\/litoralsp\/wp-json\/wp\/v2\/users\/6"}],"replies":[{"embeddable":true,"href":"https:\/\/redenoticiaz.com.br\/litoralsp\/wp-json\/wp\/v2\/comments?post=105456"}],"version-history":[{"count":1,"href":"https:\/\/redenoticiaz.com.br\/litoralsp\/wp-json\/wp\/v2\/posts\/105456\/revisions"}],"predecessor-version":[{"id":105459,"href":"https:\/\/redenoticiaz.com.br\/litoralsp\/wp-json\/wp\/v2\/posts\/105456\/revisions\/105459"}],"wp:featuredmedia":[{"embeddable":true,"href":"https:\/\/redenoticiaz.com.br\/litoralsp\/wp-json\/wp\/v2\/media\/105457"}],"wp:attachment":[{"href":"https:\/\/redenoticiaz.com.br\/litoralsp\/wp-json\/wp\/v2\/media?parent=105456"}],"wp:term":[{"taxonomy":"category","embeddable":true,"href":"https:\/\/redenoticiaz.com.br\/litoralsp\/wp-json\/wp\/v2\/categories?post=105456"},{"taxonomy":"post_tag","embeddable":true,"href":"https:\/\/redenoticiaz.com.br\/litoralsp\/wp-json\/wp\/v2\/tags?post=105456"}],"curies":[{"name":"wp","href":"https:\/\/api.w.org\/{rel}","templated":true}]}}