{"id":105524,"date":"2023-05-11T09:35:35","date_gmt":"2023-05-11T12:35:35","guid":{"rendered":"https:\/\/redenoticiaz.com.br\/litoralsp\/?p=105524"},"modified":"2023-05-11T09:35:35","modified_gmt":"2023-05-11T12:35:35","slug":"trio-e-baleado-ao-tentarem-assaltar-policial-em-sao-vicente","status":"publish","type":"post","link":"https:\/\/redenoticiaz.com.br\/litoralsp\/2023\/05\/11\/trio-e-baleado-ao-tentarem-assaltar-policial-em-sao-vicente","title":{"rendered":"Trio \u00e9 baleado ao tentarem assaltar policial em S\u00e3o Vicente"},"content":{"rendered":"<div id=\"chunk-49acj\">\n<div class=\"mc-column content-text active-extra-styles \" data-block-type=\"unstyled\" data-block-weight=\"59\" data-block-id=\"3\">\n<p class=\"content-text__container \" data-track-category=\"Link no Texto\" data-track-links=\"\"><strong>Tr\u00eas bandidos foram baleados<\/strong> por um policial militar, que sofreu assalto em S\u00e3o Vicente. O PM estava de folga, quando tentava voltar para casa, mas devido ao tr\u00e2nsito intenso na regi\u00e3o da Vila Margarida, n\u00e3o tinha como sair. O agente ainda teve o celular roubado, quando reagiu e deu os disparos. O trio foi atendido pelo Servi\u00e7o de Atendimento M\u00f3vel de Urg\u00eancia (SAMU) e conduzido ao Hospital Municipal, o antigo Crei.<\/p>\n<\/div>\n<\/div>\n<div class=\"wall protected-content\">\n<div id=\"chunk-dsfpe\">\n<div class=\"mc-column content-text active-extra-styles \" data-block-type=\"unstyled\" data-block-weight=\"48\" data-block-id=\"4\">\n<p class=\"content-text__container \" data-track-category=\"Link no Texto\" data-track-links=\"\">De acordo com a Pol\u00edcia Militar, por meio do 39\u00ba Batalh\u00e3o, a equipe foi acionada por volta das 16h30 de ter\u00e7a-feira (9), para atender \u00e0 ocorr\u00eancia na Avenida Na\u00e7\u00f5es Unidas, na Vila Margarida. Foi neste ponto em que o policial, que seguia sentido a Praia Grande, foi abordado.<\/p>\n<div id=\"chunk-9q4jg\">\n<div class=\"mc-column content-text active-extra-styles \" data-block-type=\"unstyled\" data-block-weight=\"36\" data-block-id=\"6\">\n<p class=\"content-text__container \" data-track-category=\"Link no Texto\" data-track-links=\"\">A corpora\u00e7\u00e3o tamb\u00e9m informou que\u00a0 um dos ladr\u00f5es chegou a puxar o aparelho celular do PM de folga, que s\u00f3 puxou a arma e atirou contra os bandidos no momento em que eles fugiam. No entanto n\u00e3o foram informados quantos tiros foram dados e nem onde os bandidos foram atingidos. Dois deles passaram por atendimento m\u00e9dico, foram liberados e encaminhados ao 1\u00ba DP da cidade.<\/p>\n<\/div>\n<\/div>\n<div id=\"chunk-5vf4k\">\n<div class=\"mc-column content-text active-extra-styles \" data-block-type=\"unstyled\" data-block-weight=\"23\" data-block-id=\"8\">\n<p class=\"content-text__container \" data-track-category=\"Link no Texto\" data-track-links=\"\">O outro membro do grupo permanece internado, com escolta da pol\u00edcia. A ocorr\u00eancia foi apresentada e registrada como tentativa de homic\u00eddio e furto.<\/p>\n<p data-track-category=\"Link no Texto\" data-track-links=\"\"><strong>LEIA TAMB\u00c9M<\/strong><\/p>\n<p data-track-category=\"Link no Texto\" data-track-links=\"\"><a href=\"https:\/\/redenoticiaz.com.br\/litoralsp\/2023\/05\/10\/mulher-e-presa-por-maus-tratos-a-17-caes-e-leva-multa-de-r-51-mil\">Mulher \u00e9 presa por maus-tratos a 17 c\u00e3es e leva multa de R$ 51 mil<\/a><\/p>\n<\/div>\n<\/div>\n<\/div>\n<\/div>\n<\/div>\n","protected":false},"excerpt":{"rendered":"<p>Tr\u00eas bandidos foram baleados por um policial militar, que sofreu assalto em S\u00e3o Vicente. O PM estava de folga, quando tentava voltar para casa, mas devido ao tr\u00e2nsito intenso na regi\u00e3o da Vila Margarida, n\u00e3o tinha como sair. O agente ainda teve o celular roubado, quando reagiu e deu os disparos. O trio foi atendido &hellip;<\/p>\n","protected":false},"author":6,"featured_media":105525,"comment_status":"open","ping_status":"closed","sticky":false,"template":"","format":"standard","meta":{"footnotes":""},"categories":[10,181],"tags":[65095,65097,65096,11025,33,30929,7431],"class_list":["post-105524","post","type-post","status-publish","format-standard","has-post-thumbnail","hentry","category-policia","category-sao-vicente","tag-avenida-das-nacoes-unidas","tag-bandidos-baleados","tag-policial-de-folga","tag-policial-militar","tag-sao-vicente","tag-tiros","tag-vila-margarida"],"yoast_head":"<!-- This site is optimized with the Yoast SEO plugin v27.5 - https:\/\/yoast.com\/product\/yoast-seo-wordpress\/ -->\n<title>Trio \u00e9 baleado ao tentarem assaltar policial em S\u00e3o Vicente - Litoral SP<\/title>\n<meta name=\"description\" content=\"Tr\u00eas bandidos foram baleados por um policial militar, que sofreu assalto em S\u00e3o Vicente. O PM estava de folga, quando tentava voltar p\" \/>\n<meta name=\"robots\" content=\"index, follow, max-snippet:-1, max-image-preview:large, max-video-preview:-1\" \/>\n<link rel=\"canonical\" href=\"https:\/\/redenoticiaz.com.br\/litoralsp\/2023\/05\/11\/trio-e-baleado-ao-tentarem-assaltar-policial-em-sao-vicente\" \/>\n<meta property=\"og:locale\" content=\"pt_BR\" \/>\n<meta property=\"og:type\" content=\"article\" \/>\n<meta property=\"og:title\" content=\"Trio \u00e9 baleado ao tentarem assaltar policial em S\u00e3o Vicente - Litoral SP\" \/>\n<meta property=\"og:description\" content=\"Tr\u00eas bandidos foram baleados por um policial militar, que sofreu assalto em S\u00e3o Vicente. O PM estava de folga, quando tentava voltar p\" \/>\n<meta property=\"og:url\" content=\"https:\/\/redenoticiaz.com.br\/litoralsp\/2023\/05\/11\/trio-e-baleado-ao-tentarem-assaltar-policial-em-sao-vicente\" \/>\n<meta property=\"og:site_name\" content=\"Litoral SP\" \/>\n<meta property=\"article:published_time\" content=\"2023-05-11T12:35:35+00:00\" \/>\n<meta property=\"og:image\" content=\"https:\/\/redenoticiaz.com.br\/litoralsp\/wp-content\/uploads\/sites\/3\/2023\/05\/assalto-SV.jpg\" \/>\n\t<meta property=\"og:image:width\" content=\"497\" \/>\n\t<meta property=\"og:image:height\" content=\"328\" \/>\n\t<meta property=\"og:image:type\" content=\"image\/jpeg\" \/>\n<meta name=\"author\" content=\"Leonardo Francisco\" \/>\n<meta name=\"twitter:card\" content=\"summary_large_image\" \/>\n<meta name=\"twitter:label1\" content=\"Escrito por\" \/>\n\t<meta name=\"twitter:data1\" content=\"Leonardo Francisco\" \/>\n\t<meta name=\"twitter:label2\" content=\"Est. tempo de leitura\" \/>\n\t<meta name=\"twitter:data2\" content=\"2 minutos\" \/>\n<script type=\"application\/ld+json\" class=\"yoast-schema-graph\">{\"@context\":\"https:\\\/\\\/schema.org\",\"@graph\":[{\"@type\":\"Article\",\"@id\":\"https:\\\/\\\/redenoticiaz.com.br\\\/litoralsp\\\/2023\\\/05\\\/11\\\/trio-e-baleado-ao-tentarem-assaltar-policial-em-sao-vicente#article\",\"isPartOf\":{\"@id\":\"https:\\\/\\\/redenoticiaz.com.br\\\/litoralsp\\\/2023\\\/05\\\/11\\\/trio-e-baleado-ao-tentarem-assaltar-policial-em-sao-vicente\"},\"author\":{\"name\":\"Leonardo Francisco\",\"@id\":\"https:\\\/\\\/redenoticiaz.com.br\\\/litoralsp\\\/#\\\/schema\\\/person\\\/0f0b8a5bdafefe82841e07ae8d81ecb3\"},\"headline\":\"Trio \u00e9 baleado ao tentarem assaltar policial em S\u00e3o Vicente\",\"datePublished\":\"2023-05-11T12:35:35+00:00\",\"mainEntityOfPage\":{\"@id\":\"https:\\\/\\\/redenoticiaz.com.br\\\/litoralsp\\\/2023\\\/05\\\/11\\\/trio-e-baleado-ao-tentarem-assaltar-policial-em-sao-vicente\"},\"wordCount\":250,\"commentCount\":0,\"publisher\":{\"@id\":\"https:\\\/\\\/redenoticiaz.com.br\\\/litoralsp\\\/#organization\"},\"image\":{\"@id\":\"https:\\\/\\\/redenoticiaz.com.br\\\/litoralsp\\\/2023\\\/05\\\/11\\\/trio-e-baleado-ao-tentarem-assaltar-policial-em-sao-vicente#primaryimage\"},\"thumbnailUrl\":\"https:\\\/\\\/redenoticiaz.com.br\\\/litoralsp\\\/wp-content\\\/uploads\\\/sites\\\/3\\\/2023\\\/05\\\/assalto-SV.jpg\",\"keywords\":[\"AVENIDA DAS NA\u00c7\u00d5ES UNIDAS\",\"BANDIDOS BALEADOS\",\"POLICIAL DE FOLGA\",\"POLICIAL MILITAR\",\"S\u00e3o Vicente\",\"TIROS\",\"VILA MARGARIDA\"],\"articleSection\":[\"Pol\u00edcia\",\"S\u00e3o Vicente\"],\"inLanguage\":\"pt-BR\",\"potentialAction\":[{\"@type\":\"CommentAction\",\"name\":\"Comment\",\"target\":[\"https:\\\/\\\/redenoticiaz.com.br\\\/litoralsp\\\/2023\\\/05\\\/11\\\/trio-e-baleado-ao-tentarem-assaltar-policial-em-sao-vicente#respond\"]}]},{\"@type\":\"WebPage\",\"@id\":\"https:\\\/\\\/redenoticiaz.com.br\\\/litoralsp\\\/2023\\\/05\\\/11\\\/trio-e-baleado-ao-tentarem-assaltar-policial-em-sao-vicente\",\"url\":\"https:\\\/\\\/redenoticiaz.com.br\\\/litoralsp\\\/2023\\\/05\\\/11\\\/trio-e-baleado-ao-tentarem-assaltar-policial-em-sao-vicente\",\"name\":\"Trio \u00e9 baleado ao tentarem assaltar policial em S\u00e3o Vicente - Litoral SP\",\"isPartOf\":{\"@id\":\"https:\\\/\\\/redenoticiaz.com.br\\\/litoralsp\\\/#website\"},\"primaryImageOfPage\":{\"@id\":\"https:\\\/\\\/redenoticiaz.com.br\\\/litoralsp\\\/2023\\\/05\\\/11\\\/trio-e-baleado-ao-tentarem-assaltar-policial-em-sao-vicente#primaryimage\"},\"image\":{\"@id\":\"https:\\\/\\\/redenoticiaz.com.br\\\/litoralsp\\\/2023\\\/05\\\/11\\\/trio-e-baleado-ao-tentarem-assaltar-policial-em-sao-vicente#primaryimage\"},\"thumbnailUrl\":\"https:\\\/\\\/redenoticiaz.com.br\\\/litoralsp\\\/wp-content\\\/uploads\\\/sites\\\/3\\\/2023\\\/05\\\/assalto-SV.jpg\",\"datePublished\":\"2023-05-11T12:35:35+00:00\",\"description\":\"Tr\u00eas bandidos foram baleados por um policial militar, que sofreu assalto em S\u00e3o Vicente. O PM estava de folga, quando tentava voltar p\",\"inLanguage\":\"pt-BR\",\"potentialAction\":[{\"@type\":\"ReadAction\",\"target\":[\"https:\\\/\\\/redenoticiaz.com.br\\\/litoralsp\\\/2023\\\/05\\\/11\\\/trio-e-baleado-ao-tentarem-assaltar-policial-em-sao-vicente\"]}]},{\"@type\":\"ImageObject\",\"inLanguage\":\"pt-BR\",\"@id\":\"https:\\\/\\\/redenoticiaz.com.br\\\/litoralsp\\\/2023\\\/05\\\/11\\\/trio-e-baleado-ao-tentarem-assaltar-policial-em-sao-vicente#primaryimage\",\"url\":\"https:\\\/\\\/redenoticiaz.com.br\\\/litoralsp\\\/wp-content\\\/uploads\\\/sites\\\/3\\\/2023\\\/05\\\/assalto-SV.jpg\",\"contentUrl\":\"https:\\\/\\\/redenoticiaz.com.br\\\/litoralsp\\\/wp-content\\\/uploads\\\/sites\\\/3\\\/2023\\\/05\\\/assalto-SV.jpg\",\"width\":497,\"height\":328,\"caption\":\"Cr\u00e9ditos: Reprodu\u00e7\u00e3o\\\/Baixada Santista em A\u00e7\u00e3o\"},{\"@type\":\"WebSite\",\"@id\":\"https:\\\/\\\/redenoticiaz.com.br\\\/litoralsp\\\/#website\",\"url\":\"https:\\\/\\\/redenoticiaz.com.br\\\/litoralsp\\\/\",\"name\":\"Litoral SP\",\"description\":\"Rede NoticiaZ\",\"publisher\":{\"@id\":\"https:\\\/\\\/redenoticiaz.com.br\\\/litoralsp\\\/#organization\"},\"potentialAction\":[{\"@type\":\"SearchAction\",\"target\":{\"@type\":\"EntryPoint\",\"urlTemplate\":\"https:\\\/\\\/redenoticiaz.com.br\\\/litoralsp\\\/?s={search_term_string}\"},\"query-input\":{\"@type\":\"PropertyValueSpecification\",\"valueRequired\":true,\"valueName\":\"search_term_string\"}}],\"inLanguage\":\"pt-BR\"},{\"@type\":\"Organization\",\"@id\":\"https:\\\/\\\/redenoticiaz.com.br\\\/litoralsp\\\/#organization\",\"name\":\"Litoral SP\",\"url\":\"https:\\\/\\\/redenoticiaz.com.br\\\/litoralsp\\\/\",\"logo\":{\"@type\":\"ImageObject\",\"inLanguage\":\"pt-BR\",\"@id\":\"https:\\\/\\\/redenoticiaz.com.br\\\/litoralsp\\\/#\\\/schema\\\/logo\\\/image\\\/\",\"url\":\"https:\\\/\\\/redenoticiaz.com.br\\\/litoralsp\\\/wp-content\\\/uploads\\\/sites\\\/3\\\/2020\\\/11\\\/logo.jpg\",\"contentUrl\":\"https:\\\/\\\/redenoticiaz.com.br\\\/litoralsp\\\/wp-content\\\/uploads\\\/sites\\\/3\\\/2020\\\/11\\\/logo.jpg\",\"width\":400,\"height\":250,\"caption\":\"Litoral SP\"},\"image\":{\"@id\":\"https:\\\/\\\/redenoticiaz.com.br\\\/litoralsp\\\/#\\\/schema\\\/logo\\\/image\\\/\"}},{\"@type\":\"Person\",\"@id\":\"https:\\\/\\\/redenoticiaz.com.br\\\/litoralsp\\\/#\\\/schema\\\/person\\\/0f0b8a5bdafefe82841e07ae8d81ecb3\",\"name\":\"Leonardo Francisco\",\"image\":{\"@type\":\"ImageObject\",\"inLanguage\":\"pt-BR\",\"@id\":\"https:\\\/\\\/secure.gravatar.com\\\/avatar\\\/a7358cb406a99b682ec6df1e77e31ae82e63601f6784e8a3df411d72b37864da?s=96&d=mm&r=g\",\"url\":\"https:\\\/\\\/secure.gravatar.com\\\/avatar\\\/a7358cb406a99b682ec6df1e77e31ae82e63601f6784e8a3df411d72b37864da?s=96&d=mm&r=g\",\"contentUrl\":\"https:\\\/\\\/secure.gravatar.com\\\/avatar\\\/a7358cb406a99b682ec6df1e77e31ae82e63601f6784e8a3df411d72b37864da?s=96&d=mm&r=g\",\"caption\":\"Leonardo Francisco\"},\"url\":\"https:\\\/\\\/redenoticiaz.com.br\\\/litoralsp\\\/author\\\/leonardo-francisco\"}]}<\/script>\n<!-- \/ Yoast SEO plugin. -->","yoast_head_json":{"title":"Trio \u00e9 baleado ao tentarem assaltar policial em S\u00e3o Vicente - Litoral SP","description":"Tr\u00eas bandidos foram baleados por um policial militar, que sofreu assalto em S\u00e3o Vicente. O PM estava de folga, quando tentava voltar p","robots":{"index":"index","follow":"follow","max-snippet":"max-snippet:-1","max-image-preview":"max-image-preview:large","max-video-preview":"max-video-preview:-1"},"canonical":"https:\/\/redenoticiaz.com.br\/litoralsp\/2023\/05\/11\/trio-e-baleado-ao-tentarem-assaltar-policial-em-sao-vicente","og_locale":"pt_BR","og_type":"article","og_title":"Trio \u00e9 baleado ao tentarem assaltar policial em S\u00e3o Vicente - Litoral SP","og_description":"Tr\u00eas bandidos foram baleados por um policial militar, que sofreu assalto em S\u00e3o Vicente. O PM estava de folga, quando tentava voltar p","og_url":"https:\/\/redenoticiaz.com.br\/litoralsp\/2023\/05\/11\/trio-e-baleado-ao-tentarem-assaltar-policial-em-sao-vicente","og_site_name":"Litoral SP","article_published_time":"2023-05-11T12:35:35+00:00","og_image":[{"width":497,"height":328,"url":"https:\/\/redenoticiaz.com.br\/litoralsp\/wp-content\/uploads\/sites\/3\/2023\/05\/assalto-SV.jpg","type":"image\/jpeg"}],"author":"Leonardo Francisco","twitter_card":"summary_large_image","twitter_misc":{"Escrito por":"Leonardo Francisco","Est. tempo de leitura":"2 minutos"},"schema":{"@context":"https:\/\/schema.org","@graph":[{"@type":"Article","@id":"https:\/\/redenoticiaz.com.br\/litoralsp\/2023\/05\/11\/trio-e-baleado-ao-tentarem-assaltar-policial-em-sao-vicente#article","isPartOf":{"@id":"https:\/\/redenoticiaz.com.br\/litoralsp\/2023\/05\/11\/trio-e-baleado-ao-tentarem-assaltar-policial-em-sao-vicente"},"author":{"name":"Leonardo Francisco","@id":"https:\/\/redenoticiaz.com.br\/litoralsp\/#\/schema\/person\/0f0b8a5bdafefe82841e07ae8d81ecb3"},"headline":"Trio \u00e9 baleado ao tentarem assaltar policial em S\u00e3o Vicente","datePublished":"2023-05-11T12:35:35+00:00","mainEntityOfPage":{"@id":"https:\/\/redenoticiaz.com.br\/litoralsp\/2023\/05\/11\/trio-e-baleado-ao-tentarem-assaltar-policial-em-sao-vicente"},"wordCount":250,"commentCount":0,"publisher":{"@id":"https:\/\/redenoticiaz.com.br\/litoralsp\/#organization"},"image":{"@id":"https:\/\/redenoticiaz.com.br\/litoralsp\/2023\/05\/11\/trio-e-baleado-ao-tentarem-assaltar-policial-em-sao-vicente#primaryimage"},"thumbnailUrl":"https:\/\/redenoticiaz.com.br\/litoralsp\/wp-content\/uploads\/sites\/3\/2023\/05\/assalto-SV.jpg","keywords":["AVENIDA DAS NA\u00c7\u00d5ES UNIDAS","BANDIDOS BALEADOS","POLICIAL DE FOLGA","POLICIAL MILITAR","S\u00e3o Vicente","TIROS","VILA MARGARIDA"],"articleSection":["Pol\u00edcia","S\u00e3o Vicente"],"inLanguage":"pt-BR","potentialAction":[{"@type":"CommentAction","name":"Comment","target":["https:\/\/redenoticiaz.com.br\/litoralsp\/2023\/05\/11\/trio-e-baleado-ao-tentarem-assaltar-policial-em-sao-vicente#respond"]}]},{"@type":"WebPage","@id":"https:\/\/redenoticiaz.com.br\/litoralsp\/2023\/05\/11\/trio-e-baleado-ao-tentarem-assaltar-policial-em-sao-vicente","url":"https:\/\/redenoticiaz.com.br\/litoralsp\/2023\/05\/11\/trio-e-baleado-ao-tentarem-assaltar-policial-em-sao-vicente","name":"Trio \u00e9 baleado ao tentarem assaltar policial em S\u00e3o Vicente - Litoral SP","isPartOf":{"@id":"https:\/\/redenoticiaz.com.br\/litoralsp\/#website"},"primaryImageOfPage":{"@id":"https:\/\/redenoticiaz.com.br\/litoralsp\/2023\/05\/11\/trio-e-baleado-ao-tentarem-assaltar-policial-em-sao-vicente#primaryimage"},"image":{"@id":"https:\/\/redenoticiaz.com.br\/litoralsp\/2023\/05\/11\/trio-e-baleado-ao-tentarem-assaltar-policial-em-sao-vicente#primaryimage"},"thumbnailUrl":"https:\/\/redenoticiaz.com.br\/litoralsp\/wp-content\/uploads\/sites\/3\/2023\/05\/assalto-SV.jpg","datePublished":"2023-05-11T12:35:35+00:00","description":"Tr\u00eas bandidos foram baleados por um policial militar, que sofreu assalto em S\u00e3o Vicente. O PM estava de folga, quando tentava voltar p","inLanguage":"pt-BR","potentialAction":[{"@type":"ReadAction","target":["https:\/\/redenoticiaz.com.br\/litoralsp\/2023\/05\/11\/trio-e-baleado-ao-tentarem-assaltar-policial-em-sao-vicente"]}]},{"@type":"ImageObject","inLanguage":"pt-BR","@id":"https:\/\/redenoticiaz.com.br\/litoralsp\/2023\/05\/11\/trio-e-baleado-ao-tentarem-assaltar-policial-em-sao-vicente#primaryimage","url":"https:\/\/redenoticiaz.com.br\/litoralsp\/wp-content\/uploads\/sites\/3\/2023\/05\/assalto-SV.jpg","contentUrl":"https:\/\/redenoticiaz.com.br\/litoralsp\/wp-content\/uploads\/sites\/3\/2023\/05\/assalto-SV.jpg","width":497,"height":328,"caption":"Cr\u00e9ditos: Reprodu\u00e7\u00e3o\/Baixada Santista em A\u00e7\u00e3o"},{"@type":"WebSite","@id":"https:\/\/redenoticiaz.com.br\/litoralsp\/#website","url":"https:\/\/redenoticiaz.com.br\/litoralsp\/","name":"Litoral SP","description":"Rede NoticiaZ","publisher":{"@id":"https:\/\/redenoticiaz.com.br\/litoralsp\/#organization"},"potentialAction":[{"@type":"SearchAction","target":{"@type":"EntryPoint","urlTemplate":"https:\/\/redenoticiaz.com.br\/litoralsp\/?s={search_term_string}"},"query-input":{"@type":"PropertyValueSpecification","valueRequired":true,"valueName":"search_term_string"}}],"inLanguage":"pt-BR"},{"@type":"Organization","@id":"https:\/\/redenoticiaz.com.br\/litoralsp\/#organization","name":"Litoral SP","url":"https:\/\/redenoticiaz.com.br\/litoralsp\/","logo":{"@type":"ImageObject","inLanguage":"pt-BR","@id":"https:\/\/redenoticiaz.com.br\/litoralsp\/#\/schema\/logo\/image\/","url":"https:\/\/redenoticiaz.com.br\/litoralsp\/wp-content\/uploads\/sites\/3\/2020\/11\/logo.jpg","contentUrl":"https:\/\/redenoticiaz.com.br\/litoralsp\/wp-content\/uploads\/sites\/3\/2020\/11\/logo.jpg","width":400,"height":250,"caption":"Litoral SP"},"image":{"@id":"https:\/\/redenoticiaz.com.br\/litoralsp\/#\/schema\/logo\/image\/"}},{"@type":"Person","@id":"https:\/\/redenoticiaz.com.br\/litoralsp\/#\/schema\/person\/0f0b8a5bdafefe82841e07ae8d81ecb3","name":"Leonardo Francisco","image":{"@type":"ImageObject","inLanguage":"pt-BR","@id":"https:\/\/secure.gravatar.com\/avatar\/a7358cb406a99b682ec6df1e77e31ae82e63601f6784e8a3df411d72b37864da?s=96&d=mm&r=g","url":"https:\/\/secure.gravatar.com\/avatar\/a7358cb406a99b682ec6df1e77e31ae82e63601f6784e8a3df411d72b37864da?s=96&d=mm&r=g","contentUrl":"https:\/\/secure.gravatar.com\/avatar\/a7358cb406a99b682ec6df1e77e31ae82e63601f6784e8a3df411d72b37864da?s=96&d=mm&r=g","caption":"Leonardo Francisco"},"url":"https:\/\/redenoticiaz.com.br\/litoralsp\/author\/leonardo-francisco"}]}},"_links":{"self":[{"href":"https:\/\/redenoticiaz.com.br\/litoralsp\/wp-json\/wp\/v2\/posts\/105524","targetHints":{"allow":["GET"]}}],"collection":[{"href":"https:\/\/redenoticiaz.com.br\/litoralsp\/wp-json\/wp\/v2\/posts"}],"about":[{"href":"https:\/\/redenoticiaz.com.br\/litoralsp\/wp-json\/wp\/v2\/types\/post"}],"author":[{"embeddable":true,"href":"https:\/\/redenoticiaz.com.br\/litoralsp\/wp-json\/wp\/v2\/users\/6"}],"replies":[{"embeddable":true,"href":"https:\/\/redenoticiaz.com.br\/litoralsp\/wp-json\/wp\/v2\/comments?post=105524"}],"version-history":[{"count":1,"href":"https:\/\/redenoticiaz.com.br\/litoralsp\/wp-json\/wp\/v2\/posts\/105524\/revisions"}],"predecessor-version":[{"id":105526,"href":"https:\/\/redenoticiaz.com.br\/litoralsp\/wp-json\/wp\/v2\/posts\/105524\/revisions\/105526"}],"wp:featuredmedia":[{"embeddable":true,"href":"https:\/\/redenoticiaz.com.br\/litoralsp\/wp-json\/wp\/v2\/media\/105525"}],"wp:attachment":[{"href":"https:\/\/redenoticiaz.com.br\/litoralsp\/wp-json\/wp\/v2\/media?parent=105524"}],"wp:term":[{"taxonomy":"category","embeddable":true,"href":"https:\/\/redenoticiaz.com.br\/litoralsp\/wp-json\/wp\/v2\/categories?post=105524"},{"taxonomy":"post_tag","embeddable":true,"href":"https:\/\/redenoticiaz.com.br\/litoralsp\/wp-json\/wp\/v2\/tags?post=105524"}],"curies":[{"name":"wp","href":"https:\/\/api.w.org\/{rel}","templated":true}]}}