{"id":105527,"date":"2023-05-11T10:32:02","date_gmt":"2023-05-11T13:32:02","guid":{"rendered":"https:\/\/redenoticiaz.com.br\/litoralsp\/?p=105527"},"modified":"2023-05-11T10:32:02","modified_gmt":"2023-05-11T13:32:02","slug":"fim-de-semana-do-dia-das-maes-sera-com-casaco-e-cachecol","status":"publish","type":"post","link":"https:\/\/redenoticiaz.com.br\/litoralsp\/2023\/05\/11\/fim-de-semana-do-dia-das-maes-sera-com-casaco-e-cachecol","title":{"rendered":"Fim de semana do Dia das M\u00e3es ser\u00e1 com casaco e cachecol"},"content":{"rendered":"<p>Todo mundo aguarda a chegada do Dia das M\u00e3es para poder curtir o tempo com a mam\u00e3e, seja dentro ou fora de casa. Mas para quem for sair, \u00e9 bom preparar o casaco e o cachecol. Isto porque a previs\u00e3o do tempo \u00e9 que at\u00e9 o domingo (14), o <strong>clima esteja bem gelado<\/strong> em boa parte do Brasil.<\/p>\n<p>Segundo o Instituto Climatempo, a frente fria que avan\u00e7ou sobre o centro-sul do Brasil esta semana trouxe chuva e tamb\u00e9m o ar frio de origem polar. A temperatura baixou em toda Regi\u00e3o Sul e nos pr\u00f3ximos dias espera-se uma queda de temperatura acentuada tamb\u00e9m sobre o Mato Grosso do Sul e em v\u00e1rias \u00e1reas dos estados do Sudeste. Nesta Regi\u00e3o, o excesso de nebulosidade e a chuva est\u00e3o ajudando a baixar a temperatura, junto com a entrada do ar frio de origem polar.<\/p>\n<p>O ar frio de origem polar continua espalhado pelo centro-sul do Brasil nos pr\u00f3ximos dias. At\u00e9 a madrugada do domingo, 14 de maio, quando se comemora o Dia das M\u00e3es, h\u00e1 possibilidade de recorde de menor temperatura em 2023 em v\u00e1rias capitais brasileiras.<\/p>\n<p>A madrugada do s\u00e1bado, 13 de maio, poder\u00e1 ser a mais fria do ano at\u00e9 agora em Porto Alegre e em Vit\u00f3ria. Belo Horizonte poder\u00e1 ter sucessivos recordes de baixa temperatura na sexta, s\u00e1bado e domingo.<\/p>\n<p>Para Curitiba e S\u00e3o Paulo, a maior chance de estabelecer um novo recorde de frio para 2003 ser\u00e1 na madrugada do domingo. Em Campo Grande, o novo recorde de frio deste ano \u00e9 mais prov\u00e1vel no s\u00e1bado. J\u00e1 para Cuiab\u00e1, a maior possibilidade de bater recorde \u00e9 no domingo.<\/p>\n<p>No Sul do Brasil, houve forma\u00e7\u00e3o de geada nos \u00faltimos dois dias em \u00e1reas da Serra Ga\u00facha e Catarinense. Na madrugada de quarta, 10 de maio, a temperatura chegou a 2,2\u00b0C negativos em Bom Jardim da Serra\/Comunidade 15 dias, pela medi\u00e7\u00e3o do Epagri-Ciram.<\/p>\n<p>Temperaturas negativas foram registradas na madrugada desta quinta-feira em \u00e1reas da serra catarinense e no sul do Paran\u00e1. Ainda h\u00e1 condi\u00e7\u00f5es para geada e temperaturas pr\u00f3ximas de zero nesta sexta-feira em \u00e1reas das serras ga\u00facha e catarinense.<\/p>\n<p><strong>LEIA TAMB\u00c9M<\/strong><\/p>\n<p><a href=\"https:\/\/redenoticiaz.com.br\/litoralsp\/2023\/05\/10\/jiboia-de-tres-metros-e-encontrada-e-salva-pelos-bombeiros-em-ubatuba\">Jiboia de tr\u00eas metros \u00e9 encontrada e salva pelos Bombeiros em Ubatuba<\/a><\/p>\n","protected":false},"excerpt":{"rendered":"<p>Todo mundo aguarda a chegada do Dia das M\u00e3es para poder curtir o tempo com a mam\u00e3e, seja dentro ou fora de casa. Mas para quem for sair, \u00e9 bom preparar o casaco e o cachecol. Isto porque a previs\u00e3o do tempo \u00e9 que at\u00e9 o domingo (14), o clima esteja bem gelado em boa &hellip;<\/p>\n","protected":false},"author":6,"featured_media":105528,"comment_status":"open","ping_status":"closed","sticky":false,"template":"","format":"standard","meta":{"footnotes":""},"categories":[26798],"tags":[173,65098,21706,26823,26825],"class_list":["post-105527","post","type-post","status-publish","format-standard","has-post-thumbnail","hentry","category-climatologia","tag-brasil","tag-centro-sul","tag-dia-das-maes","tag-frio","tag-previsao-do-tempo"],"yoast_head":"<!-- This site is optimized with the Yoast SEO plugin v27.5 - https:\/\/yoast.com\/product\/yoast-seo-wordpress\/ -->\n<title>Fim de semana do Dia das M\u00e3es ser\u00e1 com casaco e cachecol - Litoral SP<\/title>\n<meta name=\"description\" content=\"Todo mundo aguarda a chegada do Dia das M\u00e3es para poder curtir o tempo com a mam\u00e3e, seja dentro ou fora de casa. Mas para quem\" \/>\n<meta name=\"robots\" content=\"index, follow, max-snippet:-1, max-image-preview:large, max-video-preview:-1\" \/>\n<link rel=\"canonical\" href=\"https:\/\/redenoticiaz.com.br\/litoralsp\/2023\/05\/11\/fim-de-semana-do-dia-das-maes-sera-com-casaco-e-cachecol\" \/>\n<meta property=\"og:locale\" content=\"pt_BR\" \/>\n<meta property=\"og:type\" content=\"article\" \/>\n<meta property=\"og:title\" content=\"Fim de semana do Dia das M\u00e3es ser\u00e1 com casaco e cachecol - Litoral SP\" \/>\n<meta property=\"og:description\" content=\"Todo mundo aguarda a chegada do Dia das M\u00e3es para poder curtir o tempo com a mam\u00e3e, seja dentro ou fora de casa. Mas para quem\" \/>\n<meta property=\"og:url\" content=\"https:\/\/redenoticiaz.com.br\/litoralsp\/2023\/05\/11\/fim-de-semana-do-dia-das-maes-sera-com-casaco-e-cachecol\" \/>\n<meta property=\"og:site_name\" content=\"Litoral SP\" \/>\n<meta property=\"article:published_time\" content=\"2023-05-11T13:32:02+00:00\" \/>\n<meta property=\"og:image\" content=\"https:\/\/redenoticiaz.com.br\/litoralsp\/wp-content\/uploads\/sites\/3\/2023\/05\/FRIO-SP-scaled.jpg\" \/>\n\t<meta property=\"og:image:width\" content=\"1620\" \/>\n\t<meta property=\"og:image:height\" content=\"1080\" \/>\n\t<meta property=\"og:image:type\" content=\"image\/jpeg\" \/>\n<meta name=\"author\" content=\"Leonardo Francisco\" \/>\n<meta name=\"twitter:card\" content=\"summary_large_image\" \/>\n<meta name=\"twitter:label1\" content=\"Escrito por\" \/>\n\t<meta name=\"twitter:data1\" content=\"Leonardo Francisco\" \/>\n\t<meta name=\"twitter:label2\" content=\"Est. tempo de leitura\" \/>\n\t<meta name=\"twitter:data2\" content=\"3 minutos\" \/>\n<script type=\"application\/ld+json\" class=\"yoast-schema-graph\">{\"@context\":\"https:\\\/\\\/schema.org\",\"@graph\":[{\"@type\":\"Article\",\"@id\":\"https:\\\/\\\/redenoticiaz.com.br\\\/litoralsp\\\/2023\\\/05\\\/11\\\/fim-de-semana-do-dia-das-maes-sera-com-casaco-e-cachecol#article\",\"isPartOf\":{\"@id\":\"https:\\\/\\\/redenoticiaz.com.br\\\/litoralsp\\\/2023\\\/05\\\/11\\\/fim-de-semana-do-dia-das-maes-sera-com-casaco-e-cachecol\"},\"author\":{\"name\":\"Leonardo Francisco\",\"@id\":\"https:\\\/\\\/redenoticiaz.com.br\\\/litoralsp\\\/#\\\/schema\\\/person\\\/0f0b8a5bdafefe82841e07ae8d81ecb3\"},\"headline\":\"Fim de semana do Dia das M\u00e3es ser\u00e1 com casaco e cachecol\",\"datePublished\":\"2023-05-11T13:32:02+00:00\",\"mainEntityOfPage\":{\"@id\":\"https:\\\/\\\/redenoticiaz.com.br\\\/litoralsp\\\/2023\\\/05\\\/11\\\/fim-de-semana-do-dia-das-maes-sera-com-casaco-e-cachecol\"},\"wordCount\":393,\"commentCount\":0,\"publisher\":{\"@id\":\"https:\\\/\\\/redenoticiaz.com.br\\\/litoralsp\\\/#organization\"},\"image\":{\"@id\":\"https:\\\/\\\/redenoticiaz.com.br\\\/litoralsp\\\/2023\\\/05\\\/11\\\/fim-de-semana-do-dia-das-maes-sera-com-casaco-e-cachecol#primaryimage\"},\"thumbnailUrl\":\"https:\\\/\\\/redenoticiaz.com.br\\\/litoralsp\\\/wp-content\\\/uploads\\\/sites\\\/3\\\/2023\\\/05\\\/FRIO-SP-scaled.jpg\",\"keywords\":[\"Brasil\",\"CENTRO-SUL\",\"DIA DAS M\u00c3ES\",\"FRIO\",\"PREVIS\u00c3O DO TEMPO\"],\"articleSection\":[\"Climatologia\"],\"inLanguage\":\"pt-BR\",\"potentialAction\":[{\"@type\":\"CommentAction\",\"name\":\"Comment\",\"target\":[\"https:\\\/\\\/redenoticiaz.com.br\\\/litoralsp\\\/2023\\\/05\\\/11\\\/fim-de-semana-do-dia-das-maes-sera-com-casaco-e-cachecol#respond\"]}]},{\"@type\":\"WebPage\",\"@id\":\"https:\\\/\\\/redenoticiaz.com.br\\\/litoralsp\\\/2023\\\/05\\\/11\\\/fim-de-semana-do-dia-das-maes-sera-com-casaco-e-cachecol\",\"url\":\"https:\\\/\\\/redenoticiaz.com.br\\\/litoralsp\\\/2023\\\/05\\\/11\\\/fim-de-semana-do-dia-das-maes-sera-com-casaco-e-cachecol\",\"name\":\"Fim de semana do Dia das M\u00e3es ser\u00e1 com casaco e cachecol - Litoral SP\",\"isPartOf\":{\"@id\":\"https:\\\/\\\/redenoticiaz.com.br\\\/litoralsp\\\/#website\"},\"primaryImageOfPage\":{\"@id\":\"https:\\\/\\\/redenoticiaz.com.br\\\/litoralsp\\\/2023\\\/05\\\/11\\\/fim-de-semana-do-dia-das-maes-sera-com-casaco-e-cachecol#primaryimage\"},\"image\":{\"@id\":\"https:\\\/\\\/redenoticiaz.com.br\\\/litoralsp\\\/2023\\\/05\\\/11\\\/fim-de-semana-do-dia-das-maes-sera-com-casaco-e-cachecol#primaryimage\"},\"thumbnailUrl\":\"https:\\\/\\\/redenoticiaz.com.br\\\/litoralsp\\\/wp-content\\\/uploads\\\/sites\\\/3\\\/2023\\\/05\\\/FRIO-SP-scaled.jpg\",\"datePublished\":\"2023-05-11T13:32:02+00:00\",\"description\":\"Todo mundo aguarda a chegada do Dia das M\u00e3es para poder curtir o tempo com a mam\u00e3e, seja dentro ou fora de casa. Mas para quem\",\"inLanguage\":\"pt-BR\",\"potentialAction\":[{\"@type\":\"ReadAction\",\"target\":[\"https:\\\/\\\/redenoticiaz.com.br\\\/litoralsp\\\/2023\\\/05\\\/11\\\/fim-de-semana-do-dia-das-maes-sera-com-casaco-e-cachecol\"]}]},{\"@type\":\"ImageObject\",\"inLanguage\":\"pt-BR\",\"@id\":\"https:\\\/\\\/redenoticiaz.com.br\\\/litoralsp\\\/2023\\\/05\\\/11\\\/fim-de-semana-do-dia-das-maes-sera-com-casaco-e-cachecol#primaryimage\",\"url\":\"https:\\\/\\\/redenoticiaz.com.br\\\/litoralsp\\\/wp-content\\\/uploads\\\/sites\\\/3\\\/2023\\\/05\\\/FRIO-SP-scaled.jpg\",\"contentUrl\":\"https:\\\/\\\/redenoticiaz.com.br\\\/litoralsp\\\/wp-content\\\/uploads\\\/sites\\\/3\\\/2023\\\/05\\\/FRIO-SP-scaled.jpg\",\"width\":1620,\"height\":1080,\"caption\":\"Cr\u00e9ditos: Divulga\u00e7\u00e3o\"},{\"@type\":\"WebSite\",\"@id\":\"https:\\\/\\\/redenoticiaz.com.br\\\/litoralsp\\\/#website\",\"url\":\"https:\\\/\\\/redenoticiaz.com.br\\\/litoralsp\\\/\",\"name\":\"Litoral SP\",\"description\":\"Rede NoticiaZ\",\"publisher\":{\"@id\":\"https:\\\/\\\/redenoticiaz.com.br\\\/litoralsp\\\/#organization\"},\"potentialAction\":[{\"@type\":\"SearchAction\",\"target\":{\"@type\":\"EntryPoint\",\"urlTemplate\":\"https:\\\/\\\/redenoticiaz.com.br\\\/litoralsp\\\/?s={search_term_string}\"},\"query-input\":{\"@type\":\"PropertyValueSpecification\",\"valueRequired\":true,\"valueName\":\"search_term_string\"}}],\"inLanguage\":\"pt-BR\"},{\"@type\":\"Organization\",\"@id\":\"https:\\\/\\\/redenoticiaz.com.br\\\/litoralsp\\\/#organization\",\"name\":\"Litoral SP\",\"url\":\"https:\\\/\\\/redenoticiaz.com.br\\\/litoralsp\\\/\",\"logo\":{\"@type\":\"ImageObject\",\"inLanguage\":\"pt-BR\",\"@id\":\"https:\\\/\\\/redenoticiaz.com.br\\\/litoralsp\\\/#\\\/schema\\\/logo\\\/image\\\/\",\"url\":\"https:\\\/\\\/redenoticiaz.com.br\\\/litoralsp\\\/wp-content\\\/uploads\\\/sites\\\/3\\\/2020\\\/11\\\/logo.jpg\",\"contentUrl\":\"https:\\\/\\\/redenoticiaz.com.br\\\/litoralsp\\\/wp-content\\\/uploads\\\/sites\\\/3\\\/2020\\\/11\\\/logo.jpg\",\"width\":400,\"height\":250,\"caption\":\"Litoral SP\"},\"image\":{\"@id\":\"https:\\\/\\\/redenoticiaz.com.br\\\/litoralsp\\\/#\\\/schema\\\/logo\\\/image\\\/\"}},{\"@type\":\"Person\",\"@id\":\"https:\\\/\\\/redenoticiaz.com.br\\\/litoralsp\\\/#\\\/schema\\\/person\\\/0f0b8a5bdafefe82841e07ae8d81ecb3\",\"name\":\"Leonardo Francisco\",\"image\":{\"@type\":\"ImageObject\",\"inLanguage\":\"pt-BR\",\"@id\":\"https:\\\/\\\/secure.gravatar.com\\\/avatar\\\/a7358cb406a99b682ec6df1e77e31ae82e63601f6784e8a3df411d72b37864da?s=96&d=mm&r=g\",\"url\":\"https:\\\/\\\/secure.gravatar.com\\\/avatar\\\/a7358cb406a99b682ec6df1e77e31ae82e63601f6784e8a3df411d72b37864da?s=96&d=mm&r=g\",\"contentUrl\":\"https:\\\/\\\/secure.gravatar.com\\\/avatar\\\/a7358cb406a99b682ec6df1e77e31ae82e63601f6784e8a3df411d72b37864da?s=96&d=mm&r=g\",\"caption\":\"Leonardo Francisco\"},\"url\":\"https:\\\/\\\/redenoticiaz.com.br\\\/litoralsp\\\/author\\\/leonardo-francisco\"}]}<\/script>\n<!-- \/ Yoast SEO plugin. -->","yoast_head_json":{"title":"Fim de semana do Dia das M\u00e3es ser\u00e1 com casaco e cachecol - Litoral SP","description":"Todo mundo aguarda a chegada do Dia das M\u00e3es para poder curtir o tempo com a mam\u00e3e, seja dentro ou fora de casa. Mas para quem","robots":{"index":"index","follow":"follow","max-snippet":"max-snippet:-1","max-image-preview":"max-image-preview:large","max-video-preview":"max-video-preview:-1"},"canonical":"https:\/\/redenoticiaz.com.br\/litoralsp\/2023\/05\/11\/fim-de-semana-do-dia-das-maes-sera-com-casaco-e-cachecol","og_locale":"pt_BR","og_type":"article","og_title":"Fim de semana do Dia das M\u00e3es ser\u00e1 com casaco e cachecol - Litoral SP","og_description":"Todo mundo aguarda a chegada do Dia das M\u00e3es para poder curtir o tempo com a mam\u00e3e, seja dentro ou fora de casa. Mas para quem","og_url":"https:\/\/redenoticiaz.com.br\/litoralsp\/2023\/05\/11\/fim-de-semana-do-dia-das-maes-sera-com-casaco-e-cachecol","og_site_name":"Litoral SP","article_published_time":"2023-05-11T13:32:02+00:00","og_image":[{"width":1620,"height":1080,"url":"https:\/\/redenoticiaz.com.br\/litoralsp\/wp-content\/uploads\/sites\/3\/2023\/05\/FRIO-SP-scaled.jpg","type":"image\/jpeg"}],"author":"Leonardo Francisco","twitter_card":"summary_large_image","twitter_misc":{"Escrito por":"Leonardo Francisco","Est. tempo de leitura":"3 minutos"},"schema":{"@context":"https:\/\/schema.org","@graph":[{"@type":"Article","@id":"https:\/\/redenoticiaz.com.br\/litoralsp\/2023\/05\/11\/fim-de-semana-do-dia-das-maes-sera-com-casaco-e-cachecol#article","isPartOf":{"@id":"https:\/\/redenoticiaz.com.br\/litoralsp\/2023\/05\/11\/fim-de-semana-do-dia-das-maes-sera-com-casaco-e-cachecol"},"author":{"name":"Leonardo Francisco","@id":"https:\/\/redenoticiaz.com.br\/litoralsp\/#\/schema\/person\/0f0b8a5bdafefe82841e07ae8d81ecb3"},"headline":"Fim de semana do Dia das M\u00e3es ser\u00e1 com casaco e cachecol","datePublished":"2023-05-11T13:32:02+00:00","mainEntityOfPage":{"@id":"https:\/\/redenoticiaz.com.br\/litoralsp\/2023\/05\/11\/fim-de-semana-do-dia-das-maes-sera-com-casaco-e-cachecol"},"wordCount":393,"commentCount":0,"publisher":{"@id":"https:\/\/redenoticiaz.com.br\/litoralsp\/#organization"},"image":{"@id":"https:\/\/redenoticiaz.com.br\/litoralsp\/2023\/05\/11\/fim-de-semana-do-dia-das-maes-sera-com-casaco-e-cachecol#primaryimage"},"thumbnailUrl":"https:\/\/redenoticiaz.com.br\/litoralsp\/wp-content\/uploads\/sites\/3\/2023\/05\/FRIO-SP-scaled.jpg","keywords":["Brasil","CENTRO-SUL","DIA DAS M\u00c3ES","FRIO","PREVIS\u00c3O DO TEMPO"],"articleSection":["Climatologia"],"inLanguage":"pt-BR","potentialAction":[{"@type":"CommentAction","name":"Comment","target":["https:\/\/redenoticiaz.com.br\/litoralsp\/2023\/05\/11\/fim-de-semana-do-dia-das-maes-sera-com-casaco-e-cachecol#respond"]}]},{"@type":"WebPage","@id":"https:\/\/redenoticiaz.com.br\/litoralsp\/2023\/05\/11\/fim-de-semana-do-dia-das-maes-sera-com-casaco-e-cachecol","url":"https:\/\/redenoticiaz.com.br\/litoralsp\/2023\/05\/11\/fim-de-semana-do-dia-das-maes-sera-com-casaco-e-cachecol","name":"Fim de semana do Dia das M\u00e3es ser\u00e1 com casaco e cachecol - Litoral SP","isPartOf":{"@id":"https:\/\/redenoticiaz.com.br\/litoralsp\/#website"},"primaryImageOfPage":{"@id":"https:\/\/redenoticiaz.com.br\/litoralsp\/2023\/05\/11\/fim-de-semana-do-dia-das-maes-sera-com-casaco-e-cachecol#primaryimage"},"image":{"@id":"https:\/\/redenoticiaz.com.br\/litoralsp\/2023\/05\/11\/fim-de-semana-do-dia-das-maes-sera-com-casaco-e-cachecol#primaryimage"},"thumbnailUrl":"https:\/\/redenoticiaz.com.br\/litoralsp\/wp-content\/uploads\/sites\/3\/2023\/05\/FRIO-SP-scaled.jpg","datePublished":"2023-05-11T13:32:02+00:00","description":"Todo mundo aguarda a chegada do Dia das M\u00e3es para poder curtir o tempo com a mam\u00e3e, seja dentro ou fora de casa. Mas para quem","inLanguage":"pt-BR","potentialAction":[{"@type":"ReadAction","target":["https:\/\/redenoticiaz.com.br\/litoralsp\/2023\/05\/11\/fim-de-semana-do-dia-das-maes-sera-com-casaco-e-cachecol"]}]},{"@type":"ImageObject","inLanguage":"pt-BR","@id":"https:\/\/redenoticiaz.com.br\/litoralsp\/2023\/05\/11\/fim-de-semana-do-dia-das-maes-sera-com-casaco-e-cachecol#primaryimage","url":"https:\/\/redenoticiaz.com.br\/litoralsp\/wp-content\/uploads\/sites\/3\/2023\/05\/FRIO-SP-scaled.jpg","contentUrl":"https:\/\/redenoticiaz.com.br\/litoralsp\/wp-content\/uploads\/sites\/3\/2023\/05\/FRIO-SP-scaled.jpg","width":1620,"height":1080,"caption":"Cr\u00e9ditos: Divulga\u00e7\u00e3o"},{"@type":"WebSite","@id":"https:\/\/redenoticiaz.com.br\/litoralsp\/#website","url":"https:\/\/redenoticiaz.com.br\/litoralsp\/","name":"Litoral SP","description":"Rede NoticiaZ","publisher":{"@id":"https:\/\/redenoticiaz.com.br\/litoralsp\/#organization"},"potentialAction":[{"@type":"SearchAction","target":{"@type":"EntryPoint","urlTemplate":"https:\/\/redenoticiaz.com.br\/litoralsp\/?s={search_term_string}"},"query-input":{"@type":"PropertyValueSpecification","valueRequired":true,"valueName":"search_term_string"}}],"inLanguage":"pt-BR"},{"@type":"Organization","@id":"https:\/\/redenoticiaz.com.br\/litoralsp\/#organization","name":"Litoral SP","url":"https:\/\/redenoticiaz.com.br\/litoralsp\/","logo":{"@type":"ImageObject","inLanguage":"pt-BR","@id":"https:\/\/redenoticiaz.com.br\/litoralsp\/#\/schema\/logo\/image\/","url":"https:\/\/redenoticiaz.com.br\/litoralsp\/wp-content\/uploads\/sites\/3\/2020\/11\/logo.jpg","contentUrl":"https:\/\/redenoticiaz.com.br\/litoralsp\/wp-content\/uploads\/sites\/3\/2020\/11\/logo.jpg","width":400,"height":250,"caption":"Litoral SP"},"image":{"@id":"https:\/\/redenoticiaz.com.br\/litoralsp\/#\/schema\/logo\/image\/"}},{"@type":"Person","@id":"https:\/\/redenoticiaz.com.br\/litoralsp\/#\/schema\/person\/0f0b8a5bdafefe82841e07ae8d81ecb3","name":"Leonardo Francisco","image":{"@type":"ImageObject","inLanguage":"pt-BR","@id":"https:\/\/secure.gravatar.com\/avatar\/a7358cb406a99b682ec6df1e77e31ae82e63601f6784e8a3df411d72b37864da?s=96&d=mm&r=g","url":"https:\/\/secure.gravatar.com\/avatar\/a7358cb406a99b682ec6df1e77e31ae82e63601f6784e8a3df411d72b37864da?s=96&d=mm&r=g","contentUrl":"https:\/\/secure.gravatar.com\/avatar\/a7358cb406a99b682ec6df1e77e31ae82e63601f6784e8a3df411d72b37864da?s=96&d=mm&r=g","caption":"Leonardo Francisco"},"url":"https:\/\/redenoticiaz.com.br\/litoralsp\/author\/leonardo-francisco"}]}},"_links":{"self":[{"href":"https:\/\/redenoticiaz.com.br\/litoralsp\/wp-json\/wp\/v2\/posts\/105527","targetHints":{"allow":["GET"]}}],"collection":[{"href":"https:\/\/redenoticiaz.com.br\/litoralsp\/wp-json\/wp\/v2\/posts"}],"about":[{"href":"https:\/\/redenoticiaz.com.br\/litoralsp\/wp-json\/wp\/v2\/types\/post"}],"author":[{"embeddable":true,"href":"https:\/\/redenoticiaz.com.br\/litoralsp\/wp-json\/wp\/v2\/users\/6"}],"replies":[{"embeddable":true,"href":"https:\/\/redenoticiaz.com.br\/litoralsp\/wp-json\/wp\/v2\/comments?post=105527"}],"version-history":[{"count":1,"href":"https:\/\/redenoticiaz.com.br\/litoralsp\/wp-json\/wp\/v2\/posts\/105527\/revisions"}],"predecessor-version":[{"id":105529,"href":"https:\/\/redenoticiaz.com.br\/litoralsp\/wp-json\/wp\/v2\/posts\/105527\/revisions\/105529"}],"wp:featuredmedia":[{"embeddable":true,"href":"https:\/\/redenoticiaz.com.br\/litoralsp\/wp-json\/wp\/v2\/media\/105528"}],"wp:attachment":[{"href":"https:\/\/redenoticiaz.com.br\/litoralsp\/wp-json\/wp\/v2\/media?parent=105527"}],"wp:term":[{"taxonomy":"category","embeddable":true,"href":"https:\/\/redenoticiaz.com.br\/litoralsp\/wp-json\/wp\/v2\/categories?post=105527"},{"taxonomy":"post_tag","embeddable":true,"href":"https:\/\/redenoticiaz.com.br\/litoralsp\/wp-json\/wp\/v2\/tags?post=105527"}],"curies":[{"name":"wp","href":"https:\/\/api.w.org\/{rel}","templated":true}]}}