{"id":105562,"date":"2023-05-11T16:17:51","date_gmt":"2023-05-11T19:17:51","guid":{"rendered":"https:\/\/redenoticiaz.com.br\/litoralsp\/?p=105562"},"modified":"2023-05-11T16:17:51","modified_gmt":"2023-05-11T19:17:51","slug":"trio-que-roubou-juiz-desembargador-na-orla-da-praia-de-santos-e-identificado","status":"publish","type":"post","link":"https:\/\/redenoticiaz.com.br\/litoralsp\/2023\/05\/11\/trio-que-roubou-juiz-desembargador-na-orla-da-praia-de-santos-e-identificado","title":{"rendered":"Trio que roubou juiz desembargador na orla da praia de Santos \u00e9 identificado"},"content":{"rendered":"<p>Trio que roubou juiz desembargador na orla da praia de Santos no \u00faltimo dia 28 de mar\u00e7o \u00e9 identificado.<\/p>\n<p>De acordo com as informa\u00e7\u00f5es, os homens que tem de idade 19,20 e 25 anos roubaram a v\u00edtima enquanto o mesmo corria pelo cal\u00e7ad\u00e3o da praia.<\/p>\n<p>Ainda de acordo com as informa\u00e7\u00f5es, um deles estava armado com um rev\u00f3lver, e durante abordagem amea\u00e7aram a v\u00edtima a entregar celular, corrente de ouro e alian\u00e7a.<\/p>\n<p>A v\u00edtima tem 26 anos e \u00e9 juiz desembargador do Tribunal de Justi\u00e7a de S\u00e3o Paulo.<\/p>\n<p>Sendo assim, a pol\u00edcia iniciou investiga\u00e7\u00e3o e conseguiu identificar os autores do crime, e um deles j\u00e1 se encontra preso devido a outros crimes.<\/p>\n<p>A autoridade policial formalizou o reconhecimento dos indiv\u00edduos para conclus\u00e3o do inqu\u00e9rito policial e representa\u00e7\u00e3o de suas cust\u00f3dias preventivas.<\/p>\n<p><strong>Leia mais<\/strong><\/p>\n<p><a href=\"https:\/\/redenoticiaz.com.br\/litoralsp\/2023\/05\/11\/foragido-da-cadeia-publica-de-santos-apos-agressao-contra-policiais-e-capturado\">Foragido da Cadeia P\u00fablica de Santos ap\u00f3s agress\u00e3o contra policiais \u00e9 capturado<\/a><\/p>\n","protected":false},"excerpt":{"rendered":"<p>Trio que roubou juiz desembargador na orla da praia de Santos no \u00faltimo dia 28 de mar\u00e7o \u00e9 identificado. De acordo com as informa\u00e7\u00f5es, os homens que tem de idade 19,20 e 25 anos roubaram a v\u00edtima enquanto o mesmo corria pelo cal\u00e7ad\u00e3o da praia. Ainda de acordo com as informa\u00e7\u00f5es, um deles estava armado &hellip;<\/p>\n","protected":false},"author":12,"featured_media":105563,"comment_status":"open","ping_status":"closed","sticky":false,"template":"","format":"standard","meta":{"footnotes":""},"categories":[180],"tags":[9513,65109,50717,986],"class_list":["post-105562","post","type-post","status-publish","format-standard","has-post-thumbnail","hentry","category-santos","tag-desembargador","tag-juiz","tag-orla-de-santos","tag-santos"],"yoast_head":"<!-- This site is optimized with the Yoast SEO plugin v27.4 - https:\/\/yoast.com\/product\/yoast-seo-wordpress\/ -->\n<title>Trio que roubou juiz desembargador na orla da praia de Santos \u00e9 identificado - Litoral SP<\/title>\n<meta name=\"description\" content=\"Trio que roubou juiz desembargador na orla da praia de Santos no \u00faltimo dia 28 de mar\u00e7o \u00e9 identificado.\" \/>\n<meta name=\"robots\" content=\"index, follow, max-snippet:-1, max-image-preview:large, max-video-preview:-1\" \/>\n<link rel=\"canonical\" href=\"https:\/\/redenoticiaz.com.br\/litoralsp\/2023\/05\/11\/trio-que-roubou-juiz-desembargador-na-orla-da-praia-de-santos-e-identificado\" \/>\n<meta property=\"og:locale\" content=\"pt_BR\" \/>\n<meta property=\"og:type\" content=\"article\" \/>\n<meta property=\"og:title\" content=\"Trio que roubou juiz desembargador na orla da praia de Santos \u00e9 identificado - Litoral SP\" \/>\n<meta property=\"og:description\" content=\"Trio que roubou juiz desembargador na orla da praia de Santos no \u00faltimo dia 28 de mar\u00e7o \u00e9 identificado.\" \/>\n<meta property=\"og:url\" content=\"https:\/\/redenoticiaz.com.br\/litoralsp\/2023\/05\/11\/trio-que-roubou-juiz-desembargador-na-orla-da-praia-de-santos-e-identificado\" \/>\n<meta property=\"og:site_name\" content=\"Litoral SP\" \/>\n<meta property=\"article:published_time\" content=\"2023-05-11T19:17:51+00:00\" \/>\n<meta property=\"og:image\" content=\"https:\/\/redenoticiaz.com.br\/litoralsp\/wp-content\/uploads\/sites\/3\/2023\/05\/WhatsApp-Image-2023-05-11-at-15.36.30.jpeg\" \/>\n\t<meta property=\"og:image:width\" content=\"680\" \/>\n\t<meta property=\"og:image:height\" content=\"331\" \/>\n\t<meta property=\"og:image:type\" content=\"image\/jpeg\" \/>\n<meta name=\"author\" content=\"Gustavo Silva\" \/>\n<meta name=\"twitter:card\" content=\"summary_large_image\" \/>\n<meta name=\"twitter:label1\" content=\"Escrito por\" \/>\n\t<meta name=\"twitter:data1\" content=\"Gustavo Silva\" \/>\n\t<meta name=\"twitter:label2\" content=\"Est. tempo de leitura\" \/>\n\t<meta name=\"twitter:data2\" content=\"1 minuto\" \/>\n<script type=\"application\/ld+json\" class=\"yoast-schema-graph\">{\"@context\":\"https:\\\/\\\/schema.org\",\"@graph\":[{\"@type\":\"Article\",\"@id\":\"https:\\\/\\\/redenoticiaz.com.br\\\/litoralsp\\\/2023\\\/05\\\/11\\\/trio-que-roubou-juiz-desembargador-na-orla-da-praia-de-santos-e-identificado#article\",\"isPartOf\":{\"@id\":\"https:\\\/\\\/redenoticiaz.com.br\\\/litoralsp\\\/2023\\\/05\\\/11\\\/trio-que-roubou-juiz-desembargador-na-orla-da-praia-de-santos-e-identificado\"},\"author\":{\"name\":\"Gustavo Silva\",\"@id\":\"https:\\\/\\\/redenoticiaz.com.br\\\/litoralsp\\\/#\\\/schema\\\/person\\\/16057b37a3c0ee6b096d7f887c566e2e\"},\"headline\":\"Trio que roubou juiz desembargador na orla da praia de Santos \u00e9 identificado\",\"datePublished\":\"2023-05-11T19:17:51+00:00\",\"mainEntityOfPage\":{\"@id\":\"https:\\\/\\\/redenoticiaz.com.br\\\/litoralsp\\\/2023\\\/05\\\/11\\\/trio-que-roubou-juiz-desembargador-na-orla-da-praia-de-santos-e-identificado\"},\"wordCount\":173,\"commentCount\":0,\"publisher\":{\"@id\":\"https:\\\/\\\/redenoticiaz.com.br\\\/litoralsp\\\/#organization\"},\"image\":{\"@id\":\"https:\\\/\\\/redenoticiaz.com.br\\\/litoralsp\\\/2023\\\/05\\\/11\\\/trio-que-roubou-juiz-desembargador-na-orla-da-praia-de-santos-e-identificado#primaryimage\"},\"thumbnailUrl\":\"https:\\\/\\\/redenoticiaz.com.br\\\/litoralsp\\\/wp-content\\\/uploads\\\/sites\\\/3\\\/2023\\\/05\\\/WhatsApp-Image-2023-05-11-at-15.36.30.jpeg\",\"keywords\":[\"DESEMBARGADOR\",\"Juiz\",\"ORLA DE SANTOS\",\"Santos\"],\"articleSection\":[\"Santos\"],\"inLanguage\":\"pt-BR\",\"potentialAction\":[{\"@type\":\"CommentAction\",\"name\":\"Comment\",\"target\":[\"https:\\\/\\\/redenoticiaz.com.br\\\/litoralsp\\\/2023\\\/05\\\/11\\\/trio-que-roubou-juiz-desembargador-na-orla-da-praia-de-santos-e-identificado#respond\"]}]},{\"@type\":\"WebPage\",\"@id\":\"https:\\\/\\\/redenoticiaz.com.br\\\/litoralsp\\\/2023\\\/05\\\/11\\\/trio-que-roubou-juiz-desembargador-na-orla-da-praia-de-santos-e-identificado\",\"url\":\"https:\\\/\\\/redenoticiaz.com.br\\\/litoralsp\\\/2023\\\/05\\\/11\\\/trio-que-roubou-juiz-desembargador-na-orla-da-praia-de-santos-e-identificado\",\"name\":\"Trio que roubou juiz desembargador na orla da praia de Santos \u00e9 identificado - Litoral SP\",\"isPartOf\":{\"@id\":\"https:\\\/\\\/redenoticiaz.com.br\\\/litoralsp\\\/#website\"},\"primaryImageOfPage\":{\"@id\":\"https:\\\/\\\/redenoticiaz.com.br\\\/litoralsp\\\/2023\\\/05\\\/11\\\/trio-que-roubou-juiz-desembargador-na-orla-da-praia-de-santos-e-identificado#primaryimage\"},\"image\":{\"@id\":\"https:\\\/\\\/redenoticiaz.com.br\\\/litoralsp\\\/2023\\\/05\\\/11\\\/trio-que-roubou-juiz-desembargador-na-orla-da-praia-de-santos-e-identificado#primaryimage\"},\"thumbnailUrl\":\"https:\\\/\\\/redenoticiaz.com.br\\\/litoralsp\\\/wp-content\\\/uploads\\\/sites\\\/3\\\/2023\\\/05\\\/WhatsApp-Image-2023-05-11-at-15.36.30.jpeg\",\"datePublished\":\"2023-05-11T19:17:51+00:00\",\"description\":\"Trio que roubou juiz desembargador na orla da praia de Santos no \u00faltimo dia 28 de mar\u00e7o \u00e9 identificado.\",\"inLanguage\":\"pt-BR\",\"potentialAction\":[{\"@type\":\"ReadAction\",\"target\":[\"https:\\\/\\\/redenoticiaz.com.br\\\/litoralsp\\\/2023\\\/05\\\/11\\\/trio-que-roubou-juiz-desembargador-na-orla-da-praia-de-santos-e-identificado\"]}]},{\"@type\":\"ImageObject\",\"inLanguage\":\"pt-BR\",\"@id\":\"https:\\\/\\\/redenoticiaz.com.br\\\/litoralsp\\\/2023\\\/05\\\/11\\\/trio-que-roubou-juiz-desembargador-na-orla-da-praia-de-santos-e-identificado#primaryimage\",\"url\":\"https:\\\/\\\/redenoticiaz.com.br\\\/litoralsp\\\/wp-content\\\/uploads\\\/sites\\\/3\\\/2023\\\/05\\\/WhatsApp-Image-2023-05-11-at-15.36.30.jpeg\",\"contentUrl\":\"https:\\\/\\\/redenoticiaz.com.br\\\/litoralsp\\\/wp-content\\\/uploads\\\/sites\\\/3\\\/2023\\\/05\\\/WhatsApp-Image-2023-05-11-at-15.36.30.jpeg\",\"width\":680,\"height\":331,\"caption\":\"Trio que roubou juiz desembargador na orla da praia de Santos \u00e9 identificado\"},{\"@type\":\"WebSite\",\"@id\":\"https:\\\/\\\/redenoticiaz.com.br\\\/litoralsp\\\/#website\",\"url\":\"https:\\\/\\\/redenoticiaz.com.br\\\/litoralsp\\\/\",\"name\":\"Litoral SP\",\"description\":\"Rede NoticiaZ\",\"publisher\":{\"@id\":\"https:\\\/\\\/redenoticiaz.com.br\\\/litoralsp\\\/#organization\"},\"potentialAction\":[{\"@type\":\"SearchAction\",\"target\":{\"@type\":\"EntryPoint\",\"urlTemplate\":\"https:\\\/\\\/redenoticiaz.com.br\\\/litoralsp\\\/?s={search_term_string}\"},\"query-input\":{\"@type\":\"PropertyValueSpecification\",\"valueRequired\":true,\"valueName\":\"search_term_string\"}}],\"inLanguage\":\"pt-BR\"},{\"@type\":\"Organization\",\"@id\":\"https:\\\/\\\/redenoticiaz.com.br\\\/litoralsp\\\/#organization\",\"name\":\"Litoral SP\",\"url\":\"https:\\\/\\\/redenoticiaz.com.br\\\/litoralsp\\\/\",\"logo\":{\"@type\":\"ImageObject\",\"inLanguage\":\"pt-BR\",\"@id\":\"https:\\\/\\\/redenoticiaz.com.br\\\/litoralsp\\\/#\\\/schema\\\/logo\\\/image\\\/\",\"url\":\"https:\\\/\\\/redenoticiaz.com.br\\\/litoralsp\\\/wp-content\\\/uploads\\\/sites\\\/3\\\/2020\\\/11\\\/logo.jpg\",\"contentUrl\":\"https:\\\/\\\/redenoticiaz.com.br\\\/litoralsp\\\/wp-content\\\/uploads\\\/sites\\\/3\\\/2020\\\/11\\\/logo.jpg\",\"width\":400,\"height\":250,\"caption\":\"Litoral SP\"},\"image\":{\"@id\":\"https:\\\/\\\/redenoticiaz.com.br\\\/litoralsp\\\/#\\\/schema\\\/logo\\\/image\\\/\"}},{\"@type\":\"Person\",\"@id\":\"https:\\\/\\\/redenoticiaz.com.br\\\/litoralsp\\\/#\\\/schema\\\/person\\\/16057b37a3c0ee6b096d7f887c566e2e\",\"name\":\"Gustavo Silva\",\"image\":{\"@type\":\"ImageObject\",\"inLanguage\":\"pt-BR\",\"@id\":\"https:\\\/\\\/secure.gravatar.com\\\/avatar\\\/3ee4e82f93b26de0a7cf4ea5eb7893da637ed6bb0c9170c58065944c56e28a33?s=96&d=mm&r=g\",\"url\":\"https:\\\/\\\/secure.gravatar.com\\\/avatar\\\/3ee4e82f93b26de0a7cf4ea5eb7893da637ed6bb0c9170c58065944c56e28a33?s=96&d=mm&r=g\",\"contentUrl\":\"https:\\\/\\\/secure.gravatar.com\\\/avatar\\\/3ee4e82f93b26de0a7cf4ea5eb7893da637ed6bb0c9170c58065944c56e28a33?s=96&d=mm&r=g\",\"caption\":\"Gustavo Silva\"},\"url\":\"https:\\\/\\\/redenoticiaz.com.br\\\/litoralsp\\\/author\\\/gustavosilva\"}]}<\/script>\n<!-- \/ Yoast SEO plugin. -->","yoast_head_json":{"title":"Trio que roubou juiz desembargador na orla da praia de Santos \u00e9 identificado - Litoral SP","description":"Trio que roubou juiz desembargador na orla da praia de Santos no \u00faltimo dia 28 de mar\u00e7o \u00e9 identificado.","robots":{"index":"index","follow":"follow","max-snippet":"max-snippet:-1","max-image-preview":"max-image-preview:large","max-video-preview":"max-video-preview:-1"},"canonical":"https:\/\/redenoticiaz.com.br\/litoralsp\/2023\/05\/11\/trio-que-roubou-juiz-desembargador-na-orla-da-praia-de-santos-e-identificado","og_locale":"pt_BR","og_type":"article","og_title":"Trio que roubou juiz desembargador na orla da praia de Santos \u00e9 identificado - Litoral SP","og_description":"Trio que roubou juiz desembargador na orla da praia de Santos no \u00faltimo dia 28 de mar\u00e7o \u00e9 identificado.","og_url":"https:\/\/redenoticiaz.com.br\/litoralsp\/2023\/05\/11\/trio-que-roubou-juiz-desembargador-na-orla-da-praia-de-santos-e-identificado","og_site_name":"Litoral SP","article_published_time":"2023-05-11T19:17:51+00:00","og_image":[{"width":680,"height":331,"url":"https:\/\/redenoticiaz.com.br\/litoralsp\/wp-content\/uploads\/sites\/3\/2023\/05\/WhatsApp-Image-2023-05-11-at-15.36.30.jpeg","type":"image\/jpeg"}],"author":"Gustavo Silva","twitter_card":"summary_large_image","twitter_misc":{"Escrito por":"Gustavo Silva","Est. tempo de leitura":"1 minuto"},"schema":{"@context":"https:\/\/schema.org","@graph":[{"@type":"Article","@id":"https:\/\/redenoticiaz.com.br\/litoralsp\/2023\/05\/11\/trio-que-roubou-juiz-desembargador-na-orla-da-praia-de-santos-e-identificado#article","isPartOf":{"@id":"https:\/\/redenoticiaz.com.br\/litoralsp\/2023\/05\/11\/trio-que-roubou-juiz-desembargador-na-orla-da-praia-de-santos-e-identificado"},"author":{"name":"Gustavo Silva","@id":"https:\/\/redenoticiaz.com.br\/litoralsp\/#\/schema\/person\/16057b37a3c0ee6b096d7f887c566e2e"},"headline":"Trio que roubou juiz desembargador na orla da praia de Santos \u00e9 identificado","datePublished":"2023-05-11T19:17:51+00:00","mainEntityOfPage":{"@id":"https:\/\/redenoticiaz.com.br\/litoralsp\/2023\/05\/11\/trio-que-roubou-juiz-desembargador-na-orla-da-praia-de-santos-e-identificado"},"wordCount":173,"commentCount":0,"publisher":{"@id":"https:\/\/redenoticiaz.com.br\/litoralsp\/#organization"},"image":{"@id":"https:\/\/redenoticiaz.com.br\/litoralsp\/2023\/05\/11\/trio-que-roubou-juiz-desembargador-na-orla-da-praia-de-santos-e-identificado#primaryimage"},"thumbnailUrl":"https:\/\/redenoticiaz.com.br\/litoralsp\/wp-content\/uploads\/sites\/3\/2023\/05\/WhatsApp-Image-2023-05-11-at-15.36.30.jpeg","keywords":["DESEMBARGADOR","Juiz","ORLA DE SANTOS","Santos"],"articleSection":["Santos"],"inLanguage":"pt-BR","potentialAction":[{"@type":"CommentAction","name":"Comment","target":["https:\/\/redenoticiaz.com.br\/litoralsp\/2023\/05\/11\/trio-que-roubou-juiz-desembargador-na-orla-da-praia-de-santos-e-identificado#respond"]}]},{"@type":"WebPage","@id":"https:\/\/redenoticiaz.com.br\/litoralsp\/2023\/05\/11\/trio-que-roubou-juiz-desembargador-na-orla-da-praia-de-santos-e-identificado","url":"https:\/\/redenoticiaz.com.br\/litoralsp\/2023\/05\/11\/trio-que-roubou-juiz-desembargador-na-orla-da-praia-de-santos-e-identificado","name":"Trio que roubou juiz desembargador na orla da praia de Santos \u00e9 identificado - Litoral SP","isPartOf":{"@id":"https:\/\/redenoticiaz.com.br\/litoralsp\/#website"},"primaryImageOfPage":{"@id":"https:\/\/redenoticiaz.com.br\/litoralsp\/2023\/05\/11\/trio-que-roubou-juiz-desembargador-na-orla-da-praia-de-santos-e-identificado#primaryimage"},"image":{"@id":"https:\/\/redenoticiaz.com.br\/litoralsp\/2023\/05\/11\/trio-que-roubou-juiz-desembargador-na-orla-da-praia-de-santos-e-identificado#primaryimage"},"thumbnailUrl":"https:\/\/redenoticiaz.com.br\/litoralsp\/wp-content\/uploads\/sites\/3\/2023\/05\/WhatsApp-Image-2023-05-11-at-15.36.30.jpeg","datePublished":"2023-05-11T19:17:51+00:00","description":"Trio que roubou juiz desembargador na orla da praia de Santos no \u00faltimo dia 28 de mar\u00e7o \u00e9 identificado.","inLanguage":"pt-BR","potentialAction":[{"@type":"ReadAction","target":["https:\/\/redenoticiaz.com.br\/litoralsp\/2023\/05\/11\/trio-que-roubou-juiz-desembargador-na-orla-da-praia-de-santos-e-identificado"]}]},{"@type":"ImageObject","inLanguage":"pt-BR","@id":"https:\/\/redenoticiaz.com.br\/litoralsp\/2023\/05\/11\/trio-que-roubou-juiz-desembargador-na-orla-da-praia-de-santos-e-identificado#primaryimage","url":"https:\/\/redenoticiaz.com.br\/litoralsp\/wp-content\/uploads\/sites\/3\/2023\/05\/WhatsApp-Image-2023-05-11-at-15.36.30.jpeg","contentUrl":"https:\/\/redenoticiaz.com.br\/litoralsp\/wp-content\/uploads\/sites\/3\/2023\/05\/WhatsApp-Image-2023-05-11-at-15.36.30.jpeg","width":680,"height":331,"caption":"Trio que roubou juiz desembargador na orla da praia de Santos \u00e9 identificado"},{"@type":"WebSite","@id":"https:\/\/redenoticiaz.com.br\/litoralsp\/#website","url":"https:\/\/redenoticiaz.com.br\/litoralsp\/","name":"Litoral SP","description":"Rede NoticiaZ","publisher":{"@id":"https:\/\/redenoticiaz.com.br\/litoralsp\/#organization"},"potentialAction":[{"@type":"SearchAction","target":{"@type":"EntryPoint","urlTemplate":"https:\/\/redenoticiaz.com.br\/litoralsp\/?s={search_term_string}"},"query-input":{"@type":"PropertyValueSpecification","valueRequired":true,"valueName":"search_term_string"}}],"inLanguage":"pt-BR"},{"@type":"Organization","@id":"https:\/\/redenoticiaz.com.br\/litoralsp\/#organization","name":"Litoral SP","url":"https:\/\/redenoticiaz.com.br\/litoralsp\/","logo":{"@type":"ImageObject","inLanguage":"pt-BR","@id":"https:\/\/redenoticiaz.com.br\/litoralsp\/#\/schema\/logo\/image\/","url":"https:\/\/redenoticiaz.com.br\/litoralsp\/wp-content\/uploads\/sites\/3\/2020\/11\/logo.jpg","contentUrl":"https:\/\/redenoticiaz.com.br\/litoralsp\/wp-content\/uploads\/sites\/3\/2020\/11\/logo.jpg","width":400,"height":250,"caption":"Litoral SP"},"image":{"@id":"https:\/\/redenoticiaz.com.br\/litoralsp\/#\/schema\/logo\/image\/"}},{"@type":"Person","@id":"https:\/\/redenoticiaz.com.br\/litoralsp\/#\/schema\/person\/16057b37a3c0ee6b096d7f887c566e2e","name":"Gustavo Silva","image":{"@type":"ImageObject","inLanguage":"pt-BR","@id":"https:\/\/secure.gravatar.com\/avatar\/3ee4e82f93b26de0a7cf4ea5eb7893da637ed6bb0c9170c58065944c56e28a33?s=96&d=mm&r=g","url":"https:\/\/secure.gravatar.com\/avatar\/3ee4e82f93b26de0a7cf4ea5eb7893da637ed6bb0c9170c58065944c56e28a33?s=96&d=mm&r=g","contentUrl":"https:\/\/secure.gravatar.com\/avatar\/3ee4e82f93b26de0a7cf4ea5eb7893da637ed6bb0c9170c58065944c56e28a33?s=96&d=mm&r=g","caption":"Gustavo Silva"},"url":"https:\/\/redenoticiaz.com.br\/litoralsp\/author\/gustavosilva"}]}},"_links":{"self":[{"href":"https:\/\/redenoticiaz.com.br\/litoralsp\/wp-json\/wp\/v2\/posts\/105562","targetHints":{"allow":["GET"]}}],"collection":[{"href":"https:\/\/redenoticiaz.com.br\/litoralsp\/wp-json\/wp\/v2\/posts"}],"about":[{"href":"https:\/\/redenoticiaz.com.br\/litoralsp\/wp-json\/wp\/v2\/types\/post"}],"author":[{"embeddable":true,"href":"https:\/\/redenoticiaz.com.br\/litoralsp\/wp-json\/wp\/v2\/users\/12"}],"replies":[{"embeddable":true,"href":"https:\/\/redenoticiaz.com.br\/litoralsp\/wp-json\/wp\/v2\/comments?post=105562"}],"version-history":[{"count":1,"href":"https:\/\/redenoticiaz.com.br\/litoralsp\/wp-json\/wp\/v2\/posts\/105562\/revisions"}],"predecessor-version":[{"id":105564,"href":"https:\/\/redenoticiaz.com.br\/litoralsp\/wp-json\/wp\/v2\/posts\/105562\/revisions\/105564"}],"wp:featuredmedia":[{"embeddable":true,"href":"https:\/\/redenoticiaz.com.br\/litoralsp\/wp-json\/wp\/v2\/media\/105563"}],"wp:attachment":[{"href":"https:\/\/redenoticiaz.com.br\/litoralsp\/wp-json\/wp\/v2\/media?parent=105562"}],"wp:term":[{"taxonomy":"category","embeddable":true,"href":"https:\/\/redenoticiaz.com.br\/litoralsp\/wp-json\/wp\/v2\/categories?post=105562"},{"taxonomy":"post_tag","embeddable":true,"href":"https:\/\/redenoticiaz.com.br\/litoralsp\/wp-json\/wp\/v2\/tags?post=105562"}],"curies":[{"name":"wp","href":"https:\/\/api.w.org\/{rel}","templated":true}]}}