{"id":105579,"date":"2023-05-11T22:33:54","date_gmt":"2023-05-12T01:33:54","guid":{"rendered":"https:\/\/redenoticiaz.com.br\/litoralsp\/2023\/05\/11\/corinthians-nao-ve-a-cor-da-bola-e-leva-passeio-do-botafogo"},"modified":"2023-05-11T22:33:54","modified_gmt":"2023-05-12T01:33:54","slug":"corinthians-nao-ve-a-cor-da-bola-e-leva-passeio-do-botafogo","status":"publish","type":"post","link":"https:\/\/redenoticiaz.com.br\/litoralsp\/2023\/05\/11\/corinthians-nao-ve-a-cor-da-bola-e-leva-passeio-do-botafogo","title":{"rendered":"Corinthians n\u00e3o v\u00ea a cor da bola e leva &#8216;passeio&#8217; do Botafogo"},"content":{"rendered":"<p>O Corinthians nem viu a cor da bola no Nilton Santos, Rio de Janeiro. Nesta quinta-feira (11), no fechamento da quinta rodada do Campeonato Brasileiro, o Tim\u00e3o encarou o Botafogo, embalado pela lideran\u00e7a da competi\u00e7\u00e3o e deixou o gramado com um <strong>3 a 0 nas costas<\/strong>. A Estrela Solit\u00e1ria \u00e9 l\u00edder com 100% de aproveitamento, j\u00e1 que em cinco jogos, foram cinco vit\u00f3rias. J\u00e1 o Corinthians, est\u00e1 a beira da zona do rebaixamento.<\/p>\n<p><span class=\"sc-dvXXZy epvZtk\">A partida come\u00e7ou bastante estudada, sem tantas chances de gol. S\u00f3 que aos poucos, o Botafogo foi conseguindo impor o seu jogo. Aos 11 minutos, Victor Cuesta cabeceou bola no travess\u00e3o ap\u00f3s cobran\u00e7a de escanteio e, no rebote, Tiquinho Soares mandou para o fundo das redes. <\/span><\/p>\n<p><span class=\"sc-dvXXZy epvZtk\">Mesmo em desvantagem no placar, o Corinthians n\u00e3o se exp\u00f4s e seguiu marcando no campo de defesa. A equipe de Vanderlei Luxemburgo apresentou dificuldades na cria\u00e7\u00e3o e finalizou apenas quatro vezes contra nove dos cariocas. A chance de maior perigo do Tim\u00e3o foi aos 34, em chute de fora da \u00e1rea de Yuri Alberto, defendido por Lucas Perri. O Botafogo esteve mais perto do segundo gol do que o Corinthians do empate.<\/span><\/p>\n<p><span class=\"sc-dvXXZy epvZtk\">Veio o segundo tempo, mas mesmo assim Luxemburgo n\u00e3o trocou pe\u00e7as. Ele resolveu mudar a estrutura de jogo, deixando o time mais ofensivo, liberando os laterais. Quando a equipe vivia seu melhor momento na partida, por\u00e9m, o Botafogo ampliou o placar. Ap\u00f3s contra-ataque em alta velocidade, J\u00fanior Santos invadiu a \u00e1rea e foi derrubado por C\u00e1ssio. Na cobran\u00e7a de p\u00eanalti, Tiquinho Soares marcou o segundo.<\/span><\/p>\n<p><span class=\"sc-dvXXZy epvZtk\"> Ap\u00f3s o gol, Wesley e Giuliano entraram no Tim\u00e3o. Minutos depois, Luxa montou esquema com tr\u00eas zagueiros, trocando F\u00e1bio Santos por Bruno M\u00e9ndez. O Corinthians n\u00e3o s\u00f3 seguiu pouco criativo, como ainda levou o terceiro gol. Ap\u00f3s bela troca de passes, Eduardo recebeu na entrada da \u00e1rea e chutou colocado. Com os 3 a 0 no placar, os paulistas sentiram o baque, e os cariocas fizeram festa, aos gritos de \u201col\u00e9\u201d e de \u201c\u00e9 Lu\u00eds Castro\u201d. O Botafogo ainda teve chances de marcar o quarto gol, mas parou em C\u00e1ssio e nos pr\u00f3prios erros.<\/span><\/p>\n<h3>Futuro<\/h3>\n<p><span class=\"sc-dvXXZy epvZtk\">Com o resultado, o Botafogo mant\u00e9m 100% de aproveitamento ap\u00f3s cinco rodadas do Brasileir\u00e3o e reassume a lideran\u00e7a, com dois pontos a mais do que o Palmeiras. J\u00e1 o Corinthians segue pr\u00f3ximo da zona de rebaixamento, no 16\u00ba lugar, com apenas quatro pontos.<\/span><\/p>\n<p><span class=\"sc-dvXXZy epvZtk\">O Botafogo volta a campo no domingo, quando enfrenta o Goi\u00e1s, na Serrinha, \u00e0s 18h30. No mesmo dia o Corinthians faz cl\u00e1ssico contra o S\u00e3o Paulo, \u00e0s 16h, em Itaquera.<\/span><\/p>\n<p><strong>LEIA TAMB\u00c9M<\/strong><\/p>\n<p><a href=\"https:\/\/redenoticiaz.com.br\/blog\/2023\/05\/10\/palmeiras-massacra-o-gremio-e-vira-lider-do-brasileirao\">Palmeiras massacra o Gr\u00eamio e vira l\u00edder do Brasileir\u00e3o<\/a><\/p>\n","protected":false},"excerpt":{"rendered":"<p>O Corinthians nem viu a cor da bola no Nilton Santos, Rio de Janeiro. Nesta quinta-feira (11), no fechamento da quinta rodada do Campeonato Brasileiro, o Tim\u00e3o encarou o Botafogo, embalado pela lideran\u00e7a da competi\u00e7\u00e3o e deixou o gramado com um 3 a 0 nas costas. A Estrela Solit\u00e1ria \u00e9 l\u00edder com 100% de aproveitamento, &hellip;<\/p>\n","protected":false},"author":6,"featured_media":105580,"comment_status":"open","ping_status":"closed","sticky":false,"template":"","format":"standard","meta":{"footnotes":""},"categories":[35],"tags":[29827,64623,3088,3454,53674,59956],"class_list":["post-105579","post","type-post","status-publish","format-standard","has-post-thumbnail","hentry","category-esporte","tag-botafogo","tag-brasileirao-2023","tag-campeonato-brasileiro","tag-corinthians","tag-nilton-santos","tag-tiquinho-soares"],"yoast_head":"<!-- This site is optimized with the Yoast SEO plugin v27.4 - https:\/\/yoast.com\/product\/yoast-seo-wordpress\/ -->\n<title>Corinthians n\u00e3o v\u00ea a cor da bola e leva &#8216;passeio&#8217; do Botafogo - Litoral SP<\/title>\n<meta name=\"description\" content=\"O Corinthians nem viu a cor da bola no Nilton Santos, Rio de Janeiro. Nesta quinta-feira (11), no fechamento da quinta rodada d\" \/>\n<meta name=\"robots\" content=\"index, follow, max-snippet:-1, max-image-preview:large, max-video-preview:-1\" \/>\n<link rel=\"canonical\" href=\"https:\/\/redenoticiaz.com.br\/litoralsp\/2023\/05\/11\/corinthians-nao-ve-a-cor-da-bola-e-leva-passeio-do-botafogo\" \/>\n<meta property=\"og:locale\" content=\"pt_BR\" \/>\n<meta property=\"og:type\" content=\"article\" \/>\n<meta property=\"og:title\" content=\"Corinthians n\u00e3o v\u00ea a cor da bola e leva &#8216;passeio&#8217; do Botafogo - Litoral SP\" \/>\n<meta property=\"og:description\" content=\"O Corinthians nem viu a cor da bola no Nilton Santos, Rio de Janeiro. Nesta quinta-feira (11), no fechamento da quinta rodada d\" \/>\n<meta property=\"og:url\" content=\"https:\/\/redenoticiaz.com.br\/litoralsp\/2023\/05\/11\/corinthians-nao-ve-a-cor-da-bola-e-leva-passeio-do-botafogo\" \/>\n<meta property=\"og:site_name\" content=\"Litoral SP\" \/>\n<meta property=\"article:published_time\" content=\"2023-05-12T01:33:54+00:00\" \/>\n<meta property=\"og:image\" content=\"https:\/\/redenoticiaz.com.br\/litoralsp\/wp-content\/uploads\/sites\/3\/2023\/07\/sinead-oconnor-instagram-2607_fixed_large.jpg?v=1690400022\" \/>\n\t<meta property=\"og:image:width\" content=\"990\" \/>\n\t<meta property=\"og:image:height\" content=\"619\" \/>\n\t<meta property=\"og:image:type\" content=\"image\/jpeg\" \/>\n<meta name=\"author\" content=\"Leonardo Francisco\" \/>\n<meta name=\"twitter:card\" content=\"summary_large_image\" \/>\n<meta name=\"twitter:label1\" content=\"Escrito por\" \/>\n\t<meta name=\"twitter:data1\" content=\"Leonardo Francisco\" \/>\n\t<meta name=\"twitter:label2\" content=\"Est. tempo de leitura\" \/>\n\t<meta name=\"twitter:data2\" content=\"3 minutos\" \/>\n<script type=\"application\/ld+json\" class=\"yoast-schema-graph\">{\"@context\":\"https:\\\/\\\/schema.org\",\"@graph\":[{\"@type\":\"Article\",\"@id\":\"https:\\\/\\\/redenoticiaz.com.br\\\/litoralsp\\\/2023\\\/05\\\/11\\\/corinthians-nao-ve-a-cor-da-bola-e-leva-passeio-do-botafogo#article\",\"isPartOf\":{\"@id\":\"https:\\\/\\\/redenoticiaz.com.br\\\/litoralsp\\\/2023\\\/05\\\/11\\\/corinthians-nao-ve-a-cor-da-bola-e-leva-passeio-do-botafogo\"},\"author\":{\"name\":\"Leonardo Francisco\",\"@id\":\"https:\\\/\\\/redenoticiaz.com.br\\\/litoralsp\\\/#\\\/schema\\\/person\\\/0f0b8a5bdafefe82841e07ae8d81ecb3\"},\"headline\":\"Corinthians n\u00e3o v\u00ea a cor da bola e leva &#8216;passeio&#8217; do Botafogo\",\"datePublished\":\"2023-05-12T01:33:54+00:00\",\"mainEntityOfPage\":{\"@id\":\"https:\\\/\\\/redenoticiaz.com.br\\\/litoralsp\\\/2023\\\/05\\\/11\\\/corinthians-nao-ve-a-cor-da-bola-e-leva-passeio-do-botafogo\"},\"wordCount\":480,\"commentCount\":0,\"publisher\":{\"@id\":\"https:\\\/\\\/redenoticiaz.com.br\\\/litoralsp\\\/#organization\"},\"image\":{\"@id\":\"https:\\\/\\\/redenoticiaz.com.br\\\/litoralsp\\\/2023\\\/05\\\/11\\\/corinthians-nao-ve-a-cor-da-bola-e-leva-passeio-do-botafogo#primaryimage\"},\"thumbnailUrl\":\"https:\\\/\\\/redenoticiaz.com.br\\\/litoralsp\\\/wp-content\\\/uploads\\\/sites\\\/3\\\/2023\\\/05\\\/BOTXCOR23.jpg?v=1683855114\",\"keywords\":[\"BOTAFOGO\",\"BRASILEIR\u00c3O 2023\",\"CAMPEONATO BRASILEIRO\",\"Corinthians\",\"NILTON SANTOS\",\"TIQUINHO SOARES\"],\"articleSection\":[\"Esporte\"],\"inLanguage\":\"pt-BR\",\"potentialAction\":[{\"@type\":\"CommentAction\",\"name\":\"Comment\",\"target\":[\"https:\\\/\\\/redenoticiaz.com.br\\\/litoralsp\\\/2023\\\/05\\\/11\\\/corinthians-nao-ve-a-cor-da-bola-e-leva-passeio-do-botafogo#respond\"]}]},{\"@type\":\"WebPage\",\"@id\":\"https:\\\/\\\/redenoticiaz.com.br\\\/litoralsp\\\/2023\\\/05\\\/11\\\/corinthians-nao-ve-a-cor-da-bola-e-leva-passeio-do-botafogo\",\"url\":\"https:\\\/\\\/redenoticiaz.com.br\\\/litoralsp\\\/2023\\\/05\\\/11\\\/corinthians-nao-ve-a-cor-da-bola-e-leva-passeio-do-botafogo\",\"name\":\"Corinthians n\u00e3o v\u00ea a cor da bola e leva &#8216;passeio&#8217; do Botafogo - Litoral SP\",\"isPartOf\":{\"@id\":\"https:\\\/\\\/redenoticiaz.com.br\\\/litoralsp\\\/#website\"},\"primaryImageOfPage\":{\"@id\":\"https:\\\/\\\/redenoticiaz.com.br\\\/litoralsp\\\/2023\\\/05\\\/11\\\/corinthians-nao-ve-a-cor-da-bola-e-leva-passeio-do-botafogo#primaryimage\"},\"image\":{\"@id\":\"https:\\\/\\\/redenoticiaz.com.br\\\/litoralsp\\\/2023\\\/05\\\/11\\\/corinthians-nao-ve-a-cor-da-bola-e-leva-passeio-do-botafogo#primaryimage\"},\"thumbnailUrl\":\"https:\\\/\\\/redenoticiaz.com.br\\\/litoralsp\\\/wp-content\\\/uploads\\\/sites\\\/3\\\/2023\\\/05\\\/BOTXCOR23.jpg?v=1683855114\",\"datePublished\":\"2023-05-12T01:33:54+00:00\",\"description\":\"O Corinthians nem viu a cor da bola no Nilton Santos, Rio de Janeiro. Nesta quinta-feira (11), no fechamento da quinta rodada d\",\"inLanguage\":\"pt-BR\",\"potentialAction\":[{\"@type\":\"ReadAction\",\"target\":[\"https:\\\/\\\/redenoticiaz.com.br\\\/litoralsp\\\/2023\\\/05\\\/11\\\/corinthians-nao-ve-a-cor-da-bola-e-leva-passeio-do-botafogo\"]}]},{\"@type\":\"ImageObject\",\"inLanguage\":\"pt-BR\",\"@id\":\"https:\\\/\\\/redenoticiaz.com.br\\\/litoralsp\\\/2023\\\/05\\\/11\\\/corinthians-nao-ve-a-cor-da-bola-e-leva-passeio-do-botafogo#primaryimage\",\"url\":\"https:\\\/\\\/redenoticiaz.com.br\\\/litoralsp\\\/wp-content\\\/uploads\\\/sites\\\/3\\\/2023\\\/05\\\/BOTXCOR23.jpg?v=1683855114\",\"contentUrl\":\"https:\\\/\\\/redenoticiaz.com.br\\\/litoralsp\\\/wp-content\\\/uploads\\\/sites\\\/3\\\/2023\\\/05\\\/BOTXCOR23.jpg?v=1683855114\",\"width\":579,\"height\":328,\"caption\":\"Cr\u00e9ditos: Reprodu\u00e7\u00e3o\\\/GE\"},{\"@type\":\"WebSite\",\"@id\":\"https:\\\/\\\/redenoticiaz.com.br\\\/litoralsp\\\/#website\",\"url\":\"https:\\\/\\\/redenoticiaz.com.br\\\/litoralsp\\\/\",\"name\":\"Litoral SP\",\"description\":\"Rede NoticiaZ\",\"publisher\":{\"@id\":\"https:\\\/\\\/redenoticiaz.com.br\\\/litoralsp\\\/#organization\"},\"potentialAction\":[{\"@type\":\"SearchAction\",\"target\":{\"@type\":\"EntryPoint\",\"urlTemplate\":\"https:\\\/\\\/redenoticiaz.com.br\\\/litoralsp\\\/?s={search_term_string}\"},\"query-input\":{\"@type\":\"PropertyValueSpecification\",\"valueRequired\":true,\"valueName\":\"search_term_string\"}}],\"inLanguage\":\"pt-BR\"},{\"@type\":\"Organization\",\"@id\":\"https:\\\/\\\/redenoticiaz.com.br\\\/litoralsp\\\/#organization\",\"name\":\"Litoral SP\",\"url\":\"https:\\\/\\\/redenoticiaz.com.br\\\/litoralsp\\\/\",\"logo\":{\"@type\":\"ImageObject\",\"inLanguage\":\"pt-BR\",\"@id\":\"https:\\\/\\\/redenoticiaz.com.br\\\/litoralsp\\\/#\\\/schema\\\/logo\\\/image\\\/\",\"url\":\"https:\\\/\\\/redenoticiaz.com.br\\\/litoralsp\\\/wp-content\\\/uploads\\\/sites\\\/3\\\/2020\\\/11\\\/logo.jpg\",\"contentUrl\":\"https:\\\/\\\/redenoticiaz.com.br\\\/litoralsp\\\/wp-content\\\/uploads\\\/sites\\\/3\\\/2020\\\/11\\\/logo.jpg\",\"width\":400,\"height\":250,\"caption\":\"Litoral SP\"},\"image\":{\"@id\":\"https:\\\/\\\/redenoticiaz.com.br\\\/litoralsp\\\/#\\\/schema\\\/logo\\\/image\\\/\"}},{\"@type\":\"Person\",\"@id\":\"https:\\\/\\\/redenoticiaz.com.br\\\/litoralsp\\\/#\\\/schema\\\/person\\\/0f0b8a5bdafefe82841e07ae8d81ecb3\",\"name\":\"Leonardo Francisco\",\"image\":{\"@type\":\"ImageObject\",\"inLanguage\":\"pt-BR\",\"@id\":\"https:\\\/\\\/secure.gravatar.com\\\/avatar\\\/a7358cb406a99b682ec6df1e77e31ae82e63601f6784e8a3df411d72b37864da?s=96&d=mm&r=g\",\"url\":\"https:\\\/\\\/secure.gravatar.com\\\/avatar\\\/a7358cb406a99b682ec6df1e77e31ae82e63601f6784e8a3df411d72b37864da?s=96&d=mm&r=g\",\"contentUrl\":\"https:\\\/\\\/secure.gravatar.com\\\/avatar\\\/a7358cb406a99b682ec6df1e77e31ae82e63601f6784e8a3df411d72b37864da?s=96&d=mm&r=g\",\"caption\":\"Leonardo Francisco\"},\"url\":\"https:\\\/\\\/redenoticiaz.com.br\\\/litoralsp\\\/author\\\/leonardo-francisco\"}]}<\/script>\n<!-- \/ Yoast SEO plugin. -->","yoast_head_json":{"title":"Corinthians n\u00e3o v\u00ea a cor da bola e leva &#8216;passeio&#8217; do Botafogo - Litoral SP","description":"O Corinthians nem viu a cor da bola no Nilton Santos, Rio de Janeiro. Nesta quinta-feira (11), no fechamento da quinta rodada d","robots":{"index":"index","follow":"follow","max-snippet":"max-snippet:-1","max-image-preview":"max-image-preview:large","max-video-preview":"max-video-preview:-1"},"canonical":"https:\/\/redenoticiaz.com.br\/litoralsp\/2023\/05\/11\/corinthians-nao-ve-a-cor-da-bola-e-leva-passeio-do-botafogo","og_locale":"pt_BR","og_type":"article","og_title":"Corinthians n\u00e3o v\u00ea a cor da bola e leva &#8216;passeio&#8217; do Botafogo - Litoral SP","og_description":"O Corinthians nem viu a cor da bola no Nilton Santos, Rio de Janeiro. Nesta quinta-feira (11), no fechamento da quinta rodada d","og_url":"https:\/\/redenoticiaz.com.br\/litoralsp\/2023\/05\/11\/corinthians-nao-ve-a-cor-da-bola-e-leva-passeio-do-botafogo","og_site_name":"Litoral SP","article_published_time":"2023-05-12T01:33:54+00:00","og_image":[{"width":990,"height":619,"url":"https:\/\/redenoticiaz.com.br\/litoralsp\/wp-content\/uploads\/sites\/3\/2023\/07\/sinead-oconnor-instagram-2607_fixed_large.jpg?v=1690400022","type":"image\/jpeg"}],"author":"Leonardo Francisco","twitter_card":"summary_large_image","twitter_misc":{"Escrito por":"Leonardo Francisco","Est. tempo de leitura":"3 minutos"},"schema":{"@context":"https:\/\/schema.org","@graph":[{"@type":"Article","@id":"https:\/\/redenoticiaz.com.br\/litoralsp\/2023\/05\/11\/corinthians-nao-ve-a-cor-da-bola-e-leva-passeio-do-botafogo#article","isPartOf":{"@id":"https:\/\/redenoticiaz.com.br\/litoralsp\/2023\/05\/11\/corinthians-nao-ve-a-cor-da-bola-e-leva-passeio-do-botafogo"},"author":{"name":"Leonardo Francisco","@id":"https:\/\/redenoticiaz.com.br\/litoralsp\/#\/schema\/person\/0f0b8a5bdafefe82841e07ae8d81ecb3"},"headline":"Corinthians n\u00e3o v\u00ea a cor da bola e leva &#8216;passeio&#8217; do Botafogo","datePublished":"2023-05-12T01:33:54+00:00","mainEntityOfPage":{"@id":"https:\/\/redenoticiaz.com.br\/litoralsp\/2023\/05\/11\/corinthians-nao-ve-a-cor-da-bola-e-leva-passeio-do-botafogo"},"wordCount":480,"commentCount":0,"publisher":{"@id":"https:\/\/redenoticiaz.com.br\/litoralsp\/#organization"},"image":{"@id":"https:\/\/redenoticiaz.com.br\/litoralsp\/2023\/05\/11\/corinthians-nao-ve-a-cor-da-bola-e-leva-passeio-do-botafogo#primaryimage"},"thumbnailUrl":"https:\/\/redenoticiaz.com.br\/litoralsp\/wp-content\/uploads\/sites\/3\/2023\/05\/BOTXCOR23.jpg?v=1683855114","keywords":["BOTAFOGO","BRASILEIR\u00c3O 2023","CAMPEONATO BRASILEIRO","Corinthians","NILTON SANTOS","TIQUINHO SOARES"],"articleSection":["Esporte"],"inLanguage":"pt-BR","potentialAction":[{"@type":"CommentAction","name":"Comment","target":["https:\/\/redenoticiaz.com.br\/litoralsp\/2023\/05\/11\/corinthians-nao-ve-a-cor-da-bola-e-leva-passeio-do-botafogo#respond"]}]},{"@type":"WebPage","@id":"https:\/\/redenoticiaz.com.br\/litoralsp\/2023\/05\/11\/corinthians-nao-ve-a-cor-da-bola-e-leva-passeio-do-botafogo","url":"https:\/\/redenoticiaz.com.br\/litoralsp\/2023\/05\/11\/corinthians-nao-ve-a-cor-da-bola-e-leva-passeio-do-botafogo","name":"Corinthians n\u00e3o v\u00ea a cor da bola e leva &#8216;passeio&#8217; do Botafogo - Litoral SP","isPartOf":{"@id":"https:\/\/redenoticiaz.com.br\/litoralsp\/#website"},"primaryImageOfPage":{"@id":"https:\/\/redenoticiaz.com.br\/litoralsp\/2023\/05\/11\/corinthians-nao-ve-a-cor-da-bola-e-leva-passeio-do-botafogo#primaryimage"},"image":{"@id":"https:\/\/redenoticiaz.com.br\/litoralsp\/2023\/05\/11\/corinthians-nao-ve-a-cor-da-bola-e-leva-passeio-do-botafogo#primaryimage"},"thumbnailUrl":"https:\/\/redenoticiaz.com.br\/litoralsp\/wp-content\/uploads\/sites\/3\/2023\/05\/BOTXCOR23.jpg?v=1683855114","datePublished":"2023-05-12T01:33:54+00:00","description":"O Corinthians nem viu a cor da bola no Nilton Santos, Rio de Janeiro. Nesta quinta-feira (11), no fechamento da quinta rodada d","inLanguage":"pt-BR","potentialAction":[{"@type":"ReadAction","target":["https:\/\/redenoticiaz.com.br\/litoralsp\/2023\/05\/11\/corinthians-nao-ve-a-cor-da-bola-e-leva-passeio-do-botafogo"]}]},{"@type":"ImageObject","inLanguage":"pt-BR","@id":"https:\/\/redenoticiaz.com.br\/litoralsp\/2023\/05\/11\/corinthians-nao-ve-a-cor-da-bola-e-leva-passeio-do-botafogo#primaryimage","url":"https:\/\/redenoticiaz.com.br\/litoralsp\/wp-content\/uploads\/sites\/3\/2023\/05\/BOTXCOR23.jpg?v=1683855114","contentUrl":"https:\/\/redenoticiaz.com.br\/litoralsp\/wp-content\/uploads\/sites\/3\/2023\/05\/BOTXCOR23.jpg?v=1683855114","width":579,"height":328,"caption":"Cr\u00e9ditos: Reprodu\u00e7\u00e3o\/GE"},{"@type":"WebSite","@id":"https:\/\/redenoticiaz.com.br\/litoralsp\/#website","url":"https:\/\/redenoticiaz.com.br\/litoralsp\/","name":"Litoral SP","description":"Rede NoticiaZ","publisher":{"@id":"https:\/\/redenoticiaz.com.br\/litoralsp\/#organization"},"potentialAction":[{"@type":"SearchAction","target":{"@type":"EntryPoint","urlTemplate":"https:\/\/redenoticiaz.com.br\/litoralsp\/?s={search_term_string}"},"query-input":{"@type":"PropertyValueSpecification","valueRequired":true,"valueName":"search_term_string"}}],"inLanguage":"pt-BR"},{"@type":"Organization","@id":"https:\/\/redenoticiaz.com.br\/litoralsp\/#organization","name":"Litoral SP","url":"https:\/\/redenoticiaz.com.br\/litoralsp\/","logo":{"@type":"ImageObject","inLanguage":"pt-BR","@id":"https:\/\/redenoticiaz.com.br\/litoralsp\/#\/schema\/logo\/image\/","url":"https:\/\/redenoticiaz.com.br\/litoralsp\/wp-content\/uploads\/sites\/3\/2020\/11\/logo.jpg","contentUrl":"https:\/\/redenoticiaz.com.br\/litoralsp\/wp-content\/uploads\/sites\/3\/2020\/11\/logo.jpg","width":400,"height":250,"caption":"Litoral SP"},"image":{"@id":"https:\/\/redenoticiaz.com.br\/litoralsp\/#\/schema\/logo\/image\/"}},{"@type":"Person","@id":"https:\/\/redenoticiaz.com.br\/litoralsp\/#\/schema\/person\/0f0b8a5bdafefe82841e07ae8d81ecb3","name":"Leonardo Francisco","image":{"@type":"ImageObject","inLanguage":"pt-BR","@id":"https:\/\/secure.gravatar.com\/avatar\/a7358cb406a99b682ec6df1e77e31ae82e63601f6784e8a3df411d72b37864da?s=96&d=mm&r=g","url":"https:\/\/secure.gravatar.com\/avatar\/a7358cb406a99b682ec6df1e77e31ae82e63601f6784e8a3df411d72b37864da?s=96&d=mm&r=g","contentUrl":"https:\/\/secure.gravatar.com\/avatar\/a7358cb406a99b682ec6df1e77e31ae82e63601f6784e8a3df411d72b37864da?s=96&d=mm&r=g","caption":"Leonardo Francisco"},"url":"https:\/\/redenoticiaz.com.br\/litoralsp\/author\/leonardo-francisco"}]}},"_links":{"self":[{"href":"https:\/\/redenoticiaz.com.br\/litoralsp\/wp-json\/wp\/v2\/posts\/105579","targetHints":{"allow":["GET"]}}],"collection":[{"href":"https:\/\/redenoticiaz.com.br\/litoralsp\/wp-json\/wp\/v2\/posts"}],"about":[{"href":"https:\/\/redenoticiaz.com.br\/litoralsp\/wp-json\/wp\/v2\/types\/post"}],"author":[{"embeddable":true,"href":"https:\/\/redenoticiaz.com.br\/litoralsp\/wp-json\/wp\/v2\/users\/6"}],"replies":[{"embeddable":true,"href":"https:\/\/redenoticiaz.com.br\/litoralsp\/wp-json\/wp\/v2\/comments?post=105579"}],"version-history":[{"count":1,"href":"https:\/\/redenoticiaz.com.br\/litoralsp\/wp-json\/wp\/v2\/posts\/105579\/revisions"}],"predecessor-version":[{"id":105581,"href":"https:\/\/redenoticiaz.com.br\/litoralsp\/wp-json\/wp\/v2\/posts\/105579\/revisions\/105581"}],"wp:featuredmedia":[{"embeddable":true,"href":"https:\/\/redenoticiaz.com.br\/litoralsp\/wp-json\/wp\/v2\/media\/105580"}],"wp:attachment":[{"href":"https:\/\/redenoticiaz.com.br\/litoralsp\/wp-json\/wp\/v2\/media?parent=105579"}],"wp:term":[{"taxonomy":"category","embeddable":true,"href":"https:\/\/redenoticiaz.com.br\/litoralsp\/wp-json\/wp\/v2\/categories?post=105579"},{"taxonomy":"post_tag","embeddable":true,"href":"https:\/\/redenoticiaz.com.br\/litoralsp\/wp-json\/wp\/v2\/tags?post=105579"}],"curies":[{"name":"wp","href":"https:\/\/api.w.org\/{rel}","templated":true}]}}