{"id":105591,"date":"2023-05-12T09:06:54","date_gmt":"2023-05-12T12:06:54","guid":{"rendered":"https:\/\/redenoticiaz.com.br\/litoralsp\/?p=105591"},"modified":"2023-05-12T09:06:54","modified_gmt":"2023-05-12T12:06:54","slug":"irmas-desaparecem-em-caraguatatuba-apos-deixarem-uma-carta","status":"publish","type":"post","link":"https:\/\/redenoticiaz.com.br\/litoralsp\/2023\/05\/12\/irmas-desaparecem-em-caraguatatuba-apos-deixarem-uma-carta","title":{"rendered":"Irm\u00e3s desaparecem em Caraguatatuba ap\u00f3s deixarem uma carta"},"content":{"rendered":"<p><strong>Duas irm\u00e3s est\u00e3o desaparecidas<\/strong> desde o \u00faltimo dia 2 de maio, em Caraguatatuba. Pais e familiares est\u00e3o aflitos para tentar saber o paradeiro delas e segundo o boletim de ocorr\u00eancia, antes de sa\u00edrem, elas deixaram uma carta aos pais.\u00a0 A Pol\u00edcia Civil est\u00e1 fazendo as buscas e investiga o caso.<\/p>\n<div id=\"chunk-fe7ri\">\n<div class=\"mc-column content-text active-extra-styles \" data-block-type=\"unstyled\" data-block-weight=\"46\" data-block-id=\"5\">\n<p class=\"content-text__container \" data-track-category=\"Link no Texto\" data-track-links=\"\">Segundo a fam\u00edlia, Daniele Moreno de Lima, de 22 anos e Poliana Moreno de Lima, de 19 anos, s\u00e3o jovens trabalhadoras, caseiras e apegadas com a fam\u00edlia. Elas trabalham junto com os pais em uma loja de m\u00f3veis, no bairro Massagua\u00e7\u00fa, mesmo bairro onde residem.<\/p>\n<\/div>\n<\/div>\n<div id=\"chunk-buevb\">\n<div class=\"mc-column content-text active-extra-styles \" data-block-type=\"unstyled\" data-block-weight=\"52\" data-block-id=\"6\">\n<p class=\"content-text__container \" data-track-category=\"Link no Texto\" data-track-links=\"\">\u201cAs duas j\u00e1 terminaram os estudos, s\u00e3o apegadas com a fam\u00edlia, trabalhavam na loja conosco nos ajudando. Elas nunca foram meninas de ir pra festa, beber, n\u00e3o tinham namorados. Sempre foram caseiras! Nunca fizeram nada assim, n\u00e3o t\u00eam motivo para ter desaparecido\u201d, contou o pai das jovens, Anderson Soares de Lima.<\/p>\n<div id=\"chunk-fe7ri\">\n<div class=\"mc-column content-text active-extra-styles \" data-block-type=\"unstyled\" data-block-weight=\"46\" data-block-id=\"5\">\n<p class=\"content-text__container \" data-track-category=\"Link no Texto\" data-track-links=\"\">Segundo a fam\u00edlia, Daniele Moreno de Lima, de 22 anos e Poliana Moreno de Lima, de 19 anos, s\u00e3o jovens trabalhadoras, caseiras e apegadas com a fam\u00edlia. Elas trabalham junto com os pais em uma loja de m\u00f3veis, no bairro Massagua\u00e7\u00fa, mesmo bairro onde residem.<\/p>\n<\/div>\n<\/div>\n<div id=\"chunk-buevb\">\n<div class=\"mc-column content-text active-extra-styles \" data-block-type=\"unstyled\" data-block-weight=\"52\" data-block-id=\"6\">\n<p class=\"content-text__container \" data-track-category=\"Link no Texto\" data-track-links=\"\">\u201cAs duas j\u00e1 terminaram os estudos, s\u00e3o apegadas com a fam\u00edlia, trabalhavam na loja conosco nos ajudando. Elas nunca foram meninas de ir pra festa, beber, n\u00e3o tinham namorados. Sempre foram caseiras! Nunca fizeram nada assim, n\u00e3o t\u00eam motivo para ter desaparecido\u201d, contou o pai das jovens, Anderson Soares de Lima.<\/p>\n<blockquote>\n<p data-track-category=\"Link no Texto\" data-track-links=\"\">Na carta, as jovens dizem: &#8220;Pai, m\u00e3e, perdoa eu, por favor. Me perdoa por tudo. Perd\u00e3o por dar esse desgosto para voc\u00eas, perd\u00e3o por ser uma covarde e sair&#8221;.<\/p>\n<\/blockquote>\n<p data-track-category=\"Link no Texto\" data-track-links=\"\">A fam\u00edlia registrou boletim de ocorr\u00eancia e o caso est\u00e1 sendo investigado pela Delegacia de Investiga\u00e7\u00f5es Gerais (DIG) de S\u00e3o Sebasti\u00e3o. Segundo a fam\u00edlia, imagens de c\u00e2meras de seguran\u00e7a est\u00e3o em posse da pol\u00edcia e mostram um homem em atitude suspeita junto \u00e0s jovens. Os celulares das irm\u00e3s tamb\u00e9m foram entregues para a pol\u00edcia.<\/p>\n<p data-track-category=\"Link no Texto\" data-track-links=\"\">Por meio de nota, a Pol\u00edcia Civil informou que assim que tomou conhecimento da ocorr\u00eancia registrada eletronicamente, de imediato iniciou as dilig\u00eancias cab\u00edveis para a localiza\u00e7\u00e3o das desaparecidas.<\/p>\n<p data-track-category=\"Link no Texto\" data-track-links=\"\"><strong>LEIA TAMB\u00c9M<\/strong><\/p>\n<p data-track-category=\"Link no Texto\" data-track-links=\"\"><a href=\"https:\/\/redenoticiaz.com.br\/litoralsp\/2023\/05\/11\/video-jovem-e-esfaqueada-em-frente-de-escola-na-praia-grande\">V\u00cdDEO \u2013 Jovem \u00e9 esfaqueada em frente de escola na Praia Grande<\/a><\/p>\n<\/div>\n<\/div>\n<\/div>\n<\/div>\n","protected":false},"excerpt":{"rendered":"<p>Duas irm\u00e3s est\u00e3o desaparecidas desde o \u00faltimo dia 2 de maio, em Caraguatatuba. Pais e familiares est\u00e3o aflitos para tentar saber o paradeiro delas e segundo o boletim de ocorr\u00eancia, antes de sa\u00edrem, elas deixaram uma carta aos pais.\u00a0 A Pol\u00edcia Civil est\u00e1 fazendo as buscas e investiga o caso. Segundo a fam\u00edlia, Daniele Moreno &hellip;<\/p>\n","protected":false},"author":6,"featured_media":105592,"comment_status":"open","ping_status":"closed","sticky":false,"template":"","format":"standard","meta":{"footnotes":""},"categories":[2881,10],"tags":[2742,65124,65125,4773],"class_list":["post-105591","post","type-post","status-publish","format-standard","has-post-thumbnail","hentry","category-caraguatatuba","category-policia","tag-caraguatatuba","tag-irmas-desaparecidas","tag-massaguacu","tag-policia-civil-2"],"yoast_head":"<!-- This site is optimized with the Yoast SEO plugin v27.4 - https:\/\/yoast.com\/product\/yoast-seo-wordpress\/ -->\n<title>Irm\u00e3s desaparecem em Caraguatatuba ap\u00f3s deixarem uma carta - Litoral SP<\/title>\n<meta name=\"description\" content=\"Duas irm\u00e3s est\u00e3o desaparecidas desde o \u00faltimo dia 2 de maio, em Caraguatatuba. Pais e familiares est\u00e3o aflitos para tentar saber\" \/>\n<meta name=\"robots\" content=\"index, follow, max-snippet:-1, max-image-preview:large, max-video-preview:-1\" \/>\n<link rel=\"canonical\" href=\"https:\/\/redenoticiaz.com.br\/litoralsp\/2023\/05\/12\/irmas-desaparecem-em-caraguatatuba-apos-deixarem-uma-carta\" \/>\n<meta property=\"og:locale\" content=\"pt_BR\" \/>\n<meta property=\"og:type\" content=\"article\" \/>\n<meta property=\"og:title\" content=\"Irm\u00e3s desaparecem em Caraguatatuba ap\u00f3s deixarem uma carta - Litoral SP\" \/>\n<meta property=\"og:description\" content=\"Duas irm\u00e3s est\u00e3o desaparecidas desde o \u00faltimo dia 2 de maio, em Caraguatatuba. Pais e familiares est\u00e3o aflitos para tentar saber\" \/>\n<meta property=\"og:url\" content=\"https:\/\/redenoticiaz.com.br\/litoralsp\/2023\/05\/12\/irmas-desaparecem-em-caraguatatuba-apos-deixarem-uma-carta\" \/>\n<meta property=\"og:site_name\" content=\"Litoral SP\" \/>\n<meta property=\"article:published_time\" content=\"2023-05-12T12:06:54+00:00\" \/>\n<meta property=\"og:image\" content=\"https:\/\/redenoticiaz.com.br\/litoralsp\/wp-content\/uploads\/sites\/3\/2023\/05\/IRMAS-SUMIDAS.jpg\" \/>\n\t<meta property=\"og:image:width\" content=\"556\" \/>\n\t<meta property=\"og:image:height\" content=\"372\" \/>\n\t<meta property=\"og:image:type\" content=\"image\/jpeg\" \/>\n<meta name=\"author\" content=\"Leonardo Francisco\" \/>\n<meta name=\"twitter:card\" content=\"summary_large_image\" \/>\n<meta name=\"twitter:label1\" content=\"Escrito por\" \/>\n\t<meta name=\"twitter:data1\" content=\"Leonardo Francisco\" \/>\n\t<meta name=\"twitter:label2\" content=\"Est. tempo de leitura\" \/>\n\t<meta name=\"twitter:data2\" content=\"3 minutos\" \/>\n<script type=\"application\/ld+json\" class=\"yoast-schema-graph\">{\"@context\":\"https:\\\/\\\/schema.org\",\"@graph\":[{\"@type\":\"Article\",\"@id\":\"https:\\\/\\\/redenoticiaz.com.br\\\/litoralsp\\\/2023\\\/05\\\/12\\\/irmas-desaparecem-em-caraguatatuba-apos-deixarem-uma-carta#article\",\"isPartOf\":{\"@id\":\"https:\\\/\\\/redenoticiaz.com.br\\\/litoralsp\\\/2023\\\/05\\\/12\\\/irmas-desaparecem-em-caraguatatuba-apos-deixarem-uma-carta\"},\"author\":{\"name\":\"Leonardo Francisco\",\"@id\":\"https:\\\/\\\/redenoticiaz.com.br\\\/litoralsp\\\/#\\\/schema\\\/person\\\/0f0b8a5bdafefe82841e07ae8d81ecb3\"},\"headline\":\"Irm\u00e3s desaparecem em Caraguatatuba ap\u00f3s deixarem uma carta\",\"datePublished\":\"2023-05-12T12:06:54+00:00\",\"mainEntityOfPage\":{\"@id\":\"https:\\\/\\\/redenoticiaz.com.br\\\/litoralsp\\\/2023\\\/05\\\/12\\\/irmas-desaparecem-em-caraguatatuba-apos-deixarem-uma-carta\"},\"wordCount\":418,\"commentCount\":0,\"publisher\":{\"@id\":\"https:\\\/\\\/redenoticiaz.com.br\\\/litoralsp\\\/#organization\"},\"image\":{\"@id\":\"https:\\\/\\\/redenoticiaz.com.br\\\/litoralsp\\\/2023\\\/05\\\/12\\\/irmas-desaparecem-em-caraguatatuba-apos-deixarem-uma-carta#primaryimage\"},\"thumbnailUrl\":\"https:\\\/\\\/redenoticiaz.com.br\\\/litoralsp\\\/wp-content\\\/uploads\\\/sites\\\/3\\\/2023\\\/05\\\/IRMAS-SUMIDAS.jpg\",\"keywords\":[\"CARAGUATATUBA\",\"IRM\u00c3S DESAPARECIDAS\",\"MASSAGUA\u00c7U\",\"POL\u00cdCIA CIVIL\"],\"articleSection\":[\"Caraguatatuba\",\"Pol\u00edcia\"],\"inLanguage\":\"pt-BR\",\"potentialAction\":[{\"@type\":\"CommentAction\",\"name\":\"Comment\",\"target\":[\"https:\\\/\\\/redenoticiaz.com.br\\\/litoralsp\\\/2023\\\/05\\\/12\\\/irmas-desaparecem-em-caraguatatuba-apos-deixarem-uma-carta#respond\"]}]},{\"@type\":\"WebPage\",\"@id\":\"https:\\\/\\\/redenoticiaz.com.br\\\/litoralsp\\\/2023\\\/05\\\/12\\\/irmas-desaparecem-em-caraguatatuba-apos-deixarem-uma-carta\",\"url\":\"https:\\\/\\\/redenoticiaz.com.br\\\/litoralsp\\\/2023\\\/05\\\/12\\\/irmas-desaparecem-em-caraguatatuba-apos-deixarem-uma-carta\",\"name\":\"Irm\u00e3s desaparecem em Caraguatatuba ap\u00f3s deixarem uma carta - Litoral SP\",\"isPartOf\":{\"@id\":\"https:\\\/\\\/redenoticiaz.com.br\\\/litoralsp\\\/#website\"},\"primaryImageOfPage\":{\"@id\":\"https:\\\/\\\/redenoticiaz.com.br\\\/litoralsp\\\/2023\\\/05\\\/12\\\/irmas-desaparecem-em-caraguatatuba-apos-deixarem-uma-carta#primaryimage\"},\"image\":{\"@id\":\"https:\\\/\\\/redenoticiaz.com.br\\\/litoralsp\\\/2023\\\/05\\\/12\\\/irmas-desaparecem-em-caraguatatuba-apos-deixarem-uma-carta#primaryimage\"},\"thumbnailUrl\":\"https:\\\/\\\/redenoticiaz.com.br\\\/litoralsp\\\/wp-content\\\/uploads\\\/sites\\\/3\\\/2023\\\/05\\\/IRMAS-SUMIDAS.jpg\",\"datePublished\":\"2023-05-12T12:06:54+00:00\",\"description\":\"Duas irm\u00e3s est\u00e3o desaparecidas desde o \u00faltimo dia 2 de maio, em Caraguatatuba. Pais e familiares est\u00e3o aflitos para tentar saber\",\"inLanguage\":\"pt-BR\",\"potentialAction\":[{\"@type\":\"ReadAction\",\"target\":[\"https:\\\/\\\/redenoticiaz.com.br\\\/litoralsp\\\/2023\\\/05\\\/12\\\/irmas-desaparecem-em-caraguatatuba-apos-deixarem-uma-carta\"]}]},{\"@type\":\"ImageObject\",\"inLanguage\":\"pt-BR\",\"@id\":\"https:\\\/\\\/redenoticiaz.com.br\\\/litoralsp\\\/2023\\\/05\\\/12\\\/irmas-desaparecem-em-caraguatatuba-apos-deixarem-uma-carta#primaryimage\",\"url\":\"https:\\\/\\\/redenoticiaz.com.br\\\/litoralsp\\\/wp-content\\\/uploads\\\/sites\\\/3\\\/2023\\\/05\\\/IRMAS-SUMIDAS.jpg\",\"contentUrl\":\"https:\\\/\\\/redenoticiaz.com.br\\\/litoralsp\\\/wp-content\\\/uploads\\\/sites\\\/3\\\/2023\\\/05\\\/IRMAS-SUMIDAS.jpg\",\"width\":556,\"height\":372,\"caption\":\"Cr\u00e9ditos: Reprodu\u00e7\u00e3o\\\/Redes Sociais\"},{\"@type\":\"WebSite\",\"@id\":\"https:\\\/\\\/redenoticiaz.com.br\\\/litoralsp\\\/#website\",\"url\":\"https:\\\/\\\/redenoticiaz.com.br\\\/litoralsp\\\/\",\"name\":\"Litoral SP\",\"description\":\"Rede NoticiaZ\",\"publisher\":{\"@id\":\"https:\\\/\\\/redenoticiaz.com.br\\\/litoralsp\\\/#organization\"},\"potentialAction\":[{\"@type\":\"SearchAction\",\"target\":{\"@type\":\"EntryPoint\",\"urlTemplate\":\"https:\\\/\\\/redenoticiaz.com.br\\\/litoralsp\\\/?s={search_term_string}\"},\"query-input\":{\"@type\":\"PropertyValueSpecification\",\"valueRequired\":true,\"valueName\":\"search_term_string\"}}],\"inLanguage\":\"pt-BR\"},{\"@type\":\"Organization\",\"@id\":\"https:\\\/\\\/redenoticiaz.com.br\\\/litoralsp\\\/#organization\",\"name\":\"Litoral SP\",\"url\":\"https:\\\/\\\/redenoticiaz.com.br\\\/litoralsp\\\/\",\"logo\":{\"@type\":\"ImageObject\",\"inLanguage\":\"pt-BR\",\"@id\":\"https:\\\/\\\/redenoticiaz.com.br\\\/litoralsp\\\/#\\\/schema\\\/logo\\\/image\\\/\",\"url\":\"https:\\\/\\\/redenoticiaz.com.br\\\/litoralsp\\\/wp-content\\\/uploads\\\/sites\\\/3\\\/2020\\\/11\\\/logo.jpg\",\"contentUrl\":\"https:\\\/\\\/redenoticiaz.com.br\\\/litoralsp\\\/wp-content\\\/uploads\\\/sites\\\/3\\\/2020\\\/11\\\/logo.jpg\",\"width\":400,\"height\":250,\"caption\":\"Litoral SP\"},\"image\":{\"@id\":\"https:\\\/\\\/redenoticiaz.com.br\\\/litoralsp\\\/#\\\/schema\\\/logo\\\/image\\\/\"}},{\"@type\":\"Person\",\"@id\":\"https:\\\/\\\/redenoticiaz.com.br\\\/litoralsp\\\/#\\\/schema\\\/person\\\/0f0b8a5bdafefe82841e07ae8d81ecb3\",\"name\":\"Leonardo Francisco\",\"image\":{\"@type\":\"ImageObject\",\"inLanguage\":\"pt-BR\",\"@id\":\"https:\\\/\\\/secure.gravatar.com\\\/avatar\\\/a7358cb406a99b682ec6df1e77e31ae82e63601f6784e8a3df411d72b37864da?s=96&d=mm&r=g\",\"url\":\"https:\\\/\\\/secure.gravatar.com\\\/avatar\\\/a7358cb406a99b682ec6df1e77e31ae82e63601f6784e8a3df411d72b37864da?s=96&d=mm&r=g\",\"contentUrl\":\"https:\\\/\\\/secure.gravatar.com\\\/avatar\\\/a7358cb406a99b682ec6df1e77e31ae82e63601f6784e8a3df411d72b37864da?s=96&d=mm&r=g\",\"caption\":\"Leonardo Francisco\"},\"url\":\"https:\\\/\\\/redenoticiaz.com.br\\\/litoralsp\\\/author\\\/leonardo-francisco\"}]}<\/script>\n<!-- \/ Yoast SEO plugin. -->","yoast_head_json":{"title":"Irm\u00e3s desaparecem em Caraguatatuba ap\u00f3s deixarem uma carta - Litoral SP","description":"Duas irm\u00e3s est\u00e3o desaparecidas desde o \u00faltimo dia 2 de maio, em Caraguatatuba. Pais e familiares est\u00e3o aflitos para tentar saber","robots":{"index":"index","follow":"follow","max-snippet":"max-snippet:-1","max-image-preview":"max-image-preview:large","max-video-preview":"max-video-preview:-1"},"canonical":"https:\/\/redenoticiaz.com.br\/litoralsp\/2023\/05\/12\/irmas-desaparecem-em-caraguatatuba-apos-deixarem-uma-carta","og_locale":"pt_BR","og_type":"article","og_title":"Irm\u00e3s desaparecem em Caraguatatuba ap\u00f3s deixarem uma carta - Litoral SP","og_description":"Duas irm\u00e3s est\u00e3o desaparecidas desde o \u00faltimo dia 2 de maio, em Caraguatatuba. Pais e familiares est\u00e3o aflitos para tentar saber","og_url":"https:\/\/redenoticiaz.com.br\/litoralsp\/2023\/05\/12\/irmas-desaparecem-em-caraguatatuba-apos-deixarem-uma-carta","og_site_name":"Litoral SP","article_published_time":"2023-05-12T12:06:54+00:00","og_image":[{"width":556,"height":372,"url":"https:\/\/redenoticiaz.com.br\/litoralsp\/wp-content\/uploads\/sites\/3\/2023\/05\/IRMAS-SUMIDAS.jpg","type":"image\/jpeg"}],"author":"Leonardo Francisco","twitter_card":"summary_large_image","twitter_misc":{"Escrito por":"Leonardo Francisco","Est. tempo de leitura":"3 minutos"},"schema":{"@context":"https:\/\/schema.org","@graph":[{"@type":"Article","@id":"https:\/\/redenoticiaz.com.br\/litoralsp\/2023\/05\/12\/irmas-desaparecem-em-caraguatatuba-apos-deixarem-uma-carta#article","isPartOf":{"@id":"https:\/\/redenoticiaz.com.br\/litoralsp\/2023\/05\/12\/irmas-desaparecem-em-caraguatatuba-apos-deixarem-uma-carta"},"author":{"name":"Leonardo Francisco","@id":"https:\/\/redenoticiaz.com.br\/litoralsp\/#\/schema\/person\/0f0b8a5bdafefe82841e07ae8d81ecb3"},"headline":"Irm\u00e3s desaparecem em Caraguatatuba ap\u00f3s deixarem uma carta","datePublished":"2023-05-12T12:06:54+00:00","mainEntityOfPage":{"@id":"https:\/\/redenoticiaz.com.br\/litoralsp\/2023\/05\/12\/irmas-desaparecem-em-caraguatatuba-apos-deixarem-uma-carta"},"wordCount":418,"commentCount":0,"publisher":{"@id":"https:\/\/redenoticiaz.com.br\/litoralsp\/#organization"},"image":{"@id":"https:\/\/redenoticiaz.com.br\/litoralsp\/2023\/05\/12\/irmas-desaparecem-em-caraguatatuba-apos-deixarem-uma-carta#primaryimage"},"thumbnailUrl":"https:\/\/redenoticiaz.com.br\/litoralsp\/wp-content\/uploads\/sites\/3\/2023\/05\/IRMAS-SUMIDAS.jpg","keywords":["CARAGUATATUBA","IRM\u00c3S DESAPARECIDAS","MASSAGUA\u00c7U","POL\u00cdCIA CIVIL"],"articleSection":["Caraguatatuba","Pol\u00edcia"],"inLanguage":"pt-BR","potentialAction":[{"@type":"CommentAction","name":"Comment","target":["https:\/\/redenoticiaz.com.br\/litoralsp\/2023\/05\/12\/irmas-desaparecem-em-caraguatatuba-apos-deixarem-uma-carta#respond"]}]},{"@type":"WebPage","@id":"https:\/\/redenoticiaz.com.br\/litoralsp\/2023\/05\/12\/irmas-desaparecem-em-caraguatatuba-apos-deixarem-uma-carta","url":"https:\/\/redenoticiaz.com.br\/litoralsp\/2023\/05\/12\/irmas-desaparecem-em-caraguatatuba-apos-deixarem-uma-carta","name":"Irm\u00e3s desaparecem em Caraguatatuba ap\u00f3s deixarem uma carta - Litoral SP","isPartOf":{"@id":"https:\/\/redenoticiaz.com.br\/litoralsp\/#website"},"primaryImageOfPage":{"@id":"https:\/\/redenoticiaz.com.br\/litoralsp\/2023\/05\/12\/irmas-desaparecem-em-caraguatatuba-apos-deixarem-uma-carta#primaryimage"},"image":{"@id":"https:\/\/redenoticiaz.com.br\/litoralsp\/2023\/05\/12\/irmas-desaparecem-em-caraguatatuba-apos-deixarem-uma-carta#primaryimage"},"thumbnailUrl":"https:\/\/redenoticiaz.com.br\/litoralsp\/wp-content\/uploads\/sites\/3\/2023\/05\/IRMAS-SUMIDAS.jpg","datePublished":"2023-05-12T12:06:54+00:00","description":"Duas irm\u00e3s est\u00e3o desaparecidas desde o \u00faltimo dia 2 de maio, em Caraguatatuba. Pais e familiares est\u00e3o aflitos para tentar saber","inLanguage":"pt-BR","potentialAction":[{"@type":"ReadAction","target":["https:\/\/redenoticiaz.com.br\/litoralsp\/2023\/05\/12\/irmas-desaparecem-em-caraguatatuba-apos-deixarem-uma-carta"]}]},{"@type":"ImageObject","inLanguage":"pt-BR","@id":"https:\/\/redenoticiaz.com.br\/litoralsp\/2023\/05\/12\/irmas-desaparecem-em-caraguatatuba-apos-deixarem-uma-carta#primaryimage","url":"https:\/\/redenoticiaz.com.br\/litoralsp\/wp-content\/uploads\/sites\/3\/2023\/05\/IRMAS-SUMIDAS.jpg","contentUrl":"https:\/\/redenoticiaz.com.br\/litoralsp\/wp-content\/uploads\/sites\/3\/2023\/05\/IRMAS-SUMIDAS.jpg","width":556,"height":372,"caption":"Cr\u00e9ditos: Reprodu\u00e7\u00e3o\/Redes Sociais"},{"@type":"WebSite","@id":"https:\/\/redenoticiaz.com.br\/litoralsp\/#website","url":"https:\/\/redenoticiaz.com.br\/litoralsp\/","name":"Litoral SP","description":"Rede NoticiaZ","publisher":{"@id":"https:\/\/redenoticiaz.com.br\/litoralsp\/#organization"},"potentialAction":[{"@type":"SearchAction","target":{"@type":"EntryPoint","urlTemplate":"https:\/\/redenoticiaz.com.br\/litoralsp\/?s={search_term_string}"},"query-input":{"@type":"PropertyValueSpecification","valueRequired":true,"valueName":"search_term_string"}}],"inLanguage":"pt-BR"},{"@type":"Organization","@id":"https:\/\/redenoticiaz.com.br\/litoralsp\/#organization","name":"Litoral SP","url":"https:\/\/redenoticiaz.com.br\/litoralsp\/","logo":{"@type":"ImageObject","inLanguage":"pt-BR","@id":"https:\/\/redenoticiaz.com.br\/litoralsp\/#\/schema\/logo\/image\/","url":"https:\/\/redenoticiaz.com.br\/litoralsp\/wp-content\/uploads\/sites\/3\/2020\/11\/logo.jpg","contentUrl":"https:\/\/redenoticiaz.com.br\/litoralsp\/wp-content\/uploads\/sites\/3\/2020\/11\/logo.jpg","width":400,"height":250,"caption":"Litoral SP"},"image":{"@id":"https:\/\/redenoticiaz.com.br\/litoralsp\/#\/schema\/logo\/image\/"}},{"@type":"Person","@id":"https:\/\/redenoticiaz.com.br\/litoralsp\/#\/schema\/person\/0f0b8a5bdafefe82841e07ae8d81ecb3","name":"Leonardo Francisco","image":{"@type":"ImageObject","inLanguage":"pt-BR","@id":"https:\/\/secure.gravatar.com\/avatar\/a7358cb406a99b682ec6df1e77e31ae82e63601f6784e8a3df411d72b37864da?s=96&d=mm&r=g","url":"https:\/\/secure.gravatar.com\/avatar\/a7358cb406a99b682ec6df1e77e31ae82e63601f6784e8a3df411d72b37864da?s=96&d=mm&r=g","contentUrl":"https:\/\/secure.gravatar.com\/avatar\/a7358cb406a99b682ec6df1e77e31ae82e63601f6784e8a3df411d72b37864da?s=96&d=mm&r=g","caption":"Leonardo Francisco"},"url":"https:\/\/redenoticiaz.com.br\/litoralsp\/author\/leonardo-francisco"}]}},"_links":{"self":[{"href":"https:\/\/redenoticiaz.com.br\/litoralsp\/wp-json\/wp\/v2\/posts\/105591","targetHints":{"allow":["GET"]}}],"collection":[{"href":"https:\/\/redenoticiaz.com.br\/litoralsp\/wp-json\/wp\/v2\/posts"}],"about":[{"href":"https:\/\/redenoticiaz.com.br\/litoralsp\/wp-json\/wp\/v2\/types\/post"}],"author":[{"embeddable":true,"href":"https:\/\/redenoticiaz.com.br\/litoralsp\/wp-json\/wp\/v2\/users\/6"}],"replies":[{"embeddable":true,"href":"https:\/\/redenoticiaz.com.br\/litoralsp\/wp-json\/wp\/v2\/comments?post=105591"}],"version-history":[{"count":2,"href":"https:\/\/redenoticiaz.com.br\/litoralsp\/wp-json\/wp\/v2\/posts\/105591\/revisions"}],"predecessor-version":[{"id":105594,"href":"https:\/\/redenoticiaz.com.br\/litoralsp\/wp-json\/wp\/v2\/posts\/105591\/revisions\/105594"}],"wp:featuredmedia":[{"embeddable":true,"href":"https:\/\/redenoticiaz.com.br\/litoralsp\/wp-json\/wp\/v2\/media\/105592"}],"wp:attachment":[{"href":"https:\/\/redenoticiaz.com.br\/litoralsp\/wp-json\/wp\/v2\/media?parent=105591"}],"wp:term":[{"taxonomy":"category","embeddable":true,"href":"https:\/\/redenoticiaz.com.br\/litoralsp\/wp-json\/wp\/v2\/categories?post=105591"},{"taxonomy":"post_tag","embeddable":true,"href":"https:\/\/redenoticiaz.com.br\/litoralsp\/wp-json\/wp\/v2\/tags?post=105591"}],"curies":[{"name":"wp","href":"https:\/\/api.w.org\/{rel}","templated":true}]}}