{"id":105598,"date":"2023-05-12T10:20:32","date_gmt":"2023-05-12T13:20:32","guid":{"rendered":"https:\/\/redenoticiaz.com.br\/litoralsp\/?p=105598"},"modified":"2023-05-12T10:20:32","modified_gmt":"2023-05-12T13:20:32","slug":"novas-regras-de-estacionamento-sao-implantadas-em-avenidas-de-guaruja","status":"publish","type":"post","link":"https:\/\/redenoticiaz.com.br\/litoralsp\/2023\/05\/12\/novas-regras-de-estacionamento-sao-implantadas-em-avenidas-de-guaruja","title":{"rendered":"Novas regras de estacionamento s\u00e3o implantadas em avenidas de Guaruj\u00e1"},"content":{"rendered":"<div id=\"chunk-eu489\">\n<div class=\"mc-column content-text active-extra-styles \" data-block-type=\"unstyled\" data-block-weight=\"39\" data-block-id=\"3\"><\/div>\n<\/div>\n<div class=\"wall protected-content\">\n<div>\n<p>Os motoristas que circulam por algumas avenidas de Guaruj\u00e1, especialmente em Vicente de Carvalho, v\u00e3o precisar ficar atento a algumas mudan\u00e7as. Tudo por conta das sinaliza\u00e7\u00f5es de vagas de estacionamento que ser\u00e3o implantadas nas avenidas Thiago Ferreira e Santos Dumont. As duas vias ligam os bairros de Guaruj\u00e1 ao com\u00e9rcio do Distrito de Vicente de Carvalho.<\/p>\n<p>Segundo a Prefeitura de Guaruj\u00e1, na <strong>Avenida Thiago Ferreira<\/strong> foram implantadas placas de regulamenta\u00e7\u00e3o de hor\u00e1rio de estacionamento, no centro comercial. Agora, s\u00f3 \u00e9 permitido estacionar nas vagas em 45\u00ba, das 10h \u00e0 meia noite.<\/p>\n<p>J\u00e1 a Avenida Santos Dumont, em mar\u00e7o, passou por obras da Companhia de Saneamento B\u00e1sico do Estado de S\u00e3o Paulo (Sabesp), recebendo fresagem, recapeamento asf\u00e1ltico e nova sinaliza\u00e7\u00e3o de vagas. Desde ent\u00e3o, os comerciantes perceberam um impacto nas vendas, devido \u00e0 diminui\u00e7\u00e3o de vagas.<\/p>\n<p>Em uma reuni\u00e3o com a prefeitura, na \u00faltima semana, chegou-se ao consenso do retorno da antiga sinaliza\u00e7\u00e3o. Por isso, as vagas horizontais na avenida Santos Dumont, no trecho entre as ruas Guilherme Guinle e Dona Joana de Menezes Faro, est\u00e3o sendo substitu\u00eddas por vagas em 45\u00ba.<\/p>\n<p><strong>LEIA TAMB\u00c9M<\/strong><\/p>\n<p><a href=\"https:\/\/redenoticiaz.com.br\/litoralsp\/2023\/05\/10\/crianca-morre-atropelada-por-onibus-ao-soltar-a-mao-da-mae\">Crian\u00e7a morre atropelada por \u00f4nibus ao soltar a m\u00e3o da m\u00e3e<\/a><\/p>\n<\/div>\n<\/div>\n<div><\/div>\n<div><\/div>\n","protected":false},"excerpt":{"rendered":"<p>Os motoristas que circulam por algumas avenidas de Guaruj\u00e1, especialmente em Vicente de Carvalho, v\u00e3o precisar ficar atento a algumas mudan\u00e7as. Tudo por conta das sinaliza\u00e7\u00f5es de vagas de estacionamento que ser\u00e3o implantadas nas avenidas Thiago Ferreira e Santos Dumont. As duas vias ligam os bairros de Guaruj\u00e1 ao com\u00e9rcio do Distrito de Vicente de &hellip;<\/p>\n","protected":false},"author":6,"featured_media":105599,"comment_status":"open","ping_status":"closed","sticky":false,"template":"","format":"standard","meta":{"footnotes":""},"categories":[187,5],"tags":[24147,59709,6426,65127,62195,10878],"class_list":["post-105598","post","type-post","status-publish","format-standard","has-post-thumbnail","hentry","category-guaruja","category-transito","tag-avenida-santos-dumont","tag-avenida-thiago-ferreira","tag-guaruja-2","tag-regras-no-transito","tag-regulamentacao","tag-vicente-de-carvalho"],"yoast_head":"<!-- This site is optimized with the Yoast SEO plugin v27.5 - https:\/\/yoast.com\/product\/yoast-seo-wordpress\/ -->\n<title>Novas regras de estacionamento s\u00e3o implantadas em avenidas de Guaruj\u00e1 - Litoral SP<\/title>\n<meta name=\"description\" content=\"ficar atento a algumas mudan\u00e7as. Tudo por conta das sinaliza\u00e7\u00f5es de vagas de estacionamento que ser\u00e3o implantadas nas avenidas T\" \/>\n<meta name=\"robots\" content=\"index, follow, max-snippet:-1, max-image-preview:large, max-video-preview:-1\" \/>\n<link rel=\"canonical\" href=\"https:\/\/redenoticiaz.com.br\/litoralsp\/2023\/05\/12\/novas-regras-de-estacionamento-sao-implantadas-em-avenidas-de-guaruja\" \/>\n<meta property=\"og:locale\" content=\"pt_BR\" \/>\n<meta property=\"og:type\" content=\"article\" \/>\n<meta property=\"og:title\" content=\"Novas regras de estacionamento s\u00e3o implantadas em avenidas de Guaruj\u00e1 - Litoral SP\" \/>\n<meta property=\"og:description\" content=\"ficar atento a algumas mudan\u00e7as. Tudo por conta das sinaliza\u00e7\u00f5es de vagas de estacionamento que ser\u00e3o implantadas nas avenidas T\" \/>\n<meta property=\"og:url\" content=\"https:\/\/redenoticiaz.com.br\/litoralsp\/2023\/05\/12\/novas-regras-de-estacionamento-sao-implantadas-em-avenidas-de-guaruja\" \/>\n<meta property=\"og:site_name\" content=\"Litoral SP\" \/>\n<meta property=\"article:published_time\" content=\"2023-05-12T13:20:32+00:00\" \/>\n<meta property=\"og:image\" content=\"https:\/\/redenoticiaz.com.br\/litoralsp\/wp-content\/uploads\/sites\/3\/2023\/05\/AVENIDAS-GUARUJA.jpg\" \/>\n\t<meta property=\"og:image:width\" content=\"541\" \/>\n\t<meta property=\"og:image:height\" content=\"320\" \/>\n\t<meta property=\"og:image:type\" content=\"image\/jpeg\" \/>\n<meta name=\"author\" content=\"Leonardo Francisco\" \/>\n<meta name=\"twitter:card\" content=\"summary_large_image\" \/>\n<meta name=\"twitter:label1\" content=\"Escrito por\" \/>\n\t<meta name=\"twitter:data1\" content=\"Leonardo Francisco\" \/>\n\t<meta name=\"twitter:label2\" content=\"Est. tempo de leitura\" \/>\n\t<meta name=\"twitter:data2\" content=\"2 minutos\" \/>\n<script type=\"application\/ld+json\" class=\"yoast-schema-graph\">{\"@context\":\"https:\\\/\\\/schema.org\",\"@graph\":[{\"@type\":\"Article\",\"@id\":\"https:\\\/\\\/redenoticiaz.com.br\\\/litoralsp\\\/2023\\\/05\\\/12\\\/novas-regras-de-estacionamento-sao-implantadas-em-avenidas-de-guaruja#article\",\"isPartOf\":{\"@id\":\"https:\\\/\\\/redenoticiaz.com.br\\\/litoralsp\\\/2023\\\/05\\\/12\\\/novas-regras-de-estacionamento-sao-implantadas-em-avenidas-de-guaruja\"},\"author\":{\"name\":\"Leonardo Francisco\",\"@id\":\"https:\\\/\\\/redenoticiaz.com.br\\\/litoralsp\\\/#\\\/schema\\\/person\\\/0f0b8a5bdafefe82841e07ae8d81ecb3\"},\"headline\":\"Novas regras de estacionamento s\u00e3o implantadas em avenidas de Guaruj\u00e1\",\"datePublished\":\"2023-05-12T13:20:32+00:00\",\"mainEntityOfPage\":{\"@id\":\"https:\\\/\\\/redenoticiaz.com.br\\\/litoralsp\\\/2023\\\/05\\\/12\\\/novas-regras-de-estacionamento-sao-implantadas-em-avenidas-de-guaruja\"},\"wordCount\":222,\"commentCount\":0,\"publisher\":{\"@id\":\"https:\\\/\\\/redenoticiaz.com.br\\\/litoralsp\\\/#organization\"},\"image\":{\"@id\":\"https:\\\/\\\/redenoticiaz.com.br\\\/litoralsp\\\/2023\\\/05\\\/12\\\/novas-regras-de-estacionamento-sao-implantadas-em-avenidas-de-guaruja#primaryimage\"},\"thumbnailUrl\":\"https:\\\/\\\/redenoticiaz.com.br\\\/litoralsp\\\/wp-content\\\/uploads\\\/sites\\\/3\\\/2023\\\/05\\\/AVENIDAS-GUARUJA.jpg\",\"keywords\":[\"AVENIDA SANTOS DUMONT\",\"avenida thiago ferreira\",\"Guaruj\u00e1\",\"REGRAS NO TR\u00c2NSITO\",\"regulamenta\u00e7\u00e3o\",\"VICENTE DE CARVALHO\"],\"articleSection\":[\"Guaruj\u00e1\",\"Tr\u00e2nsito\"],\"inLanguage\":\"pt-BR\",\"potentialAction\":[{\"@type\":\"CommentAction\",\"name\":\"Comment\",\"target\":[\"https:\\\/\\\/redenoticiaz.com.br\\\/litoralsp\\\/2023\\\/05\\\/12\\\/novas-regras-de-estacionamento-sao-implantadas-em-avenidas-de-guaruja#respond\"]}]},{\"@type\":\"WebPage\",\"@id\":\"https:\\\/\\\/redenoticiaz.com.br\\\/litoralsp\\\/2023\\\/05\\\/12\\\/novas-regras-de-estacionamento-sao-implantadas-em-avenidas-de-guaruja\",\"url\":\"https:\\\/\\\/redenoticiaz.com.br\\\/litoralsp\\\/2023\\\/05\\\/12\\\/novas-regras-de-estacionamento-sao-implantadas-em-avenidas-de-guaruja\",\"name\":\"Novas regras de estacionamento s\u00e3o implantadas em avenidas de Guaruj\u00e1 - Litoral SP\",\"isPartOf\":{\"@id\":\"https:\\\/\\\/redenoticiaz.com.br\\\/litoralsp\\\/#website\"},\"primaryImageOfPage\":{\"@id\":\"https:\\\/\\\/redenoticiaz.com.br\\\/litoralsp\\\/2023\\\/05\\\/12\\\/novas-regras-de-estacionamento-sao-implantadas-em-avenidas-de-guaruja#primaryimage\"},\"image\":{\"@id\":\"https:\\\/\\\/redenoticiaz.com.br\\\/litoralsp\\\/2023\\\/05\\\/12\\\/novas-regras-de-estacionamento-sao-implantadas-em-avenidas-de-guaruja#primaryimage\"},\"thumbnailUrl\":\"https:\\\/\\\/redenoticiaz.com.br\\\/litoralsp\\\/wp-content\\\/uploads\\\/sites\\\/3\\\/2023\\\/05\\\/AVENIDAS-GUARUJA.jpg\",\"datePublished\":\"2023-05-12T13:20:32+00:00\",\"description\":\"ficar atento a algumas mudan\u00e7as. Tudo por conta das sinaliza\u00e7\u00f5es de vagas de estacionamento que ser\u00e3o implantadas nas avenidas T\",\"inLanguage\":\"pt-BR\",\"potentialAction\":[{\"@type\":\"ReadAction\",\"target\":[\"https:\\\/\\\/redenoticiaz.com.br\\\/litoralsp\\\/2023\\\/05\\\/12\\\/novas-regras-de-estacionamento-sao-implantadas-em-avenidas-de-guaruja\"]}]},{\"@type\":\"ImageObject\",\"inLanguage\":\"pt-BR\",\"@id\":\"https:\\\/\\\/redenoticiaz.com.br\\\/litoralsp\\\/2023\\\/05\\\/12\\\/novas-regras-de-estacionamento-sao-implantadas-em-avenidas-de-guaruja#primaryimage\",\"url\":\"https:\\\/\\\/redenoticiaz.com.br\\\/litoralsp\\\/wp-content\\\/uploads\\\/sites\\\/3\\\/2023\\\/05\\\/AVENIDAS-GUARUJA.jpg\",\"contentUrl\":\"https:\\\/\\\/redenoticiaz.com.br\\\/litoralsp\\\/wp-content\\\/uploads\\\/sites\\\/3\\\/2023\\\/05\\\/AVENIDAS-GUARUJA.jpg\",\"width\":541,\"height\":320,\"caption\":\"Cr\u00e9ditos: Reprodu\u00e7\u00e3o\"},{\"@type\":\"WebSite\",\"@id\":\"https:\\\/\\\/redenoticiaz.com.br\\\/litoralsp\\\/#website\",\"url\":\"https:\\\/\\\/redenoticiaz.com.br\\\/litoralsp\\\/\",\"name\":\"Litoral SP\",\"description\":\"Rede NoticiaZ\",\"publisher\":{\"@id\":\"https:\\\/\\\/redenoticiaz.com.br\\\/litoralsp\\\/#organization\"},\"potentialAction\":[{\"@type\":\"SearchAction\",\"target\":{\"@type\":\"EntryPoint\",\"urlTemplate\":\"https:\\\/\\\/redenoticiaz.com.br\\\/litoralsp\\\/?s={search_term_string}\"},\"query-input\":{\"@type\":\"PropertyValueSpecification\",\"valueRequired\":true,\"valueName\":\"search_term_string\"}}],\"inLanguage\":\"pt-BR\"},{\"@type\":\"Organization\",\"@id\":\"https:\\\/\\\/redenoticiaz.com.br\\\/litoralsp\\\/#organization\",\"name\":\"Litoral SP\",\"url\":\"https:\\\/\\\/redenoticiaz.com.br\\\/litoralsp\\\/\",\"logo\":{\"@type\":\"ImageObject\",\"inLanguage\":\"pt-BR\",\"@id\":\"https:\\\/\\\/redenoticiaz.com.br\\\/litoralsp\\\/#\\\/schema\\\/logo\\\/image\\\/\",\"url\":\"https:\\\/\\\/redenoticiaz.com.br\\\/litoralsp\\\/wp-content\\\/uploads\\\/sites\\\/3\\\/2020\\\/11\\\/logo.jpg\",\"contentUrl\":\"https:\\\/\\\/redenoticiaz.com.br\\\/litoralsp\\\/wp-content\\\/uploads\\\/sites\\\/3\\\/2020\\\/11\\\/logo.jpg\",\"width\":400,\"height\":250,\"caption\":\"Litoral SP\"},\"image\":{\"@id\":\"https:\\\/\\\/redenoticiaz.com.br\\\/litoralsp\\\/#\\\/schema\\\/logo\\\/image\\\/\"}},{\"@type\":\"Person\",\"@id\":\"https:\\\/\\\/redenoticiaz.com.br\\\/litoralsp\\\/#\\\/schema\\\/person\\\/0f0b8a5bdafefe82841e07ae8d81ecb3\",\"name\":\"Leonardo Francisco\",\"image\":{\"@type\":\"ImageObject\",\"inLanguage\":\"pt-BR\",\"@id\":\"https:\\\/\\\/secure.gravatar.com\\\/avatar\\\/a7358cb406a99b682ec6df1e77e31ae82e63601f6784e8a3df411d72b37864da?s=96&d=mm&r=g\",\"url\":\"https:\\\/\\\/secure.gravatar.com\\\/avatar\\\/a7358cb406a99b682ec6df1e77e31ae82e63601f6784e8a3df411d72b37864da?s=96&d=mm&r=g\",\"contentUrl\":\"https:\\\/\\\/secure.gravatar.com\\\/avatar\\\/a7358cb406a99b682ec6df1e77e31ae82e63601f6784e8a3df411d72b37864da?s=96&d=mm&r=g\",\"caption\":\"Leonardo Francisco\"},\"url\":\"https:\\\/\\\/redenoticiaz.com.br\\\/litoralsp\\\/author\\\/leonardo-francisco\"}]}<\/script>\n<!-- \/ Yoast SEO plugin. -->","yoast_head_json":{"title":"Novas regras de estacionamento s\u00e3o implantadas em avenidas de Guaruj\u00e1 - Litoral SP","description":"ficar atento a algumas mudan\u00e7as. Tudo por conta das sinaliza\u00e7\u00f5es de vagas de estacionamento que ser\u00e3o implantadas nas avenidas T","robots":{"index":"index","follow":"follow","max-snippet":"max-snippet:-1","max-image-preview":"max-image-preview:large","max-video-preview":"max-video-preview:-1"},"canonical":"https:\/\/redenoticiaz.com.br\/litoralsp\/2023\/05\/12\/novas-regras-de-estacionamento-sao-implantadas-em-avenidas-de-guaruja","og_locale":"pt_BR","og_type":"article","og_title":"Novas regras de estacionamento s\u00e3o implantadas em avenidas de Guaruj\u00e1 - Litoral SP","og_description":"ficar atento a algumas mudan\u00e7as. Tudo por conta das sinaliza\u00e7\u00f5es de vagas de estacionamento que ser\u00e3o implantadas nas avenidas T","og_url":"https:\/\/redenoticiaz.com.br\/litoralsp\/2023\/05\/12\/novas-regras-de-estacionamento-sao-implantadas-em-avenidas-de-guaruja","og_site_name":"Litoral SP","article_published_time":"2023-05-12T13:20:32+00:00","og_image":[{"width":541,"height":320,"url":"https:\/\/redenoticiaz.com.br\/litoralsp\/wp-content\/uploads\/sites\/3\/2023\/05\/AVENIDAS-GUARUJA.jpg","type":"image\/jpeg"}],"author":"Leonardo Francisco","twitter_card":"summary_large_image","twitter_misc":{"Escrito por":"Leonardo Francisco","Est. tempo de leitura":"2 minutos"},"schema":{"@context":"https:\/\/schema.org","@graph":[{"@type":"Article","@id":"https:\/\/redenoticiaz.com.br\/litoralsp\/2023\/05\/12\/novas-regras-de-estacionamento-sao-implantadas-em-avenidas-de-guaruja#article","isPartOf":{"@id":"https:\/\/redenoticiaz.com.br\/litoralsp\/2023\/05\/12\/novas-regras-de-estacionamento-sao-implantadas-em-avenidas-de-guaruja"},"author":{"name":"Leonardo Francisco","@id":"https:\/\/redenoticiaz.com.br\/litoralsp\/#\/schema\/person\/0f0b8a5bdafefe82841e07ae8d81ecb3"},"headline":"Novas regras de estacionamento s\u00e3o implantadas em avenidas de Guaruj\u00e1","datePublished":"2023-05-12T13:20:32+00:00","mainEntityOfPage":{"@id":"https:\/\/redenoticiaz.com.br\/litoralsp\/2023\/05\/12\/novas-regras-de-estacionamento-sao-implantadas-em-avenidas-de-guaruja"},"wordCount":222,"commentCount":0,"publisher":{"@id":"https:\/\/redenoticiaz.com.br\/litoralsp\/#organization"},"image":{"@id":"https:\/\/redenoticiaz.com.br\/litoralsp\/2023\/05\/12\/novas-regras-de-estacionamento-sao-implantadas-em-avenidas-de-guaruja#primaryimage"},"thumbnailUrl":"https:\/\/redenoticiaz.com.br\/litoralsp\/wp-content\/uploads\/sites\/3\/2023\/05\/AVENIDAS-GUARUJA.jpg","keywords":["AVENIDA SANTOS DUMONT","avenida thiago ferreira","Guaruj\u00e1","REGRAS NO TR\u00c2NSITO","regulamenta\u00e7\u00e3o","VICENTE DE CARVALHO"],"articleSection":["Guaruj\u00e1","Tr\u00e2nsito"],"inLanguage":"pt-BR","potentialAction":[{"@type":"CommentAction","name":"Comment","target":["https:\/\/redenoticiaz.com.br\/litoralsp\/2023\/05\/12\/novas-regras-de-estacionamento-sao-implantadas-em-avenidas-de-guaruja#respond"]}]},{"@type":"WebPage","@id":"https:\/\/redenoticiaz.com.br\/litoralsp\/2023\/05\/12\/novas-regras-de-estacionamento-sao-implantadas-em-avenidas-de-guaruja","url":"https:\/\/redenoticiaz.com.br\/litoralsp\/2023\/05\/12\/novas-regras-de-estacionamento-sao-implantadas-em-avenidas-de-guaruja","name":"Novas regras de estacionamento s\u00e3o implantadas em avenidas de Guaruj\u00e1 - Litoral SP","isPartOf":{"@id":"https:\/\/redenoticiaz.com.br\/litoralsp\/#website"},"primaryImageOfPage":{"@id":"https:\/\/redenoticiaz.com.br\/litoralsp\/2023\/05\/12\/novas-regras-de-estacionamento-sao-implantadas-em-avenidas-de-guaruja#primaryimage"},"image":{"@id":"https:\/\/redenoticiaz.com.br\/litoralsp\/2023\/05\/12\/novas-regras-de-estacionamento-sao-implantadas-em-avenidas-de-guaruja#primaryimage"},"thumbnailUrl":"https:\/\/redenoticiaz.com.br\/litoralsp\/wp-content\/uploads\/sites\/3\/2023\/05\/AVENIDAS-GUARUJA.jpg","datePublished":"2023-05-12T13:20:32+00:00","description":"ficar atento a algumas mudan\u00e7as. Tudo por conta das sinaliza\u00e7\u00f5es de vagas de estacionamento que ser\u00e3o implantadas nas avenidas T","inLanguage":"pt-BR","potentialAction":[{"@type":"ReadAction","target":["https:\/\/redenoticiaz.com.br\/litoralsp\/2023\/05\/12\/novas-regras-de-estacionamento-sao-implantadas-em-avenidas-de-guaruja"]}]},{"@type":"ImageObject","inLanguage":"pt-BR","@id":"https:\/\/redenoticiaz.com.br\/litoralsp\/2023\/05\/12\/novas-regras-de-estacionamento-sao-implantadas-em-avenidas-de-guaruja#primaryimage","url":"https:\/\/redenoticiaz.com.br\/litoralsp\/wp-content\/uploads\/sites\/3\/2023\/05\/AVENIDAS-GUARUJA.jpg","contentUrl":"https:\/\/redenoticiaz.com.br\/litoralsp\/wp-content\/uploads\/sites\/3\/2023\/05\/AVENIDAS-GUARUJA.jpg","width":541,"height":320,"caption":"Cr\u00e9ditos: Reprodu\u00e7\u00e3o"},{"@type":"WebSite","@id":"https:\/\/redenoticiaz.com.br\/litoralsp\/#website","url":"https:\/\/redenoticiaz.com.br\/litoralsp\/","name":"Litoral SP","description":"Rede NoticiaZ","publisher":{"@id":"https:\/\/redenoticiaz.com.br\/litoralsp\/#organization"},"potentialAction":[{"@type":"SearchAction","target":{"@type":"EntryPoint","urlTemplate":"https:\/\/redenoticiaz.com.br\/litoralsp\/?s={search_term_string}"},"query-input":{"@type":"PropertyValueSpecification","valueRequired":true,"valueName":"search_term_string"}}],"inLanguage":"pt-BR"},{"@type":"Organization","@id":"https:\/\/redenoticiaz.com.br\/litoralsp\/#organization","name":"Litoral SP","url":"https:\/\/redenoticiaz.com.br\/litoralsp\/","logo":{"@type":"ImageObject","inLanguage":"pt-BR","@id":"https:\/\/redenoticiaz.com.br\/litoralsp\/#\/schema\/logo\/image\/","url":"https:\/\/redenoticiaz.com.br\/litoralsp\/wp-content\/uploads\/sites\/3\/2020\/11\/logo.jpg","contentUrl":"https:\/\/redenoticiaz.com.br\/litoralsp\/wp-content\/uploads\/sites\/3\/2020\/11\/logo.jpg","width":400,"height":250,"caption":"Litoral SP"},"image":{"@id":"https:\/\/redenoticiaz.com.br\/litoralsp\/#\/schema\/logo\/image\/"}},{"@type":"Person","@id":"https:\/\/redenoticiaz.com.br\/litoralsp\/#\/schema\/person\/0f0b8a5bdafefe82841e07ae8d81ecb3","name":"Leonardo Francisco","image":{"@type":"ImageObject","inLanguage":"pt-BR","@id":"https:\/\/secure.gravatar.com\/avatar\/a7358cb406a99b682ec6df1e77e31ae82e63601f6784e8a3df411d72b37864da?s=96&d=mm&r=g","url":"https:\/\/secure.gravatar.com\/avatar\/a7358cb406a99b682ec6df1e77e31ae82e63601f6784e8a3df411d72b37864da?s=96&d=mm&r=g","contentUrl":"https:\/\/secure.gravatar.com\/avatar\/a7358cb406a99b682ec6df1e77e31ae82e63601f6784e8a3df411d72b37864da?s=96&d=mm&r=g","caption":"Leonardo Francisco"},"url":"https:\/\/redenoticiaz.com.br\/litoralsp\/author\/leonardo-francisco"}]}},"_links":{"self":[{"href":"https:\/\/redenoticiaz.com.br\/litoralsp\/wp-json\/wp\/v2\/posts\/105598","targetHints":{"allow":["GET"]}}],"collection":[{"href":"https:\/\/redenoticiaz.com.br\/litoralsp\/wp-json\/wp\/v2\/posts"}],"about":[{"href":"https:\/\/redenoticiaz.com.br\/litoralsp\/wp-json\/wp\/v2\/types\/post"}],"author":[{"embeddable":true,"href":"https:\/\/redenoticiaz.com.br\/litoralsp\/wp-json\/wp\/v2\/users\/6"}],"replies":[{"embeddable":true,"href":"https:\/\/redenoticiaz.com.br\/litoralsp\/wp-json\/wp\/v2\/comments?post=105598"}],"version-history":[{"count":1,"href":"https:\/\/redenoticiaz.com.br\/litoralsp\/wp-json\/wp\/v2\/posts\/105598\/revisions"}],"predecessor-version":[{"id":105600,"href":"https:\/\/redenoticiaz.com.br\/litoralsp\/wp-json\/wp\/v2\/posts\/105598\/revisions\/105600"}],"wp:featuredmedia":[{"embeddable":true,"href":"https:\/\/redenoticiaz.com.br\/litoralsp\/wp-json\/wp\/v2\/media\/105599"}],"wp:attachment":[{"href":"https:\/\/redenoticiaz.com.br\/litoralsp\/wp-json\/wp\/v2\/media?parent=105598"}],"wp:term":[{"taxonomy":"category","embeddable":true,"href":"https:\/\/redenoticiaz.com.br\/litoralsp\/wp-json\/wp\/v2\/categories?post=105598"},{"taxonomy":"post_tag","embeddable":true,"href":"https:\/\/redenoticiaz.com.br\/litoralsp\/wp-json\/wp\/v2\/tags?post=105598"}],"curies":[{"name":"wp","href":"https:\/\/api.w.org\/{rel}","templated":true}]}}