{"id":105654,"date":"2023-05-14T06:00:13","date_gmt":"2023-05-14T09:00:13","guid":{"rendered":"https:\/\/redenoticiaz.com.br\/litoralsp\/?p=105654"},"modified":"2023-05-14T06:00:13","modified_gmt":"2023-05-14T09:00:13","slug":"fieis-celebram-o-fim-de-semana-das-maes-para-agradecer-nossa-senhora-de-fatima","status":"publish","type":"post","link":"https:\/\/redenoticiaz.com.br\/litoralsp\/2023\/05\/14\/fieis-celebram-o-fim-de-semana-das-maes-para-agradecer-nossa-senhora-de-fatima","title":{"rendered":"Fieis celebram o fim de semana das M\u00e3es para agradecer Nossa Senhora de F\u00e1tima"},"content":{"rendered":"<p><strong>Dia das M\u00e3es<\/strong> sendo celebrado neste domingo (14) e a mensagem que fica \u00e9 que em tempos de tamanha inseguran\u00e7a, medo e apreens\u00f5es com o futuro, que provocam ansiedade, expectativas demasiadas e busca de resultados imediatos, que as vezes geram intoler\u00e2ncia, nada melhor do que um bom colo de m\u00e3e.<\/p>\n<p>A figura da m\u00e3e n\u00e3o \u00e9 apenas dar a luz e criar. Vai muito mais al\u00e9m. M\u00e3e \u00e9 o espelho para que os filhos, nascidos e\/ou adotados, possam se ver e adotar como modelo para se tornarem pessoas com \u00e9tica, dignidade, justas, amorosas, carinhosas, alegres e de bem. Por isso o lema aos filhos \u00e9 que respeitem, zelem, cuidem e aproveitem cada instante com a m\u00e3e e n\u00e3o economizem o amor que sentem por elas.<\/p>\n<p>J\u00e1 as m\u00e3es devem exercer o papel de uma m\u00e3e. Ou seja, de estar junto o tempo todo, com as portas abertas para acolher, abra\u00e7ar, beijar, dar carinho, ouvir tudo o que o filho tem a dizer e dar o suporte e os melhores conselhos. Tudo para que a m\u00e3e realize o grande objetivo que \u00e9 ver seus filhos bem, com sa\u00fade, realizados profissionalmente e pessoalmente e sendo pessoas \u00edntegras, de car\u00e1ter, de bem e justas. Independente da religi\u00e3o que seguem.<\/p>\n<p>Um exemplo envolveu o 13 de maio. Para os crist\u00e3os, sobretudo os cat\u00f3licos \u00e9 uma data ic\u00f4nica, afinal \u00e9 quando se lembra a apari\u00e7\u00e3o de Maria para tr\u00eas pastorinhos na cidade de F\u00e1tima, Portugal. Desde ent\u00e3o h\u00e1 107 o pa\u00eds, o Brasil e o mundo celebram o <strong>dia de Nossa Senhora de F\u00e1tima<\/strong>. E neste s\u00e1bado (13), v\u00e9spera do Dia das M\u00e3es, celebrado no domingo, as ocasi\u00f5es perfeitas vieram para celebrar as duas datas.<\/p>\n<figure id=\"attachment_105655\" aria-describedby=\"caption-attachment-105655\" style=\"width: 292px\" class=\"wp-caption alignleft\"><img loading=\"lazy\" decoding=\"async\" class=\"size-medium wp-image-105655\" src=\"https:\/\/redenoticiaz.com.br\/litoralsp\/wp-content\/uploads\/sites\/3\/2023\/05\/WhatsApp-Image-2023-05-14-at-00.38.13-292x220.jpeg\" alt=\"\" width=\"292\" height=\"220\" \/><figcaption id=\"caption-attachment-105655\" class=\"wp-caption-text\">Cr\u00e9ditos: Leonardo Francisco<\/figcaption><\/figure>\n<p>As cenas de devo\u00e7\u00e3o, agradecimentos e pedidos pelas m\u00e3es, que sigam sendo a luz, inspira\u00e7\u00e3o e guia na vida dos filhos e filhas foi o que mais chamou a aten\u00e7\u00e3o nas mais variadas par\u00f3quias. Em Santos, Litoral de S\u00e3o Paulo, n\u00e3o foi diferente. Na Igreja Nossa Senhora de F\u00e1tima, localizada na avenida que leva o mesmo nome e que j\u00e1 foi a principal par\u00f3quia da Zona Noroeste, o clima era de emo\u00e7\u00e3o e alegria pura dos fieis e dos padres que participaram.<\/p>\n<p>Padre Cl\u00e1udio da Concei\u00e7\u00e3o, p\u00e1roco respons\u00e1vel pela igreja, que \u00e9 agregada a Igreja Santa Margarida Maria, que fica na mesma regi\u00e3o, explica a alegria do que \u00e9 celebrar o Dia de Nossa Senhora de F\u00e1tima, ainda mais junto com o Dia das M\u00e3es.<\/p>\n<p>&#8220;Foi o dia em que Maria, a M\u00e3e de Deus apareceu para Jacinta, Francisco e L\u00facia. Por calhar em cair pr\u00f3ximo ao Dia das M\u00e3es, \u00e9 importante celebrar esta apari\u00e7\u00e3o e o momento para que os filhos se convertam, se coloquem em ora\u00e7\u00e3o, que rezem pela paz no mundo, pelo bem das crian\u00e7as e para que se livrem ao pecado&#8221;.<\/p>\n<p>&#8220;Associando com as nossas m\u00e3es, Nossa Senhora pede ao filho e atenda. Toda a m\u00e3e deve pedir a Jesus pelo bem dos filhos e fam\u00edlias para que vivam na gra\u00e7a e paz. Toda m\u00e3e deve se inspirar em Nossa Senhora viver no trabalho, ora\u00e7\u00e3o, dedica\u00e7\u00e3o, trabalho, acolhimento, carinho, amor, f\u00e9 e bondade&#8221;.<\/p>\n<p><strong>LEIA TAMB\u00c9M<\/strong><\/p>\n<p><a href=\"https:\/\/redenoticiaz.com.br\/blog\/2023\/05\/13\/empresaria-conta-como-a-paixao-pelo-trabalho-virou-remedio-contra-o-lupus\">Empres\u00e1ria conta como a paix\u00e3o pelo trabalho virou \u2018rem\u00e9dio\u2019 contra o l\u00fapus<\/a><\/p>\n","protected":false},"excerpt":{"rendered":"<p>Dia das M\u00e3es sendo celebrado neste domingo (14) e a mensagem que fica \u00e9 que em tempos de tamanha inseguran\u00e7a, medo e apreens\u00f5es com o futuro, que provocam ansiedade, expectativas demasiadas e busca de resultados imediatos, que as vezes geram intoler\u00e2ncia, nada melhor do que um bom colo de m\u00e3e. A figura da m\u00e3e n\u00e3o &hellip;<\/p>\n","protected":false},"author":6,"featured_media":105656,"comment_status":"open","ping_status":"closed","sticky":false,"template":"","format":"standard","meta":{"footnotes":""},"categories":[169],"tags":[30032,57101,19770,21706,65145,65146,986],"class_list":["post-105654","post","type-post","status-publish","format-standard","has-post-thumbnail","hentry","category-cultura","tag-avenida-nossa-senhora-de-fatima","tag-celebracao","tag-chico-de-paula","tag-dia-das-maes","tag-igreja-nossa-senhora-de-fatima","tag-nossa-senhora-de-fatima","tag-santos"],"yoast_head":"<!-- This site is optimized with the Yoast SEO plugin v27.5 - https:\/\/yoast.com\/product\/yoast-seo-wordpress\/ -->\n<title>Fieis celebram o fim de semana das M\u00e3es para agradecer Nossa Senhora de F\u00e1tima - Litoral SP<\/title>\n<meta name=\"description\" content=\"tr\u00eas pastorinhos na cidade de F\u00e1tima, Portugal. Desde ent\u00e3o h\u00e1 107 o pa\u00eds, o Brasil e o mundo celebram o dia de Nossa Senhora de F\u00e1tima. E\" \/>\n<meta name=\"robots\" content=\"index, follow, max-snippet:-1, max-image-preview:large, max-video-preview:-1\" \/>\n<link rel=\"canonical\" href=\"https:\/\/redenoticiaz.com.br\/litoralsp\/2023\/05\/14\/fieis-celebram-o-fim-de-semana-das-maes-para-agradecer-nossa-senhora-de-fatima\" \/>\n<meta property=\"og:locale\" content=\"pt_BR\" \/>\n<meta property=\"og:type\" content=\"article\" \/>\n<meta property=\"og:title\" content=\"Fieis celebram o fim de semana das M\u00e3es para agradecer Nossa Senhora de F\u00e1tima - Litoral SP\" \/>\n<meta property=\"og:description\" content=\"tr\u00eas pastorinhos na cidade de F\u00e1tima, Portugal. Desde ent\u00e3o h\u00e1 107 o pa\u00eds, o Brasil e o mundo celebram o dia de Nossa Senhora de F\u00e1tima. E\" \/>\n<meta property=\"og:url\" content=\"https:\/\/redenoticiaz.com.br\/litoralsp\/2023\/05\/14\/fieis-celebram-o-fim-de-semana-das-maes-para-agradecer-nossa-senhora-de-fatima\" \/>\n<meta property=\"og:site_name\" content=\"Litoral SP\" \/>\n<meta property=\"article:published_time\" content=\"2023-05-14T09:00:13+00:00\" \/>\n<meta property=\"og:image\" content=\"https:\/\/redenoticiaz.com.br\/litoralsp\/wp-content\/uploads\/sites\/3\/2023\/07\/Confronto-1onfeiteira.jpg?v=1690644561\" \/>\n\t<meta property=\"og:image:width\" content=\"1640\" \/>\n\t<meta property=\"og:image:height\" content=\"924\" \/>\n\t<meta property=\"og:image:type\" content=\"image\/jpeg\" \/>\n<meta name=\"author\" content=\"Leonardo Francisco\" \/>\n<meta name=\"twitter:card\" content=\"summary_large_image\" \/>\n<meta name=\"twitter:label1\" content=\"Escrito por\" \/>\n\t<meta name=\"twitter:data1\" content=\"Leonardo Francisco\" \/>\n\t<meta name=\"twitter:label2\" content=\"Est. tempo de leitura\" \/>\n\t<meta name=\"twitter:data2\" content=\"4 minutos\" \/>\n<script type=\"application\/ld+json\" class=\"yoast-schema-graph\">{\"@context\":\"https:\\\/\\\/schema.org\",\"@graph\":[{\"@type\":\"Article\",\"@id\":\"https:\\\/\\\/redenoticiaz.com.br\\\/litoralsp\\\/2023\\\/05\\\/14\\\/fieis-celebram-o-fim-de-semana-das-maes-para-agradecer-nossa-senhora-de-fatima#article\",\"isPartOf\":{\"@id\":\"https:\\\/\\\/redenoticiaz.com.br\\\/litoralsp\\\/2023\\\/05\\\/14\\\/fieis-celebram-o-fim-de-semana-das-maes-para-agradecer-nossa-senhora-de-fatima\"},\"author\":{\"name\":\"Leonardo Francisco\",\"@id\":\"https:\\\/\\\/redenoticiaz.com.br\\\/litoralsp\\\/#\\\/schema\\\/person\\\/0f0b8a5bdafefe82841e07ae8d81ecb3\"},\"headline\":\"Fieis celebram o fim de semana das M\u00e3es para agradecer Nossa Senhora de F\u00e1tima\",\"datePublished\":\"2023-05-14T09:00:13+00:00\",\"mainEntityOfPage\":{\"@id\":\"https:\\\/\\\/redenoticiaz.com.br\\\/litoralsp\\\/2023\\\/05\\\/14\\\/fieis-celebram-o-fim-de-semana-das-maes-para-agradecer-nossa-senhora-de-fatima\"},\"wordCount\":612,\"commentCount\":0,\"publisher\":{\"@id\":\"https:\\\/\\\/redenoticiaz.com.br\\\/litoralsp\\\/#organization\"},\"image\":{\"@id\":\"https:\\\/\\\/redenoticiaz.com.br\\\/litoralsp\\\/2023\\\/05\\\/14\\\/fieis-celebram-o-fim-de-semana-das-maes-para-agradecer-nossa-senhora-de-fatima#primaryimage\"},\"thumbnailUrl\":\"https:\\\/\\\/redenoticiaz.com.br\\\/litoralsp\\\/wp-content\\\/uploads\\\/sites\\\/3\\\/2023\\\/05\\\/WhatsApp-Image-2023-05-13-at-11.47.55.jpeg?v=1684035687\",\"keywords\":[\"AVENIDA NOSSA SENHORA DE F\u00c1TIMA\",\"CELEBRA\u00c7\u00c3O\",\"CHICO DE PAULA\",\"DIA DAS M\u00c3ES\",\"IGREJA NOSSA SENHORA DE F\u00c1TIMA\",\"NOSSA SENHORA DE F\u00c1TIMA\",\"Santos\"],\"articleSection\":[\"Cultura\"],\"inLanguage\":\"pt-BR\",\"potentialAction\":[{\"@type\":\"CommentAction\",\"name\":\"Comment\",\"target\":[\"https:\\\/\\\/redenoticiaz.com.br\\\/litoralsp\\\/2023\\\/05\\\/14\\\/fieis-celebram-o-fim-de-semana-das-maes-para-agradecer-nossa-senhora-de-fatima#respond\"]}]},{\"@type\":\"WebPage\",\"@id\":\"https:\\\/\\\/redenoticiaz.com.br\\\/litoralsp\\\/2023\\\/05\\\/14\\\/fieis-celebram-o-fim-de-semana-das-maes-para-agradecer-nossa-senhora-de-fatima\",\"url\":\"https:\\\/\\\/redenoticiaz.com.br\\\/litoralsp\\\/2023\\\/05\\\/14\\\/fieis-celebram-o-fim-de-semana-das-maes-para-agradecer-nossa-senhora-de-fatima\",\"name\":\"Fieis celebram o fim de semana das M\u00e3es para agradecer Nossa Senhora de F\u00e1tima - Litoral SP\",\"isPartOf\":{\"@id\":\"https:\\\/\\\/redenoticiaz.com.br\\\/litoralsp\\\/#website\"},\"primaryImageOfPage\":{\"@id\":\"https:\\\/\\\/redenoticiaz.com.br\\\/litoralsp\\\/2023\\\/05\\\/14\\\/fieis-celebram-o-fim-de-semana-das-maes-para-agradecer-nossa-senhora-de-fatima#primaryimage\"},\"image\":{\"@id\":\"https:\\\/\\\/redenoticiaz.com.br\\\/litoralsp\\\/2023\\\/05\\\/14\\\/fieis-celebram-o-fim-de-semana-das-maes-para-agradecer-nossa-senhora-de-fatima#primaryimage\"},\"thumbnailUrl\":\"https:\\\/\\\/redenoticiaz.com.br\\\/litoralsp\\\/wp-content\\\/uploads\\\/sites\\\/3\\\/2023\\\/05\\\/WhatsApp-Image-2023-05-13-at-11.47.55.jpeg?v=1684035687\",\"datePublished\":\"2023-05-14T09:00:13+00:00\",\"description\":\"tr\u00eas pastorinhos na cidade de F\u00e1tima, Portugal. Desde ent\u00e3o h\u00e1 107 o pa\u00eds, o Brasil e o mundo celebram o dia de Nossa Senhora de F\u00e1tima. E\",\"inLanguage\":\"pt-BR\",\"potentialAction\":[{\"@type\":\"ReadAction\",\"target\":[\"https:\\\/\\\/redenoticiaz.com.br\\\/litoralsp\\\/2023\\\/05\\\/14\\\/fieis-celebram-o-fim-de-semana-das-maes-para-agradecer-nossa-senhora-de-fatima\"]}]},{\"@type\":\"ImageObject\",\"inLanguage\":\"pt-BR\",\"@id\":\"https:\\\/\\\/redenoticiaz.com.br\\\/litoralsp\\\/2023\\\/05\\\/14\\\/fieis-celebram-o-fim-de-semana-das-maes-para-agradecer-nossa-senhora-de-fatima#primaryimage\",\"url\":\"https:\\\/\\\/redenoticiaz.com.br\\\/litoralsp\\\/wp-content\\\/uploads\\\/sites\\\/3\\\/2023\\\/05\\\/WhatsApp-Image-2023-05-13-at-11.47.55.jpeg?v=1684035687\",\"contentUrl\":\"https:\\\/\\\/redenoticiaz.com.br\\\/litoralsp\\\/wp-content\\\/uploads\\\/sites\\\/3\\\/2023\\\/05\\\/WhatsApp-Image-2023-05-13-at-11.47.55.jpeg?v=1684035687\",\"width\":1280,\"height\":963,\"caption\":\"Missas e uma prociss\u00e3o repleta de homenagens foram feitas em v\u00e1rias partes do Brasil. Cr\u00e9ditos: Leonardo Francisco\"},{\"@type\":\"WebSite\",\"@id\":\"https:\\\/\\\/redenoticiaz.com.br\\\/litoralsp\\\/#website\",\"url\":\"https:\\\/\\\/redenoticiaz.com.br\\\/litoralsp\\\/\",\"name\":\"Litoral SP\",\"description\":\"Rede NoticiaZ\",\"publisher\":{\"@id\":\"https:\\\/\\\/redenoticiaz.com.br\\\/litoralsp\\\/#organization\"},\"potentialAction\":[{\"@type\":\"SearchAction\",\"target\":{\"@type\":\"EntryPoint\",\"urlTemplate\":\"https:\\\/\\\/redenoticiaz.com.br\\\/litoralsp\\\/?s={search_term_string}\"},\"query-input\":{\"@type\":\"PropertyValueSpecification\",\"valueRequired\":true,\"valueName\":\"search_term_string\"}}],\"inLanguage\":\"pt-BR\"},{\"@type\":\"Organization\",\"@id\":\"https:\\\/\\\/redenoticiaz.com.br\\\/litoralsp\\\/#organization\",\"name\":\"Litoral SP\",\"url\":\"https:\\\/\\\/redenoticiaz.com.br\\\/litoralsp\\\/\",\"logo\":{\"@type\":\"ImageObject\",\"inLanguage\":\"pt-BR\",\"@id\":\"https:\\\/\\\/redenoticiaz.com.br\\\/litoralsp\\\/#\\\/schema\\\/logo\\\/image\\\/\",\"url\":\"https:\\\/\\\/redenoticiaz.com.br\\\/litoralsp\\\/wp-content\\\/uploads\\\/sites\\\/3\\\/2020\\\/11\\\/logo.jpg\",\"contentUrl\":\"https:\\\/\\\/redenoticiaz.com.br\\\/litoralsp\\\/wp-content\\\/uploads\\\/sites\\\/3\\\/2020\\\/11\\\/logo.jpg\",\"width\":400,\"height\":250,\"caption\":\"Litoral SP\"},\"image\":{\"@id\":\"https:\\\/\\\/redenoticiaz.com.br\\\/litoralsp\\\/#\\\/schema\\\/logo\\\/image\\\/\"}},{\"@type\":\"Person\",\"@id\":\"https:\\\/\\\/redenoticiaz.com.br\\\/litoralsp\\\/#\\\/schema\\\/person\\\/0f0b8a5bdafefe82841e07ae8d81ecb3\",\"name\":\"Leonardo Francisco\",\"image\":{\"@type\":\"ImageObject\",\"inLanguage\":\"pt-BR\",\"@id\":\"https:\\\/\\\/secure.gravatar.com\\\/avatar\\\/a7358cb406a99b682ec6df1e77e31ae82e63601f6784e8a3df411d72b37864da?s=96&d=mm&r=g\",\"url\":\"https:\\\/\\\/secure.gravatar.com\\\/avatar\\\/a7358cb406a99b682ec6df1e77e31ae82e63601f6784e8a3df411d72b37864da?s=96&d=mm&r=g\",\"contentUrl\":\"https:\\\/\\\/secure.gravatar.com\\\/avatar\\\/a7358cb406a99b682ec6df1e77e31ae82e63601f6784e8a3df411d72b37864da?s=96&d=mm&r=g\",\"caption\":\"Leonardo Francisco\"},\"url\":\"https:\\\/\\\/redenoticiaz.com.br\\\/litoralsp\\\/author\\\/leonardo-francisco\"}]}<\/script>\n<!-- \/ Yoast SEO plugin. -->","yoast_head_json":{"title":"Fieis celebram o fim de semana das M\u00e3es para agradecer Nossa Senhora de F\u00e1tima - Litoral SP","description":"tr\u00eas pastorinhos na cidade de F\u00e1tima, Portugal. Desde ent\u00e3o h\u00e1 107 o pa\u00eds, o Brasil e o mundo celebram o dia de Nossa Senhora de F\u00e1tima. E","robots":{"index":"index","follow":"follow","max-snippet":"max-snippet:-1","max-image-preview":"max-image-preview:large","max-video-preview":"max-video-preview:-1"},"canonical":"https:\/\/redenoticiaz.com.br\/litoralsp\/2023\/05\/14\/fieis-celebram-o-fim-de-semana-das-maes-para-agradecer-nossa-senhora-de-fatima","og_locale":"pt_BR","og_type":"article","og_title":"Fieis celebram o fim de semana das M\u00e3es para agradecer Nossa Senhora de F\u00e1tima - Litoral SP","og_description":"tr\u00eas pastorinhos na cidade de F\u00e1tima, Portugal. Desde ent\u00e3o h\u00e1 107 o pa\u00eds, o Brasil e o mundo celebram o dia de Nossa Senhora de F\u00e1tima. E","og_url":"https:\/\/redenoticiaz.com.br\/litoralsp\/2023\/05\/14\/fieis-celebram-o-fim-de-semana-das-maes-para-agradecer-nossa-senhora-de-fatima","og_site_name":"Litoral SP","article_published_time":"2023-05-14T09:00:13+00:00","og_image":[{"width":1640,"height":924,"url":"https:\/\/redenoticiaz.com.br\/litoralsp\/wp-content\/uploads\/sites\/3\/2023\/07\/Confronto-1onfeiteira.jpg?v=1690644561","type":"image\/jpeg"}],"author":"Leonardo Francisco","twitter_card":"summary_large_image","twitter_misc":{"Escrito por":"Leonardo Francisco","Est. tempo de leitura":"4 minutos"},"schema":{"@context":"https:\/\/schema.org","@graph":[{"@type":"Article","@id":"https:\/\/redenoticiaz.com.br\/litoralsp\/2023\/05\/14\/fieis-celebram-o-fim-de-semana-das-maes-para-agradecer-nossa-senhora-de-fatima#article","isPartOf":{"@id":"https:\/\/redenoticiaz.com.br\/litoralsp\/2023\/05\/14\/fieis-celebram-o-fim-de-semana-das-maes-para-agradecer-nossa-senhora-de-fatima"},"author":{"name":"Leonardo Francisco","@id":"https:\/\/redenoticiaz.com.br\/litoralsp\/#\/schema\/person\/0f0b8a5bdafefe82841e07ae8d81ecb3"},"headline":"Fieis celebram o fim de semana das M\u00e3es para agradecer Nossa Senhora de F\u00e1tima","datePublished":"2023-05-14T09:00:13+00:00","mainEntityOfPage":{"@id":"https:\/\/redenoticiaz.com.br\/litoralsp\/2023\/05\/14\/fieis-celebram-o-fim-de-semana-das-maes-para-agradecer-nossa-senhora-de-fatima"},"wordCount":612,"commentCount":0,"publisher":{"@id":"https:\/\/redenoticiaz.com.br\/litoralsp\/#organization"},"image":{"@id":"https:\/\/redenoticiaz.com.br\/litoralsp\/2023\/05\/14\/fieis-celebram-o-fim-de-semana-das-maes-para-agradecer-nossa-senhora-de-fatima#primaryimage"},"thumbnailUrl":"https:\/\/redenoticiaz.com.br\/litoralsp\/wp-content\/uploads\/sites\/3\/2023\/05\/WhatsApp-Image-2023-05-13-at-11.47.55.jpeg?v=1684035687","keywords":["AVENIDA NOSSA SENHORA DE F\u00c1TIMA","CELEBRA\u00c7\u00c3O","CHICO DE PAULA","DIA DAS M\u00c3ES","IGREJA NOSSA SENHORA DE F\u00c1TIMA","NOSSA SENHORA DE F\u00c1TIMA","Santos"],"articleSection":["Cultura"],"inLanguage":"pt-BR","potentialAction":[{"@type":"CommentAction","name":"Comment","target":["https:\/\/redenoticiaz.com.br\/litoralsp\/2023\/05\/14\/fieis-celebram-o-fim-de-semana-das-maes-para-agradecer-nossa-senhora-de-fatima#respond"]}]},{"@type":"WebPage","@id":"https:\/\/redenoticiaz.com.br\/litoralsp\/2023\/05\/14\/fieis-celebram-o-fim-de-semana-das-maes-para-agradecer-nossa-senhora-de-fatima","url":"https:\/\/redenoticiaz.com.br\/litoralsp\/2023\/05\/14\/fieis-celebram-o-fim-de-semana-das-maes-para-agradecer-nossa-senhora-de-fatima","name":"Fieis celebram o fim de semana das M\u00e3es para agradecer Nossa Senhora de F\u00e1tima - Litoral SP","isPartOf":{"@id":"https:\/\/redenoticiaz.com.br\/litoralsp\/#website"},"primaryImageOfPage":{"@id":"https:\/\/redenoticiaz.com.br\/litoralsp\/2023\/05\/14\/fieis-celebram-o-fim-de-semana-das-maes-para-agradecer-nossa-senhora-de-fatima#primaryimage"},"image":{"@id":"https:\/\/redenoticiaz.com.br\/litoralsp\/2023\/05\/14\/fieis-celebram-o-fim-de-semana-das-maes-para-agradecer-nossa-senhora-de-fatima#primaryimage"},"thumbnailUrl":"https:\/\/redenoticiaz.com.br\/litoralsp\/wp-content\/uploads\/sites\/3\/2023\/05\/WhatsApp-Image-2023-05-13-at-11.47.55.jpeg?v=1684035687","datePublished":"2023-05-14T09:00:13+00:00","description":"tr\u00eas pastorinhos na cidade de F\u00e1tima, Portugal. Desde ent\u00e3o h\u00e1 107 o pa\u00eds, o Brasil e o mundo celebram o dia de Nossa Senhora de F\u00e1tima. E","inLanguage":"pt-BR","potentialAction":[{"@type":"ReadAction","target":["https:\/\/redenoticiaz.com.br\/litoralsp\/2023\/05\/14\/fieis-celebram-o-fim-de-semana-das-maes-para-agradecer-nossa-senhora-de-fatima"]}]},{"@type":"ImageObject","inLanguage":"pt-BR","@id":"https:\/\/redenoticiaz.com.br\/litoralsp\/2023\/05\/14\/fieis-celebram-o-fim-de-semana-das-maes-para-agradecer-nossa-senhora-de-fatima#primaryimage","url":"https:\/\/redenoticiaz.com.br\/litoralsp\/wp-content\/uploads\/sites\/3\/2023\/05\/WhatsApp-Image-2023-05-13-at-11.47.55.jpeg?v=1684035687","contentUrl":"https:\/\/redenoticiaz.com.br\/litoralsp\/wp-content\/uploads\/sites\/3\/2023\/05\/WhatsApp-Image-2023-05-13-at-11.47.55.jpeg?v=1684035687","width":1280,"height":963,"caption":"Missas e uma prociss\u00e3o repleta de homenagens foram feitas em v\u00e1rias partes do Brasil. Cr\u00e9ditos: Leonardo Francisco"},{"@type":"WebSite","@id":"https:\/\/redenoticiaz.com.br\/litoralsp\/#website","url":"https:\/\/redenoticiaz.com.br\/litoralsp\/","name":"Litoral SP","description":"Rede NoticiaZ","publisher":{"@id":"https:\/\/redenoticiaz.com.br\/litoralsp\/#organization"},"potentialAction":[{"@type":"SearchAction","target":{"@type":"EntryPoint","urlTemplate":"https:\/\/redenoticiaz.com.br\/litoralsp\/?s={search_term_string}"},"query-input":{"@type":"PropertyValueSpecification","valueRequired":true,"valueName":"search_term_string"}}],"inLanguage":"pt-BR"},{"@type":"Organization","@id":"https:\/\/redenoticiaz.com.br\/litoralsp\/#organization","name":"Litoral SP","url":"https:\/\/redenoticiaz.com.br\/litoralsp\/","logo":{"@type":"ImageObject","inLanguage":"pt-BR","@id":"https:\/\/redenoticiaz.com.br\/litoralsp\/#\/schema\/logo\/image\/","url":"https:\/\/redenoticiaz.com.br\/litoralsp\/wp-content\/uploads\/sites\/3\/2020\/11\/logo.jpg","contentUrl":"https:\/\/redenoticiaz.com.br\/litoralsp\/wp-content\/uploads\/sites\/3\/2020\/11\/logo.jpg","width":400,"height":250,"caption":"Litoral SP"},"image":{"@id":"https:\/\/redenoticiaz.com.br\/litoralsp\/#\/schema\/logo\/image\/"}},{"@type":"Person","@id":"https:\/\/redenoticiaz.com.br\/litoralsp\/#\/schema\/person\/0f0b8a5bdafefe82841e07ae8d81ecb3","name":"Leonardo Francisco","image":{"@type":"ImageObject","inLanguage":"pt-BR","@id":"https:\/\/secure.gravatar.com\/avatar\/a7358cb406a99b682ec6df1e77e31ae82e63601f6784e8a3df411d72b37864da?s=96&d=mm&r=g","url":"https:\/\/secure.gravatar.com\/avatar\/a7358cb406a99b682ec6df1e77e31ae82e63601f6784e8a3df411d72b37864da?s=96&d=mm&r=g","contentUrl":"https:\/\/secure.gravatar.com\/avatar\/a7358cb406a99b682ec6df1e77e31ae82e63601f6784e8a3df411d72b37864da?s=96&d=mm&r=g","caption":"Leonardo Francisco"},"url":"https:\/\/redenoticiaz.com.br\/litoralsp\/author\/leonardo-francisco"}]}},"_links":{"self":[{"href":"https:\/\/redenoticiaz.com.br\/litoralsp\/wp-json\/wp\/v2\/posts\/105654","targetHints":{"allow":["GET"]}}],"collection":[{"href":"https:\/\/redenoticiaz.com.br\/litoralsp\/wp-json\/wp\/v2\/posts"}],"about":[{"href":"https:\/\/redenoticiaz.com.br\/litoralsp\/wp-json\/wp\/v2\/types\/post"}],"author":[{"embeddable":true,"href":"https:\/\/redenoticiaz.com.br\/litoralsp\/wp-json\/wp\/v2\/users\/6"}],"replies":[{"embeddable":true,"href":"https:\/\/redenoticiaz.com.br\/litoralsp\/wp-json\/wp\/v2\/comments?post=105654"}],"version-history":[{"count":2,"href":"https:\/\/redenoticiaz.com.br\/litoralsp\/wp-json\/wp\/v2\/posts\/105654\/revisions"}],"predecessor-version":[{"id":105658,"href":"https:\/\/redenoticiaz.com.br\/litoralsp\/wp-json\/wp\/v2\/posts\/105654\/revisions\/105658"}],"wp:featuredmedia":[{"embeddable":true,"href":"https:\/\/redenoticiaz.com.br\/litoralsp\/wp-json\/wp\/v2\/media\/105656"}],"wp:attachment":[{"href":"https:\/\/redenoticiaz.com.br\/litoralsp\/wp-json\/wp\/v2\/media?parent=105654"}],"wp:term":[{"taxonomy":"category","embeddable":true,"href":"https:\/\/redenoticiaz.com.br\/litoralsp\/wp-json\/wp\/v2\/categories?post=105654"},{"taxonomy":"post_tag","embeddable":true,"href":"https:\/\/redenoticiaz.com.br\/litoralsp\/wp-json\/wp\/v2\/tags?post=105654"}],"curies":[{"name":"wp","href":"https:\/\/api.w.org\/{rel}","templated":true}]}}