{"id":105731,"date":"2023-05-20T07:00:36","date_gmt":"2023-05-20T10:00:36","guid":{"rendered":"https:\/\/redenoticiaz.com.br\/litoralsp\/?p=105731"},"modified":"2023-05-15T18:39:37","modified_gmt":"2023-05-15T21:39:37","slug":"video-atores-de-transformers-o-despertar-das-feras-contam-sobre-novo-personagem","status":"publish","type":"post","link":"https:\/\/redenoticiaz.com.br\/litoralsp\/2023\/05\/20\/video-atores-de-transformers-o-despertar-das-feras-contam-sobre-novo-personagem","title":{"rendered":"V\u00eddeo \u2013 Atores de Transformers: O Despertar das Feras contam sobre novo personagem"},"content":{"rendered":"<p>Um novo filme, uma nova hist\u00f3ria. A partir de 8 de junho, o p\u00fablico vai conhecer as novidades no elenco de <strong>Transformers: O Despertar das Feras<\/strong>. No v\u00eddeo divulgado, <strong>os atores Anthony Ramos e Dominique Fishback contam sobre seus personagens Noah Diaz e Elena Wallace<\/strong>, al\u00e9m de dar detalhes sobre Mirage, um novo Autobot que, no Brasil, ser\u00e1 dublado pelo ator Douglas Silva.<\/p>\n<p>&nbsp;<\/p>\n<p>O diretor Steven Caple Jr. tamb\u00e9m revela sua perspectiva n\u00e3o s\u00f3 sobre os novos personagens como tamb\u00e9m sobre o novo filme, enfatizando o equil\u00edbrio entre as cenas de a\u00e7\u00e3o, com\u00e9dia e emo\u00e7\u00e3o: &#8220;Eles est\u00e3o enfrentando o maior vil\u00e3o de todos os tempos&#8221;, confirma Steven.<\/p>\n<p><iframe loading=\"lazy\" title=\"Transformers: O Despertar das Feras | Bastidores: Deixa Eles Virem | Paramount Pictures Brasil\" width=\"500\" height=\"281\" src=\"https:\/\/www.youtube.com\/embed\/92TGw2h3eXs?feature=oembed\" frameborder=\"0\" allow=\"accelerometer; autoplay; clipboard-write; encrypted-media; gyroscope; picture-in-picture; web-share\" referrerpolicy=\"strict-origin-when-cross-origin\" allowfullscreen><\/iframe><\/p>\n<p>&nbsp;<\/p>\n<p>O filme acompanha os Autobots em uma aventura global durante os anos 90 e conhecer uma nova gera\u00e7\u00e3o de Transformers &#8211; os Maximals &#8211; que se unem como aliados na batalha existente pela Terra.<\/p>\n<p>O longa traz tamb\u00e9m, grandes nomes no elenco de apoio como Michelle Yeoh, Peter Dinklage e Michaela Jae Rodriguez. Na dublagem brasileira, a personagem Arcee ganhar\u00e1 a voz de Fernanda Paes Leme e Optimus Prime mant\u00e9m a sua voz oficial no Brasil como Guilherme Briggs.<\/p>\n<p>&#8220;Transformers: O Despertar das Feras&#8221; estreia nos cinemas brasileiros dia 8 de junho de 2023.<\/p>\n<p>VEJA TAMB\u00c9M:\u00a0<a href=\"https:\/\/redenoticiaz.com.br\/barretos-regiao\/sp\/2023\/05\/06\/o-trailer-principal-de-black-knight-finalmente-e-revelado-confira\">O trailer principal de Black Knight finalmente \u00e9 revelado, confira<\/a><\/p>\n<p>&nbsp;<\/p>\n","protected":false},"excerpt":{"rendered":"<p>Um novo filme, uma nova hist\u00f3ria. A partir de 8 de junho, o p\u00fablico vai conhecer as novidades no elenco de Transformers: O Despertar das Feras. No v\u00eddeo divulgado, os atores Anthony Ramos e Dominique Fishback contam sobre seus personagens Noah Diaz e Elena Wallace, al\u00e9m de dar detalhes sobre Mirage, um novo Autobot que, &hellip;<\/p>\n","protected":false},"author":30,"featured_media":105733,"comment_status":"open","ping_status":"closed","sticky":false,"template":"","format":"standard","meta":{"footnotes":""},"categories":[62064,169,170],"tags":[65162,44750,5613,65163,61428,9356],"class_list":["post-105731","post","type-post","status-publish","format-standard","has-post-thumbnail","hentry","category-cameraz","category-cultura","category-entretenimento","tag-atores-elenco","tag-cinema","tag-estreia","tag-novo-personagem","tag-transformers-o-despertar-das-feras","tag-video"],"yoast_head":"<!-- This site is optimized with the Yoast SEO plugin v27.5 - https:\/\/yoast.com\/product\/yoast-seo-wordpress\/ -->\n<title>V\u00eddeo \u2013 Atores de Transformers: O Despertar das Feras contam sobre novo personagem - Litoral SP<\/title>\n<meta name=\"description\" content=\"Um novo filme, uma nova hist\u00f3ria. O p\u00fablico vai conhecer as novidades no elenco de Transformers: O Despertar das Feras.\" \/>\n<meta name=\"robots\" content=\"index, follow, max-snippet:-1, max-image-preview:large, max-video-preview:-1\" \/>\n<link rel=\"canonical\" href=\"https:\/\/redenoticiaz.com.br\/litoralsp\/2023\/05\/20\/video-atores-de-transformers-o-despertar-das-feras-contam-sobre-novo-personagem\" \/>\n<meta property=\"og:locale\" content=\"pt_BR\" \/>\n<meta property=\"og:type\" content=\"article\" \/>\n<meta property=\"og:title\" content=\"V\u00eddeo \u2013 Atores de Transformers: O Despertar das Feras contam sobre novo personagem - Litoral SP\" \/>\n<meta property=\"og:description\" content=\"Um novo filme, uma nova hist\u00f3ria. O p\u00fablico vai conhecer as novidades no elenco de Transformers: O Despertar das Feras.\" \/>\n<meta property=\"og:url\" content=\"https:\/\/redenoticiaz.com.br\/litoralsp\/2023\/05\/20\/video-atores-de-transformers-o-despertar-das-feras-contam-sobre-novo-personagem\" \/>\n<meta property=\"og:site_name\" content=\"Litoral SP\" \/>\n<meta property=\"article:published_time\" content=\"2023-05-20T10:00:36+00:00\" \/>\n<meta property=\"og:image\" content=\"https:\/\/redenoticiaz.com.br\/litoralsp\/wp-content\/uploads\/sites\/3\/2023\/05\/TR_21520K-scaled.jpg\" \/>\n\t<meta property=\"og:image:width\" content=\"1620\" \/>\n\t<meta property=\"og:image:height\" content=\"1080\" \/>\n\t<meta property=\"og:image:type\" content=\"image\/jpeg\" \/>\n<meta name=\"author\" content=\"Carina Reifonas\" \/>\n<meta name=\"twitter:card\" content=\"summary_large_image\" \/>\n<meta name=\"twitter:label1\" content=\"Escrito por\" \/>\n\t<meta name=\"twitter:data1\" content=\"Carina Reifonas\" \/>\n\t<meta name=\"twitter:label2\" content=\"Est. tempo de leitura\" \/>\n\t<meta name=\"twitter:data2\" content=\"2 minutos\" \/>\n<script type=\"application\/ld+json\" class=\"yoast-schema-graph\">{\"@context\":\"https:\\\/\\\/schema.org\",\"@graph\":[{\"@type\":\"Article\",\"@id\":\"https:\\\/\\\/redenoticiaz.com.br\\\/litoralsp\\\/2023\\\/05\\\/20\\\/video-atores-de-transformers-o-despertar-das-feras-contam-sobre-novo-personagem#article\",\"isPartOf\":{\"@id\":\"https:\\\/\\\/redenoticiaz.com.br\\\/litoralsp\\\/2023\\\/05\\\/20\\\/video-atores-de-transformers-o-despertar-das-feras-contam-sobre-novo-personagem\"},\"author\":{\"name\":\"Carina Reifonas\",\"@id\":\"https:\\\/\\\/redenoticiaz.com.br\\\/litoralsp\\\/#\\\/schema\\\/person\\\/1f84d6e94e6a62d2d81199d7503e9e90\"},\"headline\":\"V\u00eddeo \u2013 Atores de Transformers: O Despertar das Feras contam sobre novo personagem\",\"datePublished\":\"2023-05-20T10:00:36+00:00\",\"mainEntityOfPage\":{\"@id\":\"https:\\\/\\\/redenoticiaz.com.br\\\/litoralsp\\\/2023\\\/05\\\/20\\\/video-atores-de-transformers-o-despertar-das-feras-contam-sobre-novo-personagem\"},\"wordCount\":250,\"commentCount\":0,\"publisher\":{\"@id\":\"https:\\\/\\\/redenoticiaz.com.br\\\/litoralsp\\\/#organization\"},\"image\":{\"@id\":\"https:\\\/\\\/redenoticiaz.com.br\\\/litoralsp\\\/2023\\\/05\\\/20\\\/video-atores-de-transformers-o-despertar-das-feras-contam-sobre-novo-personagem#primaryimage\"},\"thumbnailUrl\":\"https:\\\/\\\/redenoticiaz.com.br\\\/litoralsp\\\/wp-content\\\/uploads\\\/sites\\\/3\\\/2023\\\/05\\\/TR_21520K-scaled.jpg\",\"keywords\":[\"atores elenco\",\"CINEMA\",\"estr\u00e9ia\",\"novo personagem\",\"Transformers: O Despertar das Feras\",\"V\u00cdDEO\"],\"articleSection\":[\"C\u00e2mera Z\",\"Cultura\",\"Entretenimento\"],\"inLanguage\":\"pt-BR\",\"potentialAction\":[{\"@type\":\"CommentAction\",\"name\":\"Comment\",\"target\":[\"https:\\\/\\\/redenoticiaz.com.br\\\/litoralsp\\\/2023\\\/05\\\/20\\\/video-atores-de-transformers-o-despertar-das-feras-contam-sobre-novo-personagem#respond\"]}]},{\"@type\":\"WebPage\",\"@id\":\"https:\\\/\\\/redenoticiaz.com.br\\\/litoralsp\\\/2023\\\/05\\\/20\\\/video-atores-de-transformers-o-despertar-das-feras-contam-sobre-novo-personagem\",\"url\":\"https:\\\/\\\/redenoticiaz.com.br\\\/litoralsp\\\/2023\\\/05\\\/20\\\/video-atores-de-transformers-o-despertar-das-feras-contam-sobre-novo-personagem\",\"name\":\"V\u00eddeo \u2013 Atores de Transformers: O Despertar das Feras contam sobre novo personagem - Litoral SP\",\"isPartOf\":{\"@id\":\"https:\\\/\\\/redenoticiaz.com.br\\\/litoralsp\\\/#website\"},\"primaryImageOfPage\":{\"@id\":\"https:\\\/\\\/redenoticiaz.com.br\\\/litoralsp\\\/2023\\\/05\\\/20\\\/video-atores-de-transformers-o-despertar-das-feras-contam-sobre-novo-personagem#primaryimage\"},\"image\":{\"@id\":\"https:\\\/\\\/redenoticiaz.com.br\\\/litoralsp\\\/2023\\\/05\\\/20\\\/video-atores-de-transformers-o-despertar-das-feras-contam-sobre-novo-personagem#primaryimage\"},\"thumbnailUrl\":\"https:\\\/\\\/redenoticiaz.com.br\\\/litoralsp\\\/wp-content\\\/uploads\\\/sites\\\/3\\\/2023\\\/05\\\/TR_21520K-scaled.jpg\",\"datePublished\":\"2023-05-20T10:00:36+00:00\",\"description\":\"Um novo filme, uma nova hist\u00f3ria. O p\u00fablico vai conhecer as novidades no elenco de Transformers: O Despertar das Feras.\",\"inLanguage\":\"pt-BR\",\"potentialAction\":[{\"@type\":\"ReadAction\",\"target\":[\"https:\\\/\\\/redenoticiaz.com.br\\\/litoralsp\\\/2023\\\/05\\\/20\\\/video-atores-de-transformers-o-despertar-das-feras-contam-sobre-novo-personagem\"]}]},{\"@type\":\"ImageObject\",\"inLanguage\":\"pt-BR\",\"@id\":\"https:\\\/\\\/redenoticiaz.com.br\\\/litoralsp\\\/2023\\\/05\\\/20\\\/video-atores-de-transformers-o-despertar-das-feras-contam-sobre-novo-personagem#primaryimage\",\"url\":\"https:\\\/\\\/redenoticiaz.com.br\\\/litoralsp\\\/wp-content\\\/uploads\\\/sites\\\/3\\\/2023\\\/05\\\/TR_21520K-scaled.jpg\",\"contentUrl\":\"https:\\\/\\\/redenoticiaz.com.br\\\/litoralsp\\\/wp-content\\\/uploads\\\/sites\\\/3\\\/2023\\\/05\\\/TR_21520K-scaled.jpg\",\"width\":1620,\"height\":1080,\"caption\":\"Transformers: O Despertar das Feras revela novos personagens. Cr\u00e9dito: Divulga\u00e7\u00e3o Association with HASBRO and NEW REPUBLIC PICTURES A di BONAVENTURA PICTURES Production A TOM DESANTO \\\/ DON MURPHY Production A BAY FILMS Production \u201cTRANSFORMERS: RISE OF THE BEASTS\u201d\"},{\"@type\":\"WebSite\",\"@id\":\"https:\\\/\\\/redenoticiaz.com.br\\\/litoralsp\\\/#website\",\"url\":\"https:\\\/\\\/redenoticiaz.com.br\\\/litoralsp\\\/\",\"name\":\"Litoral SP\",\"description\":\"Rede NoticiaZ\",\"publisher\":{\"@id\":\"https:\\\/\\\/redenoticiaz.com.br\\\/litoralsp\\\/#organization\"},\"potentialAction\":[{\"@type\":\"SearchAction\",\"target\":{\"@type\":\"EntryPoint\",\"urlTemplate\":\"https:\\\/\\\/redenoticiaz.com.br\\\/litoralsp\\\/?s={search_term_string}\"},\"query-input\":{\"@type\":\"PropertyValueSpecification\",\"valueRequired\":true,\"valueName\":\"search_term_string\"}}],\"inLanguage\":\"pt-BR\"},{\"@type\":\"Organization\",\"@id\":\"https:\\\/\\\/redenoticiaz.com.br\\\/litoralsp\\\/#organization\",\"name\":\"Litoral SP\",\"url\":\"https:\\\/\\\/redenoticiaz.com.br\\\/litoralsp\\\/\",\"logo\":{\"@type\":\"ImageObject\",\"inLanguage\":\"pt-BR\",\"@id\":\"https:\\\/\\\/redenoticiaz.com.br\\\/litoralsp\\\/#\\\/schema\\\/logo\\\/image\\\/\",\"url\":\"https:\\\/\\\/redenoticiaz.com.br\\\/litoralsp\\\/wp-content\\\/uploads\\\/sites\\\/3\\\/2020\\\/11\\\/logo.jpg\",\"contentUrl\":\"https:\\\/\\\/redenoticiaz.com.br\\\/litoralsp\\\/wp-content\\\/uploads\\\/sites\\\/3\\\/2020\\\/11\\\/logo.jpg\",\"width\":400,\"height\":250,\"caption\":\"Litoral SP\"},\"image\":{\"@id\":\"https:\\\/\\\/redenoticiaz.com.br\\\/litoralsp\\\/#\\\/schema\\\/logo\\\/image\\\/\"}},{\"@type\":\"Person\",\"@id\":\"https:\\\/\\\/redenoticiaz.com.br\\\/litoralsp\\\/#\\\/schema\\\/person\\\/1f84d6e94e6a62d2d81199d7503e9e90\",\"name\":\"Carina Reifonas\",\"image\":{\"@type\":\"ImageObject\",\"inLanguage\":\"pt-BR\",\"@id\":\"https:\\\/\\\/secure.gravatar.com\\\/avatar\\\/04c59859b23696cf867715880f81d5c037e60109730bdb4e6670ec2a2245bc97?s=96&d=mm&r=g\",\"url\":\"https:\\\/\\\/secure.gravatar.com\\\/avatar\\\/04c59859b23696cf867715880f81d5c037e60109730bdb4e6670ec2a2245bc97?s=96&d=mm&r=g\",\"contentUrl\":\"https:\\\/\\\/secure.gravatar.com\\\/avatar\\\/04c59859b23696cf867715880f81d5c037e60109730bdb4e6670ec2a2245bc97?s=96&d=mm&r=g\",\"caption\":\"Carina Reifonas\"},\"url\":\"https:\\\/\\\/redenoticiaz.com.br\\\/litoralsp\\\/author\\\/carinareifonas\"}]}<\/script>\n<!-- \/ Yoast SEO plugin. -->","yoast_head_json":{"title":"V\u00eddeo \u2013 Atores de Transformers: O Despertar das Feras contam sobre novo personagem - Litoral SP","description":"Um novo filme, uma nova hist\u00f3ria. O p\u00fablico vai conhecer as novidades no elenco de Transformers: O Despertar das Feras.","robots":{"index":"index","follow":"follow","max-snippet":"max-snippet:-1","max-image-preview":"max-image-preview:large","max-video-preview":"max-video-preview:-1"},"canonical":"https:\/\/redenoticiaz.com.br\/litoralsp\/2023\/05\/20\/video-atores-de-transformers-o-despertar-das-feras-contam-sobre-novo-personagem","og_locale":"pt_BR","og_type":"article","og_title":"V\u00eddeo \u2013 Atores de Transformers: O Despertar das Feras contam sobre novo personagem - Litoral SP","og_description":"Um novo filme, uma nova hist\u00f3ria. O p\u00fablico vai conhecer as novidades no elenco de Transformers: O Despertar das Feras.","og_url":"https:\/\/redenoticiaz.com.br\/litoralsp\/2023\/05\/20\/video-atores-de-transformers-o-despertar-das-feras-contam-sobre-novo-personagem","og_site_name":"Litoral SP","article_published_time":"2023-05-20T10:00:36+00:00","og_image":[{"width":1620,"height":1080,"url":"https:\/\/redenoticiaz.com.br\/litoralsp\/wp-content\/uploads\/sites\/3\/2023\/05\/TR_21520K-scaled.jpg","type":"image\/jpeg"}],"author":"Carina Reifonas","twitter_card":"summary_large_image","twitter_misc":{"Escrito por":"Carina Reifonas","Est. tempo de leitura":"2 minutos"},"schema":{"@context":"https:\/\/schema.org","@graph":[{"@type":"Article","@id":"https:\/\/redenoticiaz.com.br\/litoralsp\/2023\/05\/20\/video-atores-de-transformers-o-despertar-das-feras-contam-sobre-novo-personagem#article","isPartOf":{"@id":"https:\/\/redenoticiaz.com.br\/litoralsp\/2023\/05\/20\/video-atores-de-transformers-o-despertar-das-feras-contam-sobre-novo-personagem"},"author":{"name":"Carina Reifonas","@id":"https:\/\/redenoticiaz.com.br\/litoralsp\/#\/schema\/person\/1f84d6e94e6a62d2d81199d7503e9e90"},"headline":"V\u00eddeo \u2013 Atores de Transformers: O Despertar das Feras contam sobre novo personagem","datePublished":"2023-05-20T10:00:36+00:00","mainEntityOfPage":{"@id":"https:\/\/redenoticiaz.com.br\/litoralsp\/2023\/05\/20\/video-atores-de-transformers-o-despertar-das-feras-contam-sobre-novo-personagem"},"wordCount":250,"commentCount":0,"publisher":{"@id":"https:\/\/redenoticiaz.com.br\/litoralsp\/#organization"},"image":{"@id":"https:\/\/redenoticiaz.com.br\/litoralsp\/2023\/05\/20\/video-atores-de-transformers-o-despertar-das-feras-contam-sobre-novo-personagem#primaryimage"},"thumbnailUrl":"https:\/\/redenoticiaz.com.br\/litoralsp\/wp-content\/uploads\/sites\/3\/2023\/05\/TR_21520K-scaled.jpg","keywords":["atores elenco","CINEMA","estr\u00e9ia","novo personagem","Transformers: O Despertar das Feras","V\u00cdDEO"],"articleSection":["C\u00e2mera Z","Cultura","Entretenimento"],"inLanguage":"pt-BR","potentialAction":[{"@type":"CommentAction","name":"Comment","target":["https:\/\/redenoticiaz.com.br\/litoralsp\/2023\/05\/20\/video-atores-de-transformers-o-despertar-das-feras-contam-sobre-novo-personagem#respond"]}]},{"@type":"WebPage","@id":"https:\/\/redenoticiaz.com.br\/litoralsp\/2023\/05\/20\/video-atores-de-transformers-o-despertar-das-feras-contam-sobre-novo-personagem","url":"https:\/\/redenoticiaz.com.br\/litoralsp\/2023\/05\/20\/video-atores-de-transformers-o-despertar-das-feras-contam-sobre-novo-personagem","name":"V\u00eddeo \u2013 Atores de Transformers: O Despertar das Feras contam sobre novo personagem - Litoral SP","isPartOf":{"@id":"https:\/\/redenoticiaz.com.br\/litoralsp\/#website"},"primaryImageOfPage":{"@id":"https:\/\/redenoticiaz.com.br\/litoralsp\/2023\/05\/20\/video-atores-de-transformers-o-despertar-das-feras-contam-sobre-novo-personagem#primaryimage"},"image":{"@id":"https:\/\/redenoticiaz.com.br\/litoralsp\/2023\/05\/20\/video-atores-de-transformers-o-despertar-das-feras-contam-sobre-novo-personagem#primaryimage"},"thumbnailUrl":"https:\/\/redenoticiaz.com.br\/litoralsp\/wp-content\/uploads\/sites\/3\/2023\/05\/TR_21520K-scaled.jpg","datePublished":"2023-05-20T10:00:36+00:00","description":"Um novo filme, uma nova hist\u00f3ria. O p\u00fablico vai conhecer as novidades no elenco de Transformers: O Despertar das Feras.","inLanguage":"pt-BR","potentialAction":[{"@type":"ReadAction","target":["https:\/\/redenoticiaz.com.br\/litoralsp\/2023\/05\/20\/video-atores-de-transformers-o-despertar-das-feras-contam-sobre-novo-personagem"]}]},{"@type":"ImageObject","inLanguage":"pt-BR","@id":"https:\/\/redenoticiaz.com.br\/litoralsp\/2023\/05\/20\/video-atores-de-transformers-o-despertar-das-feras-contam-sobre-novo-personagem#primaryimage","url":"https:\/\/redenoticiaz.com.br\/litoralsp\/wp-content\/uploads\/sites\/3\/2023\/05\/TR_21520K-scaled.jpg","contentUrl":"https:\/\/redenoticiaz.com.br\/litoralsp\/wp-content\/uploads\/sites\/3\/2023\/05\/TR_21520K-scaled.jpg","width":1620,"height":1080,"caption":"Transformers: O Despertar das Feras revela novos personagens. Cr\u00e9dito: Divulga\u00e7\u00e3o Association with HASBRO and NEW REPUBLIC PICTURES A di BONAVENTURA PICTURES Production A TOM DESANTO \/ DON MURPHY Production A BAY FILMS Production \u201cTRANSFORMERS: RISE OF THE BEASTS\u201d"},{"@type":"WebSite","@id":"https:\/\/redenoticiaz.com.br\/litoralsp\/#website","url":"https:\/\/redenoticiaz.com.br\/litoralsp\/","name":"Litoral SP","description":"Rede NoticiaZ","publisher":{"@id":"https:\/\/redenoticiaz.com.br\/litoralsp\/#organization"},"potentialAction":[{"@type":"SearchAction","target":{"@type":"EntryPoint","urlTemplate":"https:\/\/redenoticiaz.com.br\/litoralsp\/?s={search_term_string}"},"query-input":{"@type":"PropertyValueSpecification","valueRequired":true,"valueName":"search_term_string"}}],"inLanguage":"pt-BR"},{"@type":"Organization","@id":"https:\/\/redenoticiaz.com.br\/litoralsp\/#organization","name":"Litoral SP","url":"https:\/\/redenoticiaz.com.br\/litoralsp\/","logo":{"@type":"ImageObject","inLanguage":"pt-BR","@id":"https:\/\/redenoticiaz.com.br\/litoralsp\/#\/schema\/logo\/image\/","url":"https:\/\/redenoticiaz.com.br\/litoralsp\/wp-content\/uploads\/sites\/3\/2020\/11\/logo.jpg","contentUrl":"https:\/\/redenoticiaz.com.br\/litoralsp\/wp-content\/uploads\/sites\/3\/2020\/11\/logo.jpg","width":400,"height":250,"caption":"Litoral SP"},"image":{"@id":"https:\/\/redenoticiaz.com.br\/litoralsp\/#\/schema\/logo\/image\/"}},{"@type":"Person","@id":"https:\/\/redenoticiaz.com.br\/litoralsp\/#\/schema\/person\/1f84d6e94e6a62d2d81199d7503e9e90","name":"Carina Reifonas","image":{"@type":"ImageObject","inLanguage":"pt-BR","@id":"https:\/\/secure.gravatar.com\/avatar\/04c59859b23696cf867715880f81d5c037e60109730bdb4e6670ec2a2245bc97?s=96&d=mm&r=g","url":"https:\/\/secure.gravatar.com\/avatar\/04c59859b23696cf867715880f81d5c037e60109730bdb4e6670ec2a2245bc97?s=96&d=mm&r=g","contentUrl":"https:\/\/secure.gravatar.com\/avatar\/04c59859b23696cf867715880f81d5c037e60109730bdb4e6670ec2a2245bc97?s=96&d=mm&r=g","caption":"Carina Reifonas"},"url":"https:\/\/redenoticiaz.com.br\/litoralsp\/author\/carinareifonas"}]}},"_links":{"self":[{"href":"https:\/\/redenoticiaz.com.br\/litoralsp\/wp-json\/wp\/v2\/posts\/105731","targetHints":{"allow":["GET"]}}],"collection":[{"href":"https:\/\/redenoticiaz.com.br\/litoralsp\/wp-json\/wp\/v2\/posts"}],"about":[{"href":"https:\/\/redenoticiaz.com.br\/litoralsp\/wp-json\/wp\/v2\/types\/post"}],"author":[{"embeddable":true,"href":"https:\/\/redenoticiaz.com.br\/litoralsp\/wp-json\/wp\/v2\/users\/30"}],"replies":[{"embeddable":true,"href":"https:\/\/redenoticiaz.com.br\/litoralsp\/wp-json\/wp\/v2\/comments?post=105731"}],"version-history":[{"count":1,"href":"https:\/\/redenoticiaz.com.br\/litoralsp\/wp-json\/wp\/v2\/posts\/105731\/revisions"}],"predecessor-version":[{"id":105732,"href":"https:\/\/redenoticiaz.com.br\/litoralsp\/wp-json\/wp\/v2\/posts\/105731\/revisions\/105732"}],"wp:featuredmedia":[{"embeddable":true,"href":"https:\/\/redenoticiaz.com.br\/litoralsp\/wp-json\/wp\/v2\/media\/105733"}],"wp:attachment":[{"href":"https:\/\/redenoticiaz.com.br\/litoralsp\/wp-json\/wp\/v2\/media?parent=105731"}],"wp:term":[{"taxonomy":"category","embeddable":true,"href":"https:\/\/redenoticiaz.com.br\/litoralsp\/wp-json\/wp\/v2\/categories?post=105731"},{"taxonomy":"post_tag","embeddable":true,"href":"https:\/\/redenoticiaz.com.br\/litoralsp\/wp-json\/wp\/v2\/tags?post=105731"}],"curies":[{"name":"wp","href":"https:\/\/api.w.org\/{rel}","templated":true}]}}