{"id":105747,"date":"2023-05-20T12:00:52","date_gmt":"2023-05-20T15:00:52","guid":{"rendered":"https:\/\/redenoticiaz.com.br\/litoralsp\/?p=105747"},"modified":"2023-05-15T23:36:37","modified_gmt":"2023-05-16T02:36:37","slug":"jovens-precisam-ter-equilibrio-com-a-tecnologia-pelo-bem-da-saude-mental","status":"publish","type":"post","link":"https:\/\/redenoticiaz.com.br\/litoralsp\/2023\/05\/20\/jovens-precisam-ter-equilibrio-com-a-tecnologia-pelo-bem-da-saude-mental","title":{"rendered":"Jovens precisam ter equil\u00edbrio com a tecnologia pelo bem da sa\u00fade mental"},"content":{"rendered":"<p class=\"v1ql-align-justify\">A tecnologia \u00e9 sem d\u00favida um bem essencial para facilitar a vida das pessoas. Especialmente quando o tema \u00e9 voltado para a internet. Mas tanta exposi\u00e7\u00e3o requer cuidados com a sa\u00fade, <strong>especialmente a mental dos jovens<\/strong>. Tudo por conta do impacto do uso excessivo de smartphones e das redes sociais.<\/p>\n<p class=\"v1ql-align-justify\">Dados divulgados pela McAfee revelam que no Brasil, 95% das crian\u00e7as de 10 a 14 anos j\u00e1 utilizam smartphones, enquanto a m\u00e9dia mundial fica em 76%. Entre os jovens de 17 a 18 anos, o \u00edndice chega a 99%, 6% acima da m\u00e9dia global. Essas estat\u00edsticas indicam a import\u00e2ncia de discutir estrat\u00e9gias para promover uma rela\u00e7\u00e3o saud\u00e1vel entre os jovens e a tecnologia.<\/p>\n<p class=\"v1ql-align-justify\">Um estudo realizado pela Trusted Source tamb\u00e9m destacou a liga\u00e7\u00e3o entre o uso frequente de redes sociais e problemas de sa\u00fade mental, como sono interrompido, depress\u00e3o e perda de mem\u00f3ria. Diante desse contexto, \u00e9 fundamental que os jovens estejam cientes dos impactos potenciais e adotem medidas para cuidar de sua sa\u00fade mental.<\/p>\n<p class=\"v1ql-align-justify\">Andr\u00e9 Minucci, Mentor de Empres\u00e1rios, reconhecido por sua expertise em desenvolvimento pessoal, oferece algumas dicas e conselhos valiosos para ajudar os jovens a cuidarem de sua sa\u00fade mental enquanto navegam pelo mundo digital.<\/p>\n<h5 class=\"v1ql-align-justify\">Estabele\u00e7a limites de tempo:<\/h5>\n<p class=\"v1ql-align-justify\">Defina per\u00edodos espec\u00edficos para o uso de dispositivos eletr\u00f4nicos e redes sociais. &#8220;Evite passar longas horas conectado, pois isso pode afetar negativamente seu bem-estar mental. Reserve tempo para atividades offline, como praticar exerc\u00edcios f\u00edsicos, hobbies e intera\u00e7\u00f5es sociais pessoais&#8221;, diz Andr\u00e9.<\/p>\n<h5 class=\"v1ql-align-justify\">Pratique o autocuidado:<\/h5>\n<p class=\"v1ql-align-justify\">Dedique-se a atividades que promovam seu bem-estar mental. Isso pode incluir medita\u00e7\u00e3o, ioga, leitura, ouvir m\u00fasica, pintura, entre outros hobbies que voc\u00ea goste. Encontre tempo para relaxar e se desconectar das demandas digitais.<\/p>\n<h5 class=\"v1ql-align-justify\">Cuide do seu sono:<\/h5>\n<p class=\"v1ql-align-justify\">A qualidade do sono \u00e9 fundamental para a sa\u00fade mental. Evite o uso de dispositivos eletr\u00f4nicos antes de dormir, pois a luz azul emitida por eles pode interferir no seu ciclo de sono. Mantenha um hor\u00e1rio regular para dormir e acordar, garantindo assim uma boa rotina de sono.<\/p>\n<h5 class=\"v1ql-align-justify\">Construa relacionamentos saud\u00e1veis:<\/h5>\n<p class=\"v1ql-align-justify\">As redes sociais podem ser uma ferramenta valiosa para se conectar com outras pessoas, mas \u00e9 importante buscar relacionamentos aut\u00eanticos e saud\u00e1veis. Priorize intera\u00e7\u00f5es offline, como encontros com amigos e familiares, para fortalecer seus la\u00e7os sociais.<\/p>\n<h5 class=\"v1ql-align-justify\">Seja seletivo com as redes sociais:<\/h5>\n<p class=\"v1ql-align-justify\">Avalie quais plataformas s\u00e3o realmente importantes para voc\u00ea e quais podem ser fontes de estresse e ansiedade. Considere fazer uma &#8220;limpeza&#8221; nas suas redes, deixando de seguir perfis que n\u00e3o agregam valor \u00e0 sua vida ou que promovem compara\u00e7\u00e3o social negativa.<\/p>\n<p class=\"v1ql-align-justify\">Andr\u00e9 ainda faz um alerta para os jovens. &#8220;Se voc\u00ea estiver enfrentando dificuldades emocionais, como sintomas de ansiedade, depress\u00e3o ou estresse, n\u00e3o hesite em procurar ajuda. Converse com um profissional de sa\u00fade mental, como um psic\u00f3logo ou psiquiatra, que pode oferecer orienta\u00e7\u00e3o e suporte adequados&#8221;, comenta.<\/p>\n<p class=\"v1ql-align-justify\"><strong>E qual o impacto da tecnologia para os jovens?<\/strong><\/p>\n<p class=\"v1ql-align-justify\">A tecnologia tem um impacto significativo na vida dos jovens, tanto positivo quanto negativo. Por um lado, a tecnologia oferece uma ampla gama de oportunidades e benef\u00edcios, como acesso a informa\u00e7\u00f5es, facilidade de comunica\u00e7\u00e3o, recursos educacionais, entretenimento e conex\u00f5es sociais. Por outro lado, o uso excessivo ou inadequado da tecnologia pode levar a problemas de sa\u00fade mental, isolamento social e depend\u00eancia.<\/p>\n<h5 class=\"v1ql-align-justify\">Acesso \u00e0 informa\u00e7\u00e3o:<\/h5>\n<p class=\"v1ql-align-justify\">Os jovens t\u00eam acesso r\u00e1pido e f\u00e1cil a uma quantidade inigual\u00e1vel de informa\u00e7\u00f5es. Isso pode ser ben\u00e9fico para aprimorar o conhecimento, pesquisar t\u00f3picos educacionais, obter respostas para perguntas e expandir seus horizontes.<\/p>\n<h5 class=\"v1ql-align-justify\">Comunica\u00e7\u00e3o instant\u00e2nea:<\/h5>\n<p class=\"v1ql-align-justify\">As plataformas de mensagens e redes sociais permitem que os jovens se conectem com amigos e familiares de forma r\u00e1pida e conveniente, independentemente da dist\u00e2ncia f\u00edsica. Essa capacidade de comunica\u00e7\u00e3o instant\u00e2nea pode fortalecer relacionamentos e proporcionar um senso de conex\u00e3o.<\/p>\n<h5 class=\"v1ql-align-justify\">Recursos educacionais:<\/h5>\n<p class=\"v1ql-align-justify\">A tecnologia oferece uma variedade de recursos educacionais, como cursos online, frequentar um<a href=\"https:\/\/click.cse360.com.br\/Click\/AddCampaignEmailClick\/87ca7595-4261-4b82-1cd8-08db51514d8d\/http%253a%252f%252fminuccirp.com.br%252fservicos%252ftreinamento-de-inteligencia-emocional%252f\/8267051e-164c-4a40-8f58-f8d2533c53da\/pauta@redenoticiaz.com.br\/True\" target=\"_blank\" rel=\"noopener noreferrer\"> treinamento de intelig\u00eancia emocional<\/a>, aplicativos de aprendizado e acesso a livros e artigos digitais. Essas ferramentas podem facilitar a aprendizagem, expandir os horizontes acad\u00eamicos e promover o autodesenvolvimento.<\/p>\n<h5 class=\"v1ql-align-justify\">Entretenimento e criatividade:<\/h5>\n<p class=\"v1ql-align-justify\">Os jovens t\u00eam acesso a uma ampla gama de entretenimento digital, como jogos, m\u00fasica, filmes e v\u00eddeos. Al\u00e9m disso, a tecnologia tamb\u00e9m oferece plataformas para a express\u00e3o criativa, permitindo que os jovens criem e compartilhem conte\u00fado, como v\u00eddeos, arte digital e m\u00fasica.<\/p>\n<p class=\"v1ql-align-justify\">No entanto, o especialista comenta que \u00e9 importante estar ciente dos poss\u00edveis impactos negativos do uso excessivo da tecnologia que podem contribuir para problemas de sa\u00fade mental, como ansiedade, depress\u00e3o, solid\u00e3o e baixa autoestima.<\/p>\n<p class=\"v1ql-align-justify\">De acordo com informa\u00e7\u00f5es da Organiza\u00e7\u00e3o Mundial de Sa\u00fade (OMS), as condi\u00e7\u00f5es de sa\u00fade mental s\u00e3o respons\u00e1veis por 16% da carga global de doen\u00e7as e les\u00f5es em pessoas com idade entre 10 e 19 anos. Al\u00e9m disso, a OMS tamb\u00e9m estima que a depress\u00e3o \u00e9 uma das principais causas de doen\u00e7a e incapacidade entre adolescentes em todo o mundo.<\/p>\n<p class=\"v1ql-align-justify\">Esses dados ressaltam a necessidade de promover a conscientiza\u00e7\u00e3o sobre a sa\u00fade mental dos jovens e de implementar estrat\u00e9gias eficazes de preven\u00e7\u00e3o, interven\u00e7\u00e3o precoce e tratamento. \u00c9 fundamental fornecer acesso a servi\u00e7os de sa\u00fade mental de qualidade, incluindo suporte psicol\u00f3gico e aconselhamento.<\/p>\n<p class=\"v1ql-align-justify\">&#8220;Al\u00e9m disso, \u00e9 importante que haja um ambiente prop\u00edcio ao bem-estar mental nas escolas, comunidades e fam\u00edlias, onde os jovens possam sentir-se seguros para expressar suas emo\u00e7\u00f5es, buscar ajuda e receber apoio&#8221;, comenta Andr\u00e9.<\/p>\n<h3 class=\"v1ql-align-justify\"><strong>O papel da fam\u00edlia\u00a0<\/strong><\/h3>\n<p class=\"v1ql-align-justify\">A fam\u00edlia desempenha um papel crucial no cuidado da sa\u00fade mental dos jovens, especialmente quando se trata do uso da tecnologia. Os pais e respons\u00e1veis t\u00eam a responsabilidade de orientar os jovens sobre um uso saud\u00e1vel e equilibrado, estabelecendo limites apropriados e promovendo uma comunica\u00e7\u00e3o aberta sobre os impactos positivos e negativos que a tecnologia pode ter na sa\u00fade mental.<\/p>\n<p class=\"v1ql-align-justify\">Por isso, \u00e9 importante enfatizar que o equil\u00edbrio no uso \u00e9 essencial. Embora a tecnologia ofere\u00e7a in\u00fameras oportunidades e benef\u00edcios, \u00e9 fundamental estabelecer limites saud\u00e1veis e garantir que os jovens tenham tempo suficiente para atividades offline, como intera\u00e7\u00f5es sociais, exerc\u00edcios f\u00edsicos, hobbies e momentos de descanso. Encontrar um equil\u00edbrio entre o mundo digital e o mundo real pode ajudar a preservar a sa\u00fade mental e promover um estilo de vida mais equilibrado e gratificante.<\/p>\n<p class=\"v1ql-align-justify\">&#8220;Portanto, ao reconhecer os impactos a fam\u00edlia, juntamente com a sociedade como um todo, deve trabalhar em conjunto para fornecer orienta\u00e7\u00e3o, apoio emocional e recursos adequados, ao mesmo tempo, em que promove um uso consciente e equilibrado da tecnologia&#8221;, finaliza Andr\u00e9. Dessa forma, podemos ajudar os jovens a desenvolver habilidades saud\u00e1veis de autocuidado e a cultivar uma rela\u00e7\u00e3o saud\u00e1vel com a tecnologia, contribuindo para seu bem-estar geral e sua qualidade de vida.<\/p>\n<p><strong>LEIA TAMB\u00c9M<\/strong><\/p>\n<p><a href=\"https:\/\/redenoticiaz.com.br\/blog\/2023\/05\/14\/quer-uma-oportunidade-de-estagio-veja-o-que-e-necessario-fazer\">Quer uma oportunidade de est\u00e1gio? Veja o que \u00e9 necess\u00e1rio fazer<\/a><\/p>\n","protected":false},"excerpt":{"rendered":"<p>A tecnologia \u00e9 sem d\u00favida um bem essencial para facilitar a vida das pessoas. Especialmente quando o tema \u00e9 voltado para a internet. Mas tanta exposi\u00e7\u00e3o requer cuidados com a sa\u00fade, especialmente a mental dos jovens. Tudo por conta do impacto do uso excessivo de smartphones e das redes sociais. Dados divulgados pela McAfee revelam &hellip;<\/p>\n","protected":false},"author":6,"featured_media":105748,"comment_status":"open","ping_status":"closed","sticky":false,"template":"","format":"standard","meta":{"footnotes":""},"categories":[23,937],"tags":[20999,9702,1722,9657,65172,12762],"class_list":["post-105747","post","type-post","status-publish","format-standard","has-post-thumbnail","hentry","category-saude","category-tecnologia","tag-internet","tag-jovens","tag-oms","tag-redes-sociais","tag-saude-dos-jovens","tag-saude-mental"],"yoast_head":"<!-- This site is optimized with the Yoast SEO plugin v27.4 - https:\/\/yoast.com\/product\/yoast-seo-wordpress\/ -->\n<title>Jovens precisam ter equil\u00edbrio com a tecnologia pelo bem da sa\u00fade mental - Litoral SP<\/title>\n<meta name=\"description\" content=\"A tecnologia \u00e9 sem d\u00favida um bem essencial para facilitar a vida das pessoas. Especialmente quando o tema \u00e9 voltado para a\" \/>\n<meta name=\"robots\" content=\"index, follow, max-snippet:-1, max-image-preview:large, max-video-preview:-1\" \/>\n<link rel=\"canonical\" href=\"https:\/\/redenoticiaz.com.br\/litoralsp\/2023\/05\/20\/jovens-precisam-ter-equilibrio-com-a-tecnologia-pelo-bem-da-saude-mental\" \/>\n<meta property=\"og:locale\" content=\"pt_BR\" \/>\n<meta property=\"og:type\" content=\"article\" \/>\n<meta property=\"og:title\" content=\"Jovens precisam ter equil\u00edbrio com a tecnologia pelo bem da sa\u00fade mental - Litoral SP\" \/>\n<meta property=\"og:description\" content=\"A tecnologia \u00e9 sem d\u00favida um bem essencial para facilitar a vida das pessoas. Especialmente quando o tema \u00e9 voltado para a\" \/>\n<meta property=\"og:url\" content=\"https:\/\/redenoticiaz.com.br\/litoralsp\/2023\/05\/20\/jovens-precisam-ter-equilibrio-com-a-tecnologia-pelo-bem-da-saude-mental\" \/>\n<meta property=\"og:site_name\" content=\"Litoral SP\" \/>\n<meta property=\"article:published_time\" content=\"2023-05-20T15:00:52+00:00\" \/>\n<meta property=\"og:image\" content=\"https:\/\/redenoticiaz.com.br\/litoralsp\/wp-content\/uploads\/sites\/3\/2023\/08\/ccc.jpg\" \/>\n\t<meta property=\"og:image:width\" content=\"648\" \/>\n\t<meta property=\"og:image:height\" content=\"486\" \/>\n\t<meta property=\"og:image:type\" content=\"image\/jpeg\" \/>\n<meta name=\"author\" content=\"Leonardo Francisco\" \/>\n<meta name=\"twitter:card\" content=\"summary_large_image\" \/>\n<meta name=\"twitter:label1\" content=\"Escrito por\" \/>\n\t<meta name=\"twitter:data1\" content=\"Leonardo Francisco\" \/>\n\t<meta name=\"twitter:label2\" content=\"Est. tempo de leitura\" \/>\n\t<meta name=\"twitter:data2\" content=\"7 minutos\" \/>\n<script type=\"application\/ld+json\" class=\"yoast-schema-graph\">{\"@context\":\"https:\\\/\\\/schema.org\",\"@graph\":[{\"@type\":\"Article\",\"@id\":\"https:\\\/\\\/redenoticiaz.com.br\\\/litoralsp\\\/2023\\\/05\\\/20\\\/jovens-precisam-ter-equilibrio-com-a-tecnologia-pelo-bem-da-saude-mental#article\",\"isPartOf\":{\"@id\":\"https:\\\/\\\/redenoticiaz.com.br\\\/litoralsp\\\/2023\\\/05\\\/20\\\/jovens-precisam-ter-equilibrio-com-a-tecnologia-pelo-bem-da-saude-mental\"},\"author\":{\"name\":\"Leonardo Francisco\",\"@id\":\"https:\\\/\\\/redenoticiaz.com.br\\\/litoralsp\\\/#\\\/schema\\\/person\\\/0f0b8a5bdafefe82841e07ae8d81ecb3\"},\"headline\":\"Jovens precisam ter equil\u00edbrio com a tecnologia pelo bem da sa\u00fade mental\",\"datePublished\":\"2023-05-20T15:00:52+00:00\",\"mainEntityOfPage\":{\"@id\":\"https:\\\/\\\/redenoticiaz.com.br\\\/litoralsp\\\/2023\\\/05\\\/20\\\/jovens-precisam-ter-equilibrio-com-a-tecnologia-pelo-bem-da-saude-mental\"},\"wordCount\":1210,\"commentCount\":0,\"publisher\":{\"@id\":\"https:\\\/\\\/redenoticiaz.com.br\\\/litoralsp\\\/#organization\"},\"image\":{\"@id\":\"https:\\\/\\\/redenoticiaz.com.br\\\/litoralsp\\\/2023\\\/05\\\/20\\\/jovens-precisam-ter-equilibrio-com-a-tecnologia-pelo-bem-da-saude-mental#primaryimage\"},\"thumbnailUrl\":\"https:\\\/\\\/redenoticiaz.com.br\\\/litoralsp\\\/wp-content\\\/uploads\\\/sites\\\/3\\\/2023\\\/05\\\/Jovens-e-a-tecnologia-vicio-em-celular.jpg?v=1684204511\",\"keywords\":[\"INTERNET\",\"JOVENS\",\"OMS\",\"REDES SOCIAIS\",\"SA\u00daDE DOS JOVENS\",\"SA\u00daDE MENTAL\"],\"articleSection\":[\"Sa\u00fade\",\"Tecnologia\"],\"inLanguage\":\"pt-BR\",\"potentialAction\":[{\"@type\":\"CommentAction\",\"name\":\"Comment\",\"target\":[\"https:\\\/\\\/redenoticiaz.com.br\\\/litoralsp\\\/2023\\\/05\\\/20\\\/jovens-precisam-ter-equilibrio-com-a-tecnologia-pelo-bem-da-saude-mental#respond\"]}]},{\"@type\":\"WebPage\",\"@id\":\"https:\\\/\\\/redenoticiaz.com.br\\\/litoralsp\\\/2023\\\/05\\\/20\\\/jovens-precisam-ter-equilibrio-com-a-tecnologia-pelo-bem-da-saude-mental\",\"url\":\"https:\\\/\\\/redenoticiaz.com.br\\\/litoralsp\\\/2023\\\/05\\\/20\\\/jovens-precisam-ter-equilibrio-com-a-tecnologia-pelo-bem-da-saude-mental\",\"name\":\"Jovens precisam ter equil\u00edbrio com a tecnologia pelo bem da sa\u00fade mental - Litoral SP\",\"isPartOf\":{\"@id\":\"https:\\\/\\\/redenoticiaz.com.br\\\/litoralsp\\\/#website\"},\"primaryImageOfPage\":{\"@id\":\"https:\\\/\\\/redenoticiaz.com.br\\\/litoralsp\\\/2023\\\/05\\\/20\\\/jovens-precisam-ter-equilibrio-com-a-tecnologia-pelo-bem-da-saude-mental#primaryimage\"},\"image\":{\"@id\":\"https:\\\/\\\/redenoticiaz.com.br\\\/litoralsp\\\/2023\\\/05\\\/20\\\/jovens-precisam-ter-equilibrio-com-a-tecnologia-pelo-bem-da-saude-mental#primaryimage\"},\"thumbnailUrl\":\"https:\\\/\\\/redenoticiaz.com.br\\\/litoralsp\\\/wp-content\\\/uploads\\\/sites\\\/3\\\/2023\\\/05\\\/Jovens-e-a-tecnologia-vicio-em-celular.jpg?v=1684204511\",\"datePublished\":\"2023-05-20T15:00:52+00:00\",\"description\":\"A tecnologia \u00e9 sem d\u00favida um bem essencial para facilitar a vida das pessoas. Especialmente quando o tema \u00e9 voltado para a\",\"inLanguage\":\"pt-BR\",\"potentialAction\":[{\"@type\":\"ReadAction\",\"target\":[\"https:\\\/\\\/redenoticiaz.com.br\\\/litoralsp\\\/2023\\\/05\\\/20\\\/jovens-precisam-ter-equilibrio-com-a-tecnologia-pelo-bem-da-saude-mental\"]}]},{\"@type\":\"ImageObject\",\"inLanguage\":\"pt-BR\",\"@id\":\"https:\\\/\\\/redenoticiaz.com.br\\\/litoralsp\\\/2023\\\/05\\\/20\\\/jovens-precisam-ter-equilibrio-com-a-tecnologia-pelo-bem-da-saude-mental#primaryimage\",\"url\":\"https:\\\/\\\/redenoticiaz.com.br\\\/litoralsp\\\/wp-content\\\/uploads\\\/sites\\\/3\\\/2023\\\/05\\\/Jovens-e-a-tecnologia-vicio-em-celular.jpg?v=1684204511\",\"contentUrl\":\"https:\\\/\\\/redenoticiaz.com.br\\\/litoralsp\\\/wp-content\\\/uploads\\\/sites\\\/3\\\/2023\\\/05\\\/Jovens-e-a-tecnologia-vicio-em-celular.jpg?v=1684204511\",\"width\":800,\"height\":530,\"caption\":\"Cr\u00e9ditos: Divulga\u00e7\u00e3o\"},{\"@type\":\"WebSite\",\"@id\":\"https:\\\/\\\/redenoticiaz.com.br\\\/litoralsp\\\/#website\",\"url\":\"https:\\\/\\\/redenoticiaz.com.br\\\/litoralsp\\\/\",\"name\":\"Litoral SP\",\"description\":\"Rede NoticiaZ\",\"publisher\":{\"@id\":\"https:\\\/\\\/redenoticiaz.com.br\\\/litoralsp\\\/#organization\"},\"potentialAction\":[{\"@type\":\"SearchAction\",\"target\":{\"@type\":\"EntryPoint\",\"urlTemplate\":\"https:\\\/\\\/redenoticiaz.com.br\\\/litoralsp\\\/?s={search_term_string}\"},\"query-input\":{\"@type\":\"PropertyValueSpecification\",\"valueRequired\":true,\"valueName\":\"search_term_string\"}}],\"inLanguage\":\"pt-BR\"},{\"@type\":\"Organization\",\"@id\":\"https:\\\/\\\/redenoticiaz.com.br\\\/litoralsp\\\/#organization\",\"name\":\"Litoral SP\",\"url\":\"https:\\\/\\\/redenoticiaz.com.br\\\/litoralsp\\\/\",\"logo\":{\"@type\":\"ImageObject\",\"inLanguage\":\"pt-BR\",\"@id\":\"https:\\\/\\\/redenoticiaz.com.br\\\/litoralsp\\\/#\\\/schema\\\/logo\\\/image\\\/\",\"url\":\"https:\\\/\\\/redenoticiaz.com.br\\\/litoralsp\\\/wp-content\\\/uploads\\\/sites\\\/3\\\/2020\\\/11\\\/logo.jpg\",\"contentUrl\":\"https:\\\/\\\/redenoticiaz.com.br\\\/litoralsp\\\/wp-content\\\/uploads\\\/sites\\\/3\\\/2020\\\/11\\\/logo.jpg\",\"width\":400,\"height\":250,\"caption\":\"Litoral SP\"},\"image\":{\"@id\":\"https:\\\/\\\/redenoticiaz.com.br\\\/litoralsp\\\/#\\\/schema\\\/logo\\\/image\\\/\"}},{\"@type\":\"Person\",\"@id\":\"https:\\\/\\\/redenoticiaz.com.br\\\/litoralsp\\\/#\\\/schema\\\/person\\\/0f0b8a5bdafefe82841e07ae8d81ecb3\",\"name\":\"Leonardo Francisco\",\"image\":{\"@type\":\"ImageObject\",\"inLanguage\":\"pt-BR\",\"@id\":\"https:\\\/\\\/secure.gravatar.com\\\/avatar\\\/a7358cb406a99b682ec6df1e77e31ae82e63601f6784e8a3df411d72b37864da?s=96&d=mm&r=g\",\"url\":\"https:\\\/\\\/secure.gravatar.com\\\/avatar\\\/a7358cb406a99b682ec6df1e77e31ae82e63601f6784e8a3df411d72b37864da?s=96&d=mm&r=g\",\"contentUrl\":\"https:\\\/\\\/secure.gravatar.com\\\/avatar\\\/a7358cb406a99b682ec6df1e77e31ae82e63601f6784e8a3df411d72b37864da?s=96&d=mm&r=g\",\"caption\":\"Leonardo Francisco\"},\"url\":\"https:\\\/\\\/redenoticiaz.com.br\\\/litoralsp\\\/author\\\/leonardo-francisco\"}]}<\/script>\n<!-- \/ Yoast SEO plugin. -->","yoast_head_json":{"title":"Jovens precisam ter equil\u00edbrio com a tecnologia pelo bem da sa\u00fade mental - Litoral SP","description":"A tecnologia \u00e9 sem d\u00favida um bem essencial para facilitar a vida das pessoas. Especialmente quando o tema \u00e9 voltado para a","robots":{"index":"index","follow":"follow","max-snippet":"max-snippet:-1","max-image-preview":"max-image-preview:large","max-video-preview":"max-video-preview:-1"},"canonical":"https:\/\/redenoticiaz.com.br\/litoralsp\/2023\/05\/20\/jovens-precisam-ter-equilibrio-com-a-tecnologia-pelo-bem-da-saude-mental","og_locale":"pt_BR","og_type":"article","og_title":"Jovens precisam ter equil\u00edbrio com a tecnologia pelo bem da sa\u00fade mental - Litoral SP","og_description":"A tecnologia \u00e9 sem d\u00favida um bem essencial para facilitar a vida das pessoas. Especialmente quando o tema \u00e9 voltado para a","og_url":"https:\/\/redenoticiaz.com.br\/litoralsp\/2023\/05\/20\/jovens-precisam-ter-equilibrio-com-a-tecnologia-pelo-bem-da-saude-mental","og_site_name":"Litoral SP","article_published_time":"2023-05-20T15:00:52+00:00","og_image":[{"width":648,"height":486,"url":"https:\/\/redenoticiaz.com.br\/litoralsp\/wp-content\/uploads\/sites\/3\/2023\/08\/ccc.jpg","type":"image\/jpeg"}],"author":"Leonardo Francisco","twitter_card":"summary_large_image","twitter_misc":{"Escrito por":"Leonardo Francisco","Est. tempo de leitura":"7 minutos"},"schema":{"@context":"https:\/\/schema.org","@graph":[{"@type":"Article","@id":"https:\/\/redenoticiaz.com.br\/litoralsp\/2023\/05\/20\/jovens-precisam-ter-equilibrio-com-a-tecnologia-pelo-bem-da-saude-mental#article","isPartOf":{"@id":"https:\/\/redenoticiaz.com.br\/litoralsp\/2023\/05\/20\/jovens-precisam-ter-equilibrio-com-a-tecnologia-pelo-bem-da-saude-mental"},"author":{"name":"Leonardo Francisco","@id":"https:\/\/redenoticiaz.com.br\/litoralsp\/#\/schema\/person\/0f0b8a5bdafefe82841e07ae8d81ecb3"},"headline":"Jovens precisam ter equil\u00edbrio com a tecnologia pelo bem da sa\u00fade mental","datePublished":"2023-05-20T15:00:52+00:00","mainEntityOfPage":{"@id":"https:\/\/redenoticiaz.com.br\/litoralsp\/2023\/05\/20\/jovens-precisam-ter-equilibrio-com-a-tecnologia-pelo-bem-da-saude-mental"},"wordCount":1210,"commentCount":0,"publisher":{"@id":"https:\/\/redenoticiaz.com.br\/litoralsp\/#organization"},"image":{"@id":"https:\/\/redenoticiaz.com.br\/litoralsp\/2023\/05\/20\/jovens-precisam-ter-equilibrio-com-a-tecnologia-pelo-bem-da-saude-mental#primaryimage"},"thumbnailUrl":"https:\/\/redenoticiaz.com.br\/litoralsp\/wp-content\/uploads\/sites\/3\/2023\/05\/Jovens-e-a-tecnologia-vicio-em-celular.jpg?v=1684204511","keywords":["INTERNET","JOVENS","OMS","REDES SOCIAIS","SA\u00daDE DOS JOVENS","SA\u00daDE MENTAL"],"articleSection":["Sa\u00fade","Tecnologia"],"inLanguage":"pt-BR","potentialAction":[{"@type":"CommentAction","name":"Comment","target":["https:\/\/redenoticiaz.com.br\/litoralsp\/2023\/05\/20\/jovens-precisam-ter-equilibrio-com-a-tecnologia-pelo-bem-da-saude-mental#respond"]}]},{"@type":"WebPage","@id":"https:\/\/redenoticiaz.com.br\/litoralsp\/2023\/05\/20\/jovens-precisam-ter-equilibrio-com-a-tecnologia-pelo-bem-da-saude-mental","url":"https:\/\/redenoticiaz.com.br\/litoralsp\/2023\/05\/20\/jovens-precisam-ter-equilibrio-com-a-tecnologia-pelo-bem-da-saude-mental","name":"Jovens precisam ter equil\u00edbrio com a tecnologia pelo bem da sa\u00fade mental - Litoral SP","isPartOf":{"@id":"https:\/\/redenoticiaz.com.br\/litoralsp\/#website"},"primaryImageOfPage":{"@id":"https:\/\/redenoticiaz.com.br\/litoralsp\/2023\/05\/20\/jovens-precisam-ter-equilibrio-com-a-tecnologia-pelo-bem-da-saude-mental#primaryimage"},"image":{"@id":"https:\/\/redenoticiaz.com.br\/litoralsp\/2023\/05\/20\/jovens-precisam-ter-equilibrio-com-a-tecnologia-pelo-bem-da-saude-mental#primaryimage"},"thumbnailUrl":"https:\/\/redenoticiaz.com.br\/litoralsp\/wp-content\/uploads\/sites\/3\/2023\/05\/Jovens-e-a-tecnologia-vicio-em-celular.jpg?v=1684204511","datePublished":"2023-05-20T15:00:52+00:00","description":"A tecnologia \u00e9 sem d\u00favida um bem essencial para facilitar a vida das pessoas. Especialmente quando o tema \u00e9 voltado para a","inLanguage":"pt-BR","potentialAction":[{"@type":"ReadAction","target":["https:\/\/redenoticiaz.com.br\/litoralsp\/2023\/05\/20\/jovens-precisam-ter-equilibrio-com-a-tecnologia-pelo-bem-da-saude-mental"]}]},{"@type":"ImageObject","inLanguage":"pt-BR","@id":"https:\/\/redenoticiaz.com.br\/litoralsp\/2023\/05\/20\/jovens-precisam-ter-equilibrio-com-a-tecnologia-pelo-bem-da-saude-mental#primaryimage","url":"https:\/\/redenoticiaz.com.br\/litoralsp\/wp-content\/uploads\/sites\/3\/2023\/05\/Jovens-e-a-tecnologia-vicio-em-celular.jpg?v=1684204511","contentUrl":"https:\/\/redenoticiaz.com.br\/litoralsp\/wp-content\/uploads\/sites\/3\/2023\/05\/Jovens-e-a-tecnologia-vicio-em-celular.jpg?v=1684204511","width":800,"height":530,"caption":"Cr\u00e9ditos: Divulga\u00e7\u00e3o"},{"@type":"WebSite","@id":"https:\/\/redenoticiaz.com.br\/litoralsp\/#website","url":"https:\/\/redenoticiaz.com.br\/litoralsp\/","name":"Litoral SP","description":"Rede NoticiaZ","publisher":{"@id":"https:\/\/redenoticiaz.com.br\/litoralsp\/#organization"},"potentialAction":[{"@type":"SearchAction","target":{"@type":"EntryPoint","urlTemplate":"https:\/\/redenoticiaz.com.br\/litoralsp\/?s={search_term_string}"},"query-input":{"@type":"PropertyValueSpecification","valueRequired":true,"valueName":"search_term_string"}}],"inLanguage":"pt-BR"},{"@type":"Organization","@id":"https:\/\/redenoticiaz.com.br\/litoralsp\/#organization","name":"Litoral SP","url":"https:\/\/redenoticiaz.com.br\/litoralsp\/","logo":{"@type":"ImageObject","inLanguage":"pt-BR","@id":"https:\/\/redenoticiaz.com.br\/litoralsp\/#\/schema\/logo\/image\/","url":"https:\/\/redenoticiaz.com.br\/litoralsp\/wp-content\/uploads\/sites\/3\/2020\/11\/logo.jpg","contentUrl":"https:\/\/redenoticiaz.com.br\/litoralsp\/wp-content\/uploads\/sites\/3\/2020\/11\/logo.jpg","width":400,"height":250,"caption":"Litoral SP"},"image":{"@id":"https:\/\/redenoticiaz.com.br\/litoralsp\/#\/schema\/logo\/image\/"}},{"@type":"Person","@id":"https:\/\/redenoticiaz.com.br\/litoralsp\/#\/schema\/person\/0f0b8a5bdafefe82841e07ae8d81ecb3","name":"Leonardo Francisco","image":{"@type":"ImageObject","inLanguage":"pt-BR","@id":"https:\/\/secure.gravatar.com\/avatar\/a7358cb406a99b682ec6df1e77e31ae82e63601f6784e8a3df411d72b37864da?s=96&d=mm&r=g","url":"https:\/\/secure.gravatar.com\/avatar\/a7358cb406a99b682ec6df1e77e31ae82e63601f6784e8a3df411d72b37864da?s=96&d=mm&r=g","contentUrl":"https:\/\/secure.gravatar.com\/avatar\/a7358cb406a99b682ec6df1e77e31ae82e63601f6784e8a3df411d72b37864da?s=96&d=mm&r=g","caption":"Leonardo Francisco"},"url":"https:\/\/redenoticiaz.com.br\/litoralsp\/author\/leonardo-francisco"}]}},"_links":{"self":[{"href":"https:\/\/redenoticiaz.com.br\/litoralsp\/wp-json\/wp\/v2\/posts\/105747","targetHints":{"allow":["GET"]}}],"collection":[{"href":"https:\/\/redenoticiaz.com.br\/litoralsp\/wp-json\/wp\/v2\/posts"}],"about":[{"href":"https:\/\/redenoticiaz.com.br\/litoralsp\/wp-json\/wp\/v2\/types\/post"}],"author":[{"embeddable":true,"href":"https:\/\/redenoticiaz.com.br\/litoralsp\/wp-json\/wp\/v2\/users\/6"}],"replies":[{"embeddable":true,"href":"https:\/\/redenoticiaz.com.br\/litoralsp\/wp-json\/wp\/v2\/comments?post=105747"}],"version-history":[{"count":0,"href":"https:\/\/redenoticiaz.com.br\/litoralsp\/wp-json\/wp\/v2\/posts\/105747\/revisions"}],"wp:featuredmedia":[{"embeddable":true,"href":"https:\/\/redenoticiaz.com.br\/litoralsp\/wp-json\/wp\/v2\/media\/105748"}],"wp:attachment":[{"href":"https:\/\/redenoticiaz.com.br\/litoralsp\/wp-json\/wp\/v2\/media?parent=105747"}],"wp:term":[{"taxonomy":"category","embeddable":true,"href":"https:\/\/redenoticiaz.com.br\/litoralsp\/wp-json\/wp\/v2\/categories?post=105747"},{"taxonomy":"post_tag","embeddable":true,"href":"https:\/\/redenoticiaz.com.br\/litoralsp\/wp-json\/wp\/v2\/tags?post=105747"}],"curies":[{"name":"wp","href":"https:\/\/api.w.org\/{rel}","templated":true}]}}