{"id":105900,"date":"2023-05-18T08:52:14","date_gmt":"2023-05-18T11:52:14","guid":{"rendered":"https:\/\/redenoticiaz.com.br\/litoralsp\/?p=105900"},"modified":"2023-05-18T08:53:21","modified_gmt":"2023-05-18T11:53:21","slug":"pf-apreende-mais-de-uma-tonelada-de-cocaina-no-porto-de-santos","status":"publish","type":"post","link":"https:\/\/redenoticiaz.com.br\/litoralsp\/2023\/05\/18\/pf-apreende-mais-de-uma-tonelada-de-cocaina-no-porto-de-santos","title":{"rendered":"PF apreende mais de uma tonelada de coca\u00edna no Porto de Santos"},"content":{"rendered":"<div id=\"chunk-5ca9i\">\n<div class=\"mc-column content-text active-extra-styles \" data-block-type=\"unstyled\" data-block-weight=\"43\" data-block-id=\"3\">\n<p class=\"content-text__container \" data-track-category=\"Link no Texto\" data-track-links=\"\">Uma a\u00e7\u00e3o conjunta da Pol\u00edcia e Receita Federal resultou na apreens\u00e3o de <strong>1,1 tonelada de coca\u00edna<\/strong> no Porto de Santos, Litoral S\u00e3o Paulo. A a\u00e7\u00e3o ocorreu nesta quarta-feira (17) e a droga estava escondida em um cont\u00eainer que tinha como destino o Porto de Antu\u00e9rpia, na B\u00e9lgica.<\/p>\n<\/div>\n<\/div>\n<div class=\"wall protected-content\">\n<div id=\"chunk-fkt1t\">\n<div class=\"mc-column content-text active-extra-styles \" data-block-type=\"unstyled\" data-block-weight=\"44\" data-block-id=\"4\">\n<p class=\"content-text__container \" data-track-category=\"Link no Texto\" data-track-links=\"\">A PF informou que o entorpecente estava escondido em meio a l\u00e2minas de metal. O cont\u00eainer foi selecionado para inspe\u00e7\u00e3o pela \u00c1rea de Gest\u00e3o de Riscos da Receita Federal. Um c\u00e3o farejador da Receita Federal participou da an\u00e1lise e apontou para a presen\u00e7a da droga.<\/p>\n<\/div>\n<\/div>\n<div id=\"chunk-b6tl6\">\n<div class=\"mc-column content-text active-extra-styles \" data-block-type=\"unstyled\" data-block-weight=\"44\" data-block-id=\"5\">\n<p class=\"content-text__container \" data-track-category=\"Link no Texto\" data-track-links=\"\">As autoridades encontraram os pacotes com uma subst\u00e2ncia branca e realizou um teste que apontou para as caracter\u00edsticas da coca\u00edna. Os pacotes da droga foram apreendidos e a Pol\u00edcia Federal realizou a per\u00edcia no local. Foi aberto um inqu\u00e9rito policial para investiga\u00e7\u00e3o do caso.<\/p>\n<p data-track-category=\"Link no Texto\" data-track-links=\"\"><strong>LEIA TAMB\u00c9M<\/strong><\/p>\n<p data-track-category=\"Link no Texto\" data-track-links=\"\"><a href=\"https:\/\/redenoticiaz.com.br\/litoralsp\/2023\/05\/17\/homem-e-preso-com-mais-de-2-mil-municoes-em-itanhaem\">Homem \u00e9 preso com mais de 2 mil muni\u00e7\u00f5es em Itanha\u00e9m<\/a><\/p>\n<\/div>\n<\/div>\n<\/div>\n","protected":false},"excerpt":{"rendered":"<p>Uma a\u00e7\u00e3o conjunta da Pol\u00edcia e Receita Federal resultou na apreens\u00e3o de 1,1 tonelada de coca\u00edna no Porto de Santos, Litoral S\u00e3o Paulo. A a\u00e7\u00e3o ocorreu nesta quarta-feira (17) e a droga estava escondida em um cont\u00eainer que tinha como destino o Porto de Antu\u00e9rpia, na B\u00e9lgica. A PF informou que o entorpecente estava escondido &hellip;<\/p>\n","protected":false},"author":6,"featured_media":105901,"comment_status":"open","ping_status":"closed","sticky":false,"template":"","format":"standard","meta":{"footnotes":""},"categories":[10,18537,180],"tags":[7588,2185,14,51779,74,2183,986,36498],"class_list":["post-105900","post","type-post","status-publish","format-standard","has-post-thumbnail","hentry","category-policia","category-porto","category-santos","tag-belgica","tag-cocaina","tag-policia-federal","tag-porto-de-antuerpia","tag-porto-de-santos","tag-receita-federal","tag-santos","tag-trafico-internacional-de-drogas"],"yoast_head":"<!-- This site is optimized with the Yoast SEO plugin v27.4 - https:\/\/yoast.com\/product\/yoast-seo-wordpress\/ -->\n<title>PF apreende mais de uma tonelada de coca\u00edna no Porto de Santos - Litoral SP<\/title>\n<meta name=\"description\" content=\"Uma a\u00e7\u00e3o conjunta da Pol\u00edcia e Receita Federal resultou na apreens\u00e3o de 1,1 tonelada de coca\u00edna no Porto de Santos, Litoral S\u00e3o Paulo.\" \/>\n<meta name=\"robots\" content=\"index, follow, max-snippet:-1, max-image-preview:large, max-video-preview:-1\" \/>\n<link rel=\"canonical\" href=\"https:\/\/redenoticiaz.com.br\/litoralsp\/2023\/05\/18\/pf-apreende-mais-de-uma-tonelada-de-cocaina-no-porto-de-santos\" \/>\n<meta property=\"og:locale\" content=\"pt_BR\" \/>\n<meta property=\"og:type\" content=\"article\" \/>\n<meta property=\"og:title\" content=\"PF apreende mais de uma tonelada de coca\u00edna no Porto de Santos - Litoral SP\" \/>\n<meta property=\"og:description\" content=\"Uma a\u00e7\u00e3o conjunta da Pol\u00edcia e Receita Federal resultou na apreens\u00e3o de 1,1 tonelada de coca\u00edna no Porto de Santos, Litoral S\u00e3o Paulo.\" \/>\n<meta property=\"og:url\" content=\"https:\/\/redenoticiaz.com.br\/litoralsp\/2023\/05\/18\/pf-apreende-mais-de-uma-tonelada-de-cocaina-no-porto-de-santos\" \/>\n<meta property=\"og:site_name\" content=\"Litoral SP\" \/>\n<meta property=\"article:published_time\" content=\"2023-05-18T11:52:14+00:00\" \/>\n<meta property=\"article:modified_time\" content=\"2023-05-18T11:53:21+00:00\" \/>\n<meta property=\"og:image\" content=\"https:\/\/redenoticiaz.com.br\/litoralsp\/wp-content\/uploads\/sites\/3\/2023\/05\/f716c35b-42dc-475c-9d30-93e99afc550a.jpeg\" \/>\n\t<meta property=\"og:image:width\" content=\"768\" \/>\n\t<meta property=\"og:image:height\" content=\"576\" \/>\n\t<meta property=\"og:image:type\" content=\"image\/jpeg\" \/>\n<meta name=\"author\" content=\"Leonardo Francisco\" \/>\n<meta name=\"twitter:card\" content=\"summary_large_image\" \/>\n<meta name=\"twitter:label1\" content=\"Escrito por\" \/>\n\t<meta name=\"twitter:data1\" content=\"Leonardo Francisco\" \/>\n\t<meta name=\"twitter:label2\" content=\"Est. tempo de leitura\" \/>\n\t<meta name=\"twitter:data2\" content=\"1 minuto\" \/>\n<script type=\"application\/ld+json\" class=\"yoast-schema-graph\">{\"@context\":\"https:\\\/\\\/schema.org\",\"@graph\":[{\"@type\":\"Article\",\"@id\":\"https:\\\/\\\/redenoticiaz.com.br\\\/litoralsp\\\/2023\\\/05\\\/18\\\/pf-apreende-mais-de-uma-tonelada-de-cocaina-no-porto-de-santos#article\",\"isPartOf\":{\"@id\":\"https:\\\/\\\/redenoticiaz.com.br\\\/litoralsp\\\/2023\\\/05\\\/18\\\/pf-apreende-mais-de-uma-tonelada-de-cocaina-no-porto-de-santos\"},\"author\":{\"name\":\"Leonardo Francisco\",\"@id\":\"https:\\\/\\\/redenoticiaz.com.br\\\/litoralsp\\\/#\\\/schema\\\/person\\\/0f0b8a5bdafefe82841e07ae8d81ecb3\"},\"headline\":\"PF apreende mais de uma tonelada de coca\u00edna no Porto de Santos\",\"datePublished\":\"2023-05-18T11:52:14+00:00\",\"dateModified\":\"2023-05-18T11:53:21+00:00\",\"mainEntityOfPage\":{\"@id\":\"https:\\\/\\\/redenoticiaz.com.br\\\/litoralsp\\\/2023\\\/05\\\/18\\\/pf-apreende-mais-de-uma-tonelada-de-cocaina-no-porto-de-santos\"},\"wordCount\":184,\"commentCount\":0,\"publisher\":{\"@id\":\"https:\\\/\\\/redenoticiaz.com.br\\\/litoralsp\\\/#organization\"},\"image\":{\"@id\":\"https:\\\/\\\/redenoticiaz.com.br\\\/litoralsp\\\/2023\\\/05\\\/18\\\/pf-apreende-mais-de-uma-tonelada-de-cocaina-no-porto-de-santos#primaryimage\"},\"thumbnailUrl\":\"https:\\\/\\\/redenoticiaz.com.br\\\/litoralsp\\\/wp-content\\\/uploads\\\/sites\\\/3\\\/2023\\\/05\\\/f716c35b-42dc-475c-9d30-93e99afc550a.jpeg\",\"keywords\":[\"B\u00c9LGICA\",\"COCA\u00cdNA\",\"policia federal\",\"PORTO DE ANTU\u00c9RPIA\",\"porto de santos\",\"Receita Federal\",\"Santos\",\"TR\u00c1FICO INTERNACIONAL DE DROGAS\"],\"articleSection\":[\"Pol\u00edcia\",\"Porto\",\"Santos\"],\"inLanguage\":\"pt-BR\",\"potentialAction\":[{\"@type\":\"CommentAction\",\"name\":\"Comment\",\"target\":[\"https:\\\/\\\/redenoticiaz.com.br\\\/litoralsp\\\/2023\\\/05\\\/18\\\/pf-apreende-mais-de-uma-tonelada-de-cocaina-no-porto-de-santos#respond\"]}]},{\"@type\":\"WebPage\",\"@id\":\"https:\\\/\\\/redenoticiaz.com.br\\\/litoralsp\\\/2023\\\/05\\\/18\\\/pf-apreende-mais-de-uma-tonelada-de-cocaina-no-porto-de-santos\",\"url\":\"https:\\\/\\\/redenoticiaz.com.br\\\/litoralsp\\\/2023\\\/05\\\/18\\\/pf-apreende-mais-de-uma-tonelada-de-cocaina-no-porto-de-santos\",\"name\":\"PF apreende mais de uma tonelada de coca\u00edna no Porto de Santos - Litoral SP\",\"isPartOf\":{\"@id\":\"https:\\\/\\\/redenoticiaz.com.br\\\/litoralsp\\\/#website\"},\"primaryImageOfPage\":{\"@id\":\"https:\\\/\\\/redenoticiaz.com.br\\\/litoralsp\\\/2023\\\/05\\\/18\\\/pf-apreende-mais-de-uma-tonelada-de-cocaina-no-porto-de-santos#primaryimage\"},\"image\":{\"@id\":\"https:\\\/\\\/redenoticiaz.com.br\\\/litoralsp\\\/2023\\\/05\\\/18\\\/pf-apreende-mais-de-uma-tonelada-de-cocaina-no-porto-de-santos#primaryimage\"},\"thumbnailUrl\":\"https:\\\/\\\/redenoticiaz.com.br\\\/litoralsp\\\/wp-content\\\/uploads\\\/sites\\\/3\\\/2023\\\/05\\\/f716c35b-42dc-475c-9d30-93e99afc550a.jpeg\",\"datePublished\":\"2023-05-18T11:52:14+00:00\",\"dateModified\":\"2023-05-18T11:53:21+00:00\",\"description\":\"Uma a\u00e7\u00e3o conjunta da Pol\u00edcia e Receita Federal resultou na apreens\u00e3o de 1,1 tonelada de coca\u00edna no Porto de Santos, Litoral S\u00e3o Paulo.\",\"inLanguage\":\"pt-BR\",\"potentialAction\":[{\"@type\":\"ReadAction\",\"target\":[\"https:\\\/\\\/redenoticiaz.com.br\\\/litoralsp\\\/2023\\\/05\\\/18\\\/pf-apreende-mais-de-uma-tonelada-de-cocaina-no-porto-de-santos\"]}]},{\"@type\":\"ImageObject\",\"inLanguage\":\"pt-BR\",\"@id\":\"https:\\\/\\\/redenoticiaz.com.br\\\/litoralsp\\\/2023\\\/05\\\/18\\\/pf-apreende-mais-de-uma-tonelada-de-cocaina-no-porto-de-santos#primaryimage\",\"url\":\"https:\\\/\\\/redenoticiaz.com.br\\\/litoralsp\\\/wp-content\\\/uploads\\\/sites\\\/3\\\/2023\\\/05\\\/f716c35b-42dc-475c-9d30-93e99afc550a.jpeg\",\"contentUrl\":\"https:\\\/\\\/redenoticiaz.com.br\\\/litoralsp\\\/wp-content\\\/uploads\\\/sites\\\/3\\\/2023\\\/05\\\/f716c35b-42dc-475c-9d30-93e99afc550a.jpeg\",\"width\":768,\"height\":576,\"caption\":\"Cr\u00e9ditos: Divulga\u00e7\u00e3o\\\/Pol\u00edcia Federal\"},{\"@type\":\"WebSite\",\"@id\":\"https:\\\/\\\/redenoticiaz.com.br\\\/litoralsp\\\/#website\",\"url\":\"https:\\\/\\\/redenoticiaz.com.br\\\/litoralsp\\\/\",\"name\":\"Litoral SP\",\"description\":\"Rede NoticiaZ\",\"publisher\":{\"@id\":\"https:\\\/\\\/redenoticiaz.com.br\\\/litoralsp\\\/#organization\"},\"potentialAction\":[{\"@type\":\"SearchAction\",\"target\":{\"@type\":\"EntryPoint\",\"urlTemplate\":\"https:\\\/\\\/redenoticiaz.com.br\\\/litoralsp\\\/?s={search_term_string}\"},\"query-input\":{\"@type\":\"PropertyValueSpecification\",\"valueRequired\":true,\"valueName\":\"search_term_string\"}}],\"inLanguage\":\"pt-BR\"},{\"@type\":\"Organization\",\"@id\":\"https:\\\/\\\/redenoticiaz.com.br\\\/litoralsp\\\/#organization\",\"name\":\"Litoral SP\",\"url\":\"https:\\\/\\\/redenoticiaz.com.br\\\/litoralsp\\\/\",\"logo\":{\"@type\":\"ImageObject\",\"inLanguage\":\"pt-BR\",\"@id\":\"https:\\\/\\\/redenoticiaz.com.br\\\/litoralsp\\\/#\\\/schema\\\/logo\\\/image\\\/\",\"url\":\"https:\\\/\\\/redenoticiaz.com.br\\\/litoralsp\\\/wp-content\\\/uploads\\\/sites\\\/3\\\/2020\\\/11\\\/logo.jpg\",\"contentUrl\":\"https:\\\/\\\/redenoticiaz.com.br\\\/litoralsp\\\/wp-content\\\/uploads\\\/sites\\\/3\\\/2020\\\/11\\\/logo.jpg\",\"width\":400,\"height\":250,\"caption\":\"Litoral SP\"},\"image\":{\"@id\":\"https:\\\/\\\/redenoticiaz.com.br\\\/litoralsp\\\/#\\\/schema\\\/logo\\\/image\\\/\"}},{\"@type\":\"Person\",\"@id\":\"https:\\\/\\\/redenoticiaz.com.br\\\/litoralsp\\\/#\\\/schema\\\/person\\\/0f0b8a5bdafefe82841e07ae8d81ecb3\",\"name\":\"Leonardo Francisco\",\"image\":{\"@type\":\"ImageObject\",\"inLanguage\":\"pt-BR\",\"@id\":\"https:\\\/\\\/secure.gravatar.com\\\/avatar\\\/a7358cb406a99b682ec6df1e77e31ae82e63601f6784e8a3df411d72b37864da?s=96&d=mm&r=g\",\"url\":\"https:\\\/\\\/secure.gravatar.com\\\/avatar\\\/a7358cb406a99b682ec6df1e77e31ae82e63601f6784e8a3df411d72b37864da?s=96&d=mm&r=g\",\"contentUrl\":\"https:\\\/\\\/secure.gravatar.com\\\/avatar\\\/a7358cb406a99b682ec6df1e77e31ae82e63601f6784e8a3df411d72b37864da?s=96&d=mm&r=g\",\"caption\":\"Leonardo Francisco\"},\"url\":\"https:\\\/\\\/redenoticiaz.com.br\\\/litoralsp\\\/author\\\/leonardo-francisco\"}]}<\/script>\n<!-- \/ Yoast SEO plugin. -->","yoast_head_json":{"title":"PF apreende mais de uma tonelada de coca\u00edna no Porto de Santos - Litoral SP","description":"Uma a\u00e7\u00e3o conjunta da Pol\u00edcia e Receita Federal resultou na apreens\u00e3o de 1,1 tonelada de coca\u00edna no Porto de Santos, Litoral S\u00e3o Paulo.","robots":{"index":"index","follow":"follow","max-snippet":"max-snippet:-1","max-image-preview":"max-image-preview:large","max-video-preview":"max-video-preview:-1"},"canonical":"https:\/\/redenoticiaz.com.br\/litoralsp\/2023\/05\/18\/pf-apreende-mais-de-uma-tonelada-de-cocaina-no-porto-de-santos","og_locale":"pt_BR","og_type":"article","og_title":"PF apreende mais de uma tonelada de coca\u00edna no Porto de Santos - Litoral SP","og_description":"Uma a\u00e7\u00e3o conjunta da Pol\u00edcia e Receita Federal resultou na apreens\u00e3o de 1,1 tonelada de coca\u00edna no Porto de Santos, Litoral S\u00e3o Paulo.","og_url":"https:\/\/redenoticiaz.com.br\/litoralsp\/2023\/05\/18\/pf-apreende-mais-de-uma-tonelada-de-cocaina-no-porto-de-santos","og_site_name":"Litoral SP","article_published_time":"2023-05-18T11:52:14+00:00","article_modified_time":"2023-05-18T11:53:21+00:00","og_image":[{"width":768,"height":576,"url":"https:\/\/redenoticiaz.com.br\/litoralsp\/wp-content\/uploads\/sites\/3\/2023\/05\/f716c35b-42dc-475c-9d30-93e99afc550a.jpeg","type":"image\/jpeg"}],"author":"Leonardo Francisco","twitter_card":"summary_large_image","twitter_misc":{"Escrito por":"Leonardo Francisco","Est. tempo de leitura":"1 minuto"},"schema":{"@context":"https:\/\/schema.org","@graph":[{"@type":"Article","@id":"https:\/\/redenoticiaz.com.br\/litoralsp\/2023\/05\/18\/pf-apreende-mais-de-uma-tonelada-de-cocaina-no-porto-de-santos#article","isPartOf":{"@id":"https:\/\/redenoticiaz.com.br\/litoralsp\/2023\/05\/18\/pf-apreende-mais-de-uma-tonelada-de-cocaina-no-porto-de-santos"},"author":{"name":"Leonardo Francisco","@id":"https:\/\/redenoticiaz.com.br\/litoralsp\/#\/schema\/person\/0f0b8a5bdafefe82841e07ae8d81ecb3"},"headline":"PF apreende mais de uma tonelada de coca\u00edna no Porto de Santos","datePublished":"2023-05-18T11:52:14+00:00","dateModified":"2023-05-18T11:53:21+00:00","mainEntityOfPage":{"@id":"https:\/\/redenoticiaz.com.br\/litoralsp\/2023\/05\/18\/pf-apreende-mais-de-uma-tonelada-de-cocaina-no-porto-de-santos"},"wordCount":184,"commentCount":0,"publisher":{"@id":"https:\/\/redenoticiaz.com.br\/litoralsp\/#organization"},"image":{"@id":"https:\/\/redenoticiaz.com.br\/litoralsp\/2023\/05\/18\/pf-apreende-mais-de-uma-tonelada-de-cocaina-no-porto-de-santos#primaryimage"},"thumbnailUrl":"https:\/\/redenoticiaz.com.br\/litoralsp\/wp-content\/uploads\/sites\/3\/2023\/05\/f716c35b-42dc-475c-9d30-93e99afc550a.jpeg","keywords":["B\u00c9LGICA","COCA\u00cdNA","policia federal","PORTO DE ANTU\u00c9RPIA","porto de santos","Receita Federal","Santos","TR\u00c1FICO INTERNACIONAL DE DROGAS"],"articleSection":["Pol\u00edcia","Porto","Santos"],"inLanguage":"pt-BR","potentialAction":[{"@type":"CommentAction","name":"Comment","target":["https:\/\/redenoticiaz.com.br\/litoralsp\/2023\/05\/18\/pf-apreende-mais-de-uma-tonelada-de-cocaina-no-porto-de-santos#respond"]}]},{"@type":"WebPage","@id":"https:\/\/redenoticiaz.com.br\/litoralsp\/2023\/05\/18\/pf-apreende-mais-de-uma-tonelada-de-cocaina-no-porto-de-santos","url":"https:\/\/redenoticiaz.com.br\/litoralsp\/2023\/05\/18\/pf-apreende-mais-de-uma-tonelada-de-cocaina-no-porto-de-santos","name":"PF apreende mais de uma tonelada de coca\u00edna no Porto de Santos - Litoral SP","isPartOf":{"@id":"https:\/\/redenoticiaz.com.br\/litoralsp\/#website"},"primaryImageOfPage":{"@id":"https:\/\/redenoticiaz.com.br\/litoralsp\/2023\/05\/18\/pf-apreende-mais-de-uma-tonelada-de-cocaina-no-porto-de-santos#primaryimage"},"image":{"@id":"https:\/\/redenoticiaz.com.br\/litoralsp\/2023\/05\/18\/pf-apreende-mais-de-uma-tonelada-de-cocaina-no-porto-de-santos#primaryimage"},"thumbnailUrl":"https:\/\/redenoticiaz.com.br\/litoralsp\/wp-content\/uploads\/sites\/3\/2023\/05\/f716c35b-42dc-475c-9d30-93e99afc550a.jpeg","datePublished":"2023-05-18T11:52:14+00:00","dateModified":"2023-05-18T11:53:21+00:00","description":"Uma a\u00e7\u00e3o conjunta da Pol\u00edcia e Receita Federal resultou na apreens\u00e3o de 1,1 tonelada de coca\u00edna no Porto de Santos, Litoral S\u00e3o Paulo.","inLanguage":"pt-BR","potentialAction":[{"@type":"ReadAction","target":["https:\/\/redenoticiaz.com.br\/litoralsp\/2023\/05\/18\/pf-apreende-mais-de-uma-tonelada-de-cocaina-no-porto-de-santos"]}]},{"@type":"ImageObject","inLanguage":"pt-BR","@id":"https:\/\/redenoticiaz.com.br\/litoralsp\/2023\/05\/18\/pf-apreende-mais-de-uma-tonelada-de-cocaina-no-porto-de-santos#primaryimage","url":"https:\/\/redenoticiaz.com.br\/litoralsp\/wp-content\/uploads\/sites\/3\/2023\/05\/f716c35b-42dc-475c-9d30-93e99afc550a.jpeg","contentUrl":"https:\/\/redenoticiaz.com.br\/litoralsp\/wp-content\/uploads\/sites\/3\/2023\/05\/f716c35b-42dc-475c-9d30-93e99afc550a.jpeg","width":768,"height":576,"caption":"Cr\u00e9ditos: Divulga\u00e7\u00e3o\/Pol\u00edcia Federal"},{"@type":"WebSite","@id":"https:\/\/redenoticiaz.com.br\/litoralsp\/#website","url":"https:\/\/redenoticiaz.com.br\/litoralsp\/","name":"Litoral SP","description":"Rede NoticiaZ","publisher":{"@id":"https:\/\/redenoticiaz.com.br\/litoralsp\/#organization"},"potentialAction":[{"@type":"SearchAction","target":{"@type":"EntryPoint","urlTemplate":"https:\/\/redenoticiaz.com.br\/litoralsp\/?s={search_term_string}"},"query-input":{"@type":"PropertyValueSpecification","valueRequired":true,"valueName":"search_term_string"}}],"inLanguage":"pt-BR"},{"@type":"Organization","@id":"https:\/\/redenoticiaz.com.br\/litoralsp\/#organization","name":"Litoral SP","url":"https:\/\/redenoticiaz.com.br\/litoralsp\/","logo":{"@type":"ImageObject","inLanguage":"pt-BR","@id":"https:\/\/redenoticiaz.com.br\/litoralsp\/#\/schema\/logo\/image\/","url":"https:\/\/redenoticiaz.com.br\/litoralsp\/wp-content\/uploads\/sites\/3\/2020\/11\/logo.jpg","contentUrl":"https:\/\/redenoticiaz.com.br\/litoralsp\/wp-content\/uploads\/sites\/3\/2020\/11\/logo.jpg","width":400,"height":250,"caption":"Litoral SP"},"image":{"@id":"https:\/\/redenoticiaz.com.br\/litoralsp\/#\/schema\/logo\/image\/"}},{"@type":"Person","@id":"https:\/\/redenoticiaz.com.br\/litoralsp\/#\/schema\/person\/0f0b8a5bdafefe82841e07ae8d81ecb3","name":"Leonardo Francisco","image":{"@type":"ImageObject","inLanguage":"pt-BR","@id":"https:\/\/secure.gravatar.com\/avatar\/a7358cb406a99b682ec6df1e77e31ae82e63601f6784e8a3df411d72b37864da?s=96&d=mm&r=g","url":"https:\/\/secure.gravatar.com\/avatar\/a7358cb406a99b682ec6df1e77e31ae82e63601f6784e8a3df411d72b37864da?s=96&d=mm&r=g","contentUrl":"https:\/\/secure.gravatar.com\/avatar\/a7358cb406a99b682ec6df1e77e31ae82e63601f6784e8a3df411d72b37864da?s=96&d=mm&r=g","caption":"Leonardo Francisco"},"url":"https:\/\/redenoticiaz.com.br\/litoralsp\/author\/leonardo-francisco"}]}},"_links":{"self":[{"href":"https:\/\/redenoticiaz.com.br\/litoralsp\/wp-json\/wp\/v2\/posts\/105900","targetHints":{"allow":["GET"]}}],"collection":[{"href":"https:\/\/redenoticiaz.com.br\/litoralsp\/wp-json\/wp\/v2\/posts"}],"about":[{"href":"https:\/\/redenoticiaz.com.br\/litoralsp\/wp-json\/wp\/v2\/types\/post"}],"author":[{"embeddable":true,"href":"https:\/\/redenoticiaz.com.br\/litoralsp\/wp-json\/wp\/v2\/users\/6"}],"replies":[{"embeddable":true,"href":"https:\/\/redenoticiaz.com.br\/litoralsp\/wp-json\/wp\/v2\/comments?post=105900"}],"version-history":[{"count":1,"href":"https:\/\/redenoticiaz.com.br\/litoralsp\/wp-json\/wp\/v2\/posts\/105900\/revisions"}],"predecessor-version":[{"id":105902,"href":"https:\/\/redenoticiaz.com.br\/litoralsp\/wp-json\/wp\/v2\/posts\/105900\/revisions\/105902"}],"wp:featuredmedia":[{"embeddable":true,"href":"https:\/\/redenoticiaz.com.br\/litoralsp\/wp-json\/wp\/v2\/media\/105901"}],"wp:attachment":[{"href":"https:\/\/redenoticiaz.com.br\/litoralsp\/wp-json\/wp\/v2\/media?parent=105900"}],"wp:term":[{"taxonomy":"category","embeddable":true,"href":"https:\/\/redenoticiaz.com.br\/litoralsp\/wp-json\/wp\/v2\/categories?post=105900"},{"taxonomy":"post_tag","embeddable":true,"href":"https:\/\/redenoticiaz.com.br\/litoralsp\/wp-json\/wp\/v2\/tags?post=105900"}],"curies":[{"name":"wp","href":"https:\/\/api.w.org\/{rel}","templated":true}]}}