{"id":105903,"date":"2023-05-18T11:49:57","date_gmt":"2023-05-18T14:49:57","guid":{"rendered":"https:\/\/redenoticiaz.com.br\/litoralsp\/?p=105903"},"modified":"2023-05-18T11:49:57","modified_gmt":"2023-05-18T14:49:57","slug":"dupla-e-presa-apos-realizar-sequestro-relampago-de-caminhoneiro-em-santos","status":"publish","type":"post","link":"https:\/\/redenoticiaz.com.br\/litoralsp\/2023\/05\/18\/dupla-e-presa-apos-realizar-sequestro-relampago-de-caminhoneiro-em-santos","title":{"rendered":"Dupla \u00e9 presa ap\u00f3s realizar sequestro-rel\u00e2mpago de caminhoneiro em Santos"},"content":{"rendered":"<p>A Pol\u00edcia Militar prendeu dois homens acusados de cometerem um <strong>sequestro-rel\u00e2mpago<\/strong> contra um caminhoneiro, de 53 anos, em Santos. A v\u00edtima estava esperando para carregar uma mercadoria pr\u00f3ximo a uma empresa quando foi abordado pelos bandidos, O ve\u00edculo seria carregado com bobinas de a\u00e7o e seguiria para o Interior de S\u00e3o Paulo.<\/p>\n<p>De acordo com a PM, o homem seria mantido em cativeiro at\u00e9 que os criminosos conseguissem roubar o caminh\u00e3o. Era por volta das 18h, quando o caminhoneiro estava em frente a empresa, no bairro do Estu\u00e1rio. De repente, os criminosos vieram e colocaram a v\u00edtima dentro de um carro preto e fugiram em dire\u00e7\u00e3o \u00e0 avenida Perimetral.<\/p>\n<p>Conforme o boletim de ocorr\u00eancia, uma equipe policial fazia patrulhamento pelo bairro e viu um ve\u00edculo preto ultrapassar o sinal vermelho. Devido a infra\u00e7\u00e3o, os policiais seguiram o carro e foi dado sinal para que o ve\u00edculo parasse. Por\u00e9m, segundo a policia, o motorista aumentou a velocidade e fugiu em dire\u00e7\u00e3o a Avenida Perimetral.<\/p>\n<p>Uma outra viatura policial foi acionada e as equipes fizeram um cerco nas vias pr\u00f3ximas ao canal 5. Desta forma, os criminosos foram obrigados a parar o carro. Um dos homens abriu a porta da frente do ve\u00edculo e saiu correndo, sendo alcan\u00e7ado duas quadras a frente pelos policiais. O outro suspeito permaneceu no carro junto com a v\u00edtima.<\/p>\n<p>Diante da situa\u00e7\u00e3o e para preservar a seguran\u00e7a do caminhoneiro, os policiais iniciaram a negocia\u00e7\u00e3o verbal. Dez minutos depois, o criminoso liberou o homem e se entregou. Com ele, os policiais encontraram uma arma e mais de 10 muni\u00e7\u00f5es. Dentro ve\u00edculo usado para o sequestro, as equipes policiais localizaram um equipamento de bloqueador de sinal e um celular.<\/p>\n<p>A dupla foi presa em flagrante e levada para a Central de Pol\u00edcia Judici\u00e1ria de Santos. Eles ficaram \u00e0 disposi\u00e7\u00e3o da Justi\u00e7a. O caminhoneiro registrou boletim de ocorr\u00eancia e foi liberado.<\/p>\n<p><strong>LEIA TAMB\u00c9M<\/strong><\/p>\n<p><a href=\"https:\/\/redenoticiaz.com.br\/litoralsp\/2023\/05\/18\/foragido-da-justica-por-roubo-e-preso-em-sao-vicente\">Foragido da Justi\u00e7a por roubo \u00e9 preso em S\u00e3o Vicente<\/a><\/p>\n","protected":false},"excerpt":{"rendered":"<p>A Pol\u00edcia Militar prendeu dois homens acusados de cometerem um sequestro-rel\u00e2mpago contra um caminhoneiro, de 53 anos, em Santos. A v\u00edtima estava esperando para carregar uma mercadoria pr\u00f3ximo a uma empresa quando foi abordado pelos bandidos, O ve\u00edculo seria carregado com bobinas de a\u00e7o e seguiria para o Interior de S\u00e3o Paulo. De acordo com &hellip;<\/p>\n","protected":false},"author":6,"featured_media":105904,"comment_status":"open","ping_status":"closed","sticky":false,"template":"","format":"standard","meta":{"footnotes":""},"categories":[10,180],"tags":[41420,22104,23930,1766,986,16643],"class_list":["post-105903","post","type-post","status-publish","format-standard","has-post-thumbnail","hentry","category-policia","category-santos","tag-caminhoneiro","tag-dupla-presa","tag-estuario","tag-policia-militar","tag-santos","tag-sequestro-relampago"],"yoast_head":"<!-- This site is optimized with the Yoast SEO plugin v27.5 - https:\/\/yoast.com\/product\/yoast-seo-wordpress\/ -->\n<title>Dupla \u00e9 presa ap\u00f3s realizar sequestro-rel\u00e2mpago de caminhoneiro em Santos - Litoral SP<\/title>\n<meta name=\"description\" content=\"A Pol\u00edcia Militar prendeu dois homens acusados de cometerem um sequestro-rel\u00e2mpago contra um caminhoneiro, de 53 anos, em Santos. A v\u00edtima\" \/>\n<meta name=\"robots\" content=\"index, follow, max-snippet:-1, max-image-preview:large, max-video-preview:-1\" \/>\n<link rel=\"canonical\" href=\"https:\/\/redenoticiaz.com.br\/litoralsp\/2023\/05\/18\/dupla-e-presa-apos-realizar-sequestro-relampago-de-caminhoneiro-em-santos\" \/>\n<meta property=\"og:locale\" content=\"pt_BR\" \/>\n<meta property=\"og:type\" content=\"article\" \/>\n<meta property=\"og:title\" content=\"Dupla \u00e9 presa ap\u00f3s realizar sequestro-rel\u00e2mpago de caminhoneiro em Santos - Litoral SP\" \/>\n<meta property=\"og:description\" content=\"A Pol\u00edcia Militar prendeu dois homens acusados de cometerem um sequestro-rel\u00e2mpago contra um caminhoneiro, de 53 anos, em Santos. A v\u00edtima\" \/>\n<meta property=\"og:url\" content=\"https:\/\/redenoticiaz.com.br\/litoralsp\/2023\/05\/18\/dupla-e-presa-apos-realizar-sequestro-relampago-de-caminhoneiro-em-santos\" \/>\n<meta property=\"og:site_name\" content=\"Litoral SP\" \/>\n<meta property=\"article:published_time\" content=\"2023-05-18T14:49:57+00:00\" \/>\n<meta property=\"og:image\" content=\"https:\/\/redenoticiaz.com.br\/litoralsp\/wp-content\/uploads\/sites\/3\/2023\/05\/CAMINHAO-SEQUESTRO.jpg\" \/>\n\t<meta property=\"og:image:width\" content=\"545\" \/>\n\t<meta property=\"og:image:height\" content=\"442\" \/>\n\t<meta property=\"og:image:type\" content=\"image\/jpeg\" \/>\n<meta name=\"author\" content=\"Leonardo Francisco\" \/>\n<meta name=\"twitter:card\" content=\"summary_large_image\" \/>\n<meta name=\"twitter:label1\" content=\"Escrito por\" \/>\n\t<meta name=\"twitter:data1\" content=\"Leonardo Francisco\" \/>\n\t<meta name=\"twitter:label2\" content=\"Est. tempo de leitura\" \/>\n\t<meta name=\"twitter:data2\" content=\"2 minutos\" \/>\n<script type=\"application\/ld+json\" class=\"yoast-schema-graph\">{\"@context\":\"https:\\\/\\\/schema.org\",\"@graph\":[{\"@type\":\"Article\",\"@id\":\"https:\\\/\\\/redenoticiaz.com.br\\\/litoralsp\\\/2023\\\/05\\\/18\\\/dupla-e-presa-apos-realizar-sequestro-relampago-de-caminhoneiro-em-santos#article\",\"isPartOf\":{\"@id\":\"https:\\\/\\\/redenoticiaz.com.br\\\/litoralsp\\\/2023\\\/05\\\/18\\\/dupla-e-presa-apos-realizar-sequestro-relampago-de-caminhoneiro-em-santos\"},\"author\":{\"name\":\"Leonardo Francisco\",\"@id\":\"https:\\\/\\\/redenoticiaz.com.br\\\/litoralsp\\\/#\\\/schema\\\/person\\\/0f0b8a5bdafefe82841e07ae8d81ecb3\"},\"headline\":\"Dupla \u00e9 presa ap\u00f3s realizar sequestro-rel\u00e2mpago de caminhoneiro em Santos\",\"datePublished\":\"2023-05-18T14:49:57+00:00\",\"mainEntityOfPage\":{\"@id\":\"https:\\\/\\\/redenoticiaz.com.br\\\/litoralsp\\\/2023\\\/05\\\/18\\\/dupla-e-presa-apos-realizar-sequestro-relampago-de-caminhoneiro-em-santos\"},\"wordCount\":362,\"commentCount\":0,\"publisher\":{\"@id\":\"https:\\\/\\\/redenoticiaz.com.br\\\/litoralsp\\\/#organization\"},\"image\":{\"@id\":\"https:\\\/\\\/redenoticiaz.com.br\\\/litoralsp\\\/2023\\\/05\\\/18\\\/dupla-e-presa-apos-realizar-sequestro-relampago-de-caminhoneiro-em-santos#primaryimage\"},\"thumbnailUrl\":\"https:\\\/\\\/redenoticiaz.com.br\\\/litoralsp\\\/wp-content\\\/uploads\\\/sites\\\/3\\\/2023\\\/05\\\/CAMINHAO-SEQUESTRO.jpg\",\"keywords\":[\"CAMINHONEIRO\",\"DUPLA PRESA\",\"ESTU\u00c1RIO\",\"policia militar\",\"Santos\",\"SEQUESTRO-RELAMPAGO\"],\"articleSection\":[\"Pol\u00edcia\",\"Santos\"],\"inLanguage\":\"pt-BR\",\"potentialAction\":[{\"@type\":\"CommentAction\",\"name\":\"Comment\",\"target\":[\"https:\\\/\\\/redenoticiaz.com.br\\\/litoralsp\\\/2023\\\/05\\\/18\\\/dupla-e-presa-apos-realizar-sequestro-relampago-de-caminhoneiro-em-santos#respond\"]}]},{\"@type\":\"WebPage\",\"@id\":\"https:\\\/\\\/redenoticiaz.com.br\\\/litoralsp\\\/2023\\\/05\\\/18\\\/dupla-e-presa-apos-realizar-sequestro-relampago-de-caminhoneiro-em-santos\",\"url\":\"https:\\\/\\\/redenoticiaz.com.br\\\/litoralsp\\\/2023\\\/05\\\/18\\\/dupla-e-presa-apos-realizar-sequestro-relampago-de-caminhoneiro-em-santos\",\"name\":\"Dupla \u00e9 presa ap\u00f3s realizar sequestro-rel\u00e2mpago de caminhoneiro em Santos - Litoral SP\",\"isPartOf\":{\"@id\":\"https:\\\/\\\/redenoticiaz.com.br\\\/litoralsp\\\/#website\"},\"primaryImageOfPage\":{\"@id\":\"https:\\\/\\\/redenoticiaz.com.br\\\/litoralsp\\\/2023\\\/05\\\/18\\\/dupla-e-presa-apos-realizar-sequestro-relampago-de-caminhoneiro-em-santos#primaryimage\"},\"image\":{\"@id\":\"https:\\\/\\\/redenoticiaz.com.br\\\/litoralsp\\\/2023\\\/05\\\/18\\\/dupla-e-presa-apos-realizar-sequestro-relampago-de-caminhoneiro-em-santos#primaryimage\"},\"thumbnailUrl\":\"https:\\\/\\\/redenoticiaz.com.br\\\/litoralsp\\\/wp-content\\\/uploads\\\/sites\\\/3\\\/2023\\\/05\\\/CAMINHAO-SEQUESTRO.jpg\",\"datePublished\":\"2023-05-18T14:49:57+00:00\",\"description\":\"A Pol\u00edcia Militar prendeu dois homens acusados de cometerem um sequestro-rel\u00e2mpago contra um caminhoneiro, de 53 anos, em Santos. A v\u00edtima\",\"inLanguage\":\"pt-BR\",\"potentialAction\":[{\"@type\":\"ReadAction\",\"target\":[\"https:\\\/\\\/redenoticiaz.com.br\\\/litoralsp\\\/2023\\\/05\\\/18\\\/dupla-e-presa-apos-realizar-sequestro-relampago-de-caminhoneiro-em-santos\"]}]},{\"@type\":\"ImageObject\",\"inLanguage\":\"pt-BR\",\"@id\":\"https:\\\/\\\/redenoticiaz.com.br\\\/litoralsp\\\/2023\\\/05\\\/18\\\/dupla-e-presa-apos-realizar-sequestro-relampago-de-caminhoneiro-em-santos#primaryimage\",\"url\":\"https:\\\/\\\/redenoticiaz.com.br\\\/litoralsp\\\/wp-content\\\/uploads\\\/sites\\\/3\\\/2023\\\/05\\\/CAMINHAO-SEQUESTRO.jpg\",\"contentUrl\":\"https:\\\/\\\/redenoticiaz.com.br\\\/litoralsp\\\/wp-content\\\/uploads\\\/sites\\\/3\\\/2023\\\/05\\\/CAMINHAO-SEQUESTRO.jpg\",\"width\":545,\"height\":442,\"caption\":\"Cr\u00e9ditos: Divulga\u00e7\u00e3o\\\/Pol\u00edcia Militar\"},{\"@type\":\"WebSite\",\"@id\":\"https:\\\/\\\/redenoticiaz.com.br\\\/litoralsp\\\/#website\",\"url\":\"https:\\\/\\\/redenoticiaz.com.br\\\/litoralsp\\\/\",\"name\":\"Litoral SP\",\"description\":\"Rede NoticiaZ\",\"publisher\":{\"@id\":\"https:\\\/\\\/redenoticiaz.com.br\\\/litoralsp\\\/#organization\"},\"potentialAction\":[{\"@type\":\"SearchAction\",\"target\":{\"@type\":\"EntryPoint\",\"urlTemplate\":\"https:\\\/\\\/redenoticiaz.com.br\\\/litoralsp\\\/?s={search_term_string}\"},\"query-input\":{\"@type\":\"PropertyValueSpecification\",\"valueRequired\":true,\"valueName\":\"search_term_string\"}}],\"inLanguage\":\"pt-BR\"},{\"@type\":\"Organization\",\"@id\":\"https:\\\/\\\/redenoticiaz.com.br\\\/litoralsp\\\/#organization\",\"name\":\"Litoral SP\",\"url\":\"https:\\\/\\\/redenoticiaz.com.br\\\/litoralsp\\\/\",\"logo\":{\"@type\":\"ImageObject\",\"inLanguage\":\"pt-BR\",\"@id\":\"https:\\\/\\\/redenoticiaz.com.br\\\/litoralsp\\\/#\\\/schema\\\/logo\\\/image\\\/\",\"url\":\"https:\\\/\\\/redenoticiaz.com.br\\\/litoralsp\\\/wp-content\\\/uploads\\\/sites\\\/3\\\/2020\\\/11\\\/logo.jpg\",\"contentUrl\":\"https:\\\/\\\/redenoticiaz.com.br\\\/litoralsp\\\/wp-content\\\/uploads\\\/sites\\\/3\\\/2020\\\/11\\\/logo.jpg\",\"width\":400,\"height\":250,\"caption\":\"Litoral SP\"},\"image\":{\"@id\":\"https:\\\/\\\/redenoticiaz.com.br\\\/litoralsp\\\/#\\\/schema\\\/logo\\\/image\\\/\"}},{\"@type\":\"Person\",\"@id\":\"https:\\\/\\\/redenoticiaz.com.br\\\/litoralsp\\\/#\\\/schema\\\/person\\\/0f0b8a5bdafefe82841e07ae8d81ecb3\",\"name\":\"Leonardo Francisco\",\"image\":{\"@type\":\"ImageObject\",\"inLanguage\":\"pt-BR\",\"@id\":\"https:\\\/\\\/secure.gravatar.com\\\/avatar\\\/a7358cb406a99b682ec6df1e77e31ae82e63601f6784e8a3df411d72b37864da?s=96&d=mm&r=g\",\"url\":\"https:\\\/\\\/secure.gravatar.com\\\/avatar\\\/a7358cb406a99b682ec6df1e77e31ae82e63601f6784e8a3df411d72b37864da?s=96&d=mm&r=g\",\"contentUrl\":\"https:\\\/\\\/secure.gravatar.com\\\/avatar\\\/a7358cb406a99b682ec6df1e77e31ae82e63601f6784e8a3df411d72b37864da?s=96&d=mm&r=g\",\"caption\":\"Leonardo Francisco\"},\"url\":\"https:\\\/\\\/redenoticiaz.com.br\\\/litoralsp\\\/author\\\/leonardo-francisco\"}]}<\/script>\n<!-- \/ Yoast SEO plugin. -->","yoast_head_json":{"title":"Dupla \u00e9 presa ap\u00f3s realizar sequestro-rel\u00e2mpago de caminhoneiro em Santos - Litoral SP","description":"A Pol\u00edcia Militar prendeu dois homens acusados de cometerem um sequestro-rel\u00e2mpago contra um caminhoneiro, de 53 anos, em Santos. A v\u00edtima","robots":{"index":"index","follow":"follow","max-snippet":"max-snippet:-1","max-image-preview":"max-image-preview:large","max-video-preview":"max-video-preview:-1"},"canonical":"https:\/\/redenoticiaz.com.br\/litoralsp\/2023\/05\/18\/dupla-e-presa-apos-realizar-sequestro-relampago-de-caminhoneiro-em-santos","og_locale":"pt_BR","og_type":"article","og_title":"Dupla \u00e9 presa ap\u00f3s realizar sequestro-rel\u00e2mpago de caminhoneiro em Santos - Litoral SP","og_description":"A Pol\u00edcia Militar prendeu dois homens acusados de cometerem um sequestro-rel\u00e2mpago contra um caminhoneiro, de 53 anos, em Santos. A v\u00edtima","og_url":"https:\/\/redenoticiaz.com.br\/litoralsp\/2023\/05\/18\/dupla-e-presa-apos-realizar-sequestro-relampago-de-caminhoneiro-em-santos","og_site_name":"Litoral SP","article_published_time":"2023-05-18T14:49:57+00:00","og_image":[{"width":545,"height":442,"url":"https:\/\/redenoticiaz.com.br\/litoralsp\/wp-content\/uploads\/sites\/3\/2023\/05\/CAMINHAO-SEQUESTRO.jpg","type":"image\/jpeg"}],"author":"Leonardo Francisco","twitter_card":"summary_large_image","twitter_misc":{"Escrito por":"Leonardo Francisco","Est. tempo de leitura":"2 minutos"},"schema":{"@context":"https:\/\/schema.org","@graph":[{"@type":"Article","@id":"https:\/\/redenoticiaz.com.br\/litoralsp\/2023\/05\/18\/dupla-e-presa-apos-realizar-sequestro-relampago-de-caminhoneiro-em-santos#article","isPartOf":{"@id":"https:\/\/redenoticiaz.com.br\/litoralsp\/2023\/05\/18\/dupla-e-presa-apos-realizar-sequestro-relampago-de-caminhoneiro-em-santos"},"author":{"name":"Leonardo Francisco","@id":"https:\/\/redenoticiaz.com.br\/litoralsp\/#\/schema\/person\/0f0b8a5bdafefe82841e07ae8d81ecb3"},"headline":"Dupla \u00e9 presa ap\u00f3s realizar sequestro-rel\u00e2mpago de caminhoneiro em Santos","datePublished":"2023-05-18T14:49:57+00:00","mainEntityOfPage":{"@id":"https:\/\/redenoticiaz.com.br\/litoralsp\/2023\/05\/18\/dupla-e-presa-apos-realizar-sequestro-relampago-de-caminhoneiro-em-santos"},"wordCount":362,"commentCount":0,"publisher":{"@id":"https:\/\/redenoticiaz.com.br\/litoralsp\/#organization"},"image":{"@id":"https:\/\/redenoticiaz.com.br\/litoralsp\/2023\/05\/18\/dupla-e-presa-apos-realizar-sequestro-relampago-de-caminhoneiro-em-santos#primaryimage"},"thumbnailUrl":"https:\/\/redenoticiaz.com.br\/litoralsp\/wp-content\/uploads\/sites\/3\/2023\/05\/CAMINHAO-SEQUESTRO.jpg","keywords":["CAMINHONEIRO","DUPLA PRESA","ESTU\u00c1RIO","policia militar","Santos","SEQUESTRO-RELAMPAGO"],"articleSection":["Pol\u00edcia","Santos"],"inLanguage":"pt-BR","potentialAction":[{"@type":"CommentAction","name":"Comment","target":["https:\/\/redenoticiaz.com.br\/litoralsp\/2023\/05\/18\/dupla-e-presa-apos-realizar-sequestro-relampago-de-caminhoneiro-em-santos#respond"]}]},{"@type":"WebPage","@id":"https:\/\/redenoticiaz.com.br\/litoralsp\/2023\/05\/18\/dupla-e-presa-apos-realizar-sequestro-relampago-de-caminhoneiro-em-santos","url":"https:\/\/redenoticiaz.com.br\/litoralsp\/2023\/05\/18\/dupla-e-presa-apos-realizar-sequestro-relampago-de-caminhoneiro-em-santos","name":"Dupla \u00e9 presa ap\u00f3s realizar sequestro-rel\u00e2mpago de caminhoneiro em Santos - Litoral SP","isPartOf":{"@id":"https:\/\/redenoticiaz.com.br\/litoralsp\/#website"},"primaryImageOfPage":{"@id":"https:\/\/redenoticiaz.com.br\/litoralsp\/2023\/05\/18\/dupla-e-presa-apos-realizar-sequestro-relampago-de-caminhoneiro-em-santos#primaryimage"},"image":{"@id":"https:\/\/redenoticiaz.com.br\/litoralsp\/2023\/05\/18\/dupla-e-presa-apos-realizar-sequestro-relampago-de-caminhoneiro-em-santos#primaryimage"},"thumbnailUrl":"https:\/\/redenoticiaz.com.br\/litoralsp\/wp-content\/uploads\/sites\/3\/2023\/05\/CAMINHAO-SEQUESTRO.jpg","datePublished":"2023-05-18T14:49:57+00:00","description":"A Pol\u00edcia Militar prendeu dois homens acusados de cometerem um sequestro-rel\u00e2mpago contra um caminhoneiro, de 53 anos, em Santos. A v\u00edtima","inLanguage":"pt-BR","potentialAction":[{"@type":"ReadAction","target":["https:\/\/redenoticiaz.com.br\/litoralsp\/2023\/05\/18\/dupla-e-presa-apos-realizar-sequestro-relampago-de-caminhoneiro-em-santos"]}]},{"@type":"ImageObject","inLanguage":"pt-BR","@id":"https:\/\/redenoticiaz.com.br\/litoralsp\/2023\/05\/18\/dupla-e-presa-apos-realizar-sequestro-relampago-de-caminhoneiro-em-santos#primaryimage","url":"https:\/\/redenoticiaz.com.br\/litoralsp\/wp-content\/uploads\/sites\/3\/2023\/05\/CAMINHAO-SEQUESTRO.jpg","contentUrl":"https:\/\/redenoticiaz.com.br\/litoralsp\/wp-content\/uploads\/sites\/3\/2023\/05\/CAMINHAO-SEQUESTRO.jpg","width":545,"height":442,"caption":"Cr\u00e9ditos: Divulga\u00e7\u00e3o\/Pol\u00edcia Militar"},{"@type":"WebSite","@id":"https:\/\/redenoticiaz.com.br\/litoralsp\/#website","url":"https:\/\/redenoticiaz.com.br\/litoralsp\/","name":"Litoral SP","description":"Rede NoticiaZ","publisher":{"@id":"https:\/\/redenoticiaz.com.br\/litoralsp\/#organization"},"potentialAction":[{"@type":"SearchAction","target":{"@type":"EntryPoint","urlTemplate":"https:\/\/redenoticiaz.com.br\/litoralsp\/?s={search_term_string}"},"query-input":{"@type":"PropertyValueSpecification","valueRequired":true,"valueName":"search_term_string"}}],"inLanguage":"pt-BR"},{"@type":"Organization","@id":"https:\/\/redenoticiaz.com.br\/litoralsp\/#organization","name":"Litoral SP","url":"https:\/\/redenoticiaz.com.br\/litoralsp\/","logo":{"@type":"ImageObject","inLanguage":"pt-BR","@id":"https:\/\/redenoticiaz.com.br\/litoralsp\/#\/schema\/logo\/image\/","url":"https:\/\/redenoticiaz.com.br\/litoralsp\/wp-content\/uploads\/sites\/3\/2020\/11\/logo.jpg","contentUrl":"https:\/\/redenoticiaz.com.br\/litoralsp\/wp-content\/uploads\/sites\/3\/2020\/11\/logo.jpg","width":400,"height":250,"caption":"Litoral SP"},"image":{"@id":"https:\/\/redenoticiaz.com.br\/litoralsp\/#\/schema\/logo\/image\/"}},{"@type":"Person","@id":"https:\/\/redenoticiaz.com.br\/litoralsp\/#\/schema\/person\/0f0b8a5bdafefe82841e07ae8d81ecb3","name":"Leonardo Francisco","image":{"@type":"ImageObject","inLanguage":"pt-BR","@id":"https:\/\/secure.gravatar.com\/avatar\/a7358cb406a99b682ec6df1e77e31ae82e63601f6784e8a3df411d72b37864da?s=96&d=mm&r=g","url":"https:\/\/secure.gravatar.com\/avatar\/a7358cb406a99b682ec6df1e77e31ae82e63601f6784e8a3df411d72b37864da?s=96&d=mm&r=g","contentUrl":"https:\/\/secure.gravatar.com\/avatar\/a7358cb406a99b682ec6df1e77e31ae82e63601f6784e8a3df411d72b37864da?s=96&d=mm&r=g","caption":"Leonardo Francisco"},"url":"https:\/\/redenoticiaz.com.br\/litoralsp\/author\/leonardo-francisco"}]}},"_links":{"self":[{"href":"https:\/\/redenoticiaz.com.br\/litoralsp\/wp-json\/wp\/v2\/posts\/105903","targetHints":{"allow":["GET"]}}],"collection":[{"href":"https:\/\/redenoticiaz.com.br\/litoralsp\/wp-json\/wp\/v2\/posts"}],"about":[{"href":"https:\/\/redenoticiaz.com.br\/litoralsp\/wp-json\/wp\/v2\/types\/post"}],"author":[{"embeddable":true,"href":"https:\/\/redenoticiaz.com.br\/litoralsp\/wp-json\/wp\/v2\/users\/6"}],"replies":[{"embeddable":true,"href":"https:\/\/redenoticiaz.com.br\/litoralsp\/wp-json\/wp\/v2\/comments?post=105903"}],"version-history":[{"count":2,"href":"https:\/\/redenoticiaz.com.br\/litoralsp\/wp-json\/wp\/v2\/posts\/105903\/revisions"}],"predecessor-version":[{"id":105906,"href":"https:\/\/redenoticiaz.com.br\/litoralsp\/wp-json\/wp\/v2\/posts\/105903\/revisions\/105906"}],"wp:featuredmedia":[{"embeddable":true,"href":"https:\/\/redenoticiaz.com.br\/litoralsp\/wp-json\/wp\/v2\/media\/105904"}],"wp:attachment":[{"href":"https:\/\/redenoticiaz.com.br\/litoralsp\/wp-json\/wp\/v2\/media?parent=105903"}],"wp:term":[{"taxonomy":"category","embeddable":true,"href":"https:\/\/redenoticiaz.com.br\/litoralsp\/wp-json\/wp\/v2\/categories?post=105903"},{"taxonomy":"post_tag","embeddable":true,"href":"https:\/\/redenoticiaz.com.br\/litoralsp\/wp-json\/wp\/v2\/tags?post=105903"}],"curies":[{"name":"wp","href":"https:\/\/api.w.org\/{rel}","templated":true}]}}