{"id":106087,"date":"2023-05-21T14:33:53","date_gmt":"2023-05-21T17:33:53","guid":{"rendered":"https:\/\/redenoticiaz.com.br\/litoralsp\/2023\/05\/21\/incompatibilidade-de-agenda-impossibilita-encontro-entre-lula-e-zelensky-no-g7"},"modified":"2023-05-21T14:33:53","modified_gmt":"2023-05-21T17:33:53","slug":"incompatibilidade-de-agenda-impossibilita-encontro-entre-lula-e-zelensky-no-g7","status":"publish","type":"post","link":"https:\/\/redenoticiaz.com.br\/litoralsp\/2023\/05\/21\/incompatibilidade-de-agenda-impossibilita-encontro-entre-lula-e-zelensky-no-g7","title":{"rendered":"Incompatibilidade de agenda impossibilita encontro entre Lula e Zelensky no G7"},"content":{"rendered":"<div class=\"post-item-wrap\">\n<p>N\u00e3o ser\u00e1 desta vez que haver\u00e1 o <strong>encontro t\u00e3o aguardado entre o presidente Luiz In\u00e1cio Lula da Silva (PT) com o presidente da Ucr\u00e2nia, Volodymyr Zelensky<\/strong>, durante a c\u00fapula do G7. A organiza\u00e7\u00e3o da reuni\u00e3o bilateral n\u00e3o foi poss\u00edvel por dificuldade na concilia\u00e7\u00e3o das agendas dos dois l\u00edderes mundiais. O governo brasileiro sugeriu mais de um hor\u00e1rio, mas n\u00e3o houve acerto.<\/p>\n<p>Em entrevista, o presidente ucraniano confirmou a dificuldade. &#8220;Encontrei todos os l\u00edderes. Quase todos. Todos t\u00eam suas agendas pr\u00f3prias. Acho que \u00e9 por isso que n\u00e3o pudemos encontrar o presidente do Brasil&#8221;. Questionado se ficou decepcionado por n\u00e3o ter conseguido realizar essa reuni\u00e3o,\u00a0Zelensky\u00a0respondeu: &#8220;Acho que ele que ficou decepcionado&#8221;.<\/p>\n<p>O G7 re\u00fane lideran\u00e7as da Uni\u00e3o Europeia e dos sete pa\u00edses mais industrializados do mundo: Alemanha, Canad\u00e1, Estados Unidos, Fran\u00e7a, It\u00e1lia, Jap\u00e3o e Reino Unido. At\u00e9 2014, a R\u00fassia integrava o grupo, que era conhecido como G8. Ela, no entanto, foi expulsa devido \u00e0 anexa\u00e7\u00e3o da Crimeia, at\u00e9 ent\u00e3o vinculada \u00e0 Ucr\u00e2nia.<\/p>\n<p>As c\u00fapulas do G7 costumam contar com a presen\u00e7a de pa\u00edses convidados. Nesta edi\u00e7\u00e3o, o Brasil \u00e9 o \u00fanico representante sul-americano. Tamb\u00e9m foram convidados Austr\u00e1lia, Coreia do Sul, Vietn\u00e3, \u00cdndia, Indon\u00e9sia, Comoros e Ilhas Cook. O governo brasileiro chegou a ser informado\u00a0pelos japoneses\u00a0h\u00e1 algumas semanas que a ida de Zelensky a\u00a0Hiroshima era uma possibilidade.<\/p>\n<h3>Apoio contra a guerra<\/h3>\n<p>O presidente ucraniano aproveitou a oportunidade para buscar mais apoio na guerra contra a R\u00fassia. A organiza\u00e7\u00e3o de uma reuni\u00e3o bilateral entre Brasil e Ucr\u00e2nia foi inicialmente um pedido do pa\u00eds europeu.<\/p>\n<p>O Brasil \u00e9 um dos pa\u00edses, como a \u00cdndia e a China, que vem proclamando publicamente uma postura de neutralidade na guerra entre a Ucr\u00e2nia e a R\u00fassia. Por isso, pa\u00edses europeus e os Estados Unidos, que apoiam os ucranianos no conflito, faziam press\u00e3o para que Lula e Zelensky se reunissem. Embora n\u00e3o tenha conversado pessoalmente com o presidente brasileiro,\u00a0Zelensky\u00a0chegou a ter um encontro com o premi\u00ea da \u00cdndia, Narendra Modi.<\/p>\n<p>A guerra que desencadeou uma invas\u00e3o da Ucr\u00e2nia por for\u00e7as militares russas em fevereiro do ano passado tem ra\u00edzes profundas. O presidente russo, Vladmir Putin, sustenta agir em defesa da popula\u00e7\u00e3o russa de Lugansk e Donetsk, no Leste ucraniano. Tamb\u00e9m j\u00e1 justificou movimenta\u00e7\u00f5es militares como uma rea\u00e7\u00e3o \u00e0 aproxima\u00e7\u00e3o entre a Ucr\u00e2nia e a Organiza\u00e7\u00e3o do Tratado do Atl\u00e2ntico Norte (Otan), alian\u00e7a militar articulada pelos Estados Unidos e outros pa\u00edses ocidentais em meio \u00e0\u00a0Guerra Fria. J\u00e1 o governo ucraniano afirma que houve viola\u00e7\u00e3o de sua soberania e acusa a R\u00fassia de ter projetos imperialistas na regi\u00e3o,\u00a0desde a anexa\u00e7\u00e3o da Crimeia em 2014.<\/p>\n<p>Durante o painel do G7, que contou com a presen\u00e7a de Zelensky, Lula lembrou que a Organiza\u00e7\u00e3o das Na\u00e7\u00f5es Unidas (ONU) foi fundada em 1945 para para evitar nova guerra mundial.<\/p>\n<p>&#8220;Em linha com a Carta das Na\u00e7\u00f5es Unidas, repudiamos veementemente o uso da for\u00e7a como meio de resolver disputas. Condenamos a viola\u00e7\u00e3o da integridade territorial da Ucr\u00e2nia. Ao mesmo tempo, a cada dia em que os combates prosseguem, aumentam o sofrimento humano, a perda de vidas e a destrui\u00e7\u00e3o de lares. Tenho repetido quase \u00e0 exaust\u00e3o que \u00e9 preciso falar da paz&#8221;, disse Lula.<\/p>\n<p>Ele tamb\u00e9m defendeu a\u00a0reforma do Conselho de Seguran\u00e7a da ONU e\u00a0disse que membros permanentes continuam a longa tradi\u00e7\u00e3o de travar guerras n\u00e3o autorizadas pelo \u00f3rg\u00e3o, o que indica que os mecanismos multilaterais de preven\u00e7\u00e3o e resolu\u00e7\u00e3o de conflitos n\u00e3o funcionam no formato atual. Lula citou outros povos no mundo que sofrem com conflitos armados, como palestinos e s\u00edrios. Os membros permanentes do Conselho de Seguran\u00e7a da ONU s\u00e3o China, Estados Unidos, Reino Unido, Fran\u00e7a e R\u00fassia.<\/p>\n<p><strong>LEIA TAMB\u00c9M<\/strong><\/p>\n<p><a href=\"https:\/\/redenoticiaz.com.br\/blog\/2023\/05\/20\/entenda-o-que-muda-na-politica-de-precos-dos-combustiveis\">Entenda o que muda na pol\u00edtica de pre\u00e7os dos combust\u00edveis<\/a><\/p>\n<\/div>\n","protected":false},"excerpt":{"rendered":"<p>N\u00e3o ser\u00e1 desta vez que haver\u00e1 o encontro t\u00e3o aguardado entre o presidente Luiz In\u00e1cio Lula da Silva (PT) com o presidente da Ucr\u00e2nia, Volodymyr Zelensky, durante a c\u00fapula do G7. A organiza\u00e7\u00e3o da reuni\u00e3o bilateral n\u00e3o foi poss\u00edvel por dificuldade na concilia\u00e7\u00e3o das agendas dos dois l\u00edderes mundiais. O governo brasileiro sugeriu mais de &hellip;<\/p>\n","protected":false},"author":6,"featured_media":106088,"comment_status":"open","ping_status":"closed","sticky":false,"template":"","format":"standard","meta":{"footnotes":""},"categories":[84,15],"tags":[55041,2917,52591,65298],"class_list":["post-106087","post","type-post","status-publish","format-standard","has-post-thumbnail","hentry","category-mundo","category-politica","tag-g7","tag-japao","tag-luiz-inacio-lula-da-silva","tag-volodymyr-zelensky"],"yoast_head":"<!-- This site is optimized with the Yoast SEO plugin v27.4 - https:\/\/yoast.com\/product\/yoast-seo-wordpress\/ -->\n<title>Incompatibilidade de agenda impossibilita encontro entre Lula e Zelensky no G7 - Litoral SP<\/title>\n<meta name=\"description\" content=\"encontro t\u00e3o aguardado entre o presidente Luiz In\u00e1cio Lula da Silva (PT) com o presidente da Ucr\u00e2nia, Volodymyr Zelensky, durante\" \/>\n<meta name=\"robots\" content=\"index, follow, max-snippet:-1, max-image-preview:large, max-video-preview:-1\" \/>\n<link rel=\"canonical\" href=\"https:\/\/redenoticiaz.com.br\/litoralsp\/2023\/05\/21\/incompatibilidade-de-agenda-impossibilita-encontro-entre-lula-e-zelensky-no-g7\" \/>\n<meta property=\"og:locale\" content=\"pt_BR\" \/>\n<meta property=\"og:type\" content=\"article\" \/>\n<meta property=\"og:title\" content=\"Incompatibilidade de agenda impossibilita encontro entre Lula e Zelensky no G7 - Litoral SP\" \/>\n<meta property=\"og:description\" content=\"encontro t\u00e3o aguardado entre o presidente Luiz In\u00e1cio Lula da Silva (PT) com o presidente da Ucr\u00e2nia, Volodymyr Zelensky, durante\" \/>\n<meta property=\"og:url\" content=\"https:\/\/redenoticiaz.com.br\/litoralsp\/2023\/05\/21\/incompatibilidade-de-agenda-impossibilita-encontro-entre-lula-e-zelensky-no-g7\" \/>\n<meta property=\"og:site_name\" content=\"Litoral SP\" \/>\n<meta property=\"article:published_time\" content=\"2023-05-21T17:33:53+00:00\" \/>\n<meta property=\"og:image\" content=\"https:\/\/redenoticiaz.com.br\/litoralsp\/wp-content\/uploads\/sites\/3\/2023\/08\/WhatsApp-Image-2023-08-09-at-11.43.49.jpeg?v=1691592262\" \/>\n\t<meta property=\"og:image:width\" content=\"562\" \/>\n\t<meta property=\"og:image:height\" content=\"276\" \/>\n\t<meta property=\"og:image:type\" content=\"image\/jpeg\" \/>\n<meta name=\"author\" content=\"Leonardo Francisco\" \/>\n<meta name=\"twitter:card\" content=\"summary_large_image\" \/>\n<meta name=\"twitter:label1\" content=\"Escrito por\" \/>\n\t<meta name=\"twitter:data1\" content=\"Leonardo Francisco\" \/>\n\t<meta name=\"twitter:label2\" content=\"Est. tempo de leitura\" \/>\n\t<meta name=\"twitter:data2\" content=\"4 minutos\" \/>\n<script type=\"application\/ld+json\" class=\"yoast-schema-graph\">{\"@context\":\"https:\\\/\\\/schema.org\",\"@graph\":[{\"@type\":\"Article\",\"@id\":\"https:\\\/\\\/redenoticiaz.com.br\\\/litoralsp\\\/2023\\\/05\\\/21\\\/incompatibilidade-de-agenda-impossibilita-encontro-entre-lula-e-zelensky-no-g7#article\",\"isPartOf\":{\"@id\":\"https:\\\/\\\/redenoticiaz.com.br\\\/litoralsp\\\/2023\\\/05\\\/21\\\/incompatibilidade-de-agenda-impossibilita-encontro-entre-lula-e-zelensky-no-g7\"},\"author\":{\"name\":\"Leonardo Francisco\",\"@id\":\"https:\\\/\\\/redenoticiaz.com.br\\\/litoralsp\\\/#\\\/schema\\\/person\\\/0f0b8a5bdafefe82841e07ae8d81ecb3\"},\"headline\":\"Incompatibilidade de agenda impossibilita encontro entre Lula e Zelensky no G7\",\"datePublished\":\"2023-05-21T17:33:53+00:00\",\"mainEntityOfPage\":{\"@id\":\"https:\\\/\\\/redenoticiaz.com.br\\\/litoralsp\\\/2023\\\/05\\\/21\\\/incompatibilidade-de-agenda-impossibilita-encontro-entre-lula-e-zelensky-no-g7\"},\"wordCount\":710,\"commentCount\":0,\"publisher\":{\"@id\":\"https:\\\/\\\/redenoticiaz.com.br\\\/litoralsp\\\/#organization\"},\"image\":{\"@id\":\"https:\\\/\\\/redenoticiaz.com.br\\\/litoralsp\\\/2023\\\/05\\\/21\\\/incompatibilidade-de-agenda-impossibilita-encontro-entre-lula-e-zelensky-no-g7#primaryimage\"},\"thumbnailUrl\":\"https:\\\/\\\/redenoticiaz.com.br\\\/litoralsp\\\/wp-content\\\/uploads\\\/sites\\\/3\\\/2023\\\/05\\\/g7.jpg?v=1684690346\",\"keywords\":[\"G7\",\"JAP\u00c3O\",\"LUIZ IN\u00c1CIO LULA DA SILVA\",\"VOLODYMYR ZELENSKY\"],\"articleSection\":[\"Mundo\",\"Pol\u00edtica\"],\"inLanguage\":\"pt-BR\",\"potentialAction\":[{\"@type\":\"CommentAction\",\"name\":\"Comment\",\"target\":[\"https:\\\/\\\/redenoticiaz.com.br\\\/litoralsp\\\/2023\\\/05\\\/21\\\/incompatibilidade-de-agenda-impossibilita-encontro-entre-lula-e-zelensky-no-g7#respond\"]}]},{\"@type\":\"WebPage\",\"@id\":\"https:\\\/\\\/redenoticiaz.com.br\\\/litoralsp\\\/2023\\\/05\\\/21\\\/incompatibilidade-de-agenda-impossibilita-encontro-entre-lula-e-zelensky-no-g7\",\"url\":\"https:\\\/\\\/redenoticiaz.com.br\\\/litoralsp\\\/2023\\\/05\\\/21\\\/incompatibilidade-de-agenda-impossibilita-encontro-entre-lula-e-zelensky-no-g7\",\"name\":\"Incompatibilidade de agenda impossibilita encontro entre Lula e Zelensky no G7 - Litoral SP\",\"isPartOf\":{\"@id\":\"https:\\\/\\\/redenoticiaz.com.br\\\/litoralsp\\\/#website\"},\"primaryImageOfPage\":{\"@id\":\"https:\\\/\\\/redenoticiaz.com.br\\\/litoralsp\\\/2023\\\/05\\\/21\\\/incompatibilidade-de-agenda-impossibilita-encontro-entre-lula-e-zelensky-no-g7#primaryimage\"},\"image\":{\"@id\":\"https:\\\/\\\/redenoticiaz.com.br\\\/litoralsp\\\/2023\\\/05\\\/21\\\/incompatibilidade-de-agenda-impossibilita-encontro-entre-lula-e-zelensky-no-g7#primaryimage\"},\"thumbnailUrl\":\"https:\\\/\\\/redenoticiaz.com.br\\\/litoralsp\\\/wp-content\\\/uploads\\\/sites\\\/3\\\/2023\\\/05\\\/g7.jpg?v=1684690346\",\"datePublished\":\"2023-05-21T17:33:53+00:00\",\"description\":\"encontro t\u00e3o aguardado entre o presidente Luiz In\u00e1cio Lula da Silva (PT) com o presidente da Ucr\u00e2nia, Volodymyr Zelensky, durante\",\"inLanguage\":\"pt-BR\",\"potentialAction\":[{\"@type\":\"ReadAction\",\"target\":[\"https:\\\/\\\/redenoticiaz.com.br\\\/litoralsp\\\/2023\\\/05\\\/21\\\/incompatibilidade-de-agenda-impossibilita-encontro-entre-lula-e-zelensky-no-g7\"]}]},{\"@type\":\"ImageObject\",\"inLanguage\":\"pt-BR\",\"@id\":\"https:\\\/\\\/redenoticiaz.com.br\\\/litoralsp\\\/2023\\\/05\\\/21\\\/incompatibilidade-de-agenda-impossibilita-encontro-entre-lula-e-zelensky-no-g7#primaryimage\",\"url\":\"https:\\\/\\\/redenoticiaz.com.br\\\/litoralsp\\\/wp-content\\\/uploads\\\/sites\\\/3\\\/2023\\\/05\\\/g7.jpg?v=1684690346\",\"contentUrl\":\"https:\\\/\\\/redenoticiaz.com.br\\\/litoralsp\\\/wp-content\\\/uploads\\\/sites\\\/3\\\/2023\\\/05\\\/g7.jpg?v=1684690346\",\"width\":1170,\"height\":700,\"caption\":\"Foto: Ricardo Stuckert\\\/PR (Ag\u00eancia Brasil)\"},{\"@type\":\"WebSite\",\"@id\":\"https:\\\/\\\/redenoticiaz.com.br\\\/litoralsp\\\/#website\",\"url\":\"https:\\\/\\\/redenoticiaz.com.br\\\/litoralsp\\\/\",\"name\":\"Litoral SP\",\"description\":\"Rede NoticiaZ\",\"publisher\":{\"@id\":\"https:\\\/\\\/redenoticiaz.com.br\\\/litoralsp\\\/#organization\"},\"potentialAction\":[{\"@type\":\"SearchAction\",\"target\":{\"@type\":\"EntryPoint\",\"urlTemplate\":\"https:\\\/\\\/redenoticiaz.com.br\\\/litoralsp\\\/?s={search_term_string}\"},\"query-input\":{\"@type\":\"PropertyValueSpecification\",\"valueRequired\":true,\"valueName\":\"search_term_string\"}}],\"inLanguage\":\"pt-BR\"},{\"@type\":\"Organization\",\"@id\":\"https:\\\/\\\/redenoticiaz.com.br\\\/litoralsp\\\/#organization\",\"name\":\"Litoral SP\",\"url\":\"https:\\\/\\\/redenoticiaz.com.br\\\/litoralsp\\\/\",\"logo\":{\"@type\":\"ImageObject\",\"inLanguage\":\"pt-BR\",\"@id\":\"https:\\\/\\\/redenoticiaz.com.br\\\/litoralsp\\\/#\\\/schema\\\/logo\\\/image\\\/\",\"url\":\"https:\\\/\\\/redenoticiaz.com.br\\\/litoralsp\\\/wp-content\\\/uploads\\\/sites\\\/3\\\/2020\\\/11\\\/logo.jpg\",\"contentUrl\":\"https:\\\/\\\/redenoticiaz.com.br\\\/litoralsp\\\/wp-content\\\/uploads\\\/sites\\\/3\\\/2020\\\/11\\\/logo.jpg\",\"width\":400,\"height\":250,\"caption\":\"Litoral SP\"},\"image\":{\"@id\":\"https:\\\/\\\/redenoticiaz.com.br\\\/litoralsp\\\/#\\\/schema\\\/logo\\\/image\\\/\"}},{\"@type\":\"Person\",\"@id\":\"https:\\\/\\\/redenoticiaz.com.br\\\/litoralsp\\\/#\\\/schema\\\/person\\\/0f0b8a5bdafefe82841e07ae8d81ecb3\",\"name\":\"Leonardo Francisco\",\"image\":{\"@type\":\"ImageObject\",\"inLanguage\":\"pt-BR\",\"@id\":\"https:\\\/\\\/secure.gravatar.com\\\/avatar\\\/a7358cb406a99b682ec6df1e77e31ae82e63601f6784e8a3df411d72b37864da?s=96&d=mm&r=g\",\"url\":\"https:\\\/\\\/secure.gravatar.com\\\/avatar\\\/a7358cb406a99b682ec6df1e77e31ae82e63601f6784e8a3df411d72b37864da?s=96&d=mm&r=g\",\"contentUrl\":\"https:\\\/\\\/secure.gravatar.com\\\/avatar\\\/a7358cb406a99b682ec6df1e77e31ae82e63601f6784e8a3df411d72b37864da?s=96&d=mm&r=g\",\"caption\":\"Leonardo Francisco\"},\"url\":\"https:\\\/\\\/redenoticiaz.com.br\\\/litoralsp\\\/author\\\/leonardo-francisco\"}]}<\/script>\n<!-- \/ Yoast SEO plugin. -->","yoast_head_json":{"title":"Incompatibilidade de agenda impossibilita encontro entre Lula e Zelensky no G7 - Litoral SP","description":"encontro t\u00e3o aguardado entre o presidente Luiz In\u00e1cio Lula da Silva (PT) com o presidente da Ucr\u00e2nia, Volodymyr Zelensky, durante","robots":{"index":"index","follow":"follow","max-snippet":"max-snippet:-1","max-image-preview":"max-image-preview:large","max-video-preview":"max-video-preview:-1"},"canonical":"https:\/\/redenoticiaz.com.br\/litoralsp\/2023\/05\/21\/incompatibilidade-de-agenda-impossibilita-encontro-entre-lula-e-zelensky-no-g7","og_locale":"pt_BR","og_type":"article","og_title":"Incompatibilidade de agenda impossibilita encontro entre Lula e Zelensky no G7 - Litoral SP","og_description":"encontro t\u00e3o aguardado entre o presidente Luiz In\u00e1cio Lula da Silva (PT) com o presidente da Ucr\u00e2nia, Volodymyr Zelensky, durante","og_url":"https:\/\/redenoticiaz.com.br\/litoralsp\/2023\/05\/21\/incompatibilidade-de-agenda-impossibilita-encontro-entre-lula-e-zelensky-no-g7","og_site_name":"Litoral SP","article_published_time":"2023-05-21T17:33:53+00:00","og_image":[{"width":562,"height":276,"url":"https:\/\/redenoticiaz.com.br\/litoralsp\/wp-content\/uploads\/sites\/3\/2023\/08\/WhatsApp-Image-2023-08-09-at-11.43.49.jpeg?v=1691592262","type":"image\/jpeg"}],"author":"Leonardo Francisco","twitter_card":"summary_large_image","twitter_misc":{"Escrito por":"Leonardo Francisco","Est. tempo de leitura":"4 minutos"},"schema":{"@context":"https:\/\/schema.org","@graph":[{"@type":"Article","@id":"https:\/\/redenoticiaz.com.br\/litoralsp\/2023\/05\/21\/incompatibilidade-de-agenda-impossibilita-encontro-entre-lula-e-zelensky-no-g7#article","isPartOf":{"@id":"https:\/\/redenoticiaz.com.br\/litoralsp\/2023\/05\/21\/incompatibilidade-de-agenda-impossibilita-encontro-entre-lula-e-zelensky-no-g7"},"author":{"name":"Leonardo Francisco","@id":"https:\/\/redenoticiaz.com.br\/litoralsp\/#\/schema\/person\/0f0b8a5bdafefe82841e07ae8d81ecb3"},"headline":"Incompatibilidade de agenda impossibilita encontro entre Lula e Zelensky no G7","datePublished":"2023-05-21T17:33:53+00:00","mainEntityOfPage":{"@id":"https:\/\/redenoticiaz.com.br\/litoralsp\/2023\/05\/21\/incompatibilidade-de-agenda-impossibilita-encontro-entre-lula-e-zelensky-no-g7"},"wordCount":710,"commentCount":0,"publisher":{"@id":"https:\/\/redenoticiaz.com.br\/litoralsp\/#organization"},"image":{"@id":"https:\/\/redenoticiaz.com.br\/litoralsp\/2023\/05\/21\/incompatibilidade-de-agenda-impossibilita-encontro-entre-lula-e-zelensky-no-g7#primaryimage"},"thumbnailUrl":"https:\/\/redenoticiaz.com.br\/litoralsp\/wp-content\/uploads\/sites\/3\/2023\/05\/g7.jpg?v=1684690346","keywords":["G7","JAP\u00c3O","LUIZ IN\u00c1CIO LULA DA SILVA","VOLODYMYR ZELENSKY"],"articleSection":["Mundo","Pol\u00edtica"],"inLanguage":"pt-BR","potentialAction":[{"@type":"CommentAction","name":"Comment","target":["https:\/\/redenoticiaz.com.br\/litoralsp\/2023\/05\/21\/incompatibilidade-de-agenda-impossibilita-encontro-entre-lula-e-zelensky-no-g7#respond"]}]},{"@type":"WebPage","@id":"https:\/\/redenoticiaz.com.br\/litoralsp\/2023\/05\/21\/incompatibilidade-de-agenda-impossibilita-encontro-entre-lula-e-zelensky-no-g7","url":"https:\/\/redenoticiaz.com.br\/litoralsp\/2023\/05\/21\/incompatibilidade-de-agenda-impossibilita-encontro-entre-lula-e-zelensky-no-g7","name":"Incompatibilidade de agenda impossibilita encontro entre Lula e Zelensky no G7 - Litoral SP","isPartOf":{"@id":"https:\/\/redenoticiaz.com.br\/litoralsp\/#website"},"primaryImageOfPage":{"@id":"https:\/\/redenoticiaz.com.br\/litoralsp\/2023\/05\/21\/incompatibilidade-de-agenda-impossibilita-encontro-entre-lula-e-zelensky-no-g7#primaryimage"},"image":{"@id":"https:\/\/redenoticiaz.com.br\/litoralsp\/2023\/05\/21\/incompatibilidade-de-agenda-impossibilita-encontro-entre-lula-e-zelensky-no-g7#primaryimage"},"thumbnailUrl":"https:\/\/redenoticiaz.com.br\/litoralsp\/wp-content\/uploads\/sites\/3\/2023\/05\/g7.jpg?v=1684690346","datePublished":"2023-05-21T17:33:53+00:00","description":"encontro t\u00e3o aguardado entre o presidente Luiz In\u00e1cio Lula da Silva (PT) com o presidente da Ucr\u00e2nia, Volodymyr Zelensky, durante","inLanguage":"pt-BR","potentialAction":[{"@type":"ReadAction","target":["https:\/\/redenoticiaz.com.br\/litoralsp\/2023\/05\/21\/incompatibilidade-de-agenda-impossibilita-encontro-entre-lula-e-zelensky-no-g7"]}]},{"@type":"ImageObject","inLanguage":"pt-BR","@id":"https:\/\/redenoticiaz.com.br\/litoralsp\/2023\/05\/21\/incompatibilidade-de-agenda-impossibilita-encontro-entre-lula-e-zelensky-no-g7#primaryimage","url":"https:\/\/redenoticiaz.com.br\/litoralsp\/wp-content\/uploads\/sites\/3\/2023\/05\/g7.jpg?v=1684690346","contentUrl":"https:\/\/redenoticiaz.com.br\/litoralsp\/wp-content\/uploads\/sites\/3\/2023\/05\/g7.jpg?v=1684690346","width":1170,"height":700,"caption":"Foto: Ricardo Stuckert\/PR (Ag\u00eancia Brasil)"},{"@type":"WebSite","@id":"https:\/\/redenoticiaz.com.br\/litoralsp\/#website","url":"https:\/\/redenoticiaz.com.br\/litoralsp\/","name":"Litoral SP","description":"Rede NoticiaZ","publisher":{"@id":"https:\/\/redenoticiaz.com.br\/litoralsp\/#organization"},"potentialAction":[{"@type":"SearchAction","target":{"@type":"EntryPoint","urlTemplate":"https:\/\/redenoticiaz.com.br\/litoralsp\/?s={search_term_string}"},"query-input":{"@type":"PropertyValueSpecification","valueRequired":true,"valueName":"search_term_string"}}],"inLanguage":"pt-BR"},{"@type":"Organization","@id":"https:\/\/redenoticiaz.com.br\/litoralsp\/#organization","name":"Litoral SP","url":"https:\/\/redenoticiaz.com.br\/litoralsp\/","logo":{"@type":"ImageObject","inLanguage":"pt-BR","@id":"https:\/\/redenoticiaz.com.br\/litoralsp\/#\/schema\/logo\/image\/","url":"https:\/\/redenoticiaz.com.br\/litoralsp\/wp-content\/uploads\/sites\/3\/2020\/11\/logo.jpg","contentUrl":"https:\/\/redenoticiaz.com.br\/litoralsp\/wp-content\/uploads\/sites\/3\/2020\/11\/logo.jpg","width":400,"height":250,"caption":"Litoral SP"},"image":{"@id":"https:\/\/redenoticiaz.com.br\/litoralsp\/#\/schema\/logo\/image\/"}},{"@type":"Person","@id":"https:\/\/redenoticiaz.com.br\/litoralsp\/#\/schema\/person\/0f0b8a5bdafefe82841e07ae8d81ecb3","name":"Leonardo Francisco","image":{"@type":"ImageObject","inLanguage":"pt-BR","@id":"https:\/\/secure.gravatar.com\/avatar\/a7358cb406a99b682ec6df1e77e31ae82e63601f6784e8a3df411d72b37864da?s=96&d=mm&r=g","url":"https:\/\/secure.gravatar.com\/avatar\/a7358cb406a99b682ec6df1e77e31ae82e63601f6784e8a3df411d72b37864da?s=96&d=mm&r=g","contentUrl":"https:\/\/secure.gravatar.com\/avatar\/a7358cb406a99b682ec6df1e77e31ae82e63601f6784e8a3df411d72b37864da?s=96&d=mm&r=g","caption":"Leonardo Francisco"},"url":"https:\/\/redenoticiaz.com.br\/litoralsp\/author\/leonardo-francisco"}]}},"_links":{"self":[{"href":"https:\/\/redenoticiaz.com.br\/litoralsp\/wp-json\/wp\/v2\/posts\/106087","targetHints":{"allow":["GET"]}}],"collection":[{"href":"https:\/\/redenoticiaz.com.br\/litoralsp\/wp-json\/wp\/v2\/posts"}],"about":[{"href":"https:\/\/redenoticiaz.com.br\/litoralsp\/wp-json\/wp\/v2\/types\/post"}],"author":[{"embeddable":true,"href":"https:\/\/redenoticiaz.com.br\/litoralsp\/wp-json\/wp\/v2\/users\/6"}],"replies":[{"embeddable":true,"href":"https:\/\/redenoticiaz.com.br\/litoralsp\/wp-json\/wp\/v2\/comments?post=106087"}],"version-history":[{"count":0,"href":"https:\/\/redenoticiaz.com.br\/litoralsp\/wp-json\/wp\/v2\/posts\/106087\/revisions"}],"wp:featuredmedia":[{"embeddable":true,"href":"https:\/\/redenoticiaz.com.br\/litoralsp\/wp-json\/wp\/v2\/media\/106088"}],"wp:attachment":[{"href":"https:\/\/redenoticiaz.com.br\/litoralsp\/wp-json\/wp\/v2\/media?parent=106087"}],"wp:term":[{"taxonomy":"category","embeddable":true,"href":"https:\/\/redenoticiaz.com.br\/litoralsp\/wp-json\/wp\/v2\/categories?post=106087"},{"taxonomy":"post_tag","embeddable":true,"href":"https:\/\/redenoticiaz.com.br\/litoralsp\/wp-json\/wp\/v2\/tags?post=106087"}],"curies":[{"name":"wp","href":"https:\/\/api.w.org\/{rel}","templated":true}]}}