{"id":106102,"date":"2023-05-21T23:35:18","date_gmt":"2023-05-22T02:35:18","guid":{"rendered":"https:\/\/redenoticiaz.com.br\/litoralsp\/2023\/05\/21\/brasil-estreia-com-derrota-no-mundial-sub-20-para-a-italia"},"modified":"2023-05-21T23:35:18","modified_gmt":"2023-05-22T02:35:18","slug":"brasil-estreia-com-derrota-no-mundial-sub-20-para-a-italia","status":"publish","type":"post","link":"https:\/\/redenoticiaz.com.br\/litoralsp\/2023\/05\/21\/brasil-estreia-com-derrota-no-mundial-sub-20-para-a-italia","title":{"rendered":"Brasil estreia com derrota no Mundial Sub-20 para a It\u00e1lia"},"content":{"rendered":"<p>Teve in\u00edcio o Mundial Sub-20, realizado na Argentina e neste domingo (21), foi a vez do Brasil estrear no Grupo D. A equipe de Ramon Menezes encarou a It\u00e1lia e teve um desempenho muito abaixo do que se esperava, <strong>estreando com derrota.<\/strong> Agora a Sele\u00e7\u00e3o Brasileira vai ter que vencer os dois pr\u00f3ximos jogos para n\u00e3o depender de ningu\u00e9m.<\/p>\n<p><span class=\"sc-dvXXZy epvZtk\">N\u00e3o demorou muito para que a It\u00e1lia praticamente resolvesse o jogo. Ainda no primeiro tempo a Azurra n\u00e3o deu nenhuma chance e aplicou logo 3 a 0. Aos 11 minutos, Prati abriu o placar, ap\u00f3s cruzamento da esquerda, com desvio no meio do caminho para tirar Kaiki Bruno da jogada. <\/span><\/p>\n<p><span class=\"sc-dvXXZy epvZtk\">O time de Ramon at\u00e9 reagiu bem e buscava jogadas em velocidade, mas praticamente n\u00e3o assustava os italianos at\u00e9 que Casadei entrou em a\u00e7\u00e3o. O volante do Chelsea aproveitou vacilo de Mycael para fazer o segundo aos 27, de cabe\u00e7a, ap\u00f3s cobran\u00e7a de escanteio, e fez o 3 a 0 de p\u00eanalti, aos 35, diante de um Brasil que n\u00e3o acreditava no que via em campo.<\/span><\/p>\n<h3>Rea\u00e7\u00e3o do Brasil?<\/h3>\n<p><span class=\"sc-dvXXZy epvZtk\">Ramon deu f\u00f4lego ao time na volta do segundo tempo, e o Brasil ao menos conseguiu ser competitivo. Por mais que ainda tivesse dificuldades de envolver a It\u00e1lia, ao menos igualava na combatividade e passou a ter maior presen\u00e7a no campo ofensivo com as entradas de Savinho e Marquinhos.<\/span><\/p>\n<p><span class=\"sc-dvXXZy epvZtk\"> N\u00e3o satisfeito, Ramon colocou ainda Kevin, Matheus Nascimento e Andr\u00e9 Dhominique para tomar as r\u00e9deas da partida. Debru\u00e7ada no campo de ataque, a Sele\u00e7\u00e3o descontou duas vezes com Marcos Leonardo, eficiente dentro da \u00e1rea, e esbo\u00e7ou uma press\u00e3o pelo empate na reta final. N\u00e3o foi suficiente, mas ao menos melhorou o estado de \u00e2nimo visando a sequ\u00eancia na competi\u00e7\u00e3o.<\/span><\/p>\n<p><span class=\"sc-dvXXZy epvZtk\">Com o resultado, o Brasil termina a primeira rodada na terceira cola\u00e7\u00e3o, atr\u00e1s dos italianos e da Nig\u00e9ria, que fez 2 a 1 sobre a Rep\u00fablica Dominicana na preliminar. Quarta-feira (24), a Sele\u00e7\u00e3o encara os dominicanos no mesmo est\u00e1dio \u00e0s 18h (de Bras\u00edlia), ap\u00f3s o duelo dos l\u00edderes.<\/span><\/p>\n<p><strong>LEIA TAMB\u00c9M<\/strong><\/p>\n<p><a href=\"https:\/\/redenoticiaz.com.br\/blog\/2023\/05\/21\/corinthians-perde-nos-minutos-finais-para-o-flamengo-e-segue-no-z4-do-brasileirao\">Corinthians perde nos minutos finais para o Flamengo e segue no Z4 do Brasileir\u00e3o<\/a><\/p>\n","protected":false},"excerpt":{"rendered":"<p>Teve in\u00edcio o Mundial Sub-20, realizado na Argentina e neste domingo (21), foi a vez do Brasil estrear no Grupo D. A equipe de Ramon Menezes encarou a It\u00e1lia e teve um desempenho muito abaixo do que se esperava, estreando com derrota. Agora a Sele\u00e7\u00e3o Brasileira vai ter que vencer os dois pr\u00f3ximos jogos para &hellip;<\/p>\n","protected":false},"author":6,"featured_media":106103,"comment_status":"open","ping_status":"closed","sticky":false,"template":"","format":"standard","meta":{"footnotes":""},"categories":[35],"tags":[2171,173,19413,12298,65305,63320],"class_list":["post-106102","post","type-post","status-publish","format-standard","has-post-thumbnail","hentry","category-esporte","tag-argentina","tag-brasil","tag-italia","tag-marcos-leonardo","tag-mendoza","tag-mundial-sub-20"],"yoast_head":"<!-- This site is optimized with the Yoast SEO plugin v27.5 - https:\/\/yoast.com\/product\/yoast-seo-wordpress\/ -->\n<title>Brasil estreia com derrota no Mundial Sub-20 para a It\u00e1lia - Litoral SP<\/title>\n<meta name=\"description\" content=\"realizado na Argentina e neste domingo (21), foi a vez do Brasil estrear no Grupo D. A equipe de Ramon Menezes encarou a It\u00e1lia e teve\" \/>\n<meta name=\"robots\" content=\"index, follow, max-snippet:-1, max-image-preview:large, max-video-preview:-1\" \/>\n<link rel=\"canonical\" href=\"https:\/\/redenoticiaz.com.br\/litoralsp\/2023\/05\/21\/brasil-estreia-com-derrota-no-mundial-sub-20-para-a-italia\" \/>\n<meta property=\"og:locale\" content=\"pt_BR\" \/>\n<meta property=\"og:type\" content=\"article\" \/>\n<meta property=\"og:title\" content=\"Brasil estreia com derrota no Mundial Sub-20 para a It\u00e1lia - Litoral SP\" \/>\n<meta property=\"og:description\" content=\"realizado na Argentina e neste domingo (21), foi a vez do Brasil estrear no Grupo D. A equipe de Ramon Menezes encarou a It\u00e1lia e teve\" \/>\n<meta property=\"og:url\" content=\"https:\/\/redenoticiaz.com.br\/litoralsp\/2023\/05\/21\/brasil-estreia-com-derrota-no-mundial-sub-20-para-a-italia\" \/>\n<meta property=\"og:site_name\" content=\"Litoral SP\" \/>\n<meta property=\"article:published_time\" content=\"2023-05-22T02:35:18+00:00\" \/>\n<meta property=\"og:image\" content=\"https:\/\/redenoticiaz.com.br\/litoralsp\/wp-content\/uploads\/sites\/3\/2023\/08\/design-sem-nome-84-.jpg\" \/>\n\t<meta property=\"og:image:width\" content=\"1000\" \/>\n\t<meta property=\"og:image:height\" content=\"667\" \/>\n\t<meta property=\"og:image:type\" content=\"image\/jpeg\" \/>\n<meta name=\"author\" content=\"Leonardo Francisco\" \/>\n<meta name=\"twitter:card\" content=\"summary_large_image\" \/>\n<meta name=\"twitter:label1\" content=\"Escrito por\" \/>\n\t<meta name=\"twitter:data1\" content=\"Leonardo Francisco\" \/>\n\t<meta name=\"twitter:label2\" content=\"Est. tempo de leitura\" \/>\n\t<meta name=\"twitter:data2\" content=\"2 minutos\" \/>\n<script type=\"application\/ld+json\" class=\"yoast-schema-graph\">{\"@context\":\"https:\\\/\\\/schema.org\",\"@graph\":[{\"@type\":\"Article\",\"@id\":\"https:\\\/\\\/redenoticiaz.com.br\\\/litoralsp\\\/2023\\\/05\\\/21\\\/brasil-estreia-com-derrota-no-mundial-sub-20-para-a-italia#article\",\"isPartOf\":{\"@id\":\"https:\\\/\\\/redenoticiaz.com.br\\\/litoralsp\\\/2023\\\/05\\\/21\\\/brasil-estreia-com-derrota-no-mundial-sub-20-para-a-italia\"},\"author\":{\"name\":\"Leonardo Francisco\",\"@id\":\"https:\\\/\\\/redenoticiaz.com.br\\\/litoralsp\\\/#\\\/schema\\\/person\\\/0f0b8a5bdafefe82841e07ae8d81ecb3\"},\"headline\":\"Brasil estreia com derrota no Mundial Sub-20 para a It\u00e1lia\",\"datePublished\":\"2023-05-22T02:35:18+00:00\",\"mainEntityOfPage\":{\"@id\":\"https:\\\/\\\/redenoticiaz.com.br\\\/litoralsp\\\/2023\\\/05\\\/21\\\/brasil-estreia-com-derrota-no-mundial-sub-20-para-a-italia\"},\"wordCount\":391,\"commentCount\":0,\"publisher\":{\"@id\":\"https:\\\/\\\/redenoticiaz.com.br\\\/litoralsp\\\/#organization\"},\"image\":{\"@id\":\"https:\\\/\\\/redenoticiaz.com.br\\\/litoralsp\\\/2023\\\/05\\\/21\\\/brasil-estreia-com-derrota-no-mundial-sub-20-para-a-italia#primaryimage\"},\"thumbnailUrl\":\"https:\\\/\\\/redenoticiaz.com.br\\\/litoralsp\\\/wp-content\\\/uploads\\\/sites\\\/3\\\/2023\\\/05\\\/BRAXITA.jpg?v=1684722824\",\"keywords\":[\"Argentina\",\"Brasil\",\"It\u00e1lia\",\"MARCOS LEONARDO\",\"MENDOZA\",\"MUNDIAL SUB-20\"],\"articleSection\":[\"Esporte\"],\"inLanguage\":\"pt-BR\",\"potentialAction\":[{\"@type\":\"CommentAction\",\"name\":\"Comment\",\"target\":[\"https:\\\/\\\/redenoticiaz.com.br\\\/litoralsp\\\/2023\\\/05\\\/21\\\/brasil-estreia-com-derrota-no-mundial-sub-20-para-a-italia#respond\"]}]},{\"@type\":\"WebPage\",\"@id\":\"https:\\\/\\\/redenoticiaz.com.br\\\/litoralsp\\\/2023\\\/05\\\/21\\\/brasil-estreia-com-derrota-no-mundial-sub-20-para-a-italia\",\"url\":\"https:\\\/\\\/redenoticiaz.com.br\\\/litoralsp\\\/2023\\\/05\\\/21\\\/brasil-estreia-com-derrota-no-mundial-sub-20-para-a-italia\",\"name\":\"Brasil estreia com derrota no Mundial Sub-20 para a It\u00e1lia - Litoral SP\",\"isPartOf\":{\"@id\":\"https:\\\/\\\/redenoticiaz.com.br\\\/litoralsp\\\/#website\"},\"primaryImageOfPage\":{\"@id\":\"https:\\\/\\\/redenoticiaz.com.br\\\/litoralsp\\\/2023\\\/05\\\/21\\\/brasil-estreia-com-derrota-no-mundial-sub-20-para-a-italia#primaryimage\"},\"image\":{\"@id\":\"https:\\\/\\\/redenoticiaz.com.br\\\/litoralsp\\\/2023\\\/05\\\/21\\\/brasil-estreia-com-derrota-no-mundial-sub-20-para-a-italia#primaryimage\"},\"thumbnailUrl\":\"https:\\\/\\\/redenoticiaz.com.br\\\/litoralsp\\\/wp-content\\\/uploads\\\/sites\\\/3\\\/2023\\\/05\\\/BRAXITA.jpg?v=1684722824\",\"datePublished\":\"2023-05-22T02:35:18+00:00\",\"description\":\"realizado na Argentina e neste domingo (21), foi a vez do Brasil estrear no Grupo D. A equipe de Ramon Menezes encarou a It\u00e1lia e teve\",\"inLanguage\":\"pt-BR\",\"potentialAction\":[{\"@type\":\"ReadAction\",\"target\":[\"https:\\\/\\\/redenoticiaz.com.br\\\/litoralsp\\\/2023\\\/05\\\/21\\\/brasil-estreia-com-derrota-no-mundial-sub-20-para-a-italia\"]}]},{\"@type\":\"ImageObject\",\"inLanguage\":\"pt-BR\",\"@id\":\"https:\\\/\\\/redenoticiaz.com.br\\\/litoralsp\\\/2023\\\/05\\\/21\\\/brasil-estreia-com-derrota-no-mundial-sub-20-para-a-italia#primaryimage\",\"url\":\"https:\\\/\\\/redenoticiaz.com.br\\\/litoralsp\\\/wp-content\\\/uploads\\\/sites\\\/3\\\/2023\\\/05\\\/BRAXITA.jpg?v=1684722824\",\"contentUrl\":\"https:\\\/\\\/redenoticiaz.com.br\\\/litoralsp\\\/wp-content\\\/uploads\\\/sites\\\/3\\\/2023\\\/05\\\/BRAXITA.jpg?v=1684722824\",\"width\":523,\"height\":272,\"caption\":\"Cr\u00e9ditos: Divulga\u00e7\u00e3o\\\/CBF\"},{\"@type\":\"WebSite\",\"@id\":\"https:\\\/\\\/redenoticiaz.com.br\\\/litoralsp\\\/#website\",\"url\":\"https:\\\/\\\/redenoticiaz.com.br\\\/litoralsp\\\/\",\"name\":\"Litoral SP\",\"description\":\"Rede NoticiaZ\",\"publisher\":{\"@id\":\"https:\\\/\\\/redenoticiaz.com.br\\\/litoralsp\\\/#organization\"},\"potentialAction\":[{\"@type\":\"SearchAction\",\"target\":{\"@type\":\"EntryPoint\",\"urlTemplate\":\"https:\\\/\\\/redenoticiaz.com.br\\\/litoralsp\\\/?s={search_term_string}\"},\"query-input\":{\"@type\":\"PropertyValueSpecification\",\"valueRequired\":true,\"valueName\":\"search_term_string\"}}],\"inLanguage\":\"pt-BR\"},{\"@type\":\"Organization\",\"@id\":\"https:\\\/\\\/redenoticiaz.com.br\\\/litoralsp\\\/#organization\",\"name\":\"Litoral SP\",\"url\":\"https:\\\/\\\/redenoticiaz.com.br\\\/litoralsp\\\/\",\"logo\":{\"@type\":\"ImageObject\",\"inLanguage\":\"pt-BR\",\"@id\":\"https:\\\/\\\/redenoticiaz.com.br\\\/litoralsp\\\/#\\\/schema\\\/logo\\\/image\\\/\",\"url\":\"https:\\\/\\\/redenoticiaz.com.br\\\/litoralsp\\\/wp-content\\\/uploads\\\/sites\\\/3\\\/2020\\\/11\\\/logo.jpg\",\"contentUrl\":\"https:\\\/\\\/redenoticiaz.com.br\\\/litoralsp\\\/wp-content\\\/uploads\\\/sites\\\/3\\\/2020\\\/11\\\/logo.jpg\",\"width\":400,\"height\":250,\"caption\":\"Litoral SP\"},\"image\":{\"@id\":\"https:\\\/\\\/redenoticiaz.com.br\\\/litoralsp\\\/#\\\/schema\\\/logo\\\/image\\\/\"}},{\"@type\":\"Person\",\"@id\":\"https:\\\/\\\/redenoticiaz.com.br\\\/litoralsp\\\/#\\\/schema\\\/person\\\/0f0b8a5bdafefe82841e07ae8d81ecb3\",\"name\":\"Leonardo Francisco\",\"image\":{\"@type\":\"ImageObject\",\"inLanguage\":\"pt-BR\",\"@id\":\"https:\\\/\\\/secure.gravatar.com\\\/avatar\\\/a7358cb406a99b682ec6df1e77e31ae82e63601f6784e8a3df411d72b37864da?s=96&d=mm&r=g\",\"url\":\"https:\\\/\\\/secure.gravatar.com\\\/avatar\\\/a7358cb406a99b682ec6df1e77e31ae82e63601f6784e8a3df411d72b37864da?s=96&d=mm&r=g\",\"contentUrl\":\"https:\\\/\\\/secure.gravatar.com\\\/avatar\\\/a7358cb406a99b682ec6df1e77e31ae82e63601f6784e8a3df411d72b37864da?s=96&d=mm&r=g\",\"caption\":\"Leonardo Francisco\"},\"url\":\"https:\\\/\\\/redenoticiaz.com.br\\\/litoralsp\\\/author\\\/leonardo-francisco\"}]}<\/script>\n<!-- \/ Yoast SEO plugin. -->","yoast_head_json":{"title":"Brasil estreia com derrota no Mundial Sub-20 para a It\u00e1lia - Litoral SP","description":"realizado na Argentina e neste domingo (21), foi a vez do Brasil estrear no Grupo D. A equipe de Ramon Menezes encarou a It\u00e1lia e teve","robots":{"index":"index","follow":"follow","max-snippet":"max-snippet:-1","max-image-preview":"max-image-preview:large","max-video-preview":"max-video-preview:-1"},"canonical":"https:\/\/redenoticiaz.com.br\/litoralsp\/2023\/05\/21\/brasil-estreia-com-derrota-no-mundial-sub-20-para-a-italia","og_locale":"pt_BR","og_type":"article","og_title":"Brasil estreia com derrota no Mundial Sub-20 para a It\u00e1lia - Litoral SP","og_description":"realizado na Argentina e neste domingo (21), foi a vez do Brasil estrear no Grupo D. A equipe de Ramon Menezes encarou a It\u00e1lia e teve","og_url":"https:\/\/redenoticiaz.com.br\/litoralsp\/2023\/05\/21\/brasil-estreia-com-derrota-no-mundial-sub-20-para-a-italia","og_site_name":"Litoral SP","article_published_time":"2023-05-22T02:35:18+00:00","og_image":[{"width":1000,"height":667,"url":"https:\/\/redenoticiaz.com.br\/litoralsp\/wp-content\/uploads\/sites\/3\/2023\/08\/design-sem-nome-84-.jpg","type":"image\/jpeg"}],"author":"Leonardo Francisco","twitter_card":"summary_large_image","twitter_misc":{"Escrito por":"Leonardo Francisco","Est. tempo de leitura":"2 minutos"},"schema":{"@context":"https:\/\/schema.org","@graph":[{"@type":"Article","@id":"https:\/\/redenoticiaz.com.br\/litoralsp\/2023\/05\/21\/brasil-estreia-com-derrota-no-mundial-sub-20-para-a-italia#article","isPartOf":{"@id":"https:\/\/redenoticiaz.com.br\/litoralsp\/2023\/05\/21\/brasil-estreia-com-derrota-no-mundial-sub-20-para-a-italia"},"author":{"name":"Leonardo Francisco","@id":"https:\/\/redenoticiaz.com.br\/litoralsp\/#\/schema\/person\/0f0b8a5bdafefe82841e07ae8d81ecb3"},"headline":"Brasil estreia com derrota no Mundial Sub-20 para a It\u00e1lia","datePublished":"2023-05-22T02:35:18+00:00","mainEntityOfPage":{"@id":"https:\/\/redenoticiaz.com.br\/litoralsp\/2023\/05\/21\/brasil-estreia-com-derrota-no-mundial-sub-20-para-a-italia"},"wordCount":391,"commentCount":0,"publisher":{"@id":"https:\/\/redenoticiaz.com.br\/litoralsp\/#organization"},"image":{"@id":"https:\/\/redenoticiaz.com.br\/litoralsp\/2023\/05\/21\/brasil-estreia-com-derrota-no-mundial-sub-20-para-a-italia#primaryimage"},"thumbnailUrl":"https:\/\/redenoticiaz.com.br\/litoralsp\/wp-content\/uploads\/sites\/3\/2023\/05\/BRAXITA.jpg?v=1684722824","keywords":["Argentina","Brasil","It\u00e1lia","MARCOS LEONARDO","MENDOZA","MUNDIAL SUB-20"],"articleSection":["Esporte"],"inLanguage":"pt-BR","potentialAction":[{"@type":"CommentAction","name":"Comment","target":["https:\/\/redenoticiaz.com.br\/litoralsp\/2023\/05\/21\/brasil-estreia-com-derrota-no-mundial-sub-20-para-a-italia#respond"]}]},{"@type":"WebPage","@id":"https:\/\/redenoticiaz.com.br\/litoralsp\/2023\/05\/21\/brasil-estreia-com-derrota-no-mundial-sub-20-para-a-italia","url":"https:\/\/redenoticiaz.com.br\/litoralsp\/2023\/05\/21\/brasil-estreia-com-derrota-no-mundial-sub-20-para-a-italia","name":"Brasil estreia com derrota no Mundial Sub-20 para a It\u00e1lia - Litoral SP","isPartOf":{"@id":"https:\/\/redenoticiaz.com.br\/litoralsp\/#website"},"primaryImageOfPage":{"@id":"https:\/\/redenoticiaz.com.br\/litoralsp\/2023\/05\/21\/brasil-estreia-com-derrota-no-mundial-sub-20-para-a-italia#primaryimage"},"image":{"@id":"https:\/\/redenoticiaz.com.br\/litoralsp\/2023\/05\/21\/brasil-estreia-com-derrota-no-mundial-sub-20-para-a-italia#primaryimage"},"thumbnailUrl":"https:\/\/redenoticiaz.com.br\/litoralsp\/wp-content\/uploads\/sites\/3\/2023\/05\/BRAXITA.jpg?v=1684722824","datePublished":"2023-05-22T02:35:18+00:00","description":"realizado na Argentina e neste domingo (21), foi a vez do Brasil estrear no Grupo D. A equipe de Ramon Menezes encarou a It\u00e1lia e teve","inLanguage":"pt-BR","potentialAction":[{"@type":"ReadAction","target":["https:\/\/redenoticiaz.com.br\/litoralsp\/2023\/05\/21\/brasil-estreia-com-derrota-no-mundial-sub-20-para-a-italia"]}]},{"@type":"ImageObject","inLanguage":"pt-BR","@id":"https:\/\/redenoticiaz.com.br\/litoralsp\/2023\/05\/21\/brasil-estreia-com-derrota-no-mundial-sub-20-para-a-italia#primaryimage","url":"https:\/\/redenoticiaz.com.br\/litoralsp\/wp-content\/uploads\/sites\/3\/2023\/05\/BRAXITA.jpg?v=1684722824","contentUrl":"https:\/\/redenoticiaz.com.br\/litoralsp\/wp-content\/uploads\/sites\/3\/2023\/05\/BRAXITA.jpg?v=1684722824","width":523,"height":272,"caption":"Cr\u00e9ditos: Divulga\u00e7\u00e3o\/CBF"},{"@type":"WebSite","@id":"https:\/\/redenoticiaz.com.br\/litoralsp\/#website","url":"https:\/\/redenoticiaz.com.br\/litoralsp\/","name":"Litoral SP","description":"Rede NoticiaZ","publisher":{"@id":"https:\/\/redenoticiaz.com.br\/litoralsp\/#organization"},"potentialAction":[{"@type":"SearchAction","target":{"@type":"EntryPoint","urlTemplate":"https:\/\/redenoticiaz.com.br\/litoralsp\/?s={search_term_string}"},"query-input":{"@type":"PropertyValueSpecification","valueRequired":true,"valueName":"search_term_string"}}],"inLanguage":"pt-BR"},{"@type":"Organization","@id":"https:\/\/redenoticiaz.com.br\/litoralsp\/#organization","name":"Litoral SP","url":"https:\/\/redenoticiaz.com.br\/litoralsp\/","logo":{"@type":"ImageObject","inLanguage":"pt-BR","@id":"https:\/\/redenoticiaz.com.br\/litoralsp\/#\/schema\/logo\/image\/","url":"https:\/\/redenoticiaz.com.br\/litoralsp\/wp-content\/uploads\/sites\/3\/2020\/11\/logo.jpg","contentUrl":"https:\/\/redenoticiaz.com.br\/litoralsp\/wp-content\/uploads\/sites\/3\/2020\/11\/logo.jpg","width":400,"height":250,"caption":"Litoral SP"},"image":{"@id":"https:\/\/redenoticiaz.com.br\/litoralsp\/#\/schema\/logo\/image\/"}},{"@type":"Person","@id":"https:\/\/redenoticiaz.com.br\/litoralsp\/#\/schema\/person\/0f0b8a5bdafefe82841e07ae8d81ecb3","name":"Leonardo Francisco","image":{"@type":"ImageObject","inLanguage":"pt-BR","@id":"https:\/\/secure.gravatar.com\/avatar\/a7358cb406a99b682ec6df1e77e31ae82e63601f6784e8a3df411d72b37864da?s=96&d=mm&r=g","url":"https:\/\/secure.gravatar.com\/avatar\/a7358cb406a99b682ec6df1e77e31ae82e63601f6784e8a3df411d72b37864da?s=96&d=mm&r=g","contentUrl":"https:\/\/secure.gravatar.com\/avatar\/a7358cb406a99b682ec6df1e77e31ae82e63601f6784e8a3df411d72b37864da?s=96&d=mm&r=g","caption":"Leonardo Francisco"},"url":"https:\/\/redenoticiaz.com.br\/litoralsp\/author\/leonardo-francisco"}]}},"_links":{"self":[{"href":"https:\/\/redenoticiaz.com.br\/litoralsp\/wp-json\/wp\/v2\/posts\/106102","targetHints":{"allow":["GET"]}}],"collection":[{"href":"https:\/\/redenoticiaz.com.br\/litoralsp\/wp-json\/wp\/v2\/posts"}],"about":[{"href":"https:\/\/redenoticiaz.com.br\/litoralsp\/wp-json\/wp\/v2\/types\/post"}],"author":[{"embeddable":true,"href":"https:\/\/redenoticiaz.com.br\/litoralsp\/wp-json\/wp\/v2\/users\/6"}],"replies":[{"embeddable":true,"href":"https:\/\/redenoticiaz.com.br\/litoralsp\/wp-json\/wp\/v2\/comments?post=106102"}],"version-history":[{"count":0,"href":"https:\/\/redenoticiaz.com.br\/litoralsp\/wp-json\/wp\/v2\/posts\/106102\/revisions"}],"wp:featuredmedia":[{"embeddable":true,"href":"https:\/\/redenoticiaz.com.br\/litoralsp\/wp-json\/wp\/v2\/media\/106103"}],"wp:attachment":[{"href":"https:\/\/redenoticiaz.com.br\/litoralsp\/wp-json\/wp\/v2\/media?parent=106102"}],"wp:term":[{"taxonomy":"category","embeddable":true,"href":"https:\/\/redenoticiaz.com.br\/litoralsp\/wp-json\/wp\/v2\/categories?post=106102"},{"taxonomy":"post_tag","embeddable":true,"href":"https:\/\/redenoticiaz.com.br\/litoralsp\/wp-json\/wp\/v2\/tags?post=106102"}],"curies":[{"name":"wp","href":"https:\/\/api.w.org\/{rel}","templated":true}]}}