{"id":106104,"date":"2023-05-22T07:41:21","date_gmt":"2023-05-22T10:41:21","guid":{"rendered":"https:\/\/redenoticiaz.com.br\/litoralsp\/2023\/05\/22\/racismo-o-maior-adversario-de-vini-jr-e-de-toda-sociedade"},"modified":"2023-05-22T07:41:21","modified_gmt":"2023-05-22T10:41:21","slug":"racismo-o-maior-adversario-de-vini-jr-e-de-toda-sociedade","status":"publish","type":"post","link":"https:\/\/redenoticiaz.com.br\/litoralsp\/2023\/05\/22\/racismo-o-maior-adversario-de-vini-jr-e-de-toda-sociedade","title":{"rendered":"Racismo: o maior advers\u00e1rio de Vini Jr. e de toda sociedade"},"content":{"rendered":"<p>A maldita cultura do <strong>racismo<\/strong>, que foi se desenvolvendo especialmente nas eras de coloniza\u00e7\u00f5es do europeus nas descobertas das Am\u00e9ricas, principalmente no Brasil e nos continentes africanos e asi\u00e1ticos, \u00e9 um mal que s\u00f3 vem aumentando e se tornou o maior desafio em busca de uma sociedade democr\u00e1tica, justa, com respeito e boa conviv\u00eancia. Neste domingo (21), mais uma vez a Espanha foi o grande holofote deste ato ultrapassado, primitivo e que envergonha a humanidade. O palco? Est\u00e1dio Mestalla, em um jogo de futebol de LaLiga, entre Valencia e Real Madrid.<\/p>\n<p class=\"content-text__container \" data-track-category=\"Link no Texto\" data-track-links=\"\">O Val\u00eancia venceu o duelo por 1 a 0 dos merengues pela 35\u00aa rodada do Campeonato Espanhol. Mas o que chamou a aten\u00e7\u00e3o, mais uma vez foram os atos de racismo contra Vin\u00edcius J\u00fanior. Ao longo da partida era poss\u00edvel ouvir alguns gritos de &#8220;mono&#8221; (macaco, em espanhol). No entanto, a situa\u00e7\u00e3o explodiu aos 24 minutos do segundo tempo.<\/p>\n<div id=\"chunk-9ju4o\">\n<div class=\"mc-column content-text active-extra-styles \" data-block-type=\"unstyled\" data-block-weight=\"41\" data-block-id=\"7\">\n<p class=\"content-text__container \" data-track-category=\"Link no Texto\" data-track-links=\"\">Numa jogada pela esquerda, Vinicius Junior foi atrapalhado por uma segunda bola dentro de campo. O atacante do Real Madrid reclamou disso com a arbitragem, e parte da torcida mais perto do gol do Valencia o hostilizou fortemente com xingamentos racistas.<\/p>\n<p data-track-category=\"Link no Texto\" data-track-links=\"\"><span class=\"highlight highlighted\">Vinicius puxou o \u00e1rbitro Ricardo De Burgos Bengoetxea para denunciar um determinado torcedor atr\u00e1s do gol. <\/span><\/p>\n<div id=\"chunk-23m00\">\n<div class=\"mc-column content-text active-extra-styles \" data-block-type=\"unstyled\" data-block-weight=\"56\" data-block-id=\"19\">\n<p class=\"content-text__container \" data-track-category=\"Link no Texto\" data-track-links=\"\">O \u00e1rbitro ent\u00e3o conversou com jogadores e com os t\u00e9cnicos dos dois times, al\u00e9m do quarto oficial. O sistema de som do Mestalla emitiu dois avisos: um de que a partida tinha sido paralisada por causa desse epis\u00f3dio de racismo, e <span class=\"highlight highlighted\">o segundo de que ela s\u00f3 voltaria caso os xingamentos e c\u00e2nticos fossem encerrados. <\/span><\/p>\n<\/div>\n<\/div>\n<div id=\"chunk-lhdm\">\n<div class=\"mc-column content-text active-extra-styles \" data-block-type=\"unstyled\" data-block-weight=\"26\" data-block-id=\"20\">\n<p class=\"content-text__container \" data-track-category=\"Link no Texto\" data-track-links=\"\">Foram cerca de oito minutos entre o in\u00edcio da confus\u00e3o da segunda bola em campo, passando pela den\u00fancia de racismo, at\u00e9 a retomada do jogo.<\/p>\n<\/div>\n<\/div>\n<div id=\"chunk-qafg\">\n<div class=\"mc-column content-text active-extra-styles \" data-block-type=\"unstyled\" data-block-weight=\"41\" data-block-id=\"22\">\n<p class=\"content-text__container \" data-track-category=\"Link no Texto\" data-track-links=\"\"><span class=\"highlight highlighted\">O segundo tempo continuou, e por volta dos 48 minutos do segundo tempo, come\u00e7ou mais uma confus\u00e3o na \u00e1rea do Valencia<\/span>. O goleiro Mamardashvili partiu para cima de Vinicius Junior. Ambos receberam cart\u00e3o amarelo inicialmente, e outros atletas foram envolvidos.<\/p>\n<p data-track-category=\"Link no Texto\" data-track-links=\"\">No meio do empurra-empurra, o atacante Hugo Duro deu um mata-le\u00e3o no brasileiro, segurando-o pelo pesco\u00e7o. Ao se desvencilhar, Vinicius acertou o rosto do advers\u00e1rio. Acalmados os \u00e2nimos, <span class=\"highlight highlighted\">o VAR chamou Burgos Bengoetxea, que reviu o lance e decidiu expulsar o brasileiro<\/span>.<\/p>\n<h3 data-track-category=\"Link no Texto\">Rea\u00e7\u00f5es<\/h3>\n<p>Ap\u00f3s a partida, Vin\u00edcius J\u00fanior n\u00e3o deixou pro menos e se manifestou. &#8220;O pr\u00eamio que os racistas ganharam foi a minha expuls\u00e3o! &#8216;N\u00e3o \u00e9 futebol, \u00e9 LaLiga'&#8221;, disse o jogador, em refer\u00eancia ao slogan usado pela liga espanhola em campanhas publicit\u00e1rias.<\/p>\n<p>&#8220;Vou at\u00e9 o fim contra os racistas. Mesmo que longe daqui&#8221;, afirmou Vinicius Junior.Em seguida, o atacante tamb\u00e9m fez um novo post, mas desta vez mais longo, explicando todo o contexto.<\/p>\n<p>&#8220;N\u00e3o foi a primeira vez, nem a segunda e nem a terceira. O racismo \u00e9 o normal na La Liga. A competi\u00e7\u00e3o acha normal, a Federa\u00e7\u00e3o tamb\u00e9m e os advers\u00e1rios incentivam. Lamento muito. O campeonato que j\u00e1 foi de Ronaldinho, Ronaldo, Cristiano e Messi hoje \u00e9 dos racistas. Uma na\u00e7\u00e3o linda, que me acolheu e que amo, mas que aceitou exportar a imagem para o mundo de um pa\u00eds racista. Lamento pelos espanh\u00f3is que n\u00e3o concordam, mas hoje, no Brasil, a Espanha \u00e9 conhecida como um pa\u00eds de racistas. E, infelizmente, por tudo o que acontece a cada semana, n\u00e3o tenho como defender. Eu concordo. Mas eu sou forte e vou at\u00e9 o fim contra os racistas. Mesmo que longe daqui&#8221;.<\/p>\n<p>A declara\u00e7\u00e3o rendeu repercuss\u00e3o ao presidente de LaLiga, Javier Tebas, que n\u00e3o poupou cr\u00edticas. Segundo o dirigente o atacante do Real Madrid exagera nas acusa\u00e7\u00f5es de neglig\u00eancia da liga nos casos de racismo e disse que o brasileiro n\u00e3o entende a compet\u00eancia da entidade no futebol espanhol.<\/p>\n<p>&#8220;J\u00e1 que aqueles que deveriam n\u00e3o te explicam o que \u00e9 que LaLiga pode fazer nos casos de racismo, tentamos n\u00f3s explicarmos, mas voc\u00ea n\u00e3o se apresentou em nenhuma das datas acordadas que voc\u00ea mesmo solicitou. Antes de criticar e injuriar LaLiga, \u00e9 necess\u00e1rio se informar adequadamente, Vini Jr, escreveu Tebas.<\/p>\n<p>Vini Jr reagiu. &#8220;Mais uma vez, em vez de criticar racistas, o presidente da LaLiga aparece nas redes sociais para me atacar. Por mais que voc\u00ea fale e finja n\u00e3o ler, a imagem do seu campeonato est\u00e1 abalada. Veja as respostas do seus posts e tenha uma surpresa&#8230; Omitir-se s\u00f3 faz com que voc\u00ea se iguale a racistas. N\u00e3o sou seu amigo para conversar sobre racismo. Quero a\u00e7\u00f5es e puni\u00e7\u00f5es. <span class=\"highlight highlighted\">Hashtag n\u00e3o me comove.<\/span>&#8221;<\/p>\n<p>O t\u00e9cnico do Real Madrid, Carlo Ancelotti, tamb\u00e9m n\u00e3o poupou cr\u00edticas ao racismo e saiu em defesa do brasileiro. &#8220;N\u00e3o quero falar de futebol. Voc\u00eas querem falar de futebol? Foi mais que uma derrota. N\u00e3o parece? Eu sou muito calmo, mas aconteceu algo que n\u00e3o pode acontecer. Um est\u00e1dio gritando &#8220;macaco&#8221; a um jogador, e um treinador pensar em ter que tir\u00e1-lo por isso. Algo est\u00e1 muito errado nesta liga. Nada acontece&#8221;, desabafou Ancelotti.<\/p>\n<p>Clubes brasileiros, a Confedera\u00e7\u00e3o Brasileira de Futebol (CBF) e v\u00e1rios atletas, como Neymar, Mbapp\u00e9 e Richarlison se manifestaram de forma solid\u00e1ria a Vini Jr e todos cobraram uma postura mais firme contra os atos de racismo.<\/p>\n<p>J\u00e1 o Valencia tamb\u00e9m se manifestou sobre o caso. por meio de um comunicado condenando &#8220;qualquer tipo de insulto, ataque no futebol&#8221;. O clube se declarou contr\u00e1rio \u00e0 viol\u00eancia f\u00edsica e verbal nos est\u00e1dios e lamentou o ocorrido no jogo contra o Real Madrid. Por\u00e9m, classificou o caso como &#8220;epis\u00f3dio isolado&#8221; e prometeu tomar &#8220;as medidas mais severas&#8221; ap\u00f3s investiga\u00e7\u00e3o. Al\u00e9m disso, condenou qualquer ofensa e pediu &#8220;respeito m\u00e1ximo&#8221; \u00e0 sua torcida.<\/p>\n<p><strong>LEIA TAMB\u00c9M<\/strong><\/p>\n<p><a href=\"https:\/\/redenoticiaz.com.br\/blog\/2023\/05\/21\/brasil-estreia-com-derrota-no-mundial-sub-20-para-a-italia\">Brasil estreia com derrota no Mundial Sub-20 para a It\u00e1lia<\/a><\/p>\n<\/div>\n<\/div>\n<\/div>\n<\/div>\n","protected":false},"excerpt":{"rendered":"<p>A maldita cultura do racismo, que foi se desenvolvendo especialmente nas eras de coloniza\u00e7\u00f5es do europeus nas descobertas das Am\u00e9ricas, principalmente no Brasil e nos continentes africanos e asi\u00e1ticos, \u00e9 um mal que s\u00f3 vem aumentando e se tornou o maior desafio em busca de uma sociedade democr\u00e1tica, justa, com respeito e boa conviv\u00eancia. Neste &hellip;<\/p>\n","protected":false},"author":6,"featured_media":106105,"comment_status":"open","ping_status":"closed","sticky":false,"template":"","format":"standard","meta":{"footnotes":""},"categories":[35,10],"tags":[9405,65306,1665,40498,65307,56756],"class_list":["post-106104","post","type-post","status-publish","format-standard","has-post-thumbnail","hentry","category-esporte","category-policia","tag-espanha","tag-estadio-mestalla","tag-racismo","tag-real-madrid","tag-valencia","tag-vinicius-junior"],"yoast_head":"<!-- This site is optimized with the Yoast SEO plugin v27.5 - https:\/\/yoast.com\/product\/yoast-seo-wordpress\/ -->\n<title>Racismo: o maior advers\u00e1rio de Vini Jr. e de toda sociedade - Litoral SP<\/title>\n<meta name=\"description\" content=\"A maldita cultura do racismo, que foi se desenvolvendo especialmente nas eras de coloniza\u00e7\u00f5es do europeus nas descobertas das Am\u00e9ricas,\" \/>\n<meta name=\"robots\" content=\"index, follow, max-snippet:-1, max-image-preview:large, max-video-preview:-1\" \/>\n<link rel=\"canonical\" href=\"https:\/\/redenoticiaz.com.br\/litoralsp\/2023\/05\/22\/racismo-o-maior-adversario-de-vini-jr-e-de-toda-sociedade\" \/>\n<meta property=\"og:locale\" content=\"pt_BR\" \/>\n<meta property=\"og:type\" content=\"article\" \/>\n<meta property=\"og:title\" content=\"Racismo: o maior advers\u00e1rio de Vini Jr. e de toda sociedade - Litoral SP\" \/>\n<meta property=\"og:description\" content=\"A maldita cultura do racismo, que foi se desenvolvendo especialmente nas eras de coloniza\u00e7\u00f5es do europeus nas descobertas das Am\u00e9ricas,\" \/>\n<meta property=\"og:url\" content=\"https:\/\/redenoticiaz.com.br\/litoralsp\/2023\/05\/22\/racismo-o-maior-adversario-de-vini-jr-e-de-toda-sociedade\" \/>\n<meta property=\"og:site_name\" content=\"Litoral SP\" \/>\n<meta property=\"article:published_time\" content=\"2023-05-22T10:41:21+00:00\" \/>\n<meta name=\"author\" content=\"Leonardo Francisco\" \/>\n<meta name=\"twitter:card\" content=\"summary_large_image\" \/>\n<meta name=\"twitter:image\" content=\"https:\/\/redenoticiaz.com.br\/litoralsp\/wp-content\/uploads\/sites\/3\/2023\/05\/VINI-JR.jpg?v=1684751984\" \/>\n<meta name=\"twitter:label1\" content=\"Escrito por\" \/>\n\t<meta name=\"twitter:data1\" content=\"Leonardo Francisco\" \/>\n\t<meta name=\"twitter:label2\" content=\"Est. tempo de leitura\" \/>\n\t<meta name=\"twitter:data2\" content=\"6 minutos\" \/>\n<script type=\"application\/ld+json\" class=\"yoast-schema-graph\">{\"@context\":\"https:\\\/\\\/schema.org\",\"@graph\":[{\"@type\":\"Article\",\"@id\":\"https:\\\/\\\/redenoticiaz.com.br\\\/litoralsp\\\/2023\\\/05\\\/22\\\/racismo-o-maior-adversario-de-vini-jr-e-de-toda-sociedade#article\",\"isPartOf\":{\"@id\":\"https:\\\/\\\/redenoticiaz.com.br\\\/litoralsp\\\/2023\\\/05\\\/22\\\/racismo-o-maior-adversario-de-vini-jr-e-de-toda-sociedade\"},\"author\":{\"name\":\"Leonardo Francisco\",\"@id\":\"https:\\\/\\\/redenoticiaz.com.br\\\/litoralsp\\\/#\\\/schema\\\/person\\\/0f0b8a5bdafefe82841e07ae8d81ecb3\"},\"headline\":\"Racismo: o maior advers\u00e1rio de Vini Jr. e de toda sociedade\",\"datePublished\":\"2023-05-22T10:41:21+00:00\",\"mainEntityOfPage\":{\"@id\":\"https:\\\/\\\/redenoticiaz.com.br\\\/litoralsp\\\/2023\\\/05\\\/22\\\/racismo-o-maior-adversario-de-vini-jr-e-de-toda-sociedade\"},\"wordCount\":1018,\"commentCount\":0,\"publisher\":{\"@id\":\"https:\\\/\\\/redenoticiaz.com.br\\\/litoralsp\\\/#organization\"},\"image\":{\"@id\":\"https:\\\/\\\/redenoticiaz.com.br\\\/litoralsp\\\/2023\\\/05\\\/22\\\/racismo-o-maior-adversario-de-vini-jr-e-de-toda-sociedade#primaryimage\"},\"thumbnailUrl\":\"https:\\\/\\\/redenoticiaz.com.br\\\/litoralsp\\\/wp-content\\\/uploads\\\/sites\\\/3\\\/2023\\\/05\\\/VINI-JR.jpg?v=1684751984\",\"keywords\":[\"ESPANHA\",\"EST\u00c1DIO MESTALLA\",\"RACISMO\",\"REAL MADRID\",\"VALENCIA\",\"VIN\u00cdCIUS J\u00daNIOR\"],\"articleSection\":[\"Esporte\",\"Pol\u00edcia\"],\"inLanguage\":\"pt-BR\",\"potentialAction\":[{\"@type\":\"CommentAction\",\"name\":\"Comment\",\"target\":[\"https:\\\/\\\/redenoticiaz.com.br\\\/litoralsp\\\/2023\\\/05\\\/22\\\/racismo-o-maior-adversario-de-vini-jr-e-de-toda-sociedade#respond\"]}]},{\"@type\":\"WebPage\",\"@id\":\"https:\\\/\\\/redenoticiaz.com.br\\\/litoralsp\\\/2023\\\/05\\\/22\\\/racismo-o-maior-adversario-de-vini-jr-e-de-toda-sociedade\",\"url\":\"https:\\\/\\\/redenoticiaz.com.br\\\/litoralsp\\\/2023\\\/05\\\/22\\\/racismo-o-maior-adversario-de-vini-jr-e-de-toda-sociedade\",\"name\":\"Racismo: o maior advers\u00e1rio de Vini Jr. e de toda sociedade - Litoral SP\",\"isPartOf\":{\"@id\":\"https:\\\/\\\/redenoticiaz.com.br\\\/litoralsp\\\/#website\"},\"primaryImageOfPage\":{\"@id\":\"https:\\\/\\\/redenoticiaz.com.br\\\/litoralsp\\\/2023\\\/05\\\/22\\\/racismo-o-maior-adversario-de-vini-jr-e-de-toda-sociedade#primaryimage\"},\"image\":{\"@id\":\"https:\\\/\\\/redenoticiaz.com.br\\\/litoralsp\\\/2023\\\/05\\\/22\\\/racismo-o-maior-adversario-de-vini-jr-e-de-toda-sociedade#primaryimage\"},\"thumbnailUrl\":\"https:\\\/\\\/redenoticiaz.com.br\\\/litoralsp\\\/wp-content\\\/uploads\\\/sites\\\/3\\\/2023\\\/05\\\/VINI-JR.jpg?v=1684751984\",\"datePublished\":\"2023-05-22T10:41:21+00:00\",\"description\":\"A maldita cultura do racismo, que foi se desenvolvendo especialmente nas eras de coloniza\u00e7\u00f5es do europeus nas descobertas das Am\u00e9ricas,\",\"inLanguage\":\"pt-BR\",\"potentialAction\":[{\"@type\":\"ReadAction\",\"target\":[\"https:\\\/\\\/redenoticiaz.com.br\\\/litoralsp\\\/2023\\\/05\\\/22\\\/racismo-o-maior-adversario-de-vini-jr-e-de-toda-sociedade\"]}]},{\"@type\":\"ImageObject\",\"inLanguage\":\"pt-BR\",\"@id\":\"https:\\\/\\\/redenoticiaz.com.br\\\/litoralsp\\\/2023\\\/05\\\/22\\\/racismo-o-maior-adversario-de-vini-jr-e-de-toda-sociedade#primaryimage\",\"url\":\"https:\\\/\\\/redenoticiaz.com.br\\\/litoralsp\\\/wp-content\\\/uploads\\\/sites\\\/3\\\/2023\\\/05\\\/VINI-JR.jpg?v=1684751984\",\"contentUrl\":\"https:\\\/\\\/redenoticiaz.com.br\\\/litoralsp\\\/wp-content\\\/uploads\\\/sites\\\/3\\\/2023\\\/05\\\/VINI-JR.jpg?v=1684751984\",\"width\":626,\"height\":424,\"caption\":\"Pelo menos dez reclama\u00e7\u00f5es de racismo contra o brasileiro foram feitas somente na temporada 2022\\\/2023. Cr\u00e9ditos: Reprodu\u00e7\u00e3o\\\/Reuters\"},{\"@type\":\"WebSite\",\"@id\":\"https:\\\/\\\/redenoticiaz.com.br\\\/litoralsp\\\/#website\",\"url\":\"https:\\\/\\\/redenoticiaz.com.br\\\/litoralsp\\\/\",\"name\":\"Litoral SP\",\"description\":\"Rede NoticiaZ\",\"publisher\":{\"@id\":\"https:\\\/\\\/redenoticiaz.com.br\\\/litoralsp\\\/#organization\"},\"potentialAction\":[{\"@type\":\"SearchAction\",\"target\":{\"@type\":\"EntryPoint\",\"urlTemplate\":\"https:\\\/\\\/redenoticiaz.com.br\\\/litoralsp\\\/?s={search_term_string}\"},\"query-input\":{\"@type\":\"PropertyValueSpecification\",\"valueRequired\":true,\"valueName\":\"search_term_string\"}}],\"inLanguage\":\"pt-BR\"},{\"@type\":\"Organization\",\"@id\":\"https:\\\/\\\/redenoticiaz.com.br\\\/litoralsp\\\/#organization\",\"name\":\"Litoral SP\",\"url\":\"https:\\\/\\\/redenoticiaz.com.br\\\/litoralsp\\\/\",\"logo\":{\"@type\":\"ImageObject\",\"inLanguage\":\"pt-BR\",\"@id\":\"https:\\\/\\\/redenoticiaz.com.br\\\/litoralsp\\\/#\\\/schema\\\/logo\\\/image\\\/\",\"url\":\"https:\\\/\\\/redenoticiaz.com.br\\\/litoralsp\\\/wp-content\\\/uploads\\\/sites\\\/3\\\/2020\\\/11\\\/logo.jpg\",\"contentUrl\":\"https:\\\/\\\/redenoticiaz.com.br\\\/litoralsp\\\/wp-content\\\/uploads\\\/sites\\\/3\\\/2020\\\/11\\\/logo.jpg\",\"width\":400,\"height\":250,\"caption\":\"Litoral SP\"},\"image\":{\"@id\":\"https:\\\/\\\/redenoticiaz.com.br\\\/litoralsp\\\/#\\\/schema\\\/logo\\\/image\\\/\"}},{\"@type\":\"Person\",\"@id\":\"https:\\\/\\\/redenoticiaz.com.br\\\/litoralsp\\\/#\\\/schema\\\/person\\\/0f0b8a5bdafefe82841e07ae8d81ecb3\",\"name\":\"Leonardo Francisco\",\"image\":{\"@type\":\"ImageObject\",\"inLanguage\":\"pt-BR\",\"@id\":\"https:\\\/\\\/secure.gravatar.com\\\/avatar\\\/a7358cb406a99b682ec6df1e77e31ae82e63601f6784e8a3df411d72b37864da?s=96&d=mm&r=g\",\"url\":\"https:\\\/\\\/secure.gravatar.com\\\/avatar\\\/a7358cb406a99b682ec6df1e77e31ae82e63601f6784e8a3df411d72b37864da?s=96&d=mm&r=g\",\"contentUrl\":\"https:\\\/\\\/secure.gravatar.com\\\/avatar\\\/a7358cb406a99b682ec6df1e77e31ae82e63601f6784e8a3df411d72b37864da?s=96&d=mm&r=g\",\"caption\":\"Leonardo Francisco\"},\"url\":\"https:\\\/\\\/redenoticiaz.com.br\\\/litoralsp\\\/author\\\/leonardo-francisco\"}]}<\/script>\n<!-- \/ Yoast SEO plugin. -->","yoast_head_json":{"title":"Racismo: o maior advers\u00e1rio de Vini Jr. e de toda sociedade - Litoral SP","description":"A maldita cultura do racismo, que foi se desenvolvendo especialmente nas eras de coloniza\u00e7\u00f5es do europeus nas descobertas das Am\u00e9ricas,","robots":{"index":"index","follow":"follow","max-snippet":"max-snippet:-1","max-image-preview":"max-image-preview:large","max-video-preview":"max-video-preview:-1"},"canonical":"https:\/\/redenoticiaz.com.br\/litoralsp\/2023\/05\/22\/racismo-o-maior-adversario-de-vini-jr-e-de-toda-sociedade","og_locale":"pt_BR","og_type":"article","og_title":"Racismo: o maior advers\u00e1rio de Vini Jr. e de toda sociedade - Litoral SP","og_description":"A maldita cultura do racismo, que foi se desenvolvendo especialmente nas eras de coloniza\u00e7\u00f5es do europeus nas descobertas das Am\u00e9ricas,","og_url":"https:\/\/redenoticiaz.com.br\/litoralsp\/2023\/05\/22\/racismo-o-maior-adversario-de-vini-jr-e-de-toda-sociedade","og_site_name":"Litoral SP","article_published_time":"2023-05-22T10:41:21+00:00","author":"Leonardo Francisco","twitter_card":"summary_large_image","twitter_image":"https:\/\/redenoticiaz.com.br\/litoralsp\/wp-content\/uploads\/sites\/3\/2023\/05\/VINI-JR.jpg?v=1684751984","twitter_misc":{"Escrito por":"Leonardo Francisco","Est. tempo de leitura":"6 minutos"},"schema":{"@context":"https:\/\/schema.org","@graph":[{"@type":"Article","@id":"https:\/\/redenoticiaz.com.br\/litoralsp\/2023\/05\/22\/racismo-o-maior-adversario-de-vini-jr-e-de-toda-sociedade#article","isPartOf":{"@id":"https:\/\/redenoticiaz.com.br\/litoralsp\/2023\/05\/22\/racismo-o-maior-adversario-de-vini-jr-e-de-toda-sociedade"},"author":{"name":"Leonardo Francisco","@id":"https:\/\/redenoticiaz.com.br\/litoralsp\/#\/schema\/person\/0f0b8a5bdafefe82841e07ae8d81ecb3"},"headline":"Racismo: o maior advers\u00e1rio de Vini Jr. e de toda sociedade","datePublished":"2023-05-22T10:41:21+00:00","mainEntityOfPage":{"@id":"https:\/\/redenoticiaz.com.br\/litoralsp\/2023\/05\/22\/racismo-o-maior-adversario-de-vini-jr-e-de-toda-sociedade"},"wordCount":1018,"commentCount":0,"publisher":{"@id":"https:\/\/redenoticiaz.com.br\/litoralsp\/#organization"},"image":{"@id":"https:\/\/redenoticiaz.com.br\/litoralsp\/2023\/05\/22\/racismo-o-maior-adversario-de-vini-jr-e-de-toda-sociedade#primaryimage"},"thumbnailUrl":"https:\/\/redenoticiaz.com.br\/litoralsp\/wp-content\/uploads\/sites\/3\/2023\/05\/VINI-JR.jpg?v=1684751984","keywords":["ESPANHA","EST\u00c1DIO MESTALLA","RACISMO","REAL MADRID","VALENCIA","VIN\u00cdCIUS J\u00daNIOR"],"articleSection":["Esporte","Pol\u00edcia"],"inLanguage":"pt-BR","potentialAction":[{"@type":"CommentAction","name":"Comment","target":["https:\/\/redenoticiaz.com.br\/litoralsp\/2023\/05\/22\/racismo-o-maior-adversario-de-vini-jr-e-de-toda-sociedade#respond"]}]},{"@type":"WebPage","@id":"https:\/\/redenoticiaz.com.br\/litoralsp\/2023\/05\/22\/racismo-o-maior-adversario-de-vini-jr-e-de-toda-sociedade","url":"https:\/\/redenoticiaz.com.br\/litoralsp\/2023\/05\/22\/racismo-o-maior-adversario-de-vini-jr-e-de-toda-sociedade","name":"Racismo: o maior advers\u00e1rio de Vini Jr. e de toda sociedade - Litoral SP","isPartOf":{"@id":"https:\/\/redenoticiaz.com.br\/litoralsp\/#website"},"primaryImageOfPage":{"@id":"https:\/\/redenoticiaz.com.br\/litoralsp\/2023\/05\/22\/racismo-o-maior-adversario-de-vini-jr-e-de-toda-sociedade#primaryimage"},"image":{"@id":"https:\/\/redenoticiaz.com.br\/litoralsp\/2023\/05\/22\/racismo-o-maior-adversario-de-vini-jr-e-de-toda-sociedade#primaryimage"},"thumbnailUrl":"https:\/\/redenoticiaz.com.br\/litoralsp\/wp-content\/uploads\/sites\/3\/2023\/05\/VINI-JR.jpg?v=1684751984","datePublished":"2023-05-22T10:41:21+00:00","description":"A maldita cultura do racismo, que foi se desenvolvendo especialmente nas eras de coloniza\u00e7\u00f5es do europeus nas descobertas das Am\u00e9ricas,","inLanguage":"pt-BR","potentialAction":[{"@type":"ReadAction","target":["https:\/\/redenoticiaz.com.br\/litoralsp\/2023\/05\/22\/racismo-o-maior-adversario-de-vini-jr-e-de-toda-sociedade"]}]},{"@type":"ImageObject","inLanguage":"pt-BR","@id":"https:\/\/redenoticiaz.com.br\/litoralsp\/2023\/05\/22\/racismo-o-maior-adversario-de-vini-jr-e-de-toda-sociedade#primaryimage","url":"https:\/\/redenoticiaz.com.br\/litoralsp\/wp-content\/uploads\/sites\/3\/2023\/05\/VINI-JR.jpg?v=1684751984","contentUrl":"https:\/\/redenoticiaz.com.br\/litoralsp\/wp-content\/uploads\/sites\/3\/2023\/05\/VINI-JR.jpg?v=1684751984","width":626,"height":424,"caption":"Pelo menos dez reclama\u00e7\u00f5es de racismo contra o brasileiro foram feitas somente na temporada 2022\/2023. Cr\u00e9ditos: Reprodu\u00e7\u00e3o\/Reuters"},{"@type":"WebSite","@id":"https:\/\/redenoticiaz.com.br\/litoralsp\/#website","url":"https:\/\/redenoticiaz.com.br\/litoralsp\/","name":"Litoral SP","description":"Rede NoticiaZ","publisher":{"@id":"https:\/\/redenoticiaz.com.br\/litoralsp\/#organization"},"potentialAction":[{"@type":"SearchAction","target":{"@type":"EntryPoint","urlTemplate":"https:\/\/redenoticiaz.com.br\/litoralsp\/?s={search_term_string}"},"query-input":{"@type":"PropertyValueSpecification","valueRequired":true,"valueName":"search_term_string"}}],"inLanguage":"pt-BR"},{"@type":"Organization","@id":"https:\/\/redenoticiaz.com.br\/litoralsp\/#organization","name":"Litoral SP","url":"https:\/\/redenoticiaz.com.br\/litoralsp\/","logo":{"@type":"ImageObject","inLanguage":"pt-BR","@id":"https:\/\/redenoticiaz.com.br\/litoralsp\/#\/schema\/logo\/image\/","url":"https:\/\/redenoticiaz.com.br\/litoralsp\/wp-content\/uploads\/sites\/3\/2020\/11\/logo.jpg","contentUrl":"https:\/\/redenoticiaz.com.br\/litoralsp\/wp-content\/uploads\/sites\/3\/2020\/11\/logo.jpg","width":400,"height":250,"caption":"Litoral SP"},"image":{"@id":"https:\/\/redenoticiaz.com.br\/litoralsp\/#\/schema\/logo\/image\/"}},{"@type":"Person","@id":"https:\/\/redenoticiaz.com.br\/litoralsp\/#\/schema\/person\/0f0b8a5bdafefe82841e07ae8d81ecb3","name":"Leonardo Francisco","image":{"@type":"ImageObject","inLanguage":"pt-BR","@id":"https:\/\/secure.gravatar.com\/avatar\/a7358cb406a99b682ec6df1e77e31ae82e63601f6784e8a3df411d72b37864da?s=96&d=mm&r=g","url":"https:\/\/secure.gravatar.com\/avatar\/a7358cb406a99b682ec6df1e77e31ae82e63601f6784e8a3df411d72b37864da?s=96&d=mm&r=g","contentUrl":"https:\/\/secure.gravatar.com\/avatar\/a7358cb406a99b682ec6df1e77e31ae82e63601f6784e8a3df411d72b37864da?s=96&d=mm&r=g","caption":"Leonardo Francisco"},"url":"https:\/\/redenoticiaz.com.br\/litoralsp\/author\/leonardo-francisco"}]}},"_links":{"self":[{"href":"https:\/\/redenoticiaz.com.br\/litoralsp\/wp-json\/wp\/v2\/posts\/106104","targetHints":{"allow":["GET"]}}],"collection":[{"href":"https:\/\/redenoticiaz.com.br\/litoralsp\/wp-json\/wp\/v2\/posts"}],"about":[{"href":"https:\/\/redenoticiaz.com.br\/litoralsp\/wp-json\/wp\/v2\/types\/post"}],"author":[{"embeddable":true,"href":"https:\/\/redenoticiaz.com.br\/litoralsp\/wp-json\/wp\/v2\/users\/6"}],"replies":[{"embeddable":true,"href":"https:\/\/redenoticiaz.com.br\/litoralsp\/wp-json\/wp\/v2\/comments?post=106104"}],"version-history":[{"count":0,"href":"https:\/\/redenoticiaz.com.br\/litoralsp\/wp-json\/wp\/v2\/posts\/106104\/revisions"}],"wp:featuredmedia":[{"embeddable":true,"href":"https:\/\/redenoticiaz.com.br\/litoralsp\/wp-json\/wp\/v2\/media\/106105"}],"wp:attachment":[{"href":"https:\/\/redenoticiaz.com.br\/litoralsp\/wp-json\/wp\/v2\/media?parent=106104"}],"wp:term":[{"taxonomy":"category","embeddable":true,"href":"https:\/\/redenoticiaz.com.br\/litoralsp\/wp-json\/wp\/v2\/categories?post=106104"},{"taxonomy":"post_tag","embeddable":true,"href":"https:\/\/redenoticiaz.com.br\/litoralsp\/wp-json\/wp\/v2\/tags?post=106104"}],"curies":[{"name":"wp","href":"https:\/\/api.w.org\/{rel}","templated":true}]}}