{"id":106106,"date":"2023-05-22T08:11:42","date_gmt":"2023-05-22T11:11:42","guid":{"rendered":"https:\/\/redenoticiaz.com.br\/litoralsp\/?p=106106"},"modified":"2023-05-22T08:11:42","modified_gmt":"2023-05-22T11:11:42","slug":"caraguatatuba-entra-em-estado-de-alerta-apos-300-casos-de-dengue-serem-confirmados","status":"publish","type":"post","link":"https:\/\/redenoticiaz.com.br\/litoralsp\/2023\/05\/22\/caraguatatuba-entra-em-estado-de-alerta-apos-300-casos-de-dengue-serem-confirmados","title":{"rendered":"Caraguatatuba entra em estado de alerta ap\u00f3s 300 casos de dengue serem confirmados"},"content":{"rendered":"<div id=\"chunk-82l4a\">\n<div class=\"mc-column content-text active-extra-styles \" data-block-type=\"unstyled\" data-block-weight=\"43\" data-block-id=\"3\">\n<p class=\"content-text__container \" data-track-category=\"Link no Texto\" data-track-links=\"\">A dengue permanece sendo uma doen\u00e7a de risco e em Caraguatatuba, ela fez com que fosse decretado o estado de alerta. S\u00e3o <strong>mais de <\/strong><span class=\"highlight highlighted\"><strong>300 casos confirmados<\/strong>, mas mais que isso<\/span>, a \u00faltima Avalia\u00e7\u00e3o de Densidade Larv\u00e1ria (ADL) apontou um \u00edndice de 1,7% para infesta\u00e7\u00e3o do mosquito Aedes aegypti na cidade.<\/p>\n<\/div>\n<\/div>\n<div class=\"wall protected-content\">\n<div id=\"chunk-do5sb\">\n<div class=\"mc-column content-text active-extra-styles \" data-block-type=\"unstyled\" data-block-weight=\"18\" data-block-id=\"4\">\n<p class=\"content-text__container \" data-track-category=\"Link no Texto\" data-track-links=\"\">Com base na Organiza\u00e7\u00e3o Mundial da Sa\u00fade, os \u00edndices s\u00e3o classificados pelo Minist\u00e9rio da Sa\u00fade da seguinte maneira:<\/p>\n<\/div>\n<\/div>\n<div class=\"mc-column content-text active-extra-styles\" data-block-type=\"raw\" data-block-weight=\"13\" data-block-id=\"5\">\n<ul class=\"content-unordered-list\">\n<li><span class=\"highlight highlighted\">at\u00e9 1%:<\/span> satisfat\u00f3rio<\/li>\n<li><span class=\"highlight highlighted\">acima de 1% at\u00e9 3,9%:<\/span> alerta<\/li>\n<li><span class=\"highlight highlighted\">acima de 3,9%:<\/span> risco<\/li>\n<\/ul>\n<\/div>\n<div id=\"chunk-aajt6\">\n<div class=\"mc-column content-text active-extra-styles \" data-block-type=\"unstyled\" data-block-weight=\"32\" data-block-id=\"6\">\n<p class=\"content-text__container \" data-track-category=\"Link no Texto\" data-track-links=\"\">A avalia\u00e7\u00e3o foi divulgada pela Prefeitura de Caraguatatuba na \u00faltima quarta-feira (17) ap\u00f3s mais de 2.311 im\u00f3veis terem sido vistoriados por agentes do Centro de Controle de Zoonoses (CCZ) durante abril.<\/p>\n<div id=\"chunk-4i6n3\">\n<div class=\"mc-column content-text active-extra-styles \" data-block-type=\"unstyled\" data-block-weight=\"39\" data-block-id=\"9\">\n<p class=\"content-text__container \" data-track-category=\"Link no Texto\" data-track-links=\"\">De acordo com o CCZ, os bairro que fazem parte da &#8216;\u00e1rea 2&#8217; (<em>veja quais s\u00e3o abaixo<\/em>) tiveram a ADL mais alta do que a m\u00e9dia da cidade: 3,45%. Com isso, os cuidados nessa regi\u00e3o devem ser ainda maiores.<\/p>\n<\/div>\n<\/div>\n<div id=\"chunk-3i2t6\">\n<div class=\"mc-column content-text active-extra-styles \" data-block-type=\"unstyled\" data-block-weight=\"7\" data-block-id=\"10\">\n<p class=\"content-text__container \" data-track-category=\"Link no Texto\" data-track-links=\"\"><span class=\"highlight highlighted\">Os bairros em situa\u00e7\u00e3o de risco s\u00e3o:<\/span><\/p>\n<\/div>\n<\/div>\n<div class=\"mc-column content-text active-extra-styles\" data-block-type=\"raw\" data-block-weight=\"12\" data-block-id=\"11\">\n<ul class=\"content-unordered-list\">\n<li>Jardim do Sol<\/li>\n<li>Portal Patrimonium<\/li>\n<li>Capric\u00f3rnio<\/li>\n<li>Jetuba<\/li>\n<li>Jardim Santa Rosa<\/li>\n<li>Praia Brava<\/li>\n<\/ul>\n<\/div>\n<p data-track-category=\"Link no Texto\" data-track-links=\"\">At\u00e9 a \u00faltima sexta-feira (19), o munic\u00edpio registrou 334 casos de dengue neste ano. O n\u00famero j\u00e1 supera os casos de 2021 e 2022, quando foram registrados 72 e 234 diagn\u00f3sticos, respectivamente.<\/p>\n<div class=\"mc-column content-text active-extra-styles\" data-block-type=\"raw\" data-block-weight=\"1\" data-block-id=\"21\">\n<div class=\"content-intertitle\">\n<h5>Sintomas<\/h5>\n<\/div>\n<\/div>\n<div id=\"chunk-c8hvq\">\n<div class=\"mc-column content-text active-extra-styles \" data-block-type=\"unstyled\" data-block-weight=\"9\" data-block-id=\"22\">\n<p class=\"content-text__container \" data-track-category=\"Link no Texto\" data-track-links=\"\">Entre os principais sintomas dos pacientes com dengue est\u00e3o:<\/p>\n<\/div>\n<\/div>\n<div class=\"mc-column content-text active-extra-styles\" data-block-type=\"raw\" data-block-weight=\"24\" data-block-id=\"23\">\n<ul class=\"content-unordered-list\">\n<li>dor de cabe\u00e7a<\/li>\n<li>febre alta de 38\u00b0C<\/li>\n<li>dor no corpo e articula\u00e7\u00f5es<\/li>\n<li>falta de apetite<\/li>\n<li>fraqueza<\/li>\n<li>dor atr\u00e1s dos olhos<\/li>\n<li>manchas vermelhas no corpo<\/li>\n<\/ul>\n<div class=\"mc-column content-text active-extra-styles\" data-block-type=\"raw\" data-block-weight=\"2\" data-block-id=\"26\">\n<div class=\"content-intertitle\">\n<h5>Cuidados necess\u00e1rios<\/h5>\n<\/div>\n<\/div>\n<div class=\"mc-column content-text active-extra-styles\" data-block-type=\"raw\" data-block-weight=\"40\" data-block-id=\"27\">\n<ul class=\"content-unordered-list\">\n<li>n\u00e3o deixar \u00e1gua parada<\/li>\n<li>usar telas em janelas<\/li>\n<li>prevenir a prolifera\u00e7\u00e3o do mosquito<\/li>\n<li>descartar pneus velhos no local correto<\/li>\n<li>colocar areia at\u00e9 a borda dos pratinhos das plantas<\/li>\n<li>manter as calhas sempre desobstru\u00eddas<\/li>\n<li>deixar a caixa d\u2019\u00e1gua sempre fechada e limpa<\/li>\n<\/ul>\n<p><strong>LEIA TAMB\u00c9M<\/strong><\/p>\n<p><a href=\"https:\/\/redenoticiaz.com.br\/litoralsp\/2023\/05\/21\/campanha-quer-ampliar-em-5-doacao-de-leite-materno-no-pais\">Campanha quer ampliar em 5% doa\u00e7\u00e3o de leite materno no pa\u00eds<\/a><\/p>\n<\/div>\n<\/div>\n<\/div>\n<\/div>\n<\/div>\n","protected":false},"excerpt":{"rendered":"<p>A dengue permanece sendo uma doen\u00e7a de risco e em Caraguatatuba, ela fez com que fosse decretado o estado de alerta. S\u00e3o mais de 300 casos confirmados, mas mais que isso, a \u00faltima Avalia\u00e7\u00e3o de Densidade Larv\u00e1ria (ADL) apontou um \u00edndice de 1,7% para infesta\u00e7\u00e3o do mosquito Aedes aegypti na cidade. Com base na Organiza\u00e7\u00e3o &hellip;<\/p>\n","protected":false},"author":6,"featured_media":106107,"comment_status":"open","ping_status":"closed","sticky":false,"template":"","format":"standard","meta":{"footnotes":""},"categories":[2881,23],"tags":[2742,7725,10720,65308],"class_list":["post-106106","post","type-post","status-publish","format-standard","has-post-thumbnail","hentry","category-caraguatatuba","category-saude","tag-caraguatatuba","tag-casos","tag-dengue","tag-indice-de-infestacao"],"yoast_head":"<!-- This site is optimized with the Yoast SEO plugin v27.4 - https:\/\/yoast.com\/product\/yoast-seo-wordpress\/ -->\n<title>Caraguatatuba entra em estado de alerta ap\u00f3s 300 casos de dengue serem confirmados - Litoral SP<\/title>\n<meta name=\"description\" content=\"A dengue permanece sendo uma doen\u00e7a de risco e em Caraguatatuba, ela fez com que fosse decretado o estado de alerta. S\u00e3o mais de 300 casos\" \/>\n<meta name=\"robots\" content=\"index, follow, max-snippet:-1, max-image-preview:large, max-video-preview:-1\" \/>\n<link rel=\"canonical\" href=\"https:\/\/redenoticiaz.com.br\/litoralsp\/2023\/05\/22\/caraguatatuba-entra-em-estado-de-alerta-apos-300-casos-de-dengue-serem-confirmados\" \/>\n<meta property=\"og:locale\" content=\"pt_BR\" \/>\n<meta property=\"og:type\" content=\"article\" \/>\n<meta property=\"og:title\" content=\"Caraguatatuba entra em estado de alerta ap\u00f3s 300 casos de dengue serem confirmados - Litoral SP\" \/>\n<meta property=\"og:description\" content=\"A dengue permanece sendo uma doen\u00e7a de risco e em Caraguatatuba, ela fez com que fosse decretado o estado de alerta. S\u00e3o mais de 300 casos\" \/>\n<meta property=\"og:url\" content=\"https:\/\/redenoticiaz.com.br\/litoralsp\/2023\/05\/22\/caraguatatuba-entra-em-estado-de-alerta-apos-300-casos-de-dengue-serem-confirmados\" \/>\n<meta property=\"og:site_name\" content=\"Litoral SP\" \/>\n<meta property=\"article:published_time\" content=\"2023-05-22T11:11:42+00:00\" \/>\n<meta property=\"og:image\" content=\"https:\/\/redenoticiaz.com.br\/litoralsp\/wp-content\/uploads\/sites\/3\/2023\/05\/larva-dengue.jpg\" \/>\n\t<meta property=\"og:image:width\" content=\"559\" \/>\n\t<meta property=\"og:image:height\" content=\"344\" \/>\n\t<meta property=\"og:image:type\" content=\"image\/jpeg\" \/>\n<meta name=\"author\" content=\"Leonardo Francisco\" \/>\n<meta name=\"twitter:card\" content=\"summary_large_image\" \/>\n<meta name=\"twitter:label1\" content=\"Escrito por\" \/>\n\t<meta name=\"twitter:data1\" content=\"Leonardo Francisco\" \/>\n\t<meta name=\"twitter:label2\" content=\"Est. tempo de leitura\" \/>\n\t<meta name=\"twitter:data2\" content=\"2 minutos\" \/>\n<script type=\"application\/ld+json\" class=\"yoast-schema-graph\">{\"@context\":\"https:\\\/\\\/schema.org\",\"@graph\":[{\"@type\":\"Article\",\"@id\":\"https:\\\/\\\/redenoticiaz.com.br\\\/litoralsp\\\/2023\\\/05\\\/22\\\/caraguatatuba-entra-em-estado-de-alerta-apos-300-casos-de-dengue-serem-confirmados#article\",\"isPartOf\":{\"@id\":\"https:\\\/\\\/redenoticiaz.com.br\\\/litoralsp\\\/2023\\\/05\\\/22\\\/caraguatatuba-entra-em-estado-de-alerta-apos-300-casos-de-dengue-serem-confirmados\"},\"author\":{\"name\":\"Leonardo Francisco\",\"@id\":\"https:\\\/\\\/redenoticiaz.com.br\\\/litoralsp\\\/#\\\/schema\\\/person\\\/0f0b8a5bdafefe82841e07ae8d81ecb3\"},\"headline\":\"Caraguatatuba entra em estado de alerta ap\u00f3s 300 casos de dengue serem confirmados\",\"datePublished\":\"2023-05-22T11:11:42+00:00\",\"mainEntityOfPage\":{\"@id\":\"https:\\\/\\\/redenoticiaz.com.br\\\/litoralsp\\\/2023\\\/05\\\/22\\\/caraguatatuba-entra-em-estado-de-alerta-apos-300-casos-de-dengue-serem-confirmados\"},\"wordCount\":324,\"commentCount\":0,\"publisher\":{\"@id\":\"https:\\\/\\\/redenoticiaz.com.br\\\/litoralsp\\\/#organization\"},\"image\":{\"@id\":\"https:\\\/\\\/redenoticiaz.com.br\\\/litoralsp\\\/2023\\\/05\\\/22\\\/caraguatatuba-entra-em-estado-de-alerta-apos-300-casos-de-dengue-serem-confirmados#primaryimage\"},\"thumbnailUrl\":\"https:\\\/\\\/redenoticiaz.com.br\\\/litoralsp\\\/wp-content\\\/uploads\\\/sites\\\/3\\\/2023\\\/05\\\/larva-dengue.jpg\",\"keywords\":[\"CARAGUATATUBA\",\"CASOS\",\"DENGUE\",\"\u00cdNDICE DE INFESTA\u00c7\u00c3O\"],\"articleSection\":[\"Caraguatatuba\",\"Sa\u00fade\"],\"inLanguage\":\"pt-BR\",\"potentialAction\":[{\"@type\":\"CommentAction\",\"name\":\"Comment\",\"target\":[\"https:\\\/\\\/redenoticiaz.com.br\\\/litoralsp\\\/2023\\\/05\\\/22\\\/caraguatatuba-entra-em-estado-de-alerta-apos-300-casos-de-dengue-serem-confirmados#respond\"]}]},{\"@type\":\"WebPage\",\"@id\":\"https:\\\/\\\/redenoticiaz.com.br\\\/litoralsp\\\/2023\\\/05\\\/22\\\/caraguatatuba-entra-em-estado-de-alerta-apos-300-casos-de-dengue-serem-confirmados\",\"url\":\"https:\\\/\\\/redenoticiaz.com.br\\\/litoralsp\\\/2023\\\/05\\\/22\\\/caraguatatuba-entra-em-estado-de-alerta-apos-300-casos-de-dengue-serem-confirmados\",\"name\":\"Caraguatatuba entra em estado de alerta ap\u00f3s 300 casos de dengue serem confirmados - Litoral SP\",\"isPartOf\":{\"@id\":\"https:\\\/\\\/redenoticiaz.com.br\\\/litoralsp\\\/#website\"},\"primaryImageOfPage\":{\"@id\":\"https:\\\/\\\/redenoticiaz.com.br\\\/litoralsp\\\/2023\\\/05\\\/22\\\/caraguatatuba-entra-em-estado-de-alerta-apos-300-casos-de-dengue-serem-confirmados#primaryimage\"},\"image\":{\"@id\":\"https:\\\/\\\/redenoticiaz.com.br\\\/litoralsp\\\/2023\\\/05\\\/22\\\/caraguatatuba-entra-em-estado-de-alerta-apos-300-casos-de-dengue-serem-confirmados#primaryimage\"},\"thumbnailUrl\":\"https:\\\/\\\/redenoticiaz.com.br\\\/litoralsp\\\/wp-content\\\/uploads\\\/sites\\\/3\\\/2023\\\/05\\\/larva-dengue.jpg\",\"datePublished\":\"2023-05-22T11:11:42+00:00\",\"description\":\"A dengue permanece sendo uma doen\u00e7a de risco e em Caraguatatuba, ela fez com que fosse decretado o estado de alerta. S\u00e3o mais de 300 casos\",\"inLanguage\":\"pt-BR\",\"potentialAction\":[{\"@type\":\"ReadAction\",\"target\":[\"https:\\\/\\\/redenoticiaz.com.br\\\/litoralsp\\\/2023\\\/05\\\/22\\\/caraguatatuba-entra-em-estado-de-alerta-apos-300-casos-de-dengue-serem-confirmados\"]}]},{\"@type\":\"ImageObject\",\"inLanguage\":\"pt-BR\",\"@id\":\"https:\\\/\\\/redenoticiaz.com.br\\\/litoralsp\\\/2023\\\/05\\\/22\\\/caraguatatuba-entra-em-estado-de-alerta-apos-300-casos-de-dengue-serem-confirmados#primaryimage\",\"url\":\"https:\\\/\\\/redenoticiaz.com.br\\\/litoralsp\\\/wp-content\\\/uploads\\\/sites\\\/3\\\/2023\\\/05\\\/larva-dengue.jpg\",\"contentUrl\":\"https:\\\/\\\/redenoticiaz.com.br\\\/litoralsp\\\/wp-content\\\/uploads\\\/sites\\\/3\\\/2023\\\/05\\\/larva-dengue.jpg\",\"width\":559,\"height\":344,\"caption\":\"Cr\u00e9ditos: Divulga\u00e7\u00e3o\\\/Ag\u00eancia Bras\u00edlia\"},{\"@type\":\"WebSite\",\"@id\":\"https:\\\/\\\/redenoticiaz.com.br\\\/litoralsp\\\/#website\",\"url\":\"https:\\\/\\\/redenoticiaz.com.br\\\/litoralsp\\\/\",\"name\":\"Litoral SP\",\"description\":\"Rede NoticiaZ\",\"publisher\":{\"@id\":\"https:\\\/\\\/redenoticiaz.com.br\\\/litoralsp\\\/#organization\"},\"potentialAction\":[{\"@type\":\"SearchAction\",\"target\":{\"@type\":\"EntryPoint\",\"urlTemplate\":\"https:\\\/\\\/redenoticiaz.com.br\\\/litoralsp\\\/?s={search_term_string}\"},\"query-input\":{\"@type\":\"PropertyValueSpecification\",\"valueRequired\":true,\"valueName\":\"search_term_string\"}}],\"inLanguage\":\"pt-BR\"},{\"@type\":\"Organization\",\"@id\":\"https:\\\/\\\/redenoticiaz.com.br\\\/litoralsp\\\/#organization\",\"name\":\"Litoral SP\",\"url\":\"https:\\\/\\\/redenoticiaz.com.br\\\/litoralsp\\\/\",\"logo\":{\"@type\":\"ImageObject\",\"inLanguage\":\"pt-BR\",\"@id\":\"https:\\\/\\\/redenoticiaz.com.br\\\/litoralsp\\\/#\\\/schema\\\/logo\\\/image\\\/\",\"url\":\"https:\\\/\\\/redenoticiaz.com.br\\\/litoralsp\\\/wp-content\\\/uploads\\\/sites\\\/3\\\/2020\\\/11\\\/logo.jpg\",\"contentUrl\":\"https:\\\/\\\/redenoticiaz.com.br\\\/litoralsp\\\/wp-content\\\/uploads\\\/sites\\\/3\\\/2020\\\/11\\\/logo.jpg\",\"width\":400,\"height\":250,\"caption\":\"Litoral SP\"},\"image\":{\"@id\":\"https:\\\/\\\/redenoticiaz.com.br\\\/litoralsp\\\/#\\\/schema\\\/logo\\\/image\\\/\"}},{\"@type\":\"Person\",\"@id\":\"https:\\\/\\\/redenoticiaz.com.br\\\/litoralsp\\\/#\\\/schema\\\/person\\\/0f0b8a5bdafefe82841e07ae8d81ecb3\",\"name\":\"Leonardo Francisco\",\"image\":{\"@type\":\"ImageObject\",\"inLanguage\":\"pt-BR\",\"@id\":\"https:\\\/\\\/secure.gravatar.com\\\/avatar\\\/a7358cb406a99b682ec6df1e77e31ae82e63601f6784e8a3df411d72b37864da?s=96&d=mm&r=g\",\"url\":\"https:\\\/\\\/secure.gravatar.com\\\/avatar\\\/a7358cb406a99b682ec6df1e77e31ae82e63601f6784e8a3df411d72b37864da?s=96&d=mm&r=g\",\"contentUrl\":\"https:\\\/\\\/secure.gravatar.com\\\/avatar\\\/a7358cb406a99b682ec6df1e77e31ae82e63601f6784e8a3df411d72b37864da?s=96&d=mm&r=g\",\"caption\":\"Leonardo Francisco\"},\"url\":\"https:\\\/\\\/redenoticiaz.com.br\\\/litoralsp\\\/author\\\/leonardo-francisco\"}]}<\/script>\n<!-- \/ Yoast SEO plugin. -->","yoast_head_json":{"title":"Caraguatatuba entra em estado de alerta ap\u00f3s 300 casos de dengue serem confirmados - Litoral SP","description":"A dengue permanece sendo uma doen\u00e7a de risco e em Caraguatatuba, ela fez com que fosse decretado o estado de alerta. S\u00e3o mais de 300 casos","robots":{"index":"index","follow":"follow","max-snippet":"max-snippet:-1","max-image-preview":"max-image-preview:large","max-video-preview":"max-video-preview:-1"},"canonical":"https:\/\/redenoticiaz.com.br\/litoralsp\/2023\/05\/22\/caraguatatuba-entra-em-estado-de-alerta-apos-300-casos-de-dengue-serem-confirmados","og_locale":"pt_BR","og_type":"article","og_title":"Caraguatatuba entra em estado de alerta ap\u00f3s 300 casos de dengue serem confirmados - Litoral SP","og_description":"A dengue permanece sendo uma doen\u00e7a de risco e em Caraguatatuba, ela fez com que fosse decretado o estado de alerta. S\u00e3o mais de 300 casos","og_url":"https:\/\/redenoticiaz.com.br\/litoralsp\/2023\/05\/22\/caraguatatuba-entra-em-estado-de-alerta-apos-300-casos-de-dengue-serem-confirmados","og_site_name":"Litoral SP","article_published_time":"2023-05-22T11:11:42+00:00","og_image":[{"width":559,"height":344,"url":"https:\/\/redenoticiaz.com.br\/litoralsp\/wp-content\/uploads\/sites\/3\/2023\/05\/larva-dengue.jpg","type":"image\/jpeg"}],"author":"Leonardo Francisco","twitter_card":"summary_large_image","twitter_misc":{"Escrito por":"Leonardo Francisco","Est. tempo de leitura":"2 minutos"},"schema":{"@context":"https:\/\/schema.org","@graph":[{"@type":"Article","@id":"https:\/\/redenoticiaz.com.br\/litoralsp\/2023\/05\/22\/caraguatatuba-entra-em-estado-de-alerta-apos-300-casos-de-dengue-serem-confirmados#article","isPartOf":{"@id":"https:\/\/redenoticiaz.com.br\/litoralsp\/2023\/05\/22\/caraguatatuba-entra-em-estado-de-alerta-apos-300-casos-de-dengue-serem-confirmados"},"author":{"name":"Leonardo Francisco","@id":"https:\/\/redenoticiaz.com.br\/litoralsp\/#\/schema\/person\/0f0b8a5bdafefe82841e07ae8d81ecb3"},"headline":"Caraguatatuba entra em estado de alerta ap\u00f3s 300 casos de dengue serem confirmados","datePublished":"2023-05-22T11:11:42+00:00","mainEntityOfPage":{"@id":"https:\/\/redenoticiaz.com.br\/litoralsp\/2023\/05\/22\/caraguatatuba-entra-em-estado-de-alerta-apos-300-casos-de-dengue-serem-confirmados"},"wordCount":324,"commentCount":0,"publisher":{"@id":"https:\/\/redenoticiaz.com.br\/litoralsp\/#organization"},"image":{"@id":"https:\/\/redenoticiaz.com.br\/litoralsp\/2023\/05\/22\/caraguatatuba-entra-em-estado-de-alerta-apos-300-casos-de-dengue-serem-confirmados#primaryimage"},"thumbnailUrl":"https:\/\/redenoticiaz.com.br\/litoralsp\/wp-content\/uploads\/sites\/3\/2023\/05\/larva-dengue.jpg","keywords":["CARAGUATATUBA","CASOS","DENGUE","\u00cdNDICE DE INFESTA\u00c7\u00c3O"],"articleSection":["Caraguatatuba","Sa\u00fade"],"inLanguage":"pt-BR","potentialAction":[{"@type":"CommentAction","name":"Comment","target":["https:\/\/redenoticiaz.com.br\/litoralsp\/2023\/05\/22\/caraguatatuba-entra-em-estado-de-alerta-apos-300-casos-de-dengue-serem-confirmados#respond"]}]},{"@type":"WebPage","@id":"https:\/\/redenoticiaz.com.br\/litoralsp\/2023\/05\/22\/caraguatatuba-entra-em-estado-de-alerta-apos-300-casos-de-dengue-serem-confirmados","url":"https:\/\/redenoticiaz.com.br\/litoralsp\/2023\/05\/22\/caraguatatuba-entra-em-estado-de-alerta-apos-300-casos-de-dengue-serem-confirmados","name":"Caraguatatuba entra em estado de alerta ap\u00f3s 300 casos de dengue serem confirmados - Litoral SP","isPartOf":{"@id":"https:\/\/redenoticiaz.com.br\/litoralsp\/#website"},"primaryImageOfPage":{"@id":"https:\/\/redenoticiaz.com.br\/litoralsp\/2023\/05\/22\/caraguatatuba-entra-em-estado-de-alerta-apos-300-casos-de-dengue-serem-confirmados#primaryimage"},"image":{"@id":"https:\/\/redenoticiaz.com.br\/litoralsp\/2023\/05\/22\/caraguatatuba-entra-em-estado-de-alerta-apos-300-casos-de-dengue-serem-confirmados#primaryimage"},"thumbnailUrl":"https:\/\/redenoticiaz.com.br\/litoralsp\/wp-content\/uploads\/sites\/3\/2023\/05\/larva-dengue.jpg","datePublished":"2023-05-22T11:11:42+00:00","description":"A dengue permanece sendo uma doen\u00e7a de risco e em Caraguatatuba, ela fez com que fosse decretado o estado de alerta. S\u00e3o mais de 300 casos","inLanguage":"pt-BR","potentialAction":[{"@type":"ReadAction","target":["https:\/\/redenoticiaz.com.br\/litoralsp\/2023\/05\/22\/caraguatatuba-entra-em-estado-de-alerta-apos-300-casos-de-dengue-serem-confirmados"]}]},{"@type":"ImageObject","inLanguage":"pt-BR","@id":"https:\/\/redenoticiaz.com.br\/litoralsp\/2023\/05\/22\/caraguatatuba-entra-em-estado-de-alerta-apos-300-casos-de-dengue-serem-confirmados#primaryimage","url":"https:\/\/redenoticiaz.com.br\/litoralsp\/wp-content\/uploads\/sites\/3\/2023\/05\/larva-dengue.jpg","contentUrl":"https:\/\/redenoticiaz.com.br\/litoralsp\/wp-content\/uploads\/sites\/3\/2023\/05\/larva-dengue.jpg","width":559,"height":344,"caption":"Cr\u00e9ditos: Divulga\u00e7\u00e3o\/Ag\u00eancia Bras\u00edlia"},{"@type":"WebSite","@id":"https:\/\/redenoticiaz.com.br\/litoralsp\/#website","url":"https:\/\/redenoticiaz.com.br\/litoralsp\/","name":"Litoral SP","description":"Rede NoticiaZ","publisher":{"@id":"https:\/\/redenoticiaz.com.br\/litoralsp\/#organization"},"potentialAction":[{"@type":"SearchAction","target":{"@type":"EntryPoint","urlTemplate":"https:\/\/redenoticiaz.com.br\/litoralsp\/?s={search_term_string}"},"query-input":{"@type":"PropertyValueSpecification","valueRequired":true,"valueName":"search_term_string"}}],"inLanguage":"pt-BR"},{"@type":"Organization","@id":"https:\/\/redenoticiaz.com.br\/litoralsp\/#organization","name":"Litoral SP","url":"https:\/\/redenoticiaz.com.br\/litoralsp\/","logo":{"@type":"ImageObject","inLanguage":"pt-BR","@id":"https:\/\/redenoticiaz.com.br\/litoralsp\/#\/schema\/logo\/image\/","url":"https:\/\/redenoticiaz.com.br\/litoralsp\/wp-content\/uploads\/sites\/3\/2020\/11\/logo.jpg","contentUrl":"https:\/\/redenoticiaz.com.br\/litoralsp\/wp-content\/uploads\/sites\/3\/2020\/11\/logo.jpg","width":400,"height":250,"caption":"Litoral SP"},"image":{"@id":"https:\/\/redenoticiaz.com.br\/litoralsp\/#\/schema\/logo\/image\/"}},{"@type":"Person","@id":"https:\/\/redenoticiaz.com.br\/litoralsp\/#\/schema\/person\/0f0b8a5bdafefe82841e07ae8d81ecb3","name":"Leonardo Francisco","image":{"@type":"ImageObject","inLanguage":"pt-BR","@id":"https:\/\/secure.gravatar.com\/avatar\/a7358cb406a99b682ec6df1e77e31ae82e63601f6784e8a3df411d72b37864da?s=96&d=mm&r=g","url":"https:\/\/secure.gravatar.com\/avatar\/a7358cb406a99b682ec6df1e77e31ae82e63601f6784e8a3df411d72b37864da?s=96&d=mm&r=g","contentUrl":"https:\/\/secure.gravatar.com\/avatar\/a7358cb406a99b682ec6df1e77e31ae82e63601f6784e8a3df411d72b37864da?s=96&d=mm&r=g","caption":"Leonardo Francisco"},"url":"https:\/\/redenoticiaz.com.br\/litoralsp\/author\/leonardo-francisco"}]}},"_links":{"self":[{"href":"https:\/\/redenoticiaz.com.br\/litoralsp\/wp-json\/wp\/v2\/posts\/106106","targetHints":{"allow":["GET"]}}],"collection":[{"href":"https:\/\/redenoticiaz.com.br\/litoralsp\/wp-json\/wp\/v2\/posts"}],"about":[{"href":"https:\/\/redenoticiaz.com.br\/litoralsp\/wp-json\/wp\/v2\/types\/post"}],"author":[{"embeddable":true,"href":"https:\/\/redenoticiaz.com.br\/litoralsp\/wp-json\/wp\/v2\/users\/6"}],"replies":[{"embeddable":true,"href":"https:\/\/redenoticiaz.com.br\/litoralsp\/wp-json\/wp\/v2\/comments?post=106106"}],"version-history":[{"count":1,"href":"https:\/\/redenoticiaz.com.br\/litoralsp\/wp-json\/wp\/v2\/posts\/106106\/revisions"}],"predecessor-version":[{"id":106108,"href":"https:\/\/redenoticiaz.com.br\/litoralsp\/wp-json\/wp\/v2\/posts\/106106\/revisions\/106108"}],"wp:featuredmedia":[{"embeddable":true,"href":"https:\/\/redenoticiaz.com.br\/litoralsp\/wp-json\/wp\/v2\/media\/106107"}],"wp:attachment":[{"href":"https:\/\/redenoticiaz.com.br\/litoralsp\/wp-json\/wp\/v2\/media?parent=106106"}],"wp:term":[{"taxonomy":"category","embeddable":true,"href":"https:\/\/redenoticiaz.com.br\/litoralsp\/wp-json\/wp\/v2\/categories?post=106106"},{"taxonomy":"post_tag","embeddable":true,"href":"https:\/\/redenoticiaz.com.br\/litoralsp\/wp-json\/wp\/v2\/tags?post=106106"}],"curies":[{"name":"wp","href":"https:\/\/api.w.org\/{rel}","templated":true}]}}