{"id":106290,"date":"2023-05-24T22:52:51","date_gmt":"2023-05-25T01:52:51","guid":{"rendered":"https:\/\/redenoticiaz.com.br\/litoralsp\/2023\/05\/24\/brasil-da-show-sobre-a-republica-dominicana-e-segue-vivo-no-mundial-sub-20"},"modified":"2023-05-24T22:52:51","modified_gmt":"2023-05-25T01:52:51","slug":"brasil-da-show-sobre-a-republica-dominicana-e-segue-vivo-no-mundial-sub-20","status":"publish","type":"post","link":"https:\/\/redenoticiaz.com.br\/litoralsp\/2023\/05\/24\/brasil-da-show-sobre-a-republica-dominicana-e-segue-vivo-no-mundial-sub-20","title":{"rendered":"Brasil d\u00e1 show sobre a Rep\u00fablica Dominicana e segue vivo no Mundial Sub-20"},"content":{"rendered":"<p>Ap\u00f3s uma estreia ruim com derrota para a It\u00e1lia, o Brasil foi \u00e0 campo nesta quarta-feira (24), contra a Rep\u00fablica Dominicana com um \u00fanico resultado em mente: a vit\u00f3ria. E ela veio com um direito a uma <strong>goleada por 6 a 0.<\/strong> O resultado deixa a Sele\u00e7\u00e3o Brasileira no p\u00e1reo e de quebra, ainda contou com a colabora\u00e7\u00e3o da Nig\u00e9ria, que venceu a It\u00e1lia. Os nigerianos est\u00e3o com 100% de aproveitamento e v\u00e3o pegar o time de Ramon Menezes.<\/p>\n<p>Se a expectativa era de um jogo duro em Mendonza, n\u00e3o foi nem um pouco assim. O resultado foi constru\u00eddo ainda no primeiro tempo e no segundo, foi de consolida\u00e7\u00e3o. <span class=\"sc-dvXXZy epvZtk\">Os gols da Sele\u00e7\u00e3o foram marcados por S\u00e1vio, Marcos Leonardo, Jean, Giovane, Marlon Gomes e Matheus Martins.<\/span><\/p>\n<div>\n<div id=\"2aabb5ed-53a6-4d8d-a6bc-1f9395e4e210\" class=\"backstage-component\">\n<p>O Brasil est\u00e1 em segundo lugar no grupo D, com a mesma pontua\u00e7\u00e3o da It\u00e1lia, mas com saldo de gols melhor (5 contra -1). A Nig\u00e9ria, que superou os italianos horas antes e est\u00e1 com 100% de aproveitamento, lidera a chave.<\/p>\n<p>A defini\u00e7\u00e3o dos classificados ocorrer\u00e1 na \u00faltima rodada, no pr\u00f3ximo s\u00e1bado (27). O Brasil encara a Nig\u00e9ria, enquanto a It\u00e1lia pega a Rep\u00fablica Dominicana.<\/p>\n<p><strong>LEIA TAMB\u00c9M<\/strong><\/p>\n<p><a href=\"https:\/\/redenoticiaz.com.br\/blog\/2023\/05\/24\/anitta-vai-botar-os-torcedores-da-final-da-liga-dos-campeoes-para-rebolar\">Anitta vai botar os torcedores da final da Liga dos Campe\u00f5es para rebolar<\/a><\/p>\n<\/div>\n<\/div>\n","protected":false},"excerpt":{"rendered":"<p>Ap\u00f3s uma estreia ruim com derrota para a It\u00e1lia, o Brasil foi \u00e0 campo nesta quarta-feira (24), contra a Rep\u00fablica Dominicana com um \u00fanico resultado em mente: a vit\u00f3ria. E ela veio com um direito a uma goleada por 6 a 0. O resultado deixa a Sele\u00e7\u00e3o Brasileira no p\u00e1reo e de quebra, ainda contou &hellip;<\/p>\n","protected":false},"author":6,"featured_media":106291,"comment_status":"open","ping_status":"closed","sticky":false,"template":"","format":"standard","meta":{"footnotes":""},"categories":[35],"tags":[2171,173,38309,65305,63320,35569],"class_list":["post-106290","post","type-post","status-publish","format-standard","has-post-thumbnail","hentry","category-esporte","tag-argentina","tag-brasil","tag-goleada-brasileira","tag-mendoza","tag-mundial-sub-20","tag-republica-dominicana"],"yoast_head":"<!-- This site is optimized with the Yoast SEO plugin v27.4 - https:\/\/yoast.com\/product\/yoast-seo-wordpress\/ -->\n<title>Brasil d\u00e1 show sobre a Rep\u00fablica Dominicana e segue vivo no Mundial Sub-20 - Litoral SP<\/title>\n<meta name=\"description\" content=\"Ap\u00f3s uma estreia ruim com derrota para a It\u00e1lia, o Brasil foi \u00e0 campo nesta quarta-feira (24), contra a Rep\u00fablica Dominicana com\" \/>\n<meta name=\"robots\" content=\"index, follow, max-snippet:-1, max-image-preview:large, max-video-preview:-1\" \/>\n<link rel=\"canonical\" href=\"https:\/\/redenoticiaz.com.br\/litoralsp\/2023\/05\/24\/brasil-da-show-sobre-a-republica-dominicana-e-segue-vivo-no-mundial-sub-20\" \/>\n<meta property=\"og:locale\" content=\"pt_BR\" \/>\n<meta property=\"og:type\" content=\"article\" \/>\n<meta property=\"og:title\" content=\"Brasil d\u00e1 show sobre a Rep\u00fablica Dominicana e segue vivo no Mundial Sub-20 - Litoral SP\" \/>\n<meta property=\"og:description\" content=\"Ap\u00f3s uma estreia ruim com derrota para a It\u00e1lia, o Brasil foi \u00e0 campo nesta quarta-feira (24), contra a Rep\u00fablica Dominicana com\" \/>\n<meta property=\"og:url\" content=\"https:\/\/redenoticiaz.com.br\/litoralsp\/2023\/05\/24\/brasil-da-show-sobre-a-republica-dominicana-e-segue-vivo-no-mundial-sub-20\" \/>\n<meta property=\"og:site_name\" content=\"Litoral SP\" \/>\n<meta property=\"article:published_time\" content=\"2023-05-25T01:52:51+00:00\" \/>\n<meta property=\"og:image\" content=\"https:\/\/redenoticiaz.com.br\/litoralsp\/wp-content\/uploads\/sites\/3\/2023\/08\/Cameras-de-Santos-flagram-e-dois-homens-sao-presos-por-tentativa-de-furto-no-Centro-2.jpeg\" \/>\n\t<meta property=\"og:image:width\" content=\"998\" \/>\n\t<meta property=\"og:image:height\" content=\"708\" \/>\n\t<meta property=\"og:image:type\" content=\"image\/jpeg\" \/>\n<meta name=\"author\" content=\"Leonardo Francisco\" \/>\n<meta name=\"twitter:card\" content=\"summary_large_image\" \/>\n<meta name=\"twitter:label1\" content=\"Escrito por\" \/>\n\t<meta name=\"twitter:data1\" content=\"Leonardo Francisco\" \/>\n\t<meta name=\"twitter:label2\" content=\"Est. tempo de leitura\" \/>\n\t<meta name=\"twitter:data2\" content=\"2 minutos\" \/>\n<script type=\"application\/ld+json\" class=\"yoast-schema-graph\">{\"@context\":\"https:\\\/\\\/schema.org\",\"@graph\":[{\"@type\":\"Article\",\"@id\":\"https:\\\/\\\/redenoticiaz.com.br\\\/litoralsp\\\/2023\\\/05\\\/24\\\/brasil-da-show-sobre-a-republica-dominicana-e-segue-vivo-no-mundial-sub-20#article\",\"isPartOf\":{\"@id\":\"https:\\\/\\\/redenoticiaz.com.br\\\/litoralsp\\\/2023\\\/05\\\/24\\\/brasil-da-show-sobre-a-republica-dominicana-e-segue-vivo-no-mundial-sub-20\"},\"author\":{\"name\":\"Leonardo Francisco\",\"@id\":\"https:\\\/\\\/redenoticiaz.com.br\\\/litoralsp\\\/#\\\/schema\\\/person\\\/0f0b8a5bdafefe82841e07ae8d81ecb3\"},\"headline\":\"Brasil d\u00e1 show sobre a Rep\u00fablica Dominicana e segue vivo no Mundial Sub-20\",\"datePublished\":\"2023-05-25T01:52:51+00:00\",\"mainEntityOfPage\":{\"@id\":\"https:\\\/\\\/redenoticiaz.com.br\\\/litoralsp\\\/2023\\\/05\\\/24\\\/brasil-da-show-sobre-a-republica-dominicana-e-segue-vivo-no-mundial-sub-20\"},\"wordCount\":239,\"commentCount\":0,\"publisher\":{\"@id\":\"https:\\\/\\\/redenoticiaz.com.br\\\/litoralsp\\\/#organization\"},\"image\":{\"@id\":\"https:\\\/\\\/redenoticiaz.com.br\\\/litoralsp\\\/2023\\\/05\\\/24\\\/brasil-da-show-sobre-a-republica-dominicana-e-segue-vivo-no-mundial-sub-20#primaryimage\"},\"thumbnailUrl\":\"https:\\\/\\\/redenoticiaz.com.br\\\/litoralsp\\\/wp-content\\\/uploads\\\/sites\\\/3\\\/2023\\\/05\\\/braxdom.jpg?v=1684979492\",\"keywords\":[\"Argentina\",\"Brasil\",\"GOLEADA BRASILEIRA\",\"MENDOZA\",\"MUNDIAL SUB-20\",\"REP\u00daBLICA DOMINICANA\"],\"articleSection\":[\"Esporte\"],\"inLanguage\":\"pt-BR\",\"potentialAction\":[{\"@type\":\"CommentAction\",\"name\":\"Comment\",\"target\":[\"https:\\\/\\\/redenoticiaz.com.br\\\/litoralsp\\\/2023\\\/05\\\/24\\\/brasil-da-show-sobre-a-republica-dominicana-e-segue-vivo-no-mundial-sub-20#respond\"]}]},{\"@type\":\"WebPage\",\"@id\":\"https:\\\/\\\/redenoticiaz.com.br\\\/litoralsp\\\/2023\\\/05\\\/24\\\/brasil-da-show-sobre-a-republica-dominicana-e-segue-vivo-no-mundial-sub-20\",\"url\":\"https:\\\/\\\/redenoticiaz.com.br\\\/litoralsp\\\/2023\\\/05\\\/24\\\/brasil-da-show-sobre-a-republica-dominicana-e-segue-vivo-no-mundial-sub-20\",\"name\":\"Brasil d\u00e1 show sobre a Rep\u00fablica Dominicana e segue vivo no Mundial Sub-20 - Litoral SP\",\"isPartOf\":{\"@id\":\"https:\\\/\\\/redenoticiaz.com.br\\\/litoralsp\\\/#website\"},\"primaryImageOfPage\":{\"@id\":\"https:\\\/\\\/redenoticiaz.com.br\\\/litoralsp\\\/2023\\\/05\\\/24\\\/brasil-da-show-sobre-a-republica-dominicana-e-segue-vivo-no-mundial-sub-20#primaryimage\"},\"image\":{\"@id\":\"https:\\\/\\\/redenoticiaz.com.br\\\/litoralsp\\\/2023\\\/05\\\/24\\\/brasil-da-show-sobre-a-republica-dominicana-e-segue-vivo-no-mundial-sub-20#primaryimage\"},\"thumbnailUrl\":\"https:\\\/\\\/redenoticiaz.com.br\\\/litoralsp\\\/wp-content\\\/uploads\\\/sites\\\/3\\\/2023\\\/05\\\/braxdom.jpg?v=1684979492\",\"datePublished\":\"2023-05-25T01:52:51+00:00\",\"description\":\"Ap\u00f3s uma estreia ruim com derrota para a It\u00e1lia, o Brasil foi \u00e0 campo nesta quarta-feira (24), contra a Rep\u00fablica Dominicana com\",\"inLanguage\":\"pt-BR\",\"potentialAction\":[{\"@type\":\"ReadAction\",\"target\":[\"https:\\\/\\\/redenoticiaz.com.br\\\/litoralsp\\\/2023\\\/05\\\/24\\\/brasil-da-show-sobre-a-republica-dominicana-e-segue-vivo-no-mundial-sub-20\"]}]},{\"@type\":\"ImageObject\",\"inLanguage\":\"pt-BR\",\"@id\":\"https:\\\/\\\/redenoticiaz.com.br\\\/litoralsp\\\/2023\\\/05\\\/24\\\/brasil-da-show-sobre-a-republica-dominicana-e-segue-vivo-no-mundial-sub-20#primaryimage\",\"url\":\"https:\\\/\\\/redenoticiaz.com.br\\\/litoralsp\\\/wp-content\\\/uploads\\\/sites\\\/3\\\/2023\\\/05\\\/braxdom.jpg?v=1684979492\",\"contentUrl\":\"https:\\\/\\\/redenoticiaz.com.br\\\/litoralsp\\\/wp-content\\\/uploads\\\/sites\\\/3\\\/2023\\\/05\\\/braxdom.jpg?v=1684979492\",\"width\":578,\"height\":330,\"caption\":\"Cr\u00e9ditos: Divulga\u00e7\u00e3o\\\/AFP\"},{\"@type\":\"WebSite\",\"@id\":\"https:\\\/\\\/redenoticiaz.com.br\\\/litoralsp\\\/#website\",\"url\":\"https:\\\/\\\/redenoticiaz.com.br\\\/litoralsp\\\/\",\"name\":\"Litoral SP\",\"description\":\"Rede NoticiaZ\",\"publisher\":{\"@id\":\"https:\\\/\\\/redenoticiaz.com.br\\\/litoralsp\\\/#organization\"},\"potentialAction\":[{\"@type\":\"SearchAction\",\"target\":{\"@type\":\"EntryPoint\",\"urlTemplate\":\"https:\\\/\\\/redenoticiaz.com.br\\\/litoralsp\\\/?s={search_term_string}\"},\"query-input\":{\"@type\":\"PropertyValueSpecification\",\"valueRequired\":true,\"valueName\":\"search_term_string\"}}],\"inLanguage\":\"pt-BR\"},{\"@type\":\"Organization\",\"@id\":\"https:\\\/\\\/redenoticiaz.com.br\\\/litoralsp\\\/#organization\",\"name\":\"Litoral SP\",\"url\":\"https:\\\/\\\/redenoticiaz.com.br\\\/litoralsp\\\/\",\"logo\":{\"@type\":\"ImageObject\",\"inLanguage\":\"pt-BR\",\"@id\":\"https:\\\/\\\/redenoticiaz.com.br\\\/litoralsp\\\/#\\\/schema\\\/logo\\\/image\\\/\",\"url\":\"https:\\\/\\\/redenoticiaz.com.br\\\/litoralsp\\\/wp-content\\\/uploads\\\/sites\\\/3\\\/2020\\\/11\\\/logo.jpg\",\"contentUrl\":\"https:\\\/\\\/redenoticiaz.com.br\\\/litoralsp\\\/wp-content\\\/uploads\\\/sites\\\/3\\\/2020\\\/11\\\/logo.jpg\",\"width\":400,\"height\":250,\"caption\":\"Litoral SP\"},\"image\":{\"@id\":\"https:\\\/\\\/redenoticiaz.com.br\\\/litoralsp\\\/#\\\/schema\\\/logo\\\/image\\\/\"}},{\"@type\":\"Person\",\"@id\":\"https:\\\/\\\/redenoticiaz.com.br\\\/litoralsp\\\/#\\\/schema\\\/person\\\/0f0b8a5bdafefe82841e07ae8d81ecb3\",\"name\":\"Leonardo Francisco\",\"image\":{\"@type\":\"ImageObject\",\"inLanguage\":\"pt-BR\",\"@id\":\"https:\\\/\\\/secure.gravatar.com\\\/avatar\\\/a7358cb406a99b682ec6df1e77e31ae82e63601f6784e8a3df411d72b37864da?s=96&d=mm&r=g\",\"url\":\"https:\\\/\\\/secure.gravatar.com\\\/avatar\\\/a7358cb406a99b682ec6df1e77e31ae82e63601f6784e8a3df411d72b37864da?s=96&d=mm&r=g\",\"contentUrl\":\"https:\\\/\\\/secure.gravatar.com\\\/avatar\\\/a7358cb406a99b682ec6df1e77e31ae82e63601f6784e8a3df411d72b37864da?s=96&d=mm&r=g\",\"caption\":\"Leonardo Francisco\"},\"url\":\"https:\\\/\\\/redenoticiaz.com.br\\\/litoralsp\\\/author\\\/leonardo-francisco\"}]}<\/script>\n<!-- \/ Yoast SEO plugin. -->","yoast_head_json":{"title":"Brasil d\u00e1 show sobre a Rep\u00fablica Dominicana e segue vivo no Mundial Sub-20 - Litoral SP","description":"Ap\u00f3s uma estreia ruim com derrota para a It\u00e1lia, o Brasil foi \u00e0 campo nesta quarta-feira (24), contra a Rep\u00fablica Dominicana com","robots":{"index":"index","follow":"follow","max-snippet":"max-snippet:-1","max-image-preview":"max-image-preview:large","max-video-preview":"max-video-preview:-1"},"canonical":"https:\/\/redenoticiaz.com.br\/litoralsp\/2023\/05\/24\/brasil-da-show-sobre-a-republica-dominicana-e-segue-vivo-no-mundial-sub-20","og_locale":"pt_BR","og_type":"article","og_title":"Brasil d\u00e1 show sobre a Rep\u00fablica Dominicana e segue vivo no Mundial Sub-20 - Litoral SP","og_description":"Ap\u00f3s uma estreia ruim com derrota para a It\u00e1lia, o Brasil foi \u00e0 campo nesta quarta-feira (24), contra a Rep\u00fablica Dominicana com","og_url":"https:\/\/redenoticiaz.com.br\/litoralsp\/2023\/05\/24\/brasil-da-show-sobre-a-republica-dominicana-e-segue-vivo-no-mundial-sub-20","og_site_name":"Litoral SP","article_published_time":"2023-05-25T01:52:51+00:00","og_image":[{"width":998,"height":708,"url":"https:\/\/redenoticiaz.com.br\/litoralsp\/wp-content\/uploads\/sites\/3\/2023\/08\/Cameras-de-Santos-flagram-e-dois-homens-sao-presos-por-tentativa-de-furto-no-Centro-2.jpeg","type":"image\/jpeg"}],"author":"Leonardo Francisco","twitter_card":"summary_large_image","twitter_misc":{"Escrito por":"Leonardo Francisco","Est. tempo de leitura":"2 minutos"},"schema":{"@context":"https:\/\/schema.org","@graph":[{"@type":"Article","@id":"https:\/\/redenoticiaz.com.br\/litoralsp\/2023\/05\/24\/brasil-da-show-sobre-a-republica-dominicana-e-segue-vivo-no-mundial-sub-20#article","isPartOf":{"@id":"https:\/\/redenoticiaz.com.br\/litoralsp\/2023\/05\/24\/brasil-da-show-sobre-a-republica-dominicana-e-segue-vivo-no-mundial-sub-20"},"author":{"name":"Leonardo Francisco","@id":"https:\/\/redenoticiaz.com.br\/litoralsp\/#\/schema\/person\/0f0b8a5bdafefe82841e07ae8d81ecb3"},"headline":"Brasil d\u00e1 show sobre a Rep\u00fablica Dominicana e segue vivo no Mundial Sub-20","datePublished":"2023-05-25T01:52:51+00:00","mainEntityOfPage":{"@id":"https:\/\/redenoticiaz.com.br\/litoralsp\/2023\/05\/24\/brasil-da-show-sobre-a-republica-dominicana-e-segue-vivo-no-mundial-sub-20"},"wordCount":239,"commentCount":0,"publisher":{"@id":"https:\/\/redenoticiaz.com.br\/litoralsp\/#organization"},"image":{"@id":"https:\/\/redenoticiaz.com.br\/litoralsp\/2023\/05\/24\/brasil-da-show-sobre-a-republica-dominicana-e-segue-vivo-no-mundial-sub-20#primaryimage"},"thumbnailUrl":"https:\/\/redenoticiaz.com.br\/litoralsp\/wp-content\/uploads\/sites\/3\/2023\/05\/braxdom.jpg?v=1684979492","keywords":["Argentina","Brasil","GOLEADA BRASILEIRA","MENDOZA","MUNDIAL SUB-20","REP\u00daBLICA DOMINICANA"],"articleSection":["Esporte"],"inLanguage":"pt-BR","potentialAction":[{"@type":"CommentAction","name":"Comment","target":["https:\/\/redenoticiaz.com.br\/litoralsp\/2023\/05\/24\/brasil-da-show-sobre-a-republica-dominicana-e-segue-vivo-no-mundial-sub-20#respond"]}]},{"@type":"WebPage","@id":"https:\/\/redenoticiaz.com.br\/litoralsp\/2023\/05\/24\/brasil-da-show-sobre-a-republica-dominicana-e-segue-vivo-no-mundial-sub-20","url":"https:\/\/redenoticiaz.com.br\/litoralsp\/2023\/05\/24\/brasil-da-show-sobre-a-republica-dominicana-e-segue-vivo-no-mundial-sub-20","name":"Brasil d\u00e1 show sobre a Rep\u00fablica Dominicana e segue vivo no Mundial Sub-20 - Litoral SP","isPartOf":{"@id":"https:\/\/redenoticiaz.com.br\/litoralsp\/#website"},"primaryImageOfPage":{"@id":"https:\/\/redenoticiaz.com.br\/litoralsp\/2023\/05\/24\/brasil-da-show-sobre-a-republica-dominicana-e-segue-vivo-no-mundial-sub-20#primaryimage"},"image":{"@id":"https:\/\/redenoticiaz.com.br\/litoralsp\/2023\/05\/24\/brasil-da-show-sobre-a-republica-dominicana-e-segue-vivo-no-mundial-sub-20#primaryimage"},"thumbnailUrl":"https:\/\/redenoticiaz.com.br\/litoralsp\/wp-content\/uploads\/sites\/3\/2023\/05\/braxdom.jpg?v=1684979492","datePublished":"2023-05-25T01:52:51+00:00","description":"Ap\u00f3s uma estreia ruim com derrota para a It\u00e1lia, o Brasil foi \u00e0 campo nesta quarta-feira (24), contra a Rep\u00fablica Dominicana com","inLanguage":"pt-BR","potentialAction":[{"@type":"ReadAction","target":["https:\/\/redenoticiaz.com.br\/litoralsp\/2023\/05\/24\/brasil-da-show-sobre-a-republica-dominicana-e-segue-vivo-no-mundial-sub-20"]}]},{"@type":"ImageObject","inLanguage":"pt-BR","@id":"https:\/\/redenoticiaz.com.br\/litoralsp\/2023\/05\/24\/brasil-da-show-sobre-a-republica-dominicana-e-segue-vivo-no-mundial-sub-20#primaryimage","url":"https:\/\/redenoticiaz.com.br\/litoralsp\/wp-content\/uploads\/sites\/3\/2023\/05\/braxdom.jpg?v=1684979492","contentUrl":"https:\/\/redenoticiaz.com.br\/litoralsp\/wp-content\/uploads\/sites\/3\/2023\/05\/braxdom.jpg?v=1684979492","width":578,"height":330,"caption":"Cr\u00e9ditos: Divulga\u00e7\u00e3o\/AFP"},{"@type":"WebSite","@id":"https:\/\/redenoticiaz.com.br\/litoralsp\/#website","url":"https:\/\/redenoticiaz.com.br\/litoralsp\/","name":"Litoral SP","description":"Rede NoticiaZ","publisher":{"@id":"https:\/\/redenoticiaz.com.br\/litoralsp\/#organization"},"potentialAction":[{"@type":"SearchAction","target":{"@type":"EntryPoint","urlTemplate":"https:\/\/redenoticiaz.com.br\/litoralsp\/?s={search_term_string}"},"query-input":{"@type":"PropertyValueSpecification","valueRequired":true,"valueName":"search_term_string"}}],"inLanguage":"pt-BR"},{"@type":"Organization","@id":"https:\/\/redenoticiaz.com.br\/litoralsp\/#organization","name":"Litoral SP","url":"https:\/\/redenoticiaz.com.br\/litoralsp\/","logo":{"@type":"ImageObject","inLanguage":"pt-BR","@id":"https:\/\/redenoticiaz.com.br\/litoralsp\/#\/schema\/logo\/image\/","url":"https:\/\/redenoticiaz.com.br\/litoralsp\/wp-content\/uploads\/sites\/3\/2020\/11\/logo.jpg","contentUrl":"https:\/\/redenoticiaz.com.br\/litoralsp\/wp-content\/uploads\/sites\/3\/2020\/11\/logo.jpg","width":400,"height":250,"caption":"Litoral SP"},"image":{"@id":"https:\/\/redenoticiaz.com.br\/litoralsp\/#\/schema\/logo\/image\/"}},{"@type":"Person","@id":"https:\/\/redenoticiaz.com.br\/litoralsp\/#\/schema\/person\/0f0b8a5bdafefe82841e07ae8d81ecb3","name":"Leonardo Francisco","image":{"@type":"ImageObject","inLanguage":"pt-BR","@id":"https:\/\/secure.gravatar.com\/avatar\/a7358cb406a99b682ec6df1e77e31ae82e63601f6784e8a3df411d72b37864da?s=96&d=mm&r=g","url":"https:\/\/secure.gravatar.com\/avatar\/a7358cb406a99b682ec6df1e77e31ae82e63601f6784e8a3df411d72b37864da?s=96&d=mm&r=g","contentUrl":"https:\/\/secure.gravatar.com\/avatar\/a7358cb406a99b682ec6df1e77e31ae82e63601f6784e8a3df411d72b37864da?s=96&d=mm&r=g","caption":"Leonardo Francisco"},"url":"https:\/\/redenoticiaz.com.br\/litoralsp\/author\/leonardo-francisco"}]}},"_links":{"self":[{"href":"https:\/\/redenoticiaz.com.br\/litoralsp\/wp-json\/wp\/v2\/posts\/106290","targetHints":{"allow":["GET"]}}],"collection":[{"href":"https:\/\/redenoticiaz.com.br\/litoralsp\/wp-json\/wp\/v2\/posts"}],"about":[{"href":"https:\/\/redenoticiaz.com.br\/litoralsp\/wp-json\/wp\/v2\/types\/post"}],"author":[{"embeddable":true,"href":"https:\/\/redenoticiaz.com.br\/litoralsp\/wp-json\/wp\/v2\/users\/6"}],"replies":[{"embeddable":true,"href":"https:\/\/redenoticiaz.com.br\/litoralsp\/wp-json\/wp\/v2\/comments?post=106290"}],"version-history":[{"count":1,"href":"https:\/\/redenoticiaz.com.br\/litoralsp\/wp-json\/wp\/v2\/posts\/106290\/revisions"}],"predecessor-version":[{"id":106293,"href":"https:\/\/redenoticiaz.com.br\/litoralsp\/wp-json\/wp\/v2\/posts\/106290\/revisions\/106293"}],"wp:featuredmedia":[{"embeddable":true,"href":"https:\/\/redenoticiaz.com.br\/litoralsp\/wp-json\/wp\/v2\/media\/106291"}],"wp:attachment":[{"href":"https:\/\/redenoticiaz.com.br\/litoralsp\/wp-json\/wp\/v2\/media?parent=106290"}],"wp:term":[{"taxonomy":"category","embeddable":true,"href":"https:\/\/redenoticiaz.com.br\/litoralsp\/wp-json\/wp\/v2\/categories?post=106290"},{"taxonomy":"post_tag","embeddable":true,"href":"https:\/\/redenoticiaz.com.br\/litoralsp\/wp-json\/wp\/v2\/tags?post=106290"}],"curies":[{"name":"wp","href":"https:\/\/api.w.org\/{rel}","templated":true}]}}