{"id":106372,"date":"2023-05-26T10:50:29","date_gmt":"2023-05-26T13:50:29","guid":{"rendered":"https:\/\/redenoticiaz.com.br\/litoralsp\/2023\/05\/26\/video-inacreditavel-homem-abre-porta-de-aviao-em-pleno-voo-com-194-pessoas-a-bordo"},"modified":"2023-05-26T10:58:32","modified_gmt":"2023-05-26T13:58:32","slug":"video-inacreditavel-homem-abre-porta-de-aviao-em-pleno-voo-com-194-pessoas-a-bordo","status":"publish","type":"post","link":"https:\/\/redenoticiaz.com.br\/litoralsp\/2023\/05\/26\/video-inacreditavel-homem-abre-porta-de-aviao-em-pleno-voo-com-194-pessoas-a-bordo","title":{"rendered":"V\u00cdDEO \u2013 Inacredit\u00e1vel! Homem abre porta de avi\u00e3o em pleno voo com 194 pessoas a bordo"},"content":{"rendered":"<div class=\"group w-full text-gray-800 dark:text-gray-100 border-b border-black\/10 dark:border-gray-900\/50 bg-gray-50 dark:bg-[#444654]\">\n<div class=\"flex p-4 gap-4 text-base md:gap-6 md:max-w-2xl lg:max-w-xl xl:max-w-3xl md:py-6 lg:px-0 m-auto\">\n<div class=\"relative flex w-[calc(100%-50px)] flex-col gap-1 md:gap-3 lg:w-[calc(100%-115px)]\">\n<div class=\"flex flex-grow flex-col gap-3\">\n<div class=\"min-h-[20px] flex flex-col items-start gap-4 whitespace-pre-wrap break-words\">\n<div class=\"markdown prose w-full break-words dark:prose-invert light\">\n<p>Um homem surpreendente foi preso na Coreia do Sul ap\u00f3s cometer um ato extremamente perigoso durante um voo nesta sexta-feira (26). De acordo as informa\u00e7\u00f5es, o suspeito abriu a porta de um avi\u00e3o Airbus A321-200 que transportava 194 pessoas a bordo.<\/p>\n<p>Ainda de acordo com as informa\u00e7\u00f5es, a porta da aeronave se abriu aproximadamente dois ou tr\u00eas minutos antes do pouso. Um v\u00eddeo capturado de dentro do avi\u00e3o revela a chocante cena da porta aberta, enquanto os passageiros lutam contra uma intensa corrente de ar.<\/p>\n<div class=\"wp-playlist wp-video-playlist wp-playlist-light\">\n\t\t<video controls=\"controls\" preload=\"none\" width=\"640\"\n\t\t height=\"352\"\t><\/video>\n\t<div class=\"wp-playlist-next\"><\/div>\n\t<div class=\"wp-playlist-prev\"><\/div>\n\t<noscript>\n\t<ol>\n\t\t<li><a href='https:\/\/redenoticiaz.com.br\/litoralsp\/wp-content\/uploads\/sites\/3\/2023\/05\/Homem-e-preso-por-abrir-porta-de-aviao-durante-o-voo-na-Coreia-do-Sul.mp4'>Homem \u00e9 preso por abrir porta de avi\u00e3o durante o voo na Coreia do Sul<\/a><\/li>\t<\/ol>\n\t<\/noscript>\n\t<script type=\"application\/json\" class=\"wp-playlist-script\">{\"type\":\"video\",\"tracklist\":true,\"tracknumbers\":true,\"images\":true,\"artists\":true,\"tracks\":[{\"src\":\"https:\/\/redenoticiaz.com.br\/litoralsp\/wp-content\/uploads\/sites\/3\/2023\/05\/Homem-e-preso-por-abrir-porta-de-aviao-durante-o-voo-na-Coreia-do-Sul.mp4\",\"type\":\"video\/mp4\",\"title\":\"Homem \\u00e9 preso por abrir porta de avi\\u00e3o durante o voo na Coreia do Sul\",\"caption\":\"\",\"description\":\"\",\"meta\":{\"length_formatted\":\"1:04\"},\"dimensions\":{\"original\":{\"width\":640,\"height\":352},\"resized\":{\"width\":640,\"height\":352}},\"image\":{\"src\":\"https:\/\/redenoticiaz.com.br\/litoralsp\/wp-includes\/images\/media\/video.svg\",\"width\":48,\"height\":64},\"thumb\":{\"src\":\"https:\/\/redenoticiaz.com.br\/litoralsp\/wp-includes\/images\/media\/video.svg\",\"width\":48,\"height\":64}}]}<\/script>\n<\/div>\n\t\n<p>Felizmente, a aeronave conseguiu pousar em seguran\u00e7a, ap\u00f3s decolar uma hora antes da ilha de f\u00e9rias de Jeju com destino a Daegu, localizada a 237 km de Seul. Apesar do incidente, ningu\u00e9m ficou gravemente ferido, embora nove passageiros tenham sido levados ao hospital devido a dificuldades respirat\u00f3rias.<\/p>\n<p>VEJA TAMB\u00c9M:\u00a0<a href=\"https:\/\/redenoticiaz.com.br\/barretos-regiao\/sp\/2023\/05\/25\/video-servidores-sao-flagrados-dando-amasso-em-carro-oficial\">V\u00cdDEO \u2013 Servidores s\u00e3o flagrados dando \u201camasso\u201d em carro oficial<\/a><\/p>\n<\/div>\n<\/div>\n<\/div>\n<\/div>\n<\/div>\n<\/div>\n","protected":false},"excerpt":{"rendered":"<p>Um homem surpreendente foi preso na Coreia do Sul ap\u00f3s cometer um ato extremamente perigoso durante um voo nesta sexta-feira (26). De acordo as informa\u00e7\u00f5es, o suspeito abriu a porta de um avi\u00e3o Airbus A321-200 que transportava 194 pessoas a bordo. Ainda de acordo com as informa\u00e7\u00f5es, a porta da aeronave se abriu aproximadamente dois &hellip;<\/p>\n","protected":false},"author":30,"featured_media":106373,"comment_status":"open","ping_status":"closed","sticky":false,"template":"","format":"standard","meta":{"footnotes":""},"categories":[84],"tags":[29524,65417,10526,65418,65419],"class_list":["post-106372","post","type-post","status-publish","format-standard","has-post-thumbnail","hentry","category-mundo","tag-coreia-do-sul","tag-homm-e-preso","tag-passageiros","tag-porta-de-aviao","tag-voo"],"yoast_head":"<!-- This site is optimized with the Yoast SEO plugin v27.5 - https:\/\/yoast.com\/product\/yoast-seo-wordpress\/ -->\n<title>V\u00cdDEO \u2013 Inacredit\u00e1vel! Homem abre porta de avi\u00e3o em pleno voo com 194 pessoas a bordo - Litoral SP<\/title>\n<meta name=\"description\" content=\"Um homem surpreendente foi preso na Coreia do Sul ap\u00f3s cometer um ato extremamente perigoso durante um voo.\" \/>\n<meta name=\"robots\" content=\"index, follow, max-snippet:-1, max-image-preview:large, max-video-preview:-1\" \/>\n<link rel=\"canonical\" href=\"https:\/\/redenoticiaz.com.br\/litoralsp\/2023\/05\/26\/video-inacreditavel-homem-abre-porta-de-aviao-em-pleno-voo-com-194-pessoas-a-bordo\" \/>\n<meta property=\"og:locale\" content=\"pt_BR\" \/>\n<meta property=\"og:type\" content=\"article\" \/>\n<meta property=\"og:title\" content=\"V\u00cdDEO \u2013 Inacredit\u00e1vel! Homem abre porta de avi\u00e3o em pleno voo com 194 pessoas a bordo - Litoral SP\" \/>\n<meta property=\"og:description\" content=\"Um homem surpreendente foi preso na Coreia do Sul ap\u00f3s cometer um ato extremamente perigoso durante um voo.\" \/>\n<meta property=\"og:url\" content=\"https:\/\/redenoticiaz.com.br\/litoralsp\/2023\/05\/26\/video-inacreditavel-homem-abre-porta-de-aviao-em-pleno-voo-com-194-pessoas-a-bordo\" \/>\n<meta property=\"og:site_name\" content=\"Litoral SP\" \/>\n<meta property=\"article:published_time\" content=\"2023-05-26T13:50:29+00:00\" \/>\n<meta property=\"article:modified_time\" content=\"2023-05-26T13:58:32+00:00\" \/>\n<meta property=\"og:image\" content=\"https:\/\/redenoticiaz.com.br\/litoralsp\/wp-content\/uploads\/sites\/3\/2023\/05\/20230526092222whatsapp_image_2023-05-26_at_09.16.35_1.jpeg\" \/>\n\t<meta property=\"og:image:width\" content=\"644\" \/>\n\t<meta property=\"og:image:height\" content=\"538\" \/>\n\t<meta property=\"og:image:type\" content=\"image\/jpeg\" \/>\n<meta name=\"author\" content=\"Carina Reifonas\" \/>\n<meta name=\"twitter:card\" content=\"summary_large_image\" \/>\n<meta name=\"twitter:label1\" content=\"Escrito por\" \/>\n\t<meta name=\"twitter:data1\" content=\"Carina Reifonas\" \/>\n\t<meta name=\"twitter:label2\" content=\"Est. tempo de leitura\" \/>\n\t<meta name=\"twitter:data2\" content=\"1 minuto\" \/>\n<script type=\"application\/ld+json\" class=\"yoast-schema-graph\">{\"@context\":\"https:\\\/\\\/schema.org\",\"@graph\":[{\"@type\":\"Article\",\"@id\":\"https:\\\/\\\/redenoticiaz.com.br\\\/litoralsp\\\/2023\\\/05\\\/26\\\/video-inacreditavel-homem-abre-porta-de-aviao-em-pleno-voo-com-194-pessoas-a-bordo#article\",\"isPartOf\":{\"@id\":\"https:\\\/\\\/redenoticiaz.com.br\\\/litoralsp\\\/2023\\\/05\\\/26\\\/video-inacreditavel-homem-abre-porta-de-aviao-em-pleno-voo-com-194-pessoas-a-bordo\"},\"author\":{\"name\":\"Carina Reifonas\",\"@id\":\"https:\\\/\\\/redenoticiaz.com.br\\\/litoralsp\\\/#\\\/schema\\\/person\\\/1f84d6e94e6a62d2d81199d7503e9e90\"},\"headline\":\"V\u00cdDEO \u2013 Inacredit\u00e1vel! Homem abre porta de avi\u00e3o em pleno voo com 194 pessoas a bordo\",\"datePublished\":\"2023-05-26T13:50:29+00:00\",\"dateModified\":\"2023-05-26T13:58:32+00:00\",\"mainEntityOfPage\":{\"@id\":\"https:\\\/\\\/redenoticiaz.com.br\\\/litoralsp\\\/2023\\\/05\\\/26\\\/video-inacreditavel-homem-abre-porta-de-aviao-em-pleno-voo-com-194-pessoas-a-bordo\"},\"wordCount\":177,\"commentCount\":0,\"publisher\":{\"@id\":\"https:\\\/\\\/redenoticiaz.com.br\\\/litoralsp\\\/#organization\"},\"image\":{\"@id\":\"https:\\\/\\\/redenoticiaz.com.br\\\/litoralsp\\\/2023\\\/05\\\/26\\\/video-inacreditavel-homem-abre-porta-de-aviao-em-pleno-voo-com-194-pessoas-a-bordo#primaryimage\"},\"thumbnailUrl\":\"https:\\\/\\\/redenoticiaz.com.br\\\/litoralsp\\\/wp-content\\\/uploads\\\/sites\\\/3\\\/2023\\\/05\\\/20230526092222whatsapp_image_2023-05-26_at_09.16.35_1.jpeg\",\"keywords\":[\"COREIA DO SUL\",\"homm \u00e9 preso\",\"PASSAGEIROS\",\"porta de avi\u00e3o\",\"VOO\"],\"articleSection\":[\"Mundo\"],\"inLanguage\":\"pt-BR\",\"potentialAction\":[{\"@type\":\"CommentAction\",\"name\":\"Comment\",\"target\":[\"https:\\\/\\\/redenoticiaz.com.br\\\/litoralsp\\\/2023\\\/05\\\/26\\\/video-inacreditavel-homem-abre-porta-de-aviao-em-pleno-voo-com-194-pessoas-a-bordo#respond\"]}]},{\"@type\":\"WebPage\",\"@id\":\"https:\\\/\\\/redenoticiaz.com.br\\\/litoralsp\\\/2023\\\/05\\\/26\\\/video-inacreditavel-homem-abre-porta-de-aviao-em-pleno-voo-com-194-pessoas-a-bordo\",\"url\":\"https:\\\/\\\/redenoticiaz.com.br\\\/litoralsp\\\/2023\\\/05\\\/26\\\/video-inacreditavel-homem-abre-porta-de-aviao-em-pleno-voo-com-194-pessoas-a-bordo\",\"name\":\"V\u00cdDEO \u2013 Inacredit\u00e1vel! Homem abre porta de avi\u00e3o em pleno voo com 194 pessoas a bordo - Litoral SP\",\"isPartOf\":{\"@id\":\"https:\\\/\\\/redenoticiaz.com.br\\\/litoralsp\\\/#website\"},\"primaryImageOfPage\":{\"@id\":\"https:\\\/\\\/redenoticiaz.com.br\\\/litoralsp\\\/2023\\\/05\\\/26\\\/video-inacreditavel-homem-abre-porta-de-aviao-em-pleno-voo-com-194-pessoas-a-bordo#primaryimage\"},\"image\":{\"@id\":\"https:\\\/\\\/redenoticiaz.com.br\\\/litoralsp\\\/2023\\\/05\\\/26\\\/video-inacreditavel-homem-abre-porta-de-aviao-em-pleno-voo-com-194-pessoas-a-bordo#primaryimage\"},\"thumbnailUrl\":\"https:\\\/\\\/redenoticiaz.com.br\\\/litoralsp\\\/wp-content\\\/uploads\\\/sites\\\/3\\\/2023\\\/05\\\/20230526092222whatsapp_image_2023-05-26_at_09.16.35_1.jpeg\",\"datePublished\":\"2023-05-26T13:50:29+00:00\",\"dateModified\":\"2023-05-26T13:58:32+00:00\",\"description\":\"Um homem surpreendente foi preso na Coreia do Sul ap\u00f3s cometer um ato extremamente perigoso durante um voo.\",\"inLanguage\":\"pt-BR\",\"potentialAction\":[{\"@type\":\"ReadAction\",\"target\":[\"https:\\\/\\\/redenoticiaz.com.br\\\/litoralsp\\\/2023\\\/05\\\/26\\\/video-inacreditavel-homem-abre-porta-de-aviao-em-pleno-voo-com-194-pessoas-a-bordo\"]}]},{\"@type\":\"ImageObject\",\"inLanguage\":\"pt-BR\",\"@id\":\"https:\\\/\\\/redenoticiaz.com.br\\\/litoralsp\\\/2023\\\/05\\\/26\\\/video-inacreditavel-homem-abre-porta-de-aviao-em-pleno-voo-com-194-pessoas-a-bordo#primaryimage\",\"url\":\"https:\\\/\\\/redenoticiaz.com.br\\\/litoralsp\\\/wp-content\\\/uploads\\\/sites\\\/3\\\/2023\\\/05\\\/20230526092222whatsapp_image_2023-05-26_at_09.16.35_1.jpeg\",\"contentUrl\":\"https:\\\/\\\/redenoticiaz.com.br\\\/litoralsp\\\/wp-content\\\/uploads\\\/sites\\\/3\\\/2023\\\/05\\\/20230526092222whatsapp_image_2023-05-26_at_09.16.35_1.jpeg\",\"width\":644,\"height\":538,\"caption\":\"Homem \u00e9 preso por abrir porta de avi\u00e3o durante o voo na Coreia do Sul. Cr\u00e9dito: Reprodu\u00e7\u00e3o\"},{\"@type\":\"WebSite\",\"@id\":\"https:\\\/\\\/redenoticiaz.com.br\\\/litoralsp\\\/#website\",\"url\":\"https:\\\/\\\/redenoticiaz.com.br\\\/litoralsp\\\/\",\"name\":\"Litoral SP\",\"description\":\"Rede NoticiaZ\",\"publisher\":{\"@id\":\"https:\\\/\\\/redenoticiaz.com.br\\\/litoralsp\\\/#organization\"},\"potentialAction\":[{\"@type\":\"SearchAction\",\"target\":{\"@type\":\"EntryPoint\",\"urlTemplate\":\"https:\\\/\\\/redenoticiaz.com.br\\\/litoralsp\\\/?s={search_term_string}\"},\"query-input\":{\"@type\":\"PropertyValueSpecification\",\"valueRequired\":true,\"valueName\":\"search_term_string\"}}],\"inLanguage\":\"pt-BR\"},{\"@type\":\"Organization\",\"@id\":\"https:\\\/\\\/redenoticiaz.com.br\\\/litoralsp\\\/#organization\",\"name\":\"Litoral SP\",\"url\":\"https:\\\/\\\/redenoticiaz.com.br\\\/litoralsp\\\/\",\"logo\":{\"@type\":\"ImageObject\",\"inLanguage\":\"pt-BR\",\"@id\":\"https:\\\/\\\/redenoticiaz.com.br\\\/litoralsp\\\/#\\\/schema\\\/logo\\\/image\\\/\",\"url\":\"https:\\\/\\\/redenoticiaz.com.br\\\/litoralsp\\\/wp-content\\\/uploads\\\/sites\\\/3\\\/2020\\\/11\\\/logo.jpg\",\"contentUrl\":\"https:\\\/\\\/redenoticiaz.com.br\\\/litoralsp\\\/wp-content\\\/uploads\\\/sites\\\/3\\\/2020\\\/11\\\/logo.jpg\",\"width\":400,\"height\":250,\"caption\":\"Litoral SP\"},\"image\":{\"@id\":\"https:\\\/\\\/redenoticiaz.com.br\\\/litoralsp\\\/#\\\/schema\\\/logo\\\/image\\\/\"}},{\"@type\":\"Person\",\"@id\":\"https:\\\/\\\/redenoticiaz.com.br\\\/litoralsp\\\/#\\\/schema\\\/person\\\/1f84d6e94e6a62d2d81199d7503e9e90\",\"name\":\"Carina Reifonas\",\"image\":{\"@type\":\"ImageObject\",\"inLanguage\":\"pt-BR\",\"@id\":\"https:\\\/\\\/secure.gravatar.com\\\/avatar\\\/04c59859b23696cf867715880f81d5c037e60109730bdb4e6670ec2a2245bc97?s=96&d=mm&r=g\",\"url\":\"https:\\\/\\\/secure.gravatar.com\\\/avatar\\\/04c59859b23696cf867715880f81d5c037e60109730bdb4e6670ec2a2245bc97?s=96&d=mm&r=g\",\"contentUrl\":\"https:\\\/\\\/secure.gravatar.com\\\/avatar\\\/04c59859b23696cf867715880f81d5c037e60109730bdb4e6670ec2a2245bc97?s=96&d=mm&r=g\",\"caption\":\"Carina Reifonas\"},\"url\":\"https:\\\/\\\/redenoticiaz.com.br\\\/litoralsp\\\/author\\\/carinareifonas\"}]}<\/script>\n<!-- \/ Yoast SEO plugin. -->","yoast_head_json":{"title":"V\u00cdDEO \u2013 Inacredit\u00e1vel! Homem abre porta de avi\u00e3o em pleno voo com 194 pessoas a bordo - Litoral SP","description":"Um homem surpreendente foi preso na Coreia do Sul ap\u00f3s cometer um ato extremamente perigoso durante um voo.","robots":{"index":"index","follow":"follow","max-snippet":"max-snippet:-1","max-image-preview":"max-image-preview:large","max-video-preview":"max-video-preview:-1"},"canonical":"https:\/\/redenoticiaz.com.br\/litoralsp\/2023\/05\/26\/video-inacreditavel-homem-abre-porta-de-aviao-em-pleno-voo-com-194-pessoas-a-bordo","og_locale":"pt_BR","og_type":"article","og_title":"V\u00cdDEO \u2013 Inacredit\u00e1vel! Homem abre porta de avi\u00e3o em pleno voo com 194 pessoas a bordo - Litoral SP","og_description":"Um homem surpreendente foi preso na Coreia do Sul ap\u00f3s cometer um ato extremamente perigoso durante um voo.","og_url":"https:\/\/redenoticiaz.com.br\/litoralsp\/2023\/05\/26\/video-inacreditavel-homem-abre-porta-de-aviao-em-pleno-voo-com-194-pessoas-a-bordo","og_site_name":"Litoral SP","article_published_time":"2023-05-26T13:50:29+00:00","article_modified_time":"2023-05-26T13:58:32+00:00","og_image":[{"width":644,"height":538,"url":"https:\/\/redenoticiaz.com.br\/litoralsp\/wp-content\/uploads\/sites\/3\/2023\/05\/20230526092222whatsapp_image_2023-05-26_at_09.16.35_1.jpeg","type":"image\/jpeg"}],"author":"Carina Reifonas","twitter_card":"summary_large_image","twitter_misc":{"Escrito por":"Carina Reifonas","Est. tempo de leitura":"1 minuto"},"schema":{"@context":"https:\/\/schema.org","@graph":[{"@type":"Article","@id":"https:\/\/redenoticiaz.com.br\/litoralsp\/2023\/05\/26\/video-inacreditavel-homem-abre-porta-de-aviao-em-pleno-voo-com-194-pessoas-a-bordo#article","isPartOf":{"@id":"https:\/\/redenoticiaz.com.br\/litoralsp\/2023\/05\/26\/video-inacreditavel-homem-abre-porta-de-aviao-em-pleno-voo-com-194-pessoas-a-bordo"},"author":{"name":"Carina Reifonas","@id":"https:\/\/redenoticiaz.com.br\/litoralsp\/#\/schema\/person\/1f84d6e94e6a62d2d81199d7503e9e90"},"headline":"V\u00cdDEO \u2013 Inacredit\u00e1vel! Homem abre porta de avi\u00e3o em pleno voo com 194 pessoas a bordo","datePublished":"2023-05-26T13:50:29+00:00","dateModified":"2023-05-26T13:58:32+00:00","mainEntityOfPage":{"@id":"https:\/\/redenoticiaz.com.br\/litoralsp\/2023\/05\/26\/video-inacreditavel-homem-abre-porta-de-aviao-em-pleno-voo-com-194-pessoas-a-bordo"},"wordCount":177,"commentCount":0,"publisher":{"@id":"https:\/\/redenoticiaz.com.br\/litoralsp\/#organization"},"image":{"@id":"https:\/\/redenoticiaz.com.br\/litoralsp\/2023\/05\/26\/video-inacreditavel-homem-abre-porta-de-aviao-em-pleno-voo-com-194-pessoas-a-bordo#primaryimage"},"thumbnailUrl":"https:\/\/redenoticiaz.com.br\/litoralsp\/wp-content\/uploads\/sites\/3\/2023\/05\/20230526092222whatsapp_image_2023-05-26_at_09.16.35_1.jpeg","keywords":["COREIA DO SUL","homm \u00e9 preso","PASSAGEIROS","porta de avi\u00e3o","VOO"],"articleSection":["Mundo"],"inLanguage":"pt-BR","potentialAction":[{"@type":"CommentAction","name":"Comment","target":["https:\/\/redenoticiaz.com.br\/litoralsp\/2023\/05\/26\/video-inacreditavel-homem-abre-porta-de-aviao-em-pleno-voo-com-194-pessoas-a-bordo#respond"]}]},{"@type":"WebPage","@id":"https:\/\/redenoticiaz.com.br\/litoralsp\/2023\/05\/26\/video-inacreditavel-homem-abre-porta-de-aviao-em-pleno-voo-com-194-pessoas-a-bordo","url":"https:\/\/redenoticiaz.com.br\/litoralsp\/2023\/05\/26\/video-inacreditavel-homem-abre-porta-de-aviao-em-pleno-voo-com-194-pessoas-a-bordo","name":"V\u00cdDEO \u2013 Inacredit\u00e1vel! Homem abre porta de avi\u00e3o em pleno voo com 194 pessoas a bordo - Litoral SP","isPartOf":{"@id":"https:\/\/redenoticiaz.com.br\/litoralsp\/#website"},"primaryImageOfPage":{"@id":"https:\/\/redenoticiaz.com.br\/litoralsp\/2023\/05\/26\/video-inacreditavel-homem-abre-porta-de-aviao-em-pleno-voo-com-194-pessoas-a-bordo#primaryimage"},"image":{"@id":"https:\/\/redenoticiaz.com.br\/litoralsp\/2023\/05\/26\/video-inacreditavel-homem-abre-porta-de-aviao-em-pleno-voo-com-194-pessoas-a-bordo#primaryimage"},"thumbnailUrl":"https:\/\/redenoticiaz.com.br\/litoralsp\/wp-content\/uploads\/sites\/3\/2023\/05\/20230526092222whatsapp_image_2023-05-26_at_09.16.35_1.jpeg","datePublished":"2023-05-26T13:50:29+00:00","dateModified":"2023-05-26T13:58:32+00:00","description":"Um homem surpreendente foi preso na Coreia do Sul ap\u00f3s cometer um ato extremamente perigoso durante um voo.","inLanguage":"pt-BR","potentialAction":[{"@type":"ReadAction","target":["https:\/\/redenoticiaz.com.br\/litoralsp\/2023\/05\/26\/video-inacreditavel-homem-abre-porta-de-aviao-em-pleno-voo-com-194-pessoas-a-bordo"]}]},{"@type":"ImageObject","inLanguage":"pt-BR","@id":"https:\/\/redenoticiaz.com.br\/litoralsp\/2023\/05\/26\/video-inacreditavel-homem-abre-porta-de-aviao-em-pleno-voo-com-194-pessoas-a-bordo#primaryimage","url":"https:\/\/redenoticiaz.com.br\/litoralsp\/wp-content\/uploads\/sites\/3\/2023\/05\/20230526092222whatsapp_image_2023-05-26_at_09.16.35_1.jpeg","contentUrl":"https:\/\/redenoticiaz.com.br\/litoralsp\/wp-content\/uploads\/sites\/3\/2023\/05\/20230526092222whatsapp_image_2023-05-26_at_09.16.35_1.jpeg","width":644,"height":538,"caption":"Homem \u00e9 preso por abrir porta de avi\u00e3o durante o voo na Coreia do Sul. Cr\u00e9dito: Reprodu\u00e7\u00e3o"},{"@type":"WebSite","@id":"https:\/\/redenoticiaz.com.br\/litoralsp\/#website","url":"https:\/\/redenoticiaz.com.br\/litoralsp\/","name":"Litoral SP","description":"Rede NoticiaZ","publisher":{"@id":"https:\/\/redenoticiaz.com.br\/litoralsp\/#organization"},"potentialAction":[{"@type":"SearchAction","target":{"@type":"EntryPoint","urlTemplate":"https:\/\/redenoticiaz.com.br\/litoralsp\/?s={search_term_string}"},"query-input":{"@type":"PropertyValueSpecification","valueRequired":true,"valueName":"search_term_string"}}],"inLanguage":"pt-BR"},{"@type":"Organization","@id":"https:\/\/redenoticiaz.com.br\/litoralsp\/#organization","name":"Litoral SP","url":"https:\/\/redenoticiaz.com.br\/litoralsp\/","logo":{"@type":"ImageObject","inLanguage":"pt-BR","@id":"https:\/\/redenoticiaz.com.br\/litoralsp\/#\/schema\/logo\/image\/","url":"https:\/\/redenoticiaz.com.br\/litoralsp\/wp-content\/uploads\/sites\/3\/2020\/11\/logo.jpg","contentUrl":"https:\/\/redenoticiaz.com.br\/litoralsp\/wp-content\/uploads\/sites\/3\/2020\/11\/logo.jpg","width":400,"height":250,"caption":"Litoral SP"},"image":{"@id":"https:\/\/redenoticiaz.com.br\/litoralsp\/#\/schema\/logo\/image\/"}},{"@type":"Person","@id":"https:\/\/redenoticiaz.com.br\/litoralsp\/#\/schema\/person\/1f84d6e94e6a62d2d81199d7503e9e90","name":"Carina Reifonas","image":{"@type":"ImageObject","inLanguage":"pt-BR","@id":"https:\/\/secure.gravatar.com\/avatar\/04c59859b23696cf867715880f81d5c037e60109730bdb4e6670ec2a2245bc97?s=96&d=mm&r=g","url":"https:\/\/secure.gravatar.com\/avatar\/04c59859b23696cf867715880f81d5c037e60109730bdb4e6670ec2a2245bc97?s=96&d=mm&r=g","contentUrl":"https:\/\/secure.gravatar.com\/avatar\/04c59859b23696cf867715880f81d5c037e60109730bdb4e6670ec2a2245bc97?s=96&d=mm&r=g","caption":"Carina Reifonas"},"url":"https:\/\/redenoticiaz.com.br\/litoralsp\/author\/carinareifonas"}]}},"_links":{"self":[{"href":"https:\/\/redenoticiaz.com.br\/litoralsp\/wp-json\/wp\/v2\/posts\/106372","targetHints":{"allow":["GET"]}}],"collection":[{"href":"https:\/\/redenoticiaz.com.br\/litoralsp\/wp-json\/wp\/v2\/posts"}],"about":[{"href":"https:\/\/redenoticiaz.com.br\/litoralsp\/wp-json\/wp\/v2\/types\/post"}],"author":[{"embeddable":true,"href":"https:\/\/redenoticiaz.com.br\/litoralsp\/wp-json\/wp\/v2\/users\/30"}],"replies":[{"embeddable":true,"href":"https:\/\/redenoticiaz.com.br\/litoralsp\/wp-json\/wp\/v2\/comments?post=106372"}],"version-history":[{"count":2,"href":"https:\/\/redenoticiaz.com.br\/litoralsp\/wp-json\/wp\/v2\/posts\/106372\/revisions"}],"predecessor-version":[{"id":106376,"href":"https:\/\/redenoticiaz.com.br\/litoralsp\/wp-json\/wp\/v2\/posts\/106372\/revisions\/106376"}],"wp:featuredmedia":[{"embeddable":true,"href":"https:\/\/redenoticiaz.com.br\/litoralsp\/wp-json\/wp\/v2\/media\/106373"}],"wp:attachment":[{"href":"https:\/\/redenoticiaz.com.br\/litoralsp\/wp-json\/wp\/v2\/media?parent=106372"}],"wp:term":[{"taxonomy":"category","embeddable":true,"href":"https:\/\/redenoticiaz.com.br\/litoralsp\/wp-json\/wp\/v2\/categories?post=106372"},{"taxonomy":"post_tag","embeddable":true,"href":"https:\/\/redenoticiaz.com.br\/litoralsp\/wp-json\/wp\/v2\/tags?post=106372"}],"curies":[{"name":"wp","href":"https:\/\/api.w.org\/{rel}","templated":true}]}}