{"id":106439,"date":"2023-05-27T18:32:37","date_gmt":"2023-05-27T21:32:37","guid":{"rendered":"https:\/\/redenoticiaz.com.br\/litoralsp\/2023\/05\/27\/brasil-vence-nigeria-e-se-classifica-as-oitavas-do-mundial-sub-20"},"modified":"2023-05-27T18:34:37","modified_gmt":"2023-05-27T21:34:37","slug":"brasil-vence-nigeria-e-se-classifica-as-oitavas-do-mundial-sub-20","status":"publish","type":"post","link":"https:\/\/redenoticiaz.com.br\/litoralsp\/2023\/05\/27\/brasil-vence-nigeria-e-se-classifica-as-oitavas-do-mundial-sub-20","title":{"rendered":"Brasil vence Nig\u00e9ria e se classifica \u00e0s oitavas do Mundial Sub-20"},"content":{"rendered":"<p>A sele\u00e7\u00e3o brasileira Sub-20 venceu a Nig\u00e9ria por 2 a 0 neste s\u00e1bado (27) e avan\u00e7ou \u00e0s oitavas de final do Mundial, na Argentina.<\/p>\n<p>Jean e Marquinhos balan\u00e7aram a rede no primeiro tempo e garantiram a classifica\u00e7\u00e3o do pa\u00eds em primeiro lugar no Grupo D.<\/p>\n<p>J\u00e1 a equipe africana que entrou em campo classificada, na lideran\u00e7a da chave, terminou na terceira posi\u00e7\u00e3o, com seis pontos.<\/p>\n<p>Isto porque o Brasil tamb\u00e9m chegou a seis pontos com o triunfo de hoje, e assumiu o topo da tabela pelo saldo de gols &#8211; sete contra um dos nigerianos.<\/p>\n<p>Pelo mesmo crit\u00e9rio, a It\u00e1lia terminou em segundo lugar (saldo de dois gols), ap\u00f3s derrotar a Rep\u00fablica Dominicana, por 2 a 0, em Mendoza.<\/p>\n<p>O Brasil, comandado pelo t\u00e9cnico Ramon Menezes, voltar\u00e1 a campo na pr\u00f3xima quarta-feira (31), \u00e0s 14h30 (hor\u00e1rio de Bras\u00edlia).<\/p>\n<p>O advers\u00e1rio no mata-mata &#8211; um dos quatro melhores terceiros colocados &#8211; ser\u00e1 definido no encerramento da primeira fase do Mundial.<img decoding=\"async\" src=\"https:\/\/agenciabrasil.ebc.com.br\/ebc.png?id=1535707&amp;o=node\" \/><img decoding=\"async\" src=\"https:\/\/agenciabrasil.ebc.com.br\/ebc.gif?id=1535707&amp;o=node\" \/><\/p>\n<div class=\"twitter-tweet twitter-tweet-rendered\"><iframe id=\"twitter-widget-0\" class=\"\" title=\"Twitter Tweet\" src=\"https:\/\/platform.twitter.com\/embed\/Tweet.html?creatorScreenName=agenciabrasil&amp;dnt=false&amp;embedId=twitter-widget-0&amp;features=eyJ0ZndfdGltZWxpbmVfbGlzdCI6eyJidWNrZXQiOltdLCJ2ZXJzaW9uIjpudWxsfSwidGZ3X2ZvbGxvd2VyX2NvdW50X3N1bnNldCI6eyJidWNrZXQiOnRydWUsInZlcnNpb24iOm51bGx9LCJ0ZndfdHdlZXRfZWRpdF9iYWNrZW5kIjp7ImJ1Y2tldCI6Im9uIiwidmVyc2lvbiI6bnVsbH0sInRmd19yZWZzcmNfc2Vzc2lvbiI6eyJidWNrZXQiOiJvbiIsInZlcnNpb24iOm51bGx9LCJ0ZndfZm9zbnJfc29mdF9pbnRlcnZlbnRpb25zX2VuYWJsZWQiOnsiYnVja2V0Ijoib24iLCJ2ZXJzaW9uIjpudWxsfSwidGZ3X21peGVkX21lZGlhXzE1ODk3Ijp7ImJ1Y2tldCI6InRyZWF0bWVudCIsInZlcnNpb24iOm51bGx9LCJ0ZndfZXhwZXJpbWVudHNfY29va2llX2V4cGlyYXRpb24iOnsiYnVja2V0IjoxMjA5NjAwLCJ2ZXJzaW9uIjpudWxsfSwidGZ3X3Nob3dfYmlyZHdhdGNoX3Bpdm90c19lbmFibGVkIjp7ImJ1Y2tldCI6Im9uIiwidmVyc2lvbiI6bnVsbH0sInRmd19kdXBsaWNhdGVfc2NyaWJlc190b19zZXR0aW5ncyI6eyJidWNrZXQiOiJvbiIsInZlcnNpb24iOm51bGx9LCJ0ZndfdXNlX3Byb2ZpbGVfaW1hZ2Vfc2hhcGVfZW5hYmxlZCI6eyJidWNrZXQiOiJvbiIsInZlcnNpb24iOm51bGx9LCJ0ZndfdmlkZW9faGxzX2R5bmFtaWNfbWFuaWZlc3RzXzE1MDgyIjp7ImJ1Y2tldCI6InRydWVfYml0cmF0ZSIsInZlcnNpb24iOm51bGx9LCJ0ZndfbGVnYWN5X3RpbWVsaW5lX3N1bnNldCI6eyJidWNrZXQiOnRydWUsInZlcnNpb24iOm51bGx9LCJ0ZndfdHdlZXRfZWRpdF9mcm9udGVuZCI6eyJidWNrZXQiOiJvbiIsInZlcnNpb24iOm51bGx9fQ%3D%3D&amp;frame=false&amp;hideCard=false&amp;hideThread=false&amp;id=1662552524635746304&amp;lang=pt&amp;origin=https%3A%2F%2Fagenciabrasil.ebc.com.br%2Fesportes%2Fnoticia%2F2023-05%2Fbrasil-vence-nigeria-e-se-classifica-oitavas-do-mundial-sub-20&amp;sessionId=9eaa004e971f3b7d908ef6c55587bdee661b0a22&amp;siteScreenName=agenciabrasil&amp;theme=light&amp;widgetsVersion=aaf4084522e3a%3A1674595607486&amp;width=550px\" frameborder=\"0\" scrolling=\"no\" allowfullscreen=\"allowfullscreen\"><\/iframe><\/div>\n<p><strong>Leia mais<\/strong><\/p>\n<p><a href=\"https:\/\/redenoticiaz.com.br\/blog\/2023\/05\/21\/termina-o-casamento-de-ex-goleiro-da-selecao-brasileira-com-susana-werner\">Termina o casamento de ex-goleiro da Sele\u00e7\u00e3o Brasileira com Susana Werner<\/a><\/p>\n","protected":false},"excerpt":{"rendered":"<p>A sele\u00e7\u00e3o brasileira Sub-20 venceu a Nig\u00e9ria por 2 a 0 neste s\u00e1bado (27) e avan\u00e7ou \u00e0s oitavas de final do Mundial, na Argentina. Jean e Marquinhos balan\u00e7aram a rede no primeiro tempo e garantiram a classifica\u00e7\u00e3o do pa\u00eds em primeiro lugar no Grupo D. J\u00e1 a equipe africana que entrou em campo classificada, na &hellip;<\/p>\n","protected":false},"author":12,"featured_media":106440,"comment_status":"open","ping_status":"closed","sticky":false,"template":"","format":"standard","meta":{"footnotes":""},"categories":[35],"tags":[173,1219,44275,1220,65442],"class_list":["post-106439","post","type-post","status-publish","format-standard","has-post-thumbnail","hentry","category-esporte","tag-brasil","tag-futebol","tag-mundial","tag-selecao-brasileira","tag-sub-20"],"yoast_head":"<!-- This site is optimized with the Yoast SEO plugin v27.5 - https:\/\/yoast.com\/product\/yoast-seo-wordpress\/ -->\n<title>Brasil vence Nig\u00e9ria e se classifica \u00e0s oitavas do Mundial Sub-20 - Litoral SP<\/title>\n<meta name=\"description\" content=\"A sele\u00e7\u00e3o brasileira Sub-20 venceu a Nig\u00e9ria por 2 a 0 neste s\u00e1bado (27) e avan\u00e7ou \u00e0s oitavas de final do Mundial, na Argentina.\" \/>\n<meta name=\"robots\" content=\"index, follow, max-snippet:-1, max-image-preview:large, max-video-preview:-1\" \/>\n<link rel=\"canonical\" href=\"https:\/\/redenoticiaz.com.br\/litoralsp\/2023\/05\/27\/brasil-vence-nigeria-e-se-classifica-as-oitavas-do-mundial-sub-20\" \/>\n<meta property=\"og:locale\" content=\"pt_BR\" \/>\n<meta property=\"og:type\" content=\"article\" \/>\n<meta property=\"og:title\" content=\"Brasil vence Nig\u00e9ria e se classifica \u00e0s oitavas do Mundial Sub-20 - Litoral SP\" \/>\n<meta property=\"og:description\" content=\"A sele\u00e7\u00e3o brasileira Sub-20 venceu a Nig\u00e9ria por 2 a 0 neste s\u00e1bado (27) e avan\u00e7ou \u00e0s oitavas de final do Mundial, na Argentina.\" \/>\n<meta property=\"og:url\" content=\"https:\/\/redenoticiaz.com.br\/litoralsp\/2023\/05\/27\/brasil-vence-nigeria-e-se-classifica-as-oitavas-do-mundial-sub-20\" \/>\n<meta property=\"og:site_name\" content=\"Litoral SP\" \/>\n<meta property=\"article:published_time\" content=\"2023-05-27T21:32:37+00:00\" \/>\n<meta property=\"article:modified_time\" content=\"2023-05-27T21:34:37+00:00\" \/>\n<meta property=\"og:image\" content=\"https:\/\/redenoticiaz.com.br\/litoralsp\/wp-content\/uploads\/sites\/3\/2023\/05\/marquinhos_selecao_sub_20_brasil.jpg?v=1685223133\" \/>\n\t<meta property=\"og:image:width\" content=\"1170\" \/>\n\t<meta property=\"og:image:height\" content=\"700\" \/>\n\t<meta property=\"og:image:type\" content=\"image\/jpeg\" \/>\n<meta name=\"author\" content=\"Gustavo Silva\" \/>\n<meta name=\"twitter:card\" content=\"summary_large_image\" \/>\n<meta name=\"twitter:label1\" content=\"Escrito por\" \/>\n\t<meta name=\"twitter:data1\" content=\"Gustavo Silva\" \/>\n\t<meta name=\"twitter:label2\" content=\"Est. tempo de leitura\" \/>\n\t<meta name=\"twitter:data2\" content=\"2 minutos\" \/>\n<script type=\"application\/ld+json\" class=\"yoast-schema-graph\">{\"@context\":\"https:\\\/\\\/schema.org\",\"@graph\":[{\"@type\":\"Article\",\"@id\":\"https:\\\/\\\/redenoticiaz.com.br\\\/litoralsp\\\/2023\\\/05\\\/27\\\/brasil-vence-nigeria-e-se-classifica-as-oitavas-do-mundial-sub-20#article\",\"isPartOf\":{\"@id\":\"https:\\\/\\\/redenoticiaz.com.br\\\/litoralsp\\\/2023\\\/05\\\/27\\\/brasil-vence-nigeria-e-se-classifica-as-oitavas-do-mundial-sub-20\"},\"author\":{\"name\":\"Gustavo Silva\",\"@id\":\"https:\\\/\\\/redenoticiaz.com.br\\\/litoralsp\\\/#\\\/schema\\\/person\\\/16057b37a3c0ee6b096d7f887c566e2e\"},\"headline\":\"Brasil vence Nig\u00e9ria e se classifica \u00e0s oitavas do Mundial Sub-20\",\"datePublished\":\"2023-05-27T21:32:37+00:00\",\"dateModified\":\"2023-05-27T21:34:37+00:00\",\"mainEntityOfPage\":{\"@id\":\"https:\\\/\\\/redenoticiaz.com.br\\\/litoralsp\\\/2023\\\/05\\\/27\\\/brasil-vence-nigeria-e-se-classifica-as-oitavas-do-mundial-sub-20\"},\"wordCount\":198,\"commentCount\":0,\"publisher\":{\"@id\":\"https:\\\/\\\/redenoticiaz.com.br\\\/litoralsp\\\/#organization\"},\"image\":{\"@id\":\"https:\\\/\\\/redenoticiaz.com.br\\\/litoralsp\\\/2023\\\/05\\\/27\\\/brasil-vence-nigeria-e-se-classifica-as-oitavas-do-mundial-sub-20#primaryimage\"},\"thumbnailUrl\":\"https:\\\/\\\/redenoticiaz.com.br\\\/litoralsp\\\/wp-content\\\/uploads\\\/sites\\\/3\\\/2023\\\/05\\\/marquinhos_selecao_sub_20_brasil.jpg?v=1685223133\",\"keywords\":[\"Brasil\",\"FUTEBOL\",\"MUNDIAL\",\"Sele\u00e7\u00e3o Brasileira\",\"sub-20\"],\"articleSection\":[\"Esporte\"],\"inLanguage\":\"pt-BR\",\"potentialAction\":[{\"@type\":\"CommentAction\",\"name\":\"Comment\",\"target\":[\"https:\\\/\\\/redenoticiaz.com.br\\\/litoralsp\\\/2023\\\/05\\\/27\\\/brasil-vence-nigeria-e-se-classifica-as-oitavas-do-mundial-sub-20#respond\"]}]},{\"@type\":\"WebPage\",\"@id\":\"https:\\\/\\\/redenoticiaz.com.br\\\/litoralsp\\\/2023\\\/05\\\/27\\\/brasil-vence-nigeria-e-se-classifica-as-oitavas-do-mundial-sub-20\",\"url\":\"https:\\\/\\\/redenoticiaz.com.br\\\/litoralsp\\\/2023\\\/05\\\/27\\\/brasil-vence-nigeria-e-se-classifica-as-oitavas-do-mundial-sub-20\",\"name\":\"Brasil vence Nig\u00e9ria e se classifica \u00e0s oitavas do Mundial Sub-20 - Litoral SP\",\"isPartOf\":{\"@id\":\"https:\\\/\\\/redenoticiaz.com.br\\\/litoralsp\\\/#website\"},\"primaryImageOfPage\":{\"@id\":\"https:\\\/\\\/redenoticiaz.com.br\\\/litoralsp\\\/2023\\\/05\\\/27\\\/brasil-vence-nigeria-e-se-classifica-as-oitavas-do-mundial-sub-20#primaryimage\"},\"image\":{\"@id\":\"https:\\\/\\\/redenoticiaz.com.br\\\/litoralsp\\\/2023\\\/05\\\/27\\\/brasil-vence-nigeria-e-se-classifica-as-oitavas-do-mundial-sub-20#primaryimage\"},\"thumbnailUrl\":\"https:\\\/\\\/redenoticiaz.com.br\\\/litoralsp\\\/wp-content\\\/uploads\\\/sites\\\/3\\\/2023\\\/05\\\/marquinhos_selecao_sub_20_brasil.jpg?v=1685223133\",\"datePublished\":\"2023-05-27T21:32:37+00:00\",\"dateModified\":\"2023-05-27T21:34:37+00:00\",\"description\":\"A sele\u00e7\u00e3o brasileira Sub-20 venceu a Nig\u00e9ria por 2 a 0 neste s\u00e1bado (27) e avan\u00e7ou \u00e0s oitavas de final do Mundial, na Argentina.\",\"inLanguage\":\"pt-BR\",\"potentialAction\":[{\"@type\":\"ReadAction\",\"target\":[\"https:\\\/\\\/redenoticiaz.com.br\\\/litoralsp\\\/2023\\\/05\\\/27\\\/brasil-vence-nigeria-e-se-classifica-as-oitavas-do-mundial-sub-20\"]}]},{\"@type\":\"ImageObject\",\"inLanguage\":\"pt-BR\",\"@id\":\"https:\\\/\\\/redenoticiaz.com.br\\\/litoralsp\\\/2023\\\/05\\\/27\\\/brasil-vence-nigeria-e-se-classifica-as-oitavas-do-mundial-sub-20#primaryimage\",\"url\":\"https:\\\/\\\/redenoticiaz.com.br\\\/litoralsp\\\/wp-content\\\/uploads\\\/sites\\\/3\\\/2023\\\/05\\\/marquinhos_selecao_sub_20_brasil.jpg?v=1685223133\",\"contentUrl\":\"https:\\\/\\\/redenoticiaz.com.br\\\/litoralsp\\\/wp-content\\\/uploads\\\/sites\\\/3\\\/2023\\\/05\\\/marquinhos_selecao_sub_20_brasil.jpg?v=1685223133\",\"width\":1170,\"height\":700,\"caption\":\"Brasil vence Nig\u00e9ria e se classifica \u00e0s oitavas do Mundial Sub-20\"},{\"@type\":\"WebSite\",\"@id\":\"https:\\\/\\\/redenoticiaz.com.br\\\/litoralsp\\\/#website\",\"url\":\"https:\\\/\\\/redenoticiaz.com.br\\\/litoralsp\\\/\",\"name\":\"Litoral SP\",\"description\":\"Rede NoticiaZ\",\"publisher\":{\"@id\":\"https:\\\/\\\/redenoticiaz.com.br\\\/litoralsp\\\/#organization\"},\"potentialAction\":[{\"@type\":\"SearchAction\",\"target\":{\"@type\":\"EntryPoint\",\"urlTemplate\":\"https:\\\/\\\/redenoticiaz.com.br\\\/litoralsp\\\/?s={search_term_string}\"},\"query-input\":{\"@type\":\"PropertyValueSpecification\",\"valueRequired\":true,\"valueName\":\"search_term_string\"}}],\"inLanguage\":\"pt-BR\"},{\"@type\":\"Organization\",\"@id\":\"https:\\\/\\\/redenoticiaz.com.br\\\/litoralsp\\\/#organization\",\"name\":\"Litoral SP\",\"url\":\"https:\\\/\\\/redenoticiaz.com.br\\\/litoralsp\\\/\",\"logo\":{\"@type\":\"ImageObject\",\"inLanguage\":\"pt-BR\",\"@id\":\"https:\\\/\\\/redenoticiaz.com.br\\\/litoralsp\\\/#\\\/schema\\\/logo\\\/image\\\/\",\"url\":\"https:\\\/\\\/redenoticiaz.com.br\\\/litoralsp\\\/wp-content\\\/uploads\\\/sites\\\/3\\\/2020\\\/11\\\/logo.jpg\",\"contentUrl\":\"https:\\\/\\\/redenoticiaz.com.br\\\/litoralsp\\\/wp-content\\\/uploads\\\/sites\\\/3\\\/2020\\\/11\\\/logo.jpg\",\"width\":400,\"height\":250,\"caption\":\"Litoral SP\"},\"image\":{\"@id\":\"https:\\\/\\\/redenoticiaz.com.br\\\/litoralsp\\\/#\\\/schema\\\/logo\\\/image\\\/\"}},{\"@type\":\"Person\",\"@id\":\"https:\\\/\\\/redenoticiaz.com.br\\\/litoralsp\\\/#\\\/schema\\\/person\\\/16057b37a3c0ee6b096d7f887c566e2e\",\"name\":\"Gustavo Silva\",\"image\":{\"@type\":\"ImageObject\",\"inLanguage\":\"pt-BR\",\"@id\":\"https:\\\/\\\/secure.gravatar.com\\\/avatar\\\/3ee4e82f93b26de0a7cf4ea5eb7893da637ed6bb0c9170c58065944c56e28a33?s=96&d=mm&r=g\",\"url\":\"https:\\\/\\\/secure.gravatar.com\\\/avatar\\\/3ee4e82f93b26de0a7cf4ea5eb7893da637ed6bb0c9170c58065944c56e28a33?s=96&d=mm&r=g\",\"contentUrl\":\"https:\\\/\\\/secure.gravatar.com\\\/avatar\\\/3ee4e82f93b26de0a7cf4ea5eb7893da637ed6bb0c9170c58065944c56e28a33?s=96&d=mm&r=g\",\"caption\":\"Gustavo Silva\"},\"url\":\"https:\\\/\\\/redenoticiaz.com.br\\\/litoralsp\\\/author\\\/gustavosilva\"}]}<\/script>\n<!-- \/ Yoast SEO plugin. -->","yoast_head_json":{"title":"Brasil vence Nig\u00e9ria e se classifica \u00e0s oitavas do Mundial Sub-20 - Litoral SP","description":"A sele\u00e7\u00e3o brasileira Sub-20 venceu a Nig\u00e9ria por 2 a 0 neste s\u00e1bado (27) e avan\u00e7ou \u00e0s oitavas de final do Mundial, na Argentina.","robots":{"index":"index","follow":"follow","max-snippet":"max-snippet:-1","max-image-preview":"max-image-preview:large","max-video-preview":"max-video-preview:-1"},"canonical":"https:\/\/redenoticiaz.com.br\/litoralsp\/2023\/05\/27\/brasil-vence-nigeria-e-se-classifica-as-oitavas-do-mundial-sub-20","og_locale":"pt_BR","og_type":"article","og_title":"Brasil vence Nig\u00e9ria e se classifica \u00e0s oitavas do Mundial Sub-20 - Litoral SP","og_description":"A sele\u00e7\u00e3o brasileira Sub-20 venceu a Nig\u00e9ria por 2 a 0 neste s\u00e1bado (27) e avan\u00e7ou \u00e0s oitavas de final do Mundial, na Argentina.","og_url":"https:\/\/redenoticiaz.com.br\/litoralsp\/2023\/05\/27\/brasil-vence-nigeria-e-se-classifica-as-oitavas-do-mundial-sub-20","og_site_name":"Litoral SP","article_published_time":"2023-05-27T21:32:37+00:00","article_modified_time":"2023-05-27T21:34:37+00:00","og_image":[{"width":1170,"height":700,"url":"https:\/\/redenoticiaz.com.br\/litoralsp\/wp-content\/uploads\/sites\/3\/2023\/05\/marquinhos_selecao_sub_20_brasil.jpg?v=1685223133","type":"image\/jpeg"}],"author":"Gustavo Silva","twitter_card":"summary_large_image","twitter_misc":{"Escrito por":"Gustavo Silva","Est. tempo de leitura":"2 minutos"},"schema":{"@context":"https:\/\/schema.org","@graph":[{"@type":"Article","@id":"https:\/\/redenoticiaz.com.br\/litoralsp\/2023\/05\/27\/brasil-vence-nigeria-e-se-classifica-as-oitavas-do-mundial-sub-20#article","isPartOf":{"@id":"https:\/\/redenoticiaz.com.br\/litoralsp\/2023\/05\/27\/brasil-vence-nigeria-e-se-classifica-as-oitavas-do-mundial-sub-20"},"author":{"name":"Gustavo Silva","@id":"https:\/\/redenoticiaz.com.br\/litoralsp\/#\/schema\/person\/16057b37a3c0ee6b096d7f887c566e2e"},"headline":"Brasil vence Nig\u00e9ria e se classifica \u00e0s oitavas do Mundial Sub-20","datePublished":"2023-05-27T21:32:37+00:00","dateModified":"2023-05-27T21:34:37+00:00","mainEntityOfPage":{"@id":"https:\/\/redenoticiaz.com.br\/litoralsp\/2023\/05\/27\/brasil-vence-nigeria-e-se-classifica-as-oitavas-do-mundial-sub-20"},"wordCount":198,"commentCount":0,"publisher":{"@id":"https:\/\/redenoticiaz.com.br\/litoralsp\/#organization"},"image":{"@id":"https:\/\/redenoticiaz.com.br\/litoralsp\/2023\/05\/27\/brasil-vence-nigeria-e-se-classifica-as-oitavas-do-mundial-sub-20#primaryimage"},"thumbnailUrl":"https:\/\/redenoticiaz.com.br\/litoralsp\/wp-content\/uploads\/sites\/3\/2023\/05\/marquinhos_selecao_sub_20_brasil.jpg?v=1685223133","keywords":["Brasil","FUTEBOL","MUNDIAL","Sele\u00e7\u00e3o Brasileira","sub-20"],"articleSection":["Esporte"],"inLanguage":"pt-BR","potentialAction":[{"@type":"CommentAction","name":"Comment","target":["https:\/\/redenoticiaz.com.br\/litoralsp\/2023\/05\/27\/brasil-vence-nigeria-e-se-classifica-as-oitavas-do-mundial-sub-20#respond"]}]},{"@type":"WebPage","@id":"https:\/\/redenoticiaz.com.br\/litoralsp\/2023\/05\/27\/brasil-vence-nigeria-e-se-classifica-as-oitavas-do-mundial-sub-20","url":"https:\/\/redenoticiaz.com.br\/litoralsp\/2023\/05\/27\/brasil-vence-nigeria-e-se-classifica-as-oitavas-do-mundial-sub-20","name":"Brasil vence Nig\u00e9ria e se classifica \u00e0s oitavas do Mundial Sub-20 - Litoral SP","isPartOf":{"@id":"https:\/\/redenoticiaz.com.br\/litoralsp\/#website"},"primaryImageOfPage":{"@id":"https:\/\/redenoticiaz.com.br\/litoralsp\/2023\/05\/27\/brasil-vence-nigeria-e-se-classifica-as-oitavas-do-mundial-sub-20#primaryimage"},"image":{"@id":"https:\/\/redenoticiaz.com.br\/litoralsp\/2023\/05\/27\/brasil-vence-nigeria-e-se-classifica-as-oitavas-do-mundial-sub-20#primaryimage"},"thumbnailUrl":"https:\/\/redenoticiaz.com.br\/litoralsp\/wp-content\/uploads\/sites\/3\/2023\/05\/marquinhos_selecao_sub_20_brasil.jpg?v=1685223133","datePublished":"2023-05-27T21:32:37+00:00","dateModified":"2023-05-27T21:34:37+00:00","description":"A sele\u00e7\u00e3o brasileira Sub-20 venceu a Nig\u00e9ria por 2 a 0 neste s\u00e1bado (27) e avan\u00e7ou \u00e0s oitavas de final do Mundial, na Argentina.","inLanguage":"pt-BR","potentialAction":[{"@type":"ReadAction","target":["https:\/\/redenoticiaz.com.br\/litoralsp\/2023\/05\/27\/brasil-vence-nigeria-e-se-classifica-as-oitavas-do-mundial-sub-20"]}]},{"@type":"ImageObject","inLanguage":"pt-BR","@id":"https:\/\/redenoticiaz.com.br\/litoralsp\/2023\/05\/27\/brasil-vence-nigeria-e-se-classifica-as-oitavas-do-mundial-sub-20#primaryimage","url":"https:\/\/redenoticiaz.com.br\/litoralsp\/wp-content\/uploads\/sites\/3\/2023\/05\/marquinhos_selecao_sub_20_brasil.jpg?v=1685223133","contentUrl":"https:\/\/redenoticiaz.com.br\/litoralsp\/wp-content\/uploads\/sites\/3\/2023\/05\/marquinhos_selecao_sub_20_brasil.jpg?v=1685223133","width":1170,"height":700,"caption":"Brasil vence Nig\u00e9ria e se classifica \u00e0s oitavas do Mundial Sub-20"},{"@type":"WebSite","@id":"https:\/\/redenoticiaz.com.br\/litoralsp\/#website","url":"https:\/\/redenoticiaz.com.br\/litoralsp\/","name":"Litoral SP","description":"Rede NoticiaZ","publisher":{"@id":"https:\/\/redenoticiaz.com.br\/litoralsp\/#organization"},"potentialAction":[{"@type":"SearchAction","target":{"@type":"EntryPoint","urlTemplate":"https:\/\/redenoticiaz.com.br\/litoralsp\/?s={search_term_string}"},"query-input":{"@type":"PropertyValueSpecification","valueRequired":true,"valueName":"search_term_string"}}],"inLanguage":"pt-BR"},{"@type":"Organization","@id":"https:\/\/redenoticiaz.com.br\/litoralsp\/#organization","name":"Litoral SP","url":"https:\/\/redenoticiaz.com.br\/litoralsp\/","logo":{"@type":"ImageObject","inLanguage":"pt-BR","@id":"https:\/\/redenoticiaz.com.br\/litoralsp\/#\/schema\/logo\/image\/","url":"https:\/\/redenoticiaz.com.br\/litoralsp\/wp-content\/uploads\/sites\/3\/2020\/11\/logo.jpg","contentUrl":"https:\/\/redenoticiaz.com.br\/litoralsp\/wp-content\/uploads\/sites\/3\/2020\/11\/logo.jpg","width":400,"height":250,"caption":"Litoral SP"},"image":{"@id":"https:\/\/redenoticiaz.com.br\/litoralsp\/#\/schema\/logo\/image\/"}},{"@type":"Person","@id":"https:\/\/redenoticiaz.com.br\/litoralsp\/#\/schema\/person\/16057b37a3c0ee6b096d7f887c566e2e","name":"Gustavo Silva","image":{"@type":"ImageObject","inLanguage":"pt-BR","@id":"https:\/\/secure.gravatar.com\/avatar\/3ee4e82f93b26de0a7cf4ea5eb7893da637ed6bb0c9170c58065944c56e28a33?s=96&d=mm&r=g","url":"https:\/\/secure.gravatar.com\/avatar\/3ee4e82f93b26de0a7cf4ea5eb7893da637ed6bb0c9170c58065944c56e28a33?s=96&d=mm&r=g","contentUrl":"https:\/\/secure.gravatar.com\/avatar\/3ee4e82f93b26de0a7cf4ea5eb7893da637ed6bb0c9170c58065944c56e28a33?s=96&d=mm&r=g","caption":"Gustavo Silva"},"url":"https:\/\/redenoticiaz.com.br\/litoralsp\/author\/gustavosilva"}]}},"_links":{"self":[{"href":"https:\/\/redenoticiaz.com.br\/litoralsp\/wp-json\/wp\/v2\/posts\/106439","targetHints":{"allow":["GET"]}}],"collection":[{"href":"https:\/\/redenoticiaz.com.br\/litoralsp\/wp-json\/wp\/v2\/posts"}],"about":[{"href":"https:\/\/redenoticiaz.com.br\/litoralsp\/wp-json\/wp\/v2\/types\/post"}],"author":[{"embeddable":true,"href":"https:\/\/redenoticiaz.com.br\/litoralsp\/wp-json\/wp\/v2\/users\/12"}],"replies":[{"embeddable":true,"href":"https:\/\/redenoticiaz.com.br\/litoralsp\/wp-json\/wp\/v2\/comments?post=106439"}],"version-history":[{"count":0,"href":"https:\/\/redenoticiaz.com.br\/litoralsp\/wp-json\/wp\/v2\/posts\/106439\/revisions"}],"wp:featuredmedia":[{"embeddable":true,"href":"https:\/\/redenoticiaz.com.br\/litoralsp\/wp-json\/wp\/v2\/media\/106440"}],"wp:attachment":[{"href":"https:\/\/redenoticiaz.com.br\/litoralsp\/wp-json\/wp\/v2\/media?parent=106439"}],"wp:term":[{"taxonomy":"category","embeddable":true,"href":"https:\/\/redenoticiaz.com.br\/litoralsp\/wp-json\/wp\/v2\/categories?post=106439"},{"taxonomy":"post_tag","embeddable":true,"href":"https:\/\/redenoticiaz.com.br\/litoralsp\/wp-json\/wp\/v2\/tags?post=106439"}],"curies":[{"name":"wp","href":"https:\/\/api.w.org\/{rel}","templated":true}]}}