{"id":106447,"date":"2023-05-28T12:27:49","date_gmt":"2023-05-28T15:27:49","guid":{"rendered":"https:\/\/redenoticiaz.com.br\/litoralsp\/?p=106447"},"modified":"2023-05-28T12:29:05","modified_gmt":"2023-05-28T15:29:05","slug":"colisao-faz-duas-vitimas-fatais-e-quatro-pessoas-ficam-feridas","status":"publish","type":"post","link":"https:\/\/redenoticiaz.com.br\/litoralsp\/2023\/05\/28\/colisao-faz-duas-vitimas-fatais-e-quatro-pessoas-ficam-feridas","title":{"rendered":"Colis\u00e3o faz duas v\u00edtimas fatais e quatro pessoas ficam feridas"},"content":{"rendered":"<div id=\"chunk-akqm\">\n<div class=\"mc-column content-text active-extra-styles \" data-block-type=\"unstyled\" data-block-weight=\"39\" data-block-id=\"3\">\n<div class=\"title\" data-block-type=\"title\" data-block-id=\"0\">\n<p class=\"content-head__title\">Uma colis\u00e3o deixou duas pessoas mortas e mais quatro v\u00edtimas feridas na rodovia R\u00e9gis Bittencourt, na altura do munic\u00edpio de Registro, no interior de S\u00e3o Paulo.<\/p>\n<p>O caso foi registrado por volta de 19h30 deste s\u00e1bado (27) quando tr\u00eas ve\u00edculos, sendo um deles uma viatura da pol\u00edcia colidiram.<\/p>\n<p>Ainda n\u00e3o se sabe precisar o que pode ter causado o acidente que vitimou uma mulher de 39 anos e um homem de 42.<\/p>\n<p>Sendo assim, uma manobra na pista efetuada de forma err\u00f4nea pode ser a causa do acidente, j\u00e1 que a viatura n\u00e3o conseguiu desviar.<\/p>\n<p>Por fim, as v\u00edtimas foram encaminhadas para o Hospital Regional de Registro.<\/p>\n<\/div>\n<\/div>\n<\/div>\n<div class=\"wall protected-content\">\n<div id=\"chunk-m401\">\n<div class=\"mc-column content-text active-extra-styles \" data-block-type=\"unstyled\" data-block-weight=\"62\" data-block-id=\"5\">\n<div id=\"chunk-7v2em\">\n<div class=\"mc-column content-text active-extra-styles \" data-block-type=\"unstyled\" data-block-weight=\"37\" data-block-id=\"9\">\n<p class=\"content-text__container \" data-track-category=\"Link no Texto\" data-track-links=\"\"><strong>Leia mais<\/strong><\/p>\n<p data-track-category=\"Link no Texto\" data-track-links=\"\"><a href=\"https:\/\/redenoticiaz.com.br\/litoralsp\/2023\/05\/23\/registro-ira-instalar-60-cameras-de-monitoramento-na-cidade\">Registro ir\u00e1 instalar 60 c\u00e2meras de monitoramento na cidade<\/a><\/p>\n<\/div>\n<\/div>\n<\/div>\n<\/div>\n<\/div>\n","protected":false},"excerpt":{"rendered":"<p>Uma colis\u00e3o deixou duas pessoas mortas e mais quatro v\u00edtimas feridas na rodovia R\u00e9gis Bittencourt, na altura do munic\u00edpio de Registro, no interior de S\u00e3o Paulo. O caso foi registrado por volta de 19h30 deste s\u00e1bado (27) quando tr\u00eas ve\u00edculos, sendo um deles uma viatura da pol\u00edcia colidiram. Ainda n\u00e3o se sabe precisar o que &hellip;<\/p>\n","protected":false},"author":12,"featured_media":106448,"comment_status":"open","ping_status":"closed","sticky":false,"template":"","format":"standard","meta":{"footnotes":""},"categories":[2,10],"tags":[7,31292,6733,41092,32645],"class_list":["post-106447","post","type-post","status-publish","format-standard","has-post-thumbnail","hentry","category-cidades","category-policia","tag-acidente","tag-colisao","tag-registro","tag-rodovia-regis-bittencourt","tag-vitimas"],"yoast_head":"<!-- This site is optimized with the Yoast SEO plugin v27.5 - https:\/\/yoast.com\/product\/yoast-seo-wordpress\/ -->\n<title>Colis\u00e3o faz duas v\u00edtimas fatais e quatro pessoas ficam feridas - Litoral SP<\/title>\n<meta name=\"description\" content=\"Uma colis\u00e3o deixou duas pessoas mortas e mais quatro v\u00edtimas feridas na rodovia R\u00e9gis Bittencourt, na altura do munic\u00edpio de Registro, no interior de S\u00e3o Paulo.\" \/>\n<meta name=\"robots\" content=\"index, follow, max-snippet:-1, max-image-preview:large, max-video-preview:-1\" \/>\n<link rel=\"canonical\" href=\"https:\/\/redenoticiaz.com.br\/litoralsp\/2023\/05\/28\/colisao-faz-duas-vitimas-fatais-e-quatro-pessoas-ficam-feridas\" \/>\n<meta property=\"og:locale\" content=\"pt_BR\" \/>\n<meta property=\"og:type\" content=\"article\" \/>\n<meta property=\"og:title\" content=\"Colis\u00e3o faz duas v\u00edtimas fatais e quatro pessoas ficam feridas - Litoral SP\" \/>\n<meta property=\"og:description\" content=\"Uma colis\u00e3o deixou duas pessoas mortas e mais quatro v\u00edtimas feridas na rodovia R\u00e9gis Bittencourt, na altura do munic\u00edpio de Registro, no interior de S\u00e3o Paulo.\" \/>\n<meta property=\"og:url\" content=\"https:\/\/redenoticiaz.com.br\/litoralsp\/2023\/05\/28\/colisao-faz-duas-vitimas-fatais-e-quatro-pessoas-ficam-feridas\" \/>\n<meta property=\"og:site_name\" content=\"Litoral SP\" \/>\n<meta property=\"article:published_time\" content=\"2023-05-28T15:27:49+00:00\" \/>\n<meta property=\"article:modified_time\" content=\"2023-05-28T15:29:05+00:00\" \/>\n<meta property=\"og:image\" content=\"https:\/\/redenoticiaz.com.br\/litoralsp\/wp-content\/uploads\/sites\/3\/2023\/05\/whatsapp-image-2023-05-27-at-20.13.22.jpg\" \/>\n\t<meta property=\"og:image:width\" content=\"984\" \/>\n\t<meta property=\"og:image:height\" content=\"554\" \/>\n\t<meta property=\"og:image:type\" content=\"image\/jpeg\" \/>\n<meta name=\"author\" content=\"Gustavo Silva\" \/>\n<meta name=\"twitter:card\" content=\"summary_large_image\" \/>\n<meta name=\"twitter:label1\" content=\"Escrito por\" \/>\n\t<meta name=\"twitter:data1\" content=\"Gustavo Silva\" \/>\n\t<meta name=\"twitter:label2\" content=\"Est. tempo de leitura\" \/>\n\t<meta name=\"twitter:data2\" content=\"1 minuto\" \/>\n<script type=\"application\/ld+json\" class=\"yoast-schema-graph\">{\"@context\":\"https:\\\/\\\/schema.org\",\"@graph\":[{\"@type\":\"Article\",\"@id\":\"https:\\\/\\\/redenoticiaz.com.br\\\/litoralsp\\\/2023\\\/05\\\/28\\\/colisao-faz-duas-vitimas-fatais-e-quatro-pessoas-ficam-feridas#article\",\"isPartOf\":{\"@id\":\"https:\\\/\\\/redenoticiaz.com.br\\\/litoralsp\\\/2023\\\/05\\\/28\\\/colisao-faz-duas-vitimas-fatais-e-quatro-pessoas-ficam-feridas\"},\"author\":{\"name\":\"Gustavo Silva\",\"@id\":\"https:\\\/\\\/redenoticiaz.com.br\\\/litoralsp\\\/#\\\/schema\\\/person\\\/16057b37a3c0ee6b096d7f887c566e2e\"},\"headline\":\"Colis\u00e3o faz duas v\u00edtimas fatais e quatro pessoas ficam feridas\",\"datePublished\":\"2023-05-28T15:27:49+00:00\",\"dateModified\":\"2023-05-28T15:29:05+00:00\",\"mainEntityOfPage\":{\"@id\":\"https:\\\/\\\/redenoticiaz.com.br\\\/litoralsp\\\/2023\\\/05\\\/28\\\/colisao-faz-duas-vitimas-fatais-e-quatro-pessoas-ficam-feridas\"},\"wordCount\":140,\"commentCount\":0,\"publisher\":{\"@id\":\"https:\\\/\\\/redenoticiaz.com.br\\\/litoralsp\\\/#organization\"},\"image\":{\"@id\":\"https:\\\/\\\/redenoticiaz.com.br\\\/litoralsp\\\/2023\\\/05\\\/28\\\/colisao-faz-duas-vitimas-fatais-e-quatro-pessoas-ficam-feridas#primaryimage\"},\"thumbnailUrl\":\"https:\\\/\\\/redenoticiaz.com.br\\\/litoralsp\\\/wp-content\\\/uploads\\\/sites\\\/3\\\/2023\\\/05\\\/whatsapp-image-2023-05-27-at-20.13.22.jpg\",\"keywords\":[\"acidente\",\"COLIS\u00c3O\",\"REGISTRO\",\"RODOVIA R\u00c9GIS BITTENCOURT\",\"V\u00cdTIMAS\"],\"articleSection\":[\"Cidades\",\"Pol\u00edcia\"],\"inLanguage\":\"pt-BR\",\"potentialAction\":[{\"@type\":\"CommentAction\",\"name\":\"Comment\",\"target\":[\"https:\\\/\\\/redenoticiaz.com.br\\\/litoralsp\\\/2023\\\/05\\\/28\\\/colisao-faz-duas-vitimas-fatais-e-quatro-pessoas-ficam-feridas#respond\"]}]},{\"@type\":\"WebPage\",\"@id\":\"https:\\\/\\\/redenoticiaz.com.br\\\/litoralsp\\\/2023\\\/05\\\/28\\\/colisao-faz-duas-vitimas-fatais-e-quatro-pessoas-ficam-feridas\",\"url\":\"https:\\\/\\\/redenoticiaz.com.br\\\/litoralsp\\\/2023\\\/05\\\/28\\\/colisao-faz-duas-vitimas-fatais-e-quatro-pessoas-ficam-feridas\",\"name\":\"Colis\u00e3o faz duas v\u00edtimas fatais e quatro pessoas ficam feridas - Litoral SP\",\"isPartOf\":{\"@id\":\"https:\\\/\\\/redenoticiaz.com.br\\\/litoralsp\\\/#website\"},\"primaryImageOfPage\":{\"@id\":\"https:\\\/\\\/redenoticiaz.com.br\\\/litoralsp\\\/2023\\\/05\\\/28\\\/colisao-faz-duas-vitimas-fatais-e-quatro-pessoas-ficam-feridas#primaryimage\"},\"image\":{\"@id\":\"https:\\\/\\\/redenoticiaz.com.br\\\/litoralsp\\\/2023\\\/05\\\/28\\\/colisao-faz-duas-vitimas-fatais-e-quatro-pessoas-ficam-feridas#primaryimage\"},\"thumbnailUrl\":\"https:\\\/\\\/redenoticiaz.com.br\\\/litoralsp\\\/wp-content\\\/uploads\\\/sites\\\/3\\\/2023\\\/05\\\/whatsapp-image-2023-05-27-at-20.13.22.jpg\",\"datePublished\":\"2023-05-28T15:27:49+00:00\",\"dateModified\":\"2023-05-28T15:29:05+00:00\",\"description\":\"Uma colis\u00e3o deixou duas pessoas mortas e mais quatro v\u00edtimas feridas na rodovia R\u00e9gis Bittencourt, na altura do munic\u00edpio de Registro, no interior de S\u00e3o Paulo.\",\"inLanguage\":\"pt-BR\",\"potentialAction\":[{\"@type\":\"ReadAction\",\"target\":[\"https:\\\/\\\/redenoticiaz.com.br\\\/litoralsp\\\/2023\\\/05\\\/28\\\/colisao-faz-duas-vitimas-fatais-e-quatro-pessoas-ficam-feridas\"]}]},{\"@type\":\"ImageObject\",\"inLanguage\":\"pt-BR\",\"@id\":\"https:\\\/\\\/redenoticiaz.com.br\\\/litoralsp\\\/2023\\\/05\\\/28\\\/colisao-faz-duas-vitimas-fatais-e-quatro-pessoas-ficam-feridas#primaryimage\",\"url\":\"https:\\\/\\\/redenoticiaz.com.br\\\/litoralsp\\\/wp-content\\\/uploads\\\/sites\\\/3\\\/2023\\\/05\\\/whatsapp-image-2023-05-27-at-20.13.22.jpg\",\"contentUrl\":\"https:\\\/\\\/redenoticiaz.com.br\\\/litoralsp\\\/wp-content\\\/uploads\\\/sites\\\/3\\\/2023\\\/05\\\/whatsapp-image-2023-05-27-at-20.13.22.jpg\",\"width\":984,\"height\":554,\"caption\":\"Colis\u00e3o faz duas v\u00edtimas fatais e quatro pessoas ficam feridas\"},{\"@type\":\"WebSite\",\"@id\":\"https:\\\/\\\/redenoticiaz.com.br\\\/litoralsp\\\/#website\",\"url\":\"https:\\\/\\\/redenoticiaz.com.br\\\/litoralsp\\\/\",\"name\":\"Litoral SP\",\"description\":\"Rede NoticiaZ\",\"publisher\":{\"@id\":\"https:\\\/\\\/redenoticiaz.com.br\\\/litoralsp\\\/#organization\"},\"potentialAction\":[{\"@type\":\"SearchAction\",\"target\":{\"@type\":\"EntryPoint\",\"urlTemplate\":\"https:\\\/\\\/redenoticiaz.com.br\\\/litoralsp\\\/?s={search_term_string}\"},\"query-input\":{\"@type\":\"PropertyValueSpecification\",\"valueRequired\":true,\"valueName\":\"search_term_string\"}}],\"inLanguage\":\"pt-BR\"},{\"@type\":\"Organization\",\"@id\":\"https:\\\/\\\/redenoticiaz.com.br\\\/litoralsp\\\/#organization\",\"name\":\"Litoral SP\",\"url\":\"https:\\\/\\\/redenoticiaz.com.br\\\/litoralsp\\\/\",\"logo\":{\"@type\":\"ImageObject\",\"inLanguage\":\"pt-BR\",\"@id\":\"https:\\\/\\\/redenoticiaz.com.br\\\/litoralsp\\\/#\\\/schema\\\/logo\\\/image\\\/\",\"url\":\"https:\\\/\\\/redenoticiaz.com.br\\\/litoralsp\\\/wp-content\\\/uploads\\\/sites\\\/3\\\/2020\\\/11\\\/logo.jpg\",\"contentUrl\":\"https:\\\/\\\/redenoticiaz.com.br\\\/litoralsp\\\/wp-content\\\/uploads\\\/sites\\\/3\\\/2020\\\/11\\\/logo.jpg\",\"width\":400,\"height\":250,\"caption\":\"Litoral SP\"},\"image\":{\"@id\":\"https:\\\/\\\/redenoticiaz.com.br\\\/litoralsp\\\/#\\\/schema\\\/logo\\\/image\\\/\"}},{\"@type\":\"Person\",\"@id\":\"https:\\\/\\\/redenoticiaz.com.br\\\/litoralsp\\\/#\\\/schema\\\/person\\\/16057b37a3c0ee6b096d7f887c566e2e\",\"name\":\"Gustavo Silva\",\"image\":{\"@type\":\"ImageObject\",\"inLanguage\":\"pt-BR\",\"@id\":\"https:\\\/\\\/secure.gravatar.com\\\/avatar\\\/3ee4e82f93b26de0a7cf4ea5eb7893da637ed6bb0c9170c58065944c56e28a33?s=96&d=mm&r=g\",\"url\":\"https:\\\/\\\/secure.gravatar.com\\\/avatar\\\/3ee4e82f93b26de0a7cf4ea5eb7893da637ed6bb0c9170c58065944c56e28a33?s=96&d=mm&r=g\",\"contentUrl\":\"https:\\\/\\\/secure.gravatar.com\\\/avatar\\\/3ee4e82f93b26de0a7cf4ea5eb7893da637ed6bb0c9170c58065944c56e28a33?s=96&d=mm&r=g\",\"caption\":\"Gustavo Silva\"},\"url\":\"https:\\\/\\\/redenoticiaz.com.br\\\/litoralsp\\\/author\\\/gustavosilva\"}]}<\/script>\n<!-- \/ Yoast SEO plugin. -->","yoast_head_json":{"title":"Colis\u00e3o faz duas v\u00edtimas fatais e quatro pessoas ficam feridas - Litoral SP","description":"Uma colis\u00e3o deixou duas pessoas mortas e mais quatro v\u00edtimas feridas na rodovia R\u00e9gis Bittencourt, na altura do munic\u00edpio de Registro, no interior de S\u00e3o Paulo.","robots":{"index":"index","follow":"follow","max-snippet":"max-snippet:-1","max-image-preview":"max-image-preview:large","max-video-preview":"max-video-preview:-1"},"canonical":"https:\/\/redenoticiaz.com.br\/litoralsp\/2023\/05\/28\/colisao-faz-duas-vitimas-fatais-e-quatro-pessoas-ficam-feridas","og_locale":"pt_BR","og_type":"article","og_title":"Colis\u00e3o faz duas v\u00edtimas fatais e quatro pessoas ficam feridas - Litoral SP","og_description":"Uma colis\u00e3o deixou duas pessoas mortas e mais quatro v\u00edtimas feridas na rodovia R\u00e9gis Bittencourt, na altura do munic\u00edpio de Registro, no interior de S\u00e3o Paulo.","og_url":"https:\/\/redenoticiaz.com.br\/litoralsp\/2023\/05\/28\/colisao-faz-duas-vitimas-fatais-e-quatro-pessoas-ficam-feridas","og_site_name":"Litoral SP","article_published_time":"2023-05-28T15:27:49+00:00","article_modified_time":"2023-05-28T15:29:05+00:00","og_image":[{"width":984,"height":554,"url":"https:\/\/redenoticiaz.com.br\/litoralsp\/wp-content\/uploads\/sites\/3\/2023\/05\/whatsapp-image-2023-05-27-at-20.13.22.jpg","type":"image\/jpeg"}],"author":"Gustavo Silva","twitter_card":"summary_large_image","twitter_misc":{"Escrito por":"Gustavo Silva","Est. tempo de leitura":"1 minuto"},"schema":{"@context":"https:\/\/schema.org","@graph":[{"@type":"Article","@id":"https:\/\/redenoticiaz.com.br\/litoralsp\/2023\/05\/28\/colisao-faz-duas-vitimas-fatais-e-quatro-pessoas-ficam-feridas#article","isPartOf":{"@id":"https:\/\/redenoticiaz.com.br\/litoralsp\/2023\/05\/28\/colisao-faz-duas-vitimas-fatais-e-quatro-pessoas-ficam-feridas"},"author":{"name":"Gustavo Silva","@id":"https:\/\/redenoticiaz.com.br\/litoralsp\/#\/schema\/person\/16057b37a3c0ee6b096d7f887c566e2e"},"headline":"Colis\u00e3o faz duas v\u00edtimas fatais e quatro pessoas ficam feridas","datePublished":"2023-05-28T15:27:49+00:00","dateModified":"2023-05-28T15:29:05+00:00","mainEntityOfPage":{"@id":"https:\/\/redenoticiaz.com.br\/litoralsp\/2023\/05\/28\/colisao-faz-duas-vitimas-fatais-e-quatro-pessoas-ficam-feridas"},"wordCount":140,"commentCount":0,"publisher":{"@id":"https:\/\/redenoticiaz.com.br\/litoralsp\/#organization"},"image":{"@id":"https:\/\/redenoticiaz.com.br\/litoralsp\/2023\/05\/28\/colisao-faz-duas-vitimas-fatais-e-quatro-pessoas-ficam-feridas#primaryimage"},"thumbnailUrl":"https:\/\/redenoticiaz.com.br\/litoralsp\/wp-content\/uploads\/sites\/3\/2023\/05\/whatsapp-image-2023-05-27-at-20.13.22.jpg","keywords":["acidente","COLIS\u00c3O","REGISTRO","RODOVIA R\u00c9GIS BITTENCOURT","V\u00cdTIMAS"],"articleSection":["Cidades","Pol\u00edcia"],"inLanguage":"pt-BR","potentialAction":[{"@type":"CommentAction","name":"Comment","target":["https:\/\/redenoticiaz.com.br\/litoralsp\/2023\/05\/28\/colisao-faz-duas-vitimas-fatais-e-quatro-pessoas-ficam-feridas#respond"]}]},{"@type":"WebPage","@id":"https:\/\/redenoticiaz.com.br\/litoralsp\/2023\/05\/28\/colisao-faz-duas-vitimas-fatais-e-quatro-pessoas-ficam-feridas","url":"https:\/\/redenoticiaz.com.br\/litoralsp\/2023\/05\/28\/colisao-faz-duas-vitimas-fatais-e-quatro-pessoas-ficam-feridas","name":"Colis\u00e3o faz duas v\u00edtimas fatais e quatro pessoas ficam feridas - Litoral SP","isPartOf":{"@id":"https:\/\/redenoticiaz.com.br\/litoralsp\/#website"},"primaryImageOfPage":{"@id":"https:\/\/redenoticiaz.com.br\/litoralsp\/2023\/05\/28\/colisao-faz-duas-vitimas-fatais-e-quatro-pessoas-ficam-feridas#primaryimage"},"image":{"@id":"https:\/\/redenoticiaz.com.br\/litoralsp\/2023\/05\/28\/colisao-faz-duas-vitimas-fatais-e-quatro-pessoas-ficam-feridas#primaryimage"},"thumbnailUrl":"https:\/\/redenoticiaz.com.br\/litoralsp\/wp-content\/uploads\/sites\/3\/2023\/05\/whatsapp-image-2023-05-27-at-20.13.22.jpg","datePublished":"2023-05-28T15:27:49+00:00","dateModified":"2023-05-28T15:29:05+00:00","description":"Uma colis\u00e3o deixou duas pessoas mortas e mais quatro v\u00edtimas feridas na rodovia R\u00e9gis Bittencourt, na altura do munic\u00edpio de Registro, no interior de S\u00e3o Paulo.","inLanguage":"pt-BR","potentialAction":[{"@type":"ReadAction","target":["https:\/\/redenoticiaz.com.br\/litoralsp\/2023\/05\/28\/colisao-faz-duas-vitimas-fatais-e-quatro-pessoas-ficam-feridas"]}]},{"@type":"ImageObject","inLanguage":"pt-BR","@id":"https:\/\/redenoticiaz.com.br\/litoralsp\/2023\/05\/28\/colisao-faz-duas-vitimas-fatais-e-quatro-pessoas-ficam-feridas#primaryimage","url":"https:\/\/redenoticiaz.com.br\/litoralsp\/wp-content\/uploads\/sites\/3\/2023\/05\/whatsapp-image-2023-05-27-at-20.13.22.jpg","contentUrl":"https:\/\/redenoticiaz.com.br\/litoralsp\/wp-content\/uploads\/sites\/3\/2023\/05\/whatsapp-image-2023-05-27-at-20.13.22.jpg","width":984,"height":554,"caption":"Colis\u00e3o faz duas v\u00edtimas fatais e quatro pessoas ficam feridas"},{"@type":"WebSite","@id":"https:\/\/redenoticiaz.com.br\/litoralsp\/#website","url":"https:\/\/redenoticiaz.com.br\/litoralsp\/","name":"Litoral SP","description":"Rede NoticiaZ","publisher":{"@id":"https:\/\/redenoticiaz.com.br\/litoralsp\/#organization"},"potentialAction":[{"@type":"SearchAction","target":{"@type":"EntryPoint","urlTemplate":"https:\/\/redenoticiaz.com.br\/litoralsp\/?s={search_term_string}"},"query-input":{"@type":"PropertyValueSpecification","valueRequired":true,"valueName":"search_term_string"}}],"inLanguage":"pt-BR"},{"@type":"Organization","@id":"https:\/\/redenoticiaz.com.br\/litoralsp\/#organization","name":"Litoral SP","url":"https:\/\/redenoticiaz.com.br\/litoralsp\/","logo":{"@type":"ImageObject","inLanguage":"pt-BR","@id":"https:\/\/redenoticiaz.com.br\/litoralsp\/#\/schema\/logo\/image\/","url":"https:\/\/redenoticiaz.com.br\/litoralsp\/wp-content\/uploads\/sites\/3\/2020\/11\/logo.jpg","contentUrl":"https:\/\/redenoticiaz.com.br\/litoralsp\/wp-content\/uploads\/sites\/3\/2020\/11\/logo.jpg","width":400,"height":250,"caption":"Litoral SP"},"image":{"@id":"https:\/\/redenoticiaz.com.br\/litoralsp\/#\/schema\/logo\/image\/"}},{"@type":"Person","@id":"https:\/\/redenoticiaz.com.br\/litoralsp\/#\/schema\/person\/16057b37a3c0ee6b096d7f887c566e2e","name":"Gustavo Silva","image":{"@type":"ImageObject","inLanguage":"pt-BR","@id":"https:\/\/secure.gravatar.com\/avatar\/3ee4e82f93b26de0a7cf4ea5eb7893da637ed6bb0c9170c58065944c56e28a33?s=96&d=mm&r=g","url":"https:\/\/secure.gravatar.com\/avatar\/3ee4e82f93b26de0a7cf4ea5eb7893da637ed6bb0c9170c58065944c56e28a33?s=96&d=mm&r=g","contentUrl":"https:\/\/secure.gravatar.com\/avatar\/3ee4e82f93b26de0a7cf4ea5eb7893da637ed6bb0c9170c58065944c56e28a33?s=96&d=mm&r=g","caption":"Gustavo Silva"},"url":"https:\/\/redenoticiaz.com.br\/litoralsp\/author\/gustavosilva"}]}},"_links":{"self":[{"href":"https:\/\/redenoticiaz.com.br\/litoralsp\/wp-json\/wp\/v2\/posts\/106447","targetHints":{"allow":["GET"]}}],"collection":[{"href":"https:\/\/redenoticiaz.com.br\/litoralsp\/wp-json\/wp\/v2\/posts"}],"about":[{"href":"https:\/\/redenoticiaz.com.br\/litoralsp\/wp-json\/wp\/v2\/types\/post"}],"author":[{"embeddable":true,"href":"https:\/\/redenoticiaz.com.br\/litoralsp\/wp-json\/wp\/v2\/users\/12"}],"replies":[{"embeddable":true,"href":"https:\/\/redenoticiaz.com.br\/litoralsp\/wp-json\/wp\/v2\/comments?post=106447"}],"version-history":[{"count":1,"href":"https:\/\/redenoticiaz.com.br\/litoralsp\/wp-json\/wp\/v2\/posts\/106447\/revisions"}],"predecessor-version":[{"id":106449,"href":"https:\/\/redenoticiaz.com.br\/litoralsp\/wp-json\/wp\/v2\/posts\/106447\/revisions\/106449"}],"wp:featuredmedia":[{"embeddable":true,"href":"https:\/\/redenoticiaz.com.br\/litoralsp\/wp-json\/wp\/v2\/media\/106448"}],"wp:attachment":[{"href":"https:\/\/redenoticiaz.com.br\/litoralsp\/wp-json\/wp\/v2\/media?parent=106447"}],"wp:term":[{"taxonomy":"category","embeddable":true,"href":"https:\/\/redenoticiaz.com.br\/litoralsp\/wp-json\/wp\/v2\/categories?post=106447"},{"taxonomy":"post_tag","embeddable":true,"href":"https:\/\/redenoticiaz.com.br\/litoralsp\/wp-json\/wp\/v2\/tags?post=106447"}],"curies":[{"name":"wp","href":"https:\/\/api.w.org\/{rel}","templated":true}]}}