{"id":106482,"date":"2023-05-29T10:54:01","date_gmt":"2023-05-29T13:54:01","guid":{"rendered":"https:\/\/redenoticiaz.com.br\/litoralsp\/?p=106482"},"modified":"2023-05-29T10:54:01","modified_gmt":"2023-05-29T13:54:01","slug":"brasil-e-israel-fecham-parceria-para-desenvolvimento-do-setor-portuario-e-aeroportuario","status":"publish","type":"post","link":"https:\/\/redenoticiaz.com.br\/litoralsp\/2023\/05\/29\/brasil-e-israel-fecham-parceria-para-desenvolvimento-do-setor-portuario-e-aeroportuario","title":{"rendered":"Brasil e Israel fecham parceria para desenvolvimento do setor portu\u00e1rio e aeroportu\u00e1rio"},"content":{"rendered":"<p>Foi confirmado neste domingo (28), uma <strong>parceria entre os governos do Brasil e Israel<\/strong>, no encontro realizado em Tel Aviv, capital israelense. Os dois governos assinaram uma carta de inten\u00e7\u00f5es para a troca de tecnologias e inova\u00e7\u00f5es voltadas aos setores portu\u00e1rio e aeroportu\u00e1rio nacional.<\/p>\n<p>De acordo com o Governo Federal, dois dos principais focos s\u00e3o as \u00e1reas da seguran\u00e7a e de mudan\u00e7as clim\u00e1ticas. A parceria foi sacramentada no primeiro dia da Miss\u00e3o Internacional Porto &amp; Mar Brasil-Israel 2023, organizada pelo Grupo Tribuna e que contar\u00e1 com atividades at\u00e9 quarta-feira (31) no Oriente M\u00e9dio.<\/p>\n<div id=\"chunk-5no15\">\n<div class=\"mc-column content-text active-extra-styles \" data-block-type=\"unstyled\" data-block-weight=\"54\" data-block-id=\"12\">\n<p class=\"content-text__container \" data-track-category=\"Link no Texto\" data-track-links=\"\">Assinaram o documento o ministro de Portos e Aeroportos, M\u00e1rcio Fran\u00e7a; o diretor geral da Ag\u00eancia Nacional de Transportes Aquavi\u00e1rios (Antaq), Eduardo Nery; o secret\u00e1rio de Governo de Santos, F\u00e1bio Ferraz; o presidente do Conselho de Administra\u00e7\u00e3o do Porto de Ashdod, Shaul Schneider; e o diretor de Inova\u00e7\u00e3o do Porto de Ashdod, Roy Avrahami.<\/p>\n<\/div>\n<\/div>\n<div id=\"chunk-4qa5s\">\n<div class=\"mc-column content-text active-extra-styles \" data-block-type=\"unstyled\" data-block-weight=\"45\" data-block-id=\"13\">\n<p class=\"content-text__container \" data-track-category=\"Link no Texto\" data-track-links=\"\">Com isso, os principais \u00f3rg\u00e3os portu\u00e1rios brasileiros e a Autoridade Portu\u00e1ria de Ashdod, considerado o mais moderno complexo portu\u00e1rio de Israel, explorar\u00e3o oportunidades de colabora\u00e7\u00e3o em projetos que promover\u00e3o inova\u00e7\u00e3o, compartilhamento de conhecimento e desenvolvimento de neg\u00f3cios de forma conjunta nos segmentos mar\u00edtimo e log\u00edstico.<\/p>\n<\/div>\n<\/div>\n<div id=\"chunk-dcqsi\">\n<div class=\"mc-column content-text active-extra-styles \" data-block-type=\"unstyled\" data-block-weight=\"52\" data-block-id=\"14\">\n<p class=\"content-text__container \" data-track-category=\"Link no Texto\" data-track-links=\"\">A ideia \u00e9 que o Minist\u00e9rio de Portos e Aeroportos, a Antaq e a Prefeitura de Santos facilitem a implementa\u00e7\u00e3o de projetos desenvolvidos por startups israelenses em portos e terminais nacionais. Tamb\u00e9m haver\u00e1 est\u00edmulo \u00e0 realiza\u00e7\u00e3o de eventos de networking com fornecedores, potenciais clientes, c\u00e2maras de com\u00e9rcio e entidades empresariais portu\u00e1rias brasileiras.<\/p>\n<p data-track-category=\"Link no Texto\" data-track-links=\"\">Para o secret\u00e1rio de Governo de Santos, F\u00e1bio Ferraz, o acordo assinado ontem \u00e9 uma excelente oportunidade para Santos e toda a Baixada Santista. Al\u00e9m disso, pode servir para dinamizar o trabalho no Parque Tecnol\u00f3gico da Cidade.<\/p>\n<p data-track-category=\"Link no Texto\" data-track-links=\"\">&#8220;Precisamos disso, de startups e empresas que queiram investir e participar de nosso parque, para termos de fato um hub de tecnologia da informa\u00e7\u00e3o atrelado \u00e0 nossa voca\u00e7\u00e3o natural, que \u00e9 o porto. \u00c9 muito importante essa rela\u00e7\u00e3o que criada aqui&#8221;.<\/p>\n<p data-track-category=\"Link no Texto\" data-track-links=\"\"><strong>LEIA TAMB\u00c9M<\/strong><\/p>\n<p data-track-category=\"Link no Texto\" data-track-links=\"\"><a href=\"https:\/\/redenoticiaz.com.br\/litoralsp\/2023\/05\/29\/helicoptero-com-visao-noturna-ajuda-a-apreender-251-kg-de-cocaina-no-porto-de-santos\">Helic\u00f3ptero com \u2018vis\u00e3o noturna\u2019 ajuda a apreender 251 Kg de coca\u00edna no Porto de Santos<\/a><\/p>\n<\/div>\n<\/div>\n","protected":false},"excerpt":{"rendered":"<p>Foi confirmado neste domingo (28), uma parceria entre os governos do Brasil e Israel, no encontro realizado em Tel Aviv, capital israelense. Os dois governos assinaram uma carta de inten\u00e7\u00f5es para a troca de tecnologias e inova\u00e7\u00f5es voltadas aos setores portu\u00e1rio e aeroportu\u00e1rio nacional. De acordo com o Governo Federal, dois dos principais focos s\u00e3o &hellip;<\/p>\n","protected":false},"author":6,"featured_media":104656,"comment_status":"open","ping_status":"closed","sticky":false,"template":"","format":"standard","meta":{"footnotes":""},"categories":[97,18537,180],"tags":[5886,3790,10729,62027,986,63090],"class_list":["post-106482","post","type-post","status-publish","format-standard","has-post-thumbnail","hentry","category-economia","category-porto","category-santos","tag-aeroportos","tag-governo-federal","tag-israel","tag-portos","tag-santos","tag-tel-aviv"],"yoast_head":"<!-- This site is optimized with the Yoast SEO plugin v27.5 - https:\/\/yoast.com\/product\/yoast-seo-wordpress\/ -->\n<title>Brasil e Israel fecham parceria para desenvolvimento do setor portu\u00e1rio e aeroportu\u00e1rio - Litoral SP<\/title>\n<meta name=\"description\" content=\"Foi confirmado neste domingo (29), uma parceria entre os governos do Brasil e Israel, no encontro realizado em Tel Aviv, capital israelense.\" \/>\n<meta name=\"robots\" content=\"index, follow, max-snippet:-1, max-image-preview:large, max-video-preview:-1\" \/>\n<link rel=\"canonical\" href=\"https:\/\/redenoticiaz.com.br\/litoralsp\/2023\/05\/29\/brasil-e-israel-fecham-parceria-para-desenvolvimento-do-setor-portuario-e-aeroportuario\" \/>\n<meta property=\"og:locale\" content=\"pt_BR\" \/>\n<meta property=\"og:type\" content=\"article\" \/>\n<meta property=\"og:title\" content=\"Brasil e Israel fecham parceria para desenvolvimento do setor portu\u00e1rio e aeroportu\u00e1rio - Litoral SP\" \/>\n<meta property=\"og:description\" content=\"Foi confirmado neste domingo (29), uma parceria entre os governos do Brasil e Israel, no encontro realizado em Tel Aviv, capital israelense.\" \/>\n<meta property=\"og:url\" content=\"https:\/\/redenoticiaz.com.br\/litoralsp\/2023\/05\/29\/brasil-e-israel-fecham-parceria-para-desenvolvimento-do-setor-portuario-e-aeroportuario\" \/>\n<meta property=\"og:site_name\" content=\"Litoral SP\" \/>\n<meta property=\"article:published_time\" content=\"2023-05-29T13:54:01+00:00\" \/>\n<meta property=\"og:image\" content=\"https:\/\/redenoticiaz.com.br\/litoralsp\/wp-content\/uploads\/sites\/3\/2023\/04\/PORTO-STS.jpg\" \/>\n\t<meta property=\"og:image:width\" content=\"557\" \/>\n\t<meta property=\"og:image:height\" content=\"308\" \/>\n\t<meta property=\"og:image:type\" content=\"image\/jpeg\" \/>\n<meta name=\"author\" content=\"Leonardo Francisco\" \/>\n<meta name=\"twitter:card\" content=\"summary_large_image\" \/>\n<meta name=\"twitter:label1\" content=\"Escrito por\" \/>\n\t<meta name=\"twitter:data1\" content=\"Leonardo Francisco\" \/>\n\t<meta name=\"twitter:label2\" content=\"Est. tempo de leitura\" \/>\n\t<meta name=\"twitter:data2\" content=\"2 minutos\" \/>\n<script type=\"application\/ld+json\" class=\"yoast-schema-graph\">{\"@context\":\"https:\\\/\\\/schema.org\",\"@graph\":[{\"@type\":\"Article\",\"@id\":\"https:\\\/\\\/redenoticiaz.com.br\\\/litoralsp\\\/2023\\\/05\\\/29\\\/brasil-e-israel-fecham-parceria-para-desenvolvimento-do-setor-portuario-e-aeroportuario#article\",\"isPartOf\":{\"@id\":\"https:\\\/\\\/redenoticiaz.com.br\\\/litoralsp\\\/2023\\\/05\\\/29\\\/brasil-e-israel-fecham-parceria-para-desenvolvimento-do-setor-portuario-e-aeroportuario\"},\"author\":{\"name\":\"Leonardo Francisco\",\"@id\":\"https:\\\/\\\/redenoticiaz.com.br\\\/litoralsp\\\/#\\\/schema\\\/person\\\/0f0b8a5bdafefe82841e07ae8d81ecb3\"},\"headline\":\"Brasil e Israel fecham parceria para desenvolvimento do setor portu\u00e1rio e aeroportu\u00e1rio\",\"datePublished\":\"2023-05-29T13:54:01+00:00\",\"mainEntityOfPage\":{\"@id\":\"https:\\\/\\\/redenoticiaz.com.br\\\/litoralsp\\\/2023\\\/05\\\/29\\\/brasil-e-israel-fecham-parceria-para-desenvolvimento-do-setor-portuario-e-aeroportuario\"},\"wordCount\":391,\"commentCount\":0,\"publisher\":{\"@id\":\"https:\\\/\\\/redenoticiaz.com.br\\\/litoralsp\\\/#organization\"},\"image\":{\"@id\":\"https:\\\/\\\/redenoticiaz.com.br\\\/litoralsp\\\/2023\\\/05\\\/29\\\/brasil-e-israel-fecham-parceria-para-desenvolvimento-do-setor-portuario-e-aeroportuario#primaryimage\"},\"thumbnailUrl\":\"https:\\\/\\\/redenoticiaz.com.br\\\/litoralsp\\\/wp-content\\\/uploads\\\/sites\\\/3\\\/2023\\\/04\\\/PORTO-STS.jpg\",\"keywords\":[\"AEROPORTOS\",\"GOVERNO FEDERAL\",\"ISRAEL\",\"portos\",\"Santos\",\"TEL AVIV\"],\"articleSection\":[\"Economia\",\"Porto\",\"Santos\"],\"inLanguage\":\"pt-BR\",\"potentialAction\":[{\"@type\":\"CommentAction\",\"name\":\"Comment\",\"target\":[\"https:\\\/\\\/redenoticiaz.com.br\\\/litoralsp\\\/2023\\\/05\\\/29\\\/brasil-e-israel-fecham-parceria-para-desenvolvimento-do-setor-portuario-e-aeroportuario#respond\"]}]},{\"@type\":\"WebPage\",\"@id\":\"https:\\\/\\\/redenoticiaz.com.br\\\/litoralsp\\\/2023\\\/05\\\/29\\\/brasil-e-israel-fecham-parceria-para-desenvolvimento-do-setor-portuario-e-aeroportuario\",\"url\":\"https:\\\/\\\/redenoticiaz.com.br\\\/litoralsp\\\/2023\\\/05\\\/29\\\/brasil-e-israel-fecham-parceria-para-desenvolvimento-do-setor-portuario-e-aeroportuario\",\"name\":\"Brasil e Israel fecham parceria para desenvolvimento do setor portu\u00e1rio e aeroportu\u00e1rio - Litoral SP\",\"isPartOf\":{\"@id\":\"https:\\\/\\\/redenoticiaz.com.br\\\/litoralsp\\\/#website\"},\"primaryImageOfPage\":{\"@id\":\"https:\\\/\\\/redenoticiaz.com.br\\\/litoralsp\\\/2023\\\/05\\\/29\\\/brasil-e-israel-fecham-parceria-para-desenvolvimento-do-setor-portuario-e-aeroportuario#primaryimage\"},\"image\":{\"@id\":\"https:\\\/\\\/redenoticiaz.com.br\\\/litoralsp\\\/2023\\\/05\\\/29\\\/brasil-e-israel-fecham-parceria-para-desenvolvimento-do-setor-portuario-e-aeroportuario#primaryimage\"},\"thumbnailUrl\":\"https:\\\/\\\/redenoticiaz.com.br\\\/litoralsp\\\/wp-content\\\/uploads\\\/sites\\\/3\\\/2023\\\/04\\\/PORTO-STS.jpg\",\"datePublished\":\"2023-05-29T13:54:01+00:00\",\"description\":\"Foi confirmado neste domingo (29), uma parceria entre os governos do Brasil e Israel, no encontro realizado em Tel Aviv, capital israelense.\",\"inLanguage\":\"pt-BR\",\"potentialAction\":[{\"@type\":\"ReadAction\",\"target\":[\"https:\\\/\\\/redenoticiaz.com.br\\\/litoralsp\\\/2023\\\/05\\\/29\\\/brasil-e-israel-fecham-parceria-para-desenvolvimento-do-setor-portuario-e-aeroportuario\"]}]},{\"@type\":\"ImageObject\",\"inLanguage\":\"pt-BR\",\"@id\":\"https:\\\/\\\/redenoticiaz.com.br\\\/litoralsp\\\/2023\\\/05\\\/29\\\/brasil-e-israel-fecham-parceria-para-desenvolvimento-do-setor-portuario-e-aeroportuario#primaryimage\",\"url\":\"https:\\\/\\\/redenoticiaz.com.br\\\/litoralsp\\\/wp-content\\\/uploads\\\/sites\\\/3\\\/2023\\\/04\\\/PORTO-STS.jpg\",\"contentUrl\":\"https:\\\/\\\/redenoticiaz.com.br\\\/litoralsp\\\/wp-content\\\/uploads\\\/sites\\\/3\\\/2023\\\/04\\\/PORTO-STS.jpg\",\"width\":557,\"height\":308,\"caption\":\"Cr\u00e9ditos: Divulga\u00e7\u00e3o\\\/Santos Port Authority\"},{\"@type\":\"WebSite\",\"@id\":\"https:\\\/\\\/redenoticiaz.com.br\\\/litoralsp\\\/#website\",\"url\":\"https:\\\/\\\/redenoticiaz.com.br\\\/litoralsp\\\/\",\"name\":\"Litoral SP\",\"description\":\"Rede NoticiaZ\",\"publisher\":{\"@id\":\"https:\\\/\\\/redenoticiaz.com.br\\\/litoralsp\\\/#organization\"},\"potentialAction\":[{\"@type\":\"SearchAction\",\"target\":{\"@type\":\"EntryPoint\",\"urlTemplate\":\"https:\\\/\\\/redenoticiaz.com.br\\\/litoralsp\\\/?s={search_term_string}\"},\"query-input\":{\"@type\":\"PropertyValueSpecification\",\"valueRequired\":true,\"valueName\":\"search_term_string\"}}],\"inLanguage\":\"pt-BR\"},{\"@type\":\"Organization\",\"@id\":\"https:\\\/\\\/redenoticiaz.com.br\\\/litoralsp\\\/#organization\",\"name\":\"Litoral SP\",\"url\":\"https:\\\/\\\/redenoticiaz.com.br\\\/litoralsp\\\/\",\"logo\":{\"@type\":\"ImageObject\",\"inLanguage\":\"pt-BR\",\"@id\":\"https:\\\/\\\/redenoticiaz.com.br\\\/litoralsp\\\/#\\\/schema\\\/logo\\\/image\\\/\",\"url\":\"https:\\\/\\\/redenoticiaz.com.br\\\/litoralsp\\\/wp-content\\\/uploads\\\/sites\\\/3\\\/2020\\\/11\\\/logo.jpg\",\"contentUrl\":\"https:\\\/\\\/redenoticiaz.com.br\\\/litoralsp\\\/wp-content\\\/uploads\\\/sites\\\/3\\\/2020\\\/11\\\/logo.jpg\",\"width\":400,\"height\":250,\"caption\":\"Litoral SP\"},\"image\":{\"@id\":\"https:\\\/\\\/redenoticiaz.com.br\\\/litoralsp\\\/#\\\/schema\\\/logo\\\/image\\\/\"}},{\"@type\":\"Person\",\"@id\":\"https:\\\/\\\/redenoticiaz.com.br\\\/litoralsp\\\/#\\\/schema\\\/person\\\/0f0b8a5bdafefe82841e07ae8d81ecb3\",\"name\":\"Leonardo Francisco\",\"image\":{\"@type\":\"ImageObject\",\"inLanguage\":\"pt-BR\",\"@id\":\"https:\\\/\\\/secure.gravatar.com\\\/avatar\\\/a7358cb406a99b682ec6df1e77e31ae82e63601f6784e8a3df411d72b37864da?s=96&d=mm&r=g\",\"url\":\"https:\\\/\\\/secure.gravatar.com\\\/avatar\\\/a7358cb406a99b682ec6df1e77e31ae82e63601f6784e8a3df411d72b37864da?s=96&d=mm&r=g\",\"contentUrl\":\"https:\\\/\\\/secure.gravatar.com\\\/avatar\\\/a7358cb406a99b682ec6df1e77e31ae82e63601f6784e8a3df411d72b37864da?s=96&d=mm&r=g\",\"caption\":\"Leonardo Francisco\"},\"url\":\"https:\\\/\\\/redenoticiaz.com.br\\\/litoralsp\\\/author\\\/leonardo-francisco\"}]}<\/script>\n<!-- \/ Yoast SEO plugin. -->","yoast_head_json":{"title":"Brasil e Israel fecham parceria para desenvolvimento do setor portu\u00e1rio e aeroportu\u00e1rio - Litoral SP","description":"Foi confirmado neste domingo (29), uma parceria entre os governos do Brasil e Israel, no encontro realizado em Tel Aviv, capital israelense.","robots":{"index":"index","follow":"follow","max-snippet":"max-snippet:-1","max-image-preview":"max-image-preview:large","max-video-preview":"max-video-preview:-1"},"canonical":"https:\/\/redenoticiaz.com.br\/litoralsp\/2023\/05\/29\/brasil-e-israel-fecham-parceria-para-desenvolvimento-do-setor-portuario-e-aeroportuario","og_locale":"pt_BR","og_type":"article","og_title":"Brasil e Israel fecham parceria para desenvolvimento do setor portu\u00e1rio e aeroportu\u00e1rio - Litoral SP","og_description":"Foi confirmado neste domingo (29), uma parceria entre os governos do Brasil e Israel, no encontro realizado em Tel Aviv, capital israelense.","og_url":"https:\/\/redenoticiaz.com.br\/litoralsp\/2023\/05\/29\/brasil-e-israel-fecham-parceria-para-desenvolvimento-do-setor-portuario-e-aeroportuario","og_site_name":"Litoral SP","article_published_time":"2023-05-29T13:54:01+00:00","og_image":[{"width":557,"height":308,"url":"https:\/\/redenoticiaz.com.br\/litoralsp\/wp-content\/uploads\/sites\/3\/2023\/04\/PORTO-STS.jpg","type":"image\/jpeg"}],"author":"Leonardo Francisco","twitter_card":"summary_large_image","twitter_misc":{"Escrito por":"Leonardo Francisco","Est. tempo de leitura":"2 minutos"},"schema":{"@context":"https:\/\/schema.org","@graph":[{"@type":"Article","@id":"https:\/\/redenoticiaz.com.br\/litoralsp\/2023\/05\/29\/brasil-e-israel-fecham-parceria-para-desenvolvimento-do-setor-portuario-e-aeroportuario#article","isPartOf":{"@id":"https:\/\/redenoticiaz.com.br\/litoralsp\/2023\/05\/29\/brasil-e-israel-fecham-parceria-para-desenvolvimento-do-setor-portuario-e-aeroportuario"},"author":{"name":"Leonardo Francisco","@id":"https:\/\/redenoticiaz.com.br\/litoralsp\/#\/schema\/person\/0f0b8a5bdafefe82841e07ae8d81ecb3"},"headline":"Brasil e Israel fecham parceria para desenvolvimento do setor portu\u00e1rio e aeroportu\u00e1rio","datePublished":"2023-05-29T13:54:01+00:00","mainEntityOfPage":{"@id":"https:\/\/redenoticiaz.com.br\/litoralsp\/2023\/05\/29\/brasil-e-israel-fecham-parceria-para-desenvolvimento-do-setor-portuario-e-aeroportuario"},"wordCount":391,"commentCount":0,"publisher":{"@id":"https:\/\/redenoticiaz.com.br\/litoralsp\/#organization"},"image":{"@id":"https:\/\/redenoticiaz.com.br\/litoralsp\/2023\/05\/29\/brasil-e-israel-fecham-parceria-para-desenvolvimento-do-setor-portuario-e-aeroportuario#primaryimage"},"thumbnailUrl":"https:\/\/redenoticiaz.com.br\/litoralsp\/wp-content\/uploads\/sites\/3\/2023\/04\/PORTO-STS.jpg","keywords":["AEROPORTOS","GOVERNO FEDERAL","ISRAEL","portos","Santos","TEL AVIV"],"articleSection":["Economia","Porto","Santos"],"inLanguage":"pt-BR","potentialAction":[{"@type":"CommentAction","name":"Comment","target":["https:\/\/redenoticiaz.com.br\/litoralsp\/2023\/05\/29\/brasil-e-israel-fecham-parceria-para-desenvolvimento-do-setor-portuario-e-aeroportuario#respond"]}]},{"@type":"WebPage","@id":"https:\/\/redenoticiaz.com.br\/litoralsp\/2023\/05\/29\/brasil-e-israel-fecham-parceria-para-desenvolvimento-do-setor-portuario-e-aeroportuario","url":"https:\/\/redenoticiaz.com.br\/litoralsp\/2023\/05\/29\/brasil-e-israel-fecham-parceria-para-desenvolvimento-do-setor-portuario-e-aeroportuario","name":"Brasil e Israel fecham parceria para desenvolvimento do setor portu\u00e1rio e aeroportu\u00e1rio - Litoral SP","isPartOf":{"@id":"https:\/\/redenoticiaz.com.br\/litoralsp\/#website"},"primaryImageOfPage":{"@id":"https:\/\/redenoticiaz.com.br\/litoralsp\/2023\/05\/29\/brasil-e-israel-fecham-parceria-para-desenvolvimento-do-setor-portuario-e-aeroportuario#primaryimage"},"image":{"@id":"https:\/\/redenoticiaz.com.br\/litoralsp\/2023\/05\/29\/brasil-e-israel-fecham-parceria-para-desenvolvimento-do-setor-portuario-e-aeroportuario#primaryimage"},"thumbnailUrl":"https:\/\/redenoticiaz.com.br\/litoralsp\/wp-content\/uploads\/sites\/3\/2023\/04\/PORTO-STS.jpg","datePublished":"2023-05-29T13:54:01+00:00","description":"Foi confirmado neste domingo (29), uma parceria entre os governos do Brasil e Israel, no encontro realizado em Tel Aviv, capital israelense.","inLanguage":"pt-BR","potentialAction":[{"@type":"ReadAction","target":["https:\/\/redenoticiaz.com.br\/litoralsp\/2023\/05\/29\/brasil-e-israel-fecham-parceria-para-desenvolvimento-do-setor-portuario-e-aeroportuario"]}]},{"@type":"ImageObject","inLanguage":"pt-BR","@id":"https:\/\/redenoticiaz.com.br\/litoralsp\/2023\/05\/29\/brasil-e-israel-fecham-parceria-para-desenvolvimento-do-setor-portuario-e-aeroportuario#primaryimage","url":"https:\/\/redenoticiaz.com.br\/litoralsp\/wp-content\/uploads\/sites\/3\/2023\/04\/PORTO-STS.jpg","contentUrl":"https:\/\/redenoticiaz.com.br\/litoralsp\/wp-content\/uploads\/sites\/3\/2023\/04\/PORTO-STS.jpg","width":557,"height":308,"caption":"Cr\u00e9ditos: Divulga\u00e7\u00e3o\/Santos Port Authority"},{"@type":"WebSite","@id":"https:\/\/redenoticiaz.com.br\/litoralsp\/#website","url":"https:\/\/redenoticiaz.com.br\/litoralsp\/","name":"Litoral SP","description":"Rede NoticiaZ","publisher":{"@id":"https:\/\/redenoticiaz.com.br\/litoralsp\/#organization"},"potentialAction":[{"@type":"SearchAction","target":{"@type":"EntryPoint","urlTemplate":"https:\/\/redenoticiaz.com.br\/litoralsp\/?s={search_term_string}"},"query-input":{"@type":"PropertyValueSpecification","valueRequired":true,"valueName":"search_term_string"}}],"inLanguage":"pt-BR"},{"@type":"Organization","@id":"https:\/\/redenoticiaz.com.br\/litoralsp\/#organization","name":"Litoral SP","url":"https:\/\/redenoticiaz.com.br\/litoralsp\/","logo":{"@type":"ImageObject","inLanguage":"pt-BR","@id":"https:\/\/redenoticiaz.com.br\/litoralsp\/#\/schema\/logo\/image\/","url":"https:\/\/redenoticiaz.com.br\/litoralsp\/wp-content\/uploads\/sites\/3\/2020\/11\/logo.jpg","contentUrl":"https:\/\/redenoticiaz.com.br\/litoralsp\/wp-content\/uploads\/sites\/3\/2020\/11\/logo.jpg","width":400,"height":250,"caption":"Litoral SP"},"image":{"@id":"https:\/\/redenoticiaz.com.br\/litoralsp\/#\/schema\/logo\/image\/"}},{"@type":"Person","@id":"https:\/\/redenoticiaz.com.br\/litoralsp\/#\/schema\/person\/0f0b8a5bdafefe82841e07ae8d81ecb3","name":"Leonardo Francisco","image":{"@type":"ImageObject","inLanguage":"pt-BR","@id":"https:\/\/secure.gravatar.com\/avatar\/a7358cb406a99b682ec6df1e77e31ae82e63601f6784e8a3df411d72b37864da?s=96&d=mm&r=g","url":"https:\/\/secure.gravatar.com\/avatar\/a7358cb406a99b682ec6df1e77e31ae82e63601f6784e8a3df411d72b37864da?s=96&d=mm&r=g","contentUrl":"https:\/\/secure.gravatar.com\/avatar\/a7358cb406a99b682ec6df1e77e31ae82e63601f6784e8a3df411d72b37864da?s=96&d=mm&r=g","caption":"Leonardo Francisco"},"url":"https:\/\/redenoticiaz.com.br\/litoralsp\/author\/leonardo-francisco"}]}},"_links":{"self":[{"href":"https:\/\/redenoticiaz.com.br\/litoralsp\/wp-json\/wp\/v2\/posts\/106482","targetHints":{"allow":["GET"]}}],"collection":[{"href":"https:\/\/redenoticiaz.com.br\/litoralsp\/wp-json\/wp\/v2\/posts"}],"about":[{"href":"https:\/\/redenoticiaz.com.br\/litoralsp\/wp-json\/wp\/v2\/types\/post"}],"author":[{"embeddable":true,"href":"https:\/\/redenoticiaz.com.br\/litoralsp\/wp-json\/wp\/v2\/users\/6"}],"replies":[{"embeddable":true,"href":"https:\/\/redenoticiaz.com.br\/litoralsp\/wp-json\/wp\/v2\/comments?post=106482"}],"version-history":[{"count":1,"href":"https:\/\/redenoticiaz.com.br\/litoralsp\/wp-json\/wp\/v2\/posts\/106482\/revisions"}],"predecessor-version":[{"id":106483,"href":"https:\/\/redenoticiaz.com.br\/litoralsp\/wp-json\/wp\/v2\/posts\/106482\/revisions\/106483"}],"wp:featuredmedia":[{"embeddable":true,"href":"https:\/\/redenoticiaz.com.br\/litoralsp\/wp-json\/wp\/v2\/media\/104656"}],"wp:attachment":[{"href":"https:\/\/redenoticiaz.com.br\/litoralsp\/wp-json\/wp\/v2\/media?parent=106482"}],"wp:term":[{"taxonomy":"category","embeddable":true,"href":"https:\/\/redenoticiaz.com.br\/litoralsp\/wp-json\/wp\/v2\/categories?post=106482"},{"taxonomy":"post_tag","embeddable":true,"href":"https:\/\/redenoticiaz.com.br\/litoralsp\/wp-json\/wp\/v2\/tags?post=106482"}],"curies":[{"name":"wp","href":"https:\/\/api.w.org\/{rel}","templated":true}]}}