{"id":106618,"date":"2023-05-31T12:14:21","date_gmt":"2023-05-31T15:14:21","guid":{"rendered":"https:\/\/redenoticiaz.com.br\/litoralsp\/?p=106618"},"modified":"2023-05-31T14:30:26","modified_gmt":"2023-05-31T17:30:26","slug":"acidentes-complicam-a-pista-de-subida-da-imigrantes","status":"publish","type":"post","link":"https:\/\/redenoticiaz.com.br\/litoralsp\/2023\/05\/31\/acidentes-complicam-a-pista-de-subida-da-imigrantes","title":{"rendered":"Acidentes complicam a pista de subida da Imigrantes"},"content":{"rendered":"<p>Uma quarta-feira (31) complicada para quem depende do Sistema Anchieta-Imigrantes. Al\u00e9m da chuva, <strong>dois acidentes foram constatados<\/strong> pela manh\u00e3 no trecho de S\u00e3o Vicente, no sentido S\u00e3o Paulo da Rodovia dos Imigrantes. Ningu\u00e9m ficou ferido, mas h\u00e1 quatro quil\u00f4metros de congestionamento entre os quil\u00f4metros 51 ao 47 e tamb\u00e9m lentid\u00e3o nas rodovias Anchieta, C\u00f4nego Dom\u00eanico Rangoni e Padre Manoel da N\u00f3brega.<\/p>\n<p>De acordo com a Ecovias, concession\u00e1ria respons\u00e1vel pelo Sistema Anchieta-Imigrantes, o primeiro acidente foi um derramamento de \u00f3leo, onde dois ve\u00edculos de passeio derraparam na pista, na altura do Km 52. J\u00e1 a segunda ocorr\u00eancia envolveu a batida em uma viatura da Pol\u00edcia Civil. Ningu\u00e9m ficou ferido, mas houve lentid\u00e3o na pista de subida.<\/p>\n<p>Segundo a concession\u00e1ria, houve congestionamento de dez quil\u00f4metros na Rodovia dos Imigrantes, sentido S\u00e3o Paulo. A situa\u00e7\u00e3o mais complicada foi entre o km 51 ao km 47. J\u00e1 na Rodovia Anchieta, h\u00e1 lentid\u00e3o dos quil\u00f4metros 12 ao 10 e entre os quil\u00f4metros 59 ao km 50, devido alto fluxo de ve\u00edculos.<\/p>\n<p>Na rodovia Conego Domenico Rangoni, sentido S\u00e3o Paulo, do km 266 ao km 270, tamb\u00e9m h\u00e1 lentid\u00e3o na pista. E na Padre Manoel da N\u00f3brega, sentido S\u00e3o Paulo, a lentid\u00e3o ocorre entre os quil\u00f4metros 271 ao 270.<\/p>\n<p>O Sistema Anchieta-Imigrantes est\u00e1 Opera\u00e7\u00e3o 5&#215;2. Descida pela pista sul da via Anchieta e da rodovia dos Imigrantes. J\u00e1 a subida acontece pela pista norte da via Anchieta.<\/p>\n<p><strong>LEIA TAMB\u00c9M<\/strong><\/p>\n<p><a href=\"https:\/\/redenoticiaz.com.br\/litoralsp\/2023\/05\/31\/videos-loja-de-confeccao-instalada-dentro-de-predio-em-santos-sofre-incendio\">V\u00cdDEOS \u2013 Loja de confec\u00e7\u00e3o instalada dentro de pr\u00e9dio em Santos sofre inc\u00eandio<\/a><\/p>\n","protected":false},"excerpt":{"rendered":"<p>Uma quarta-feira (31) complicada para quem depende do Sistema Anchieta-Imigrantes. Al\u00e9m da chuva, dois acidentes foram constatados pela manh\u00e3 no trecho de S\u00e3o Vicente, no sentido S\u00e3o Paulo da Rodovia dos Imigrantes. Ningu\u00e9m ficou ferido, mas h\u00e1 quatro quil\u00f4metros de congestionamento entre os quil\u00f4metros 51 ao 47 e tamb\u00e9m lentid\u00e3o nas rodovias Anchieta, C\u00f4nego Dom\u00eanico &hellip;<\/p>\n","protected":false},"author":6,"featured_media":106619,"comment_status":"open","ping_status":"closed","sticky":false,"template":"","format":"standard","meta":{"footnotes":""},"categories":[181,5],"tags":[7,1480,21279,4038,33,2629],"class_list":["post-106618","post","type-post","status-publish","format-standard","has-post-thumbnail","hentry","category-sao-vicente","category-transito","tag-acidente","tag-ecovias","tag-lentidao","tag-rodovia-dos-imigrantes","tag-sao-vicente","tag-sistema-anchieta-imigrantes"],"yoast_head":"<!-- This site is optimized with the Yoast SEO plugin v27.4 - https:\/\/yoast.com\/product\/yoast-seo-wordpress\/ -->\n<title>Acidentes complicam a pista de subida da Imigrantes - Litoral SP<\/title>\n<meta name=\"description\" content=\"acidentes foram constatados pela manh\u00e3 no trecho de S\u00e3o Vicente, no sentido S\u00e3o Paulo da Rodovia dos Imigrantes. Ningu\u00e9m\" \/>\n<meta name=\"robots\" content=\"index, follow, max-snippet:-1, max-image-preview:large, max-video-preview:-1\" \/>\n<link rel=\"canonical\" href=\"https:\/\/redenoticiaz.com.br\/litoralsp\/2023\/05\/31\/acidentes-complicam-a-pista-de-subida-da-imigrantes\" \/>\n<meta property=\"og:locale\" content=\"pt_BR\" \/>\n<meta property=\"og:type\" content=\"article\" \/>\n<meta property=\"og:title\" content=\"Acidentes complicam a pista de subida da Imigrantes - Litoral SP\" \/>\n<meta property=\"og:description\" content=\"acidentes foram constatados pela manh\u00e3 no trecho de S\u00e3o Vicente, no sentido S\u00e3o Paulo da Rodovia dos Imigrantes. Ningu\u00e9m\" \/>\n<meta property=\"og:url\" content=\"https:\/\/redenoticiaz.com.br\/litoralsp\/2023\/05\/31\/acidentes-complicam-a-pista-de-subida-da-imigrantes\" \/>\n<meta property=\"og:site_name\" content=\"Litoral SP\" \/>\n<meta property=\"article:published_time\" content=\"2023-05-31T15:14:21+00:00\" \/>\n<meta property=\"article:modified_time\" content=\"2023-05-31T17:30:26+00:00\" \/>\n<meta property=\"og:image\" content=\"https:\/\/redenoticiaz.com.br\/litoralsp\/wp-content\/uploads\/sites\/3\/2023\/05\/image.jpg\" \/>\n\t<meta property=\"og:image:width\" content=\"710\" \/>\n\t<meta property=\"og:image:height\" content=\"355\" \/>\n\t<meta property=\"og:image:type\" content=\"image\/jpeg\" \/>\n<meta name=\"author\" content=\"Leonardo Francisco\" \/>\n<meta name=\"twitter:card\" content=\"summary_large_image\" \/>\n<meta name=\"twitter:label1\" content=\"Escrito por\" \/>\n\t<meta name=\"twitter:data1\" content=\"Leonardo Francisco\" \/>\n\t<meta name=\"twitter:label2\" content=\"Est. tempo de leitura\" \/>\n\t<meta name=\"twitter:data2\" content=\"2 minutos\" \/>\n<script type=\"application\/ld+json\" class=\"yoast-schema-graph\">{\"@context\":\"https:\\\/\\\/schema.org\",\"@graph\":[{\"@type\":\"Article\",\"@id\":\"https:\\\/\\\/redenoticiaz.com.br\\\/litoralsp\\\/2023\\\/05\\\/31\\\/acidentes-complicam-a-pista-de-subida-da-imigrantes#article\",\"isPartOf\":{\"@id\":\"https:\\\/\\\/redenoticiaz.com.br\\\/litoralsp\\\/2023\\\/05\\\/31\\\/acidentes-complicam-a-pista-de-subida-da-imigrantes\"},\"author\":{\"name\":\"Leonardo Francisco\",\"@id\":\"https:\\\/\\\/redenoticiaz.com.br\\\/litoralsp\\\/#\\\/schema\\\/person\\\/0f0b8a5bdafefe82841e07ae8d81ecb3\"},\"headline\":\"Acidentes complicam a pista de subida da Imigrantes\",\"datePublished\":\"2023-05-31T15:14:21+00:00\",\"dateModified\":\"2023-05-31T17:30:26+00:00\",\"mainEntityOfPage\":{\"@id\":\"https:\\\/\\\/redenoticiaz.com.br\\\/litoralsp\\\/2023\\\/05\\\/31\\\/acidentes-complicam-a-pista-de-subida-da-imigrantes\"},\"wordCount\":278,\"commentCount\":0,\"publisher\":{\"@id\":\"https:\\\/\\\/redenoticiaz.com.br\\\/litoralsp\\\/#organization\"},\"image\":{\"@id\":\"https:\\\/\\\/redenoticiaz.com.br\\\/litoralsp\\\/2023\\\/05\\\/31\\\/acidentes-complicam-a-pista-de-subida-da-imigrantes#primaryimage\"},\"thumbnailUrl\":\"https:\\\/\\\/redenoticiaz.com.br\\\/litoralsp\\\/wp-content\\\/uploads\\\/sites\\\/3\\\/2023\\\/05\\\/image.jpg\",\"keywords\":[\"acidente\",\"ECOVIAS\",\"LENTID\u00c3O\",\"RODOVIA DOS IMIGRANTES\",\"S\u00e3o Vicente\",\"SISTEMA ANCHIETA-IMIGRANTES\"],\"articleSection\":[\"S\u00e3o Vicente\",\"Tr\u00e2nsito\"],\"inLanguage\":\"pt-BR\",\"potentialAction\":[{\"@type\":\"CommentAction\",\"name\":\"Comment\",\"target\":[\"https:\\\/\\\/redenoticiaz.com.br\\\/litoralsp\\\/2023\\\/05\\\/31\\\/acidentes-complicam-a-pista-de-subida-da-imigrantes#respond\"]}]},{\"@type\":\"WebPage\",\"@id\":\"https:\\\/\\\/redenoticiaz.com.br\\\/litoralsp\\\/2023\\\/05\\\/31\\\/acidentes-complicam-a-pista-de-subida-da-imigrantes\",\"url\":\"https:\\\/\\\/redenoticiaz.com.br\\\/litoralsp\\\/2023\\\/05\\\/31\\\/acidentes-complicam-a-pista-de-subida-da-imigrantes\",\"name\":\"Acidentes complicam a pista de subida da Imigrantes - Litoral SP\",\"isPartOf\":{\"@id\":\"https:\\\/\\\/redenoticiaz.com.br\\\/litoralsp\\\/#website\"},\"primaryImageOfPage\":{\"@id\":\"https:\\\/\\\/redenoticiaz.com.br\\\/litoralsp\\\/2023\\\/05\\\/31\\\/acidentes-complicam-a-pista-de-subida-da-imigrantes#primaryimage\"},\"image\":{\"@id\":\"https:\\\/\\\/redenoticiaz.com.br\\\/litoralsp\\\/2023\\\/05\\\/31\\\/acidentes-complicam-a-pista-de-subida-da-imigrantes#primaryimage\"},\"thumbnailUrl\":\"https:\\\/\\\/redenoticiaz.com.br\\\/litoralsp\\\/wp-content\\\/uploads\\\/sites\\\/3\\\/2023\\\/05\\\/image.jpg\",\"datePublished\":\"2023-05-31T15:14:21+00:00\",\"dateModified\":\"2023-05-31T17:30:26+00:00\",\"description\":\"acidentes foram constatados pela manh\u00e3 no trecho de S\u00e3o Vicente, no sentido S\u00e3o Paulo da Rodovia dos Imigrantes. Ningu\u00e9m\",\"inLanguage\":\"pt-BR\",\"potentialAction\":[{\"@type\":\"ReadAction\",\"target\":[\"https:\\\/\\\/redenoticiaz.com.br\\\/litoralsp\\\/2023\\\/05\\\/31\\\/acidentes-complicam-a-pista-de-subida-da-imigrantes\"]}]},{\"@type\":\"ImageObject\",\"inLanguage\":\"pt-BR\",\"@id\":\"https:\\\/\\\/redenoticiaz.com.br\\\/litoralsp\\\/2023\\\/05\\\/31\\\/acidentes-complicam-a-pista-de-subida-da-imigrantes#primaryimage\",\"url\":\"https:\\\/\\\/redenoticiaz.com.br\\\/litoralsp\\\/wp-content\\\/uploads\\\/sites\\\/3\\\/2023\\\/05\\\/image.jpg\",\"contentUrl\":\"https:\\\/\\\/redenoticiaz.com.br\\\/litoralsp\\\/wp-content\\\/uploads\\\/sites\\\/3\\\/2023\\\/05\\\/image.jpg\",\"width\":710,\"height\":355,\"caption\":\"Cr\u00e9ditos: Divulga\u00e7\u00e3o\\\/Ecovias\"},{\"@type\":\"WebSite\",\"@id\":\"https:\\\/\\\/redenoticiaz.com.br\\\/litoralsp\\\/#website\",\"url\":\"https:\\\/\\\/redenoticiaz.com.br\\\/litoralsp\\\/\",\"name\":\"Litoral SP\",\"description\":\"Rede NoticiaZ\",\"publisher\":{\"@id\":\"https:\\\/\\\/redenoticiaz.com.br\\\/litoralsp\\\/#organization\"},\"potentialAction\":[{\"@type\":\"SearchAction\",\"target\":{\"@type\":\"EntryPoint\",\"urlTemplate\":\"https:\\\/\\\/redenoticiaz.com.br\\\/litoralsp\\\/?s={search_term_string}\"},\"query-input\":{\"@type\":\"PropertyValueSpecification\",\"valueRequired\":true,\"valueName\":\"search_term_string\"}}],\"inLanguage\":\"pt-BR\"},{\"@type\":\"Organization\",\"@id\":\"https:\\\/\\\/redenoticiaz.com.br\\\/litoralsp\\\/#organization\",\"name\":\"Litoral SP\",\"url\":\"https:\\\/\\\/redenoticiaz.com.br\\\/litoralsp\\\/\",\"logo\":{\"@type\":\"ImageObject\",\"inLanguage\":\"pt-BR\",\"@id\":\"https:\\\/\\\/redenoticiaz.com.br\\\/litoralsp\\\/#\\\/schema\\\/logo\\\/image\\\/\",\"url\":\"https:\\\/\\\/redenoticiaz.com.br\\\/litoralsp\\\/wp-content\\\/uploads\\\/sites\\\/3\\\/2020\\\/11\\\/logo.jpg\",\"contentUrl\":\"https:\\\/\\\/redenoticiaz.com.br\\\/litoralsp\\\/wp-content\\\/uploads\\\/sites\\\/3\\\/2020\\\/11\\\/logo.jpg\",\"width\":400,\"height\":250,\"caption\":\"Litoral SP\"},\"image\":{\"@id\":\"https:\\\/\\\/redenoticiaz.com.br\\\/litoralsp\\\/#\\\/schema\\\/logo\\\/image\\\/\"}},{\"@type\":\"Person\",\"@id\":\"https:\\\/\\\/redenoticiaz.com.br\\\/litoralsp\\\/#\\\/schema\\\/person\\\/0f0b8a5bdafefe82841e07ae8d81ecb3\",\"name\":\"Leonardo Francisco\",\"image\":{\"@type\":\"ImageObject\",\"inLanguage\":\"pt-BR\",\"@id\":\"https:\\\/\\\/secure.gravatar.com\\\/avatar\\\/a7358cb406a99b682ec6df1e77e31ae82e63601f6784e8a3df411d72b37864da?s=96&d=mm&r=g\",\"url\":\"https:\\\/\\\/secure.gravatar.com\\\/avatar\\\/a7358cb406a99b682ec6df1e77e31ae82e63601f6784e8a3df411d72b37864da?s=96&d=mm&r=g\",\"contentUrl\":\"https:\\\/\\\/secure.gravatar.com\\\/avatar\\\/a7358cb406a99b682ec6df1e77e31ae82e63601f6784e8a3df411d72b37864da?s=96&d=mm&r=g\",\"caption\":\"Leonardo Francisco\"},\"url\":\"https:\\\/\\\/redenoticiaz.com.br\\\/litoralsp\\\/author\\\/leonardo-francisco\"}]}<\/script>\n<!-- \/ Yoast SEO plugin. -->","yoast_head_json":{"title":"Acidentes complicam a pista de subida da Imigrantes - Litoral SP","description":"acidentes foram constatados pela manh\u00e3 no trecho de S\u00e3o Vicente, no sentido S\u00e3o Paulo da Rodovia dos Imigrantes. Ningu\u00e9m","robots":{"index":"index","follow":"follow","max-snippet":"max-snippet:-1","max-image-preview":"max-image-preview:large","max-video-preview":"max-video-preview:-1"},"canonical":"https:\/\/redenoticiaz.com.br\/litoralsp\/2023\/05\/31\/acidentes-complicam-a-pista-de-subida-da-imigrantes","og_locale":"pt_BR","og_type":"article","og_title":"Acidentes complicam a pista de subida da Imigrantes - Litoral SP","og_description":"acidentes foram constatados pela manh\u00e3 no trecho de S\u00e3o Vicente, no sentido S\u00e3o Paulo da Rodovia dos Imigrantes. Ningu\u00e9m","og_url":"https:\/\/redenoticiaz.com.br\/litoralsp\/2023\/05\/31\/acidentes-complicam-a-pista-de-subida-da-imigrantes","og_site_name":"Litoral SP","article_published_time":"2023-05-31T15:14:21+00:00","article_modified_time":"2023-05-31T17:30:26+00:00","og_image":[{"width":710,"height":355,"url":"https:\/\/redenoticiaz.com.br\/litoralsp\/wp-content\/uploads\/sites\/3\/2023\/05\/image.jpg","type":"image\/jpeg"}],"author":"Leonardo Francisco","twitter_card":"summary_large_image","twitter_misc":{"Escrito por":"Leonardo Francisco","Est. tempo de leitura":"2 minutos"},"schema":{"@context":"https:\/\/schema.org","@graph":[{"@type":"Article","@id":"https:\/\/redenoticiaz.com.br\/litoralsp\/2023\/05\/31\/acidentes-complicam-a-pista-de-subida-da-imigrantes#article","isPartOf":{"@id":"https:\/\/redenoticiaz.com.br\/litoralsp\/2023\/05\/31\/acidentes-complicam-a-pista-de-subida-da-imigrantes"},"author":{"name":"Leonardo Francisco","@id":"https:\/\/redenoticiaz.com.br\/litoralsp\/#\/schema\/person\/0f0b8a5bdafefe82841e07ae8d81ecb3"},"headline":"Acidentes complicam a pista de subida da Imigrantes","datePublished":"2023-05-31T15:14:21+00:00","dateModified":"2023-05-31T17:30:26+00:00","mainEntityOfPage":{"@id":"https:\/\/redenoticiaz.com.br\/litoralsp\/2023\/05\/31\/acidentes-complicam-a-pista-de-subida-da-imigrantes"},"wordCount":278,"commentCount":0,"publisher":{"@id":"https:\/\/redenoticiaz.com.br\/litoralsp\/#organization"},"image":{"@id":"https:\/\/redenoticiaz.com.br\/litoralsp\/2023\/05\/31\/acidentes-complicam-a-pista-de-subida-da-imigrantes#primaryimage"},"thumbnailUrl":"https:\/\/redenoticiaz.com.br\/litoralsp\/wp-content\/uploads\/sites\/3\/2023\/05\/image.jpg","keywords":["acidente","ECOVIAS","LENTID\u00c3O","RODOVIA DOS IMIGRANTES","S\u00e3o Vicente","SISTEMA ANCHIETA-IMIGRANTES"],"articleSection":["S\u00e3o Vicente","Tr\u00e2nsito"],"inLanguage":"pt-BR","potentialAction":[{"@type":"CommentAction","name":"Comment","target":["https:\/\/redenoticiaz.com.br\/litoralsp\/2023\/05\/31\/acidentes-complicam-a-pista-de-subida-da-imigrantes#respond"]}]},{"@type":"WebPage","@id":"https:\/\/redenoticiaz.com.br\/litoralsp\/2023\/05\/31\/acidentes-complicam-a-pista-de-subida-da-imigrantes","url":"https:\/\/redenoticiaz.com.br\/litoralsp\/2023\/05\/31\/acidentes-complicam-a-pista-de-subida-da-imigrantes","name":"Acidentes complicam a pista de subida da Imigrantes - Litoral SP","isPartOf":{"@id":"https:\/\/redenoticiaz.com.br\/litoralsp\/#website"},"primaryImageOfPage":{"@id":"https:\/\/redenoticiaz.com.br\/litoralsp\/2023\/05\/31\/acidentes-complicam-a-pista-de-subida-da-imigrantes#primaryimage"},"image":{"@id":"https:\/\/redenoticiaz.com.br\/litoralsp\/2023\/05\/31\/acidentes-complicam-a-pista-de-subida-da-imigrantes#primaryimage"},"thumbnailUrl":"https:\/\/redenoticiaz.com.br\/litoralsp\/wp-content\/uploads\/sites\/3\/2023\/05\/image.jpg","datePublished":"2023-05-31T15:14:21+00:00","dateModified":"2023-05-31T17:30:26+00:00","description":"acidentes foram constatados pela manh\u00e3 no trecho de S\u00e3o Vicente, no sentido S\u00e3o Paulo da Rodovia dos Imigrantes. Ningu\u00e9m","inLanguage":"pt-BR","potentialAction":[{"@type":"ReadAction","target":["https:\/\/redenoticiaz.com.br\/litoralsp\/2023\/05\/31\/acidentes-complicam-a-pista-de-subida-da-imigrantes"]}]},{"@type":"ImageObject","inLanguage":"pt-BR","@id":"https:\/\/redenoticiaz.com.br\/litoralsp\/2023\/05\/31\/acidentes-complicam-a-pista-de-subida-da-imigrantes#primaryimage","url":"https:\/\/redenoticiaz.com.br\/litoralsp\/wp-content\/uploads\/sites\/3\/2023\/05\/image.jpg","contentUrl":"https:\/\/redenoticiaz.com.br\/litoralsp\/wp-content\/uploads\/sites\/3\/2023\/05\/image.jpg","width":710,"height":355,"caption":"Cr\u00e9ditos: Divulga\u00e7\u00e3o\/Ecovias"},{"@type":"WebSite","@id":"https:\/\/redenoticiaz.com.br\/litoralsp\/#website","url":"https:\/\/redenoticiaz.com.br\/litoralsp\/","name":"Litoral SP","description":"Rede NoticiaZ","publisher":{"@id":"https:\/\/redenoticiaz.com.br\/litoralsp\/#organization"},"potentialAction":[{"@type":"SearchAction","target":{"@type":"EntryPoint","urlTemplate":"https:\/\/redenoticiaz.com.br\/litoralsp\/?s={search_term_string}"},"query-input":{"@type":"PropertyValueSpecification","valueRequired":true,"valueName":"search_term_string"}}],"inLanguage":"pt-BR"},{"@type":"Organization","@id":"https:\/\/redenoticiaz.com.br\/litoralsp\/#organization","name":"Litoral SP","url":"https:\/\/redenoticiaz.com.br\/litoralsp\/","logo":{"@type":"ImageObject","inLanguage":"pt-BR","@id":"https:\/\/redenoticiaz.com.br\/litoralsp\/#\/schema\/logo\/image\/","url":"https:\/\/redenoticiaz.com.br\/litoralsp\/wp-content\/uploads\/sites\/3\/2020\/11\/logo.jpg","contentUrl":"https:\/\/redenoticiaz.com.br\/litoralsp\/wp-content\/uploads\/sites\/3\/2020\/11\/logo.jpg","width":400,"height":250,"caption":"Litoral SP"},"image":{"@id":"https:\/\/redenoticiaz.com.br\/litoralsp\/#\/schema\/logo\/image\/"}},{"@type":"Person","@id":"https:\/\/redenoticiaz.com.br\/litoralsp\/#\/schema\/person\/0f0b8a5bdafefe82841e07ae8d81ecb3","name":"Leonardo Francisco","image":{"@type":"ImageObject","inLanguage":"pt-BR","@id":"https:\/\/secure.gravatar.com\/avatar\/a7358cb406a99b682ec6df1e77e31ae82e63601f6784e8a3df411d72b37864da?s=96&d=mm&r=g","url":"https:\/\/secure.gravatar.com\/avatar\/a7358cb406a99b682ec6df1e77e31ae82e63601f6784e8a3df411d72b37864da?s=96&d=mm&r=g","contentUrl":"https:\/\/secure.gravatar.com\/avatar\/a7358cb406a99b682ec6df1e77e31ae82e63601f6784e8a3df411d72b37864da?s=96&d=mm&r=g","caption":"Leonardo Francisco"},"url":"https:\/\/redenoticiaz.com.br\/litoralsp\/author\/leonardo-francisco"}]}},"_links":{"self":[{"href":"https:\/\/redenoticiaz.com.br\/litoralsp\/wp-json\/wp\/v2\/posts\/106618","targetHints":{"allow":["GET"]}}],"collection":[{"href":"https:\/\/redenoticiaz.com.br\/litoralsp\/wp-json\/wp\/v2\/posts"}],"about":[{"href":"https:\/\/redenoticiaz.com.br\/litoralsp\/wp-json\/wp\/v2\/types\/post"}],"author":[{"embeddable":true,"href":"https:\/\/redenoticiaz.com.br\/litoralsp\/wp-json\/wp\/v2\/users\/6"}],"replies":[{"embeddable":true,"href":"https:\/\/redenoticiaz.com.br\/litoralsp\/wp-json\/wp\/v2\/comments?post=106618"}],"version-history":[{"count":3,"href":"https:\/\/redenoticiaz.com.br\/litoralsp\/wp-json\/wp\/v2\/posts\/106618\/revisions"}],"predecessor-version":[{"id":106636,"href":"https:\/\/redenoticiaz.com.br\/litoralsp\/wp-json\/wp\/v2\/posts\/106618\/revisions\/106636"}],"wp:featuredmedia":[{"embeddable":true,"href":"https:\/\/redenoticiaz.com.br\/litoralsp\/wp-json\/wp\/v2\/media\/106619"}],"wp:attachment":[{"href":"https:\/\/redenoticiaz.com.br\/litoralsp\/wp-json\/wp\/v2\/media?parent=106618"}],"wp:term":[{"taxonomy":"category","embeddable":true,"href":"https:\/\/redenoticiaz.com.br\/litoralsp\/wp-json\/wp\/v2\/categories?post=106618"},{"taxonomy":"post_tag","embeddable":true,"href":"https:\/\/redenoticiaz.com.br\/litoralsp\/wp-json\/wp\/v2\/tags?post=106618"}],"curies":[{"name":"wp","href":"https:\/\/api.w.org\/{rel}","templated":true}]}}