{"id":106655,"date":"2023-06-03T17:00:24","date_gmt":"2023-06-03T20:00:24","guid":{"rendered":"https:\/\/redenoticiaz.com.br\/litoralsp\/?p=106655"},"modified":"2023-05-31T18:31:42","modified_gmt":"2023-05-31T21:31:42","slug":"o-terror-mais-esperado-do-ano-boogeyman-seu-medo-real-estreia-no-cinema","status":"publish","type":"post","link":"https:\/\/redenoticiaz.com.br\/litoralsp\/2023\/06\/03\/o-terror-mais-esperado-do-ano-boogeyman-seu-medo-real-estreia-no-cinema","title":{"rendered":"O terror mais esperado do ano &#8211; Boogeyman: Seu Medo Real estreia no cinema"},"content":{"rendered":"<p class=\"v1MsoNormal\">Voc\u00ea tem medo do Bicho-Pap\u00e3o? O filme mais aguardado chegou nesta semana, com exclusivamente nos cinemas: \u201c<b>Boogeyman: Seu Medo \u00e9 Real<\/b>\u201d.<\/p>\n<p class=\"v1MsoNormal\">O thriller conta a hist\u00f3ria da aluna do ensino m\u00e9dio Sadie Harper e sua irm\u00e3 mais nova Sawyer, que sofrem com a recente morte de sua m\u00e3e e n\u00e3o recebem o apoio de seu pai, Will, um terapeuta que tamb\u00e9m est\u00e1 lidando com sua pr\u00f3pria dor. Quando um paciente aflito aparece inesperadamente em sua casa em busca de ajuda, ele deixa para tr\u00e1s uma terr\u00edvel entidade sobrenatural que persegue fam\u00edlias e se alimenta do sofrimento de suas v\u00edtimas.<\/p>\n<h2>Assista ao trailer:<\/h2>\n<p><iframe loading=\"lazy\" title=\"Boogeyman: Seu Medo \u00e9 Real | Trailer Oficial Dublado\" width=\"500\" height=\"281\" src=\"https:\/\/www.youtube.com\/embed\/r-5x_JNiuNM?feature=oembed\" frameborder=\"0\" allow=\"accelerometer; autoplay; clipboard-write; encrypted-media; gyroscope; picture-in-picture; web-share\" referrerpolicy=\"strict-origin-when-cross-origin\" allowfullscreen><\/iframe><\/p>\n<p>VEJA TAMB\u00c9M:\u00a0<a href=\"https:\/\/redenoticiaz.com.br\/barretos-regiao\/sp\/2023\/05\/27\/serie-da-disney-reune-novos-e-antigos-nomes-do-mcu\">Trailer- S\u00e9rie da Disney re\u00fane novos e antigos nomes do MCU<\/a><\/p>\n<p class=\"v1MsoNormal\" align=\"center\">\n","protected":false},"excerpt":{"rendered":"<p>Voc\u00ea tem medo do Bicho-Pap\u00e3o? O filme mais aguardado chegou nesta semana, com exclusivamente nos cinemas: \u201cBoogeyman: Seu Medo \u00e9 Real\u201d. O thriller conta a hist\u00f3ria da aluna do ensino m\u00e9dio Sadie Harper e sua irm\u00e3 mais nova Sawyer, que sofrem com a recente morte de sua m\u00e3e e n\u00e3o recebem o apoio de seu &hellip;<\/p>\n","protected":false},"author":30,"featured_media":106656,"comment_status":"open","ping_status":"closed","sticky":false,"template":"","format":"standard","meta":{"footnotes":""},"categories":[62064,169,170],"tags":[65530,44750,55547,56915,53805],"class_list":["post-106655","post","type-post","status-publish","format-standard","has-post-thumbnail","hentry","category-cameraz","category-cultura","category-entretenimento","tag-boogeyman-seu-medo-e-real","tag-cinema","tag-filme","tag-terror","tag-trailer"],"yoast_head":"<!-- This site is optimized with the Yoast SEO plugin v27.4 - https:\/\/yoast.com\/product\/yoast-seo-wordpress\/ -->\n<title>O terror mais esperado do ano &#8211; Boogeyman: Seu Medo Real estreia no cinema - Litoral SP<\/title>\n<meta name=\"description\" content=\"Voc\u00ea tem medo do Bicho-Pap\u00e3o? O filme mais aguardado chegou nesta semana, com exclusivamente nos cinemas: \u201cBoogeyman: Seu Medo \u00e9 Real\u201d.\" \/>\n<meta name=\"robots\" content=\"index, follow, max-snippet:-1, max-image-preview:large, max-video-preview:-1\" \/>\n<link rel=\"canonical\" href=\"https:\/\/redenoticiaz.com.br\/litoralsp\/2023\/06\/03\/o-terror-mais-esperado-do-ano-boogeyman-seu-medo-real-estreia-no-cinema\" \/>\n<meta property=\"og:locale\" content=\"pt_BR\" \/>\n<meta property=\"og:type\" content=\"article\" \/>\n<meta property=\"og:title\" content=\"O terror mais esperado do ano &#8211; Boogeyman: Seu Medo Real estreia no cinema - Litoral SP\" \/>\n<meta property=\"og:description\" content=\"Voc\u00ea tem medo do Bicho-Pap\u00e3o? O filme mais aguardado chegou nesta semana, com exclusivamente nos cinemas: \u201cBoogeyman: Seu Medo \u00e9 Real\u201d.\" \/>\n<meta property=\"og:url\" content=\"https:\/\/redenoticiaz.com.br\/litoralsp\/2023\/06\/03\/o-terror-mais-esperado-do-ano-boogeyman-seu-medo-real-estreia-no-cinema\" \/>\n<meta property=\"og:site_name\" content=\"Litoral SP\" \/>\n<meta property=\"article:published_time\" content=\"2023-06-03T20:00:24+00:00\" \/>\n<meta property=\"og:image\" content=\"https:\/\/redenoticiaz.com.br\/litoralsp\/wp-content\/uploads\/sites\/3\/2023\/05\/terror.jpg\" \/>\n\t<meta property=\"og:image:width\" content=\"1100\" \/>\n\t<meta property=\"og:image:height\" content=\"460\" \/>\n\t<meta property=\"og:image:type\" content=\"image\/jpeg\" \/>\n<meta name=\"author\" content=\"Carina Reifonas\" \/>\n<meta name=\"twitter:card\" content=\"summary_large_image\" \/>\n<meta name=\"twitter:label1\" content=\"Escrito por\" \/>\n\t<meta name=\"twitter:data1\" content=\"Carina Reifonas\" \/>\n\t<meta name=\"twitter:label2\" content=\"Est. tempo de leitura\" \/>\n\t<meta name=\"twitter:data2\" content=\"1 minuto\" \/>\n<script type=\"application\/ld+json\" class=\"yoast-schema-graph\">{\"@context\":\"https:\\\/\\\/schema.org\",\"@graph\":[{\"@type\":\"Article\",\"@id\":\"https:\\\/\\\/redenoticiaz.com.br\\\/litoralsp\\\/2023\\\/06\\\/03\\\/o-terror-mais-esperado-do-ano-boogeyman-seu-medo-real-estreia-no-cinema#article\",\"isPartOf\":{\"@id\":\"https:\\\/\\\/redenoticiaz.com.br\\\/litoralsp\\\/2023\\\/06\\\/03\\\/o-terror-mais-esperado-do-ano-boogeyman-seu-medo-real-estreia-no-cinema\"},\"author\":{\"name\":\"Carina Reifonas\",\"@id\":\"https:\\\/\\\/redenoticiaz.com.br\\\/litoralsp\\\/#\\\/schema\\\/person\\\/1f84d6e94e6a62d2d81199d7503e9e90\"},\"headline\":\"O terror mais esperado do ano &#8211; Boogeyman: Seu Medo Real estreia no cinema\",\"datePublished\":\"2023-06-03T20:00:24+00:00\",\"mainEntityOfPage\":{\"@id\":\"https:\\\/\\\/redenoticiaz.com.br\\\/litoralsp\\\/2023\\\/06\\\/03\\\/o-terror-mais-esperado-do-ano-boogeyman-seu-medo-real-estreia-no-cinema\"},\"wordCount\":154,\"commentCount\":0,\"publisher\":{\"@id\":\"https:\\\/\\\/redenoticiaz.com.br\\\/litoralsp\\\/#organization\"},\"image\":{\"@id\":\"https:\\\/\\\/redenoticiaz.com.br\\\/litoralsp\\\/2023\\\/06\\\/03\\\/o-terror-mais-esperado-do-ano-boogeyman-seu-medo-real-estreia-no-cinema#primaryimage\"},\"thumbnailUrl\":\"https:\\\/\\\/redenoticiaz.com.br\\\/litoralsp\\\/wp-content\\\/uploads\\\/sites\\\/3\\\/2023\\\/05\\\/terror.jpg\",\"keywords\":[\"Boogeyman: Seu Medo \u00e9 Real\",\"CINEMA\",\"FILME\",\"terror\",\"TRAILER\"],\"articleSection\":[\"C\u00e2mera Z\",\"Cultura\",\"Entretenimento\"],\"inLanguage\":\"pt-BR\",\"potentialAction\":[{\"@type\":\"CommentAction\",\"name\":\"Comment\",\"target\":[\"https:\\\/\\\/redenoticiaz.com.br\\\/litoralsp\\\/2023\\\/06\\\/03\\\/o-terror-mais-esperado-do-ano-boogeyman-seu-medo-real-estreia-no-cinema#respond\"]}]},{\"@type\":\"WebPage\",\"@id\":\"https:\\\/\\\/redenoticiaz.com.br\\\/litoralsp\\\/2023\\\/06\\\/03\\\/o-terror-mais-esperado-do-ano-boogeyman-seu-medo-real-estreia-no-cinema\",\"url\":\"https:\\\/\\\/redenoticiaz.com.br\\\/litoralsp\\\/2023\\\/06\\\/03\\\/o-terror-mais-esperado-do-ano-boogeyman-seu-medo-real-estreia-no-cinema\",\"name\":\"O terror mais esperado do ano &#8211; Boogeyman: Seu Medo Real estreia no cinema - Litoral SP\",\"isPartOf\":{\"@id\":\"https:\\\/\\\/redenoticiaz.com.br\\\/litoralsp\\\/#website\"},\"primaryImageOfPage\":{\"@id\":\"https:\\\/\\\/redenoticiaz.com.br\\\/litoralsp\\\/2023\\\/06\\\/03\\\/o-terror-mais-esperado-do-ano-boogeyman-seu-medo-real-estreia-no-cinema#primaryimage\"},\"image\":{\"@id\":\"https:\\\/\\\/redenoticiaz.com.br\\\/litoralsp\\\/2023\\\/06\\\/03\\\/o-terror-mais-esperado-do-ano-boogeyman-seu-medo-real-estreia-no-cinema#primaryimage\"},\"thumbnailUrl\":\"https:\\\/\\\/redenoticiaz.com.br\\\/litoralsp\\\/wp-content\\\/uploads\\\/sites\\\/3\\\/2023\\\/05\\\/terror.jpg\",\"datePublished\":\"2023-06-03T20:00:24+00:00\",\"description\":\"Voc\u00ea tem medo do Bicho-Pap\u00e3o? O filme mais aguardado chegou nesta semana, com exclusivamente nos cinemas: \u201cBoogeyman: Seu Medo \u00e9 Real\u201d.\",\"inLanguage\":\"pt-BR\",\"potentialAction\":[{\"@type\":\"ReadAction\",\"target\":[\"https:\\\/\\\/redenoticiaz.com.br\\\/litoralsp\\\/2023\\\/06\\\/03\\\/o-terror-mais-esperado-do-ano-boogeyman-seu-medo-real-estreia-no-cinema\"]}]},{\"@type\":\"ImageObject\",\"inLanguage\":\"pt-BR\",\"@id\":\"https:\\\/\\\/redenoticiaz.com.br\\\/litoralsp\\\/2023\\\/06\\\/03\\\/o-terror-mais-esperado-do-ano-boogeyman-seu-medo-real-estreia-no-cinema#primaryimage\",\"url\":\"https:\\\/\\\/redenoticiaz.com.br\\\/litoralsp\\\/wp-content\\\/uploads\\\/sites\\\/3\\\/2023\\\/05\\\/terror.jpg\",\"contentUrl\":\"https:\\\/\\\/redenoticiaz.com.br\\\/litoralsp\\\/wp-content\\\/uploads\\\/sites\\\/3\\\/2023\\\/05\\\/terror.jpg\",\"width\":1100,\"height\":460},{\"@type\":\"WebSite\",\"@id\":\"https:\\\/\\\/redenoticiaz.com.br\\\/litoralsp\\\/#website\",\"url\":\"https:\\\/\\\/redenoticiaz.com.br\\\/litoralsp\\\/\",\"name\":\"Litoral SP\",\"description\":\"Rede NoticiaZ\",\"publisher\":{\"@id\":\"https:\\\/\\\/redenoticiaz.com.br\\\/litoralsp\\\/#organization\"},\"potentialAction\":[{\"@type\":\"SearchAction\",\"target\":{\"@type\":\"EntryPoint\",\"urlTemplate\":\"https:\\\/\\\/redenoticiaz.com.br\\\/litoralsp\\\/?s={search_term_string}\"},\"query-input\":{\"@type\":\"PropertyValueSpecification\",\"valueRequired\":true,\"valueName\":\"search_term_string\"}}],\"inLanguage\":\"pt-BR\"},{\"@type\":\"Organization\",\"@id\":\"https:\\\/\\\/redenoticiaz.com.br\\\/litoralsp\\\/#organization\",\"name\":\"Litoral SP\",\"url\":\"https:\\\/\\\/redenoticiaz.com.br\\\/litoralsp\\\/\",\"logo\":{\"@type\":\"ImageObject\",\"inLanguage\":\"pt-BR\",\"@id\":\"https:\\\/\\\/redenoticiaz.com.br\\\/litoralsp\\\/#\\\/schema\\\/logo\\\/image\\\/\",\"url\":\"https:\\\/\\\/redenoticiaz.com.br\\\/litoralsp\\\/wp-content\\\/uploads\\\/sites\\\/3\\\/2020\\\/11\\\/logo.jpg\",\"contentUrl\":\"https:\\\/\\\/redenoticiaz.com.br\\\/litoralsp\\\/wp-content\\\/uploads\\\/sites\\\/3\\\/2020\\\/11\\\/logo.jpg\",\"width\":400,\"height\":250,\"caption\":\"Litoral SP\"},\"image\":{\"@id\":\"https:\\\/\\\/redenoticiaz.com.br\\\/litoralsp\\\/#\\\/schema\\\/logo\\\/image\\\/\"}},{\"@type\":\"Person\",\"@id\":\"https:\\\/\\\/redenoticiaz.com.br\\\/litoralsp\\\/#\\\/schema\\\/person\\\/1f84d6e94e6a62d2d81199d7503e9e90\",\"name\":\"Carina Reifonas\",\"image\":{\"@type\":\"ImageObject\",\"inLanguage\":\"pt-BR\",\"@id\":\"https:\\\/\\\/secure.gravatar.com\\\/avatar\\\/04c59859b23696cf867715880f81d5c037e60109730bdb4e6670ec2a2245bc97?s=96&d=mm&r=g\",\"url\":\"https:\\\/\\\/secure.gravatar.com\\\/avatar\\\/04c59859b23696cf867715880f81d5c037e60109730bdb4e6670ec2a2245bc97?s=96&d=mm&r=g\",\"contentUrl\":\"https:\\\/\\\/secure.gravatar.com\\\/avatar\\\/04c59859b23696cf867715880f81d5c037e60109730bdb4e6670ec2a2245bc97?s=96&d=mm&r=g\",\"caption\":\"Carina Reifonas\"},\"url\":\"https:\\\/\\\/redenoticiaz.com.br\\\/litoralsp\\\/author\\\/carinareifonas\"}]}<\/script>\n<!-- \/ Yoast SEO plugin. -->","yoast_head_json":{"title":"O terror mais esperado do ano &#8211; Boogeyman: Seu Medo Real estreia no cinema - Litoral SP","description":"Voc\u00ea tem medo do Bicho-Pap\u00e3o? O filme mais aguardado chegou nesta semana, com exclusivamente nos cinemas: \u201cBoogeyman: Seu Medo \u00e9 Real\u201d.","robots":{"index":"index","follow":"follow","max-snippet":"max-snippet:-1","max-image-preview":"max-image-preview:large","max-video-preview":"max-video-preview:-1"},"canonical":"https:\/\/redenoticiaz.com.br\/litoralsp\/2023\/06\/03\/o-terror-mais-esperado-do-ano-boogeyman-seu-medo-real-estreia-no-cinema","og_locale":"pt_BR","og_type":"article","og_title":"O terror mais esperado do ano &#8211; Boogeyman: Seu Medo Real estreia no cinema - Litoral SP","og_description":"Voc\u00ea tem medo do Bicho-Pap\u00e3o? O filme mais aguardado chegou nesta semana, com exclusivamente nos cinemas: \u201cBoogeyman: Seu Medo \u00e9 Real\u201d.","og_url":"https:\/\/redenoticiaz.com.br\/litoralsp\/2023\/06\/03\/o-terror-mais-esperado-do-ano-boogeyman-seu-medo-real-estreia-no-cinema","og_site_name":"Litoral SP","article_published_time":"2023-06-03T20:00:24+00:00","og_image":[{"width":1100,"height":460,"url":"https:\/\/redenoticiaz.com.br\/litoralsp\/wp-content\/uploads\/sites\/3\/2023\/05\/terror.jpg","type":"image\/jpeg"}],"author":"Carina Reifonas","twitter_card":"summary_large_image","twitter_misc":{"Escrito por":"Carina Reifonas","Est. tempo de leitura":"1 minuto"},"schema":{"@context":"https:\/\/schema.org","@graph":[{"@type":"Article","@id":"https:\/\/redenoticiaz.com.br\/litoralsp\/2023\/06\/03\/o-terror-mais-esperado-do-ano-boogeyman-seu-medo-real-estreia-no-cinema#article","isPartOf":{"@id":"https:\/\/redenoticiaz.com.br\/litoralsp\/2023\/06\/03\/o-terror-mais-esperado-do-ano-boogeyman-seu-medo-real-estreia-no-cinema"},"author":{"name":"Carina Reifonas","@id":"https:\/\/redenoticiaz.com.br\/litoralsp\/#\/schema\/person\/1f84d6e94e6a62d2d81199d7503e9e90"},"headline":"O terror mais esperado do ano &#8211; Boogeyman: Seu Medo Real estreia no cinema","datePublished":"2023-06-03T20:00:24+00:00","mainEntityOfPage":{"@id":"https:\/\/redenoticiaz.com.br\/litoralsp\/2023\/06\/03\/o-terror-mais-esperado-do-ano-boogeyman-seu-medo-real-estreia-no-cinema"},"wordCount":154,"commentCount":0,"publisher":{"@id":"https:\/\/redenoticiaz.com.br\/litoralsp\/#organization"},"image":{"@id":"https:\/\/redenoticiaz.com.br\/litoralsp\/2023\/06\/03\/o-terror-mais-esperado-do-ano-boogeyman-seu-medo-real-estreia-no-cinema#primaryimage"},"thumbnailUrl":"https:\/\/redenoticiaz.com.br\/litoralsp\/wp-content\/uploads\/sites\/3\/2023\/05\/terror.jpg","keywords":["Boogeyman: Seu Medo \u00e9 Real","CINEMA","FILME","terror","TRAILER"],"articleSection":["C\u00e2mera Z","Cultura","Entretenimento"],"inLanguage":"pt-BR","potentialAction":[{"@type":"CommentAction","name":"Comment","target":["https:\/\/redenoticiaz.com.br\/litoralsp\/2023\/06\/03\/o-terror-mais-esperado-do-ano-boogeyman-seu-medo-real-estreia-no-cinema#respond"]}]},{"@type":"WebPage","@id":"https:\/\/redenoticiaz.com.br\/litoralsp\/2023\/06\/03\/o-terror-mais-esperado-do-ano-boogeyman-seu-medo-real-estreia-no-cinema","url":"https:\/\/redenoticiaz.com.br\/litoralsp\/2023\/06\/03\/o-terror-mais-esperado-do-ano-boogeyman-seu-medo-real-estreia-no-cinema","name":"O terror mais esperado do ano &#8211; Boogeyman: Seu Medo Real estreia no cinema - Litoral SP","isPartOf":{"@id":"https:\/\/redenoticiaz.com.br\/litoralsp\/#website"},"primaryImageOfPage":{"@id":"https:\/\/redenoticiaz.com.br\/litoralsp\/2023\/06\/03\/o-terror-mais-esperado-do-ano-boogeyman-seu-medo-real-estreia-no-cinema#primaryimage"},"image":{"@id":"https:\/\/redenoticiaz.com.br\/litoralsp\/2023\/06\/03\/o-terror-mais-esperado-do-ano-boogeyman-seu-medo-real-estreia-no-cinema#primaryimage"},"thumbnailUrl":"https:\/\/redenoticiaz.com.br\/litoralsp\/wp-content\/uploads\/sites\/3\/2023\/05\/terror.jpg","datePublished":"2023-06-03T20:00:24+00:00","description":"Voc\u00ea tem medo do Bicho-Pap\u00e3o? O filme mais aguardado chegou nesta semana, com exclusivamente nos cinemas: \u201cBoogeyman: Seu Medo \u00e9 Real\u201d.","inLanguage":"pt-BR","potentialAction":[{"@type":"ReadAction","target":["https:\/\/redenoticiaz.com.br\/litoralsp\/2023\/06\/03\/o-terror-mais-esperado-do-ano-boogeyman-seu-medo-real-estreia-no-cinema"]}]},{"@type":"ImageObject","inLanguage":"pt-BR","@id":"https:\/\/redenoticiaz.com.br\/litoralsp\/2023\/06\/03\/o-terror-mais-esperado-do-ano-boogeyman-seu-medo-real-estreia-no-cinema#primaryimage","url":"https:\/\/redenoticiaz.com.br\/litoralsp\/wp-content\/uploads\/sites\/3\/2023\/05\/terror.jpg","contentUrl":"https:\/\/redenoticiaz.com.br\/litoralsp\/wp-content\/uploads\/sites\/3\/2023\/05\/terror.jpg","width":1100,"height":460},{"@type":"WebSite","@id":"https:\/\/redenoticiaz.com.br\/litoralsp\/#website","url":"https:\/\/redenoticiaz.com.br\/litoralsp\/","name":"Litoral SP","description":"Rede NoticiaZ","publisher":{"@id":"https:\/\/redenoticiaz.com.br\/litoralsp\/#organization"},"potentialAction":[{"@type":"SearchAction","target":{"@type":"EntryPoint","urlTemplate":"https:\/\/redenoticiaz.com.br\/litoralsp\/?s={search_term_string}"},"query-input":{"@type":"PropertyValueSpecification","valueRequired":true,"valueName":"search_term_string"}}],"inLanguage":"pt-BR"},{"@type":"Organization","@id":"https:\/\/redenoticiaz.com.br\/litoralsp\/#organization","name":"Litoral SP","url":"https:\/\/redenoticiaz.com.br\/litoralsp\/","logo":{"@type":"ImageObject","inLanguage":"pt-BR","@id":"https:\/\/redenoticiaz.com.br\/litoralsp\/#\/schema\/logo\/image\/","url":"https:\/\/redenoticiaz.com.br\/litoralsp\/wp-content\/uploads\/sites\/3\/2020\/11\/logo.jpg","contentUrl":"https:\/\/redenoticiaz.com.br\/litoralsp\/wp-content\/uploads\/sites\/3\/2020\/11\/logo.jpg","width":400,"height":250,"caption":"Litoral SP"},"image":{"@id":"https:\/\/redenoticiaz.com.br\/litoralsp\/#\/schema\/logo\/image\/"}},{"@type":"Person","@id":"https:\/\/redenoticiaz.com.br\/litoralsp\/#\/schema\/person\/1f84d6e94e6a62d2d81199d7503e9e90","name":"Carina Reifonas","image":{"@type":"ImageObject","inLanguage":"pt-BR","@id":"https:\/\/secure.gravatar.com\/avatar\/04c59859b23696cf867715880f81d5c037e60109730bdb4e6670ec2a2245bc97?s=96&d=mm&r=g","url":"https:\/\/secure.gravatar.com\/avatar\/04c59859b23696cf867715880f81d5c037e60109730bdb4e6670ec2a2245bc97?s=96&d=mm&r=g","contentUrl":"https:\/\/secure.gravatar.com\/avatar\/04c59859b23696cf867715880f81d5c037e60109730bdb4e6670ec2a2245bc97?s=96&d=mm&r=g","caption":"Carina Reifonas"},"url":"https:\/\/redenoticiaz.com.br\/litoralsp\/author\/carinareifonas"}]}},"_links":{"self":[{"href":"https:\/\/redenoticiaz.com.br\/litoralsp\/wp-json\/wp\/v2\/posts\/106655","targetHints":{"allow":["GET"]}}],"collection":[{"href":"https:\/\/redenoticiaz.com.br\/litoralsp\/wp-json\/wp\/v2\/posts"}],"about":[{"href":"https:\/\/redenoticiaz.com.br\/litoralsp\/wp-json\/wp\/v2\/types\/post"}],"author":[{"embeddable":true,"href":"https:\/\/redenoticiaz.com.br\/litoralsp\/wp-json\/wp\/v2\/users\/30"}],"replies":[{"embeddable":true,"href":"https:\/\/redenoticiaz.com.br\/litoralsp\/wp-json\/wp\/v2\/comments?post=106655"}],"version-history":[{"count":0,"href":"https:\/\/redenoticiaz.com.br\/litoralsp\/wp-json\/wp\/v2\/posts\/106655\/revisions"}],"wp:featuredmedia":[{"embeddable":true,"href":"https:\/\/redenoticiaz.com.br\/litoralsp\/wp-json\/wp\/v2\/media\/106656"}],"wp:attachment":[{"href":"https:\/\/redenoticiaz.com.br\/litoralsp\/wp-json\/wp\/v2\/media?parent=106655"}],"wp:term":[{"taxonomy":"category","embeddable":true,"href":"https:\/\/redenoticiaz.com.br\/litoralsp\/wp-json\/wp\/v2\/categories?post=106655"},{"taxonomy":"post_tag","embeddable":true,"href":"https:\/\/redenoticiaz.com.br\/litoralsp\/wp-json\/wp\/v2\/tags?post=106655"}],"curies":[{"name":"wp","href":"https:\/\/api.w.org\/{rel}","templated":true}]}}