{"id":106662,"date":"2023-05-31T22:47:53","date_gmt":"2023-06-01T01:47:53","guid":{"rendered":"https:\/\/redenoticiaz.com.br\/litoralsp\/2023\/05\/31\/brasil-goleia-a-tunisia-e-avanca-no-mundial-sub-20"},"modified":"2023-05-31T22:47:53","modified_gmt":"2023-06-01T01:47:53","slug":"brasil-goleia-a-tunisia-e-avanca-no-mundial-sub-20","status":"publish","type":"post","link":"https:\/\/redenoticiaz.com.br\/litoralsp\/2023\/05\/31\/brasil-goleia-a-tunisia-e-avanca-no-mundial-sub-20","title":{"rendered":"Brasil goleia a Tun\u00edsia e avan\u00e7a no Mundial Sub-20"},"content":{"rendered":"<p>O Brasil segue muito bem, obrigado no Mundial Sub-20 disputado na Argentina. Nesta quarta-feira (31), a Sele\u00e7\u00e3o Brasileira n\u00e3o teve maiores dificuldades contra a Tun\u00edsia e mesmo com a expuls\u00e3o de Robert Renan ainda no primeiro tempo, conseguiu <strong>golear os africanos por 4 a 1<\/strong> e assim avan\u00e7ar para as quartas de final. O pr\u00f3ximo desafio da equipe de Ramon Menezes ser\u00e1 Israel no s\u00e1bado (3 de junho).<\/p>\n<p>A classifica\u00e7\u00e3o brasileira come\u00e7ou ainda no primeiro tempo.<span class=\"sc-dvXXZy epvZtk\"> Marcos Leonardo abriu o placar em p\u00eanalti que ele mesmo sofreu e, aos 31, o atacante do Santos serviu Andrey, que fez o segundo. Tudo parecia uma calmaria sem fim. S\u00f3 que aos 45, um passe errado de Arthur obrigou o zagueiro Robert Renan a fazer uma falta em lance perigoso na frente da \u00e1rea brasileira. O defensor foi expulso, e a Tun\u00edsia reagiu no segundo tempo.<\/span><\/p>\n<p><span class=\"sc-dvXXZy epvZtk\">Os africanos chegaram a ter mais de 70% de posse de bola. Mas n\u00e3o conseguiu converter as chances que criou. Aos 31, Aouani chegou a marcar, mas o VAR indicou toque de m\u00e3o do tunisiano. O lance mudou a partida. O Brasil se sentiu aliviado com a anula\u00e7\u00e3o e, em dois contra-ataques nos minutos finais, fez o terceiro, com Matheus Martins, e o quarto, com Andrey. No \u00faltimo minuto, Ghorbel fez o de honra da Tun\u00edsia: 4 a 1 para a sele\u00e7\u00e3o de Ramon Menezes.<\/span><\/p>\n<p><span class=\"sc-dvXXZy epvZtk\">O Brasil agora encara Israel pelas quartas de final do Mundial Sub-20. A partida ser\u00e1 nesta quarta-feira, em San Juan, \u00e0s 14h30 (de Bras\u00edlia).<\/span> Por\u00e9m a Sele\u00e7\u00e3o Brasileira<span class=\"sc-dvXXZy epvZtk\"> tem problemas para a partida contra Israel, pelas quartas. Robert Renan, expulso, e Arthur, por ac\u00famulo de amarelos, est\u00e3o suspensos e n\u00e3o jogam a pr\u00f3xima partida. Al\u00e9m deles, o goleiro Mycael, com edema na coxa esquerda, \u00e9 d\u00favida para o jogo.\u00a0<\/span><\/p>\n<p><strong>LEIA TAMB\u00c9M<\/strong><\/p>\n<p><a href=\"https:\/\/redenoticiaz.com.br\/blog\/2023\/05\/31\/sevilla-o-dono-da-europa-league-por-sete-vezes\">Sevilla: o dono da Europa League por sete vezes<\/a><\/p>\n","protected":false},"excerpt":{"rendered":"<p>O Brasil segue muito bem, obrigado no Mundial Sub-20 disputado na Argentina. Nesta quarta-feira (31), a Sele\u00e7\u00e3o Brasileira n\u00e3o teve maiores dificuldades contra a Tun\u00edsia e mesmo com a expuls\u00e3o de Robert Renan ainda no primeiro tempo, conseguiu golear os africanos por 4 a 1 e assim avan\u00e7ar para as quartas de final. O pr\u00f3ximo &hellip;<\/p>\n","protected":false},"author":6,"featured_media":106663,"comment_status":"open","ping_status":"closed","sticky":false,"template":"","format":"standard","meta":{"footnotes":""},"categories":[35],"tags":[65536,2171,173,27024,63320,2017,65537],"class_list":["post-106662","post","type-post","status-publish","format-standard","has-post-thumbnail","hentry","category-esporte","tag-andrey-santos","tag-argentina","tag-brasil","tag-brasil-classificado","tag-mundial-sub-20","tag-oitavas-de-final","tag-tuniisia"],"yoast_head":"<!-- This site is optimized with the Yoast SEO plugin v27.4 - https:\/\/yoast.com\/product\/yoast-seo-wordpress\/ -->\n<title>Brasil goleia a Tun\u00edsia e avan\u00e7a no Mundial Sub-20 - Litoral SP<\/title>\n<meta name=\"description\" content=\"O Brasil segue muito bem, obrigado no Mundial Sub-20 disputado na Argentina. Nesta quarta-feira (31), a Sele\u00e7\u00e3o Brasileira n\u00e3o teve\" \/>\n<meta name=\"robots\" content=\"index, follow, max-snippet:-1, max-image-preview:large, max-video-preview:-1\" \/>\n<link rel=\"canonical\" href=\"https:\/\/redenoticiaz.com.br\/litoralsp\/2023\/05\/31\/brasil-goleia-a-tunisia-e-avanca-no-mundial-sub-20\" \/>\n<meta property=\"og:locale\" content=\"pt_BR\" \/>\n<meta property=\"og:type\" content=\"article\" \/>\n<meta property=\"og:title\" content=\"Brasil goleia a Tun\u00edsia e avan\u00e7a no Mundial Sub-20 - Litoral SP\" \/>\n<meta property=\"og:description\" content=\"O Brasil segue muito bem, obrigado no Mundial Sub-20 disputado na Argentina. Nesta quarta-feira (31), a Sele\u00e7\u00e3o Brasileira n\u00e3o teve\" \/>\n<meta property=\"og:url\" content=\"https:\/\/redenoticiaz.com.br\/litoralsp\/2023\/05\/31\/brasil-goleia-a-tunisia-e-avanca-no-mundial-sub-20\" \/>\n<meta property=\"og:site_name\" content=\"Litoral SP\" \/>\n<meta property=\"article:published_time\" content=\"2023-06-01T01:47:53+00:00\" \/>\n<meta name=\"author\" content=\"Leonardo Francisco\" \/>\n<meta name=\"twitter:card\" content=\"summary_large_image\" \/>\n<meta name=\"twitter:image\" content=\"https:\/\/redenoticiaz.com.br\/litoralsp\/wp-content\/uploads\/sites\/3\/2023\/05\/marcos-leonardo-comemora-gol-do-brasil-em-cima-da-tunisia-na-copa-do-mundo-sub-20-1685558211571_v2_615x300.jpg?v=1685583966\" \/>\n<meta name=\"twitter:label1\" content=\"Escrito por\" \/>\n\t<meta name=\"twitter:data1\" content=\"Leonardo Francisco\" \/>\n\t<meta name=\"twitter:label2\" content=\"Est. tempo de leitura\" \/>\n\t<meta name=\"twitter:data2\" content=\"2 minutos\" \/>\n<script type=\"application\/ld+json\" class=\"yoast-schema-graph\">{\"@context\":\"https:\\\/\\\/schema.org\",\"@graph\":[{\"@type\":\"Article\",\"@id\":\"https:\\\/\\\/redenoticiaz.com.br\\\/litoralsp\\\/2023\\\/05\\\/31\\\/brasil-goleia-a-tunisia-e-avanca-no-mundial-sub-20#article\",\"isPartOf\":{\"@id\":\"https:\\\/\\\/redenoticiaz.com.br\\\/litoralsp\\\/2023\\\/05\\\/31\\\/brasil-goleia-a-tunisia-e-avanca-no-mundial-sub-20\"},\"author\":{\"name\":\"Leonardo Francisco\",\"@id\":\"https:\\\/\\\/redenoticiaz.com.br\\\/litoralsp\\\/#\\\/schema\\\/person\\\/0f0b8a5bdafefe82841e07ae8d81ecb3\"},\"headline\":\"Brasil goleia a Tun\u00edsia e avan\u00e7a no Mundial Sub-20\",\"datePublished\":\"2023-06-01T01:47:53+00:00\",\"mainEntityOfPage\":{\"@id\":\"https:\\\/\\\/redenoticiaz.com.br\\\/litoralsp\\\/2023\\\/05\\\/31\\\/brasil-goleia-a-tunisia-e-avanca-no-mundial-sub-20\"},\"wordCount\":334,\"commentCount\":0,\"publisher\":{\"@id\":\"https:\\\/\\\/redenoticiaz.com.br\\\/litoralsp\\\/#organization\"},\"image\":{\"@id\":\"https:\\\/\\\/redenoticiaz.com.br\\\/litoralsp\\\/2023\\\/05\\\/31\\\/brasil-goleia-a-tunisia-e-avanca-no-mundial-sub-20#primaryimage\"},\"thumbnailUrl\":\"https:\\\/\\\/redenoticiaz.com.br\\\/litoralsp\\\/wp-content\\\/uploads\\\/sites\\\/3\\\/2023\\\/05\\\/marcos-leonardo-comemora-gol-do-brasil-em-cima-da-tunisia-na-copa-do-mundo-sub-20-1685558211571_v2_615x300.jpg?v=1685583966\",\"keywords\":[\"ANDREY SANTOS\",\"Argentina\",\"Brasil\",\"BRASIL CLASSIFICADO\",\"MUNDIAL SUB-20\",\"OITAVAS DE FINAL\",\"TUNI\u00cdSIA\"],\"articleSection\":[\"Esporte\"],\"inLanguage\":\"pt-BR\",\"potentialAction\":[{\"@type\":\"CommentAction\",\"name\":\"Comment\",\"target\":[\"https:\\\/\\\/redenoticiaz.com.br\\\/litoralsp\\\/2023\\\/05\\\/31\\\/brasil-goleia-a-tunisia-e-avanca-no-mundial-sub-20#respond\"]}]},{\"@type\":\"WebPage\",\"@id\":\"https:\\\/\\\/redenoticiaz.com.br\\\/litoralsp\\\/2023\\\/05\\\/31\\\/brasil-goleia-a-tunisia-e-avanca-no-mundial-sub-20\",\"url\":\"https:\\\/\\\/redenoticiaz.com.br\\\/litoralsp\\\/2023\\\/05\\\/31\\\/brasil-goleia-a-tunisia-e-avanca-no-mundial-sub-20\",\"name\":\"Brasil goleia a Tun\u00edsia e avan\u00e7a no Mundial Sub-20 - Litoral SP\",\"isPartOf\":{\"@id\":\"https:\\\/\\\/redenoticiaz.com.br\\\/litoralsp\\\/#website\"},\"primaryImageOfPage\":{\"@id\":\"https:\\\/\\\/redenoticiaz.com.br\\\/litoralsp\\\/2023\\\/05\\\/31\\\/brasil-goleia-a-tunisia-e-avanca-no-mundial-sub-20#primaryimage\"},\"image\":{\"@id\":\"https:\\\/\\\/redenoticiaz.com.br\\\/litoralsp\\\/2023\\\/05\\\/31\\\/brasil-goleia-a-tunisia-e-avanca-no-mundial-sub-20#primaryimage\"},\"thumbnailUrl\":\"https:\\\/\\\/redenoticiaz.com.br\\\/litoralsp\\\/wp-content\\\/uploads\\\/sites\\\/3\\\/2023\\\/05\\\/marcos-leonardo-comemora-gol-do-brasil-em-cima-da-tunisia-na-copa-do-mundo-sub-20-1685558211571_v2_615x300.jpg?v=1685583966\",\"datePublished\":\"2023-06-01T01:47:53+00:00\",\"description\":\"O Brasil segue muito bem, obrigado no Mundial Sub-20 disputado na Argentina. Nesta quarta-feira (31), a Sele\u00e7\u00e3o Brasileira n\u00e3o teve\",\"inLanguage\":\"pt-BR\",\"potentialAction\":[{\"@type\":\"ReadAction\",\"target\":[\"https:\\\/\\\/redenoticiaz.com.br\\\/litoralsp\\\/2023\\\/05\\\/31\\\/brasil-goleia-a-tunisia-e-avanca-no-mundial-sub-20\"]}]},{\"@type\":\"ImageObject\",\"inLanguage\":\"pt-BR\",\"@id\":\"https:\\\/\\\/redenoticiaz.com.br\\\/litoralsp\\\/2023\\\/05\\\/31\\\/brasil-goleia-a-tunisia-e-avanca-no-mundial-sub-20#primaryimage\",\"url\":\"https:\\\/\\\/redenoticiaz.com.br\\\/litoralsp\\\/wp-content\\\/uploads\\\/sites\\\/3\\\/2023\\\/05\\\/marcos-leonardo-comemora-gol-do-brasil-em-cima-da-tunisia-na-copa-do-mundo-sub-20-1685558211571_v2_615x300.jpg?v=1685583966\",\"contentUrl\":\"https:\\\/\\\/redenoticiaz.com.br\\\/litoralsp\\\/wp-content\\\/uploads\\\/sites\\\/3\\\/2023\\\/05\\\/marcos-leonardo-comemora-gol-do-brasil-em-cima-da-tunisia-na-copa-do-mundo-sub-20-1685558211571_v2_615x300.jpg?v=1685583966\",\"width\":615,\"height\":300,\"caption\":\"Cr\u00e9ditos: Reprodu\u00e7\u00e3o\\\/FIFA\"},{\"@type\":\"WebSite\",\"@id\":\"https:\\\/\\\/redenoticiaz.com.br\\\/litoralsp\\\/#website\",\"url\":\"https:\\\/\\\/redenoticiaz.com.br\\\/litoralsp\\\/\",\"name\":\"Litoral SP\",\"description\":\"Rede NoticiaZ\",\"publisher\":{\"@id\":\"https:\\\/\\\/redenoticiaz.com.br\\\/litoralsp\\\/#organization\"},\"potentialAction\":[{\"@type\":\"SearchAction\",\"target\":{\"@type\":\"EntryPoint\",\"urlTemplate\":\"https:\\\/\\\/redenoticiaz.com.br\\\/litoralsp\\\/?s={search_term_string}\"},\"query-input\":{\"@type\":\"PropertyValueSpecification\",\"valueRequired\":true,\"valueName\":\"search_term_string\"}}],\"inLanguage\":\"pt-BR\"},{\"@type\":\"Organization\",\"@id\":\"https:\\\/\\\/redenoticiaz.com.br\\\/litoralsp\\\/#organization\",\"name\":\"Litoral SP\",\"url\":\"https:\\\/\\\/redenoticiaz.com.br\\\/litoralsp\\\/\",\"logo\":{\"@type\":\"ImageObject\",\"inLanguage\":\"pt-BR\",\"@id\":\"https:\\\/\\\/redenoticiaz.com.br\\\/litoralsp\\\/#\\\/schema\\\/logo\\\/image\\\/\",\"url\":\"https:\\\/\\\/redenoticiaz.com.br\\\/litoralsp\\\/wp-content\\\/uploads\\\/sites\\\/3\\\/2020\\\/11\\\/logo.jpg\",\"contentUrl\":\"https:\\\/\\\/redenoticiaz.com.br\\\/litoralsp\\\/wp-content\\\/uploads\\\/sites\\\/3\\\/2020\\\/11\\\/logo.jpg\",\"width\":400,\"height\":250,\"caption\":\"Litoral SP\"},\"image\":{\"@id\":\"https:\\\/\\\/redenoticiaz.com.br\\\/litoralsp\\\/#\\\/schema\\\/logo\\\/image\\\/\"}},{\"@type\":\"Person\",\"@id\":\"https:\\\/\\\/redenoticiaz.com.br\\\/litoralsp\\\/#\\\/schema\\\/person\\\/0f0b8a5bdafefe82841e07ae8d81ecb3\",\"name\":\"Leonardo Francisco\",\"image\":{\"@type\":\"ImageObject\",\"inLanguage\":\"pt-BR\",\"@id\":\"https:\\\/\\\/secure.gravatar.com\\\/avatar\\\/a7358cb406a99b682ec6df1e77e31ae82e63601f6784e8a3df411d72b37864da?s=96&d=mm&r=g\",\"url\":\"https:\\\/\\\/secure.gravatar.com\\\/avatar\\\/a7358cb406a99b682ec6df1e77e31ae82e63601f6784e8a3df411d72b37864da?s=96&d=mm&r=g\",\"contentUrl\":\"https:\\\/\\\/secure.gravatar.com\\\/avatar\\\/a7358cb406a99b682ec6df1e77e31ae82e63601f6784e8a3df411d72b37864da?s=96&d=mm&r=g\",\"caption\":\"Leonardo Francisco\"},\"url\":\"https:\\\/\\\/redenoticiaz.com.br\\\/litoralsp\\\/author\\\/leonardo-francisco\"}]}<\/script>\n<!-- \/ Yoast SEO plugin. -->","yoast_head_json":{"title":"Brasil goleia a Tun\u00edsia e avan\u00e7a no Mundial Sub-20 - Litoral SP","description":"O Brasil segue muito bem, obrigado no Mundial Sub-20 disputado na Argentina. Nesta quarta-feira (31), a Sele\u00e7\u00e3o Brasileira n\u00e3o teve","robots":{"index":"index","follow":"follow","max-snippet":"max-snippet:-1","max-image-preview":"max-image-preview:large","max-video-preview":"max-video-preview:-1"},"canonical":"https:\/\/redenoticiaz.com.br\/litoralsp\/2023\/05\/31\/brasil-goleia-a-tunisia-e-avanca-no-mundial-sub-20","og_locale":"pt_BR","og_type":"article","og_title":"Brasil goleia a Tun\u00edsia e avan\u00e7a no Mundial Sub-20 - Litoral SP","og_description":"O Brasil segue muito bem, obrigado no Mundial Sub-20 disputado na Argentina. Nesta quarta-feira (31), a Sele\u00e7\u00e3o Brasileira n\u00e3o teve","og_url":"https:\/\/redenoticiaz.com.br\/litoralsp\/2023\/05\/31\/brasil-goleia-a-tunisia-e-avanca-no-mundial-sub-20","og_site_name":"Litoral SP","article_published_time":"2023-06-01T01:47:53+00:00","author":"Leonardo Francisco","twitter_card":"summary_large_image","twitter_image":"https:\/\/redenoticiaz.com.br\/litoralsp\/wp-content\/uploads\/sites\/3\/2023\/05\/marcos-leonardo-comemora-gol-do-brasil-em-cima-da-tunisia-na-copa-do-mundo-sub-20-1685558211571_v2_615x300.jpg?v=1685583966","twitter_misc":{"Escrito por":"Leonardo Francisco","Est. tempo de leitura":"2 minutos"},"schema":{"@context":"https:\/\/schema.org","@graph":[{"@type":"Article","@id":"https:\/\/redenoticiaz.com.br\/litoralsp\/2023\/05\/31\/brasil-goleia-a-tunisia-e-avanca-no-mundial-sub-20#article","isPartOf":{"@id":"https:\/\/redenoticiaz.com.br\/litoralsp\/2023\/05\/31\/brasil-goleia-a-tunisia-e-avanca-no-mundial-sub-20"},"author":{"name":"Leonardo Francisco","@id":"https:\/\/redenoticiaz.com.br\/litoralsp\/#\/schema\/person\/0f0b8a5bdafefe82841e07ae8d81ecb3"},"headline":"Brasil goleia a Tun\u00edsia e avan\u00e7a no Mundial Sub-20","datePublished":"2023-06-01T01:47:53+00:00","mainEntityOfPage":{"@id":"https:\/\/redenoticiaz.com.br\/litoralsp\/2023\/05\/31\/brasil-goleia-a-tunisia-e-avanca-no-mundial-sub-20"},"wordCount":334,"commentCount":0,"publisher":{"@id":"https:\/\/redenoticiaz.com.br\/litoralsp\/#organization"},"image":{"@id":"https:\/\/redenoticiaz.com.br\/litoralsp\/2023\/05\/31\/brasil-goleia-a-tunisia-e-avanca-no-mundial-sub-20#primaryimage"},"thumbnailUrl":"https:\/\/redenoticiaz.com.br\/litoralsp\/wp-content\/uploads\/sites\/3\/2023\/05\/marcos-leonardo-comemora-gol-do-brasil-em-cima-da-tunisia-na-copa-do-mundo-sub-20-1685558211571_v2_615x300.jpg?v=1685583966","keywords":["ANDREY SANTOS","Argentina","Brasil","BRASIL CLASSIFICADO","MUNDIAL SUB-20","OITAVAS DE FINAL","TUNI\u00cdSIA"],"articleSection":["Esporte"],"inLanguage":"pt-BR","potentialAction":[{"@type":"CommentAction","name":"Comment","target":["https:\/\/redenoticiaz.com.br\/litoralsp\/2023\/05\/31\/brasil-goleia-a-tunisia-e-avanca-no-mundial-sub-20#respond"]}]},{"@type":"WebPage","@id":"https:\/\/redenoticiaz.com.br\/litoralsp\/2023\/05\/31\/brasil-goleia-a-tunisia-e-avanca-no-mundial-sub-20","url":"https:\/\/redenoticiaz.com.br\/litoralsp\/2023\/05\/31\/brasil-goleia-a-tunisia-e-avanca-no-mundial-sub-20","name":"Brasil goleia a Tun\u00edsia e avan\u00e7a no Mundial Sub-20 - Litoral SP","isPartOf":{"@id":"https:\/\/redenoticiaz.com.br\/litoralsp\/#website"},"primaryImageOfPage":{"@id":"https:\/\/redenoticiaz.com.br\/litoralsp\/2023\/05\/31\/brasil-goleia-a-tunisia-e-avanca-no-mundial-sub-20#primaryimage"},"image":{"@id":"https:\/\/redenoticiaz.com.br\/litoralsp\/2023\/05\/31\/brasil-goleia-a-tunisia-e-avanca-no-mundial-sub-20#primaryimage"},"thumbnailUrl":"https:\/\/redenoticiaz.com.br\/litoralsp\/wp-content\/uploads\/sites\/3\/2023\/05\/marcos-leonardo-comemora-gol-do-brasil-em-cima-da-tunisia-na-copa-do-mundo-sub-20-1685558211571_v2_615x300.jpg?v=1685583966","datePublished":"2023-06-01T01:47:53+00:00","description":"O Brasil segue muito bem, obrigado no Mundial Sub-20 disputado na Argentina. Nesta quarta-feira (31), a Sele\u00e7\u00e3o Brasileira n\u00e3o teve","inLanguage":"pt-BR","potentialAction":[{"@type":"ReadAction","target":["https:\/\/redenoticiaz.com.br\/litoralsp\/2023\/05\/31\/brasil-goleia-a-tunisia-e-avanca-no-mundial-sub-20"]}]},{"@type":"ImageObject","inLanguage":"pt-BR","@id":"https:\/\/redenoticiaz.com.br\/litoralsp\/2023\/05\/31\/brasil-goleia-a-tunisia-e-avanca-no-mundial-sub-20#primaryimage","url":"https:\/\/redenoticiaz.com.br\/litoralsp\/wp-content\/uploads\/sites\/3\/2023\/05\/marcos-leonardo-comemora-gol-do-brasil-em-cima-da-tunisia-na-copa-do-mundo-sub-20-1685558211571_v2_615x300.jpg?v=1685583966","contentUrl":"https:\/\/redenoticiaz.com.br\/litoralsp\/wp-content\/uploads\/sites\/3\/2023\/05\/marcos-leonardo-comemora-gol-do-brasil-em-cima-da-tunisia-na-copa-do-mundo-sub-20-1685558211571_v2_615x300.jpg?v=1685583966","width":615,"height":300,"caption":"Cr\u00e9ditos: Reprodu\u00e7\u00e3o\/FIFA"},{"@type":"WebSite","@id":"https:\/\/redenoticiaz.com.br\/litoralsp\/#website","url":"https:\/\/redenoticiaz.com.br\/litoralsp\/","name":"Litoral SP","description":"Rede NoticiaZ","publisher":{"@id":"https:\/\/redenoticiaz.com.br\/litoralsp\/#organization"},"potentialAction":[{"@type":"SearchAction","target":{"@type":"EntryPoint","urlTemplate":"https:\/\/redenoticiaz.com.br\/litoralsp\/?s={search_term_string}"},"query-input":{"@type":"PropertyValueSpecification","valueRequired":true,"valueName":"search_term_string"}}],"inLanguage":"pt-BR"},{"@type":"Organization","@id":"https:\/\/redenoticiaz.com.br\/litoralsp\/#organization","name":"Litoral SP","url":"https:\/\/redenoticiaz.com.br\/litoralsp\/","logo":{"@type":"ImageObject","inLanguage":"pt-BR","@id":"https:\/\/redenoticiaz.com.br\/litoralsp\/#\/schema\/logo\/image\/","url":"https:\/\/redenoticiaz.com.br\/litoralsp\/wp-content\/uploads\/sites\/3\/2020\/11\/logo.jpg","contentUrl":"https:\/\/redenoticiaz.com.br\/litoralsp\/wp-content\/uploads\/sites\/3\/2020\/11\/logo.jpg","width":400,"height":250,"caption":"Litoral SP"},"image":{"@id":"https:\/\/redenoticiaz.com.br\/litoralsp\/#\/schema\/logo\/image\/"}},{"@type":"Person","@id":"https:\/\/redenoticiaz.com.br\/litoralsp\/#\/schema\/person\/0f0b8a5bdafefe82841e07ae8d81ecb3","name":"Leonardo Francisco","image":{"@type":"ImageObject","inLanguage":"pt-BR","@id":"https:\/\/secure.gravatar.com\/avatar\/a7358cb406a99b682ec6df1e77e31ae82e63601f6784e8a3df411d72b37864da?s=96&d=mm&r=g","url":"https:\/\/secure.gravatar.com\/avatar\/a7358cb406a99b682ec6df1e77e31ae82e63601f6784e8a3df411d72b37864da?s=96&d=mm&r=g","contentUrl":"https:\/\/secure.gravatar.com\/avatar\/a7358cb406a99b682ec6df1e77e31ae82e63601f6784e8a3df411d72b37864da?s=96&d=mm&r=g","caption":"Leonardo Francisco"},"url":"https:\/\/redenoticiaz.com.br\/litoralsp\/author\/leonardo-francisco"}]}},"_links":{"self":[{"href":"https:\/\/redenoticiaz.com.br\/litoralsp\/wp-json\/wp\/v2\/posts\/106662","targetHints":{"allow":["GET"]}}],"collection":[{"href":"https:\/\/redenoticiaz.com.br\/litoralsp\/wp-json\/wp\/v2\/posts"}],"about":[{"href":"https:\/\/redenoticiaz.com.br\/litoralsp\/wp-json\/wp\/v2\/types\/post"}],"author":[{"embeddable":true,"href":"https:\/\/redenoticiaz.com.br\/litoralsp\/wp-json\/wp\/v2\/users\/6"}],"replies":[{"embeddable":true,"href":"https:\/\/redenoticiaz.com.br\/litoralsp\/wp-json\/wp\/v2\/comments?post=106662"}],"version-history":[{"count":0,"href":"https:\/\/redenoticiaz.com.br\/litoralsp\/wp-json\/wp\/v2\/posts\/106662\/revisions"}],"wp:featuredmedia":[{"embeddable":true,"href":"https:\/\/redenoticiaz.com.br\/litoralsp\/wp-json\/wp\/v2\/media\/106663"}],"wp:attachment":[{"href":"https:\/\/redenoticiaz.com.br\/litoralsp\/wp-json\/wp\/v2\/media?parent=106662"}],"wp:term":[{"taxonomy":"category","embeddable":true,"href":"https:\/\/redenoticiaz.com.br\/litoralsp\/wp-json\/wp\/v2\/categories?post=106662"},{"taxonomy":"post_tag","embeddable":true,"href":"https:\/\/redenoticiaz.com.br\/litoralsp\/wp-json\/wp\/v2\/tags?post=106662"}],"curies":[{"name":"wp","href":"https:\/\/api.w.org\/{rel}","templated":true}]}}