{"id":106664,"date":"2023-06-01T00:13:54","date_gmt":"2023-06-01T03:13:54","guid":{"rendered":"https:\/\/redenoticiaz.com.br\/litoralsp\/2023\/06\/01\/corinthians-e-palmeiras-avancam-na-copa-do-brasil"},"modified":"2023-06-01T00:13:54","modified_gmt":"2023-06-01T03:13:54","slug":"corinthians-e-palmeiras-avancam-na-copa-do-brasil","status":"publish","type":"post","link":"https:\/\/redenoticiaz.com.br\/litoralsp\/2023\/06\/01\/corinthians-e-palmeiras-avancam-na-copa-do-brasil","title":{"rendered":"Corinthians e Palmeiras avan\u00e7am na Copa do Brasil"},"content":{"rendered":"<p>Uma noite de quarta-feira (31), com as mais variadas emo\u00e7\u00f5es para os torcedores de Corinthians, Palmeiras e Santos pelas <strong>oitavas de final da Copa do Brasil<\/strong>. O Verd\u00e3o, apesar da derrota para o Fortaleza, avan\u00e7ou, j\u00e1 que havia feito 3 a 0 no jogo de ida. J\u00e1 o Tim\u00e3o, conseguiu devolver os 2 a 0 sofridos na ida para o Atl\u00e9tico-MG com o mesmo placar e se superou nos p\u00eanaltis. S\u00f3 que o Santos, empatou no tempo normal por 1 a 1, mas se deu mal nas penalidades e foi eliminado.<\/p>\n<h5>Corinthians do jeito Corinthians<\/h5>\n<p><span class=\"sc-dvXXZy epvZtk\">Se faltou garra no Mineir\u00e3o, o mesmo n\u00e3o pode se falar na Neo Qu\u00edmica Arena. O Tim\u00e3o jogou muito na volta, pressionou o rival e marcou no tempo normal com Matheus Bidu, no primeiro tempo e R\u00f3ger Guedes, sendo um belo gol no segundo tempo. Com o 2 a 0 devolvido, a decis\u00e3o foi para os p\u00eanaltis.<\/span><\/p>\n<p><span class=\"sc-dvXXZy epvZtk\">Nos p\u00eanaltis, o time de Vanderlei Luxemburgo tamb\u00e9m foi mais eficiente: C\u00e1ssio pegou a cobran\u00e7a de Hulk, enquanto Edenilson acertou o travess\u00e3o e Battaglia chutou por cima. No Corinthians, s\u00f3 Yuri Alberto errou, e Maycon fez o gol decisivo para a classifica\u00e7\u00e3o.<\/span><\/p>\n<h5>Palmeiras perde, mas leva<\/h5>\n<p>Na arena Castel\u00e3o, a miss\u00e3o do Fortaleza era praticamente imposs\u00edvel, j\u00e1 que teria de devolver os 3 a 0 sofrido na ida. <span class=\"sc-dvXXZy epvZtk\"> At\u00e9 os 10 minutos, os donos da casa tiveram oportunidades com Thiago Galhardo, Br\u00edtez e Lucero, mas o Palmeiras conseguiu suportar a press\u00e3o. Confort\u00e1vel no placar, o Verd\u00e3o fechou espa\u00e7os e tentou quebrar o ritmo da partida. Aos 45, por\u00e9m, quase que o Le\u00e3o abriu o placar: boa jogada com Pikachu, Galhardo e finaliza\u00e7\u00e3o de Lucero, que foi defendida por Weverton. <\/span><\/p>\n<p><span class=\"sc-dvXXZy epvZtk\">Sem Dudu e Rony, o Palmeiras voltou do intervalo com a mesma pegada da primeira etapa: fechar espa\u00e7os na defesa e evitar qualquer press\u00e3o dos donos da casa. O Fortaleza assustou a meta alviverde com chutes de fora da \u00e1rea de Thiago Galhardo e Pochettino, e foi em um lance desses que abriu o placar. Aos 27, logo depois de Navarro ter gol anulado por impedimento,\u00a0Pochettino acertou a trave e, no rebote, Lucero completou para o gol. O resultado, por\u00e9m, foi insuficiente para amea\u00e7ar a classifica\u00e7\u00e3o palmeirense.<\/span><\/p>\n<h5>Santos d\u00e1 adeus<\/h5>\n<p><span class=\"sc-dvXXZy epvZtk\">Uma simples vit\u00f3ria poderia classificar tanto Bahia, como o Santos, j\u00e1 que na ida, houve empate sem gols. S\u00f3 que o primeiro tempo das duas equipes deixou a desejar na arena Fonte Nova, j\u00e1 que as chances de gol foram poucas.<\/span><\/p>\n<p><span class=\"sc-dvXXZy epvZtk\">A primeira oportunidade do jogo ocorreu apenas aos 11 minutos, quando Everaldo, do Bahia, girou e chutou rasteiro. Jo\u00e3o Paulo defendeu. Aos 13, o Tricolor chegou a abrir o placar com Biel, mas a arbitragem marcou impedimento e anulou o gol. O Santos, por sua vez, criou menos ainda. Chegou com perigo apenas em chute de Soteldo por cima do gol. Na reta final do primeiro tempo, o Bahia teve mais uma boa chance, em cabe\u00e7ada de Kanu. Mas Jo\u00e3o Paulo fez uma grande defesa para salvar o Peixe.<\/span><\/p>\n<p><span class=\"sc-dvXXZy epvZtk\">O segundo tempo tamb\u00e9m foi duro de acompanhar. Emo\u00e7\u00e3o mesmo somente a partir dos 17 minutos, quando surgiu a primeira oportunidade, com Cauly, do Bahia. Mas Jo\u00e3o Paulo defendeu com facilidade. A resposta do Santos foi com chute de Mendoza por cima do gol, no minuto seguinte. Aos 19, Everaldo tamb\u00e9m tentou, mas mandou longe. <\/span><\/p>\n<p><span class=\"sc-dvXXZy epvZtk\">Melhor em campo, o Bahia chegou ao gol aos 23 minutos. Everaldo roubou a bola de Rodrigo Fern\u00e1ndez na lateral e cruzou. Ademir desviou e obrigou Jo\u00e3o Paulo a grande defesa. No rebote, por\u00e9m, Cauly bateu colocado e fez um belo gol na Fonte Nova. O Santos teve a chance do empate aos 33, mas Lucas Pires desperdi\u00e7ou o bom cruzamento de \u00c2ngelo. Sem outra alternativa, o Peixe foi para cima em busca do empate. E conseguiu nos acr\u00e9scimos. Aos 49, ap\u00f3s escanteio cobrado por Soteldo, Bruno Mezenga subiu mais do que todo mundo e deixou tudo igual, levando a decis\u00e3o para os p\u00eanaltis.<\/span><\/p>\n<p><span class=\"sc-dvXXZy epvZtk\">Na disputa das penalidades, Cauly, Lucas Mugni, Acevedo e Vitor Hugo marcaram para o Bahia. Ademir errou. Do lado do Santos, Soteldo, Mendoza e Patati fizeram. Camacho e Bruno Mezenga desperdi\u00e7aram as cobran\u00e7as.<\/span><\/p>\n<p><strong>LEIA TAMB\u00c9M<\/strong><\/p>\n<p><a href=\"https:\/\/redenoticiaz.com.br\/blog\/2023\/05\/31\/brasil-goleia-a-tunisia-e-avanca-no-mundial-sub-20\">Brasil goleia a Tun\u00edsia e avan\u00e7a no Mundial Sub-20<\/a><\/p>\n","protected":false},"excerpt":{"rendered":"<p>Uma noite de quarta-feira (31), com as mais variadas emo\u00e7\u00f5es para os torcedores de Corinthians, Palmeiras e Santos pelas oitavas de final da Copa do Brasil. O Verd\u00e3o, apesar da derrota para o Fortaleza, avan\u00e7ou, j\u00e1 que havia feito 3 a 0 no jogo de ida. J\u00e1 o Tim\u00e3o, conseguiu devolver os 2 a 0 &hellip;<\/p>\n","protected":false},"author":6,"featured_media":106665,"comment_status":"open","ping_status":"closed","sticky":false,"template":"","format":"standard","meta":{"footnotes":""},"categories":[35],"tags":[19841,1413,3454,24074,29753,2017,1416,34229,39,55840,22315],"class_list":["post-106664","post","type-post","status-publish","format-standard","has-post-thumbnail","hentry","category-esporte","tag-atletico-mg","tag-copa-do-brasil","tag-corinthians","tag-ec-bahia","tag-fortaleza-ec","tag-oitavas-de-final","tag-palmeiras","tag-peixe-eliminado","tag-santos-fc","tag-timao-classificado","tag-verdao-classificado"],"yoast_head":"<!-- This site is optimized with the Yoast SEO plugin v27.4 - https:\/\/yoast.com\/product\/yoast-seo-wordpress\/ -->\n<title>Corinthians e Palmeiras avan\u00e7am na Copa do Brasil - Litoral SP<\/title>\n<meta name=\"description\" content=\"quarta-feira (31), com as mais variadas emo\u00e7\u00f5es para os torcedores de Corinthians, Palmeiras e Santos pelas oitavas de final da Copa do Brasil. O\" \/>\n<meta name=\"robots\" content=\"index, follow, max-snippet:-1, max-image-preview:large, max-video-preview:-1\" \/>\n<link rel=\"canonical\" href=\"https:\/\/redenoticiaz.com.br\/litoralsp\/2023\/06\/01\/corinthians-e-palmeiras-avancam-na-copa-do-brasil\" \/>\n<meta property=\"og:locale\" content=\"pt_BR\" \/>\n<meta property=\"og:type\" content=\"article\" \/>\n<meta property=\"og:title\" content=\"Corinthians e Palmeiras avan\u00e7am na Copa do Brasil - Litoral SP\" \/>\n<meta property=\"og:description\" content=\"quarta-feira (31), com as mais variadas emo\u00e7\u00f5es para os torcedores de Corinthians, Palmeiras e Santos pelas oitavas de final da Copa do Brasil. O\" \/>\n<meta property=\"og:url\" content=\"https:\/\/redenoticiaz.com.br\/litoralsp\/2023\/06\/01\/corinthians-e-palmeiras-avancam-na-copa-do-brasil\" \/>\n<meta property=\"og:site_name\" content=\"Litoral SP\" \/>\n<meta property=\"article:published_time\" content=\"2023-06-01T03:13:54+00:00\" \/>\n<meta name=\"author\" content=\"Leonardo Francisco\" \/>\n<meta name=\"twitter:card\" content=\"summary_large_image\" \/>\n<meta name=\"twitter:image\" content=\"https:\/\/redenoticiaz.com.br\/litoralsp\/wp-content\/uploads\/sites\/3\/2023\/06\/COR-CLASSIFICADO.jpg?v=1685589156\" \/>\n<meta name=\"twitter:label1\" content=\"Escrito por\" \/>\n\t<meta name=\"twitter:data1\" content=\"Leonardo Francisco\" \/>\n\t<meta name=\"twitter:label2\" content=\"Est. tempo de leitura\" \/>\n\t<meta name=\"twitter:data2\" content=\"4 minutos\" \/>\n<script type=\"application\/ld+json\" class=\"yoast-schema-graph\">{\"@context\":\"https:\\\/\\\/schema.org\",\"@graph\":[{\"@type\":\"Article\",\"@id\":\"https:\\\/\\\/redenoticiaz.com.br\\\/litoralsp\\\/2023\\\/06\\\/01\\\/corinthians-e-palmeiras-avancam-na-copa-do-brasil#article\",\"isPartOf\":{\"@id\":\"https:\\\/\\\/redenoticiaz.com.br\\\/litoralsp\\\/2023\\\/06\\\/01\\\/corinthians-e-palmeiras-avancam-na-copa-do-brasil\"},\"author\":{\"name\":\"Leonardo Francisco\",\"@id\":\"https:\\\/\\\/redenoticiaz.com.br\\\/litoralsp\\\/#\\\/schema\\\/person\\\/0f0b8a5bdafefe82841e07ae8d81ecb3\"},\"headline\":\"Corinthians e Palmeiras avan\u00e7am na Copa do Brasil\",\"datePublished\":\"2023-06-01T03:13:54+00:00\",\"mainEntityOfPage\":{\"@id\":\"https:\\\/\\\/redenoticiaz.com.br\\\/litoralsp\\\/2023\\\/06\\\/01\\\/corinthians-e-palmeiras-avancam-na-copa-do-brasil\"},\"wordCount\":749,\"commentCount\":0,\"publisher\":{\"@id\":\"https:\\\/\\\/redenoticiaz.com.br\\\/litoralsp\\\/#organization\"},\"image\":{\"@id\":\"https:\\\/\\\/redenoticiaz.com.br\\\/litoralsp\\\/2023\\\/06\\\/01\\\/corinthians-e-palmeiras-avancam-na-copa-do-brasil#primaryimage\"},\"thumbnailUrl\":\"https:\\\/\\\/redenoticiaz.com.br\\\/litoralsp\\\/wp-content\\\/uploads\\\/sites\\\/3\\\/2023\\\/06\\\/COR-CLASSIFICADO.jpg?v=1685589156\",\"keywords\":[\"ATL\u00c9TICO-MG\",\"COPA DO BRASIL\",\"Corinthians\",\"EC BAHIA\",\"FORTALEZA EC\",\"OITAVAS DE FINAL\",\"Palmeiras\",\"PEIXE ELIMINADO\",\"Santos FC\",\"TIM\u00c3O CLASSIFICADO\",\"VERD\u00c3O CLASSIFICADO\"],\"articleSection\":[\"Esporte\"],\"inLanguage\":\"pt-BR\",\"potentialAction\":[{\"@type\":\"CommentAction\",\"name\":\"Comment\",\"target\":[\"https:\\\/\\\/redenoticiaz.com.br\\\/litoralsp\\\/2023\\\/06\\\/01\\\/corinthians-e-palmeiras-avancam-na-copa-do-brasil#respond\"]}]},{\"@type\":\"WebPage\",\"@id\":\"https:\\\/\\\/redenoticiaz.com.br\\\/litoralsp\\\/2023\\\/06\\\/01\\\/corinthians-e-palmeiras-avancam-na-copa-do-brasil\",\"url\":\"https:\\\/\\\/redenoticiaz.com.br\\\/litoralsp\\\/2023\\\/06\\\/01\\\/corinthians-e-palmeiras-avancam-na-copa-do-brasil\",\"name\":\"Corinthians e Palmeiras avan\u00e7am na Copa do Brasil - Litoral SP\",\"isPartOf\":{\"@id\":\"https:\\\/\\\/redenoticiaz.com.br\\\/litoralsp\\\/#website\"},\"primaryImageOfPage\":{\"@id\":\"https:\\\/\\\/redenoticiaz.com.br\\\/litoralsp\\\/2023\\\/06\\\/01\\\/corinthians-e-palmeiras-avancam-na-copa-do-brasil#primaryimage\"},\"image\":{\"@id\":\"https:\\\/\\\/redenoticiaz.com.br\\\/litoralsp\\\/2023\\\/06\\\/01\\\/corinthians-e-palmeiras-avancam-na-copa-do-brasil#primaryimage\"},\"thumbnailUrl\":\"https:\\\/\\\/redenoticiaz.com.br\\\/litoralsp\\\/wp-content\\\/uploads\\\/sites\\\/3\\\/2023\\\/06\\\/COR-CLASSIFICADO.jpg?v=1685589156\",\"datePublished\":\"2023-06-01T03:13:54+00:00\",\"description\":\"quarta-feira (31), com as mais variadas emo\u00e7\u00f5es para os torcedores de Corinthians, Palmeiras e Santos pelas oitavas de final da Copa do Brasil. O\",\"inLanguage\":\"pt-BR\",\"potentialAction\":[{\"@type\":\"ReadAction\",\"target\":[\"https:\\\/\\\/redenoticiaz.com.br\\\/litoralsp\\\/2023\\\/06\\\/01\\\/corinthians-e-palmeiras-avancam-na-copa-do-brasil\"]}]},{\"@type\":\"ImageObject\",\"inLanguage\":\"pt-BR\",\"@id\":\"https:\\\/\\\/redenoticiaz.com.br\\\/litoralsp\\\/2023\\\/06\\\/01\\\/corinthians-e-palmeiras-avancam-na-copa-do-brasil#primaryimage\",\"url\":\"https:\\\/\\\/redenoticiaz.com.br\\\/litoralsp\\\/wp-content\\\/uploads\\\/sites\\\/3\\\/2023\\\/06\\\/COR-CLASSIFICADO.jpg?v=1685589156\",\"contentUrl\":\"https:\\\/\\\/redenoticiaz.com.br\\\/litoralsp\\\/wp-content\\\/uploads\\\/sites\\\/3\\\/2023\\\/06\\\/COR-CLASSIFICADO.jpg?v=1685589156\",\"width\":586,\"height\":330,\"caption\":\"Os pr\u00f3ximos advers\u00e1rios ser\u00e3o conhecidos por sorteio. Cr\u00e9ditos: Reprodu\u00e7\u00e3o\"},{\"@type\":\"WebSite\",\"@id\":\"https:\\\/\\\/redenoticiaz.com.br\\\/litoralsp\\\/#website\",\"url\":\"https:\\\/\\\/redenoticiaz.com.br\\\/litoralsp\\\/\",\"name\":\"Litoral SP\",\"description\":\"Rede NoticiaZ\",\"publisher\":{\"@id\":\"https:\\\/\\\/redenoticiaz.com.br\\\/litoralsp\\\/#organization\"},\"potentialAction\":[{\"@type\":\"SearchAction\",\"target\":{\"@type\":\"EntryPoint\",\"urlTemplate\":\"https:\\\/\\\/redenoticiaz.com.br\\\/litoralsp\\\/?s={search_term_string}\"},\"query-input\":{\"@type\":\"PropertyValueSpecification\",\"valueRequired\":true,\"valueName\":\"search_term_string\"}}],\"inLanguage\":\"pt-BR\"},{\"@type\":\"Organization\",\"@id\":\"https:\\\/\\\/redenoticiaz.com.br\\\/litoralsp\\\/#organization\",\"name\":\"Litoral SP\",\"url\":\"https:\\\/\\\/redenoticiaz.com.br\\\/litoralsp\\\/\",\"logo\":{\"@type\":\"ImageObject\",\"inLanguage\":\"pt-BR\",\"@id\":\"https:\\\/\\\/redenoticiaz.com.br\\\/litoralsp\\\/#\\\/schema\\\/logo\\\/image\\\/\",\"url\":\"https:\\\/\\\/redenoticiaz.com.br\\\/litoralsp\\\/wp-content\\\/uploads\\\/sites\\\/3\\\/2020\\\/11\\\/logo.jpg\",\"contentUrl\":\"https:\\\/\\\/redenoticiaz.com.br\\\/litoralsp\\\/wp-content\\\/uploads\\\/sites\\\/3\\\/2020\\\/11\\\/logo.jpg\",\"width\":400,\"height\":250,\"caption\":\"Litoral SP\"},\"image\":{\"@id\":\"https:\\\/\\\/redenoticiaz.com.br\\\/litoralsp\\\/#\\\/schema\\\/logo\\\/image\\\/\"}},{\"@type\":\"Person\",\"@id\":\"https:\\\/\\\/redenoticiaz.com.br\\\/litoralsp\\\/#\\\/schema\\\/person\\\/0f0b8a5bdafefe82841e07ae8d81ecb3\",\"name\":\"Leonardo Francisco\",\"image\":{\"@type\":\"ImageObject\",\"inLanguage\":\"pt-BR\",\"@id\":\"https:\\\/\\\/secure.gravatar.com\\\/avatar\\\/a7358cb406a99b682ec6df1e77e31ae82e63601f6784e8a3df411d72b37864da?s=96&d=mm&r=g\",\"url\":\"https:\\\/\\\/secure.gravatar.com\\\/avatar\\\/a7358cb406a99b682ec6df1e77e31ae82e63601f6784e8a3df411d72b37864da?s=96&d=mm&r=g\",\"contentUrl\":\"https:\\\/\\\/secure.gravatar.com\\\/avatar\\\/a7358cb406a99b682ec6df1e77e31ae82e63601f6784e8a3df411d72b37864da?s=96&d=mm&r=g\",\"caption\":\"Leonardo Francisco\"},\"url\":\"https:\\\/\\\/redenoticiaz.com.br\\\/litoralsp\\\/author\\\/leonardo-francisco\"}]}<\/script>\n<!-- \/ Yoast SEO plugin. -->","yoast_head_json":{"title":"Corinthians e Palmeiras avan\u00e7am na Copa do Brasil - Litoral SP","description":"quarta-feira (31), com as mais variadas emo\u00e7\u00f5es para os torcedores de Corinthians, Palmeiras e Santos pelas oitavas de final da Copa do Brasil. O","robots":{"index":"index","follow":"follow","max-snippet":"max-snippet:-1","max-image-preview":"max-image-preview:large","max-video-preview":"max-video-preview:-1"},"canonical":"https:\/\/redenoticiaz.com.br\/litoralsp\/2023\/06\/01\/corinthians-e-palmeiras-avancam-na-copa-do-brasil","og_locale":"pt_BR","og_type":"article","og_title":"Corinthians e Palmeiras avan\u00e7am na Copa do Brasil - Litoral SP","og_description":"quarta-feira (31), com as mais variadas emo\u00e7\u00f5es para os torcedores de Corinthians, Palmeiras e Santos pelas oitavas de final da Copa do Brasil. O","og_url":"https:\/\/redenoticiaz.com.br\/litoralsp\/2023\/06\/01\/corinthians-e-palmeiras-avancam-na-copa-do-brasil","og_site_name":"Litoral SP","article_published_time":"2023-06-01T03:13:54+00:00","author":"Leonardo Francisco","twitter_card":"summary_large_image","twitter_image":"https:\/\/redenoticiaz.com.br\/litoralsp\/wp-content\/uploads\/sites\/3\/2023\/06\/COR-CLASSIFICADO.jpg?v=1685589156","twitter_misc":{"Escrito por":"Leonardo Francisco","Est. tempo de leitura":"4 minutos"},"schema":{"@context":"https:\/\/schema.org","@graph":[{"@type":"Article","@id":"https:\/\/redenoticiaz.com.br\/litoralsp\/2023\/06\/01\/corinthians-e-palmeiras-avancam-na-copa-do-brasil#article","isPartOf":{"@id":"https:\/\/redenoticiaz.com.br\/litoralsp\/2023\/06\/01\/corinthians-e-palmeiras-avancam-na-copa-do-brasil"},"author":{"name":"Leonardo Francisco","@id":"https:\/\/redenoticiaz.com.br\/litoralsp\/#\/schema\/person\/0f0b8a5bdafefe82841e07ae8d81ecb3"},"headline":"Corinthians e Palmeiras avan\u00e7am na Copa do Brasil","datePublished":"2023-06-01T03:13:54+00:00","mainEntityOfPage":{"@id":"https:\/\/redenoticiaz.com.br\/litoralsp\/2023\/06\/01\/corinthians-e-palmeiras-avancam-na-copa-do-brasil"},"wordCount":749,"commentCount":0,"publisher":{"@id":"https:\/\/redenoticiaz.com.br\/litoralsp\/#organization"},"image":{"@id":"https:\/\/redenoticiaz.com.br\/litoralsp\/2023\/06\/01\/corinthians-e-palmeiras-avancam-na-copa-do-brasil#primaryimage"},"thumbnailUrl":"https:\/\/redenoticiaz.com.br\/litoralsp\/wp-content\/uploads\/sites\/3\/2023\/06\/COR-CLASSIFICADO.jpg?v=1685589156","keywords":["ATL\u00c9TICO-MG","COPA DO BRASIL","Corinthians","EC BAHIA","FORTALEZA EC","OITAVAS DE FINAL","Palmeiras","PEIXE ELIMINADO","Santos FC","TIM\u00c3O CLASSIFICADO","VERD\u00c3O CLASSIFICADO"],"articleSection":["Esporte"],"inLanguage":"pt-BR","potentialAction":[{"@type":"CommentAction","name":"Comment","target":["https:\/\/redenoticiaz.com.br\/litoralsp\/2023\/06\/01\/corinthians-e-palmeiras-avancam-na-copa-do-brasil#respond"]}]},{"@type":"WebPage","@id":"https:\/\/redenoticiaz.com.br\/litoralsp\/2023\/06\/01\/corinthians-e-palmeiras-avancam-na-copa-do-brasil","url":"https:\/\/redenoticiaz.com.br\/litoralsp\/2023\/06\/01\/corinthians-e-palmeiras-avancam-na-copa-do-brasil","name":"Corinthians e Palmeiras avan\u00e7am na Copa do Brasil - Litoral SP","isPartOf":{"@id":"https:\/\/redenoticiaz.com.br\/litoralsp\/#website"},"primaryImageOfPage":{"@id":"https:\/\/redenoticiaz.com.br\/litoralsp\/2023\/06\/01\/corinthians-e-palmeiras-avancam-na-copa-do-brasil#primaryimage"},"image":{"@id":"https:\/\/redenoticiaz.com.br\/litoralsp\/2023\/06\/01\/corinthians-e-palmeiras-avancam-na-copa-do-brasil#primaryimage"},"thumbnailUrl":"https:\/\/redenoticiaz.com.br\/litoralsp\/wp-content\/uploads\/sites\/3\/2023\/06\/COR-CLASSIFICADO.jpg?v=1685589156","datePublished":"2023-06-01T03:13:54+00:00","description":"quarta-feira (31), com as mais variadas emo\u00e7\u00f5es para os torcedores de Corinthians, Palmeiras e Santos pelas oitavas de final da Copa do Brasil. O","inLanguage":"pt-BR","potentialAction":[{"@type":"ReadAction","target":["https:\/\/redenoticiaz.com.br\/litoralsp\/2023\/06\/01\/corinthians-e-palmeiras-avancam-na-copa-do-brasil"]}]},{"@type":"ImageObject","inLanguage":"pt-BR","@id":"https:\/\/redenoticiaz.com.br\/litoralsp\/2023\/06\/01\/corinthians-e-palmeiras-avancam-na-copa-do-brasil#primaryimage","url":"https:\/\/redenoticiaz.com.br\/litoralsp\/wp-content\/uploads\/sites\/3\/2023\/06\/COR-CLASSIFICADO.jpg?v=1685589156","contentUrl":"https:\/\/redenoticiaz.com.br\/litoralsp\/wp-content\/uploads\/sites\/3\/2023\/06\/COR-CLASSIFICADO.jpg?v=1685589156","width":586,"height":330,"caption":"Os pr\u00f3ximos advers\u00e1rios ser\u00e3o conhecidos por sorteio. Cr\u00e9ditos: Reprodu\u00e7\u00e3o"},{"@type":"WebSite","@id":"https:\/\/redenoticiaz.com.br\/litoralsp\/#website","url":"https:\/\/redenoticiaz.com.br\/litoralsp\/","name":"Litoral SP","description":"Rede NoticiaZ","publisher":{"@id":"https:\/\/redenoticiaz.com.br\/litoralsp\/#organization"},"potentialAction":[{"@type":"SearchAction","target":{"@type":"EntryPoint","urlTemplate":"https:\/\/redenoticiaz.com.br\/litoralsp\/?s={search_term_string}"},"query-input":{"@type":"PropertyValueSpecification","valueRequired":true,"valueName":"search_term_string"}}],"inLanguage":"pt-BR"},{"@type":"Organization","@id":"https:\/\/redenoticiaz.com.br\/litoralsp\/#organization","name":"Litoral SP","url":"https:\/\/redenoticiaz.com.br\/litoralsp\/","logo":{"@type":"ImageObject","inLanguage":"pt-BR","@id":"https:\/\/redenoticiaz.com.br\/litoralsp\/#\/schema\/logo\/image\/","url":"https:\/\/redenoticiaz.com.br\/litoralsp\/wp-content\/uploads\/sites\/3\/2020\/11\/logo.jpg","contentUrl":"https:\/\/redenoticiaz.com.br\/litoralsp\/wp-content\/uploads\/sites\/3\/2020\/11\/logo.jpg","width":400,"height":250,"caption":"Litoral SP"},"image":{"@id":"https:\/\/redenoticiaz.com.br\/litoralsp\/#\/schema\/logo\/image\/"}},{"@type":"Person","@id":"https:\/\/redenoticiaz.com.br\/litoralsp\/#\/schema\/person\/0f0b8a5bdafefe82841e07ae8d81ecb3","name":"Leonardo Francisco","image":{"@type":"ImageObject","inLanguage":"pt-BR","@id":"https:\/\/secure.gravatar.com\/avatar\/a7358cb406a99b682ec6df1e77e31ae82e63601f6784e8a3df411d72b37864da?s=96&d=mm&r=g","url":"https:\/\/secure.gravatar.com\/avatar\/a7358cb406a99b682ec6df1e77e31ae82e63601f6784e8a3df411d72b37864da?s=96&d=mm&r=g","contentUrl":"https:\/\/secure.gravatar.com\/avatar\/a7358cb406a99b682ec6df1e77e31ae82e63601f6784e8a3df411d72b37864da?s=96&d=mm&r=g","caption":"Leonardo Francisco"},"url":"https:\/\/redenoticiaz.com.br\/litoralsp\/author\/leonardo-francisco"}]}},"_links":{"self":[{"href":"https:\/\/redenoticiaz.com.br\/litoralsp\/wp-json\/wp\/v2\/posts\/106664","targetHints":{"allow":["GET"]}}],"collection":[{"href":"https:\/\/redenoticiaz.com.br\/litoralsp\/wp-json\/wp\/v2\/posts"}],"about":[{"href":"https:\/\/redenoticiaz.com.br\/litoralsp\/wp-json\/wp\/v2\/types\/post"}],"author":[{"embeddable":true,"href":"https:\/\/redenoticiaz.com.br\/litoralsp\/wp-json\/wp\/v2\/users\/6"}],"replies":[{"embeddable":true,"href":"https:\/\/redenoticiaz.com.br\/litoralsp\/wp-json\/wp\/v2\/comments?post=106664"}],"version-history":[{"count":0,"href":"https:\/\/redenoticiaz.com.br\/litoralsp\/wp-json\/wp\/v2\/posts\/106664\/revisions"}],"wp:featuredmedia":[{"embeddable":true,"href":"https:\/\/redenoticiaz.com.br\/litoralsp\/wp-json\/wp\/v2\/media\/106665"}],"wp:attachment":[{"href":"https:\/\/redenoticiaz.com.br\/litoralsp\/wp-json\/wp\/v2\/media?parent=106664"}],"wp:term":[{"taxonomy":"category","embeddable":true,"href":"https:\/\/redenoticiaz.com.br\/litoralsp\/wp-json\/wp\/v2\/categories?post=106664"},{"taxonomy":"post_tag","embeddable":true,"href":"https:\/\/redenoticiaz.com.br\/litoralsp\/wp-json\/wp\/v2\/tags?post=106664"}],"curies":[{"name":"wp","href":"https:\/\/api.w.org\/{rel}","templated":true}]}}