{"id":106712,"date":"2023-06-04T10:00:45","date_gmt":"2023-06-04T13:00:45","guid":{"rendered":"https:\/\/redenoticiaz.com.br\/litoralsp\/?p=106712"},"modified":"2023-06-01T18:10:59","modified_gmt":"2023-06-01T21:10:59","slug":"emissora-de-tv-brasileira-e-disney-fecham-parceria-para-producao-de-filmes","status":"publish","type":"post","link":"https:\/\/redenoticiaz.com.br\/litoralsp\/2023\/06\/04\/emissora-de-tv-brasileira-e-disney-fecham-parceria-para-producao-de-filmes","title":{"rendered":"Emissora de TV brasileira e Disney fecham parceria para produ\u00e7\u00e3o de filmes"},"content":{"rendered":"<p>A Globo e a Disney anunciaram uma parceria inovadora para a coprodu\u00e7\u00e3o de filmes brasileiros. De acordo com o comunicado oficial, o acordo prev\u00ea a produ\u00e7\u00e3o de quatro longas-metragens, que ser\u00e3o lan\u00e7ados anualmente nos cinemas e ter\u00e3o uma segunda janela de exibi\u00e7\u00e3o simult\u00e2nea na plataforma e em um dos servi\u00e7os de streaming da Disney dispon\u00edveis no Brasil, como o Disney+ e o Star+.<\/p>\n<p>O contrato, que passar\u00e1 pela avalia\u00e7\u00e3o do CADE (Conselho Administrativo de Defesa Econ\u00f4mica), \u00f3rg\u00e3o respons\u00e1vel por garantir a livre concorr\u00eancia no mercado brasileiro, promete fortalecer o conte\u00fado brasileiro oferecido pela plataforma da emissora. Os detalhes sobre os t\u00edtulos, datas de lan\u00e7amento e elenco ser\u00e3o divulgados ao longo da vig\u00eancia do contrato.<\/p>\n<p>Renato D&#8217;Angelo, Gerente Geral da The Walt Disney Company Brasil, expressa entusiasmo com a parceria e destaca a import\u00e2ncia do conte\u00fado local na estrat\u00e9gia da Disney. Ele afirma que o acordo proporcionar\u00e1 aos f\u00e3s uma nova e emocionante jornada de entretenimento, apresentando ao mundo a qualidade das produ\u00e7\u00f5es brasileiras.<\/p>\n<p>VEJA TAMB\u00c9M:\u00a0<a href=\"https:\/\/redenoticiaz.com.br\/barretos-regiao\/sp\/2023\/05\/27\/video-veja-como-o-mundo-de-a-pequena-sereia-foi-recriado-pela-disney\">V\u00eddeo \u2013 Veja como o mundo de A Pequena Sereia foi recriado pela Disney<\/a><\/p>\n","protected":false},"excerpt":{"rendered":"<p>A Globo e a Disney anunciaram uma parceria inovadora para a coprodu\u00e7\u00e3o de filmes brasileiros. De acordo com o comunicado oficial, o acordo prev\u00ea a produ\u00e7\u00e3o de quatro longas-metragens, que ser\u00e3o lan\u00e7ados anualmente nos cinemas e ter\u00e3o uma segunda janela de exibi\u00e7\u00e3o simult\u00e2nea na plataforma e em um dos servi\u00e7os de streaming da Disney dispon\u00edveis &hellip;<\/p>\n","protected":false},"author":30,"featured_media":106713,"comment_status":"open","ping_status":"closed","sticky":false,"template":"","format":"standard","meta":{"footnotes":""},"categories":[62064],"tags":[6404,55547,21776,30098,53352],"class_list":["post-106712","post","type-post","status-publish","format-standard","has-post-thumbnail","hentry","category-cameraz","tag-disney","tag-filme","tag-globo","tag-parceria","tag-plataforma"],"yoast_head":"<!-- This site is optimized with the Yoast SEO plugin v27.4 - https:\/\/yoast.com\/product\/yoast-seo-wordpress\/ -->\n<title>Emissora de TV brasileira e Disney fecham parceria para produ\u00e7\u00e3o de filmes - Litoral SP<\/title>\n<meta name=\"description\" content=\"Uma parceria inovadora para a coprodu\u00e7\u00e3o de filmes brasileiros. De acordo com o comunicado oficial, o acordo prev\u00ea a produ\u00e7\u00e3o de quatro...\" \/>\n<meta name=\"robots\" content=\"index, follow, max-snippet:-1, max-image-preview:large, max-video-preview:-1\" \/>\n<link rel=\"canonical\" href=\"https:\/\/redenoticiaz.com.br\/litoralsp\/2023\/06\/04\/emissora-de-tv-brasileira-e-disney-fecham-parceria-para-producao-de-filmes\" \/>\n<meta property=\"og:locale\" content=\"pt_BR\" \/>\n<meta property=\"og:type\" content=\"article\" \/>\n<meta property=\"og:title\" content=\"Emissora de TV brasileira e Disney fecham parceria para produ\u00e7\u00e3o de filmes - Litoral SP\" \/>\n<meta property=\"og:description\" content=\"Uma parceria inovadora para a coprodu\u00e7\u00e3o de filmes brasileiros. De acordo com o comunicado oficial, o acordo prev\u00ea a produ\u00e7\u00e3o de quatro...\" \/>\n<meta property=\"og:url\" content=\"https:\/\/redenoticiaz.com.br\/litoralsp\/2023\/06\/04\/emissora-de-tv-brasileira-e-disney-fecham-parceria-para-producao-de-filmes\" \/>\n<meta property=\"og:site_name\" content=\"Litoral SP\" \/>\n<meta property=\"article:published_time\" content=\"2023-06-04T13:00:45+00:00\" \/>\n<meta property=\"og:image\" content=\"https:\/\/redenoticiaz.com.br\/litoralsp\/wp-content\/uploads\/sites\/3\/2023\/06\/Emissora-de-TV-brasileira-e-Disney-fecham-parceria-para-producao-de-filmes.jpg\" \/>\n\t<meta property=\"og:image:width\" content=\"1640\" \/>\n\t<meta property=\"og:image:height\" content=\"924\" \/>\n\t<meta property=\"og:image:type\" content=\"image\/jpeg\" \/>\n<meta name=\"author\" content=\"Carina Reifonas\" \/>\n<meta name=\"twitter:card\" content=\"summary_large_image\" \/>\n<meta name=\"twitter:label1\" content=\"Escrito por\" \/>\n\t<meta name=\"twitter:data1\" content=\"Carina Reifonas\" \/>\n\t<meta name=\"twitter:label2\" content=\"Est. tempo de leitura\" \/>\n\t<meta name=\"twitter:data2\" content=\"1 minuto\" \/>\n<script type=\"application\/ld+json\" class=\"yoast-schema-graph\">{\"@context\":\"https:\\\/\\\/schema.org\",\"@graph\":[{\"@type\":\"Article\",\"@id\":\"https:\\\/\\\/redenoticiaz.com.br\\\/litoralsp\\\/2023\\\/06\\\/04\\\/emissora-de-tv-brasileira-e-disney-fecham-parceria-para-producao-de-filmes#article\",\"isPartOf\":{\"@id\":\"https:\\\/\\\/redenoticiaz.com.br\\\/litoralsp\\\/2023\\\/06\\\/04\\\/emissora-de-tv-brasileira-e-disney-fecham-parceria-para-producao-de-filmes\"},\"author\":{\"name\":\"Carina Reifonas\",\"@id\":\"https:\\\/\\\/redenoticiaz.com.br\\\/litoralsp\\\/#\\\/schema\\\/person\\\/1f84d6e94e6a62d2d81199d7503e9e90\"},\"headline\":\"Emissora de TV brasileira e Disney fecham parceria para produ\u00e7\u00e3o de filmes\",\"datePublished\":\"2023-06-04T13:00:45+00:00\",\"mainEntityOfPage\":{\"@id\":\"https:\\\/\\\/redenoticiaz.com.br\\\/litoralsp\\\/2023\\\/06\\\/04\\\/emissora-de-tv-brasileira-e-disney-fecham-parceria-para-producao-de-filmes\"},\"wordCount\":218,\"commentCount\":0,\"publisher\":{\"@id\":\"https:\\\/\\\/redenoticiaz.com.br\\\/litoralsp\\\/#organization\"},\"image\":{\"@id\":\"https:\\\/\\\/redenoticiaz.com.br\\\/litoralsp\\\/2023\\\/06\\\/04\\\/emissora-de-tv-brasileira-e-disney-fecham-parceria-para-producao-de-filmes#primaryimage\"},\"thumbnailUrl\":\"https:\\\/\\\/redenoticiaz.com.br\\\/litoralsp\\\/wp-content\\\/uploads\\\/sites\\\/3\\\/2023\\\/06\\\/Emissora-de-TV-brasileira-e-Disney-fecham-parceria-para-producao-de-filmes.jpg\",\"keywords\":[\"DISNEY\",\"FILME\",\"GLOBO\",\"PARCERIA\",\"PLATAFORMA\"],\"articleSection\":[\"C\u00e2mera Z\"],\"inLanguage\":\"pt-BR\",\"potentialAction\":[{\"@type\":\"CommentAction\",\"name\":\"Comment\",\"target\":[\"https:\\\/\\\/redenoticiaz.com.br\\\/litoralsp\\\/2023\\\/06\\\/04\\\/emissora-de-tv-brasileira-e-disney-fecham-parceria-para-producao-de-filmes#respond\"]}]},{\"@type\":\"WebPage\",\"@id\":\"https:\\\/\\\/redenoticiaz.com.br\\\/litoralsp\\\/2023\\\/06\\\/04\\\/emissora-de-tv-brasileira-e-disney-fecham-parceria-para-producao-de-filmes\",\"url\":\"https:\\\/\\\/redenoticiaz.com.br\\\/litoralsp\\\/2023\\\/06\\\/04\\\/emissora-de-tv-brasileira-e-disney-fecham-parceria-para-producao-de-filmes\",\"name\":\"Emissora de TV brasileira e Disney fecham parceria para produ\u00e7\u00e3o de filmes - Litoral SP\",\"isPartOf\":{\"@id\":\"https:\\\/\\\/redenoticiaz.com.br\\\/litoralsp\\\/#website\"},\"primaryImageOfPage\":{\"@id\":\"https:\\\/\\\/redenoticiaz.com.br\\\/litoralsp\\\/2023\\\/06\\\/04\\\/emissora-de-tv-brasileira-e-disney-fecham-parceria-para-producao-de-filmes#primaryimage\"},\"image\":{\"@id\":\"https:\\\/\\\/redenoticiaz.com.br\\\/litoralsp\\\/2023\\\/06\\\/04\\\/emissora-de-tv-brasileira-e-disney-fecham-parceria-para-producao-de-filmes#primaryimage\"},\"thumbnailUrl\":\"https:\\\/\\\/redenoticiaz.com.br\\\/litoralsp\\\/wp-content\\\/uploads\\\/sites\\\/3\\\/2023\\\/06\\\/Emissora-de-TV-brasileira-e-Disney-fecham-parceria-para-producao-de-filmes.jpg\",\"datePublished\":\"2023-06-04T13:00:45+00:00\",\"description\":\"Uma parceria inovadora para a coprodu\u00e7\u00e3o de filmes brasileiros. De acordo com o comunicado oficial, o acordo prev\u00ea a produ\u00e7\u00e3o de quatro...\",\"inLanguage\":\"pt-BR\",\"potentialAction\":[{\"@type\":\"ReadAction\",\"target\":[\"https:\\\/\\\/redenoticiaz.com.br\\\/litoralsp\\\/2023\\\/06\\\/04\\\/emissora-de-tv-brasileira-e-disney-fecham-parceria-para-producao-de-filmes\"]}]},{\"@type\":\"ImageObject\",\"inLanguage\":\"pt-BR\",\"@id\":\"https:\\\/\\\/redenoticiaz.com.br\\\/litoralsp\\\/2023\\\/06\\\/04\\\/emissora-de-tv-brasileira-e-disney-fecham-parceria-para-producao-de-filmes#primaryimage\",\"url\":\"https:\\\/\\\/redenoticiaz.com.br\\\/litoralsp\\\/wp-content\\\/uploads\\\/sites\\\/3\\\/2023\\\/06\\\/Emissora-de-TV-brasileira-e-Disney-fecham-parceria-para-producao-de-filmes.jpg\",\"contentUrl\":\"https:\\\/\\\/redenoticiaz.com.br\\\/litoralsp\\\/wp-content\\\/uploads\\\/sites\\\/3\\\/2023\\\/06\\\/Emissora-de-TV-brasileira-e-Disney-fecham-parceria-para-producao-de-filmes.jpg\",\"width\":1640,\"height\":924,\"caption\":\"Cr\u00e9dito: Reprodu\u00e7\u00e3o\"},{\"@type\":\"WebSite\",\"@id\":\"https:\\\/\\\/redenoticiaz.com.br\\\/litoralsp\\\/#website\",\"url\":\"https:\\\/\\\/redenoticiaz.com.br\\\/litoralsp\\\/\",\"name\":\"Litoral SP\",\"description\":\"Rede NoticiaZ\",\"publisher\":{\"@id\":\"https:\\\/\\\/redenoticiaz.com.br\\\/litoralsp\\\/#organization\"},\"potentialAction\":[{\"@type\":\"SearchAction\",\"target\":{\"@type\":\"EntryPoint\",\"urlTemplate\":\"https:\\\/\\\/redenoticiaz.com.br\\\/litoralsp\\\/?s={search_term_string}\"},\"query-input\":{\"@type\":\"PropertyValueSpecification\",\"valueRequired\":true,\"valueName\":\"search_term_string\"}}],\"inLanguage\":\"pt-BR\"},{\"@type\":\"Organization\",\"@id\":\"https:\\\/\\\/redenoticiaz.com.br\\\/litoralsp\\\/#organization\",\"name\":\"Litoral SP\",\"url\":\"https:\\\/\\\/redenoticiaz.com.br\\\/litoralsp\\\/\",\"logo\":{\"@type\":\"ImageObject\",\"inLanguage\":\"pt-BR\",\"@id\":\"https:\\\/\\\/redenoticiaz.com.br\\\/litoralsp\\\/#\\\/schema\\\/logo\\\/image\\\/\",\"url\":\"https:\\\/\\\/redenoticiaz.com.br\\\/litoralsp\\\/wp-content\\\/uploads\\\/sites\\\/3\\\/2020\\\/11\\\/logo.jpg\",\"contentUrl\":\"https:\\\/\\\/redenoticiaz.com.br\\\/litoralsp\\\/wp-content\\\/uploads\\\/sites\\\/3\\\/2020\\\/11\\\/logo.jpg\",\"width\":400,\"height\":250,\"caption\":\"Litoral SP\"},\"image\":{\"@id\":\"https:\\\/\\\/redenoticiaz.com.br\\\/litoralsp\\\/#\\\/schema\\\/logo\\\/image\\\/\"}},{\"@type\":\"Person\",\"@id\":\"https:\\\/\\\/redenoticiaz.com.br\\\/litoralsp\\\/#\\\/schema\\\/person\\\/1f84d6e94e6a62d2d81199d7503e9e90\",\"name\":\"Carina Reifonas\",\"image\":{\"@type\":\"ImageObject\",\"inLanguage\":\"pt-BR\",\"@id\":\"https:\\\/\\\/secure.gravatar.com\\\/avatar\\\/04c59859b23696cf867715880f81d5c037e60109730bdb4e6670ec2a2245bc97?s=96&d=mm&r=g\",\"url\":\"https:\\\/\\\/secure.gravatar.com\\\/avatar\\\/04c59859b23696cf867715880f81d5c037e60109730bdb4e6670ec2a2245bc97?s=96&d=mm&r=g\",\"contentUrl\":\"https:\\\/\\\/secure.gravatar.com\\\/avatar\\\/04c59859b23696cf867715880f81d5c037e60109730bdb4e6670ec2a2245bc97?s=96&d=mm&r=g\",\"caption\":\"Carina Reifonas\"},\"url\":\"https:\\\/\\\/redenoticiaz.com.br\\\/litoralsp\\\/author\\\/carinareifonas\"}]}<\/script>\n<!-- \/ Yoast SEO plugin. -->","yoast_head_json":{"title":"Emissora de TV brasileira e Disney fecham parceria para produ\u00e7\u00e3o de filmes - Litoral SP","description":"Uma parceria inovadora para a coprodu\u00e7\u00e3o de filmes brasileiros. De acordo com o comunicado oficial, o acordo prev\u00ea a produ\u00e7\u00e3o de quatro...","robots":{"index":"index","follow":"follow","max-snippet":"max-snippet:-1","max-image-preview":"max-image-preview:large","max-video-preview":"max-video-preview:-1"},"canonical":"https:\/\/redenoticiaz.com.br\/litoralsp\/2023\/06\/04\/emissora-de-tv-brasileira-e-disney-fecham-parceria-para-producao-de-filmes","og_locale":"pt_BR","og_type":"article","og_title":"Emissora de TV brasileira e Disney fecham parceria para produ\u00e7\u00e3o de filmes - Litoral SP","og_description":"Uma parceria inovadora para a coprodu\u00e7\u00e3o de filmes brasileiros. De acordo com o comunicado oficial, o acordo prev\u00ea a produ\u00e7\u00e3o de quatro...","og_url":"https:\/\/redenoticiaz.com.br\/litoralsp\/2023\/06\/04\/emissora-de-tv-brasileira-e-disney-fecham-parceria-para-producao-de-filmes","og_site_name":"Litoral SP","article_published_time":"2023-06-04T13:00:45+00:00","og_image":[{"width":1640,"height":924,"url":"https:\/\/redenoticiaz.com.br\/litoralsp\/wp-content\/uploads\/sites\/3\/2023\/06\/Emissora-de-TV-brasileira-e-Disney-fecham-parceria-para-producao-de-filmes.jpg","type":"image\/jpeg"}],"author":"Carina Reifonas","twitter_card":"summary_large_image","twitter_misc":{"Escrito por":"Carina Reifonas","Est. tempo de leitura":"1 minuto"},"schema":{"@context":"https:\/\/schema.org","@graph":[{"@type":"Article","@id":"https:\/\/redenoticiaz.com.br\/litoralsp\/2023\/06\/04\/emissora-de-tv-brasileira-e-disney-fecham-parceria-para-producao-de-filmes#article","isPartOf":{"@id":"https:\/\/redenoticiaz.com.br\/litoralsp\/2023\/06\/04\/emissora-de-tv-brasileira-e-disney-fecham-parceria-para-producao-de-filmes"},"author":{"name":"Carina Reifonas","@id":"https:\/\/redenoticiaz.com.br\/litoralsp\/#\/schema\/person\/1f84d6e94e6a62d2d81199d7503e9e90"},"headline":"Emissora de TV brasileira e Disney fecham parceria para produ\u00e7\u00e3o de filmes","datePublished":"2023-06-04T13:00:45+00:00","mainEntityOfPage":{"@id":"https:\/\/redenoticiaz.com.br\/litoralsp\/2023\/06\/04\/emissora-de-tv-brasileira-e-disney-fecham-parceria-para-producao-de-filmes"},"wordCount":218,"commentCount":0,"publisher":{"@id":"https:\/\/redenoticiaz.com.br\/litoralsp\/#organization"},"image":{"@id":"https:\/\/redenoticiaz.com.br\/litoralsp\/2023\/06\/04\/emissora-de-tv-brasileira-e-disney-fecham-parceria-para-producao-de-filmes#primaryimage"},"thumbnailUrl":"https:\/\/redenoticiaz.com.br\/litoralsp\/wp-content\/uploads\/sites\/3\/2023\/06\/Emissora-de-TV-brasileira-e-Disney-fecham-parceria-para-producao-de-filmes.jpg","keywords":["DISNEY","FILME","GLOBO","PARCERIA","PLATAFORMA"],"articleSection":["C\u00e2mera Z"],"inLanguage":"pt-BR","potentialAction":[{"@type":"CommentAction","name":"Comment","target":["https:\/\/redenoticiaz.com.br\/litoralsp\/2023\/06\/04\/emissora-de-tv-brasileira-e-disney-fecham-parceria-para-producao-de-filmes#respond"]}]},{"@type":"WebPage","@id":"https:\/\/redenoticiaz.com.br\/litoralsp\/2023\/06\/04\/emissora-de-tv-brasileira-e-disney-fecham-parceria-para-producao-de-filmes","url":"https:\/\/redenoticiaz.com.br\/litoralsp\/2023\/06\/04\/emissora-de-tv-brasileira-e-disney-fecham-parceria-para-producao-de-filmes","name":"Emissora de TV brasileira e Disney fecham parceria para produ\u00e7\u00e3o de filmes - Litoral SP","isPartOf":{"@id":"https:\/\/redenoticiaz.com.br\/litoralsp\/#website"},"primaryImageOfPage":{"@id":"https:\/\/redenoticiaz.com.br\/litoralsp\/2023\/06\/04\/emissora-de-tv-brasileira-e-disney-fecham-parceria-para-producao-de-filmes#primaryimage"},"image":{"@id":"https:\/\/redenoticiaz.com.br\/litoralsp\/2023\/06\/04\/emissora-de-tv-brasileira-e-disney-fecham-parceria-para-producao-de-filmes#primaryimage"},"thumbnailUrl":"https:\/\/redenoticiaz.com.br\/litoralsp\/wp-content\/uploads\/sites\/3\/2023\/06\/Emissora-de-TV-brasileira-e-Disney-fecham-parceria-para-producao-de-filmes.jpg","datePublished":"2023-06-04T13:00:45+00:00","description":"Uma parceria inovadora para a coprodu\u00e7\u00e3o de filmes brasileiros. De acordo com o comunicado oficial, o acordo prev\u00ea a produ\u00e7\u00e3o de quatro...","inLanguage":"pt-BR","potentialAction":[{"@type":"ReadAction","target":["https:\/\/redenoticiaz.com.br\/litoralsp\/2023\/06\/04\/emissora-de-tv-brasileira-e-disney-fecham-parceria-para-producao-de-filmes"]}]},{"@type":"ImageObject","inLanguage":"pt-BR","@id":"https:\/\/redenoticiaz.com.br\/litoralsp\/2023\/06\/04\/emissora-de-tv-brasileira-e-disney-fecham-parceria-para-producao-de-filmes#primaryimage","url":"https:\/\/redenoticiaz.com.br\/litoralsp\/wp-content\/uploads\/sites\/3\/2023\/06\/Emissora-de-TV-brasileira-e-Disney-fecham-parceria-para-producao-de-filmes.jpg","contentUrl":"https:\/\/redenoticiaz.com.br\/litoralsp\/wp-content\/uploads\/sites\/3\/2023\/06\/Emissora-de-TV-brasileira-e-Disney-fecham-parceria-para-producao-de-filmes.jpg","width":1640,"height":924,"caption":"Cr\u00e9dito: Reprodu\u00e7\u00e3o"},{"@type":"WebSite","@id":"https:\/\/redenoticiaz.com.br\/litoralsp\/#website","url":"https:\/\/redenoticiaz.com.br\/litoralsp\/","name":"Litoral SP","description":"Rede NoticiaZ","publisher":{"@id":"https:\/\/redenoticiaz.com.br\/litoralsp\/#organization"},"potentialAction":[{"@type":"SearchAction","target":{"@type":"EntryPoint","urlTemplate":"https:\/\/redenoticiaz.com.br\/litoralsp\/?s={search_term_string}"},"query-input":{"@type":"PropertyValueSpecification","valueRequired":true,"valueName":"search_term_string"}}],"inLanguage":"pt-BR"},{"@type":"Organization","@id":"https:\/\/redenoticiaz.com.br\/litoralsp\/#organization","name":"Litoral SP","url":"https:\/\/redenoticiaz.com.br\/litoralsp\/","logo":{"@type":"ImageObject","inLanguage":"pt-BR","@id":"https:\/\/redenoticiaz.com.br\/litoralsp\/#\/schema\/logo\/image\/","url":"https:\/\/redenoticiaz.com.br\/litoralsp\/wp-content\/uploads\/sites\/3\/2020\/11\/logo.jpg","contentUrl":"https:\/\/redenoticiaz.com.br\/litoralsp\/wp-content\/uploads\/sites\/3\/2020\/11\/logo.jpg","width":400,"height":250,"caption":"Litoral SP"},"image":{"@id":"https:\/\/redenoticiaz.com.br\/litoralsp\/#\/schema\/logo\/image\/"}},{"@type":"Person","@id":"https:\/\/redenoticiaz.com.br\/litoralsp\/#\/schema\/person\/1f84d6e94e6a62d2d81199d7503e9e90","name":"Carina Reifonas","image":{"@type":"ImageObject","inLanguage":"pt-BR","@id":"https:\/\/secure.gravatar.com\/avatar\/04c59859b23696cf867715880f81d5c037e60109730bdb4e6670ec2a2245bc97?s=96&d=mm&r=g","url":"https:\/\/secure.gravatar.com\/avatar\/04c59859b23696cf867715880f81d5c037e60109730bdb4e6670ec2a2245bc97?s=96&d=mm&r=g","contentUrl":"https:\/\/secure.gravatar.com\/avatar\/04c59859b23696cf867715880f81d5c037e60109730bdb4e6670ec2a2245bc97?s=96&d=mm&r=g","caption":"Carina Reifonas"},"url":"https:\/\/redenoticiaz.com.br\/litoralsp\/author\/carinareifonas"}]}},"_links":{"self":[{"href":"https:\/\/redenoticiaz.com.br\/litoralsp\/wp-json\/wp\/v2\/posts\/106712","targetHints":{"allow":["GET"]}}],"collection":[{"href":"https:\/\/redenoticiaz.com.br\/litoralsp\/wp-json\/wp\/v2\/posts"}],"about":[{"href":"https:\/\/redenoticiaz.com.br\/litoralsp\/wp-json\/wp\/v2\/types\/post"}],"author":[{"embeddable":true,"href":"https:\/\/redenoticiaz.com.br\/litoralsp\/wp-json\/wp\/v2\/users\/30"}],"replies":[{"embeddable":true,"href":"https:\/\/redenoticiaz.com.br\/litoralsp\/wp-json\/wp\/v2\/comments?post=106712"}],"version-history":[{"count":0,"href":"https:\/\/redenoticiaz.com.br\/litoralsp\/wp-json\/wp\/v2\/posts\/106712\/revisions"}],"wp:featuredmedia":[{"embeddable":true,"href":"https:\/\/redenoticiaz.com.br\/litoralsp\/wp-json\/wp\/v2\/media\/106713"}],"wp:attachment":[{"href":"https:\/\/redenoticiaz.com.br\/litoralsp\/wp-json\/wp\/v2\/media?parent=106712"}],"wp:term":[{"taxonomy":"category","embeddable":true,"href":"https:\/\/redenoticiaz.com.br\/litoralsp\/wp-json\/wp\/v2\/categories?post=106712"},{"taxonomy":"post_tag","embeddable":true,"href":"https:\/\/redenoticiaz.com.br\/litoralsp\/wp-json\/wp\/v2\/tags?post=106712"}],"curies":[{"name":"wp","href":"https:\/\/api.w.org\/{rel}","templated":true}]}}