{"id":10674,"date":"2021-06-28T06:38:57","date_gmt":"2021-06-28T09:38:57","guid":{"rendered":"https:\/\/redenoticiaz.com.br\/litoralsp\/?p=10674"},"modified":"2021-06-28T06:38:57","modified_gmt":"2021-06-28T09:38:57","slug":"santos-vence-o-atletico-mg-por-2-a-0-na-vila-belmiro","status":"publish","type":"post","link":"https:\/\/redenoticiaz.com.br\/litoralsp\/2021\/06\/28\/santos-vence-o-atletico-mg-por-2-a-0-na-vila-belmiro","title":{"rendered":"Santos vence o Atl\u00e9tico-MG por 2 a 0 na Vila Belmiro"},"content":{"rendered":"<p><strong>O Santos derrotou o Atl\u00e9tico-MG por 2 a 0,<\/strong> na noite do domingo (27) no est\u00e1dio da Vila Belmiro, e assumiu a 6\u00aa posi\u00e7\u00e3o do Campeonato Brasileiro com 11 pontos. Com o rev\u00e9s na partida da 7\u00aa rodada da competi\u00e7\u00e3o, o Galo ficou na 8\u00aa posi\u00e7\u00e3o com 10 pontos.<img decoding=\"async\" src=\"https:\/\/agenciabrasil.ebc.com.br\/ebc.png?id=1413951&amp;o=node\" \/><img decoding=\"async\" src=\"https:\/\/agenciabrasil.ebc.com.br\/ebc.gif?id=1413951&amp;o=node\" \/><\/p>\n<blockquote class=\"twitter-tweet\" data-width=\"500\" data-dnt=\"true\">\n<p lang=\"pt\" dir=\"ltr\">FINAL DE JOGO E VIT\u00d3RIA DO PEIX\u00c3O! \u26aa\ufe0f\u26ab\ufe0f<\/p>\n<p>Com gols de Jean Mota e Marcos Guilherme, Santos vence o Atl\u00e9tico por 2 a 0 no Al\u00e7ap\u00e3o e segue subindo no Brasileir\u00e3o! <a href=\"https:\/\/twitter.com\/hashtag\/SuaBandeira%C3%89BemVinda?src=hash&amp;ref_src=twsrc%5Etfw\">#SuaBandeira\u00c9BemVinda<\/a> <a href=\"https:\/\/t.co\/szzYtQVmii\">pic.twitter.com\/szzYtQVmii<\/a><\/p>\n<p>&mdash; Santos FC (@SantosFC) <a href=\"https:\/\/twitter.com\/SantosFC\/status\/1409321837587320834?ref_src=twsrc%5Etfw\">June 28, 2021<\/a><\/p><\/blockquote>\n<p><script async src=\"https:\/\/platform.twitter.com\/widgets.js\" charset=\"utf-8\"><\/script><\/p>\n<div class=\"twitter-tweet twitter-tweet-rendered\"><\/div>\n<p>Ap\u00f3s um primeiro tempo sem gols, o Peixe abriu o placar aos 11 minutos da etapa final com um chute de primeira de esquerda de Jean Mota da entrada da \u00e1rea. O time da casa confirmou a vit\u00f3ria aos 48 minutos, quando, ap\u00f3s r\u00e1pido contra-ataque, Marcos Guilherme apenas escorou.<\/p>\n<p>Na pr\u00f3xima rodada, o <a href=\"https:\/\/pt.wikipedia.org\/wiki\/Santos_Futebol_Clube\">Santos<\/a> recebe o Sport na quarta-feira (30). Um dia depois o Atl\u00e9tico-MG recebe o Atl\u00e9tico-GO no Mineir\u00e3o. (agenciabrasil)<\/p>\n<p>&nbsp;<\/p>\n<p>LEIA TAMB\u00c9M<\/p>\n<p><a href=\"https:\/\/redenoticiaz.com.br\/litoralsp\/2021\/06\/28\/brasil-ja-tem-mais-de-70-milhoes-de-vacinados-com-a-primeira-dose\">Brasil j\u00e1 tem mais de 70 milh\u00f5es de vacinados com a primeira dose<\/a><\/p>\n","protected":false},"excerpt":{"rendered":"<p>O Santos derrotou o Atl\u00e9tico-MG por 2 a 0, na noite do domingo (27) no est\u00e1dio da Vila Belmiro, e assumiu a 6\u00aa posi\u00e7\u00e3o do Campeonato Brasileiro com 11 pontos. Com o rev\u00e9s na partida da 7\u00aa rodada da competi\u00e7\u00e3o, o Galo ficou na 8\u00aa posi\u00e7\u00e3o com 10 pontos. Ap\u00f3s um primeiro tempo sem gols, &hellip;<\/p>\n","protected":false},"author":5,"featured_media":10676,"comment_status":"open","ping_status":"closed","sticky":false,"template":"","format":"standard","meta":{"footnotes":""},"categories":[35,180],"tags":[26539,26538,26537,18161,26540],"class_list":["post-10674","post","type-post","status-publish","format-standard","has-post-thumbnail","hentry","category-esporte","category-santos","tag-resultado-santos","tag-santos-no-brasileirao","tag-santos-sobe-na-tabela","tag-santos-vence","tag-santos-vence-atletico"],"yoast_head":"<!-- This site is optimized with the Yoast SEO plugin v27.4 - https:\/\/yoast.com\/product\/yoast-seo-wordpress\/ -->\n<title>Santos vence o Atl\u00e9tico-MG por 2 a 0 na Vila Belmiro - Litoral SP<\/title>\n<meta name=\"description\" content=\"O Santos derrotou o Atl\u00e9tico-MG por 2 a 0, na noite do domingo (27) no est\u00e1dio da Vila Belmiro, e assumiu a 6\u00aa posi\u00e7\u00e3o do Campeonato Brasileiro com\" \/>\n<meta name=\"robots\" content=\"index, follow, max-snippet:-1, max-image-preview:large, max-video-preview:-1\" \/>\n<link rel=\"canonical\" href=\"https:\/\/redenoticiaz.com.br\/litoralsp\/2021\/06\/28\/santos-vence-o-atletico-mg-por-2-a-0-na-vila-belmiro\" \/>\n<meta property=\"og:locale\" content=\"pt_BR\" \/>\n<meta property=\"og:type\" content=\"article\" \/>\n<meta property=\"og:title\" content=\"Santos vence o Atl\u00e9tico-MG por 2 a 0 na Vila Belmiro - Litoral SP\" \/>\n<meta property=\"og:description\" content=\"O Santos derrotou o Atl\u00e9tico-MG por 2 a 0, na noite do domingo (27) no est\u00e1dio da Vila Belmiro, e assumiu a 6\u00aa posi\u00e7\u00e3o do Campeonato Brasileiro com\" \/>\n<meta property=\"og:url\" content=\"https:\/\/redenoticiaz.com.br\/litoralsp\/2021\/06\/28\/santos-vence-o-atletico-mg-por-2-a-0-na-vila-belmiro\" \/>\n<meta property=\"og:site_name\" content=\"Litoral SP\" \/>\n<meta property=\"article:published_time\" content=\"2021-06-28T09:38:57+00:00\" \/>\n<meta property=\"og:image\" content=\"https:\/\/redenoticiaz.com.br\/litoralsp\/wp-content\/uploads\/sites\/3\/2021\/06\/santos.jpg\" \/>\n\t<meta property=\"og:image:width\" content=\"1170\" \/>\n\t<meta property=\"og:image:height\" content=\"700\" \/>\n\t<meta property=\"og:image:type\" content=\"image\/jpeg\" \/>\n<meta name=\"author\" content=\"Patr\u00edcia Prado\" \/>\n<meta name=\"twitter:card\" content=\"summary_large_image\" \/>\n<meta name=\"twitter:label1\" content=\"Escrito por\" \/>\n\t<meta name=\"twitter:data1\" content=\"Patr\u00edcia Prado\" \/>\n\t<meta name=\"twitter:label2\" content=\"Est. tempo de leitura\" \/>\n\t<meta name=\"twitter:data2\" content=\"1 minuto\" \/>\n<script type=\"application\/ld+json\" class=\"yoast-schema-graph\">{\"@context\":\"https:\\\/\\\/schema.org\",\"@graph\":[{\"@type\":\"Article\",\"@id\":\"https:\\\/\\\/redenoticiaz.com.br\\\/litoralsp\\\/2021\\\/06\\\/28\\\/santos-vence-o-atletico-mg-por-2-a-0-na-vila-belmiro#article\",\"isPartOf\":{\"@id\":\"https:\\\/\\\/redenoticiaz.com.br\\\/litoralsp\\\/2021\\\/06\\\/28\\\/santos-vence-o-atletico-mg-por-2-a-0-na-vila-belmiro\"},\"author\":{\"name\":\"Patr\u00edcia Prado\",\"@id\":\"https:\\\/\\\/redenoticiaz.com.br\\\/litoralsp\\\/#\\\/schema\\\/person\\\/e1b0bd8c2637e2c1b6ddcbc2c33b116f\"},\"headline\":\"Santos vence o Atl\u00e9tico-MG por 2 a 0 na Vila Belmiro\",\"datePublished\":\"2021-06-28T09:38:57+00:00\",\"mainEntityOfPage\":{\"@id\":\"https:\\\/\\\/redenoticiaz.com.br\\\/litoralsp\\\/2021\\\/06\\\/28\\\/santos-vence-o-atletico-mg-por-2-a-0-na-vila-belmiro\"},\"wordCount\":158,\"commentCount\":0,\"publisher\":{\"@id\":\"https:\\\/\\\/redenoticiaz.com.br\\\/litoralsp\\\/#organization\"},\"image\":{\"@id\":\"https:\\\/\\\/redenoticiaz.com.br\\\/litoralsp\\\/2021\\\/06\\\/28\\\/santos-vence-o-atletico-mg-por-2-a-0-na-vila-belmiro#primaryimage\"},\"thumbnailUrl\":\"https:\\\/\\\/redenoticiaz.com.br\\\/litoralsp\\\/wp-content\\\/uploads\\\/sites\\\/3\\\/2021\\\/06\\\/santos.jpg\",\"keywords\":[\"RESULTADO SANTOS\",\"SANTOS NO BRASILEIR\u00c3O\",\"SANTOS SOBE NA TABELA\",\"SANTOS VENCE\",\"SANTOS VENCE ATL\u00c9TICO\"],\"articleSection\":[\"Esporte\",\"Santos\"],\"inLanguage\":\"pt-BR\",\"potentialAction\":[{\"@type\":\"CommentAction\",\"name\":\"Comment\",\"target\":[\"https:\\\/\\\/redenoticiaz.com.br\\\/litoralsp\\\/2021\\\/06\\\/28\\\/santos-vence-o-atletico-mg-por-2-a-0-na-vila-belmiro#respond\"]}]},{\"@type\":\"WebPage\",\"@id\":\"https:\\\/\\\/redenoticiaz.com.br\\\/litoralsp\\\/2021\\\/06\\\/28\\\/santos-vence-o-atletico-mg-por-2-a-0-na-vila-belmiro\",\"url\":\"https:\\\/\\\/redenoticiaz.com.br\\\/litoralsp\\\/2021\\\/06\\\/28\\\/santos-vence-o-atletico-mg-por-2-a-0-na-vila-belmiro\",\"name\":\"Santos vence o Atl\u00e9tico-MG por 2 a 0 na Vila Belmiro - Litoral SP\",\"isPartOf\":{\"@id\":\"https:\\\/\\\/redenoticiaz.com.br\\\/litoralsp\\\/#website\"},\"primaryImageOfPage\":{\"@id\":\"https:\\\/\\\/redenoticiaz.com.br\\\/litoralsp\\\/2021\\\/06\\\/28\\\/santos-vence-o-atletico-mg-por-2-a-0-na-vila-belmiro#primaryimage\"},\"image\":{\"@id\":\"https:\\\/\\\/redenoticiaz.com.br\\\/litoralsp\\\/2021\\\/06\\\/28\\\/santos-vence-o-atletico-mg-por-2-a-0-na-vila-belmiro#primaryimage\"},\"thumbnailUrl\":\"https:\\\/\\\/redenoticiaz.com.br\\\/litoralsp\\\/wp-content\\\/uploads\\\/sites\\\/3\\\/2021\\\/06\\\/santos.jpg\",\"datePublished\":\"2021-06-28T09:38:57+00:00\",\"description\":\"O Santos derrotou o Atl\u00e9tico-MG por 2 a 0, na noite do domingo (27) no est\u00e1dio da Vila Belmiro, e assumiu a 6\u00aa posi\u00e7\u00e3o do Campeonato Brasileiro com\",\"inLanguage\":\"pt-BR\",\"potentialAction\":[{\"@type\":\"ReadAction\",\"target\":[\"https:\\\/\\\/redenoticiaz.com.br\\\/litoralsp\\\/2021\\\/06\\\/28\\\/santos-vence-o-atletico-mg-por-2-a-0-na-vila-belmiro\"]}]},{\"@type\":\"ImageObject\",\"inLanguage\":\"pt-BR\",\"@id\":\"https:\\\/\\\/redenoticiaz.com.br\\\/litoralsp\\\/2021\\\/06\\\/28\\\/santos-vence-o-atletico-mg-por-2-a-0-na-vila-belmiro#primaryimage\",\"url\":\"https:\\\/\\\/redenoticiaz.com.br\\\/litoralsp\\\/wp-content\\\/uploads\\\/sites\\\/3\\\/2021\\\/06\\\/santos.jpg\",\"contentUrl\":\"https:\\\/\\\/redenoticiaz.com.br\\\/litoralsp\\\/wp-content\\\/uploads\\\/sites\\\/3\\\/2021\\\/06\\\/santos.jpg\",\"width\":1170,\"height\":700,\"caption\":\"cr\u00e9dito foto - Ivan Sartori\"},{\"@type\":\"WebSite\",\"@id\":\"https:\\\/\\\/redenoticiaz.com.br\\\/litoralsp\\\/#website\",\"url\":\"https:\\\/\\\/redenoticiaz.com.br\\\/litoralsp\\\/\",\"name\":\"Litoral SP\",\"description\":\"Rede NoticiaZ\",\"publisher\":{\"@id\":\"https:\\\/\\\/redenoticiaz.com.br\\\/litoralsp\\\/#organization\"},\"potentialAction\":[{\"@type\":\"SearchAction\",\"target\":{\"@type\":\"EntryPoint\",\"urlTemplate\":\"https:\\\/\\\/redenoticiaz.com.br\\\/litoralsp\\\/?s={search_term_string}\"},\"query-input\":{\"@type\":\"PropertyValueSpecification\",\"valueRequired\":true,\"valueName\":\"search_term_string\"}}],\"inLanguage\":\"pt-BR\"},{\"@type\":\"Organization\",\"@id\":\"https:\\\/\\\/redenoticiaz.com.br\\\/litoralsp\\\/#organization\",\"name\":\"Litoral SP\",\"url\":\"https:\\\/\\\/redenoticiaz.com.br\\\/litoralsp\\\/\",\"logo\":{\"@type\":\"ImageObject\",\"inLanguage\":\"pt-BR\",\"@id\":\"https:\\\/\\\/redenoticiaz.com.br\\\/litoralsp\\\/#\\\/schema\\\/logo\\\/image\\\/\",\"url\":\"https:\\\/\\\/redenoticiaz.com.br\\\/litoralsp\\\/wp-content\\\/uploads\\\/sites\\\/3\\\/2020\\\/11\\\/logo.jpg\",\"contentUrl\":\"https:\\\/\\\/redenoticiaz.com.br\\\/litoralsp\\\/wp-content\\\/uploads\\\/sites\\\/3\\\/2020\\\/11\\\/logo.jpg\",\"width\":400,\"height\":250,\"caption\":\"Litoral SP\"},\"image\":{\"@id\":\"https:\\\/\\\/redenoticiaz.com.br\\\/litoralsp\\\/#\\\/schema\\\/logo\\\/image\\\/\"}},{\"@type\":\"Person\",\"@id\":\"https:\\\/\\\/redenoticiaz.com.br\\\/litoralsp\\\/#\\\/schema\\\/person\\\/e1b0bd8c2637e2c1b6ddcbc2c33b116f\",\"name\":\"Patr\u00edcia Prado\",\"image\":{\"@type\":\"ImageObject\",\"inLanguage\":\"pt-BR\",\"@id\":\"https:\\\/\\\/secure.gravatar.com\\\/avatar\\\/92e358bef22cfcec15e054ae4d9fee04dadf0c772dc4a17b382b8a34a15354c2?s=96&d=mm&r=g\",\"url\":\"https:\\\/\\\/secure.gravatar.com\\\/avatar\\\/92e358bef22cfcec15e054ae4d9fee04dadf0c772dc4a17b382b8a34a15354c2?s=96&d=mm&r=g\",\"contentUrl\":\"https:\\\/\\\/secure.gravatar.com\\\/avatar\\\/92e358bef22cfcec15e054ae4d9fee04dadf0c772dc4a17b382b8a34a15354c2?s=96&d=mm&r=g\",\"caption\":\"Patr\u00edcia Prado\"},\"url\":\"https:\\\/\\\/redenoticiaz.com.br\\\/litoralsp\\\/author\\\/patricia-prado\"}]}<\/script>\n<!-- \/ Yoast SEO plugin. -->","yoast_head_json":{"title":"Santos vence o Atl\u00e9tico-MG por 2 a 0 na Vila Belmiro - Litoral SP","description":"O Santos derrotou o Atl\u00e9tico-MG por 2 a 0, na noite do domingo (27) no est\u00e1dio da Vila Belmiro, e assumiu a 6\u00aa posi\u00e7\u00e3o do Campeonato Brasileiro com","robots":{"index":"index","follow":"follow","max-snippet":"max-snippet:-1","max-image-preview":"max-image-preview:large","max-video-preview":"max-video-preview:-1"},"canonical":"https:\/\/redenoticiaz.com.br\/litoralsp\/2021\/06\/28\/santos-vence-o-atletico-mg-por-2-a-0-na-vila-belmiro","og_locale":"pt_BR","og_type":"article","og_title":"Santos vence o Atl\u00e9tico-MG por 2 a 0 na Vila Belmiro - Litoral SP","og_description":"O Santos derrotou o Atl\u00e9tico-MG por 2 a 0, na noite do domingo (27) no est\u00e1dio da Vila Belmiro, e assumiu a 6\u00aa posi\u00e7\u00e3o do Campeonato Brasileiro com","og_url":"https:\/\/redenoticiaz.com.br\/litoralsp\/2021\/06\/28\/santos-vence-o-atletico-mg-por-2-a-0-na-vila-belmiro","og_site_name":"Litoral SP","article_published_time":"2021-06-28T09:38:57+00:00","og_image":[{"width":1170,"height":700,"url":"https:\/\/redenoticiaz.com.br\/litoralsp\/wp-content\/uploads\/sites\/3\/2021\/06\/santos.jpg","type":"image\/jpeg"}],"author":"Patr\u00edcia Prado","twitter_card":"summary_large_image","twitter_misc":{"Escrito por":"Patr\u00edcia Prado","Est. tempo de leitura":"1 minuto"},"schema":{"@context":"https:\/\/schema.org","@graph":[{"@type":"Article","@id":"https:\/\/redenoticiaz.com.br\/litoralsp\/2021\/06\/28\/santos-vence-o-atletico-mg-por-2-a-0-na-vila-belmiro#article","isPartOf":{"@id":"https:\/\/redenoticiaz.com.br\/litoralsp\/2021\/06\/28\/santos-vence-o-atletico-mg-por-2-a-0-na-vila-belmiro"},"author":{"name":"Patr\u00edcia Prado","@id":"https:\/\/redenoticiaz.com.br\/litoralsp\/#\/schema\/person\/e1b0bd8c2637e2c1b6ddcbc2c33b116f"},"headline":"Santos vence o Atl\u00e9tico-MG por 2 a 0 na Vila Belmiro","datePublished":"2021-06-28T09:38:57+00:00","mainEntityOfPage":{"@id":"https:\/\/redenoticiaz.com.br\/litoralsp\/2021\/06\/28\/santos-vence-o-atletico-mg-por-2-a-0-na-vila-belmiro"},"wordCount":158,"commentCount":0,"publisher":{"@id":"https:\/\/redenoticiaz.com.br\/litoralsp\/#organization"},"image":{"@id":"https:\/\/redenoticiaz.com.br\/litoralsp\/2021\/06\/28\/santos-vence-o-atletico-mg-por-2-a-0-na-vila-belmiro#primaryimage"},"thumbnailUrl":"https:\/\/redenoticiaz.com.br\/litoralsp\/wp-content\/uploads\/sites\/3\/2021\/06\/santos.jpg","keywords":["RESULTADO SANTOS","SANTOS NO BRASILEIR\u00c3O","SANTOS SOBE NA TABELA","SANTOS VENCE","SANTOS VENCE ATL\u00c9TICO"],"articleSection":["Esporte","Santos"],"inLanguage":"pt-BR","potentialAction":[{"@type":"CommentAction","name":"Comment","target":["https:\/\/redenoticiaz.com.br\/litoralsp\/2021\/06\/28\/santos-vence-o-atletico-mg-por-2-a-0-na-vila-belmiro#respond"]}]},{"@type":"WebPage","@id":"https:\/\/redenoticiaz.com.br\/litoralsp\/2021\/06\/28\/santos-vence-o-atletico-mg-por-2-a-0-na-vila-belmiro","url":"https:\/\/redenoticiaz.com.br\/litoralsp\/2021\/06\/28\/santos-vence-o-atletico-mg-por-2-a-0-na-vila-belmiro","name":"Santos vence o Atl\u00e9tico-MG por 2 a 0 na Vila Belmiro - Litoral SP","isPartOf":{"@id":"https:\/\/redenoticiaz.com.br\/litoralsp\/#website"},"primaryImageOfPage":{"@id":"https:\/\/redenoticiaz.com.br\/litoralsp\/2021\/06\/28\/santos-vence-o-atletico-mg-por-2-a-0-na-vila-belmiro#primaryimage"},"image":{"@id":"https:\/\/redenoticiaz.com.br\/litoralsp\/2021\/06\/28\/santos-vence-o-atletico-mg-por-2-a-0-na-vila-belmiro#primaryimage"},"thumbnailUrl":"https:\/\/redenoticiaz.com.br\/litoralsp\/wp-content\/uploads\/sites\/3\/2021\/06\/santos.jpg","datePublished":"2021-06-28T09:38:57+00:00","description":"O Santos derrotou o Atl\u00e9tico-MG por 2 a 0, na noite do domingo (27) no est\u00e1dio da Vila Belmiro, e assumiu a 6\u00aa posi\u00e7\u00e3o do Campeonato Brasileiro com","inLanguage":"pt-BR","potentialAction":[{"@type":"ReadAction","target":["https:\/\/redenoticiaz.com.br\/litoralsp\/2021\/06\/28\/santos-vence-o-atletico-mg-por-2-a-0-na-vila-belmiro"]}]},{"@type":"ImageObject","inLanguage":"pt-BR","@id":"https:\/\/redenoticiaz.com.br\/litoralsp\/2021\/06\/28\/santos-vence-o-atletico-mg-por-2-a-0-na-vila-belmiro#primaryimage","url":"https:\/\/redenoticiaz.com.br\/litoralsp\/wp-content\/uploads\/sites\/3\/2021\/06\/santos.jpg","contentUrl":"https:\/\/redenoticiaz.com.br\/litoralsp\/wp-content\/uploads\/sites\/3\/2021\/06\/santos.jpg","width":1170,"height":700,"caption":"cr\u00e9dito foto - Ivan Sartori"},{"@type":"WebSite","@id":"https:\/\/redenoticiaz.com.br\/litoralsp\/#website","url":"https:\/\/redenoticiaz.com.br\/litoralsp\/","name":"Litoral SP","description":"Rede NoticiaZ","publisher":{"@id":"https:\/\/redenoticiaz.com.br\/litoralsp\/#organization"},"potentialAction":[{"@type":"SearchAction","target":{"@type":"EntryPoint","urlTemplate":"https:\/\/redenoticiaz.com.br\/litoralsp\/?s={search_term_string}"},"query-input":{"@type":"PropertyValueSpecification","valueRequired":true,"valueName":"search_term_string"}}],"inLanguage":"pt-BR"},{"@type":"Organization","@id":"https:\/\/redenoticiaz.com.br\/litoralsp\/#organization","name":"Litoral SP","url":"https:\/\/redenoticiaz.com.br\/litoralsp\/","logo":{"@type":"ImageObject","inLanguage":"pt-BR","@id":"https:\/\/redenoticiaz.com.br\/litoralsp\/#\/schema\/logo\/image\/","url":"https:\/\/redenoticiaz.com.br\/litoralsp\/wp-content\/uploads\/sites\/3\/2020\/11\/logo.jpg","contentUrl":"https:\/\/redenoticiaz.com.br\/litoralsp\/wp-content\/uploads\/sites\/3\/2020\/11\/logo.jpg","width":400,"height":250,"caption":"Litoral SP"},"image":{"@id":"https:\/\/redenoticiaz.com.br\/litoralsp\/#\/schema\/logo\/image\/"}},{"@type":"Person","@id":"https:\/\/redenoticiaz.com.br\/litoralsp\/#\/schema\/person\/e1b0bd8c2637e2c1b6ddcbc2c33b116f","name":"Patr\u00edcia Prado","image":{"@type":"ImageObject","inLanguage":"pt-BR","@id":"https:\/\/secure.gravatar.com\/avatar\/92e358bef22cfcec15e054ae4d9fee04dadf0c772dc4a17b382b8a34a15354c2?s=96&d=mm&r=g","url":"https:\/\/secure.gravatar.com\/avatar\/92e358bef22cfcec15e054ae4d9fee04dadf0c772dc4a17b382b8a34a15354c2?s=96&d=mm&r=g","contentUrl":"https:\/\/secure.gravatar.com\/avatar\/92e358bef22cfcec15e054ae4d9fee04dadf0c772dc4a17b382b8a34a15354c2?s=96&d=mm&r=g","caption":"Patr\u00edcia Prado"},"url":"https:\/\/redenoticiaz.com.br\/litoralsp\/author\/patricia-prado"}]}},"_links":{"self":[{"href":"https:\/\/redenoticiaz.com.br\/litoralsp\/wp-json\/wp\/v2\/posts\/10674","targetHints":{"allow":["GET"]}}],"collection":[{"href":"https:\/\/redenoticiaz.com.br\/litoralsp\/wp-json\/wp\/v2\/posts"}],"about":[{"href":"https:\/\/redenoticiaz.com.br\/litoralsp\/wp-json\/wp\/v2\/types\/post"}],"author":[{"embeddable":true,"href":"https:\/\/redenoticiaz.com.br\/litoralsp\/wp-json\/wp\/v2\/users\/5"}],"replies":[{"embeddable":true,"href":"https:\/\/redenoticiaz.com.br\/litoralsp\/wp-json\/wp\/v2\/comments?post=10674"}],"version-history":[{"count":1,"href":"https:\/\/redenoticiaz.com.br\/litoralsp\/wp-json\/wp\/v2\/posts\/10674\/revisions"}],"predecessor-version":[{"id":10677,"href":"https:\/\/redenoticiaz.com.br\/litoralsp\/wp-json\/wp\/v2\/posts\/10674\/revisions\/10677"}],"wp:featuredmedia":[{"embeddable":true,"href":"https:\/\/redenoticiaz.com.br\/litoralsp\/wp-json\/wp\/v2\/media\/10676"}],"wp:attachment":[{"href":"https:\/\/redenoticiaz.com.br\/litoralsp\/wp-json\/wp\/v2\/media?parent=10674"}],"wp:term":[{"taxonomy":"category","embeddable":true,"href":"https:\/\/redenoticiaz.com.br\/litoralsp\/wp-json\/wp\/v2\/categories?post=10674"},{"taxonomy":"post_tag","embeddable":true,"href":"https:\/\/redenoticiaz.com.br\/litoralsp\/wp-json\/wp\/v2\/tags?post=10674"}],"curies":[{"name":"wp","href":"https:\/\/api.w.org\/{rel}","templated":true}]}}